{"id":23914,"date":"2025-10-01T10:38:03","date_gmt":"2025-10-01T10:38:03","guid":{"rendered":"https:\/\/www.latribunedufaso.net\/?p=23914"},"modified":"2025-12-17T17:56:36","modified_gmt":"2025-12-17T17:56:36","slug":"ouagadougou-culture-clap-de-fin-pour-la-semaine-regionale-de-la-culture-du-kadiogo-2025","status":"publish","type":"post","link":"https:\/\/www.latribunedufaso.net\/?p=23914","title":{"rendered":"Ouagadougou\/Culture : Clap de fin pour la Semaine r\u00e9gionale de la culture du Kadiogo 2025"},"content":{"rendered":"<p><strong>La Semaine r\u00e9gionale de la culture (SRC) du Kadiogo a referm\u00e9 ses portes dans la soir\u00e9e du 30 septembre 2025 au Palais de la jeunesse Jean Pierre Guingan\u00e9 de Ouagadougou. Lanc\u00e9e le 28 septembre, cette rencontre culturelle a offert aux habitants de la capitale trois jours de d\u00e9couvertes et de c\u00e9l\u00e9bration autour du patrimoine artistique et culturel de la r\u00e9gion.<\/strong><!--more--><\/p>\n<p>Durant ces journ\u00e9es, 530 artistes ont rivalis\u00e9 dans plusieurs disciplines, notamment l\u2019art culinaire, l\u2019art plastique, le sport traditionnel et l\u2019art du spectacle. L\u2019objectif de la SRC \u00e9tait de pr\u00e9s\u00e9lectionner les talents qui repr\u00e9senteront la r\u00e9gion \u00e0 la prochaine Semaine nationale de la culture (SNC), pr\u00e9vue \u00e0 Bobo-Dioulasso du 25 avril au 2 mai 2026, autour du th\u00e8me :<em><strong> \u00ab Culture, jeunesse et transmission des valeurs sociales \u00bb.<\/strong><\/em><\/p>\n<figure id=\"attachment_23918\" aria-describedby=\"caption-attachment-23918\" style=\"width: 1080px\" class=\"wp-caption aligncenter\"><a href=\"https:\/\/www.latribunedufaso.net\/wp-content\/uploads\/2025\/10\/IMG-20251001-WA0087.jpg\"><img loading=\"lazy\" decoding=\"async\" class=\"size-full wp-image-23918\" src=\"https:\/\/www.latribunedufaso.net\/wp-content\/uploads\/2025\/10\/IMG-20251001-WA0087.jpg\" alt=\"C\u00e9r\u00e9monie de cl\u00f4ture de la Semaine r\u00e9gionale de la culture du Kadiogo 2025, 30 septembre 2025\" width=\"1080\" height=\"720\" srcset=\"https:\/\/www.latribunedufaso.net\/wp-content\/uploads\/2025\/10\/IMG-20251001-WA0087.jpg 1080w, https:\/\/www.latribunedufaso.net\/wp-content\/uploads\/2025\/10\/IMG-20251001-WA0087-300x200.jpg 300w, https:\/\/www.latribunedufaso.net\/wp-content\/uploads\/2025\/10\/IMG-20251001-WA0087-1024x683.jpg 1024w, https:\/\/www.latribunedufaso.net\/wp-content\/uploads\/2025\/10\/IMG-20251001-WA0087-768x512.jpg 768w, https:\/\/www.latribunedufaso.net\/wp-content\/uploads\/2025\/10\/IMG-20251001-WA0087-840x560.jpg 840w, https:\/\/www.latribunedufaso.net\/wp-content\/uploads\/2025\/10\/IMG-20251001-WA0087-120x80.jpg 120w, https:\/\/www.latribunedufaso.net\/wp-content\/uploads\/2025\/10\/IMG-20251001-WA0087-360x240.jpg 360w, https:\/\/www.latribunedufaso.net\/wp-content\/uploads\/2025\/10\/IMG-20251001-WA0087-600x400.jpg 600w\" sizes=\"auto, (max-width: 1080px) 100vw, 1080px\" \/><\/a><figcaption id=\"caption-attachment-23918\" class=\"wp-caption-text\">Une vue des autorit\u00e9s lors de la c\u00e9r\u00e9monie &#8211; Ph. DR<\/figcaption><\/figure>\n<p>La c\u00e9r\u00e9monie de cl\u00f4ture a \u00e9t\u00e9 pr\u00e9sid\u00e9e par le gouverneur du Kadiogo, Abdoulaye Bassinga, \u00e9galement pr\u00e9sident du comit\u00e9 r\u00e9gional d\u2019organisation. Dans son discours, il a salu\u00e9 l\u2019engagement et le talent des participants, rappelant que la culture constitue une source de fiert\u00e9, d\u2019unit\u00e9 et de r\u00e9silience pour la r\u00e9gion et la nation. <em><strong>\u00ab Ces derniers jours ont \u00e9t\u00e9 un v\u00e9ritable festival de cr\u00e9ativit\u00e9, de talent et de diversit\u00e9 culturelle[\u2026]Vous \u00eates un exemple vivant de ce que notre culture peut inspirer et accomplir \u00bb,<\/strong><\/em> a-t-il d\u00e9clar\u00e9.<\/p>\n<figure id=\"attachment_23917\" aria-describedby=\"caption-attachment-23917\" style=\"width: 1080px\" class=\"wp-caption aligncenter\"><a href=\"https:\/\/www.latribunedufaso.net\/wp-content\/uploads\/2025\/10\/IMG-20251001-WA0086.jpg\"><img loading=\"lazy\" decoding=\"async\" class=\"size-full wp-image-23917\" src=\"https:\/\/www.latribunedufaso.net\/wp-content\/uploads\/2025\/10\/IMG-20251001-WA0086.jpg\" alt=\"C\u00e9r\u00e9monie de cl\u00f4ture de la Semaine r\u00e9gionale de la culture du Kadiogo 2025, 30 septembre 2025\" width=\"1080\" height=\"720\" srcset=\"https:\/\/www.latribunedufaso.net\/wp-content\/uploads\/2025\/10\/IMG-20251001-WA0086.jpg 1080w, https:\/\/www.latribunedufaso.net\/wp-content\/uploads\/2025\/10\/IMG-20251001-WA0086-300x200.jpg 300w, https:\/\/www.latribunedufaso.net\/wp-content\/uploads\/2025\/10\/IMG-20251001-WA0086-1024x683.jpg 1024w, https:\/\/www.latribunedufaso.net\/wp-content\/uploads\/2025\/10\/IMG-20251001-WA0086-768x512.jpg 768w, https:\/\/www.latribunedufaso.net\/wp-content\/uploads\/2025\/10\/IMG-20251001-WA0086-840x560.jpg 840w, https:\/\/www.latribunedufaso.net\/wp-content\/uploads\/2025\/10\/IMG-20251001-WA0086-120x80.jpg 120w, https:\/\/www.latribunedufaso.net\/wp-content\/uploads\/2025\/10\/IMG-20251001-WA0086-360x240.jpg 360w, https:\/\/www.latribunedufaso.net\/wp-content\/uploads\/2025\/10\/IMG-20251001-WA0086-600x400.jpg 600w\" sizes=\"auto, (max-width: 1080px) 100vw, 1080px\" \/><\/a><figcaption id=\"caption-attachment-23917\" class=\"wp-caption-text\">Une vue des participants \u00e0 la c\u00e9r\u00e9monie &#8211; Ph. DR<\/figcaption><\/figure>\n<p>La cl\u00f4ture a \u00e9galement \u00e9t\u00e9 marqu\u00e9e par la proclamation des r\u00e9sultats et la remise de v\u00e9los aux laur\u00e9ates de la course cycliste f\u00e9minine, un moment symbolique r\u00e9compensant l\u2019excellence et l\u2019engagement des participants. Le gouverneur a encourag\u00e9 les artistes retenus \u00e0 travailler davantage pour <em><strong>\u00ab ramener \u00e0 la r\u00e9gion du Kadiogo, le plus grand nombre de troph\u00e9es possibles, comme cela a \u00e9t\u00e9 le cas dans les ann\u00e9es ant\u00e9rieures \u00bb.<\/strong><\/em><\/p>\n<blockquote>\n<p>Lire aussi &gt;&gt; <a href=\"https:\/\/www.latribunedufaso.net\/?p=23836\">Semaine r\u00e9gionale de la culture du Kadiogo : 583 artistes en comp\u00e9tition pour repr\u00e9senter la r\u00e9gion \u00e0 la SNC Bobo 2026<\/a><\/p>\n<\/blockquote>\n<p><iframe loading=\"lazy\" width=\"560\" height=\"315\" src=\"https:\/\/www.youtube.com\/embed\/PgyfwT_exlM?si=kXI56gQ8W07ua3lE\" title=\"YouTube video player\" frameborder=\"0\" allow=\"accelerometer; autoplay; clipboard-write; encrypted-media; gyroscope; picture-in-picture; web-share\" referrerpolicy=\"strict-origin-when-cross-origin\" allowfullscreen><\/iframe><\/p>\n<p>Ainsi, la SRC du Kadiogo 2025 s\u2019ach\u00e8ve sur une note de c\u00e9l\u00e9bration et de transmission des valeurs culturelles, laissant esp\u00e9rer que ces jeunes talents continueront \u00e0 faire rayonner la culture de la r\u00e9gion sur la sc\u00e8ne .\u00a0<\/p>\n<p><strong>Nabintou OUATTARA\u00a0<\/strong><\/p>\n<p><strong>Latribunedufaso.net<\/strong><\/p>\n<p><a href=\"https:\/\/www.latribunedufaso.net\/wp-content\/uploads\/2025\/10\/IMG-20251001-WA0090.jpg\"><img loading=\"lazy\" decoding=\"async\" class=\"aligncenter size-full wp-image-23919\" src=\"https:\/\/www.latribunedufaso.net\/wp-content\/uploads\/2025\/10\/IMG-20251001-WA0090.jpg\" alt=\"C\u00e9r\u00e9monie de cl\u00f4ture de la Semaine r\u00e9gionale de la culture du Kadiogo 2025, 30 septembre 2025\" width=\"2560\" height=\"1919\" srcset=\"https:\/\/www.latribunedufaso.net\/wp-content\/uploads\/2025\/10\/IMG-20251001-WA0090.jpg 2560w, https:\/\/www.latribunedufaso.net\/wp-content\/uploads\/2025\/10\/IMG-20251001-WA0090-300x225.jpg 300w, https:\/\/www.latribunedufaso.net\/wp-content\/uploads\/2025\/10\/IMG-20251001-WA0090-1024x768.jpg 1024w, https:\/\/www.latribunedufaso.net\/wp-content\/uploads\/2025\/10\/IMG-20251001-WA0090-768x576.jpg 768w, https:\/\/www.latribunedufaso.net\/wp-content\/uploads\/2025\/10\/IMG-20251001-WA0090-1536x1151.jpg 1536w, https:\/\/www.latribunedufaso.net\/wp-content\/uploads\/2025\/10\/IMG-20251001-WA0090-2048x1535.jpg 2048w\" sizes=\"auto, (max-width: 2560px) 100vw, 2560px\" \/><\/a><a href=\"https:\/\/www.latribunedufaso.net\/wp-content\/uploads\/2025\/10\/IMG-20251001-WA0085.jpg\"><img loading=\"lazy\" decoding=\"async\" class=\"aligncenter size-full wp-image-23916\" src=\"https:\/\/www.latribunedufaso.net\/wp-content\/uploads\/2025\/10\/IMG-20251001-WA0085.jpg\" alt=\"C\u00e9r\u00e9monie de cl\u00f4ture de la Semaine r\u00e9gionale de la culture du Kadiogo 2025, 30 septembre 2025\" width=\"1080\" height=\"720\" srcset=\"https:\/\/www.latribunedufaso.net\/wp-content\/uploads\/2025\/10\/IMG-20251001-WA0085.jpg 1080w, https:\/\/www.latribunedufaso.net\/wp-content\/uploads\/2025\/10\/IMG-20251001-WA0085-300x200.jpg 300w, https:\/\/www.latribunedufaso.net\/wp-content\/uploads\/2025\/10\/IMG-20251001-WA0085-1024x683.jpg 1024w, https:\/\/www.latribunedufaso.net\/wp-content\/uploads\/2025\/10\/IMG-20251001-WA0085-768x512.jpg 768w, https:\/\/www.latribunedufaso.net\/wp-content\/uploads\/2025\/10\/IMG-20251001-WA0085-840x560.jpg 840w, https:\/\/www.latribunedufaso.net\/wp-content\/uploads\/2025\/10\/IMG-20251001-WA0085-120x80.jpg 120w, https:\/\/www.latribunedufaso.net\/wp-content\/uploads\/2025\/10\/IMG-20251001-WA0085-360x240.jpg 360w, https:\/\/www.latribunedufaso.net\/wp-content\/uploads\/2025\/10\/IMG-20251001-WA0085-600x400.jpg 600w\" sizes=\"auto, (max-width: 1080px) 100vw, 1080px\" \/><\/a><\/p>\n<p><a href=\"https:\/\/www.latribunedufaso.net\/wp-content\/uploads\/2025\/10\/IMG-20251001-WA0093.jpg\"><img loading=\"lazy\" decoding=\"async\" class=\"size-full wp-image-23920\" src=\"https:\/\/www.latribunedufaso.net\/wp-content\/uploads\/2025\/10\/IMG-20251001-WA0093.jpg\" alt=\"C\u00e9r\u00e9monie de cl\u00f4ture de la Semaine r\u00e9gionale de la culture du Kadiogo 2025, 30 septembre 2025\" width=\"2560\" height=\"1440\" srcset=\"https:\/\/www.latribunedufaso.net\/wp-content\/uploads\/2025\/10\/IMG-20251001-WA0093.jpg 2560w, https:\/\/www.latribunedufaso.net\/wp-content\/uploads\/2025\/10\/IMG-20251001-WA0093-300x169.jpg 300w, https:\/\/www.latribunedufaso.net\/wp-content\/uploads\/2025\/10\/IMG-20251001-WA0093-1024x576.jpg 1024w, https:\/\/www.latribunedufaso.net\/wp-content\/uploads\/2025\/10\/IMG-20251001-WA0093-768x432.jpg 768w, https:\/\/www.latribunedufaso.net\/wp-content\/uploads\/2025\/10\/IMG-20251001-WA0093-1536x864.jpg 1536w, https:\/\/www.latribunedufaso.net\/wp-content\/uploads\/2025\/10\/IMG-20251001-WA0093-2048x1152.jpg 2048w\" sizes=\"auto, (max-width: 2560px) 100vw, 2560px\" \/><\/a><\/p>\n","protected":false},"excerpt":{"rendered":"<p>La Semaine r\u00e9gionale de la culture (SRC) du Kadiogo a referm\u00e9 ses portes dans la soir\u00e9e du 30 septembre 2025 au Palais de la jeunesse Jean Pierre Guingan\u00e9 de Ouagadougou. Lanc\u00e9e le 28 septembre, cette rencontre culturelle a offert aux habitants de la capitale trois jours de d\u00e9couvertes et de c\u00e9l\u00e9bration autour du patrimoine artistique et culturel de la r\u00e9gion.<\/p>\n","protected":false},"author":5,"featured_media":23915,"comment_status":"open","ping_status":"open","sticky":false,"template":"","format":"standard","meta":{"footnotes":""},"categories":[13,1,30],"tags":[137,39,1600,1599],"class_list":["post-23914","post","type-post","status-publish","format-standard","has-post-thumbnail","hentry","category-une","category-actu","category-art-et-culture","tag-culture","tag-latribunedufaso-net","tag-semaine-nationale-de-la-culture-snc","tag-semaine-regionale-de-la-culture-src"],"yoast_head":"<!-- This site is optimized with the Yoast SEO plugin v27.4 - https:\/\/yoast.com\/product\/yoast-seo-wordpress\/ -->\n<title>Ouagadougou\/Culture : Clap de fin pour la Semaine r\u00e9gionale de la culture du Kadiogo 2025 - La Tribune du Faso<\/title>\n<meta name=\"robots\" content=\"index, follow, max-snippet:-1, max-image-preview:large, max-video-preview:-1\" \/>\n<link rel=\"canonical\" href=\"https:\/\/www.latribunedufaso.net\/?p=23914\" \/>\n<meta property=\"og:locale\" content=\"fr_FR\" \/>\n<meta property=\"og:type\" content=\"article\" \/>\n<meta property=\"og:title\" content=\"Ouagadougou\/Culture : Clap de fin pour la Semaine r\u00e9gionale de la culture du Kadiogo 2025 - La Tribune du Faso\" \/>\n<meta property=\"og:description\" content=\"La Semaine r\u00e9gionale de la culture (SRC) du Kadiogo a referm\u00e9 ses portes dans la soir\u00e9e du 30 septembre 2025 au Palais de la jeunesse Jean Pierre Guingan\u00e9 de Ouagadougou. Lanc\u00e9e le 28 septembre, cette rencontre culturelle a offert aux habitants de la capitale trois jours de d\u00e9couvertes et de c\u00e9l\u00e9bration autour du patrimoine artistique et culturel de la r\u00e9gion.\" \/>\n<meta property=\"og:url\" content=\"https:\/\/www.latribunedufaso.net\/?p=23914\" \/>\n<meta property=\"og:site_name\" content=\"La Tribune du Faso\" \/>\n<meta property=\"article:publisher\" content=\"https:\/\/www.facebook.com\/LatribuneduFaso\/\" \/>\n<meta property=\"article:published_time\" content=\"2025-10-01T10:38:03+00:00\" \/>\n<meta property=\"article:modified_time\" content=\"2025-12-17T17:56:36+00:00\" \/>\n<meta property=\"og:image\" content=\"https:\/\/www.latribunedufaso.net\/wp-content\/uploads\/2025\/10\/IMG-20251001-WA0084.jpg\" \/>\n\t<meta property=\"og:image:width\" content=\"1080\" \/>\n\t<meta property=\"og:image:height\" content=\"720\" \/>\n\t<meta property=\"og:image:type\" content=\"image\/jpeg\" \/>\n<meta name=\"author\" content=\"Issouf Tapsoba\" \/>\n<meta name=\"twitter:label1\" content=\"\u00c9crit par\" \/>\n\t<meta name=\"twitter:data1\" content=\"Issouf Tapsoba\" \/>\n\t<meta name=\"twitter:label2\" content=\"Dur\u00e9e de lecture estim\u00e9e\" \/>\n\t<meta name=\"twitter:data2\" content=\"3 minutes\" \/>\n<script type=\"application\/ld+json\" class=\"yoast-schema-graph\">{\"@context\":\"https:\\\/\\\/schema.org\",\"@graph\":[{\"@type\":\"Article\",\"@id\":\"https:\\\/\\\/www.latribunedufaso.net\\\/?p=23914#article\",\"isPartOf\":{\"@id\":\"https:\\\/\\\/www.latribunedufaso.net\\\/?p=23914\"},\"author\":{\"name\":\"Issouf Tapsoba\",\"@id\":\"https:\\\/\\\/www.latribunedufaso.net\\\/#\\\/schema\\\/person\\\/e54e64c5778a7e72cf80a318b7a622b0\"},\"headline\":\"Ouagadougou\\\/Culture : Clap de fin pour la Semaine r\u00e9gionale de la culture du Kadiogo 2025\",\"datePublished\":\"2025-10-01T10:38:03+00:00\",\"dateModified\":\"2025-12-17T17:56:36+00:00\",\"mainEntityOfPage\":{\"@id\":\"https:\\\/\\\/www.latribunedufaso.net\\\/?p=23914\"},\"wordCount\":432,\"commentCount\":0,\"publisher\":{\"@id\":\"https:\\\/\\\/www.latribunedufaso.net\\\/#organization\"},\"image\":{\"@id\":\"https:\\\/\\\/www.latribunedufaso.net\\\/?p=23914#primaryimage\"},\"thumbnailUrl\":\"https:\\\/\\\/www.latribunedufaso.net\\\/wp-content\\\/uploads\\\/2025\\\/10\\\/IMG-20251001-WA0084.jpg\",\"keywords\":[\"culture\",\"latribunedufaso.net\",\"Semaine nationale de la culture (SNC)\",\"Semaine r\u00e9gionale de la culture (SRC)\"],\"articleSection\":[\"A la une\",\"Actualit\u00e9\",\"Art et Culture\"],\"inLanguage\":\"fr-FR\",\"potentialAction\":[{\"@type\":\"CommentAction\",\"name\":\"Comment\",\"target\":[\"https:\\\/\\\/www.latribunedufaso.net\\\/?p=23914#respond\"]}]},{\"@type\":\"WebPage\",\"@id\":\"https:\\\/\\\/www.latribunedufaso.net\\\/?p=23914\",\"url\":\"https:\\\/\\\/www.latribunedufaso.net\\\/?p=23914\",\"name\":\"Ouagadougou\\\/Culture : Clap de fin pour la Semaine r\u00e9gionale de la culture du Kadiogo 2025 - La Tribune du Faso\",\"isPartOf\":{\"@id\":\"https:\\\/\\\/www.latribunedufaso.net\\\/#website\"},\"primaryImageOfPage\":{\"@id\":\"https:\\\/\\\/www.latribunedufaso.net\\\/?p=23914#primaryimage\"},\"image\":{\"@id\":\"https:\\\/\\\/www.latribunedufaso.net\\\/?p=23914#primaryimage\"},\"thumbnailUrl\":\"https:\\\/\\\/www.latribunedufaso.net\\\/wp-content\\\/uploads\\\/2025\\\/10\\\/IMG-20251001-WA0084.jpg\",\"datePublished\":\"2025-10-01T10:38:03+00:00\",\"dateModified\":\"2025-12-17T17:56:36+00:00\",\"breadcrumb\":{\"@id\":\"https:\\\/\\\/www.latribunedufaso.net\\\/?p=23914#breadcrumb\"},\"inLanguage\":\"fr-FR\",\"potentialAction\":[{\"@type\":\"ReadAction\",\"target\":[\"https:\\\/\\\/www.latribunedufaso.net\\\/?p=23914\"]}]},{\"@type\":\"ImageObject\",\"inLanguage\":\"fr-FR\",\"@id\":\"https:\\\/\\\/www.latribunedufaso.net\\\/?p=23914#primaryimage\",\"url\":\"https:\\\/\\\/www.latribunedufaso.net\\\/wp-content\\\/uploads\\\/2025\\\/10\\\/IMG-20251001-WA0084.jpg\",\"contentUrl\":\"https:\\\/\\\/www.latribunedufaso.net\\\/wp-content\\\/uploads\\\/2025\\\/10\\\/IMG-20251001-WA0084.jpg\",\"width\":1080,\"height\":720,\"caption\":\"C\u00e9r\u00e9monie de cl\u00f4ture de la Semaine r\u00e9gionale de la culture du Kadiogo 2025, 30 septembre 2025\"},{\"@type\":\"BreadcrumbList\",\"@id\":\"https:\\\/\\\/www.latribunedufaso.net\\\/?p=23914#breadcrumb\",\"itemListElement\":[{\"@type\":\"ListItem\",\"position\":1,\"name\":\"Accueil\",\"item\":\"https:\\\/\\\/www.latribunedufaso.net\\\/\"},{\"@type\":\"ListItem\",\"position\":2,\"name\":\"Ouagadougou\\\/Culture : Clap de fin pour la Semaine r\u00e9gionale de la culture du Kadiogo 2025\"}]},{\"@type\":\"WebSite\",\"@id\":\"https:\\\/\\\/www.latribunedufaso.net\\\/#website\",\"url\":\"https:\\\/\\\/www.latribunedufaso.net\\\/\",\"name\":\"La Tribune du Faso\",\"description\":\"L&#039;information du monde rural en un clic\",\"publisher\":{\"@id\":\"https:\\\/\\\/www.latribunedufaso.net\\\/#organization\"},\"potentialAction\":[{\"@type\":\"SearchAction\",\"target\":{\"@type\":\"EntryPoint\",\"urlTemplate\":\"https:\\\/\\\/www.latribunedufaso.net\\\/?s={search_term_string}\"},\"query-input\":{\"@type\":\"PropertyValueSpecification\",\"valueRequired\":true,\"valueName\":\"search_term_string\"}}],\"inLanguage\":\"fr-FR\"},{\"@type\":\"Organization\",\"@id\":\"https:\\\/\\\/www.latribunedufaso.net\\\/#organization\",\"name\":\"La Tribune du Faso\",\"url\":\"https:\\\/\\\/www.latribunedufaso.net\\\/\",\"logo\":{\"@type\":\"ImageObject\",\"inLanguage\":\"fr-FR\",\"@id\":\"https:\\\/\\\/www.latribunedufaso.net\\\/#\\\/schema\\\/logo\\\/image\\\/\",\"url\":\"https:\\\/\\\/www.latribunedufaso.net\\\/wp-content\\\/uploads\\\/2020\\\/08\\\/Logo-Tribune-du-Faso-final-scaled.jpg\",\"contentUrl\":\"https:\\\/\\\/www.latribunedufaso.net\\\/wp-content\\\/uploads\\\/2020\\\/08\\\/Logo-Tribune-du-Faso-final-scaled.jpg\",\"width\":2560,\"height\":1856,\"caption\":\"La Tribune du Faso\"},\"image\":{\"@id\":\"https:\\\/\\\/www.latribunedufaso.net\\\/#\\\/schema\\\/logo\\\/image\\\/\"},\"sameAs\":[\"https:\\\/\\\/www.facebook.com\\\/LatribuneduFaso\\\/\"]},{\"@type\":\"Person\",\"@id\":\"https:\\\/\\\/www.latribunedufaso.net\\\/#\\\/schema\\\/person\\\/e54e64c5778a7e72cf80a318b7a622b0\",\"name\":\"Issouf Tapsoba\",\"image\":{\"@type\":\"ImageObject\",\"inLanguage\":\"fr-FR\",\"@id\":\"https:\\\/\\\/secure.gravatar.com\\\/avatar\\\/5e6c05150ce3230247d167f5b94d678eb05936197436d69b7921e3a95c9107ac?s=96&d=mm&r=g\",\"url\":\"https:\\\/\\\/secure.gravatar.com\\\/avatar\\\/5e6c05150ce3230247d167f5b94d678eb05936197436d69b7921e3a95c9107ac?s=96&d=mm&r=g\",\"contentUrl\":\"https:\\\/\\\/secure.gravatar.com\\\/avatar\\\/5e6c05150ce3230247d167f5b94d678eb05936197436d69b7921e3a95c9107ac?s=96&d=mm&r=g\",\"caption\":\"Issouf Tapsoba\"},\"url\":\"https:\\\/\\\/www.latribunedufaso.net\\\/?author=5\"}]}<\/script>\n<!-- \/ Yoast SEO plugin. -->","yoast_head_json":{"title":"Ouagadougou\/Culture : Clap de fin pour la Semaine r\u00e9gionale de la culture du Kadiogo 2025 - La Tribune du Faso","robots":{"index":"index","follow":"follow","max-snippet":"max-snippet:-1","max-image-preview":"max-image-preview:large","max-video-preview":"max-video-preview:-1"},"canonical":"https:\/\/www.latribunedufaso.net\/?p=23914","og_locale":"fr_FR","og_type":"article","og_title":"Ouagadougou\/Culture : Clap de fin pour la Semaine r\u00e9gionale de la culture du Kadiogo 2025 - La Tribune du Faso","og_description":"La Semaine r\u00e9gionale de la culture (SRC) du Kadiogo a referm\u00e9 ses portes dans la soir\u00e9e du 30 septembre 2025 au Palais de la jeunesse Jean Pierre Guingan\u00e9 de Ouagadougou. Lanc\u00e9e le 28 septembre, cette rencontre culturelle a offert aux habitants de la capitale trois jours de d\u00e9couvertes et de c\u00e9l\u00e9bration autour du patrimoine artistique et culturel de la r\u00e9gion.","og_url":"https:\/\/www.latribunedufaso.net\/?p=23914","og_site_name":"La Tribune du Faso","article_publisher":"https:\/\/www.facebook.com\/LatribuneduFaso\/","article_published_time":"2025-10-01T10:38:03+00:00","article_modified_time":"2025-12-17T17:56:36+00:00","og_image":[{"width":1080,"height":720,"url":"https:\/\/www.latribunedufaso.net\/wp-content\/uploads\/2025\/10\/IMG-20251001-WA0084.jpg","type":"image\/jpeg"}],"author":"Issouf Tapsoba","twitter_misc":{"\u00c9crit par":"Issouf Tapsoba","Dur\u00e9e de lecture estim\u00e9e":"3 minutes"},"schema":{"@context":"https:\/\/schema.org","@graph":[{"@type":"Article","@id":"https:\/\/www.latribunedufaso.net\/?p=23914#article","isPartOf":{"@id":"https:\/\/www.latribunedufaso.net\/?p=23914"},"author":{"name":"Issouf Tapsoba","@id":"https:\/\/www.latribunedufaso.net\/#\/schema\/person\/e54e64c5778a7e72cf80a318b7a622b0"},"headline":"Ouagadougou\/Culture : Clap de fin pour la Semaine r\u00e9gionale de la culture du Kadiogo 2025","datePublished":"2025-10-01T10:38:03+00:00","dateModified":"2025-12-17T17:56:36+00:00","mainEntityOfPage":{"@id":"https:\/\/www.latribunedufaso.net\/?p=23914"},"wordCount":432,"commentCount":0,"publisher":{"@id":"https:\/\/www.latribunedufaso.net\/#organization"},"image":{"@id":"https:\/\/www.latribunedufaso.net\/?p=23914#primaryimage"},"thumbnailUrl":"https:\/\/www.latribunedufaso.net\/wp-content\/uploads\/2025\/10\/IMG-20251001-WA0084.jpg","keywords":["culture","latribunedufaso.net","Semaine nationale de la culture (SNC)","Semaine r\u00e9gionale de la culture (SRC)"],"articleSection":["A la une","Actualit\u00e9","Art et Culture"],"inLanguage":"fr-FR","potentialAction":[{"@type":"CommentAction","name":"Comment","target":["https:\/\/www.latribunedufaso.net\/?p=23914#respond"]}]},{"@type":"WebPage","@id":"https:\/\/www.latribunedufaso.net\/?p=23914","url":"https:\/\/www.latribunedufaso.net\/?p=23914","name":"Ouagadougou\/Culture : Clap de fin pour la Semaine r\u00e9gionale de la culture du Kadiogo 2025 - La Tribune du Faso","isPartOf":{"@id":"https:\/\/www.latribunedufaso.net\/#website"},"primaryImageOfPage":{"@id":"https:\/\/www.latribunedufaso.net\/?p=23914#primaryimage"},"image":{"@id":"https:\/\/www.latribunedufaso.net\/?p=23914#primaryimage"},"thumbnailUrl":"https:\/\/www.latribunedufaso.net\/wp-content\/uploads\/2025\/10\/IMG-20251001-WA0084.jpg","datePublished":"2025-10-01T10:38:03+00:00","dateModified":"2025-12-17T17:56:36+00:00","breadcrumb":{"@id":"https:\/\/www.latribunedufaso.net\/?p=23914#breadcrumb"},"inLanguage":"fr-FR","potentialAction":[{"@type":"ReadAction","target":["https:\/\/www.latribunedufaso.net\/?p=23914"]}]},{"@type":"ImageObject","inLanguage":"fr-FR","@id":"https:\/\/www.latribunedufaso.net\/?p=23914#primaryimage","url":"https:\/\/www.latribunedufaso.net\/wp-content\/uploads\/2025\/10\/IMG-20251001-WA0084.jpg","contentUrl":"https:\/\/www.latribunedufaso.net\/wp-content\/uploads\/2025\/10\/IMG-20251001-WA0084.jpg","width":1080,"height":720,"caption":"C\u00e9r\u00e9monie de cl\u00f4ture de la Semaine r\u00e9gionale de la culture du Kadiogo 2025, 30 septembre 2025"},{"@type":"BreadcrumbList","@id":"https:\/\/www.latribunedufaso.net\/?p=23914#breadcrumb","itemListElement":[{"@type":"ListItem","position":1,"name":"Accueil","item":"https:\/\/www.latribunedufaso.net\/"},{"@type":"ListItem","position":2,"name":"Ouagadougou\/Culture : Clap de fin pour la Semaine r\u00e9gionale de la culture du Kadiogo 2025"}]},{"@type":"WebSite","@id":"https:\/\/www.latribunedufaso.net\/#website","url":"https:\/\/www.latribunedufaso.net\/","name":"La Tribune du Faso","description":"L&#039;information du monde rural en un clic","publisher":{"@id":"https:\/\/www.latribunedufaso.net\/#organization"},"potentialAction":[{"@type":"SearchAction","target":{"@type":"EntryPoint","urlTemplate":"https:\/\/www.latribunedufaso.net\/?s={search_term_string}"},"query-input":{"@type":"PropertyValueSpecification","valueRequired":true,"valueName":"search_term_string"}}],"inLanguage":"fr-FR"},{"@type":"Organization","@id":"https:\/\/www.latribunedufaso.net\/#organization","name":"La Tribune du Faso","url":"https:\/\/www.latribunedufaso.net\/","logo":{"@type":"ImageObject","inLanguage":"fr-FR","@id":"https:\/\/www.latribunedufaso.net\/#\/schema\/logo\/image\/","url":"https:\/\/www.latribunedufaso.net\/wp-content\/uploads\/2020\/08\/Logo-Tribune-du-Faso-final-scaled.jpg","contentUrl":"https:\/\/www.latribunedufaso.net\/wp-content\/uploads\/2020\/08\/Logo-Tribune-du-Faso-final-scaled.jpg","width":2560,"height":1856,"caption":"La Tribune du Faso"},"image":{"@id":"https:\/\/www.latribunedufaso.net\/#\/schema\/logo\/image\/"},"sameAs":["https:\/\/www.facebook.com\/LatribuneduFaso\/"]},{"@type":"Person","@id":"https:\/\/www.latribunedufaso.net\/#\/schema\/person\/e54e64c5778a7e72cf80a318b7a622b0","name":"Issouf Tapsoba","image":{"@type":"ImageObject","inLanguage":"fr-FR","@id":"https:\/\/secure.gravatar.com\/avatar\/5e6c05150ce3230247d167f5b94d678eb05936197436d69b7921e3a95c9107ac?s=96&d=mm&r=g","url":"https:\/\/secure.gravatar.com\/avatar\/5e6c05150ce3230247d167f5b94d678eb05936197436d69b7921e3a95c9107ac?s=96&d=mm&r=g","contentUrl":"https:\/\/secure.gravatar.com\/avatar\/5e6c05150ce3230247d167f5b94d678eb05936197436d69b7921e3a95c9107ac?s=96&d=mm&r=g","caption":"Issouf Tapsoba"},"url":"https:\/\/www.latribunedufaso.net\/?author=5"}]}},"_links":{"self":[{"href":"https:\/\/www.latribunedufaso.net\/index.php?rest_route=\/wp\/v2\/posts\/23914","targetHints":{"allow":["GET"]}}],"collection":[{"href":"https:\/\/www.latribunedufaso.net\/index.php?rest_route=\/wp\/v2\/posts"}],"about":[{"href":"https:\/\/www.latribunedufaso.net\/index.php?rest_route=\/wp\/v2\/types\/post"}],"author":[{"embeddable":true,"href":"https:\/\/www.latribunedufaso.net\/index.php?rest_route=\/wp\/v2\/users\/5"}],"replies":[{"embeddable":true,"href":"https:\/\/www.latribunedufaso.net\/index.php?rest_route=%2Fwp%2Fv2%2Fcomments&post=23914"}],"version-history":[{"count":3,"href":"https:\/\/www.latribunedufaso.net\/index.php?rest_route=\/wp\/v2\/posts\/23914\/revisions"}],"predecessor-version":[{"id":25830,"href":"https:\/\/www.latribunedufaso.net\/index.php?rest_route=\/wp\/v2\/posts\/23914\/revisions\/25830"}],"wp:featuredmedia":[{"embeddable":true,"href":"https:\/\/www.latribunedufaso.net\/index.php?rest_route=\/wp\/v2\/media\/23915"}],"wp:attachment":[{"href":"https:\/\/www.latribunedufaso.net\/index.php?rest_route=%2Fwp%2Fv2%2Fmedia&parent=23914"}],"wp:term":[{"taxonomy":"category","embeddable":true,"href":"https:\/\/www.latribunedufaso.net\/index.php?rest_route=%2Fwp%2Fv2%2Fcategories&post=23914"},{"taxonomy":"post_tag","embeddable":true,"href":"https:\/\/www.latribunedufaso.net\/index.php?rest_route=%2Fwp%2Fv2%2Ftags&post=23914"}],"curies":[{"name":"wp","href":"https:\/\/api.w.org\/{rel}","templated":true}]}}