{"id":23820,"date":"2025-09-27T20:49:22","date_gmt":"2025-09-27T20:49:22","guid":{"rendered":"https:\/\/www.latribunedufaso.net\/?p=23820"},"modified":"2025-09-27T20:49:22","modified_gmt":"2025-09-27T20:49:22","slug":"cooperation-bilaterale-pourquoi-le-burkina-faso-approfondit-ses-relations-avec-le-ghana","status":"publish","type":"post","link":"https:\/\/www.latribunedufaso.net\/?p=23820","title":{"rendered":"Cooperation bilat\u00e9rale : Pourquoi le Burkina Faso approfondit ses relations avec le Ghana ?"},"content":{"rendered":"<p><strong>Ceci est une tribune de Nakoulima Silamane, panafricaniste burkinab\u00e8. Il d\u00e9crypte les raisons profondes du rapprochement entre le Burkina Faso et le Ghana. Il y voit un partenariat strat\u00e9gique et pragmatique, essentiel non seulement pour la s\u00e9curit\u00e9 des fronti\u00e8res, mais aussi pour le d\u00e9veloppement \u00e9conomique et la formation de la jeunesse. Pour lui, cette d\u00e9marche du Burkina Faso ne s&rsquo;oppose pas \u00e0 la coop\u00e9ration au sein de l&rsquo;Alliance des \u00c9tats du Sahel (AES),\u00a0<\/strong><!--more--><\/p>\n<h3><strong>CONTRIBUTION : BILATERALISME ET PRAGMATISME PAYANTS<\/strong><\/h3>\n<p><strong>Pourquoi le Burkina Faso approfondit ses relations avec le Ghana<\/strong><\/p>\n<p>Les r\u00e9centes discussions, du 18 septembre dernier, entre le Burkina Faso et le Ghana sur la gestion de leur fronti\u00e8re commune vont au-del\u00e0 d&rsquo;un simple \u00e9v\u00e9nement diplomatique de routine. Elles envoient un signal concret de la volont\u00e9 de dialogue des deux pays. Pour Ouagadougou, qui, sous la direction du pr\u00e9sident Ibrahim Traor\u00e9, mise sur la souverainet\u00e9, ce partenariat ne repr\u00e9sente pas un changement de cap, mais plut\u00f4t un compl\u00e9ment judicieux et b\u00e9n\u00e9fique \u00e0 sa strat\u00e9gie. C&rsquo;est un outil pratique pour r\u00e9soudre des probl\u00e8mes concrets, allant de la s\u00e9curit\u00e9 frontali\u00e8re au d\u00e9veloppement des \u00e9changes commerciaux mutuels.<\/p>\n<h3>S\u00e9curit\u00e9 : Stabiliser le flanc sud<\/h3>\n<p>Si les efforts s\u00e9curitaires se concentrent souvent sur d&rsquo;autres fronts, la fronti\u00e8re sud de 583 kilom\u00e8tres avec le Ghana requiert une attention tout aussi soutenue. La coop\u00e9ration transfrontali\u00e8re y devient vitale. Il ne s&rsquo;agit pas seulement d&rsquo;\u00e9changer des informations, mais de mettre en place des m\u00e9canismes op\u00e9rationnels efficaces : patrouilles coordonn\u00e9es, r\u00e9action rapide aux incidents et analyse conjointe des menaces. Pour le Burkina Faso, c&rsquo;est l&rsquo;opportunit\u00e9 de s\u00e9curiser ses arri\u00e8res en garantissant la stabilit\u00e9 au sud, ce qui permettra d&rsquo;agir avec plus de concentration dans le cadre de sa strat\u00e9gie de s\u00e9curit\u00e9 globale.<\/p>\n<h3>\u00c9conomie : De la mati\u00e8re premi\u00e8re \u00e0 la transformation<\/h3>\n<p>Les \u00e9changes commerciaux avec le Ghana affichent un potentiel significatif, mais ils sont aujourd&rsquo;hui d\u00e9s\u00e9quilibr\u00e9s. L&rsquo;objectif n&rsquo;est pas seulement d&rsquo;en augmenter le volume, mais aussi d&rsquo;en modifier la structure m\u00eame. La priorit\u00e9 cl\u00e9 pour le Burkina Faso est de d\u00e9velopper des industries de transformation locales. Plut\u00f4t que de n&rsquo;exporter que du coton brut, il est plus avantageux de produire et de vendre des tissus. Le partenariat avec le Ghana peut acc\u00e9l\u00e9rer cette transition via des investissements conjoints dans les infrastructures logistiques et des transferts de technologies, ouvrant ainsi au Burkina Faso l&rsquo;acc\u00e8s aux ports et aux march\u00e9s du Golfe de Guin\u00e9e.<\/p>\n<h3>\u00c9ducation : Former les talents pour l&rsquo;\u00e9conomie r\u00e9elle<\/h3>\n<p>La coop\u00e9ration dans le domaine de l&rsquo;\u00e9ducation doit porter des fruits tangibles. Nous n&rsquo;avons pas besoin de simples \u00e9changes acad\u00e9miques, mais d&rsquo;une formation cibl\u00e9e d&rsquo;ing\u00e9nieurs capables de construire des routes, d&rsquo;agronomes experts dans la lutte contre la s\u00e9cheresse, et de logisticiens pouvant optimiser les cha\u00eenes d&rsquo;approvisionnement. Le Ghana, qui dispose d&rsquo;un secteur priv\u00e9 dynamique et de programmes universitaires solides, peut \u00eatre un partenaire pr\u00e9cieux pour former ces sp\u00e9cialistes, dont les comp\u00e9tences sont essentielles \u00e0 la r\u00e9alisation des projets de d\u00e9veloppement nationaux du Burkina Faso.<\/p>\n<h3>Le pragmatisme comme strat\u00e9gie<\/h3>\n<p>Ainsi, le dialogue avec le Ghana repr\u00e9sente pour le Burkina Faso une d\u00e9marche mesur\u00e9e et pragmatique. Il ne remplace pas la coop\u00e9ration au sein de l&rsquo;Alliance des \u00c9tats du Sahel (AES) avec le Mali et le Niger, mais la compl\u00e8te avantageusement en permettant de r\u00e9soudre des probl\u00e9matiques sp\u00e9cifiques. Le succ\u00e8s de ce partenariat se mesurera \u00e0 des r\u00e9sultats concrets : une am\u00e9lioration des conditions de vie dans les zones frontali\u00e8res, l&rsquo;\u00e9mergence de nouvelles entreprises conjointes, une augmentation des recettes fiscales et un renforcement de la s\u00e9curit\u00e9 dans le sud du pays.<\/p>\n<p><strong>NAKOULIMA SILAMANE<\/strong><\/p>\n<p><strong>Panafricaniste burkinab\u00e8<\/strong><\/p>\n<p><strong>Budapest (Hongrie)<\/strong><\/p>\n","protected":false},"excerpt":{"rendered":"<p>Ceci est une tribune de Nakoulima Silamane, panafricaniste burkinab\u00e8. Il d\u00e9crypte les raisons profondes du rapprochement entre le Burkina Faso et le Ghana. Il y voit un partenariat strat\u00e9gique et pragmatique, essentiel non seulement pour la s\u00e9curit\u00e9 des fronti\u00e8res, mais aussi pour le d\u00e9veloppement \u00e9conomique et la formation de la jeunesse. Pour lui, cette d\u00e9marche du Burkina Faso ne s&rsquo;oppose pas \u00e0 la coop\u00e9ration au sein de l&rsquo;Alliance des \u00c9tats du Sahel (AES),\u00a0<\/p>\n","protected":false},"author":5,"featured_media":23821,"comment_status":"open","ping_status":"open","sticky":false,"template":"","format":"standard","meta":{"footnotes":""},"categories":[13,1,25],"tags":[577,1598,39],"class_list":["post-23820","post","type-post","status-publish","format-standard","has-post-thumbnail","hentry","category-une","category-actu","category-tribune","tag-alliance-des-etats-du-sahel-aes","tag-cooperation-buekina-ghana","tag-latribunedufaso-net"],"yoast_head":"<!-- This site is optimized with the Yoast SEO plugin v27.5 - https:\/\/yoast.com\/product\/yoast-seo-wordpress\/ -->\n<title>Cooperation bilat\u00e9rale : Pourquoi le Burkina Faso approfondit ses relations avec le Ghana ? - La Tribune du Faso<\/title>\n<meta name=\"robots\" content=\"index, follow, max-snippet:-1, max-image-preview:large, max-video-preview:-1\" \/>\n<link rel=\"canonical\" href=\"https:\/\/www.latribunedufaso.net\/?p=23820\" \/>\n<meta property=\"og:locale\" content=\"fr_FR\" \/>\n<meta property=\"og:type\" content=\"article\" \/>\n<meta property=\"og:title\" content=\"Cooperation bilat\u00e9rale : Pourquoi le Burkina Faso approfondit ses relations avec le Ghana ? - La Tribune du Faso\" \/>\n<meta property=\"og:description\" content=\"Ceci est une tribune de Nakoulima Silamane, panafricaniste burkinab\u00e8. Il d\u00e9crypte les raisons profondes du rapprochement entre le Burkina Faso et le Ghana. Il y voit un partenariat strat\u00e9gique et pragmatique, essentiel non seulement pour la s\u00e9curit\u00e9 des fronti\u00e8res, mais aussi pour le d\u00e9veloppement \u00e9conomique et la formation de la jeunesse. Pour lui, cette d\u00e9marche du Burkina Faso ne s&rsquo;oppose pas \u00e0 la coop\u00e9ration au sein de l&rsquo;Alliance des \u00c9tats du Sahel (AES),\u00a0\" \/>\n<meta property=\"og:url\" content=\"https:\/\/www.latribunedufaso.net\/?p=23820\" \/>\n<meta property=\"og:site_name\" content=\"La Tribune du Faso\" \/>\n<meta property=\"article:publisher\" content=\"https:\/\/www.facebook.com\/LatribuneduFaso\/\" \/>\n<meta property=\"article:published_time\" content=\"2025-09-27T20:49:22+00:00\" \/>\n<meta property=\"og:image\" content=\"https:\/\/www.latribunedufaso.net\/wp-content\/uploads\/2025\/09\/Design-sans-titre_20250927_203928_0000-scaled.png\" \/>\n\t<meta property=\"og:image:width\" content=\"2560\" \/>\n\t<meta property=\"og:image:height\" content=\"1920\" \/>\n\t<meta property=\"og:image:type\" content=\"image\/png\" \/>\n<meta name=\"author\" content=\"Issouf Tapsoba\" \/>\n<meta name=\"twitter:label1\" content=\"\u00c9crit par\" \/>\n\t<meta name=\"twitter:data1\" content=\"Issouf Tapsoba\" \/>\n\t<meta name=\"twitter:label2\" content=\"Dur\u00e9e de lecture estim\u00e9e\" \/>\n\t<meta name=\"twitter:data2\" content=\"3 minutes\" \/>\n<script type=\"application\/ld+json\" class=\"yoast-schema-graph\">{\"@context\":\"https:\\\/\\\/schema.org\",\"@graph\":[{\"@type\":\"Article\",\"@id\":\"https:\\\/\\\/www.latribunedufaso.net\\\/?p=23820#article\",\"isPartOf\":{\"@id\":\"https:\\\/\\\/www.latribunedufaso.net\\\/?p=23820\"},\"author\":{\"name\":\"Issouf Tapsoba\",\"@id\":\"https:\\\/\\\/www.latribunedufaso.net\\\/#\\\/schema\\\/person\\\/e54e64c5778a7e72cf80a318b7a622b0\"},\"headline\":\"Cooperation bilat\u00e9rale : Pourquoi le Burkina Faso approfondit ses relations avec le Ghana ?\",\"datePublished\":\"2025-09-27T20:49:22+00:00\",\"mainEntityOfPage\":{\"@id\":\"https:\\\/\\\/www.latribunedufaso.net\\\/?p=23820\"},\"wordCount\":688,\"commentCount\":0,\"publisher\":{\"@id\":\"https:\\\/\\\/www.latribunedufaso.net\\\/#organization\"},\"image\":{\"@id\":\"https:\\\/\\\/www.latribunedufaso.net\\\/?p=23820#primaryimage\"},\"thumbnailUrl\":\"https:\\\/\\\/www.latribunedufaso.net\\\/wp-content\\\/uploads\\\/2025\\\/09\\\/Design-sans-titre_20250927_203928_0000-scaled.png\",\"keywords\":[\"Alliance des \u00c9tats du Sahel (AES)\",\"Coop\u00e9ration Buekina-Ghana\",\"latribunedufaso.net\"],\"articleSection\":[\"A la une\",\"Actualit\u00e9\",\"Tribune\"],\"inLanguage\":\"fr-FR\",\"potentialAction\":[{\"@type\":\"CommentAction\",\"name\":\"Comment\",\"target\":[\"https:\\\/\\\/www.latribunedufaso.net\\\/?p=23820#respond\"]}]},{\"@type\":\"WebPage\",\"@id\":\"https:\\\/\\\/www.latribunedufaso.net\\\/?p=23820\",\"url\":\"https:\\\/\\\/www.latribunedufaso.net\\\/?p=23820\",\"name\":\"Cooperation bilat\u00e9rale : Pourquoi le Burkina Faso approfondit ses relations avec le Ghana ? - La Tribune du Faso\",\"isPartOf\":{\"@id\":\"https:\\\/\\\/www.latribunedufaso.net\\\/#website\"},\"primaryImageOfPage\":{\"@id\":\"https:\\\/\\\/www.latribunedufaso.net\\\/?p=23820#primaryimage\"},\"image\":{\"@id\":\"https:\\\/\\\/www.latribunedufaso.net\\\/?p=23820#primaryimage\"},\"thumbnailUrl\":\"https:\\\/\\\/www.latribunedufaso.net\\\/wp-content\\\/uploads\\\/2025\\\/09\\\/Design-sans-titre_20250927_203928_0000-scaled.png\",\"datePublished\":\"2025-09-27T20:49:22+00:00\",\"breadcrumb\":{\"@id\":\"https:\\\/\\\/www.latribunedufaso.net\\\/?p=23820#breadcrumb\"},\"inLanguage\":\"fr-FR\",\"potentialAction\":[{\"@type\":\"ReadAction\",\"target\":[\"https:\\\/\\\/www.latribunedufaso.net\\\/?p=23820\"]}]},{\"@type\":\"ImageObject\",\"inLanguage\":\"fr-FR\",\"@id\":\"https:\\\/\\\/www.latribunedufaso.net\\\/?p=23820#primaryimage\",\"url\":\"https:\\\/\\\/www.latribunedufaso.net\\\/wp-content\\\/uploads\\\/2025\\\/09\\\/Design-sans-titre_20250927_203928_0000-scaled.png\",\"contentUrl\":\"https:\\\/\\\/www.latribunedufaso.net\\\/wp-content\\\/uploads\\\/2025\\\/09\\\/Design-sans-titre_20250927_203928_0000-scaled.png\",\"width\":2560,\"height\":1920,\"caption\":\"Coop\u00e9ration Buekina-Ghana\"},{\"@type\":\"BreadcrumbList\",\"@id\":\"https:\\\/\\\/www.latribunedufaso.net\\\/?p=23820#breadcrumb\",\"itemListElement\":[{\"@type\":\"ListItem\",\"position\":1,\"name\":\"Accueil\",\"item\":\"https:\\\/\\\/www.latribunedufaso.net\\\/\"},{\"@type\":\"ListItem\",\"position\":2,\"name\":\"Cooperation bilat\u00e9rale : Pourquoi le Burkina Faso approfondit ses relations avec le Ghana ?\"}]},{\"@type\":\"WebSite\",\"@id\":\"https:\\\/\\\/www.latribunedufaso.net\\\/#website\",\"url\":\"https:\\\/\\\/www.latribunedufaso.net\\\/\",\"name\":\"La Tribune du Faso\",\"description\":\"L&#039;information du monde rural en un clic\",\"publisher\":{\"@id\":\"https:\\\/\\\/www.latribunedufaso.net\\\/#organization\"},\"potentialAction\":[{\"@type\":\"SearchAction\",\"target\":{\"@type\":\"EntryPoint\",\"urlTemplate\":\"https:\\\/\\\/www.latribunedufaso.net\\\/?s={search_term_string}\"},\"query-input\":{\"@type\":\"PropertyValueSpecification\",\"valueRequired\":true,\"valueName\":\"search_term_string\"}}],\"inLanguage\":\"fr-FR\"},{\"@type\":\"Organization\",\"@id\":\"https:\\\/\\\/www.latribunedufaso.net\\\/#organization\",\"name\":\"La Tribune du Faso\",\"url\":\"https:\\\/\\\/www.latribunedufaso.net\\\/\",\"logo\":{\"@type\":\"ImageObject\",\"inLanguage\":\"fr-FR\",\"@id\":\"https:\\\/\\\/www.latribunedufaso.net\\\/#\\\/schema\\\/logo\\\/image\\\/\",\"url\":\"https:\\\/\\\/www.latribunedufaso.net\\\/wp-content\\\/uploads\\\/2020\\\/08\\\/Logo-Tribune-du-Faso-final-scaled.jpg\",\"contentUrl\":\"https:\\\/\\\/www.latribunedufaso.net\\\/wp-content\\\/uploads\\\/2020\\\/08\\\/Logo-Tribune-du-Faso-final-scaled.jpg\",\"width\":2560,\"height\":1856,\"caption\":\"La Tribune du Faso\"},\"image\":{\"@id\":\"https:\\\/\\\/www.latribunedufaso.net\\\/#\\\/schema\\\/logo\\\/image\\\/\"},\"sameAs\":[\"https:\\\/\\\/www.facebook.com\\\/LatribuneduFaso\\\/\"]},{\"@type\":\"Person\",\"@id\":\"https:\\\/\\\/www.latribunedufaso.net\\\/#\\\/schema\\\/person\\\/e54e64c5778a7e72cf80a318b7a622b0\",\"name\":\"Issouf Tapsoba\",\"image\":{\"@type\":\"ImageObject\",\"inLanguage\":\"fr-FR\",\"@id\":\"https:\\\/\\\/secure.gravatar.com\\\/avatar\\\/5e6c05150ce3230247d167f5b94d678eb05936197436d69b7921e3a95c9107ac?s=96&d=mm&r=g\",\"url\":\"https:\\\/\\\/secure.gravatar.com\\\/avatar\\\/5e6c05150ce3230247d167f5b94d678eb05936197436d69b7921e3a95c9107ac?s=96&d=mm&r=g\",\"contentUrl\":\"https:\\\/\\\/secure.gravatar.com\\\/avatar\\\/5e6c05150ce3230247d167f5b94d678eb05936197436d69b7921e3a95c9107ac?s=96&d=mm&r=g\",\"caption\":\"Issouf Tapsoba\"},\"url\":\"https:\\\/\\\/www.latribunedufaso.net\\\/?author=5\"}]}<\/script>\n<!-- \/ Yoast SEO plugin. -->","yoast_head_json":{"title":"Cooperation bilat\u00e9rale : Pourquoi le Burkina Faso approfondit ses relations avec le Ghana ? - La Tribune du Faso","robots":{"index":"index","follow":"follow","max-snippet":"max-snippet:-1","max-image-preview":"max-image-preview:large","max-video-preview":"max-video-preview:-1"},"canonical":"https:\/\/www.latribunedufaso.net\/?p=23820","og_locale":"fr_FR","og_type":"article","og_title":"Cooperation bilat\u00e9rale : Pourquoi le Burkina Faso approfondit ses relations avec le Ghana ? - La Tribune du Faso","og_description":"Ceci est une tribune de Nakoulima Silamane, panafricaniste burkinab\u00e8. Il d\u00e9crypte les raisons profondes du rapprochement entre le Burkina Faso et le Ghana. Il y voit un partenariat strat\u00e9gique et pragmatique, essentiel non seulement pour la s\u00e9curit\u00e9 des fronti\u00e8res, mais aussi pour le d\u00e9veloppement \u00e9conomique et la formation de la jeunesse. Pour lui, cette d\u00e9marche du Burkina Faso ne s&rsquo;oppose pas \u00e0 la coop\u00e9ration au sein de l&rsquo;Alliance des \u00c9tats du Sahel (AES),\u00a0","og_url":"https:\/\/www.latribunedufaso.net\/?p=23820","og_site_name":"La Tribune du Faso","article_publisher":"https:\/\/www.facebook.com\/LatribuneduFaso\/","article_published_time":"2025-09-27T20:49:22+00:00","og_image":[{"width":2560,"height":1920,"url":"https:\/\/www.latribunedufaso.net\/wp-content\/uploads\/2025\/09\/Design-sans-titre_20250927_203928_0000-scaled.png","type":"image\/png"}],"author":"Issouf Tapsoba","twitter_misc":{"\u00c9crit par":"Issouf Tapsoba","Dur\u00e9e de lecture estim\u00e9e":"3 minutes"},"schema":{"@context":"https:\/\/schema.org","@graph":[{"@type":"Article","@id":"https:\/\/www.latribunedufaso.net\/?p=23820#article","isPartOf":{"@id":"https:\/\/www.latribunedufaso.net\/?p=23820"},"author":{"name":"Issouf Tapsoba","@id":"https:\/\/www.latribunedufaso.net\/#\/schema\/person\/e54e64c5778a7e72cf80a318b7a622b0"},"headline":"Cooperation bilat\u00e9rale : Pourquoi le Burkina Faso approfondit ses relations avec le Ghana ?","datePublished":"2025-09-27T20:49:22+00:00","mainEntityOfPage":{"@id":"https:\/\/www.latribunedufaso.net\/?p=23820"},"wordCount":688,"commentCount":0,"publisher":{"@id":"https:\/\/www.latribunedufaso.net\/#organization"},"image":{"@id":"https:\/\/www.latribunedufaso.net\/?p=23820#primaryimage"},"thumbnailUrl":"https:\/\/www.latribunedufaso.net\/wp-content\/uploads\/2025\/09\/Design-sans-titre_20250927_203928_0000-scaled.png","keywords":["Alliance des \u00c9tats du Sahel (AES)","Coop\u00e9ration Buekina-Ghana","latribunedufaso.net"],"articleSection":["A la une","Actualit\u00e9","Tribune"],"inLanguage":"fr-FR","potentialAction":[{"@type":"CommentAction","name":"Comment","target":["https:\/\/www.latribunedufaso.net\/?p=23820#respond"]}]},{"@type":"WebPage","@id":"https:\/\/www.latribunedufaso.net\/?p=23820","url":"https:\/\/www.latribunedufaso.net\/?p=23820","name":"Cooperation bilat\u00e9rale : Pourquoi le Burkina Faso approfondit ses relations avec le Ghana ? - La Tribune du Faso","isPartOf":{"@id":"https:\/\/www.latribunedufaso.net\/#website"},"primaryImageOfPage":{"@id":"https:\/\/www.latribunedufaso.net\/?p=23820#primaryimage"},"image":{"@id":"https:\/\/www.latribunedufaso.net\/?p=23820#primaryimage"},"thumbnailUrl":"https:\/\/www.latribunedufaso.net\/wp-content\/uploads\/2025\/09\/Design-sans-titre_20250927_203928_0000-scaled.png","datePublished":"2025-09-27T20:49:22+00:00","breadcrumb":{"@id":"https:\/\/www.latribunedufaso.net\/?p=23820#breadcrumb"},"inLanguage":"fr-FR","potentialAction":[{"@type":"ReadAction","target":["https:\/\/www.latribunedufaso.net\/?p=23820"]}]},{"@type":"ImageObject","inLanguage":"fr-FR","@id":"https:\/\/www.latribunedufaso.net\/?p=23820#primaryimage","url":"https:\/\/www.latribunedufaso.net\/wp-content\/uploads\/2025\/09\/Design-sans-titre_20250927_203928_0000-scaled.png","contentUrl":"https:\/\/www.latribunedufaso.net\/wp-content\/uploads\/2025\/09\/Design-sans-titre_20250927_203928_0000-scaled.png","width":2560,"height":1920,"caption":"Coop\u00e9ration Buekina-Ghana"},{"@type":"BreadcrumbList","@id":"https:\/\/www.latribunedufaso.net\/?p=23820#breadcrumb","itemListElement":[{"@type":"ListItem","position":1,"name":"Accueil","item":"https:\/\/www.latribunedufaso.net\/"},{"@type":"ListItem","position":2,"name":"Cooperation bilat\u00e9rale : Pourquoi le Burkina Faso approfondit ses relations avec le Ghana ?"}]},{"@type":"WebSite","@id":"https:\/\/www.latribunedufaso.net\/#website","url":"https:\/\/www.latribunedufaso.net\/","name":"La Tribune du Faso","description":"L&#039;information du monde rural en un clic","publisher":{"@id":"https:\/\/www.latribunedufaso.net\/#organization"},"potentialAction":[{"@type":"SearchAction","target":{"@type":"EntryPoint","urlTemplate":"https:\/\/www.latribunedufaso.net\/?s={search_term_string}"},"query-input":{"@type":"PropertyValueSpecification","valueRequired":true,"valueName":"search_term_string"}}],"inLanguage":"fr-FR"},{"@type":"Organization","@id":"https:\/\/www.latribunedufaso.net\/#organization","name":"La Tribune du Faso","url":"https:\/\/www.latribunedufaso.net\/","logo":{"@type":"ImageObject","inLanguage":"fr-FR","@id":"https:\/\/www.latribunedufaso.net\/#\/schema\/logo\/image\/","url":"https:\/\/www.latribunedufaso.net\/wp-content\/uploads\/2020\/08\/Logo-Tribune-du-Faso-final-scaled.jpg","contentUrl":"https:\/\/www.latribunedufaso.net\/wp-content\/uploads\/2020\/08\/Logo-Tribune-du-Faso-final-scaled.jpg","width":2560,"height":1856,"caption":"La Tribune du Faso"},"image":{"@id":"https:\/\/www.latribunedufaso.net\/#\/schema\/logo\/image\/"},"sameAs":["https:\/\/www.facebook.com\/LatribuneduFaso\/"]},{"@type":"Person","@id":"https:\/\/www.latribunedufaso.net\/#\/schema\/person\/e54e64c5778a7e72cf80a318b7a622b0","name":"Issouf Tapsoba","image":{"@type":"ImageObject","inLanguage":"fr-FR","@id":"https:\/\/secure.gravatar.com\/avatar\/5e6c05150ce3230247d167f5b94d678eb05936197436d69b7921e3a95c9107ac?s=96&d=mm&r=g","url":"https:\/\/secure.gravatar.com\/avatar\/5e6c05150ce3230247d167f5b94d678eb05936197436d69b7921e3a95c9107ac?s=96&d=mm&r=g","contentUrl":"https:\/\/secure.gravatar.com\/avatar\/5e6c05150ce3230247d167f5b94d678eb05936197436d69b7921e3a95c9107ac?s=96&d=mm&r=g","caption":"Issouf Tapsoba"},"url":"https:\/\/www.latribunedufaso.net\/?author=5"}]}},"_links":{"self":[{"href":"https:\/\/www.latribunedufaso.net\/index.php?rest_route=\/wp\/v2\/posts\/23820","targetHints":{"allow":["GET"]}}],"collection":[{"href":"https:\/\/www.latribunedufaso.net\/index.php?rest_route=\/wp\/v2\/posts"}],"about":[{"href":"https:\/\/www.latribunedufaso.net\/index.php?rest_route=\/wp\/v2\/types\/post"}],"author":[{"embeddable":true,"href":"https:\/\/www.latribunedufaso.net\/index.php?rest_route=\/wp\/v2\/users\/5"}],"replies":[{"embeddable":true,"href":"https:\/\/www.latribunedufaso.net\/index.php?rest_route=%2Fwp%2Fv2%2Fcomments&post=23820"}],"version-history":[{"count":2,"href":"https:\/\/www.latribunedufaso.net\/index.php?rest_route=\/wp\/v2\/posts\/23820\/revisions"}],"predecessor-version":[{"id":23823,"href":"https:\/\/www.latribunedufaso.net\/index.php?rest_route=\/wp\/v2\/posts\/23820\/revisions\/23823"}],"wp:featuredmedia":[{"embeddable":true,"href":"https:\/\/www.latribunedufaso.net\/index.php?rest_route=\/wp\/v2\/media\/23821"}],"wp:attachment":[{"href":"https:\/\/www.latribunedufaso.net\/index.php?rest_route=%2Fwp%2Fv2%2Fmedia&parent=23820"}],"wp:term":[{"taxonomy":"category","embeddable":true,"href":"https:\/\/www.latribunedufaso.net\/index.php?rest_route=%2Fwp%2Fv2%2Fcategories&post=23820"},{"taxonomy":"post_tag","embeddable":true,"href":"https:\/\/www.latribunedufaso.net\/index.php?rest_route=%2Fwp%2Fv2%2Ftags&post=23820"}],"curies":[{"name":"wp","href":"https:\/\/api.w.org\/{rel}","templated":true}]}}