{"id":23812,"date":"2025-09-26T19:36:44","date_gmt":"2025-09-26T19:36:44","guid":{"rendered":"https:\/\/www.latribunedufaso.net\/?p=23812"},"modified":"2025-12-17T17:45:46","modified_gmt":"2025-12-17T17:45:46","slug":"23812","status":"publish","type":"post","link":"https:\/\/www.latribunedufaso.net\/?p=23812","title":{"rendered":"Cl\u00f4ture SAMAO 2025 : Les acteurs du secteur minier s&rsquo;engagent pour la r\u00e9habilitation des mines en Afrique"},"content":{"rendered":"<p><strong>Les rideaux sont tomb\u00e9s sur la 7\u1d49 \u00e9dition de la Semaine des activit\u00e9s mini\u00e8res d\u2019Afrique de l\u2019Ouest (SAMAO). La c\u00e9r\u00e9monie de cl\u00f4ture a eu lieu ce 26 septembre 2025 \u00e0 Ouagadougou. L&rsquo;\u00e9v\u00e9nement, plac\u00e9 sous la pr\u00e9sidence du ministre burkinab\u00e8 des Mines, Yacouba Zabr\u00e9 Gouba, a permis de formuler des recommandations cl\u00e9s pour relever les d\u00e9fis de la r\u00e9habilitation et de la fermeture des mines en Afrique.<\/strong><!--more--><\/p>\n<p>\u200eLa 7e \u00e9dition de la SAMAO \u00e9tait plac\u00e9e sous le th\u00e8me : <em><strong>\u00ab Les d\u00e9fis de la r\u00e9habilitation et de la fermeture des mines en Afrique : quelle nouvelle vie pour les communaut\u00e9s locales ? \u00bb<\/strong><\/em> Apr\u00e8s 48h d&rsquo;instance travaux, la cl\u00f4ture des activit\u00e9s est intervenue ce 26 septembre 2025 \u00e0 Ouagadougou.<\/p>\n<p>\u200eLes travaux ont permis aux participants de formuler des recommandations. L&rsquo;objectif est de relever les d\u00e9fis de la r\u00e9habilitation et la fermeture des mines en Afrique. Ces recommandations s&rsquo;adressent aussi bien \u00e0 l&rsquo;Etat qu&rsquo;aux soci\u00e9t\u00e9s mini\u00e8res elles-m\u00eames.<\/p>\n<figure id=\"attachment_23814\" aria-describedby=\"caption-attachment-23814\" style=\"width: 2560px\" class=\"wp-caption aligncenter\"><a href=\"https:\/\/www.latribunedufaso.net\/wp-content\/uploads\/2025\/09\/IMG_20250926_171959_885-scaled.jpg\"><img loading=\"lazy\" decoding=\"async\" class=\"size-full wp-image-23814\" src=\"https:\/\/www.latribunedufaso.net\/wp-content\/uploads\/2025\/09\/IMG_20250926_171959_885-scaled.jpg\" alt=\"C\u00e9r\u00e9monie de cl\u00f4ture de la 7e \u00e9dition de la SAMAO, 26 septembre 2025\" width=\"2560\" height=\"1920\" srcset=\"https:\/\/www.latribunedufaso.net\/wp-content\/uploads\/2025\/09\/IMG_20250926_171959_885-scaled.jpg 2560w, https:\/\/www.latribunedufaso.net\/wp-content\/uploads\/2025\/09\/IMG_20250926_171959_885-300x225.jpg 300w, https:\/\/www.latribunedufaso.net\/wp-content\/uploads\/2025\/09\/IMG_20250926_171959_885-1024x768.jpg 1024w, https:\/\/www.latribunedufaso.net\/wp-content\/uploads\/2025\/09\/IMG_20250926_171959_885-768x576.jpg 768w, https:\/\/www.latribunedufaso.net\/wp-content\/uploads\/2025\/09\/IMG_20250926_171959_885-1536x1152.jpg 1536w, https:\/\/www.latribunedufaso.net\/wp-content\/uploads\/2025\/09\/IMG_20250926_171959_885-2048x1536.jpg 2048w\" sizes=\"auto, (max-width: 2560px) 100vw, 2560px\" \/><\/a><figcaption id=\"caption-attachment-23814\" class=\"wp-caption-text\">Une vue des participants \u00e0 la cl\u00f4ture &#8211; Ph. I. Tapsoba<\/figcaption><\/figure>\n<h3>Les recommandations adress\u00e9es \u00e0 l&rsquo;\u00c9tat<\/h3>\n<p>Les participants ont appel\u00e9 les \u00c9tats \u00e0 mettre en place plusieurs mesures essentielles pour un secteur minier plus durable. Parmi les recommandations majeures, on retrouve :<\/p>\n<p>&#8211; L&rsquo;\u00e9laboration de programmes de reconversion et de diversification \u00e9conomique pour soutenir les communaut\u00e9s locales apr\u00e8s la fermeture des mines.<\/p>\n<p>&#8211; Le renforcement des cadres juridiques et la diversification des formes de compensation fonci\u00e8re.<\/p>\n<p>&#8211; L&rsquo;instauration d&rsquo;une structure d\u00e9di\u00e9e sp\u00e9cifiquement aux questions de r\u00e9habilitation et de fermeture des mines.<\/p>\n<p>&#8211; La cr\u00e9ation d&rsquo;un cadre de concertation entre les pays de l&rsquo;Alliance des \u00c9tats du Sahel (AES) afin d&rsquo;harmoniser les politiques mini\u00e8res.<\/p>\n<p>&#8211; Une implication accrue de la recherche scientifique pour trouver des solutions innovantes.<\/p>\n<p>&#8211; La formation d&rsquo;experts sp\u00e9cialis\u00e9s en r\u00e9habilitation et en fermeture des mines.<\/p>\n<h3>Le secteur priv\u00e9 interpell\u00e9<\/h3>\n<p>Le secteur priv\u00e9 n&rsquo;a pas \u00e9t\u00e9 \u00e9pargn\u00e9 par les recommandations. Les participants ont demand\u00e9 aux soci\u00e9t\u00e9s mini\u00e8res de rendre publiques les informations sur les modalit\u00e9s d&rsquo;estimation des co\u00fbts de r\u00e9habilitation et de fermeture, afin de garantir une plus grande transparence et de s&rsquo;assurer que les fonds n\u00e9cessaires sont bien provisionn\u00e9s.<\/p>\n<figure id=\"attachment_23815\" aria-describedby=\"caption-attachment-23815\" style=\"width: 2560px\" class=\"wp-caption aligncenter\"><a href=\"https:\/\/www.latribunedufaso.net\/wp-content\/uploads\/2025\/09\/IMG_20250926_171729_640-scaled.jpg\"><img loading=\"lazy\" decoding=\"async\" class=\"size-full wp-image-23815\" src=\"https:\/\/www.latribunedufaso.net\/wp-content\/uploads\/2025\/09\/IMG_20250926_171729_640-scaled.jpg\" alt=\"C\u00e9r\u00e9monie de cl\u00f4ture de la 7e \u00e9dition de la SAMAO, 26 septembre 2025\" width=\"2560\" height=\"1920\" srcset=\"https:\/\/www.latribunedufaso.net\/wp-content\/uploads\/2025\/09\/IMG_20250926_171729_640-scaled.jpg 2560w, https:\/\/www.latribunedufaso.net\/wp-content\/uploads\/2025\/09\/IMG_20250926_171729_640-300x225.jpg 300w, https:\/\/www.latribunedufaso.net\/wp-content\/uploads\/2025\/09\/IMG_20250926_171729_640-1024x768.jpg 1024w, https:\/\/www.latribunedufaso.net\/wp-content\/uploads\/2025\/09\/IMG_20250926_171729_640-768x576.jpg 768w, https:\/\/www.latribunedufaso.net\/wp-content\/uploads\/2025\/09\/IMG_20250926_171729_640-1536x1152.jpg 1536w, https:\/\/www.latribunedufaso.net\/wp-content\/uploads\/2025\/09\/IMG_20250926_171729_640-2048x1536.jpg 2048w\" sizes=\"auto, (max-width: 2560px) 100vw, 2560px\" \/><\/a><figcaption id=\"caption-attachment-23815\" class=\"wp-caption-text\">Au milieu, le ministre charg\u00e9 des Mines du Burkina, Yacouba Zabr\u00e9 Gouba, pr\u00e9sident de la c\u00e9r\u00e9monie &#8211; Ph. I. Tapsoba<\/figcaption><\/figure>\n<p>Pour le ministre charg\u00e9 des Mines, Yacouba Zabr\u00e9 Gouba, en organisant cette septi\u00e8me \u00e9dition, <em><strong>\u00ab le Burkina Faso voudrait montrer sa r\u00e9silience aux yeux du monde entier, particuli\u00e8rement aux investisseurs nationaux et internationaux, de l\u2019attractivit\u00e9 du secteur malgr\u00e9 les d\u00e9fis s\u00e9curitaires actuels \u00bb.\u00a0<\/strong><\/em><\/p>\n<blockquote>\n<p>\n<iframe loading=\"lazy\" width=\"560\" height=\"315\" src=\"https:\/\/www.youtube.com\/embed\/DmosDTAqb-Y?si=InpGwlOri_ZBgomf\" title=\"YouTube video player\" frameborder=\"0\" allow=\"accelerometer; autoplay; clipboard-write; encrypted-media; gyroscope; picture-in-picture; web-share\" referrerpolicy=\"strict-origin-when-cross-origin\" allowfullscreen><\/iframe><\/p>\n<p>Lire aussi >> <a href=\"https:\/\/www.latribunedufaso.net\/?p=23802\">SAMAO 2025 : Le Mali et le Burkina Faso mutualisent leurs exp\u00e9riences pour la r\u00e9habilitation des mines<\/a><\/p>\n<\/blockquote>\n<p>Il a indiqu\u00e9 que ces recommandations ne resteront pas lettre morte. <em><strong>\u00ab Je prends l\u2019engagement de veiller personnellement \u00e0 ce qu\u2019elles soient mises en \u0153uvre int\u00e9gralement \u00bb<\/strong><\/em>, a-t-il rassur\u00e9.<\/p>\n<p><strong>Issouf TAPSOBA\u00a0<\/strong><\/p>\n<p><strong>Latribunedufaso.net<\/strong><\/p>\n","protected":false},"excerpt":{"rendered":"<p>Les rideaux sont tomb\u00e9s sur la 7\u1d49 \u00e9dition de la Semaine des activit\u00e9s mini\u00e8res d\u2019Afrique de l\u2019Ouest (SAMAO). La c\u00e9r\u00e9monie de cl\u00f4ture a eu lieu ce 26 septembre 2025 \u00e0 Ouagadougou. L&rsquo;\u00e9v\u00e9nement, plac\u00e9 sous la pr\u00e9sidence du ministre burkinab\u00e8 des Mines, Yacouba Zabr\u00e9 Gouba, a permis de formuler des recommandations cl\u00e9s pour relever les d\u00e9fis de la r\u00e9habilitation et de la fermeture des mines en Afrique.<\/p>\n","protected":false},"author":5,"featured_media":23815,"comment_status":"open","ping_status":"open","sticky":false,"template":"","format":"standard","meta":{"footnotes":""},"categories":[13,1,19],"tags":[39,52,1596,199],"class_list":["post-23812","post","type-post","status-publish","format-standard","has-post-thumbnail","hentry","category-une","category-actu","category-mines-et-carrieres","tag-latribunedufaso-net","tag-mines-et-carrieres","tag-rehabilitation-et-fermeture-des-mines","tag-samao"],"yoast_head":"<!-- This site is optimized with the Yoast SEO plugin v27.4 - https:\/\/yoast.com\/product\/yoast-seo-wordpress\/ -->\n<title>Cl\u00f4ture SAMAO 2025 : Les acteurs du secteur minier s&#039;engagent pour la r\u00e9habilitation des mines en Afrique - La Tribune du Faso<\/title>\n<meta name=\"robots\" content=\"index, follow, max-snippet:-1, max-image-preview:large, max-video-preview:-1\" \/>\n<link rel=\"canonical\" href=\"https:\/\/www.latribunedufaso.net\/?p=23812\" \/>\n<meta property=\"og:locale\" content=\"fr_FR\" \/>\n<meta property=\"og:type\" content=\"article\" \/>\n<meta property=\"og:title\" content=\"Cl\u00f4ture SAMAO 2025 : Les acteurs du secteur minier s&#039;engagent pour la r\u00e9habilitation des mines en Afrique - La Tribune du Faso\" \/>\n<meta property=\"og:description\" content=\"Les rideaux sont tomb\u00e9s sur la 7\u1d49 \u00e9dition de la Semaine des activit\u00e9s mini\u00e8res d\u2019Afrique de l\u2019Ouest (SAMAO). La c\u00e9r\u00e9monie de cl\u00f4ture a eu lieu ce 26 septembre 2025 \u00e0 Ouagadougou. L&rsquo;\u00e9v\u00e9nement, plac\u00e9 sous la pr\u00e9sidence du ministre burkinab\u00e8 des Mines, Yacouba Zabr\u00e9 Gouba, a permis de formuler des recommandations cl\u00e9s pour relever les d\u00e9fis de la r\u00e9habilitation et de la fermeture des mines en Afrique.\" \/>\n<meta property=\"og:url\" content=\"https:\/\/www.latribunedufaso.net\/?p=23812\" \/>\n<meta property=\"og:site_name\" content=\"La Tribune du Faso\" \/>\n<meta property=\"article:publisher\" content=\"https:\/\/www.facebook.com\/LatribuneduFaso\/\" \/>\n<meta property=\"article:published_time\" content=\"2025-09-26T19:36:44+00:00\" \/>\n<meta property=\"article:modified_time\" content=\"2025-12-17T17:45:46+00:00\" \/>\n<meta property=\"og:image\" content=\"https:\/\/www.latribunedufaso.net\/wp-content\/uploads\/2025\/09\/IMG_20250926_171729_640-scaled.jpg\" \/>\n\t<meta property=\"og:image:width\" content=\"2560\" \/>\n\t<meta property=\"og:image:height\" content=\"1920\" \/>\n\t<meta property=\"og:image:type\" content=\"image\/jpeg\" \/>\n<meta name=\"author\" content=\"Issouf Tapsoba\" \/>\n<meta name=\"twitter:label1\" content=\"\u00c9crit par\" \/>\n\t<meta name=\"twitter:data1\" content=\"Issouf Tapsoba\" \/>\n\t<meta name=\"twitter:label2\" content=\"Dur\u00e9e de lecture estim\u00e9e\" \/>\n\t<meta name=\"twitter:data2\" content=\"3 minutes\" \/>\n<script type=\"application\/ld+json\" class=\"yoast-schema-graph\">{\"@context\":\"https:\\\/\\\/schema.org\",\"@graph\":[{\"@type\":\"Article\",\"@id\":\"https:\\\/\\\/www.latribunedufaso.net\\\/?p=23812#article\",\"isPartOf\":{\"@id\":\"https:\\\/\\\/www.latribunedufaso.net\\\/?p=23812\"},\"author\":{\"name\":\"Issouf Tapsoba\",\"@id\":\"https:\\\/\\\/www.latribunedufaso.net\\\/#\\\/schema\\\/person\\\/e54e64c5778a7e72cf80a318b7a622b0\"},\"headline\":\"Cl\u00f4ture SAMAO 2025 : Les acteurs du secteur minier s&rsquo;engagent pour la r\u00e9habilitation des mines en Afrique\",\"datePublished\":\"2025-09-26T19:36:44+00:00\",\"dateModified\":\"2025-12-17T17:45:46+00:00\",\"mainEntityOfPage\":{\"@id\":\"https:\\\/\\\/www.latribunedufaso.net\\\/?p=23812\"},\"wordCount\":550,\"commentCount\":0,\"publisher\":{\"@id\":\"https:\\\/\\\/www.latribunedufaso.net\\\/#organization\"},\"image\":{\"@id\":\"https:\\\/\\\/www.latribunedufaso.net\\\/?p=23812#primaryimage\"},\"thumbnailUrl\":\"https:\\\/\\\/www.latribunedufaso.net\\\/wp-content\\\/uploads\\\/2025\\\/09\\\/IMG_20250926_171729_640-scaled.jpg\",\"keywords\":[\"latribunedufaso.net\",\"mines et carri\u00e8res\",\"R\u00e9habilitation et fermeture des mines\",\"SAMAO\"],\"articleSection\":[\"A la une\",\"Actualit\u00e9\",\"Mines et Carri\u00e8res\"],\"inLanguage\":\"fr-FR\",\"potentialAction\":[{\"@type\":\"CommentAction\",\"name\":\"Comment\",\"target\":[\"https:\\\/\\\/www.latribunedufaso.net\\\/?p=23812#respond\"]}]},{\"@type\":\"WebPage\",\"@id\":\"https:\\\/\\\/www.latribunedufaso.net\\\/?p=23812\",\"url\":\"https:\\\/\\\/www.latribunedufaso.net\\\/?p=23812\",\"name\":\"Cl\u00f4ture SAMAO 2025 : Les acteurs du secteur minier s'engagent pour la r\u00e9habilitation des mines en Afrique - La Tribune du Faso\",\"isPartOf\":{\"@id\":\"https:\\\/\\\/www.latribunedufaso.net\\\/#website\"},\"primaryImageOfPage\":{\"@id\":\"https:\\\/\\\/www.latribunedufaso.net\\\/?p=23812#primaryimage\"},\"image\":{\"@id\":\"https:\\\/\\\/www.latribunedufaso.net\\\/?p=23812#primaryimage\"},\"thumbnailUrl\":\"https:\\\/\\\/www.latribunedufaso.net\\\/wp-content\\\/uploads\\\/2025\\\/09\\\/IMG_20250926_171729_640-scaled.jpg\",\"datePublished\":\"2025-09-26T19:36:44+00:00\",\"dateModified\":\"2025-12-17T17:45:46+00:00\",\"breadcrumb\":{\"@id\":\"https:\\\/\\\/www.latribunedufaso.net\\\/?p=23812#breadcrumb\"},\"inLanguage\":\"fr-FR\",\"potentialAction\":[{\"@type\":\"ReadAction\",\"target\":[\"https:\\\/\\\/www.latribunedufaso.net\\\/?p=23812\"]}]},{\"@type\":\"ImageObject\",\"inLanguage\":\"fr-FR\",\"@id\":\"https:\\\/\\\/www.latribunedufaso.net\\\/?p=23812#primaryimage\",\"url\":\"https:\\\/\\\/www.latribunedufaso.net\\\/wp-content\\\/uploads\\\/2025\\\/09\\\/IMG_20250926_171729_640-scaled.jpg\",\"contentUrl\":\"https:\\\/\\\/www.latribunedufaso.net\\\/wp-content\\\/uploads\\\/2025\\\/09\\\/IMG_20250926_171729_640-scaled.jpg\",\"width\":2560,\"height\":1920,\"caption\":\"Au milieu, le ministre charg\u00e9 des Mines du Burkina, Yacouba Zabr\u00e9 Gouba, pr\u00e9sident de la c\u00e9r\u00e9monie - Ph. I. Tapsoba\"},{\"@type\":\"BreadcrumbList\",\"@id\":\"https:\\\/\\\/www.latribunedufaso.net\\\/?p=23812#breadcrumb\",\"itemListElement\":[{\"@type\":\"ListItem\",\"position\":1,\"name\":\"Accueil\",\"item\":\"https:\\\/\\\/www.latribunedufaso.net\\\/\"},{\"@type\":\"ListItem\",\"position\":2,\"name\":\"Cl\u00f4ture SAMAO 2025 : Les acteurs du secteur minier s&rsquo;engagent pour la r\u00e9habilitation des mines en Afrique\"}]},{\"@type\":\"WebSite\",\"@id\":\"https:\\\/\\\/www.latribunedufaso.net\\\/#website\",\"url\":\"https:\\\/\\\/www.latribunedufaso.net\\\/\",\"name\":\"La Tribune du Faso\",\"description\":\"L&#039;information du monde rural en un clic\",\"publisher\":{\"@id\":\"https:\\\/\\\/www.latribunedufaso.net\\\/#organization\"},\"potentialAction\":[{\"@type\":\"SearchAction\",\"target\":{\"@type\":\"EntryPoint\",\"urlTemplate\":\"https:\\\/\\\/www.latribunedufaso.net\\\/?s={search_term_string}\"},\"query-input\":{\"@type\":\"PropertyValueSpecification\",\"valueRequired\":true,\"valueName\":\"search_term_string\"}}],\"inLanguage\":\"fr-FR\"},{\"@type\":\"Organization\",\"@id\":\"https:\\\/\\\/www.latribunedufaso.net\\\/#organization\",\"name\":\"La Tribune du Faso\",\"url\":\"https:\\\/\\\/www.latribunedufaso.net\\\/\",\"logo\":{\"@type\":\"ImageObject\",\"inLanguage\":\"fr-FR\",\"@id\":\"https:\\\/\\\/www.latribunedufaso.net\\\/#\\\/schema\\\/logo\\\/image\\\/\",\"url\":\"https:\\\/\\\/www.latribunedufaso.net\\\/wp-content\\\/uploads\\\/2020\\\/08\\\/Logo-Tribune-du-Faso-final-scaled.jpg\",\"contentUrl\":\"https:\\\/\\\/www.latribunedufaso.net\\\/wp-content\\\/uploads\\\/2020\\\/08\\\/Logo-Tribune-du-Faso-final-scaled.jpg\",\"width\":2560,\"height\":1856,\"caption\":\"La Tribune du Faso\"},\"image\":{\"@id\":\"https:\\\/\\\/www.latribunedufaso.net\\\/#\\\/schema\\\/logo\\\/image\\\/\"},\"sameAs\":[\"https:\\\/\\\/www.facebook.com\\\/LatribuneduFaso\\\/\"]},{\"@type\":\"Person\",\"@id\":\"https:\\\/\\\/www.latribunedufaso.net\\\/#\\\/schema\\\/person\\\/e54e64c5778a7e72cf80a318b7a622b0\",\"name\":\"Issouf Tapsoba\",\"image\":{\"@type\":\"ImageObject\",\"inLanguage\":\"fr-FR\",\"@id\":\"https:\\\/\\\/secure.gravatar.com\\\/avatar\\\/5e6c05150ce3230247d167f5b94d678eb05936197436d69b7921e3a95c9107ac?s=96&d=mm&r=g\",\"url\":\"https:\\\/\\\/secure.gravatar.com\\\/avatar\\\/5e6c05150ce3230247d167f5b94d678eb05936197436d69b7921e3a95c9107ac?s=96&d=mm&r=g\",\"contentUrl\":\"https:\\\/\\\/secure.gravatar.com\\\/avatar\\\/5e6c05150ce3230247d167f5b94d678eb05936197436d69b7921e3a95c9107ac?s=96&d=mm&r=g\",\"caption\":\"Issouf Tapsoba\"},\"url\":\"https:\\\/\\\/www.latribunedufaso.net\\\/?author=5\"}]}<\/script>\n<!-- \/ Yoast SEO plugin. -->","yoast_head_json":{"title":"Cl\u00f4ture SAMAO 2025 : Les acteurs du secteur minier s'engagent pour la r\u00e9habilitation des mines en Afrique - La Tribune du Faso","robots":{"index":"index","follow":"follow","max-snippet":"max-snippet:-1","max-image-preview":"max-image-preview:large","max-video-preview":"max-video-preview:-1"},"canonical":"https:\/\/www.latribunedufaso.net\/?p=23812","og_locale":"fr_FR","og_type":"article","og_title":"Cl\u00f4ture SAMAO 2025 : Les acteurs du secteur minier s'engagent pour la r\u00e9habilitation des mines en Afrique - La Tribune du Faso","og_description":"Les rideaux sont tomb\u00e9s sur la 7\u1d49 \u00e9dition de la Semaine des activit\u00e9s mini\u00e8res d\u2019Afrique de l\u2019Ouest (SAMAO). La c\u00e9r\u00e9monie de cl\u00f4ture a eu lieu ce 26 septembre 2025 \u00e0 Ouagadougou. L&rsquo;\u00e9v\u00e9nement, plac\u00e9 sous la pr\u00e9sidence du ministre burkinab\u00e8 des Mines, Yacouba Zabr\u00e9 Gouba, a permis de formuler des recommandations cl\u00e9s pour relever les d\u00e9fis de la r\u00e9habilitation et de la fermeture des mines en Afrique.","og_url":"https:\/\/www.latribunedufaso.net\/?p=23812","og_site_name":"La Tribune du Faso","article_publisher":"https:\/\/www.facebook.com\/LatribuneduFaso\/","article_published_time":"2025-09-26T19:36:44+00:00","article_modified_time":"2025-12-17T17:45:46+00:00","og_image":[{"width":2560,"height":1920,"url":"https:\/\/www.latribunedufaso.net\/wp-content\/uploads\/2025\/09\/IMG_20250926_171729_640-scaled.jpg","type":"image\/jpeg"}],"author":"Issouf Tapsoba","twitter_misc":{"\u00c9crit par":"Issouf Tapsoba","Dur\u00e9e de lecture estim\u00e9e":"3 minutes"},"schema":{"@context":"https:\/\/schema.org","@graph":[{"@type":"Article","@id":"https:\/\/www.latribunedufaso.net\/?p=23812#article","isPartOf":{"@id":"https:\/\/www.latribunedufaso.net\/?p=23812"},"author":{"name":"Issouf Tapsoba","@id":"https:\/\/www.latribunedufaso.net\/#\/schema\/person\/e54e64c5778a7e72cf80a318b7a622b0"},"headline":"Cl\u00f4ture SAMAO 2025 : Les acteurs du secteur minier s&rsquo;engagent pour la r\u00e9habilitation des mines en Afrique","datePublished":"2025-09-26T19:36:44+00:00","dateModified":"2025-12-17T17:45:46+00:00","mainEntityOfPage":{"@id":"https:\/\/www.latribunedufaso.net\/?p=23812"},"wordCount":550,"commentCount":0,"publisher":{"@id":"https:\/\/www.latribunedufaso.net\/#organization"},"image":{"@id":"https:\/\/www.latribunedufaso.net\/?p=23812#primaryimage"},"thumbnailUrl":"https:\/\/www.latribunedufaso.net\/wp-content\/uploads\/2025\/09\/IMG_20250926_171729_640-scaled.jpg","keywords":["latribunedufaso.net","mines et carri\u00e8res","R\u00e9habilitation et fermeture des mines","SAMAO"],"articleSection":["A la une","Actualit\u00e9","Mines et Carri\u00e8res"],"inLanguage":"fr-FR","potentialAction":[{"@type":"CommentAction","name":"Comment","target":["https:\/\/www.latribunedufaso.net\/?p=23812#respond"]}]},{"@type":"WebPage","@id":"https:\/\/www.latribunedufaso.net\/?p=23812","url":"https:\/\/www.latribunedufaso.net\/?p=23812","name":"Cl\u00f4ture SAMAO 2025 : Les acteurs du secteur minier s'engagent pour la r\u00e9habilitation des mines en Afrique - La Tribune du Faso","isPartOf":{"@id":"https:\/\/www.latribunedufaso.net\/#website"},"primaryImageOfPage":{"@id":"https:\/\/www.latribunedufaso.net\/?p=23812#primaryimage"},"image":{"@id":"https:\/\/www.latribunedufaso.net\/?p=23812#primaryimage"},"thumbnailUrl":"https:\/\/www.latribunedufaso.net\/wp-content\/uploads\/2025\/09\/IMG_20250926_171729_640-scaled.jpg","datePublished":"2025-09-26T19:36:44+00:00","dateModified":"2025-12-17T17:45:46+00:00","breadcrumb":{"@id":"https:\/\/www.latribunedufaso.net\/?p=23812#breadcrumb"},"inLanguage":"fr-FR","potentialAction":[{"@type":"ReadAction","target":["https:\/\/www.latribunedufaso.net\/?p=23812"]}]},{"@type":"ImageObject","inLanguage":"fr-FR","@id":"https:\/\/www.latribunedufaso.net\/?p=23812#primaryimage","url":"https:\/\/www.latribunedufaso.net\/wp-content\/uploads\/2025\/09\/IMG_20250926_171729_640-scaled.jpg","contentUrl":"https:\/\/www.latribunedufaso.net\/wp-content\/uploads\/2025\/09\/IMG_20250926_171729_640-scaled.jpg","width":2560,"height":1920,"caption":"Au milieu, le ministre charg\u00e9 des Mines du Burkina, Yacouba Zabr\u00e9 Gouba, pr\u00e9sident de la c\u00e9r\u00e9monie - Ph. I. Tapsoba"},{"@type":"BreadcrumbList","@id":"https:\/\/www.latribunedufaso.net\/?p=23812#breadcrumb","itemListElement":[{"@type":"ListItem","position":1,"name":"Accueil","item":"https:\/\/www.latribunedufaso.net\/"},{"@type":"ListItem","position":2,"name":"Cl\u00f4ture SAMAO 2025 : Les acteurs du secteur minier s&rsquo;engagent pour la r\u00e9habilitation des mines en Afrique"}]},{"@type":"WebSite","@id":"https:\/\/www.latribunedufaso.net\/#website","url":"https:\/\/www.latribunedufaso.net\/","name":"La Tribune du Faso","description":"L&#039;information du monde rural en un clic","publisher":{"@id":"https:\/\/www.latribunedufaso.net\/#organization"},"potentialAction":[{"@type":"SearchAction","target":{"@type":"EntryPoint","urlTemplate":"https:\/\/www.latribunedufaso.net\/?s={search_term_string}"},"query-input":{"@type":"PropertyValueSpecification","valueRequired":true,"valueName":"search_term_string"}}],"inLanguage":"fr-FR"},{"@type":"Organization","@id":"https:\/\/www.latribunedufaso.net\/#organization","name":"La Tribune du Faso","url":"https:\/\/www.latribunedufaso.net\/","logo":{"@type":"ImageObject","inLanguage":"fr-FR","@id":"https:\/\/www.latribunedufaso.net\/#\/schema\/logo\/image\/","url":"https:\/\/www.latribunedufaso.net\/wp-content\/uploads\/2020\/08\/Logo-Tribune-du-Faso-final-scaled.jpg","contentUrl":"https:\/\/www.latribunedufaso.net\/wp-content\/uploads\/2020\/08\/Logo-Tribune-du-Faso-final-scaled.jpg","width":2560,"height":1856,"caption":"La Tribune du Faso"},"image":{"@id":"https:\/\/www.latribunedufaso.net\/#\/schema\/logo\/image\/"},"sameAs":["https:\/\/www.facebook.com\/LatribuneduFaso\/"]},{"@type":"Person","@id":"https:\/\/www.latribunedufaso.net\/#\/schema\/person\/e54e64c5778a7e72cf80a318b7a622b0","name":"Issouf Tapsoba","image":{"@type":"ImageObject","inLanguage":"fr-FR","@id":"https:\/\/secure.gravatar.com\/avatar\/5e6c05150ce3230247d167f5b94d678eb05936197436d69b7921e3a95c9107ac?s=96&d=mm&r=g","url":"https:\/\/secure.gravatar.com\/avatar\/5e6c05150ce3230247d167f5b94d678eb05936197436d69b7921e3a95c9107ac?s=96&d=mm&r=g","contentUrl":"https:\/\/secure.gravatar.com\/avatar\/5e6c05150ce3230247d167f5b94d678eb05936197436d69b7921e3a95c9107ac?s=96&d=mm&r=g","caption":"Issouf Tapsoba"},"url":"https:\/\/www.latribunedufaso.net\/?author=5"}]}},"_links":{"self":[{"href":"https:\/\/www.latribunedufaso.net\/index.php?rest_route=\/wp\/v2\/posts\/23812","targetHints":{"allow":["GET"]}}],"collection":[{"href":"https:\/\/www.latribunedufaso.net\/index.php?rest_route=\/wp\/v2\/posts"}],"about":[{"href":"https:\/\/www.latribunedufaso.net\/index.php?rest_route=\/wp\/v2\/types\/post"}],"author":[{"embeddable":true,"href":"https:\/\/www.latribunedufaso.net\/index.php?rest_route=\/wp\/v2\/users\/5"}],"replies":[{"embeddable":true,"href":"https:\/\/www.latribunedufaso.net\/index.php?rest_route=%2Fwp%2Fv2%2Fcomments&post=23812"}],"version-history":[{"count":7,"href":"https:\/\/www.latribunedufaso.net\/index.php?rest_route=\/wp\/v2\/posts\/23812\/revisions"}],"predecessor-version":[{"id":25825,"href":"https:\/\/www.latribunedufaso.net\/index.php?rest_route=\/wp\/v2\/posts\/23812\/revisions\/25825"}],"wp:featuredmedia":[{"embeddable":true,"href":"https:\/\/www.latribunedufaso.net\/index.php?rest_route=\/wp\/v2\/media\/23815"}],"wp:attachment":[{"href":"https:\/\/www.latribunedufaso.net\/index.php?rest_route=%2Fwp%2Fv2%2Fmedia&parent=23812"}],"wp:term":[{"taxonomy":"category","embeddable":true,"href":"https:\/\/www.latribunedufaso.net\/index.php?rest_route=%2Fwp%2Fv2%2Fcategories&post=23812"},{"taxonomy":"post_tag","embeddable":true,"href":"https:\/\/www.latribunedufaso.net\/index.php?rest_route=%2Fwp%2Fv2%2Ftags&post=23812"}],"curies":[{"name":"wp","href":"https:\/\/api.w.org\/{rel}","templated":true}]}}