{"id":23802,"date":"2025-09-26T13:09:23","date_gmt":"2025-09-26T13:09:23","guid":{"rendered":"https:\/\/www.latribunedufaso.net\/?p=23802"},"modified":"2025-12-17T17:24:42","modified_gmt":"2025-12-17T17:24:42","slug":"samao-2025-le-mali-et-le-burkina-faso-mutualisent-leurs-experiences-pour-la-rehabilitation-des-mines","status":"publish","type":"post","link":"https:\/\/www.latribunedufaso.net\/?p=23802","title":{"rendered":"SAMAO 2025 : Le Mali et le Burkina Faso mutualisent leurs exp\u00e9riences pour la r\u00e9habilitation des mines"},"content":{"rendered":"<p><strong>La 7\u1d49 \u00e9dition de la Semaine des activit\u00e9s mini\u00e8res d\u2019Afrique de l\u2019Ouest (SAMAO) s\u2019est poursuivie \u00e0 Ouagadougou avec un panel de haut niveau, le 25 septembre 2025. Sous le th\u00e8me <em>\u00ab Les d\u00e9fis de la r\u00e9habilitation et de la fermeture des mines en Afrique : Quelle nouvelle vie pour les communaut\u00e9s locales ? \u00bb<\/em>, les ministres en charge des Mines du Mali et du Burkina Faso, Amadou Keita et Yacouba Zabr\u00e9 Gouba, ainsi que le ministre burkinab\u00e8 de l\u2019Environnement, Roger Baro, ont partag\u00e9 leurs exp\u00e9riences. <\/strong><!--more--><\/p>\n<p>\u200eLe ministre burkinab\u00e8 de l\u2019Environnement, Roger Baro, a abord\u00e9 les risques environnementaux li\u00e9s \u00e0 l\u2019exploitation mini\u00e8re, tels que la d\u00e9forestation et la gestion des r\u00e9sidus miniers contenant des m\u00e9taux lourds.<\/p>\n<figure id=\"attachment_23807\" aria-describedby=\"caption-attachment-23807\" style=\"width: 1920px\" class=\"wp-caption aligncenter\"><a href=\"https:\/\/www.latribunedufaso.net\/wp-content\/uploads\/2025\/09\/FB_IMG_1758891151956.jpg\"><img loading=\"lazy\" decoding=\"async\" class=\"size-full wp-image-23807\" src=\"https:\/\/www.latribunedufaso.net\/wp-content\/uploads\/2025\/09\/FB_IMG_1758891151956.jpg\" alt=\"Panel de haut de la SAMAO sur la r\u00e9habilitation et fermeture des mines en Afrique, 25 septembre 2025\" width=\"1920\" height=\"902\" srcset=\"https:\/\/www.latribunedufaso.net\/wp-content\/uploads\/2025\/09\/FB_IMG_1758891151956.jpg 1920w, https:\/\/www.latribunedufaso.net\/wp-content\/uploads\/2025\/09\/FB_IMG_1758891151956-300x141.jpg 300w, https:\/\/www.latribunedufaso.net\/wp-content\/uploads\/2025\/09\/FB_IMG_1758891151956-1024x481.jpg 1024w, https:\/\/www.latribunedufaso.net\/wp-content\/uploads\/2025\/09\/FB_IMG_1758891151956-768x361.jpg 768w, https:\/\/www.latribunedufaso.net\/wp-content\/uploads\/2025\/09\/FB_IMG_1758891151956-1536x722.jpg 1536w\" sizes=\"auto, (max-width: 1920px) 100vw, 1920px\" \/><\/a><figcaption id=\"caption-attachment-23807\" class=\"wp-caption-text\">Le ministre de charg\u00e9 de l&rsquo;Environnement du Burkina, Roger Baro &#8211; Ph. DR<\/figcaption><\/figure>\n<p>Il a soulign\u00e9 les d\u00e9fis auxquels le Burkina Faso est confront\u00e9, notamment la non-disponibilit\u00e9 des fonds de r\u00e9habilitation pour les mines abandonn\u00e9es, comme celle de Poura, un probl\u00e8me qui a \u00e9t\u00e9 r\u00e9solu. Il a toutefois d\u00e9plor\u00e9 que certaines compagnies ne paient pas leurs cotisations, malgr\u00e9 leurs bons r\u00e9sultats financiers.<\/p>\n<figure id=\"attachment_23805\" aria-describedby=\"caption-attachment-23805\" style=\"width: 2048px\" class=\"wp-caption aligncenter\"><a href=\"https:\/\/www.latribunedufaso.net\/wp-content\/uploads\/2025\/09\/FB_IMG_1758891164046.jpg\"><img loading=\"lazy\" decoding=\"async\" class=\"size-full wp-image-23805\" src=\"https:\/\/www.latribunedufaso.net\/wp-content\/uploads\/2025\/09\/FB_IMG_1758891164046.jpg\" alt=\"Panel de haut de la SAMAO sur la r\u00e9habilitation et fermeture des mines en Afrique, 25 septembre 2025\" width=\"2048\" height=\"1367\" srcset=\"https:\/\/www.latribunedufaso.net\/wp-content\/uploads\/2025\/09\/FB_IMG_1758891164046.jpg 2048w, https:\/\/www.latribunedufaso.net\/wp-content\/uploads\/2025\/09\/FB_IMG_1758891164046-300x200.jpg 300w, https:\/\/www.latribunedufaso.net\/wp-content\/uploads\/2025\/09\/FB_IMG_1758891164046-1024x684.jpg 1024w, https:\/\/www.latribunedufaso.net\/wp-content\/uploads\/2025\/09\/FB_IMG_1758891164046-768x513.jpg 768w, https:\/\/www.latribunedufaso.net\/wp-content\/uploads\/2025\/09\/FB_IMG_1758891164046-1536x1025.jpg 1536w, https:\/\/www.latribunedufaso.net\/wp-content\/uploads\/2025\/09\/FB_IMG_1758891164046-840x560.jpg 840w, https:\/\/www.latribunedufaso.net\/wp-content\/uploads\/2025\/09\/FB_IMG_1758891164046-120x80.jpg 120w, https:\/\/www.latribunedufaso.net\/wp-content\/uploads\/2025\/09\/FB_IMG_1758891164046-360x240.jpg 360w, https:\/\/www.latribunedufaso.net\/wp-content\/uploads\/2025\/09\/FB_IMG_1758891164046-600x400.jpg 600w\" sizes=\"auto, (max-width: 2048px) 100vw, 2048px\" \/><\/a><figcaption id=\"caption-attachment-23805\" class=\"wp-caption-text\">Le ministre des Mines du Burkina, Yacouba Zabr\u00e9 Gouba &#8211; Ph. DR<\/figcaption><\/figure>\n<p>\u200eSon homologue des Mines, Yacouba Zabr\u00e9 Gouba, a pr\u00e9sent\u00e9 les r\u00e9formes du nouveau code minier burkinab\u00e8. Il a mis en avant la prise en compte des questions d\u2019\u00e9tudes d\u2019impact environnemental et de r\u00e9habilitation. Il a \u00e9galement insist\u00e9 sur la n\u00e9cessit\u00e9 de formaliser le secteur de l\u2019artisanat minier.<\/p>\n<p>Il a soulign\u00e9 l&rsquo;importance de ce secteur pour l&rsquo;\u00e9conomie nationale qui compte\u00a0plus de 800 sites et des milliers de travailleurs. Il a \u00e9galement soulign\u00e9 la n\u00e9cessit\u00e9 de mettre en place une structure pour g\u00e9rer les actifs de l\u2019\u00c9tat.<\/p>\n<p><iframe loading=\"lazy\" width=\"560\" height=\"315\" src=\"https:\/\/www.youtube.com\/embed\/ibBJB5G5kBM?si=-2IyGhSndWPwiouW\" title=\"YouTube video player\" frameborder=\"0\" allow=\"accelerometer; autoplay; clipboard-write; encrypted-media; gyroscope; picture-in-picture; web-share\" referrerpolicy=\"strict-origin-when-cross-origin\" allowfullscreen><\/iframe><\/p>\n<h3>\u200eL\u2019exp\u00e9rience malienne en mati\u00e8re de gouvernance mini\u00e8re<\/h3>\n<p>\u200eLe ministre malien des Mines, Amadou Keita, a partag\u00e9 l\u2019exp\u00e9rience de son pays, qui a \u00e9galement tir\u00e9 des le\u00e7ons de mines abandonn\u00e9es comme celles de Siama et Morila. Le Mali a mis en place un cadre juridique strict pour garantir l\u2019exploitation durable.<\/p>\n<figure id=\"attachment_23806\" aria-describedby=\"caption-attachment-23806\" style=\"width: 1920px\" class=\"wp-caption aligncenter\"><a href=\"https:\/\/www.latribunedufaso.net\/wp-content\/uploads\/2025\/09\/FB_IMG_1758891158829.jpg\"><img loading=\"lazy\" decoding=\"async\" class=\"size-full wp-image-23806\" src=\"https:\/\/www.latribunedufaso.net\/wp-content\/uploads\/2025\/09\/FB_IMG_1758891158829.jpg\" alt=\"Panel de haut de la SAMAO sur la r\u00e9habilitation et fermeture des mines en Afrique, 25 septembre 2025\" width=\"1920\" height=\"910\" srcset=\"https:\/\/www.latribunedufaso.net\/wp-content\/uploads\/2025\/09\/FB_IMG_1758891158829.jpg 1920w, https:\/\/www.latribunedufaso.net\/wp-content\/uploads\/2025\/09\/FB_IMG_1758891158829-300x142.jpg 300w, https:\/\/www.latribunedufaso.net\/wp-content\/uploads\/2025\/09\/FB_IMG_1758891158829-1024x485.jpg 1024w, https:\/\/www.latribunedufaso.net\/wp-content\/uploads\/2025\/09\/FB_IMG_1758891158829-768x364.jpg 768w, https:\/\/www.latribunedufaso.net\/wp-content\/uploads\/2025\/09\/FB_IMG_1758891158829-1536x728.jpg 1536w\" sizes=\"auto, (max-width: 1920px) 100vw, 1920px\" \/><\/a><figcaption id=\"caption-attachment-23806\" class=\"wp-caption-text\">Le ministre malien des Mines, Amadou Keita &#8211; Ph. DR<\/figcaption><\/figure>\n<p>Le nouveau code minier malien exige que tout projet d\u2019exploitation soit assorti d\u2019un plan de d\u00e9veloppement pour les communaut\u00e9s locales, afin de pr\u00e9parer l\u2019apr\u00e8s-mine. Pour assurer le respect des normes, le Mali a cr\u00e9\u00e9 un organe de surveillance et une brigade sp\u00e9ciale des mines charg\u00e9e de r\u00e9primer les infractions.<\/p>\n<p><strong>Issouf TAPSOBA\u00a0<\/strong><\/p>\n<p><strong>Latribunedufaso.net<\/strong><\/p>\n<p>Lire aussi &gt;&gt; <a href=\"https:\/\/www.latribunedufaso.net\/?p=23781\">Burkina : La 7\u1d49 \u00e9dition de la SAMAO lanc\u00e9e sous le signe de la r\u00e9habilitation des mines<\/a><\/p>\n<figure id=\"attachment_23804\" aria-describedby=\"caption-attachment-23804\" style=\"width: 2048px\" class=\"wp-caption aligncenter\"><a href=\"https:\/\/www.latribunedufaso.net\/wp-content\/uploads\/2025\/09\/FB_IMG_1758891258304.jpg\"><img loading=\"lazy\" decoding=\"async\" class=\"size-full wp-image-23804\" src=\"https:\/\/www.latribunedufaso.net\/wp-content\/uploads\/2025\/09\/FB_IMG_1758891258304.jpg\" alt=\"Panel de haut de la SAMAO sur la r\u00e9habilitation et fermeture des mines en Afrique, 25 septembre 2025\" width=\"2048\" height=\"1202\" srcset=\"https:\/\/www.latribunedufaso.net\/wp-content\/uploads\/2025\/09\/FB_IMG_1758891258304.jpg 2048w, https:\/\/www.latribunedufaso.net\/wp-content\/uploads\/2025\/09\/FB_IMG_1758891258304-300x176.jpg 300w, https:\/\/www.latribunedufaso.net\/wp-content\/uploads\/2025\/09\/FB_IMG_1758891258304-1024x601.jpg 1024w, https:\/\/www.latribunedufaso.net\/wp-content\/uploads\/2025\/09\/FB_IMG_1758891258304-768x451.jpg 768w, https:\/\/www.latribunedufaso.net\/wp-content\/uploads\/2025\/09\/FB_IMG_1758891258304-1536x902.jpg 1536w\" sizes=\"auto, (max-width: 2048px) 100vw, 2048px\" \/><\/a><figcaption id=\"caption-attachment-23804\" class=\"wp-caption-text\">Une vue des participants au panel &#8211; Ph. DR<\/figcaption><\/figure>\n","protected":false},"excerpt":{"rendered":"<p>La 7\u1d49 \u00e9dition de la Semaine des activit\u00e9s mini\u00e8res d\u2019Afrique de l\u2019Ouest (SAMAO) s\u2019est poursuivie \u00e0 Ouagadougou avec un panel de haut niveau, le 25 septembre 2025. Sous le th\u00e8me \u00ab Les d\u00e9fis de la r\u00e9habilitation et de la fermeture des mines en Afrique : Quelle nouvelle vie pour les communaut\u00e9s locales ? \u00bb, les ministres en charge des Mines du Mali et du Burkina Faso, Amadou Keita et Yacouba Zabr\u00e9 Gouba, ainsi que le ministre burkinab\u00e8 de l\u2019Environnement, Roger Baro, ont partag\u00e9 leurs exp\u00e9riences.<\/p>\n","protected":false},"author":5,"featured_media":23808,"comment_status":"open","ping_status":"open","sticky":false,"template":"","format":"standard","meta":{"footnotes":""},"categories":[13,1,19],"tags":[39,52,1596],"class_list":["post-23802","post","type-post","status-publish","format-standard","has-post-thumbnail","hentry","category-une","category-actu","category-mines-et-carrieres","tag-latribunedufaso-net","tag-mines-et-carrieres","tag-rehabilitation-et-fermeture-des-mines"],"yoast_head":"<!-- This site is optimized with the Yoast SEO plugin v27.4 - https:\/\/yoast.com\/product\/yoast-seo-wordpress\/ -->\n<title>SAMAO 2025 : Le Mali et le Burkina Faso mutualisent leurs exp\u00e9riences pour la r\u00e9habilitation des mines - La Tribune du Faso<\/title>\n<meta name=\"robots\" content=\"index, follow, max-snippet:-1, max-image-preview:large, max-video-preview:-1\" \/>\n<link rel=\"canonical\" href=\"https:\/\/www.latribunedufaso.net\/?p=23802\" \/>\n<meta property=\"og:locale\" content=\"fr_FR\" \/>\n<meta property=\"og:type\" content=\"article\" \/>\n<meta property=\"og:title\" content=\"SAMAO 2025 : Le Mali et le Burkina Faso mutualisent leurs exp\u00e9riences pour la r\u00e9habilitation des mines - La Tribune du Faso\" \/>\n<meta property=\"og:description\" content=\"La 7\u1d49 \u00e9dition de la Semaine des activit\u00e9s mini\u00e8res d\u2019Afrique de l\u2019Ouest (SAMAO) s\u2019est poursuivie \u00e0 Ouagadougou avec un panel de haut niveau, le 25 septembre 2025. Sous le th\u00e8me \u00ab Les d\u00e9fis de la r\u00e9habilitation et de la fermeture des mines en Afrique : Quelle nouvelle vie pour les communaut\u00e9s locales ? \u00bb, les ministres en charge des Mines du Mali et du Burkina Faso, Amadou Keita et Yacouba Zabr\u00e9 Gouba, ainsi que le ministre burkinab\u00e8 de l\u2019Environnement, Roger Baro, ont partag\u00e9 leurs exp\u00e9riences.\" \/>\n<meta property=\"og:url\" content=\"https:\/\/www.latribunedufaso.net\/?p=23802\" \/>\n<meta property=\"og:site_name\" content=\"La Tribune du Faso\" \/>\n<meta property=\"article:publisher\" content=\"https:\/\/www.facebook.com\/LatribuneduFaso\/\" \/>\n<meta property=\"article:published_time\" content=\"2025-09-26T13:09:23+00:00\" \/>\n<meta property=\"article:modified_time\" content=\"2025-12-17T17:24:42+00:00\" \/>\n<meta property=\"og:image\" content=\"https:\/\/www.latribunedufaso.net\/wp-content\/uploads\/2025\/09\/IMG_20250925_104909_643-scaled.jpg\" \/>\n\t<meta property=\"og:image:width\" content=\"2560\" \/>\n\t<meta property=\"og:image:height\" content=\"1920\" \/>\n\t<meta property=\"og:image:type\" content=\"image\/jpeg\" \/>\n<meta name=\"author\" content=\"Issouf Tapsoba\" \/>\n<meta name=\"twitter:label1\" content=\"\u00c9crit par\" \/>\n\t<meta name=\"twitter:data1\" content=\"Issouf Tapsoba\" \/>\n\t<meta name=\"twitter:label2\" content=\"Dur\u00e9e de lecture estim\u00e9e\" \/>\n\t<meta name=\"twitter:data2\" content=\"4 minutes\" \/>\n<script type=\"application\/ld+json\" class=\"yoast-schema-graph\">{\"@context\":\"https:\\\/\\\/schema.org\",\"@graph\":[{\"@type\":\"Article\",\"@id\":\"https:\\\/\\\/www.latribunedufaso.net\\\/?p=23802#article\",\"isPartOf\":{\"@id\":\"https:\\\/\\\/www.latribunedufaso.net\\\/?p=23802\"},\"author\":{\"name\":\"Issouf Tapsoba\",\"@id\":\"https:\\\/\\\/www.latribunedufaso.net\\\/#\\\/schema\\\/person\\\/e54e64c5778a7e72cf80a318b7a622b0\"},\"headline\":\"SAMAO 2025 : Le Mali et le Burkina Faso mutualisent leurs exp\u00e9riences pour la r\u00e9habilitation des mines\",\"datePublished\":\"2025-09-26T13:09:23+00:00\",\"dateModified\":\"2025-12-17T17:24:42+00:00\",\"mainEntityOfPage\":{\"@id\":\"https:\\\/\\\/www.latribunedufaso.net\\\/?p=23802\"},\"wordCount\":509,\"commentCount\":0,\"publisher\":{\"@id\":\"https:\\\/\\\/www.latribunedufaso.net\\\/#organization\"},\"image\":{\"@id\":\"https:\\\/\\\/www.latribunedufaso.net\\\/?p=23802#primaryimage\"},\"thumbnailUrl\":\"https:\\\/\\\/www.latribunedufaso.net\\\/wp-content\\\/uploads\\\/2025\\\/09\\\/IMG_20250925_104909_643-scaled.jpg\",\"keywords\":[\"latribunedufaso.net\",\"mines et carri\u00e8res\",\"R\u00e9habilitation et fermeture des mines\"],\"articleSection\":[\"A la une\",\"Actualit\u00e9\",\"Mines et Carri\u00e8res\"],\"inLanguage\":\"fr-FR\",\"potentialAction\":[{\"@type\":\"CommentAction\",\"name\":\"Comment\",\"target\":[\"https:\\\/\\\/www.latribunedufaso.net\\\/?p=23802#respond\"]}]},{\"@type\":\"WebPage\",\"@id\":\"https:\\\/\\\/www.latribunedufaso.net\\\/?p=23802\",\"url\":\"https:\\\/\\\/www.latribunedufaso.net\\\/?p=23802\",\"name\":\"SAMAO 2025 : Le Mali et le Burkina Faso mutualisent leurs exp\u00e9riences pour la r\u00e9habilitation des mines - La Tribune du Faso\",\"isPartOf\":{\"@id\":\"https:\\\/\\\/www.latribunedufaso.net\\\/#website\"},\"primaryImageOfPage\":{\"@id\":\"https:\\\/\\\/www.latribunedufaso.net\\\/?p=23802#primaryimage\"},\"image\":{\"@id\":\"https:\\\/\\\/www.latribunedufaso.net\\\/?p=23802#primaryimage\"},\"thumbnailUrl\":\"https:\\\/\\\/www.latribunedufaso.net\\\/wp-content\\\/uploads\\\/2025\\\/09\\\/IMG_20250925_104909_643-scaled.jpg\",\"datePublished\":\"2025-09-26T13:09:23+00:00\",\"dateModified\":\"2025-12-17T17:24:42+00:00\",\"breadcrumb\":{\"@id\":\"https:\\\/\\\/www.latribunedufaso.net\\\/?p=23802#breadcrumb\"},\"inLanguage\":\"fr-FR\",\"potentialAction\":[{\"@type\":\"ReadAction\",\"target\":[\"https:\\\/\\\/www.latribunedufaso.net\\\/?p=23802\"]}]},{\"@type\":\"ImageObject\",\"inLanguage\":\"fr-FR\",\"@id\":\"https:\\\/\\\/www.latribunedufaso.net\\\/?p=23802#primaryimage\",\"url\":\"https:\\\/\\\/www.latribunedufaso.net\\\/wp-content\\\/uploads\\\/2025\\\/09\\\/IMG_20250925_104909_643-scaled.jpg\",\"contentUrl\":\"https:\\\/\\\/www.latribunedufaso.net\\\/wp-content\\\/uploads\\\/2025\\\/09\\\/IMG_20250925_104909_643-scaled.jpg\",\"width\":2560,\"height\":1920,\"caption\":\"Panel de haut de la SAMAO sur la r\u00e9habilitation et fermeture des mines en Afrique, 25 septembre 2025\"},{\"@type\":\"BreadcrumbList\",\"@id\":\"https:\\\/\\\/www.latribunedufaso.net\\\/?p=23802#breadcrumb\",\"itemListElement\":[{\"@type\":\"ListItem\",\"position\":1,\"name\":\"Accueil\",\"item\":\"https:\\\/\\\/www.latribunedufaso.net\\\/\"},{\"@type\":\"ListItem\",\"position\":2,\"name\":\"SAMAO 2025 : Le Mali et le Burkina Faso mutualisent leurs exp\u00e9riences pour la r\u00e9habilitation des mines\"}]},{\"@type\":\"WebSite\",\"@id\":\"https:\\\/\\\/www.latribunedufaso.net\\\/#website\",\"url\":\"https:\\\/\\\/www.latribunedufaso.net\\\/\",\"name\":\"La Tribune du Faso\",\"description\":\"L&#039;information du monde rural en un clic\",\"publisher\":{\"@id\":\"https:\\\/\\\/www.latribunedufaso.net\\\/#organization\"},\"potentialAction\":[{\"@type\":\"SearchAction\",\"target\":{\"@type\":\"EntryPoint\",\"urlTemplate\":\"https:\\\/\\\/www.latribunedufaso.net\\\/?s={search_term_string}\"},\"query-input\":{\"@type\":\"PropertyValueSpecification\",\"valueRequired\":true,\"valueName\":\"search_term_string\"}}],\"inLanguage\":\"fr-FR\"},{\"@type\":\"Organization\",\"@id\":\"https:\\\/\\\/www.latribunedufaso.net\\\/#organization\",\"name\":\"La Tribune du Faso\",\"url\":\"https:\\\/\\\/www.latribunedufaso.net\\\/\",\"logo\":{\"@type\":\"ImageObject\",\"inLanguage\":\"fr-FR\",\"@id\":\"https:\\\/\\\/www.latribunedufaso.net\\\/#\\\/schema\\\/logo\\\/image\\\/\",\"url\":\"https:\\\/\\\/www.latribunedufaso.net\\\/wp-content\\\/uploads\\\/2020\\\/08\\\/Logo-Tribune-du-Faso-final-scaled.jpg\",\"contentUrl\":\"https:\\\/\\\/www.latribunedufaso.net\\\/wp-content\\\/uploads\\\/2020\\\/08\\\/Logo-Tribune-du-Faso-final-scaled.jpg\",\"width\":2560,\"height\":1856,\"caption\":\"La Tribune du Faso\"},\"image\":{\"@id\":\"https:\\\/\\\/www.latribunedufaso.net\\\/#\\\/schema\\\/logo\\\/image\\\/\"},\"sameAs\":[\"https:\\\/\\\/www.facebook.com\\\/LatribuneduFaso\\\/\"]},{\"@type\":\"Person\",\"@id\":\"https:\\\/\\\/www.latribunedufaso.net\\\/#\\\/schema\\\/person\\\/e54e64c5778a7e72cf80a318b7a622b0\",\"name\":\"Issouf Tapsoba\",\"image\":{\"@type\":\"ImageObject\",\"inLanguage\":\"fr-FR\",\"@id\":\"https:\\\/\\\/secure.gravatar.com\\\/avatar\\\/5e6c05150ce3230247d167f5b94d678eb05936197436d69b7921e3a95c9107ac?s=96&d=mm&r=g\",\"url\":\"https:\\\/\\\/secure.gravatar.com\\\/avatar\\\/5e6c05150ce3230247d167f5b94d678eb05936197436d69b7921e3a95c9107ac?s=96&d=mm&r=g\",\"contentUrl\":\"https:\\\/\\\/secure.gravatar.com\\\/avatar\\\/5e6c05150ce3230247d167f5b94d678eb05936197436d69b7921e3a95c9107ac?s=96&d=mm&r=g\",\"caption\":\"Issouf Tapsoba\"},\"url\":\"https:\\\/\\\/www.latribunedufaso.net\\\/?author=5\"}]}<\/script>\n<!-- \/ Yoast SEO plugin. -->","yoast_head_json":{"title":"SAMAO 2025 : Le Mali et le Burkina Faso mutualisent leurs exp\u00e9riences pour la r\u00e9habilitation des mines - La Tribune du Faso","robots":{"index":"index","follow":"follow","max-snippet":"max-snippet:-1","max-image-preview":"max-image-preview:large","max-video-preview":"max-video-preview:-1"},"canonical":"https:\/\/www.latribunedufaso.net\/?p=23802","og_locale":"fr_FR","og_type":"article","og_title":"SAMAO 2025 : Le Mali et le Burkina Faso mutualisent leurs exp\u00e9riences pour la r\u00e9habilitation des mines - La Tribune du Faso","og_description":"La 7\u1d49 \u00e9dition de la Semaine des activit\u00e9s mini\u00e8res d\u2019Afrique de l\u2019Ouest (SAMAO) s\u2019est poursuivie \u00e0 Ouagadougou avec un panel de haut niveau, le 25 septembre 2025. Sous le th\u00e8me \u00ab Les d\u00e9fis de la r\u00e9habilitation et de la fermeture des mines en Afrique : Quelle nouvelle vie pour les communaut\u00e9s locales ? \u00bb, les ministres en charge des Mines du Mali et du Burkina Faso, Amadou Keita et Yacouba Zabr\u00e9 Gouba, ainsi que le ministre burkinab\u00e8 de l\u2019Environnement, Roger Baro, ont partag\u00e9 leurs exp\u00e9riences.","og_url":"https:\/\/www.latribunedufaso.net\/?p=23802","og_site_name":"La Tribune du Faso","article_publisher":"https:\/\/www.facebook.com\/LatribuneduFaso\/","article_published_time":"2025-09-26T13:09:23+00:00","article_modified_time":"2025-12-17T17:24:42+00:00","og_image":[{"width":2560,"height":1920,"url":"https:\/\/www.latribunedufaso.net\/wp-content\/uploads\/2025\/09\/IMG_20250925_104909_643-scaled.jpg","type":"image\/jpeg"}],"author":"Issouf Tapsoba","twitter_misc":{"\u00c9crit par":"Issouf Tapsoba","Dur\u00e9e de lecture estim\u00e9e":"4 minutes"},"schema":{"@context":"https:\/\/schema.org","@graph":[{"@type":"Article","@id":"https:\/\/www.latribunedufaso.net\/?p=23802#article","isPartOf":{"@id":"https:\/\/www.latribunedufaso.net\/?p=23802"},"author":{"name":"Issouf Tapsoba","@id":"https:\/\/www.latribunedufaso.net\/#\/schema\/person\/e54e64c5778a7e72cf80a318b7a622b0"},"headline":"SAMAO 2025 : Le Mali et le Burkina Faso mutualisent leurs exp\u00e9riences pour la r\u00e9habilitation des mines","datePublished":"2025-09-26T13:09:23+00:00","dateModified":"2025-12-17T17:24:42+00:00","mainEntityOfPage":{"@id":"https:\/\/www.latribunedufaso.net\/?p=23802"},"wordCount":509,"commentCount":0,"publisher":{"@id":"https:\/\/www.latribunedufaso.net\/#organization"},"image":{"@id":"https:\/\/www.latribunedufaso.net\/?p=23802#primaryimage"},"thumbnailUrl":"https:\/\/www.latribunedufaso.net\/wp-content\/uploads\/2025\/09\/IMG_20250925_104909_643-scaled.jpg","keywords":["latribunedufaso.net","mines et carri\u00e8res","R\u00e9habilitation et fermeture des mines"],"articleSection":["A la une","Actualit\u00e9","Mines et Carri\u00e8res"],"inLanguage":"fr-FR","potentialAction":[{"@type":"CommentAction","name":"Comment","target":["https:\/\/www.latribunedufaso.net\/?p=23802#respond"]}]},{"@type":"WebPage","@id":"https:\/\/www.latribunedufaso.net\/?p=23802","url":"https:\/\/www.latribunedufaso.net\/?p=23802","name":"SAMAO 2025 : Le Mali et le Burkina Faso mutualisent leurs exp\u00e9riences pour la r\u00e9habilitation des mines - La Tribune du Faso","isPartOf":{"@id":"https:\/\/www.latribunedufaso.net\/#website"},"primaryImageOfPage":{"@id":"https:\/\/www.latribunedufaso.net\/?p=23802#primaryimage"},"image":{"@id":"https:\/\/www.latribunedufaso.net\/?p=23802#primaryimage"},"thumbnailUrl":"https:\/\/www.latribunedufaso.net\/wp-content\/uploads\/2025\/09\/IMG_20250925_104909_643-scaled.jpg","datePublished":"2025-09-26T13:09:23+00:00","dateModified":"2025-12-17T17:24:42+00:00","breadcrumb":{"@id":"https:\/\/www.latribunedufaso.net\/?p=23802#breadcrumb"},"inLanguage":"fr-FR","potentialAction":[{"@type":"ReadAction","target":["https:\/\/www.latribunedufaso.net\/?p=23802"]}]},{"@type":"ImageObject","inLanguage":"fr-FR","@id":"https:\/\/www.latribunedufaso.net\/?p=23802#primaryimage","url":"https:\/\/www.latribunedufaso.net\/wp-content\/uploads\/2025\/09\/IMG_20250925_104909_643-scaled.jpg","contentUrl":"https:\/\/www.latribunedufaso.net\/wp-content\/uploads\/2025\/09\/IMG_20250925_104909_643-scaled.jpg","width":2560,"height":1920,"caption":"Panel de haut de la SAMAO sur la r\u00e9habilitation et fermeture des mines en Afrique, 25 septembre 2025"},{"@type":"BreadcrumbList","@id":"https:\/\/www.latribunedufaso.net\/?p=23802#breadcrumb","itemListElement":[{"@type":"ListItem","position":1,"name":"Accueil","item":"https:\/\/www.latribunedufaso.net\/"},{"@type":"ListItem","position":2,"name":"SAMAO 2025 : Le Mali et le Burkina Faso mutualisent leurs exp\u00e9riences pour la r\u00e9habilitation des mines"}]},{"@type":"WebSite","@id":"https:\/\/www.latribunedufaso.net\/#website","url":"https:\/\/www.latribunedufaso.net\/","name":"La Tribune du Faso","description":"L&#039;information du monde rural en un clic","publisher":{"@id":"https:\/\/www.latribunedufaso.net\/#organization"},"potentialAction":[{"@type":"SearchAction","target":{"@type":"EntryPoint","urlTemplate":"https:\/\/www.latribunedufaso.net\/?s={search_term_string}"},"query-input":{"@type":"PropertyValueSpecification","valueRequired":true,"valueName":"search_term_string"}}],"inLanguage":"fr-FR"},{"@type":"Organization","@id":"https:\/\/www.latribunedufaso.net\/#organization","name":"La Tribune du Faso","url":"https:\/\/www.latribunedufaso.net\/","logo":{"@type":"ImageObject","inLanguage":"fr-FR","@id":"https:\/\/www.latribunedufaso.net\/#\/schema\/logo\/image\/","url":"https:\/\/www.latribunedufaso.net\/wp-content\/uploads\/2020\/08\/Logo-Tribune-du-Faso-final-scaled.jpg","contentUrl":"https:\/\/www.latribunedufaso.net\/wp-content\/uploads\/2020\/08\/Logo-Tribune-du-Faso-final-scaled.jpg","width":2560,"height":1856,"caption":"La Tribune du Faso"},"image":{"@id":"https:\/\/www.latribunedufaso.net\/#\/schema\/logo\/image\/"},"sameAs":["https:\/\/www.facebook.com\/LatribuneduFaso\/"]},{"@type":"Person","@id":"https:\/\/www.latribunedufaso.net\/#\/schema\/person\/e54e64c5778a7e72cf80a318b7a622b0","name":"Issouf Tapsoba","image":{"@type":"ImageObject","inLanguage":"fr-FR","@id":"https:\/\/secure.gravatar.com\/avatar\/5e6c05150ce3230247d167f5b94d678eb05936197436d69b7921e3a95c9107ac?s=96&d=mm&r=g","url":"https:\/\/secure.gravatar.com\/avatar\/5e6c05150ce3230247d167f5b94d678eb05936197436d69b7921e3a95c9107ac?s=96&d=mm&r=g","contentUrl":"https:\/\/secure.gravatar.com\/avatar\/5e6c05150ce3230247d167f5b94d678eb05936197436d69b7921e3a95c9107ac?s=96&d=mm&r=g","caption":"Issouf Tapsoba"},"url":"https:\/\/www.latribunedufaso.net\/?author=5"}]}},"_links":{"self":[{"href":"https:\/\/www.latribunedufaso.net\/index.php?rest_route=\/wp\/v2\/posts\/23802","targetHints":{"allow":["GET"]}}],"collection":[{"href":"https:\/\/www.latribunedufaso.net\/index.php?rest_route=\/wp\/v2\/posts"}],"about":[{"href":"https:\/\/www.latribunedufaso.net\/index.php?rest_route=\/wp\/v2\/types\/post"}],"author":[{"embeddable":true,"href":"https:\/\/www.latribunedufaso.net\/index.php?rest_route=\/wp\/v2\/users\/5"}],"replies":[{"embeddable":true,"href":"https:\/\/www.latribunedufaso.net\/index.php?rest_route=%2Fwp%2Fv2%2Fcomments&post=23802"}],"version-history":[{"count":3,"href":"https:\/\/www.latribunedufaso.net\/index.php?rest_route=\/wp\/v2\/posts\/23802\/revisions"}],"predecessor-version":[{"id":25814,"href":"https:\/\/www.latribunedufaso.net\/index.php?rest_route=\/wp\/v2\/posts\/23802\/revisions\/25814"}],"wp:featuredmedia":[{"embeddable":true,"href":"https:\/\/www.latribunedufaso.net\/index.php?rest_route=\/wp\/v2\/media\/23808"}],"wp:attachment":[{"href":"https:\/\/www.latribunedufaso.net\/index.php?rest_route=%2Fwp%2Fv2%2Fmedia&parent=23802"}],"wp:term":[{"taxonomy":"category","embeddable":true,"href":"https:\/\/www.latribunedufaso.net\/index.php?rest_route=%2Fwp%2Fv2%2Fcategories&post=23802"},{"taxonomy":"post_tag","embeddable":true,"href":"https:\/\/www.latribunedufaso.net\/index.php?rest_route=%2Fwp%2Fv2%2Ftags&post=23802"}],"curies":[{"name":"wp","href":"https:\/\/api.w.org\/{rel}","templated":true}]}}