{"id":23769,"date":"2025-09-24T16:44:54","date_gmt":"2025-09-24T16:44:54","guid":{"rendered":"https:\/\/www.latribunedufaso.net\/?p=23769"},"modified":"2025-12-17T16:55:13","modified_gmt":"2025-12-17T16:55:13","slug":"championnat-national-de-peche-sportive-rendez-vous-les-26-et-27-septembre-2025-a-bazega-pour-la-3%e1%b5%89-edition","status":"publish","type":"post","link":"https:\/\/www.latribunedufaso.net\/?p=23769","title":{"rendered":"Championnat national de p\u00eache sportive : Rendez-vous les 26 et 27 septembre 2025 \u00e0 Baz\u00e8ga pour la 3\u1d49 \u00e9dition"},"content":{"rendered":"<p><strong>Le comit\u00e9 d\u2019organisation du Championnat national de p\u00eache sportive a tenu une conf\u00e9rence de presse ce 24 septembre 2025 \u00e0 Ouagadougou pour annoncer la tenue de la 3\u1d49 \u00e9dition de la comp\u00e9tition. L\u2019\u00e9v\u00e9nement se d\u00e9roulera les 26 et 27 septembre au barrage du Baz\u00e8ga, avec pour objectif de promouvoir la p\u00eache responsable, la pr\u00e9servation de l\u2019environnement aquatique et le tourisme local.<\/strong><!--more--><\/p>\n<p>Le comit\u00e9 d&rsquo;organisation du Championnat national de p\u00eache sportive (CNPS) a annonc\u00e9, ce 24 septembre 2025 \u00e0 Ouagadougou, la tenue de la 3\u1d49 \u00e9dition de la comp\u00e9tition, pr\u00e9vue du 26 au 27 septembre au barrage du Baz\u00e8ga.<\/p>\n<figure id=\"attachment_23771\" aria-describedby=\"caption-attachment-23771\" style=\"width: 913px\" class=\"wp-caption aligncenter\"><a href=\"https:\/\/www.latribunedufaso.net\/wp-content\/uploads\/2025\/09\/IMG-20250925-WA0040.jpg\"><img loading=\"lazy\" decoding=\"async\" class=\"size-full wp-image-23771\" src=\"https:\/\/www.latribunedufaso.net\/wp-content\/uploads\/2025\/09\/IMG-20250925-WA0040.jpg\" alt=\"Le comit\u00e9 d\u2019organisation du Championnat national de p\u00eache sportive a tenu une conf\u00e9rence de presse ce 24 septembre 2025 \u00e0 Ouagadougou pour annoncer la tenue de la 3\u1d49 \u00e9dition de la comp\u00e9tition\" width=\"913\" height=\"1075\" srcset=\"https:\/\/www.latribunedufaso.net\/wp-content\/uploads\/2025\/09\/IMG-20250925-WA0040.jpg 913w, https:\/\/www.latribunedufaso.net\/wp-content\/uploads\/2025\/09\/IMG-20250925-WA0040-255x300.jpg 255w, https:\/\/www.latribunedufaso.net\/wp-content\/uploads\/2025\/09\/IMG-20250925-WA0040-870x1024.jpg 870w, https:\/\/www.latribunedufaso.net\/wp-content\/uploads\/2025\/09\/IMG-20250925-WA0040-768x904.jpg 768w\" sizes=\"auto, (max-width: 913px) 100vw, 913px\" \/><\/a><figcaption id=\"caption-attachment-23771\" class=\"wp-caption-text\">Une vue du troph\u00e9e du championnat national de p\u00eache sportive &#8211; Ph. A. Kiendrebeogo<\/figcaption><\/figure>\n<p>Plac\u00e9e sous le th\u00e8me <em><strong>\u00ab P\u00eache sportive et d\u00e9veloppement du tourisme local \u00bb<\/strong><\/em>, cette \u00e9dition vise \u00e0 promouvoir la p\u00eache responsable, la protection de l\u2019environnement aquatique, ainsi que le tourisme local.<\/p>\n<p>Plus de 60 participants sont d\u00e9j\u00e0 inscrits. Chacun b\u00e9n\u00e9ficie d\u2019un permis de p\u00eache valable un an et d\u2019un cours de p\u00eache dispens\u00e9 le jour m\u00eame, avant le d\u00e9but de la comp\u00e9tition.<\/p>\n<figure id=\"attachment_23773\" aria-describedby=\"caption-attachment-23773\" style=\"width: 2560px\" class=\"wp-caption aligncenter\"><a href=\"https:\/\/www.latribunedufaso.net\/wp-content\/uploads\/2025\/09\/IMG-20250925-WA0036.jpg\"><img loading=\"lazy\" decoding=\"async\" class=\"size-full wp-image-23773\" src=\"https:\/\/www.latribunedufaso.net\/wp-content\/uploads\/2025\/09\/IMG-20250925-WA0036.jpg\" alt=\"Le comit\u00e9 d\u2019organisation du Championnat national de p\u00eache sportive a tenu une conf\u00e9rence de presse ce 24 septembre 2025 \u00e0 Ouagadougou pour annoncer la tenue de la 3\u1d49 \u00e9dition de la comp\u00e9tition\" width=\"2560\" height=\"1927\" srcset=\"https:\/\/www.latribunedufaso.net\/wp-content\/uploads\/2025\/09\/IMG-20250925-WA0036.jpg 2560w, https:\/\/www.latribunedufaso.net\/wp-content\/uploads\/2025\/09\/IMG-20250925-WA0036-300x226.jpg 300w, https:\/\/www.latribunedufaso.net\/wp-content\/uploads\/2025\/09\/IMG-20250925-WA0036-1024x771.jpg 1024w, https:\/\/www.latribunedufaso.net\/wp-content\/uploads\/2025\/09\/IMG-20250925-WA0036-768x578.jpg 768w, https:\/\/www.latribunedufaso.net\/wp-content\/uploads\/2025\/09\/IMG-20250925-WA0036-1536x1156.jpg 1536w, https:\/\/www.latribunedufaso.net\/wp-content\/uploads\/2025\/09\/IMG-20250925-WA0036-2048x1542.jpg 2048w\" sizes=\"auto, (max-width: 2560px) 100vw, 2560px\" \/><\/a><figcaption id=\"caption-attachment-23773\" class=\"wp-caption-text\">Une vue des journalistes \u00e0 la conf\u00e9rence de presse &#8211; Ph. A. Kiendrebeogo<\/figcaption><\/figure>\n<p>Le vainqueur de cette \u00e9dition repartira avec un troph\u00e9e et la somme de 75 000 F CFA, tandis que les deuxi\u00e8me et troisi\u00e8me recevront respectivement 50 000 F CFA et 25 000 F CFA.<\/p>\n<p>La p\u00eache sportive, selon les organisateurs, est une discipline qui allie sport et loisir. Les poissons captur\u00e9s sont rel\u00e2ch\u00e9s apr\u00e8s la prise, dans un souci de pr\u00e9servation durable des ressources halieutiques.\u00a0<\/p>\n<figure id=\"attachment_23772\" aria-describedby=\"caption-attachment-23772\" style=\"width: 2560px\" class=\"wp-caption aligncenter\"><a href=\"https:\/\/www.latribunedufaso.net\/wp-content\/uploads\/2025\/09\/IMG-20250925-WA0039.jpg\"><img loading=\"lazy\" decoding=\"async\" class=\"size-full wp-image-23772\" src=\"https:\/\/www.latribunedufaso.net\/wp-content\/uploads\/2025\/09\/IMG-20250925-WA0039.jpg\" alt=\"Le comit\u00e9 d\u2019organisation du Championnat national de p\u00eache sportive a tenu une conf\u00e9rence de presse ce 24 septembre 2025 \u00e0 Ouagadougou pour annoncer la tenue de la 3\u1d49 \u00e9dition de la comp\u00e9tition\" width=\"2560\" height=\"1927\" srcset=\"https:\/\/www.latribunedufaso.net\/wp-content\/uploads\/2025\/09\/IMG-20250925-WA0039.jpg 2560w, https:\/\/www.latribunedufaso.net\/wp-content\/uploads\/2025\/09\/IMG-20250925-WA0039-300x226.jpg 300w, https:\/\/www.latribunedufaso.net\/wp-content\/uploads\/2025\/09\/IMG-20250925-WA0039-1024x771.jpg 1024w, https:\/\/www.latribunedufaso.net\/wp-content\/uploads\/2025\/09\/IMG-20250925-WA0039-768x578.jpg 768w, https:\/\/www.latribunedufaso.net\/wp-content\/uploads\/2025\/09\/IMG-20250925-WA0039-1536x1156.jpg 1536w, https:\/\/www.latribunedufaso.net\/wp-content\/uploads\/2025\/09\/IMG-20250925-WA0039-2048x1542.jpg 2048w\" sizes=\"auto, (max-width: 2560px) 100vw, 2560px\" \/><\/a><figcaption id=\"caption-attachment-23772\" class=\"wp-caption-text\">Le promoteur de l\u2019initiative, Ayo Azenwo Souma\u00efla &#8211; Ph. A. Kiendrebeogo<\/figcaption><\/figure>\n<p>Pour le promoteur de l\u2019initiative, Ayo Azenwo Souma\u00efla, le choix du barrage de Baz\u00e8ga pour cette \u00e9dition n\u2019est pas fortuit.\u00a0<em><strong>\u00ab Le Baz\u00e8ga poumon \u00e9conomique de la province qui porte son nom se meurt non seulement sur le poids de son \u00e2ge avanc\u00e9 sans entretien mais aussi des mauvaises pratiques li\u00e9es \u00e0 l\u2019exploitation de son eau et de son milieu halieutique \u00bb<\/strong><\/em>, a-t-il signifi\u00e9.<\/p>\n<p>Ce choix, selon lui, est \u00e9galement une occasion pour le CNPS de lancer un cri d\u2019alerte \u00e0 l\u2019endroit de l\u2019opinion nationale, des autorit\u00e9s locales et des usagers, sur l\u2019urgence d\u2019agir face au risque de disparition de cette infrastructure.<\/p>\n<p><em><strong>\u00ab En effet, le barrage de Baz\u00e8ga est l\u2019une des plus anciennes infrastructures hydrauliques du pays, mise en service depuis 1957 \u00bb,<\/strong><\/em> a-t-il ajout\u00e9.<\/p>\n<blockquote><p>\n<iframe loading=\"lazy\" width=\"560\" height=\"315\" src=\"https:\/\/www.youtube.com\/embed\/liX0VCBs5CI?si=huNU0udZ_8FI-Hrb\" title=\"YouTube video player\" frameborder=\"0\" allow=\"accelerometer; autoplay; clipboard-write; encrypted-media; gyroscope; picture-in-picture; web-share\" referrerpolicy=\"strict-origin-when-cross-origin\" allowfullscreen><\/iframe><\/p>\n<p>Lire aussi &gt;&gt; <a href=\"https:\/\/www.latribunedufaso.net\/?p=1047\">Barrage de Tanghin : Quand p\u00eache, maraicher culture et jardinage se c\u00f4toient<\/a><\/p>\n<\/blockquote>\n<p>Il a par ailleurs indiqu\u00e9 que l\u2019\u00e9dition est organis\u00e9e avec l\u2019appui de l\u2019association Africa initiatives.<\/p>\n<p><strong>Rosana Astride KIENDREBEOGO\u00a0<\/strong><\/p>\n<p><strong>Latribunedufaso.net<\/strong><\/p>\n","protected":false},"excerpt":{"rendered":"<p>Le comit\u00e9 d\u2019organisation du Championnat national de p\u00eache sportive a tenu une conf\u00e9rence de presse ce 24 septembre 2025 \u00e0 Ouagadougou pour annoncer la tenue de la 3\u1d49 \u00e9dition de la comp\u00e9tition. L\u2019\u00e9v\u00e9nement se d\u00e9roulera les 26 et 27 septembre au barrage du Baz\u00e8ga, avec pour objectif de promouvoir la p\u00eache responsable, la pr\u00e9servation de l\u2019environnement aquatique et le tourisme local.<\/p>\n","protected":false},"author":5,"featured_media":23774,"comment_status":"open","ping_status":"open","sticky":false,"template":"","format":"standard","meta":{"footnotes":""},"categories":[13,1,17],"tags":[1594,39,129],"class_list":["post-23769","post","type-post","status-publish","format-standard","has-post-thumbnail","hentry","category-une","category-actu","category-sport","tag-championnat-national-de-peche-sportive","tag-latribunedufaso-net","tag-tourisme"],"yoast_head":"<!-- This site is optimized with the Yoast SEO plugin v27.4 - https:\/\/yoast.com\/product\/yoast-seo-wordpress\/ -->\n<title>Championnat national de p\u00eache sportive : Rendez-vous les 26 et 27 septembre 2025 \u00e0 Baz\u00e8ga pour la 3\u1d49 \u00e9dition - La Tribune du Faso<\/title>\n<meta name=\"robots\" content=\"index, follow, max-snippet:-1, max-image-preview:large, max-video-preview:-1\" \/>\n<link rel=\"canonical\" href=\"https:\/\/www.latribunedufaso.net\/?p=23769\" \/>\n<meta property=\"og:locale\" content=\"fr_FR\" \/>\n<meta property=\"og:type\" content=\"article\" \/>\n<meta property=\"og:title\" content=\"Championnat national de p\u00eache sportive : Rendez-vous les 26 et 27 septembre 2025 \u00e0 Baz\u00e8ga pour la 3\u1d49 \u00e9dition - La Tribune du Faso\" \/>\n<meta property=\"og:description\" content=\"Le comit\u00e9 d\u2019organisation du Championnat national de p\u00eache sportive a tenu une conf\u00e9rence de presse ce 24 septembre 2025 \u00e0 Ouagadougou pour annoncer la tenue de la 3\u1d49 \u00e9dition de la comp\u00e9tition. L\u2019\u00e9v\u00e9nement se d\u00e9roulera les 26 et 27 septembre au barrage du Baz\u00e8ga, avec pour objectif de promouvoir la p\u00eache responsable, la pr\u00e9servation de l\u2019environnement aquatique et le tourisme local.\" \/>\n<meta property=\"og:url\" content=\"https:\/\/www.latribunedufaso.net\/?p=23769\" \/>\n<meta property=\"og:site_name\" content=\"La Tribune du Faso\" \/>\n<meta property=\"article:publisher\" content=\"https:\/\/www.facebook.com\/LatribuneduFaso\/\" \/>\n<meta property=\"article:published_time\" content=\"2025-09-24T16:44:54+00:00\" \/>\n<meta property=\"article:modified_time\" content=\"2025-12-17T16:55:13+00:00\" \/>\n<meta property=\"og:image\" content=\"https:\/\/www.latribunedufaso.net\/wp-content\/uploads\/2025\/09\/IMG-20250925-WA0009.jpg\" \/>\n\t<meta property=\"og:image:width\" content=\"2560\" \/>\n\t<meta property=\"og:image:height\" content=\"1927\" \/>\n\t<meta property=\"og:image:type\" content=\"image\/jpeg\" \/>\n<meta name=\"author\" content=\"Issouf Tapsoba\" \/>\n<meta name=\"twitter:label1\" content=\"\u00c9crit par\" \/>\n\t<meta name=\"twitter:data1\" content=\"Issouf Tapsoba\" \/>\n\t<meta name=\"twitter:label2\" content=\"Dur\u00e9e de lecture estim\u00e9e\" \/>\n\t<meta name=\"twitter:data2\" content=\"3 minutes\" \/>\n<script type=\"application\/ld+json\" class=\"yoast-schema-graph\">{\"@context\":\"https:\\\/\\\/schema.org\",\"@graph\":[{\"@type\":\"Article\",\"@id\":\"https:\\\/\\\/www.latribunedufaso.net\\\/?p=23769#article\",\"isPartOf\":{\"@id\":\"https:\\\/\\\/www.latribunedufaso.net\\\/?p=23769\"},\"author\":{\"name\":\"Issouf Tapsoba\",\"@id\":\"https:\\\/\\\/www.latribunedufaso.net\\\/#\\\/schema\\\/person\\\/e54e64c5778a7e72cf80a318b7a622b0\"},\"headline\":\"Championnat national de p\u00eache sportive : Rendez-vous les 26 et 27 septembre 2025 \u00e0 Baz\u00e8ga pour la 3\u1d49 \u00e9dition\",\"datePublished\":\"2025-09-24T16:44:54+00:00\",\"dateModified\":\"2025-12-17T16:55:13+00:00\",\"mainEntityOfPage\":{\"@id\":\"https:\\\/\\\/www.latribunedufaso.net\\\/?p=23769\"},\"wordCount\":497,\"commentCount\":0,\"publisher\":{\"@id\":\"https:\\\/\\\/www.latribunedufaso.net\\\/#organization\"},\"image\":{\"@id\":\"https:\\\/\\\/www.latribunedufaso.net\\\/?p=23769#primaryimage\"},\"thumbnailUrl\":\"https:\\\/\\\/www.latribunedufaso.net\\\/wp-content\\\/uploads\\\/2025\\\/09\\\/IMG-20250925-WA0009.jpg\",\"keywords\":[\"Championnat national de p\u00eache sportive\",\"latribunedufaso.net\",\"tourisme\"],\"articleSection\":[\"A la une\",\"Actualit\u00e9\",\"Sport\"],\"inLanguage\":\"fr-FR\",\"potentialAction\":[{\"@type\":\"CommentAction\",\"name\":\"Comment\",\"target\":[\"https:\\\/\\\/www.latribunedufaso.net\\\/?p=23769#respond\"]}]},{\"@type\":\"WebPage\",\"@id\":\"https:\\\/\\\/www.latribunedufaso.net\\\/?p=23769\",\"url\":\"https:\\\/\\\/www.latribunedufaso.net\\\/?p=23769\",\"name\":\"Championnat national de p\u00eache sportive : Rendez-vous les 26 et 27 septembre 2025 \u00e0 Baz\u00e8ga pour la 3\u1d49 \u00e9dition - La Tribune du Faso\",\"isPartOf\":{\"@id\":\"https:\\\/\\\/www.latribunedufaso.net\\\/#website\"},\"primaryImageOfPage\":{\"@id\":\"https:\\\/\\\/www.latribunedufaso.net\\\/?p=23769#primaryimage\"},\"image\":{\"@id\":\"https:\\\/\\\/www.latribunedufaso.net\\\/?p=23769#primaryimage\"},\"thumbnailUrl\":\"https:\\\/\\\/www.latribunedufaso.net\\\/wp-content\\\/uploads\\\/2025\\\/09\\\/IMG-20250925-WA0009.jpg\",\"datePublished\":\"2025-09-24T16:44:54+00:00\",\"dateModified\":\"2025-12-17T16:55:13+00:00\",\"breadcrumb\":{\"@id\":\"https:\\\/\\\/www.latribunedufaso.net\\\/?p=23769#breadcrumb\"},\"inLanguage\":\"fr-FR\",\"potentialAction\":[{\"@type\":\"ReadAction\",\"target\":[\"https:\\\/\\\/www.latribunedufaso.net\\\/?p=23769\"]}]},{\"@type\":\"ImageObject\",\"inLanguage\":\"fr-FR\",\"@id\":\"https:\\\/\\\/www.latribunedufaso.net\\\/?p=23769#primaryimage\",\"url\":\"https:\\\/\\\/www.latribunedufaso.net\\\/wp-content\\\/uploads\\\/2025\\\/09\\\/IMG-20250925-WA0009.jpg\",\"contentUrl\":\"https:\\\/\\\/www.latribunedufaso.net\\\/wp-content\\\/uploads\\\/2025\\\/09\\\/IMG-20250925-WA0009.jpg\",\"width\":2560,\"height\":1927,\"caption\":\"Le comit\u00e9 d\u2019organisation du Championnat national de p\u00eache sportive a tenu une conf\u00e9rence de presse ce 24 septembre 2025 \u00e0 Ouagadougou pour annoncer la tenue de la 3\u1d49 \u00e9dition de la comp\u00e9tition\"},{\"@type\":\"BreadcrumbList\",\"@id\":\"https:\\\/\\\/www.latribunedufaso.net\\\/?p=23769#breadcrumb\",\"itemListElement\":[{\"@type\":\"ListItem\",\"position\":1,\"name\":\"Accueil\",\"item\":\"https:\\\/\\\/www.latribunedufaso.net\\\/\"},{\"@type\":\"ListItem\",\"position\":2,\"name\":\"Championnat national de p\u00eache sportive : Rendez-vous les 26 et 27 septembre 2025 \u00e0 Baz\u00e8ga pour la 3\u1d49 \u00e9dition\"}]},{\"@type\":\"WebSite\",\"@id\":\"https:\\\/\\\/www.latribunedufaso.net\\\/#website\",\"url\":\"https:\\\/\\\/www.latribunedufaso.net\\\/\",\"name\":\"La Tribune du Faso\",\"description\":\"L&#039;information du monde rural en un clic\",\"publisher\":{\"@id\":\"https:\\\/\\\/www.latribunedufaso.net\\\/#organization\"},\"potentialAction\":[{\"@type\":\"SearchAction\",\"target\":{\"@type\":\"EntryPoint\",\"urlTemplate\":\"https:\\\/\\\/www.latribunedufaso.net\\\/?s={search_term_string}\"},\"query-input\":{\"@type\":\"PropertyValueSpecification\",\"valueRequired\":true,\"valueName\":\"search_term_string\"}}],\"inLanguage\":\"fr-FR\"},{\"@type\":\"Organization\",\"@id\":\"https:\\\/\\\/www.latribunedufaso.net\\\/#organization\",\"name\":\"La Tribune du Faso\",\"url\":\"https:\\\/\\\/www.latribunedufaso.net\\\/\",\"logo\":{\"@type\":\"ImageObject\",\"inLanguage\":\"fr-FR\",\"@id\":\"https:\\\/\\\/www.latribunedufaso.net\\\/#\\\/schema\\\/logo\\\/image\\\/\",\"url\":\"https:\\\/\\\/www.latribunedufaso.net\\\/wp-content\\\/uploads\\\/2020\\\/08\\\/Logo-Tribune-du-Faso-final-scaled.jpg\",\"contentUrl\":\"https:\\\/\\\/www.latribunedufaso.net\\\/wp-content\\\/uploads\\\/2020\\\/08\\\/Logo-Tribune-du-Faso-final-scaled.jpg\",\"width\":2560,\"height\":1856,\"caption\":\"La Tribune du Faso\"},\"image\":{\"@id\":\"https:\\\/\\\/www.latribunedufaso.net\\\/#\\\/schema\\\/logo\\\/image\\\/\"},\"sameAs\":[\"https:\\\/\\\/www.facebook.com\\\/LatribuneduFaso\\\/\"]},{\"@type\":\"Person\",\"@id\":\"https:\\\/\\\/www.latribunedufaso.net\\\/#\\\/schema\\\/person\\\/e54e64c5778a7e72cf80a318b7a622b0\",\"name\":\"Issouf Tapsoba\",\"image\":{\"@type\":\"ImageObject\",\"inLanguage\":\"fr-FR\",\"@id\":\"https:\\\/\\\/secure.gravatar.com\\\/avatar\\\/5e6c05150ce3230247d167f5b94d678eb05936197436d69b7921e3a95c9107ac?s=96&d=mm&r=g\",\"url\":\"https:\\\/\\\/secure.gravatar.com\\\/avatar\\\/5e6c05150ce3230247d167f5b94d678eb05936197436d69b7921e3a95c9107ac?s=96&d=mm&r=g\",\"contentUrl\":\"https:\\\/\\\/secure.gravatar.com\\\/avatar\\\/5e6c05150ce3230247d167f5b94d678eb05936197436d69b7921e3a95c9107ac?s=96&d=mm&r=g\",\"caption\":\"Issouf Tapsoba\"},\"url\":\"https:\\\/\\\/www.latribunedufaso.net\\\/?author=5\"}]}<\/script>\n<!-- \/ Yoast SEO plugin. -->","yoast_head_json":{"title":"Championnat national de p\u00eache sportive : Rendez-vous les 26 et 27 septembre 2025 \u00e0 Baz\u00e8ga pour la 3\u1d49 \u00e9dition - La Tribune du Faso","robots":{"index":"index","follow":"follow","max-snippet":"max-snippet:-1","max-image-preview":"max-image-preview:large","max-video-preview":"max-video-preview:-1"},"canonical":"https:\/\/www.latribunedufaso.net\/?p=23769","og_locale":"fr_FR","og_type":"article","og_title":"Championnat national de p\u00eache sportive : Rendez-vous les 26 et 27 septembre 2025 \u00e0 Baz\u00e8ga pour la 3\u1d49 \u00e9dition - La Tribune du Faso","og_description":"Le comit\u00e9 d\u2019organisation du Championnat national de p\u00eache sportive a tenu une conf\u00e9rence de presse ce 24 septembre 2025 \u00e0 Ouagadougou pour annoncer la tenue de la 3\u1d49 \u00e9dition de la comp\u00e9tition. L\u2019\u00e9v\u00e9nement se d\u00e9roulera les 26 et 27 septembre au barrage du Baz\u00e8ga, avec pour objectif de promouvoir la p\u00eache responsable, la pr\u00e9servation de l\u2019environnement aquatique et le tourisme local.","og_url":"https:\/\/www.latribunedufaso.net\/?p=23769","og_site_name":"La Tribune du Faso","article_publisher":"https:\/\/www.facebook.com\/LatribuneduFaso\/","article_published_time":"2025-09-24T16:44:54+00:00","article_modified_time":"2025-12-17T16:55:13+00:00","og_image":[{"width":2560,"height":1927,"url":"https:\/\/www.latribunedufaso.net\/wp-content\/uploads\/2025\/09\/IMG-20250925-WA0009.jpg","type":"image\/jpeg"}],"author":"Issouf Tapsoba","twitter_misc":{"\u00c9crit par":"Issouf Tapsoba","Dur\u00e9e de lecture estim\u00e9e":"3 minutes"},"schema":{"@context":"https:\/\/schema.org","@graph":[{"@type":"Article","@id":"https:\/\/www.latribunedufaso.net\/?p=23769#article","isPartOf":{"@id":"https:\/\/www.latribunedufaso.net\/?p=23769"},"author":{"name":"Issouf Tapsoba","@id":"https:\/\/www.latribunedufaso.net\/#\/schema\/person\/e54e64c5778a7e72cf80a318b7a622b0"},"headline":"Championnat national de p\u00eache sportive : Rendez-vous les 26 et 27 septembre 2025 \u00e0 Baz\u00e8ga pour la 3\u1d49 \u00e9dition","datePublished":"2025-09-24T16:44:54+00:00","dateModified":"2025-12-17T16:55:13+00:00","mainEntityOfPage":{"@id":"https:\/\/www.latribunedufaso.net\/?p=23769"},"wordCount":497,"commentCount":0,"publisher":{"@id":"https:\/\/www.latribunedufaso.net\/#organization"},"image":{"@id":"https:\/\/www.latribunedufaso.net\/?p=23769#primaryimage"},"thumbnailUrl":"https:\/\/www.latribunedufaso.net\/wp-content\/uploads\/2025\/09\/IMG-20250925-WA0009.jpg","keywords":["Championnat national de p\u00eache sportive","latribunedufaso.net","tourisme"],"articleSection":["A la une","Actualit\u00e9","Sport"],"inLanguage":"fr-FR","potentialAction":[{"@type":"CommentAction","name":"Comment","target":["https:\/\/www.latribunedufaso.net\/?p=23769#respond"]}]},{"@type":"WebPage","@id":"https:\/\/www.latribunedufaso.net\/?p=23769","url":"https:\/\/www.latribunedufaso.net\/?p=23769","name":"Championnat national de p\u00eache sportive : Rendez-vous les 26 et 27 septembre 2025 \u00e0 Baz\u00e8ga pour la 3\u1d49 \u00e9dition - La Tribune du Faso","isPartOf":{"@id":"https:\/\/www.latribunedufaso.net\/#website"},"primaryImageOfPage":{"@id":"https:\/\/www.latribunedufaso.net\/?p=23769#primaryimage"},"image":{"@id":"https:\/\/www.latribunedufaso.net\/?p=23769#primaryimage"},"thumbnailUrl":"https:\/\/www.latribunedufaso.net\/wp-content\/uploads\/2025\/09\/IMG-20250925-WA0009.jpg","datePublished":"2025-09-24T16:44:54+00:00","dateModified":"2025-12-17T16:55:13+00:00","breadcrumb":{"@id":"https:\/\/www.latribunedufaso.net\/?p=23769#breadcrumb"},"inLanguage":"fr-FR","potentialAction":[{"@type":"ReadAction","target":["https:\/\/www.latribunedufaso.net\/?p=23769"]}]},{"@type":"ImageObject","inLanguage":"fr-FR","@id":"https:\/\/www.latribunedufaso.net\/?p=23769#primaryimage","url":"https:\/\/www.latribunedufaso.net\/wp-content\/uploads\/2025\/09\/IMG-20250925-WA0009.jpg","contentUrl":"https:\/\/www.latribunedufaso.net\/wp-content\/uploads\/2025\/09\/IMG-20250925-WA0009.jpg","width":2560,"height":1927,"caption":"Le comit\u00e9 d\u2019organisation du Championnat national de p\u00eache sportive a tenu une conf\u00e9rence de presse ce 24 septembre 2025 \u00e0 Ouagadougou pour annoncer la tenue de la 3\u1d49 \u00e9dition de la comp\u00e9tition"},{"@type":"BreadcrumbList","@id":"https:\/\/www.latribunedufaso.net\/?p=23769#breadcrumb","itemListElement":[{"@type":"ListItem","position":1,"name":"Accueil","item":"https:\/\/www.latribunedufaso.net\/"},{"@type":"ListItem","position":2,"name":"Championnat national de p\u00eache sportive : Rendez-vous les 26 et 27 septembre 2025 \u00e0 Baz\u00e8ga pour la 3\u1d49 \u00e9dition"}]},{"@type":"WebSite","@id":"https:\/\/www.latribunedufaso.net\/#website","url":"https:\/\/www.latribunedufaso.net\/","name":"La Tribune du Faso","description":"L&#039;information du monde rural en un clic","publisher":{"@id":"https:\/\/www.latribunedufaso.net\/#organization"},"potentialAction":[{"@type":"SearchAction","target":{"@type":"EntryPoint","urlTemplate":"https:\/\/www.latribunedufaso.net\/?s={search_term_string}"},"query-input":{"@type":"PropertyValueSpecification","valueRequired":true,"valueName":"search_term_string"}}],"inLanguage":"fr-FR"},{"@type":"Organization","@id":"https:\/\/www.latribunedufaso.net\/#organization","name":"La Tribune du Faso","url":"https:\/\/www.latribunedufaso.net\/","logo":{"@type":"ImageObject","inLanguage":"fr-FR","@id":"https:\/\/www.latribunedufaso.net\/#\/schema\/logo\/image\/","url":"https:\/\/www.latribunedufaso.net\/wp-content\/uploads\/2020\/08\/Logo-Tribune-du-Faso-final-scaled.jpg","contentUrl":"https:\/\/www.latribunedufaso.net\/wp-content\/uploads\/2020\/08\/Logo-Tribune-du-Faso-final-scaled.jpg","width":2560,"height":1856,"caption":"La Tribune du Faso"},"image":{"@id":"https:\/\/www.latribunedufaso.net\/#\/schema\/logo\/image\/"},"sameAs":["https:\/\/www.facebook.com\/LatribuneduFaso\/"]},{"@type":"Person","@id":"https:\/\/www.latribunedufaso.net\/#\/schema\/person\/e54e64c5778a7e72cf80a318b7a622b0","name":"Issouf Tapsoba","image":{"@type":"ImageObject","inLanguage":"fr-FR","@id":"https:\/\/secure.gravatar.com\/avatar\/5e6c05150ce3230247d167f5b94d678eb05936197436d69b7921e3a95c9107ac?s=96&d=mm&r=g","url":"https:\/\/secure.gravatar.com\/avatar\/5e6c05150ce3230247d167f5b94d678eb05936197436d69b7921e3a95c9107ac?s=96&d=mm&r=g","contentUrl":"https:\/\/secure.gravatar.com\/avatar\/5e6c05150ce3230247d167f5b94d678eb05936197436d69b7921e3a95c9107ac?s=96&d=mm&r=g","caption":"Issouf Tapsoba"},"url":"https:\/\/www.latribunedufaso.net\/?author=5"}]}},"_links":{"self":[{"href":"https:\/\/www.latribunedufaso.net\/index.php?rest_route=\/wp\/v2\/posts\/23769","targetHints":{"allow":["GET"]}}],"collection":[{"href":"https:\/\/www.latribunedufaso.net\/index.php?rest_route=\/wp\/v2\/posts"}],"about":[{"href":"https:\/\/www.latribunedufaso.net\/index.php?rest_route=\/wp\/v2\/types\/post"}],"author":[{"embeddable":true,"href":"https:\/\/www.latribunedufaso.net\/index.php?rest_route=\/wp\/v2\/users\/5"}],"replies":[{"embeddable":true,"href":"https:\/\/www.latribunedufaso.net\/index.php?rest_route=%2Fwp%2Fv2%2Fcomments&post=23769"}],"version-history":[{"count":3,"href":"https:\/\/www.latribunedufaso.net\/index.php?rest_route=\/wp\/v2\/posts\/23769\/revisions"}],"predecessor-version":[{"id":25809,"href":"https:\/\/www.latribunedufaso.net\/index.php?rest_route=\/wp\/v2\/posts\/23769\/revisions\/25809"}],"wp:featuredmedia":[{"embeddable":true,"href":"https:\/\/www.latribunedufaso.net\/index.php?rest_route=\/wp\/v2\/media\/23774"}],"wp:attachment":[{"href":"https:\/\/www.latribunedufaso.net\/index.php?rest_route=%2Fwp%2Fv2%2Fmedia&parent=23769"}],"wp:term":[{"taxonomy":"category","embeddable":true,"href":"https:\/\/www.latribunedufaso.net\/index.php?rest_route=%2Fwp%2Fv2%2Fcategories&post=23769"},{"taxonomy":"post_tag","embeddable":true,"href":"https:\/\/www.latribunedufaso.net\/index.php?rest_route=%2Fwp%2Fv2%2Ftags&post=23769"}],"curies":[{"name":"wp","href":"https:\/\/api.w.org\/{rel}","templated":true}]}}