{"id":23711,"date":"2025-09-21T22:07:01","date_gmt":"2025-09-21T22:07:01","guid":{"rendered":"https:\/\/www.latribunedufaso.net\/?p=23711"},"modified":"2025-09-22T00:27:52","modified_gmt":"2025-09-22T00:27:52","slug":"transport-urbain-a-banfora-le-nouveau-reseau-de-bus-de-la-sotraco-valide","status":"publish","type":"post","link":"https:\/\/www.latribunedufaso.net\/?p=23711","title":{"rendered":"Transport urbain \u00e0 Banfora : Le nouveau r\u00e9seau de bus de la SOTRACO valid\u00e9"},"content":{"rendered":"<p><strong>Le Gouverneur de la r\u00e9gion des Tannounyan, Badabou\u00e8 Florent Bazi\u00e9, a pr\u00e9sid\u00e9, le vendredi 19 septembre 2025 \u00e0 Banfora, l\u2019atelier de validation du nouveau r\u00e9seau de bus de la Soci\u00e9t\u00e9 de Transport en Commun (SOTRACO) de Banfora. Il avait \u00e0 ses c\u00f4t\u00e9s le Directeur G\u00e9n\u00e9ral de ladite Soci\u00e9t\u00e9, Drissa Sawadogo.\u00a0<\/strong><!--more--><\/p>\n<p>La ville de Banfora franchit une \u00e9tape d\u00e9cisive dans le domaine de la mobilit\u00e9 urbaine. Le r\u00e9seau de bus de la Soci\u00e9t\u00e9 de Transport en Commun (SOTRACO) a \u00e9t\u00e9 valid\u00e9 et son ouverture officielle est pr\u00e9vue pour fin octobre 2025. La r\u00e9gion des Tannounyan b\u00e9n\u00e9ficie d\u00e9j\u00e0 d\u2019un premier lot de six (06) bus. Ce parc sera renforc\u00e9 avec l\u2019arriv\u00e9e progressive des 375 autres bus attendus.<\/p>\n<figure id=\"attachment_23716\" aria-describedby=\"caption-attachment-23716\" style=\"width: 1280px\" class=\"wp-caption aligncenter\"><a href=\"https:\/\/www.latribunedufaso.net\/wp-content\/uploads\/2025\/09\/FB_IMG_1758499657479.jpg\"><img loading=\"lazy\" decoding=\"async\" class=\"size-full wp-image-23716\" src=\"https:\/\/www.latribunedufaso.net\/wp-content\/uploads\/2025\/09\/FB_IMG_1758499657479.jpg\" alt=\"Atelier de validation du nouveau r\u00e9seau de bus de la Soci\u00e9t\u00e9 de Transport en Commun (SOTRACO) de Banfora, 19 septembre 2025\" width=\"1280\" height=\"853\" srcset=\"https:\/\/www.latribunedufaso.net\/wp-content\/uploads\/2025\/09\/FB_IMG_1758499657479.jpg 1280w, https:\/\/www.latribunedufaso.net\/wp-content\/uploads\/2025\/09\/FB_IMG_1758499657479-300x200.jpg 300w, https:\/\/www.latribunedufaso.net\/wp-content\/uploads\/2025\/09\/FB_IMG_1758499657479-1024x682.jpg 1024w, https:\/\/www.latribunedufaso.net\/wp-content\/uploads\/2025\/09\/FB_IMG_1758499657479-768x512.jpg 768w, https:\/\/www.latribunedufaso.net\/wp-content\/uploads\/2025\/09\/FB_IMG_1758499657479-840x560.jpg 840w, https:\/\/www.latribunedufaso.net\/wp-content\/uploads\/2025\/09\/FB_IMG_1758499657479-120x80.jpg 120w, https:\/\/www.latribunedufaso.net\/wp-content\/uploads\/2025\/09\/FB_IMG_1758499657479-360x240.jpg 360w, https:\/\/www.latribunedufaso.net\/wp-content\/uploads\/2025\/09\/FB_IMG_1758499657479-600x400.jpg 600w\" sizes=\"auto, (max-width: 1280px) 100vw, 1280px\" \/><\/a><figcaption id=\"caption-attachment-23716\" class=\"wp-caption-text\">Une vue des participants \u00e0 l&rsquo;atelier &#8211; Ph. DR<\/figcaption><\/figure>\n<p>Selon le Directeur G\u00e9n\u00e9ral de la Soci\u00e9t\u00e9 de Transport en Commun (SOTRACO), Drissa Sawadogo, l\u2019initiative s\u2019inscrit dans la vision de la R\u00e9volution populaire progressiste (RPP), pr\u00f4n\u00e9e par le Pr\u00e9sident du Faso, Chef de l\u2019Etat, le Capitaine Ibrahim Traor\u00e9, qui place l\u2019\u00e9quit\u00e9 et la justice sociale au c\u0153ur de ses priorit\u00e9s. <em><strong>\u00ab Nous avons d\u00e9cid\u00e9 d\u2019ouvrir un r\u00e9seau de bus \u00e0 Banfora, car la ville r\u00e9unit plusieurs crit\u00e8res : une population importante, son r\u00f4le de centre administratif et de services publics, ainsi que sa position strat\u00e9gique de carrefour \u00bb<\/strong><\/em>, a soutenu Monsieur Drissa Sawadogo.<\/p>\n<p>Il a rappel\u00e9 que la mise en place d\u2019un r\u00e9seau de bus repose sur une \u00e9tude pr\u00e9alable des besoins de mobilit\u00e9 des populations. <em><strong>\u00ab C\u2019est ce travail qui a \u00e9t\u00e9 r\u00e9alis\u00e9 et nous sommes aujourd\u2019hui \u00e0 l\u2019\u00e9tape de restitution et de validation par l\u2019ensemble des parties prenantes \u00bb,<\/strong><\/em> a-t-il ajout\u00e9.<\/p>\n<figure id=\"attachment_23714\" aria-describedby=\"caption-attachment-23714\" style=\"width: 1280px\" class=\"wp-caption aligncenter\"><a href=\"https:\/\/www.latribunedufaso.net\/wp-content\/uploads\/2025\/09\/FB_IMG_1758491633071.jpg\"><img loading=\"lazy\" decoding=\"async\" class=\"size-full wp-image-23714\" src=\"https:\/\/www.latribunedufaso.net\/wp-content\/uploads\/2025\/09\/FB_IMG_1758491633071.jpg\" alt=\"Atelier de validation du nouveau r\u00e9seau de bus de la Soci\u00e9t\u00e9 de Transport en Commun (SOTRACO) de Banfora, 19 septembre 2025\" width=\"1280\" height=\"912\" srcset=\"https:\/\/www.latribunedufaso.net\/wp-content\/uploads\/2025\/09\/FB_IMG_1758491633071.jpg 1280w, https:\/\/www.latribunedufaso.net\/wp-content\/uploads\/2025\/09\/FB_IMG_1758491633071-300x214.jpg 300w, https:\/\/www.latribunedufaso.net\/wp-content\/uploads\/2025\/09\/FB_IMG_1758491633071-1024x730.jpg 1024w, https:\/\/www.latribunedufaso.net\/wp-content\/uploads\/2025\/09\/FB_IMG_1758491633071-768x547.jpg 768w, https:\/\/www.latribunedufaso.net\/wp-content\/uploads\/2025\/09\/FB_IMG_1758491633071-90x65.jpg 90w\" sizes=\"auto, (max-width: 1280px) 100vw, 1280px\" \/><\/a><figcaption id=\"caption-attachment-23714\" class=\"wp-caption-text\">Le Gouverneur de la r\u00e9gion des Tannounyan, Badabou\u00e8 Florent Bazi\u00e9 &#8211; Ph. DR<\/figcaption><\/figure>\n<p>Le Gouverneur de la r\u00e9gion des Tannounyan, Badabou\u00e8 Florent Bazi\u00e9, a salu\u00e9 cette premi\u00e8re arriv\u00e9e de la SOTRACO dans la r\u00e9gion, qualifi\u00e9e d\u2019\u00e9v\u00e9nement majeur pour Banfora. Il a exhort\u00e9 les participants \u00e0 contribuer activement aux travaux pour que les conclusions de l\u2019atelier traduisent r\u00e9ellement les attentes et les besoins des habitants.<\/p>\n<p><strong>Latribunedufaso.net<\/strong><\/p>\n<p><strong>Source : DCRP\/MATM\u00a0<\/strong><\/p>\n<p>Lire aussi &gt;&gt; <a href=\"https:\/\/www.latribunedufaso.net\/?p=22630\">Mobilit\u00e9 urbaine : Le Premier ministre remet les cl\u00e9s de 155 nouveaux bus \u00e0 la SOTRACO\u00a0<\/a><\/p>\n","protected":false},"excerpt":{"rendered":"<p>Le Gouverneur de la r\u00e9gion des Tannounyan, Badabou\u00e8 Florent Bazi\u00e9, a pr\u00e9sid\u00e9, le vendredi 19 septembre 2025 \u00e0 Banfora, l\u2019atelier de validation du nouveau r\u00e9seau de bus de la Soci\u00e9t\u00e9 de Transport en Commun (SOTRACO) de Banfora. Il avait \u00e0 ses c\u00f4t\u00e9s le Directeur G\u00e9n\u00e9ral de ladite Soci\u00e9t\u00e9, Drissa Sawadogo.\u00a0<\/p>\n","protected":false},"author":5,"featured_media":23713,"comment_status":"open","ping_status":"open","sticky":false,"template":"","format":"standard","meta":{"footnotes":""},"categories":[13,1,8],"tags":[39,59,471],"class_list":["post-23711","post","type-post","status-publish","format-standard","has-post-thumbnail","hentry","category-une","category-actu","category-societe","tag-latribunedufaso-net","tag-mobilite-urbaine","tag-sotraco"],"yoast_head":"<!-- This site is optimized with the Yoast SEO plugin v27.5 - https:\/\/yoast.com\/product\/yoast-seo-wordpress\/ -->\n<title>Transport urbain \u00e0 Banfora : Le nouveau r\u00e9seau de bus de la SOTRACO valid\u00e9 - La Tribune du Faso<\/title>\n<meta name=\"robots\" content=\"index, follow, max-snippet:-1, max-image-preview:large, max-video-preview:-1\" \/>\n<link rel=\"canonical\" href=\"https:\/\/www.latribunedufaso.net\/?p=23711\" \/>\n<meta property=\"og:locale\" content=\"fr_FR\" \/>\n<meta property=\"og:type\" content=\"article\" \/>\n<meta property=\"og:title\" content=\"Transport urbain \u00e0 Banfora : Le nouveau r\u00e9seau de bus de la SOTRACO valid\u00e9 - La Tribune du Faso\" \/>\n<meta property=\"og:description\" content=\"Le Gouverneur de la r\u00e9gion des Tannounyan, Badabou\u00e8 Florent Bazi\u00e9, a pr\u00e9sid\u00e9, le vendredi 19 septembre 2025 \u00e0 Banfora, l\u2019atelier de validation du nouveau r\u00e9seau de bus de la Soci\u00e9t\u00e9 de Transport en Commun (SOTRACO) de Banfora. Il avait \u00e0 ses c\u00f4t\u00e9s le Directeur G\u00e9n\u00e9ral de ladite Soci\u00e9t\u00e9, Drissa Sawadogo.\u00a0\" \/>\n<meta property=\"og:url\" content=\"https:\/\/www.latribunedufaso.net\/?p=23711\" \/>\n<meta property=\"og:site_name\" content=\"La Tribune du Faso\" \/>\n<meta property=\"article:publisher\" content=\"https:\/\/www.facebook.com\/LatribuneduFaso\/\" \/>\n<meta property=\"article:published_time\" content=\"2025-09-21T22:07:01+00:00\" \/>\n<meta property=\"article:modified_time\" content=\"2025-09-22T00:27:52+00:00\" \/>\n<meta property=\"og:image\" content=\"https:\/\/www.latribunedufaso.net\/wp-content\/uploads\/2025\/09\/FB_IMG_1758491628330.jpg\" \/>\n\t<meta property=\"og:image:width\" content=\"1280\" \/>\n\t<meta property=\"og:image:height\" content=\"854\" \/>\n\t<meta property=\"og:image:type\" content=\"image\/jpeg\" \/>\n<meta name=\"author\" content=\"Issouf Tapsoba\" \/>\n<meta name=\"twitter:label1\" content=\"\u00c9crit par\" \/>\n\t<meta name=\"twitter:data1\" content=\"Issouf Tapsoba\" \/>\n\t<meta name=\"twitter:label2\" content=\"Dur\u00e9e de lecture estim\u00e9e\" \/>\n\t<meta name=\"twitter:data2\" content=\"2 minutes\" \/>\n<script type=\"application\/ld+json\" class=\"yoast-schema-graph\">{\"@context\":\"https:\\\/\\\/schema.org\",\"@graph\":[{\"@type\":\"Article\",\"@id\":\"https:\\\/\\\/www.latribunedufaso.net\\\/?p=23711#article\",\"isPartOf\":{\"@id\":\"https:\\\/\\\/www.latribunedufaso.net\\\/?p=23711\"},\"author\":{\"name\":\"Issouf Tapsoba\",\"@id\":\"https:\\\/\\\/www.latribunedufaso.net\\\/#\\\/schema\\\/person\\\/e54e64c5778a7e72cf80a318b7a622b0\"},\"headline\":\"Transport urbain \u00e0 Banfora : Le nouveau r\u00e9seau de bus de la SOTRACO valid\u00e9\",\"datePublished\":\"2025-09-21T22:07:01+00:00\",\"dateModified\":\"2025-09-22T00:27:52+00:00\",\"mainEntityOfPage\":{\"@id\":\"https:\\\/\\\/www.latribunedufaso.net\\\/?p=23711\"},\"wordCount\":425,\"commentCount\":0,\"publisher\":{\"@id\":\"https:\\\/\\\/www.latribunedufaso.net\\\/#organization\"},\"image\":{\"@id\":\"https:\\\/\\\/www.latribunedufaso.net\\\/?p=23711#primaryimage\"},\"thumbnailUrl\":\"https:\\\/\\\/www.latribunedufaso.net\\\/wp-content\\\/uploads\\\/2025\\\/09\\\/FB_IMG_1758491628330.jpg\",\"keywords\":[\"latribunedufaso.net\",\"mobilit\u00e9 urbaine\",\"SOTRACO\"],\"articleSection\":[\"A la une\",\"Actualit\u00e9\",\"Soci\u00e9t\u00e9\"],\"inLanguage\":\"fr-FR\",\"potentialAction\":[{\"@type\":\"CommentAction\",\"name\":\"Comment\",\"target\":[\"https:\\\/\\\/www.latribunedufaso.net\\\/?p=23711#respond\"]}]},{\"@type\":\"WebPage\",\"@id\":\"https:\\\/\\\/www.latribunedufaso.net\\\/?p=23711\",\"url\":\"https:\\\/\\\/www.latribunedufaso.net\\\/?p=23711\",\"name\":\"Transport urbain \u00e0 Banfora : Le nouveau r\u00e9seau de bus de la SOTRACO valid\u00e9 - La Tribune du Faso\",\"isPartOf\":{\"@id\":\"https:\\\/\\\/www.latribunedufaso.net\\\/#website\"},\"primaryImageOfPage\":{\"@id\":\"https:\\\/\\\/www.latribunedufaso.net\\\/?p=23711#primaryimage\"},\"image\":{\"@id\":\"https:\\\/\\\/www.latribunedufaso.net\\\/?p=23711#primaryimage\"},\"thumbnailUrl\":\"https:\\\/\\\/www.latribunedufaso.net\\\/wp-content\\\/uploads\\\/2025\\\/09\\\/FB_IMG_1758491628330.jpg\",\"datePublished\":\"2025-09-21T22:07:01+00:00\",\"dateModified\":\"2025-09-22T00:27:52+00:00\",\"breadcrumb\":{\"@id\":\"https:\\\/\\\/www.latribunedufaso.net\\\/?p=23711#breadcrumb\"},\"inLanguage\":\"fr-FR\",\"potentialAction\":[{\"@type\":\"ReadAction\",\"target\":[\"https:\\\/\\\/www.latribunedufaso.net\\\/?p=23711\"]}]},{\"@type\":\"ImageObject\",\"inLanguage\":\"fr-FR\",\"@id\":\"https:\\\/\\\/www.latribunedufaso.net\\\/?p=23711#primaryimage\",\"url\":\"https:\\\/\\\/www.latribunedufaso.net\\\/wp-content\\\/uploads\\\/2025\\\/09\\\/FB_IMG_1758491628330.jpg\",\"contentUrl\":\"https:\\\/\\\/www.latribunedufaso.net\\\/wp-content\\\/uploads\\\/2025\\\/09\\\/FB_IMG_1758491628330.jpg\",\"width\":1280,\"height\":854,\"caption\":\"Atelier de validation du nouveau r\u00e9seau de bus de la Soci\u00e9t\u00e9 de Transport en Commun (SOTRACO) de Banfora, 19 septembre 2025\"},{\"@type\":\"BreadcrumbList\",\"@id\":\"https:\\\/\\\/www.latribunedufaso.net\\\/?p=23711#breadcrumb\",\"itemListElement\":[{\"@type\":\"ListItem\",\"position\":1,\"name\":\"Accueil\",\"item\":\"https:\\\/\\\/www.latribunedufaso.net\\\/\"},{\"@type\":\"ListItem\",\"position\":2,\"name\":\"Transport urbain \u00e0 Banfora : Le nouveau r\u00e9seau de bus de la SOTRACO valid\u00e9\"}]},{\"@type\":\"WebSite\",\"@id\":\"https:\\\/\\\/www.latribunedufaso.net\\\/#website\",\"url\":\"https:\\\/\\\/www.latribunedufaso.net\\\/\",\"name\":\"La Tribune du Faso\",\"description\":\"L&#039;information du monde rural en un clic\",\"publisher\":{\"@id\":\"https:\\\/\\\/www.latribunedufaso.net\\\/#organization\"},\"potentialAction\":[{\"@type\":\"SearchAction\",\"target\":{\"@type\":\"EntryPoint\",\"urlTemplate\":\"https:\\\/\\\/www.latribunedufaso.net\\\/?s={search_term_string}\"},\"query-input\":{\"@type\":\"PropertyValueSpecification\",\"valueRequired\":true,\"valueName\":\"search_term_string\"}}],\"inLanguage\":\"fr-FR\"},{\"@type\":\"Organization\",\"@id\":\"https:\\\/\\\/www.latribunedufaso.net\\\/#organization\",\"name\":\"La Tribune du Faso\",\"url\":\"https:\\\/\\\/www.latribunedufaso.net\\\/\",\"logo\":{\"@type\":\"ImageObject\",\"inLanguage\":\"fr-FR\",\"@id\":\"https:\\\/\\\/www.latribunedufaso.net\\\/#\\\/schema\\\/logo\\\/image\\\/\",\"url\":\"https:\\\/\\\/www.latribunedufaso.net\\\/wp-content\\\/uploads\\\/2020\\\/08\\\/Logo-Tribune-du-Faso-final-scaled.jpg\",\"contentUrl\":\"https:\\\/\\\/www.latribunedufaso.net\\\/wp-content\\\/uploads\\\/2020\\\/08\\\/Logo-Tribune-du-Faso-final-scaled.jpg\",\"width\":2560,\"height\":1856,\"caption\":\"La Tribune du Faso\"},\"image\":{\"@id\":\"https:\\\/\\\/www.latribunedufaso.net\\\/#\\\/schema\\\/logo\\\/image\\\/\"},\"sameAs\":[\"https:\\\/\\\/www.facebook.com\\\/LatribuneduFaso\\\/\"]},{\"@type\":\"Person\",\"@id\":\"https:\\\/\\\/www.latribunedufaso.net\\\/#\\\/schema\\\/person\\\/e54e64c5778a7e72cf80a318b7a622b0\",\"name\":\"Issouf Tapsoba\",\"image\":{\"@type\":\"ImageObject\",\"inLanguage\":\"fr-FR\",\"@id\":\"https:\\\/\\\/secure.gravatar.com\\\/avatar\\\/5e6c05150ce3230247d167f5b94d678eb05936197436d69b7921e3a95c9107ac?s=96&d=mm&r=g\",\"url\":\"https:\\\/\\\/secure.gravatar.com\\\/avatar\\\/5e6c05150ce3230247d167f5b94d678eb05936197436d69b7921e3a95c9107ac?s=96&d=mm&r=g\",\"contentUrl\":\"https:\\\/\\\/secure.gravatar.com\\\/avatar\\\/5e6c05150ce3230247d167f5b94d678eb05936197436d69b7921e3a95c9107ac?s=96&d=mm&r=g\",\"caption\":\"Issouf Tapsoba\"},\"url\":\"https:\\\/\\\/www.latribunedufaso.net\\\/?author=5\"}]}<\/script>\n<!-- \/ Yoast SEO plugin. -->","yoast_head_json":{"title":"Transport urbain \u00e0 Banfora : Le nouveau r\u00e9seau de bus de la SOTRACO valid\u00e9 - La Tribune du Faso","robots":{"index":"index","follow":"follow","max-snippet":"max-snippet:-1","max-image-preview":"max-image-preview:large","max-video-preview":"max-video-preview:-1"},"canonical":"https:\/\/www.latribunedufaso.net\/?p=23711","og_locale":"fr_FR","og_type":"article","og_title":"Transport urbain \u00e0 Banfora : Le nouveau r\u00e9seau de bus de la SOTRACO valid\u00e9 - La Tribune du Faso","og_description":"Le Gouverneur de la r\u00e9gion des Tannounyan, Badabou\u00e8 Florent Bazi\u00e9, a pr\u00e9sid\u00e9, le vendredi 19 septembre 2025 \u00e0 Banfora, l\u2019atelier de validation du nouveau r\u00e9seau de bus de la Soci\u00e9t\u00e9 de Transport en Commun (SOTRACO) de Banfora. Il avait \u00e0 ses c\u00f4t\u00e9s le Directeur G\u00e9n\u00e9ral de ladite Soci\u00e9t\u00e9, Drissa Sawadogo.\u00a0","og_url":"https:\/\/www.latribunedufaso.net\/?p=23711","og_site_name":"La Tribune du Faso","article_publisher":"https:\/\/www.facebook.com\/LatribuneduFaso\/","article_published_time":"2025-09-21T22:07:01+00:00","article_modified_time":"2025-09-22T00:27:52+00:00","og_image":[{"width":1280,"height":854,"url":"https:\/\/www.latribunedufaso.net\/wp-content\/uploads\/2025\/09\/FB_IMG_1758491628330.jpg","type":"image\/jpeg"}],"author":"Issouf Tapsoba","twitter_misc":{"\u00c9crit par":"Issouf Tapsoba","Dur\u00e9e de lecture estim\u00e9e":"2 minutes"},"schema":{"@context":"https:\/\/schema.org","@graph":[{"@type":"Article","@id":"https:\/\/www.latribunedufaso.net\/?p=23711#article","isPartOf":{"@id":"https:\/\/www.latribunedufaso.net\/?p=23711"},"author":{"name":"Issouf Tapsoba","@id":"https:\/\/www.latribunedufaso.net\/#\/schema\/person\/e54e64c5778a7e72cf80a318b7a622b0"},"headline":"Transport urbain \u00e0 Banfora : Le nouveau r\u00e9seau de bus de la SOTRACO valid\u00e9","datePublished":"2025-09-21T22:07:01+00:00","dateModified":"2025-09-22T00:27:52+00:00","mainEntityOfPage":{"@id":"https:\/\/www.latribunedufaso.net\/?p=23711"},"wordCount":425,"commentCount":0,"publisher":{"@id":"https:\/\/www.latribunedufaso.net\/#organization"},"image":{"@id":"https:\/\/www.latribunedufaso.net\/?p=23711#primaryimage"},"thumbnailUrl":"https:\/\/www.latribunedufaso.net\/wp-content\/uploads\/2025\/09\/FB_IMG_1758491628330.jpg","keywords":["latribunedufaso.net","mobilit\u00e9 urbaine","SOTRACO"],"articleSection":["A la une","Actualit\u00e9","Soci\u00e9t\u00e9"],"inLanguage":"fr-FR","potentialAction":[{"@type":"CommentAction","name":"Comment","target":["https:\/\/www.latribunedufaso.net\/?p=23711#respond"]}]},{"@type":"WebPage","@id":"https:\/\/www.latribunedufaso.net\/?p=23711","url":"https:\/\/www.latribunedufaso.net\/?p=23711","name":"Transport urbain \u00e0 Banfora : Le nouveau r\u00e9seau de bus de la SOTRACO valid\u00e9 - La Tribune du Faso","isPartOf":{"@id":"https:\/\/www.latribunedufaso.net\/#website"},"primaryImageOfPage":{"@id":"https:\/\/www.latribunedufaso.net\/?p=23711#primaryimage"},"image":{"@id":"https:\/\/www.latribunedufaso.net\/?p=23711#primaryimage"},"thumbnailUrl":"https:\/\/www.latribunedufaso.net\/wp-content\/uploads\/2025\/09\/FB_IMG_1758491628330.jpg","datePublished":"2025-09-21T22:07:01+00:00","dateModified":"2025-09-22T00:27:52+00:00","breadcrumb":{"@id":"https:\/\/www.latribunedufaso.net\/?p=23711#breadcrumb"},"inLanguage":"fr-FR","potentialAction":[{"@type":"ReadAction","target":["https:\/\/www.latribunedufaso.net\/?p=23711"]}]},{"@type":"ImageObject","inLanguage":"fr-FR","@id":"https:\/\/www.latribunedufaso.net\/?p=23711#primaryimage","url":"https:\/\/www.latribunedufaso.net\/wp-content\/uploads\/2025\/09\/FB_IMG_1758491628330.jpg","contentUrl":"https:\/\/www.latribunedufaso.net\/wp-content\/uploads\/2025\/09\/FB_IMG_1758491628330.jpg","width":1280,"height":854,"caption":"Atelier de validation du nouveau r\u00e9seau de bus de la Soci\u00e9t\u00e9 de Transport en Commun (SOTRACO) de Banfora, 19 septembre 2025"},{"@type":"BreadcrumbList","@id":"https:\/\/www.latribunedufaso.net\/?p=23711#breadcrumb","itemListElement":[{"@type":"ListItem","position":1,"name":"Accueil","item":"https:\/\/www.latribunedufaso.net\/"},{"@type":"ListItem","position":2,"name":"Transport urbain \u00e0 Banfora : Le nouveau r\u00e9seau de bus de la SOTRACO valid\u00e9"}]},{"@type":"WebSite","@id":"https:\/\/www.latribunedufaso.net\/#website","url":"https:\/\/www.latribunedufaso.net\/","name":"La Tribune du Faso","description":"L&#039;information du monde rural en un clic","publisher":{"@id":"https:\/\/www.latribunedufaso.net\/#organization"},"potentialAction":[{"@type":"SearchAction","target":{"@type":"EntryPoint","urlTemplate":"https:\/\/www.latribunedufaso.net\/?s={search_term_string}"},"query-input":{"@type":"PropertyValueSpecification","valueRequired":true,"valueName":"search_term_string"}}],"inLanguage":"fr-FR"},{"@type":"Organization","@id":"https:\/\/www.latribunedufaso.net\/#organization","name":"La Tribune du Faso","url":"https:\/\/www.latribunedufaso.net\/","logo":{"@type":"ImageObject","inLanguage":"fr-FR","@id":"https:\/\/www.latribunedufaso.net\/#\/schema\/logo\/image\/","url":"https:\/\/www.latribunedufaso.net\/wp-content\/uploads\/2020\/08\/Logo-Tribune-du-Faso-final-scaled.jpg","contentUrl":"https:\/\/www.latribunedufaso.net\/wp-content\/uploads\/2020\/08\/Logo-Tribune-du-Faso-final-scaled.jpg","width":2560,"height":1856,"caption":"La Tribune du Faso"},"image":{"@id":"https:\/\/www.latribunedufaso.net\/#\/schema\/logo\/image\/"},"sameAs":["https:\/\/www.facebook.com\/LatribuneduFaso\/"]},{"@type":"Person","@id":"https:\/\/www.latribunedufaso.net\/#\/schema\/person\/e54e64c5778a7e72cf80a318b7a622b0","name":"Issouf Tapsoba","image":{"@type":"ImageObject","inLanguage":"fr-FR","@id":"https:\/\/secure.gravatar.com\/avatar\/5e6c05150ce3230247d167f5b94d678eb05936197436d69b7921e3a95c9107ac?s=96&d=mm&r=g","url":"https:\/\/secure.gravatar.com\/avatar\/5e6c05150ce3230247d167f5b94d678eb05936197436d69b7921e3a95c9107ac?s=96&d=mm&r=g","contentUrl":"https:\/\/secure.gravatar.com\/avatar\/5e6c05150ce3230247d167f5b94d678eb05936197436d69b7921e3a95c9107ac?s=96&d=mm&r=g","caption":"Issouf Tapsoba"},"url":"https:\/\/www.latribunedufaso.net\/?author=5"}]}},"_links":{"self":[{"href":"https:\/\/www.latribunedufaso.net\/index.php?rest_route=\/wp\/v2\/posts\/23711","targetHints":{"allow":["GET"]}}],"collection":[{"href":"https:\/\/www.latribunedufaso.net\/index.php?rest_route=\/wp\/v2\/posts"}],"about":[{"href":"https:\/\/www.latribunedufaso.net\/index.php?rest_route=\/wp\/v2\/types\/post"}],"author":[{"embeddable":true,"href":"https:\/\/www.latribunedufaso.net\/index.php?rest_route=\/wp\/v2\/users\/5"}],"replies":[{"embeddable":true,"href":"https:\/\/www.latribunedufaso.net\/index.php?rest_route=%2Fwp%2Fv2%2Fcomments&post=23711"}],"version-history":[{"count":2,"href":"https:\/\/www.latribunedufaso.net\/index.php?rest_route=\/wp\/v2\/posts\/23711\/revisions"}],"predecessor-version":[{"id":23717,"href":"https:\/\/www.latribunedufaso.net\/index.php?rest_route=\/wp\/v2\/posts\/23711\/revisions\/23717"}],"wp:featuredmedia":[{"embeddable":true,"href":"https:\/\/www.latribunedufaso.net\/index.php?rest_route=\/wp\/v2\/media\/23713"}],"wp:attachment":[{"href":"https:\/\/www.latribunedufaso.net\/index.php?rest_route=%2Fwp%2Fv2%2Fmedia&parent=23711"}],"wp:term":[{"taxonomy":"category","embeddable":true,"href":"https:\/\/www.latribunedufaso.net\/index.php?rest_route=%2Fwp%2Fv2%2Fcategories&post=23711"},{"taxonomy":"post_tag","embeddable":true,"href":"https:\/\/www.latribunedufaso.net\/index.php?rest_route=%2Fwp%2Fv2%2Ftags&post=23711"}],"curies":[{"name":"wp","href":"https:\/\/api.w.org\/{rel}","templated":true}]}}