{"id":23692,"date":"2025-09-19T05:33:59","date_gmt":"2025-09-19T05:33:59","guid":{"rendered":"https:\/\/www.latribunedufaso.net\/?p=23692"},"modified":"2025-12-17T16:48:55","modified_gmt":"2025-12-17T16:48:55","slug":"samoa-2025-un-cross-populaire-pour-annoncer-les-couleurs-de-levenement","status":"publish","type":"post","link":"https:\/\/www.latribunedufaso.net\/?p=23692","title":{"rendered":"SAMOA 2025 : un cross populaire pour annoncer les couleurs de l&rsquo;\u00e9v\u00e9nement\u00a0"},"content":{"rendered":"<p><strong>En pr\u00e9lude \u00e0 la 7\u1d49 \u00e9dition de la Semaine des Activit\u00e9s Mini\u00e8res d\u2019Afrique de l\u2019Ouest (SAMAO), pr\u00e9vue du 25 au 27 septembre 2025 \u00e0 Ouagadougou, le minist\u00e8re en charge des Mines a organis\u00e9 un cross populaire suivi d\u2019une s\u00e9ance d\u2019a\u00e9robic. Une mani\u00e8re sportive et conviviale d\u2019annoncer les couleurs de l\u2019\u00e9v\u00e9nement et de mobiliser les acteurs autour de cette rencontre majeure du secteur minier ouest-africain, selon les organisateurs.<\/strong><!--more--><\/p>\n<p>La 7\u1d49 \u00e9dition de la Semaine des activit\u00e9s mini\u00e8res d&rsquo;Afrique de l\u2019Ouest (SAMAO) se tiendra du 25 au 27 septembre 2025 au Centre international de conf\u00e9rences de Ouaga 2000, \u00e0 Ouagadougou.<\/p>\n<figure id=\"attachment_23695\" aria-describedby=\"caption-attachment-23695\" style=\"width: 2560px\" class=\"wp-caption aligncenter\"><a href=\"https:\/\/www.latribunedufaso.net\/wp-content\/uploads\/2025\/09\/IMG-20250920-WA0020.jpg\"><img loading=\"lazy\" decoding=\"async\" class=\"size-full wp-image-23695\" src=\"https:\/\/www.latribunedufaso.net\/wp-content\/uploads\/2025\/09\/IMG-20250920-WA0020.jpg\" alt=\"En pr\u00e9lude \u00e0 la 7\u1d49 \u00e9dition de la SAMAO, pr\u00e9vue du 25 au 27 septembre 2025 \u00e0 Ouagadougou, le minist\u00e8re en charge des Mines a organis\u00e9 un cross populaire suivi d\u2019une s\u00e9ance d\u2019a\u00e9robic, 18 septembre 2025 \u00e0 Ouagadougou \" width=\"2560\" height=\"1927\" srcset=\"https:\/\/www.latribunedufaso.net\/wp-content\/uploads\/2025\/09\/IMG-20250920-WA0020.jpg 2560w, https:\/\/www.latribunedufaso.net\/wp-content\/uploads\/2025\/09\/IMG-20250920-WA0020-300x226.jpg 300w, https:\/\/www.latribunedufaso.net\/wp-content\/uploads\/2025\/09\/IMG-20250920-WA0020-1024x771.jpg 1024w, https:\/\/www.latribunedufaso.net\/wp-content\/uploads\/2025\/09\/IMG-20250920-WA0020-768x578.jpg 768w, https:\/\/www.latribunedufaso.net\/wp-content\/uploads\/2025\/09\/IMG-20250920-WA0020-1536x1156.jpg 1536w, https:\/\/www.latribunedufaso.net\/wp-content\/uploads\/2025\/09\/IMG-20250920-WA0020-2048x1542.jpg 2048w\" sizes=\"auto, (max-width: 2560px) 100vw, 2560px\" \/><\/a><figcaption id=\"caption-attachment-23695\" class=\"wp-caption-text\">Une du Pr\u00e9sident du comit\u00e9 d&rsquo;organisation, Doulaye Sanou (au milieu) lors du cross populaire &#8211; Ph. A. Kiendrebeogo<\/figcaption><\/figure>\n<p>Pour annoncer les couleurs de l\u2019\u00e9v\u00e9nement, le minist\u00e8re en charge des Mines a organis\u00e9, dans l\u2019apr\u00e8s-midi de ce 18 septembre 2025, un cross populaire suivi d\u2019une s\u00e9ance d\u2019a\u00e9robic.<\/p>\n<figure id=\"attachment_23696\" aria-describedby=\"caption-attachment-23696\" style=\"width: 2560px\" class=\"wp-caption aligncenter\"><a href=\"https:\/\/www.latribunedufaso.net\/wp-content\/uploads\/2025\/09\/IMG-20250920-WA0021.jpg\"><img loading=\"lazy\" decoding=\"async\" class=\"size-full wp-image-23696\" src=\"https:\/\/www.latribunedufaso.net\/wp-content\/uploads\/2025\/09\/IMG-20250920-WA0021.jpg\" alt=\"En pr\u00e9lude \u00e0 la 7\u1d49 \u00e9dition de la SAMAO, pr\u00e9vue du 25 au 27 septembre 2025 \u00e0 Ouagadougou, le minist\u00e8re en charge des Mines a organis\u00e9 un cross populaire suivi d\u2019une s\u00e9ance d\u2019a\u00e9robic, 18 septembre 2025 \u00e0 Ouagadougou \" width=\"2560\" height=\"1927\" srcset=\"https:\/\/www.latribunedufaso.net\/wp-content\/uploads\/2025\/09\/IMG-20250920-WA0021.jpg 2560w, https:\/\/www.latribunedufaso.net\/wp-content\/uploads\/2025\/09\/IMG-20250920-WA0021-300x226.jpg 300w, https:\/\/www.latribunedufaso.net\/wp-content\/uploads\/2025\/09\/IMG-20250920-WA0021-1024x771.jpg 1024w, https:\/\/www.latribunedufaso.net\/wp-content\/uploads\/2025\/09\/IMG-20250920-WA0021-768x578.jpg 768w, https:\/\/www.latribunedufaso.net\/wp-content\/uploads\/2025\/09\/IMG-20250920-WA0021-1536x1156.jpg 1536w, https:\/\/www.latribunedufaso.net\/wp-content\/uploads\/2025\/09\/IMG-20250920-WA0021-2048x1542.jpg 2048w\" sizes=\"auto, (max-width: 2560px) 100vw, 2560px\" \/><\/a><figcaption id=\"caption-attachment-23696\" class=\"wp-caption-text\">Une vue de la s\u00e9ance a\u00e9robic &#8211; Ph. A. Kiendrebeogo<\/figcaption><\/figure>\n<p><em><strong>\u00ab Il s\u2019agit de mettre en jambe tous ceux qui participent \u00e0 l\u2019organisation, de les mettre en ordre de bataille, et de faire savoir \u00e0 la population qu\u2019un \u00e9v\u00e9nement d\u2019envergure se tiendra \u00e0 Ouagadougou dans moins de deux semaines \u00bb<\/strong><\/em>, a d\u00e9clar\u00e9 le pr\u00e9sident du comit\u00e9 d\u2019organisation, Doulaye Sanou.<\/p>\n<blockquote>\n<p>Lire aussi &gt;&gt; <a href=\"https:\/\/www.latribunedufaso.net\/?p=23580\">Semaine des activit\u00e9s mini\u00e8res de l\u2019Afrique de l\u2019Ouest (SAMO) : La 7e \u00e9dition se tiendra du 25 au 27 septembre 2025 \u00e0 Ouagadougou\u00a0<\/a><\/p>\n<\/blockquote>\n<p><iframe loading=\"lazy\" width=\"560\" height=\"315\" src=\"https:\/\/www.youtube.com\/embed\/x9rLJ5-XvIg?si=jPlGgZzRAkQHhARV\" title=\"YouTube video player\" frameborder=\"0\" allow=\"accelerometer; autoplay; clipboard-write; encrypted-media; gyroscope; picture-in-picture; web-share\" referrerpolicy=\"strict-origin-when-cross-origin\" allowfullscreen><\/iframe><\/p>\n<p>Les sportifs du jour sont partis de l\u2019immeuble du 15 octobre pour rallier la place de la nation o\u00f9 ils ont eu la s\u00e9ance d\u2019a\u00e9robic.<\/p>\n<p><strong>Rosana Astride KIENDREBEOGO\u00a0<\/strong><\/p>\n<p><strong>Latribunedufaso.net<\/strong><\/p>\n","protected":false},"excerpt":{"rendered":"<p>En pr\u00e9lude \u00e0 la 7\u1d49 \u00e9dition de la Semaine des Activit\u00e9s Mini\u00e8res d\u2019Afrique de l\u2019Ouest (SAMAO), pr\u00e9vue du 25 au 27 septembre 2025 \u00e0 Ouagadougou, le minist\u00e8re en charge des Mines a organis\u00e9 un cross populaire suivi d\u2019une s\u00e9ance d\u2019a\u00e9robic. Une mani\u00e8re sportive et conviviale d\u2019annoncer les couleurs de l\u2019\u00e9v\u00e9nement et de mobiliser les acteurs autour de cette rencontre majeure du secteur minier ouest-africain, selon les organisateurs.<\/p>\n","protected":false},"author":5,"featured_media":23694,"comment_status":"open","ping_status":"open","sticky":false,"template":"","format":"standard","meta":{"footnotes":""},"categories":[13,1,19],"tags":[39,52,199,1586],"class_list":["post-23692","post","type-post","status-publish","format-standard","has-post-thumbnail","hentry","category-une","category-actu","category-mines-et-carrieres","tag-latribunedufaso-net","tag-mines-et-carrieres","tag-samao","tag-seance-aerobic-samao"],"yoast_head":"<!-- This site is optimized with the Yoast SEO plugin v27.4 - https:\/\/yoast.com\/product\/yoast-seo-wordpress\/ -->\n<title>SAMOA 2025 : un cross populaire pour annoncer les couleurs de l&#039;\u00e9v\u00e9nement\u00a0 - La Tribune du Faso<\/title>\n<meta name=\"robots\" content=\"index, follow, max-snippet:-1, max-image-preview:large, max-video-preview:-1\" \/>\n<link rel=\"canonical\" href=\"https:\/\/www.latribunedufaso.net\/?p=23692\" \/>\n<meta property=\"og:locale\" content=\"fr_FR\" \/>\n<meta property=\"og:type\" content=\"article\" \/>\n<meta property=\"og:title\" content=\"SAMOA 2025 : un cross populaire pour annoncer les couleurs de l&#039;\u00e9v\u00e9nement\u00a0 - La Tribune du Faso\" \/>\n<meta property=\"og:description\" content=\"En pr\u00e9lude \u00e0 la 7\u1d49 \u00e9dition de la Semaine des Activit\u00e9s Mini\u00e8res d\u2019Afrique de l\u2019Ouest (SAMAO), pr\u00e9vue du 25 au 27 septembre 2025 \u00e0 Ouagadougou, le minist\u00e8re en charge des Mines a organis\u00e9 un cross populaire suivi d\u2019une s\u00e9ance d\u2019a\u00e9robic. Une mani\u00e8re sportive et conviviale d\u2019annoncer les couleurs de l\u2019\u00e9v\u00e9nement et de mobiliser les acteurs autour de cette rencontre majeure du secteur minier ouest-africain, selon les organisateurs.\" \/>\n<meta property=\"og:url\" content=\"https:\/\/www.latribunedufaso.net\/?p=23692\" \/>\n<meta property=\"og:site_name\" content=\"La Tribune du Faso\" \/>\n<meta property=\"article:publisher\" content=\"https:\/\/www.facebook.com\/LatribuneduFaso\/\" \/>\n<meta property=\"article:published_time\" content=\"2025-09-19T05:33:59+00:00\" \/>\n<meta property=\"article:modified_time\" content=\"2025-12-17T16:48:55+00:00\" \/>\n<meta property=\"og:image\" content=\"https:\/\/www.latribunedufaso.net\/wp-content\/uploads\/2025\/09\/IMG-20250920-WA0008.jpg\" \/>\n\t<meta property=\"og:image:width\" content=\"2560\" \/>\n\t<meta property=\"og:image:height\" content=\"1927\" \/>\n\t<meta property=\"og:image:type\" content=\"image\/jpeg\" \/>\n<meta name=\"author\" content=\"Issouf Tapsoba\" \/>\n<meta name=\"twitter:label1\" content=\"\u00c9crit par\" \/>\n\t<meta name=\"twitter:data1\" content=\"Issouf Tapsoba\" \/>\n\t<meta name=\"twitter:label2\" content=\"Dur\u00e9e de lecture estim\u00e9e\" \/>\n\t<meta name=\"twitter:data2\" content=\"2 minutes\" \/>\n<script type=\"application\/ld+json\" class=\"yoast-schema-graph\">{\"@context\":\"https:\\\/\\\/schema.org\",\"@graph\":[{\"@type\":\"Article\",\"@id\":\"https:\\\/\\\/www.latribunedufaso.net\\\/?p=23692#article\",\"isPartOf\":{\"@id\":\"https:\\\/\\\/www.latribunedufaso.net\\\/?p=23692\"},\"author\":{\"name\":\"Issouf Tapsoba\",\"@id\":\"https:\\\/\\\/www.latribunedufaso.net\\\/#\\\/schema\\\/person\\\/e54e64c5778a7e72cf80a318b7a622b0\"},\"headline\":\"SAMOA 2025 : un cross populaire pour annoncer les couleurs de l&rsquo;\u00e9v\u00e9nement\u00a0\",\"datePublished\":\"2025-09-19T05:33:59+00:00\",\"dateModified\":\"2025-12-17T16:48:55+00:00\",\"mainEntityOfPage\":{\"@id\":\"https:\\\/\\\/www.latribunedufaso.net\\\/?p=23692\"},\"wordCount\":310,\"commentCount\":0,\"publisher\":{\"@id\":\"https:\\\/\\\/www.latribunedufaso.net\\\/#organization\"},\"image\":{\"@id\":\"https:\\\/\\\/www.latribunedufaso.net\\\/?p=23692#primaryimage\"},\"thumbnailUrl\":\"https:\\\/\\\/www.latribunedufaso.net\\\/wp-content\\\/uploads\\\/2025\\\/09\\\/IMG-20250920-WA0008.jpg\",\"keywords\":[\"latribunedufaso.net\",\"mines et carri\u00e8res\",\"SAMAO\",\"S\u00e9ance a\u00e9robic SAMAO\"],\"articleSection\":[\"A la une\",\"Actualit\u00e9\",\"Mines et Carri\u00e8res\"],\"inLanguage\":\"fr-FR\",\"potentialAction\":[{\"@type\":\"CommentAction\",\"name\":\"Comment\",\"target\":[\"https:\\\/\\\/www.latribunedufaso.net\\\/?p=23692#respond\"]}]},{\"@type\":\"WebPage\",\"@id\":\"https:\\\/\\\/www.latribunedufaso.net\\\/?p=23692\",\"url\":\"https:\\\/\\\/www.latribunedufaso.net\\\/?p=23692\",\"name\":\"SAMOA 2025 : un cross populaire pour annoncer les couleurs de l'\u00e9v\u00e9nement\u00a0 - La Tribune du Faso\",\"isPartOf\":{\"@id\":\"https:\\\/\\\/www.latribunedufaso.net\\\/#website\"},\"primaryImageOfPage\":{\"@id\":\"https:\\\/\\\/www.latribunedufaso.net\\\/?p=23692#primaryimage\"},\"image\":{\"@id\":\"https:\\\/\\\/www.latribunedufaso.net\\\/?p=23692#primaryimage\"},\"thumbnailUrl\":\"https:\\\/\\\/www.latribunedufaso.net\\\/wp-content\\\/uploads\\\/2025\\\/09\\\/IMG-20250920-WA0008.jpg\",\"datePublished\":\"2025-09-19T05:33:59+00:00\",\"dateModified\":\"2025-12-17T16:48:55+00:00\",\"breadcrumb\":{\"@id\":\"https:\\\/\\\/www.latribunedufaso.net\\\/?p=23692#breadcrumb\"},\"inLanguage\":\"fr-FR\",\"potentialAction\":[{\"@type\":\"ReadAction\",\"target\":[\"https:\\\/\\\/www.latribunedufaso.net\\\/?p=23692\"]}]},{\"@type\":\"ImageObject\",\"inLanguage\":\"fr-FR\",\"@id\":\"https:\\\/\\\/www.latribunedufaso.net\\\/?p=23692#primaryimage\",\"url\":\"https:\\\/\\\/www.latribunedufaso.net\\\/wp-content\\\/uploads\\\/2025\\\/09\\\/IMG-20250920-WA0008.jpg\",\"contentUrl\":\"https:\\\/\\\/www.latribunedufaso.net\\\/wp-content\\\/uploads\\\/2025\\\/09\\\/IMG-20250920-WA0008.jpg\",\"width\":2560,\"height\":1927,\"caption\":\"En pr\u00e9lude \u00e0 la 7\u1d49 \u00e9dition de la SAMAO, pr\u00e9vue du 25 au 27 septembre 2025 \u00e0 Ouagadougou, le minist\u00e8re en charge des Mines a organis\u00e9 un cross populaire suivi d\u2019une s\u00e9ance d\u2019a\u00e9robic, 18 septembre 2025 \u00e0 Ouagadougou\"},{\"@type\":\"BreadcrumbList\",\"@id\":\"https:\\\/\\\/www.latribunedufaso.net\\\/?p=23692#breadcrumb\",\"itemListElement\":[{\"@type\":\"ListItem\",\"position\":1,\"name\":\"Accueil\",\"item\":\"https:\\\/\\\/www.latribunedufaso.net\\\/\"},{\"@type\":\"ListItem\",\"position\":2,\"name\":\"SAMOA 2025 : un cross populaire pour annoncer les couleurs de l&rsquo;\u00e9v\u00e9nement\u00a0\"}]},{\"@type\":\"WebSite\",\"@id\":\"https:\\\/\\\/www.latribunedufaso.net\\\/#website\",\"url\":\"https:\\\/\\\/www.latribunedufaso.net\\\/\",\"name\":\"La Tribune du Faso\",\"description\":\"L&#039;information du monde rural en un clic\",\"publisher\":{\"@id\":\"https:\\\/\\\/www.latribunedufaso.net\\\/#organization\"},\"potentialAction\":[{\"@type\":\"SearchAction\",\"target\":{\"@type\":\"EntryPoint\",\"urlTemplate\":\"https:\\\/\\\/www.latribunedufaso.net\\\/?s={search_term_string}\"},\"query-input\":{\"@type\":\"PropertyValueSpecification\",\"valueRequired\":true,\"valueName\":\"search_term_string\"}}],\"inLanguage\":\"fr-FR\"},{\"@type\":\"Organization\",\"@id\":\"https:\\\/\\\/www.latribunedufaso.net\\\/#organization\",\"name\":\"La Tribune du Faso\",\"url\":\"https:\\\/\\\/www.latribunedufaso.net\\\/\",\"logo\":{\"@type\":\"ImageObject\",\"inLanguage\":\"fr-FR\",\"@id\":\"https:\\\/\\\/www.latribunedufaso.net\\\/#\\\/schema\\\/logo\\\/image\\\/\",\"url\":\"https:\\\/\\\/www.latribunedufaso.net\\\/wp-content\\\/uploads\\\/2020\\\/08\\\/Logo-Tribune-du-Faso-final-scaled.jpg\",\"contentUrl\":\"https:\\\/\\\/www.latribunedufaso.net\\\/wp-content\\\/uploads\\\/2020\\\/08\\\/Logo-Tribune-du-Faso-final-scaled.jpg\",\"width\":2560,\"height\":1856,\"caption\":\"La Tribune du Faso\"},\"image\":{\"@id\":\"https:\\\/\\\/www.latribunedufaso.net\\\/#\\\/schema\\\/logo\\\/image\\\/\"},\"sameAs\":[\"https:\\\/\\\/www.facebook.com\\\/LatribuneduFaso\\\/\"]},{\"@type\":\"Person\",\"@id\":\"https:\\\/\\\/www.latribunedufaso.net\\\/#\\\/schema\\\/person\\\/e54e64c5778a7e72cf80a318b7a622b0\",\"name\":\"Issouf Tapsoba\",\"image\":{\"@type\":\"ImageObject\",\"inLanguage\":\"fr-FR\",\"@id\":\"https:\\\/\\\/secure.gravatar.com\\\/avatar\\\/5e6c05150ce3230247d167f5b94d678eb05936197436d69b7921e3a95c9107ac?s=96&d=mm&r=g\",\"url\":\"https:\\\/\\\/secure.gravatar.com\\\/avatar\\\/5e6c05150ce3230247d167f5b94d678eb05936197436d69b7921e3a95c9107ac?s=96&d=mm&r=g\",\"contentUrl\":\"https:\\\/\\\/secure.gravatar.com\\\/avatar\\\/5e6c05150ce3230247d167f5b94d678eb05936197436d69b7921e3a95c9107ac?s=96&d=mm&r=g\",\"caption\":\"Issouf Tapsoba\"},\"url\":\"https:\\\/\\\/www.latribunedufaso.net\\\/?author=5\"}]}<\/script>\n<!-- \/ Yoast SEO plugin. -->","yoast_head_json":{"title":"SAMOA 2025 : un cross populaire pour annoncer les couleurs de l'\u00e9v\u00e9nement\u00a0 - La Tribune du Faso","robots":{"index":"index","follow":"follow","max-snippet":"max-snippet:-1","max-image-preview":"max-image-preview:large","max-video-preview":"max-video-preview:-1"},"canonical":"https:\/\/www.latribunedufaso.net\/?p=23692","og_locale":"fr_FR","og_type":"article","og_title":"SAMOA 2025 : un cross populaire pour annoncer les couleurs de l'\u00e9v\u00e9nement\u00a0 - La Tribune du Faso","og_description":"En pr\u00e9lude \u00e0 la 7\u1d49 \u00e9dition de la Semaine des Activit\u00e9s Mini\u00e8res d\u2019Afrique de l\u2019Ouest (SAMAO), pr\u00e9vue du 25 au 27 septembre 2025 \u00e0 Ouagadougou, le minist\u00e8re en charge des Mines a organis\u00e9 un cross populaire suivi d\u2019une s\u00e9ance d\u2019a\u00e9robic. Une mani\u00e8re sportive et conviviale d\u2019annoncer les couleurs de l\u2019\u00e9v\u00e9nement et de mobiliser les acteurs autour de cette rencontre majeure du secteur minier ouest-africain, selon les organisateurs.","og_url":"https:\/\/www.latribunedufaso.net\/?p=23692","og_site_name":"La Tribune du Faso","article_publisher":"https:\/\/www.facebook.com\/LatribuneduFaso\/","article_published_time":"2025-09-19T05:33:59+00:00","article_modified_time":"2025-12-17T16:48:55+00:00","og_image":[{"width":2560,"height":1927,"url":"https:\/\/www.latribunedufaso.net\/wp-content\/uploads\/2025\/09\/IMG-20250920-WA0008.jpg","type":"image\/jpeg"}],"author":"Issouf Tapsoba","twitter_misc":{"\u00c9crit par":"Issouf Tapsoba","Dur\u00e9e de lecture estim\u00e9e":"2 minutes"},"schema":{"@context":"https:\/\/schema.org","@graph":[{"@type":"Article","@id":"https:\/\/www.latribunedufaso.net\/?p=23692#article","isPartOf":{"@id":"https:\/\/www.latribunedufaso.net\/?p=23692"},"author":{"name":"Issouf Tapsoba","@id":"https:\/\/www.latribunedufaso.net\/#\/schema\/person\/e54e64c5778a7e72cf80a318b7a622b0"},"headline":"SAMOA 2025 : un cross populaire pour annoncer les couleurs de l&rsquo;\u00e9v\u00e9nement\u00a0","datePublished":"2025-09-19T05:33:59+00:00","dateModified":"2025-12-17T16:48:55+00:00","mainEntityOfPage":{"@id":"https:\/\/www.latribunedufaso.net\/?p=23692"},"wordCount":310,"commentCount":0,"publisher":{"@id":"https:\/\/www.latribunedufaso.net\/#organization"},"image":{"@id":"https:\/\/www.latribunedufaso.net\/?p=23692#primaryimage"},"thumbnailUrl":"https:\/\/www.latribunedufaso.net\/wp-content\/uploads\/2025\/09\/IMG-20250920-WA0008.jpg","keywords":["latribunedufaso.net","mines et carri\u00e8res","SAMAO","S\u00e9ance a\u00e9robic SAMAO"],"articleSection":["A la une","Actualit\u00e9","Mines et Carri\u00e8res"],"inLanguage":"fr-FR","potentialAction":[{"@type":"CommentAction","name":"Comment","target":["https:\/\/www.latribunedufaso.net\/?p=23692#respond"]}]},{"@type":"WebPage","@id":"https:\/\/www.latribunedufaso.net\/?p=23692","url":"https:\/\/www.latribunedufaso.net\/?p=23692","name":"SAMOA 2025 : un cross populaire pour annoncer les couleurs de l'\u00e9v\u00e9nement\u00a0 - La Tribune du Faso","isPartOf":{"@id":"https:\/\/www.latribunedufaso.net\/#website"},"primaryImageOfPage":{"@id":"https:\/\/www.latribunedufaso.net\/?p=23692#primaryimage"},"image":{"@id":"https:\/\/www.latribunedufaso.net\/?p=23692#primaryimage"},"thumbnailUrl":"https:\/\/www.latribunedufaso.net\/wp-content\/uploads\/2025\/09\/IMG-20250920-WA0008.jpg","datePublished":"2025-09-19T05:33:59+00:00","dateModified":"2025-12-17T16:48:55+00:00","breadcrumb":{"@id":"https:\/\/www.latribunedufaso.net\/?p=23692#breadcrumb"},"inLanguage":"fr-FR","potentialAction":[{"@type":"ReadAction","target":["https:\/\/www.latribunedufaso.net\/?p=23692"]}]},{"@type":"ImageObject","inLanguage":"fr-FR","@id":"https:\/\/www.latribunedufaso.net\/?p=23692#primaryimage","url":"https:\/\/www.latribunedufaso.net\/wp-content\/uploads\/2025\/09\/IMG-20250920-WA0008.jpg","contentUrl":"https:\/\/www.latribunedufaso.net\/wp-content\/uploads\/2025\/09\/IMG-20250920-WA0008.jpg","width":2560,"height":1927,"caption":"En pr\u00e9lude \u00e0 la 7\u1d49 \u00e9dition de la SAMAO, pr\u00e9vue du 25 au 27 septembre 2025 \u00e0 Ouagadougou, le minist\u00e8re en charge des Mines a organis\u00e9 un cross populaire suivi d\u2019une s\u00e9ance d\u2019a\u00e9robic, 18 septembre 2025 \u00e0 Ouagadougou"},{"@type":"BreadcrumbList","@id":"https:\/\/www.latribunedufaso.net\/?p=23692#breadcrumb","itemListElement":[{"@type":"ListItem","position":1,"name":"Accueil","item":"https:\/\/www.latribunedufaso.net\/"},{"@type":"ListItem","position":2,"name":"SAMOA 2025 : un cross populaire pour annoncer les couleurs de l&rsquo;\u00e9v\u00e9nement\u00a0"}]},{"@type":"WebSite","@id":"https:\/\/www.latribunedufaso.net\/#website","url":"https:\/\/www.latribunedufaso.net\/","name":"La Tribune du Faso","description":"L&#039;information du monde rural en un clic","publisher":{"@id":"https:\/\/www.latribunedufaso.net\/#organization"},"potentialAction":[{"@type":"SearchAction","target":{"@type":"EntryPoint","urlTemplate":"https:\/\/www.latribunedufaso.net\/?s={search_term_string}"},"query-input":{"@type":"PropertyValueSpecification","valueRequired":true,"valueName":"search_term_string"}}],"inLanguage":"fr-FR"},{"@type":"Organization","@id":"https:\/\/www.latribunedufaso.net\/#organization","name":"La Tribune du Faso","url":"https:\/\/www.latribunedufaso.net\/","logo":{"@type":"ImageObject","inLanguage":"fr-FR","@id":"https:\/\/www.latribunedufaso.net\/#\/schema\/logo\/image\/","url":"https:\/\/www.latribunedufaso.net\/wp-content\/uploads\/2020\/08\/Logo-Tribune-du-Faso-final-scaled.jpg","contentUrl":"https:\/\/www.latribunedufaso.net\/wp-content\/uploads\/2020\/08\/Logo-Tribune-du-Faso-final-scaled.jpg","width":2560,"height":1856,"caption":"La Tribune du Faso"},"image":{"@id":"https:\/\/www.latribunedufaso.net\/#\/schema\/logo\/image\/"},"sameAs":["https:\/\/www.facebook.com\/LatribuneduFaso\/"]},{"@type":"Person","@id":"https:\/\/www.latribunedufaso.net\/#\/schema\/person\/e54e64c5778a7e72cf80a318b7a622b0","name":"Issouf Tapsoba","image":{"@type":"ImageObject","inLanguage":"fr-FR","@id":"https:\/\/secure.gravatar.com\/avatar\/5e6c05150ce3230247d167f5b94d678eb05936197436d69b7921e3a95c9107ac?s=96&d=mm&r=g","url":"https:\/\/secure.gravatar.com\/avatar\/5e6c05150ce3230247d167f5b94d678eb05936197436d69b7921e3a95c9107ac?s=96&d=mm&r=g","contentUrl":"https:\/\/secure.gravatar.com\/avatar\/5e6c05150ce3230247d167f5b94d678eb05936197436d69b7921e3a95c9107ac?s=96&d=mm&r=g","caption":"Issouf Tapsoba"},"url":"https:\/\/www.latribunedufaso.net\/?author=5"}]}},"_links":{"self":[{"href":"https:\/\/www.latribunedufaso.net\/index.php?rest_route=\/wp\/v2\/posts\/23692","targetHints":{"allow":["GET"]}}],"collection":[{"href":"https:\/\/www.latribunedufaso.net\/index.php?rest_route=\/wp\/v2\/posts"}],"about":[{"href":"https:\/\/www.latribunedufaso.net\/index.php?rest_route=\/wp\/v2\/types\/post"}],"author":[{"embeddable":true,"href":"https:\/\/www.latribunedufaso.net\/index.php?rest_route=\/wp\/v2\/users\/5"}],"replies":[{"embeddable":true,"href":"https:\/\/www.latribunedufaso.net\/index.php?rest_route=%2Fwp%2Fv2%2Fcomments&post=23692"}],"version-history":[{"count":3,"href":"https:\/\/www.latribunedufaso.net\/index.php?rest_route=\/wp\/v2\/posts\/23692\/revisions"}],"predecessor-version":[{"id":25805,"href":"https:\/\/www.latribunedufaso.net\/index.php?rest_route=\/wp\/v2\/posts\/23692\/revisions\/25805"}],"wp:featuredmedia":[{"embeddable":true,"href":"https:\/\/www.latribunedufaso.net\/index.php?rest_route=\/wp\/v2\/media\/23694"}],"wp:attachment":[{"href":"https:\/\/www.latribunedufaso.net\/index.php?rest_route=%2Fwp%2Fv2%2Fmedia&parent=23692"}],"wp:term":[{"taxonomy":"category","embeddable":true,"href":"https:\/\/www.latribunedufaso.net\/index.php?rest_route=%2Fwp%2Fv2%2Fcategories&post=23692"},{"taxonomy":"post_tag","embeddable":true,"href":"https:\/\/www.latribunedufaso.net\/index.php?rest_route=%2Fwp%2Fv2%2Ftags&post=23692"}],"curies":[{"name":"wp","href":"https:\/\/api.w.org\/{rel}","templated":true}]}}