{"id":23551,"date":"2025-09-16T13:17:09","date_gmt":"2025-09-16T13:17:09","guid":{"rendered":"https:\/\/www.latribunedufaso.net\/?p=23551"},"modified":"2025-09-16T13:17:09","modified_gmt":"2025-09-16T13:17:09","slug":"forces-armees-nationales-linstitut-de-lenseignement-militaire-superieur-tiefo-amoro-desormais-operationnel","status":"publish","type":"post","link":"https:\/\/www.latribunedufaso.net\/?p=23551","title":{"rendered":"Forces arm\u00e9es nationales : L&rsquo;institut de l&rsquo;enseignement militaire sup\u00e9rieur Ti\u00e9fo Amoro d\u00e9sormais op\u00e9rationnel"},"content":{"rendered":"<p><strong>Le Premier ministre, Jean Emmanuel Ou\u00e9draogo, a pr\u00e9sid\u00e9, le 16 septembre 2025, la c\u00e9r\u00e9monie officielle de lancement des activit\u00e9s de l\u2019Institut de l\u2019Enseignement Militaire Sup\u00e9rieur Ti\u00e9fo Amoro (IEMS-TA), en pr\u00e9sence des autorit\u00e9s militaires, paramilitaires et de membres du Gouvernement. L&rsquo;op\u00e9rationnalisation de cette structure est une \u00e9tape majeure pour les Forces arm\u00e9es nationales, appel\u00e9es \u00e0 renforcer leur autonomie en mati\u00e8re de formation.<\/strong><!--more--><\/p>\n<p>Fruit d\u2019une vision politique, l\u2019IEMS a pour mission de dispenser un enseignement militaire sup\u00e9rieur de premier et de second degr\u00e9 et de contribuer \u00e0 l\u2019\u00e9laboration de doctrines adapt\u00e9es aux r\u00e9alit\u00e9s s\u00e9curitaires.<\/p>\n<p>Sa devise, <em><strong>\u00ab Penser la guerre, pr\u00e9parer la paix \u00bb<\/strong><\/em>, traduit l\u2019ambition de former des officiers capables d\u2019anticiper les menaces et de d\u00e9fendre la Nation face au terrorisme.\u00a0<\/p>\n<figure id=\"attachment_23556\" aria-describedby=\"caption-attachment-23556\" style=\"width: 967px\" class=\"wp-caption aligncenter\"><a href=\"https:\/\/www.latribunedufaso.net\/wp-content\/uploads\/2025\/09\/FB_IMG_1758028035500.jpg\"><img loading=\"lazy\" decoding=\"async\" class=\"size-full wp-image-23556\" src=\"https:\/\/www.latribunedufaso.net\/wp-content\/uploads\/2025\/09\/FB_IMG_1758028035500.jpg\" alt=\"Lancement des activit\u00e9s de l\u2019Institut de l\u2019Enseignement Militaire Sup\u00e9rieur Ti\u00e9fo Amoro (IEMS-TA), 16 septembre 2025\" width=\"967\" height=\"1080\" srcset=\"https:\/\/www.latribunedufaso.net\/wp-content\/uploads\/2025\/09\/FB_IMG_1758028035500.jpg 967w, https:\/\/www.latribunedufaso.net\/wp-content\/uploads\/2025\/09\/FB_IMG_1758028035500-269x300.jpg 269w, https:\/\/www.latribunedufaso.net\/wp-content\/uploads\/2025\/09\/FB_IMG_1758028035500-917x1024.jpg 917w, https:\/\/www.latribunedufaso.net\/wp-content\/uploads\/2025\/09\/FB_IMG_1758028035500-768x858.jpg 768w\" sizes=\"auto, (max-width: 967px) 100vw, 967px\" \/><\/a><figcaption id=\"caption-attachment-23556\" class=\"wp-caption-text\">Logo de l\u2019IEMS-TA &#8211; Ph. DR<\/figcaption><\/figure>\n<p>La cr\u00e9ation de la structure r\u00e9pond \u00e0 un double imp\u00e9ratif : tirer les le\u00e7ons des d\u00e9fis s\u00e9curitaires auxquels le pays est confront\u00e9 et anticiper les besoins futurs en mati\u00e8re de d\u00e9fense et de s\u00e9curit\u00e9. Dans cette dynamique, l\u2019organigramme de l\u2019institut pr\u00e9voit l\u2019\u00c9cole de guerre et l\u2019\u00c9cole d\u2019\u00e9tat-major.<\/p>\n<p>L\u2019\u00e9tablissement sera aussi ouvert, \u00e0 l\u2019avenir, aux cadres paramilitaires, aux responsables de l\u2019administration publique, ainsi qu\u2019aux stagiaires de l\u2019Alliance des \u00c9tats du Sahel (AES) et de pays partenaires.<\/p>\n<figure id=\"attachment_23553\" aria-describedby=\"caption-attachment-23553\" style=\"width: 978px\" class=\"wp-caption aligncenter\"><a href=\"https:\/\/www.latribunedufaso.net\/wp-content\/uploads\/2025\/09\/FB_IMG_1758028019058.jpg\"><img loading=\"lazy\" decoding=\"async\" class=\"size-full wp-image-23553\" src=\"https:\/\/www.latribunedufaso.net\/wp-content\/uploads\/2025\/09\/FB_IMG_1758028019058.jpg\" alt=\"Lancement des activit\u00e9s de l\u2019Institut de l\u2019Enseignement Militaire Sup\u00e9rieur Ti\u00e9fo Amoro (IEMS-TA), 16 septembre 2025\" width=\"978\" height=\"587\" srcset=\"https:\/\/www.latribunedufaso.net\/wp-content\/uploads\/2025\/09\/FB_IMG_1758028019058.jpg 978w, https:\/\/www.latribunedufaso.net\/wp-content\/uploads\/2025\/09\/FB_IMG_1758028019058-300x180.jpg 300w, https:\/\/www.latribunedufaso.net\/wp-content\/uploads\/2025\/09\/FB_IMG_1758028019058-768x461.jpg 768w\" sizes=\"auto, (max-width: 978px) 100vw, 978px\" \/><\/a><figcaption id=\"caption-attachment-23553\" class=\"wp-caption-text\">La photo de famille des participants avec le Premier ministre, Jean Emmanuel Ou\u00e9draogo (en vert) &#8211; Ph. DR<\/figcaption><\/figure>\n<p>Dans son discours, le Chef du Gouvernement a salu\u00e9 un moment historique pour nos Forces arm\u00e9es nationales, avec une volont\u00e9 de rupture d\u2019un pays r\u00e9solument tourn\u00e9 vers sa souverainet\u00e9 et les solutions endog\u00e8nes.<\/p>\n<p>Le Premier ministre a justifi\u00e9 le choix du nom de Ti\u00e9fo Amoro, roi et guerrier du XIX\u1d49 si\u00e8cle qui s\u2019opposa \u00e0 la p\u00e9n\u00e9tration coloniale, par la volont\u00e9 d\u2019ancrer l\u2019Institut dans un h\u00e9ritage de bravoure et de sacrifice :<em><strong> \u00ab En inscrivant cet institut dans le prolongement de son h\u00e9ritage, nous rappelons \u00e0 chaque g\u00e9n\u00e9ration que la d\u00e9fense de la M\u00e8re-Patrie est un devoir sacr\u00e9 \u00bb.<\/strong><\/em><\/p>\n<figure id=\"attachment_23555\" aria-describedby=\"caption-attachment-23555\" style=\"width: 1080px\" class=\"wp-caption aligncenter\"><a href=\"https:\/\/www.latribunedufaso.net\/wp-content\/uploads\/2025\/09\/FB_IMG_1758028039272.jpg\"><img loading=\"lazy\" decoding=\"async\" class=\"size-full wp-image-23555\" src=\"https:\/\/www.latribunedufaso.net\/wp-content\/uploads\/2025\/09\/FB_IMG_1758028039272.jpg\" alt=\"Lancement des activit\u00e9s de l\u2019Institut de l\u2019Enseignement Militaire Sup\u00e9rieur Ti\u00e9fo Amoro (IEMS-TA), 16 septembre 2025\" width=\"1080\" height=\"1080\" srcset=\"https:\/\/www.latribunedufaso.net\/wp-content\/uploads\/2025\/09\/FB_IMG_1758028039272.jpg 1080w, https:\/\/www.latribunedufaso.net\/wp-content\/uploads\/2025\/09\/FB_IMG_1758028039272-300x300.jpg 300w, https:\/\/www.latribunedufaso.net\/wp-content\/uploads\/2025\/09\/FB_IMG_1758028039272-1024x1024.jpg 1024w, https:\/\/www.latribunedufaso.net\/wp-content\/uploads\/2025\/09\/FB_IMG_1758028039272-150x150.jpg 150w, https:\/\/www.latribunedufaso.net\/wp-content\/uploads\/2025\/09\/FB_IMG_1758028039272-768x768.jpg 768w\" sizes=\"auto, (max-width: 1080px) 100vw, 1080px\" \/><\/a><figcaption id=\"caption-attachment-23555\" class=\"wp-caption-text\">Le Commandant de l\u2019Institut, le Colonel-Major Celeste Joseph Moussa Coulibaly &#8211; Ph. DR<\/figcaption><\/figure>\n<p>Pour le Commandant de l\u2019Institut, le Colonel-Major Celeste Joseph Moussa Coulibaly, l\u2019IEMS-TA sera <em><strong>\u00ab un lieu d\u2019apprentissage, un creuset de la pens\u00e9e militaire strat\u00e9gique, un laboratoire d\u2019innovation et un bastion de notre souverainet\u00e9 s\u00e9curitaire et de d\u00e9fense \u00bb.<\/strong><\/em><\/p>\n<p>Aux stagiaires de la premi\u00e8re promotion, le Premier ministre a lanc\u00e9 un appel solennel : <em><strong>\u00ab Soyez les dignes h\u00e9ritiers de Ti\u00e9fo Amoro et soyez le fer de lance de notre engagement \u00e0 b\u00e2tir une Nation souveraine, de paix et de justice \u00bb.<\/strong><\/em><\/p>\n<p>Avec ce lancement de l\u2019IEMS-TA, le Burkina Faso entend affirmer sa volont\u00e9 de ne plus d\u00e9l\u00e9guer la formation de son \u00e9lite militaire et de consolider sa souverainet\u00e9 dans le domaine de la d\u00e9fense et de la s\u00e9curit\u00e9.<\/p>\n<p><strong>Latribunedufaso.net<\/strong><\/p>\n<p><strong>Source : DCRP\/Primature<\/strong><\/p>\n","protected":false},"excerpt":{"rendered":"<p>Le Premier ministre, Jean Emmanuel Ou\u00e9draogo, a pr\u00e9sid\u00e9, le 16 septembre 2025, la c\u00e9r\u00e9monie officielle de lancement des activit\u00e9s de l\u2019Institut de l\u2019Enseignement Militaire Sup\u00e9rieur Ti\u00e9fo Amoro (IEMS-TA), en pr\u00e9sence des autorit\u00e9s militaires, paramilitaires et de membres du Gouvernement. L&rsquo;op\u00e9rationnalisation de cette structure est une \u00e9tape majeure pour les Forces arm\u00e9es nationales, appel\u00e9es \u00e0 renforcer leur autonomie en mati\u00e8re de formation.<\/p>\n","protected":false},"author":5,"featured_media":23554,"comment_status":"open","ping_status":"open","sticky":false,"template":"","format":"standard","meta":{"footnotes":""},"categories":[13,1,8],"tags":[523,1575,39],"class_list":["post-23551","post","type-post","status-publish","format-standard","has-post-thumbnail","hentry","category-une","category-actu","category-societe","tag-forces-armees-nationales","tag-institut-de-lenseignement-militaire-superieur-tiefo-amoro-iems-ta","tag-latribunedufaso-net"],"yoast_head":"<!-- This site is optimized with the Yoast SEO plugin v27.4 - https:\/\/yoast.com\/product\/yoast-seo-wordpress\/ -->\n<title>Forces arm\u00e9es nationales : L&#039;institut de l&#039;enseignement militaire sup\u00e9rieur Ti\u00e9fo Amoro d\u00e9sormais op\u00e9rationnel - La Tribune du Faso<\/title>\n<meta name=\"robots\" content=\"index, follow, max-snippet:-1, max-image-preview:large, max-video-preview:-1\" \/>\n<link rel=\"canonical\" href=\"https:\/\/www.latribunedufaso.net\/?p=23551\" \/>\n<meta property=\"og:locale\" content=\"fr_FR\" \/>\n<meta property=\"og:type\" content=\"article\" \/>\n<meta property=\"og:title\" content=\"Forces arm\u00e9es nationales : L&#039;institut de l&#039;enseignement militaire sup\u00e9rieur Ti\u00e9fo Amoro d\u00e9sormais op\u00e9rationnel - La Tribune du Faso\" \/>\n<meta property=\"og:description\" content=\"Le Premier ministre, Jean Emmanuel Ou\u00e9draogo, a pr\u00e9sid\u00e9, le 16 septembre 2025, la c\u00e9r\u00e9monie officielle de lancement des activit\u00e9s de l\u2019Institut de l\u2019Enseignement Militaire Sup\u00e9rieur Ti\u00e9fo Amoro (IEMS-TA), en pr\u00e9sence des autorit\u00e9s militaires, paramilitaires et de membres du Gouvernement. L&rsquo;op\u00e9rationnalisation de cette structure est une \u00e9tape majeure pour les Forces arm\u00e9es nationales, appel\u00e9es \u00e0 renforcer leur autonomie en mati\u00e8re de formation.\" \/>\n<meta property=\"og:url\" content=\"https:\/\/www.latribunedufaso.net\/?p=23551\" \/>\n<meta property=\"og:site_name\" content=\"La Tribune du Faso\" \/>\n<meta property=\"article:publisher\" content=\"https:\/\/www.facebook.com\/LatribuneduFaso\/\" \/>\n<meta property=\"article:published_time\" content=\"2025-09-16T13:17:09+00:00\" \/>\n<meta property=\"og:image\" content=\"https:\/\/www.latribunedufaso.net\/wp-content\/uploads\/2025\/09\/FB_IMG_1758028024029.jpg\" \/>\n\t<meta property=\"og:image:width\" content=\"980\" \/>\n\t<meta property=\"og:image:height\" content=\"565\" \/>\n\t<meta property=\"og:image:type\" content=\"image\/jpeg\" \/>\n<meta name=\"author\" content=\"Issouf Tapsoba\" \/>\n<meta name=\"twitter:label1\" content=\"\u00c9crit par\" \/>\n\t<meta name=\"twitter:data1\" content=\"Issouf Tapsoba\" \/>\n\t<meta name=\"twitter:label2\" content=\"Dur\u00e9e de lecture estim\u00e9e\" \/>\n\t<meta name=\"twitter:data2\" content=\"3 minutes\" \/>\n<script type=\"application\/ld+json\" class=\"yoast-schema-graph\">{\"@context\":\"https:\\\/\\\/schema.org\",\"@graph\":[{\"@type\":\"Article\",\"@id\":\"https:\\\/\\\/www.latribunedufaso.net\\\/?p=23551#article\",\"isPartOf\":{\"@id\":\"https:\\\/\\\/www.latribunedufaso.net\\\/?p=23551\"},\"author\":{\"name\":\"Issouf Tapsoba\",\"@id\":\"https:\\\/\\\/www.latribunedufaso.net\\\/#\\\/schema\\\/person\\\/e54e64c5778a7e72cf80a318b7a622b0\"},\"headline\":\"Forces arm\u00e9es nationales : L&rsquo;institut de l&rsquo;enseignement militaire sup\u00e9rieur Ti\u00e9fo Amoro d\u00e9sormais op\u00e9rationnel\",\"datePublished\":\"2025-09-16T13:17:09+00:00\",\"mainEntityOfPage\":{\"@id\":\"https:\\\/\\\/www.latribunedufaso.net\\\/?p=23551\"},\"wordCount\":558,\"commentCount\":0,\"publisher\":{\"@id\":\"https:\\\/\\\/www.latribunedufaso.net\\\/#organization\"},\"image\":{\"@id\":\"https:\\\/\\\/www.latribunedufaso.net\\\/?p=23551#primaryimage\"},\"thumbnailUrl\":\"https:\\\/\\\/www.latribunedufaso.net\\\/wp-content\\\/uploads\\\/2025\\\/09\\\/FB_IMG_1758028024029.jpg\",\"keywords\":[\"Forces arm\u00e9es nationales\",\"Institut de l\u2019Enseignement Militaire Sup\u00e9rieur Ti\u00e9fo Amoro (IEMS-TA)\",\"latribunedufaso.net\"],\"articleSection\":[\"A la une\",\"Actualit\u00e9\",\"Soci\u00e9t\u00e9\"],\"inLanguage\":\"fr-FR\",\"potentialAction\":[{\"@type\":\"CommentAction\",\"name\":\"Comment\",\"target\":[\"https:\\\/\\\/www.latribunedufaso.net\\\/?p=23551#respond\"]}]},{\"@type\":\"WebPage\",\"@id\":\"https:\\\/\\\/www.latribunedufaso.net\\\/?p=23551\",\"url\":\"https:\\\/\\\/www.latribunedufaso.net\\\/?p=23551\",\"name\":\"Forces arm\u00e9es nationales : L'institut de l'enseignement militaire sup\u00e9rieur Ti\u00e9fo Amoro d\u00e9sormais op\u00e9rationnel - La Tribune du Faso\",\"isPartOf\":{\"@id\":\"https:\\\/\\\/www.latribunedufaso.net\\\/#website\"},\"primaryImageOfPage\":{\"@id\":\"https:\\\/\\\/www.latribunedufaso.net\\\/?p=23551#primaryimage\"},\"image\":{\"@id\":\"https:\\\/\\\/www.latribunedufaso.net\\\/?p=23551#primaryimage\"},\"thumbnailUrl\":\"https:\\\/\\\/www.latribunedufaso.net\\\/wp-content\\\/uploads\\\/2025\\\/09\\\/FB_IMG_1758028024029.jpg\",\"datePublished\":\"2025-09-16T13:17:09+00:00\",\"breadcrumb\":{\"@id\":\"https:\\\/\\\/www.latribunedufaso.net\\\/?p=23551#breadcrumb\"},\"inLanguage\":\"fr-FR\",\"potentialAction\":[{\"@type\":\"ReadAction\",\"target\":[\"https:\\\/\\\/www.latribunedufaso.net\\\/?p=23551\"]}]},{\"@type\":\"ImageObject\",\"inLanguage\":\"fr-FR\",\"@id\":\"https:\\\/\\\/www.latribunedufaso.net\\\/?p=23551#primaryimage\",\"url\":\"https:\\\/\\\/www.latribunedufaso.net\\\/wp-content\\\/uploads\\\/2025\\\/09\\\/FB_IMG_1758028024029.jpg\",\"contentUrl\":\"https:\\\/\\\/www.latribunedufaso.net\\\/wp-content\\\/uploads\\\/2025\\\/09\\\/FB_IMG_1758028024029.jpg\",\"width\":980,\"height\":565,\"caption\":\"Lancement des activit\u00e9s de l\u2019Institut de l\u2019Enseignement Militaire Sup\u00e9rieur Ti\u00e9fo Amoro (IEMS-TA), 16 septembre 2025\"},{\"@type\":\"BreadcrumbList\",\"@id\":\"https:\\\/\\\/www.latribunedufaso.net\\\/?p=23551#breadcrumb\",\"itemListElement\":[{\"@type\":\"ListItem\",\"position\":1,\"name\":\"Accueil\",\"item\":\"https:\\\/\\\/www.latribunedufaso.net\\\/\"},{\"@type\":\"ListItem\",\"position\":2,\"name\":\"Forces arm\u00e9es nationales : L&rsquo;institut de l&rsquo;enseignement militaire sup\u00e9rieur Ti\u00e9fo Amoro d\u00e9sormais op\u00e9rationnel\"}]},{\"@type\":\"WebSite\",\"@id\":\"https:\\\/\\\/www.latribunedufaso.net\\\/#website\",\"url\":\"https:\\\/\\\/www.latribunedufaso.net\\\/\",\"name\":\"La Tribune du Faso\",\"description\":\"L&#039;information du monde rural en un clic\",\"publisher\":{\"@id\":\"https:\\\/\\\/www.latribunedufaso.net\\\/#organization\"},\"potentialAction\":[{\"@type\":\"SearchAction\",\"target\":{\"@type\":\"EntryPoint\",\"urlTemplate\":\"https:\\\/\\\/www.latribunedufaso.net\\\/?s={search_term_string}\"},\"query-input\":{\"@type\":\"PropertyValueSpecification\",\"valueRequired\":true,\"valueName\":\"search_term_string\"}}],\"inLanguage\":\"fr-FR\"},{\"@type\":\"Organization\",\"@id\":\"https:\\\/\\\/www.latribunedufaso.net\\\/#organization\",\"name\":\"La Tribune du Faso\",\"url\":\"https:\\\/\\\/www.latribunedufaso.net\\\/\",\"logo\":{\"@type\":\"ImageObject\",\"inLanguage\":\"fr-FR\",\"@id\":\"https:\\\/\\\/www.latribunedufaso.net\\\/#\\\/schema\\\/logo\\\/image\\\/\",\"url\":\"https:\\\/\\\/www.latribunedufaso.net\\\/wp-content\\\/uploads\\\/2020\\\/08\\\/Logo-Tribune-du-Faso-final-scaled.jpg\",\"contentUrl\":\"https:\\\/\\\/www.latribunedufaso.net\\\/wp-content\\\/uploads\\\/2020\\\/08\\\/Logo-Tribune-du-Faso-final-scaled.jpg\",\"width\":2560,\"height\":1856,\"caption\":\"La Tribune du Faso\"},\"image\":{\"@id\":\"https:\\\/\\\/www.latribunedufaso.net\\\/#\\\/schema\\\/logo\\\/image\\\/\"},\"sameAs\":[\"https:\\\/\\\/www.facebook.com\\\/LatribuneduFaso\\\/\"]},{\"@type\":\"Person\",\"@id\":\"https:\\\/\\\/www.latribunedufaso.net\\\/#\\\/schema\\\/person\\\/e54e64c5778a7e72cf80a318b7a622b0\",\"name\":\"Issouf Tapsoba\",\"image\":{\"@type\":\"ImageObject\",\"inLanguage\":\"fr-FR\",\"@id\":\"https:\\\/\\\/secure.gravatar.com\\\/avatar\\\/5e6c05150ce3230247d167f5b94d678eb05936197436d69b7921e3a95c9107ac?s=96&d=mm&r=g\",\"url\":\"https:\\\/\\\/secure.gravatar.com\\\/avatar\\\/5e6c05150ce3230247d167f5b94d678eb05936197436d69b7921e3a95c9107ac?s=96&d=mm&r=g\",\"contentUrl\":\"https:\\\/\\\/secure.gravatar.com\\\/avatar\\\/5e6c05150ce3230247d167f5b94d678eb05936197436d69b7921e3a95c9107ac?s=96&d=mm&r=g\",\"caption\":\"Issouf Tapsoba\"},\"url\":\"https:\\\/\\\/www.latribunedufaso.net\\\/?author=5\"}]}<\/script>\n<!-- \/ Yoast SEO plugin. -->","yoast_head_json":{"title":"Forces arm\u00e9es nationales : L'institut de l'enseignement militaire sup\u00e9rieur Ti\u00e9fo Amoro d\u00e9sormais op\u00e9rationnel - La Tribune du Faso","robots":{"index":"index","follow":"follow","max-snippet":"max-snippet:-1","max-image-preview":"max-image-preview:large","max-video-preview":"max-video-preview:-1"},"canonical":"https:\/\/www.latribunedufaso.net\/?p=23551","og_locale":"fr_FR","og_type":"article","og_title":"Forces arm\u00e9es nationales : L'institut de l'enseignement militaire sup\u00e9rieur Ti\u00e9fo Amoro d\u00e9sormais op\u00e9rationnel - La Tribune du Faso","og_description":"Le Premier ministre, Jean Emmanuel Ou\u00e9draogo, a pr\u00e9sid\u00e9, le 16 septembre 2025, la c\u00e9r\u00e9monie officielle de lancement des activit\u00e9s de l\u2019Institut de l\u2019Enseignement Militaire Sup\u00e9rieur Ti\u00e9fo Amoro (IEMS-TA), en pr\u00e9sence des autorit\u00e9s militaires, paramilitaires et de membres du Gouvernement. L&rsquo;op\u00e9rationnalisation de cette structure est une \u00e9tape majeure pour les Forces arm\u00e9es nationales, appel\u00e9es \u00e0 renforcer leur autonomie en mati\u00e8re de formation.","og_url":"https:\/\/www.latribunedufaso.net\/?p=23551","og_site_name":"La Tribune du Faso","article_publisher":"https:\/\/www.facebook.com\/LatribuneduFaso\/","article_published_time":"2025-09-16T13:17:09+00:00","og_image":[{"width":980,"height":565,"url":"https:\/\/www.latribunedufaso.net\/wp-content\/uploads\/2025\/09\/FB_IMG_1758028024029.jpg","type":"image\/jpeg"}],"author":"Issouf Tapsoba","twitter_misc":{"\u00c9crit par":"Issouf Tapsoba","Dur\u00e9e de lecture estim\u00e9e":"3 minutes"},"schema":{"@context":"https:\/\/schema.org","@graph":[{"@type":"Article","@id":"https:\/\/www.latribunedufaso.net\/?p=23551#article","isPartOf":{"@id":"https:\/\/www.latribunedufaso.net\/?p=23551"},"author":{"name":"Issouf Tapsoba","@id":"https:\/\/www.latribunedufaso.net\/#\/schema\/person\/e54e64c5778a7e72cf80a318b7a622b0"},"headline":"Forces arm\u00e9es nationales : L&rsquo;institut de l&rsquo;enseignement militaire sup\u00e9rieur Ti\u00e9fo Amoro d\u00e9sormais op\u00e9rationnel","datePublished":"2025-09-16T13:17:09+00:00","mainEntityOfPage":{"@id":"https:\/\/www.latribunedufaso.net\/?p=23551"},"wordCount":558,"commentCount":0,"publisher":{"@id":"https:\/\/www.latribunedufaso.net\/#organization"},"image":{"@id":"https:\/\/www.latribunedufaso.net\/?p=23551#primaryimage"},"thumbnailUrl":"https:\/\/www.latribunedufaso.net\/wp-content\/uploads\/2025\/09\/FB_IMG_1758028024029.jpg","keywords":["Forces arm\u00e9es nationales","Institut de l\u2019Enseignement Militaire Sup\u00e9rieur Ti\u00e9fo Amoro (IEMS-TA)","latribunedufaso.net"],"articleSection":["A la une","Actualit\u00e9","Soci\u00e9t\u00e9"],"inLanguage":"fr-FR","potentialAction":[{"@type":"CommentAction","name":"Comment","target":["https:\/\/www.latribunedufaso.net\/?p=23551#respond"]}]},{"@type":"WebPage","@id":"https:\/\/www.latribunedufaso.net\/?p=23551","url":"https:\/\/www.latribunedufaso.net\/?p=23551","name":"Forces arm\u00e9es nationales : L'institut de l'enseignement militaire sup\u00e9rieur Ti\u00e9fo Amoro d\u00e9sormais op\u00e9rationnel - La Tribune du Faso","isPartOf":{"@id":"https:\/\/www.latribunedufaso.net\/#website"},"primaryImageOfPage":{"@id":"https:\/\/www.latribunedufaso.net\/?p=23551#primaryimage"},"image":{"@id":"https:\/\/www.latribunedufaso.net\/?p=23551#primaryimage"},"thumbnailUrl":"https:\/\/www.latribunedufaso.net\/wp-content\/uploads\/2025\/09\/FB_IMG_1758028024029.jpg","datePublished":"2025-09-16T13:17:09+00:00","breadcrumb":{"@id":"https:\/\/www.latribunedufaso.net\/?p=23551#breadcrumb"},"inLanguage":"fr-FR","potentialAction":[{"@type":"ReadAction","target":["https:\/\/www.latribunedufaso.net\/?p=23551"]}]},{"@type":"ImageObject","inLanguage":"fr-FR","@id":"https:\/\/www.latribunedufaso.net\/?p=23551#primaryimage","url":"https:\/\/www.latribunedufaso.net\/wp-content\/uploads\/2025\/09\/FB_IMG_1758028024029.jpg","contentUrl":"https:\/\/www.latribunedufaso.net\/wp-content\/uploads\/2025\/09\/FB_IMG_1758028024029.jpg","width":980,"height":565,"caption":"Lancement des activit\u00e9s de l\u2019Institut de l\u2019Enseignement Militaire Sup\u00e9rieur Ti\u00e9fo Amoro (IEMS-TA), 16 septembre 2025"},{"@type":"BreadcrumbList","@id":"https:\/\/www.latribunedufaso.net\/?p=23551#breadcrumb","itemListElement":[{"@type":"ListItem","position":1,"name":"Accueil","item":"https:\/\/www.latribunedufaso.net\/"},{"@type":"ListItem","position":2,"name":"Forces arm\u00e9es nationales : L&rsquo;institut de l&rsquo;enseignement militaire sup\u00e9rieur Ti\u00e9fo Amoro d\u00e9sormais op\u00e9rationnel"}]},{"@type":"WebSite","@id":"https:\/\/www.latribunedufaso.net\/#website","url":"https:\/\/www.latribunedufaso.net\/","name":"La Tribune du Faso","description":"L&#039;information du monde rural en un clic","publisher":{"@id":"https:\/\/www.latribunedufaso.net\/#organization"},"potentialAction":[{"@type":"SearchAction","target":{"@type":"EntryPoint","urlTemplate":"https:\/\/www.latribunedufaso.net\/?s={search_term_string}"},"query-input":{"@type":"PropertyValueSpecification","valueRequired":true,"valueName":"search_term_string"}}],"inLanguage":"fr-FR"},{"@type":"Organization","@id":"https:\/\/www.latribunedufaso.net\/#organization","name":"La Tribune du Faso","url":"https:\/\/www.latribunedufaso.net\/","logo":{"@type":"ImageObject","inLanguage":"fr-FR","@id":"https:\/\/www.latribunedufaso.net\/#\/schema\/logo\/image\/","url":"https:\/\/www.latribunedufaso.net\/wp-content\/uploads\/2020\/08\/Logo-Tribune-du-Faso-final-scaled.jpg","contentUrl":"https:\/\/www.latribunedufaso.net\/wp-content\/uploads\/2020\/08\/Logo-Tribune-du-Faso-final-scaled.jpg","width":2560,"height":1856,"caption":"La Tribune du Faso"},"image":{"@id":"https:\/\/www.latribunedufaso.net\/#\/schema\/logo\/image\/"},"sameAs":["https:\/\/www.facebook.com\/LatribuneduFaso\/"]},{"@type":"Person","@id":"https:\/\/www.latribunedufaso.net\/#\/schema\/person\/e54e64c5778a7e72cf80a318b7a622b0","name":"Issouf Tapsoba","image":{"@type":"ImageObject","inLanguage":"fr-FR","@id":"https:\/\/secure.gravatar.com\/avatar\/5e6c05150ce3230247d167f5b94d678eb05936197436d69b7921e3a95c9107ac?s=96&d=mm&r=g","url":"https:\/\/secure.gravatar.com\/avatar\/5e6c05150ce3230247d167f5b94d678eb05936197436d69b7921e3a95c9107ac?s=96&d=mm&r=g","contentUrl":"https:\/\/secure.gravatar.com\/avatar\/5e6c05150ce3230247d167f5b94d678eb05936197436d69b7921e3a95c9107ac?s=96&d=mm&r=g","caption":"Issouf Tapsoba"},"url":"https:\/\/www.latribunedufaso.net\/?author=5"}]}},"_links":{"self":[{"href":"https:\/\/www.latribunedufaso.net\/index.php?rest_route=\/wp\/v2\/posts\/23551","targetHints":{"allow":["GET"]}}],"collection":[{"href":"https:\/\/www.latribunedufaso.net\/index.php?rest_route=\/wp\/v2\/posts"}],"about":[{"href":"https:\/\/www.latribunedufaso.net\/index.php?rest_route=\/wp\/v2\/types\/post"}],"author":[{"embeddable":true,"href":"https:\/\/www.latribunedufaso.net\/index.php?rest_route=\/wp\/v2\/users\/5"}],"replies":[{"embeddable":true,"href":"https:\/\/www.latribunedufaso.net\/index.php?rest_route=%2Fwp%2Fv2%2Fcomments&post=23551"}],"version-history":[{"count":2,"href":"https:\/\/www.latribunedufaso.net\/index.php?rest_route=\/wp\/v2\/posts\/23551\/revisions"}],"predecessor-version":[{"id":23557,"href":"https:\/\/www.latribunedufaso.net\/index.php?rest_route=\/wp\/v2\/posts\/23551\/revisions\/23557"}],"wp:featuredmedia":[{"embeddable":true,"href":"https:\/\/www.latribunedufaso.net\/index.php?rest_route=\/wp\/v2\/media\/23554"}],"wp:attachment":[{"href":"https:\/\/www.latribunedufaso.net\/index.php?rest_route=%2Fwp%2Fv2%2Fmedia&parent=23551"}],"wp:term":[{"taxonomy":"category","embeddable":true,"href":"https:\/\/www.latribunedufaso.net\/index.php?rest_route=%2Fwp%2Fv2%2Fcategories&post=23551"},{"taxonomy":"post_tag","embeddable":true,"href":"https:\/\/www.latribunedufaso.net\/index.php?rest_route=%2Fwp%2Fv2%2Ftags&post=23551"}],"curies":[{"name":"wp","href":"https:\/\/api.w.org\/{rel}","templated":true}]}}