{"id":23439,"date":"2025-09-10T19:33:19","date_gmt":"2025-09-10T19:33:19","guid":{"rendered":"https:\/\/www.latribunedufaso.net\/?p=23439"},"modified":"2025-09-10T19:33:19","modified_gmt":"2025-09-10T19:33:19","slug":"tgi-ouaga-1-le-personnel-rend-hommage-a-abasse-nombre-apres-sa-nomination-a-la-cour-dappel","status":"publish","type":"post","link":"https:\/\/www.latribunedufaso.net\/?p=23439","title":{"rendered":"\u200eTGI Ouaga 1 : Le personnel rend hommage \u00e0 Abasse Nombr\u00e9 apr\u00e8s sa nomination \u00e0 la Cour d&rsquo;appel\u00a0"},"content":{"rendered":"<p><strong>A l&rsquo;occasion de sa derni\u00e8re audience \u00e0 la t\u00eate du Tribunal de grande instance (TGI) Ouaga 1, le 4 septembre 2025, le personnel de ladite juridiction a rendu un homme \u00e0 Abasse Nombr\u00e9. Magistrats, greffiers, auxiliaires de justice et collaborateurs se sont rassembl\u00e9s pour lui offrir une haie d\u2019honneur.<\/strong><!--more--><\/p>\n<p>Nomm\u00e9 conseiller \u00e0 la Cour d&rsquo;appel de Ouagadougou, Abasse Nombr\u00e9 est d\u00e9sormais remplac\u00e9 par Karim Oubda \u00e0 la t\u00eate du TGI Ouaga 1. \u00c0 l&rsquo;issue de sa derni\u00e8re audience, tenue le 4 septembre 2025, il a \u00e9t\u00e9 honor\u00e9 par le personnel de la juridiction.<\/p>\n<p>Pour ses coll\u00e8gues, cela t\u00e9moigne de l\u2019estime et de la reconnaissance pour son parcours exemplaire, son sens du devoir et son engagement ind\u00e9fectible au service de la justice. Ce moment empreint d\u2019\u00e9motion restera grav\u00e9 dans la m\u00e9moire collective comme un signe de respect et de gratitude envers un homme qui aura marqu\u00e9 son passage par son professionnalisme et son humanit\u00e9.<\/p>\n<p>Abasse Nombr\u00e9 avait \u00e9t\u00e9 install\u00e9 \u00e0 la t\u00eate du TGI Ouaga 1 le 6 octobre 2022, pour un mandat de cinq ans. Magistrat de grade exceptionnel, premier \u00e9chelon, son parcours professionnel force le respect. Apr\u00e8s sa formation \u00e0 l&rsquo;\u00e9cole de magistrature en 2004, il a \u00e9t\u00e9 juge au TGI de Bobo-Dioulasso, puis pr\u00e9sident du Tribunal du travail de la m\u00eame ville de 2009 \u00e0 2012. Il a \u00e9galement \u00e9t\u00e9 conseiller \u00e0 la Cour d&rsquo;appel, toujours de cette m\u00eame ville.<\/p>\n<p>Abasse Nombr\u00e9 a aussi occup\u00e9 des fonctions dans l&rsquo;administration au sein du minist\u00e8re charg\u00e9 de la Justice, notamment en tant que membre de la direction des affaires p\u00e9nales, directeur des affaires civiles, commerciales et administratives et directeur de la l\u00e9gislation et de la coop\u00e9ration judiciaire.<\/p>\n<p><strong>Latribunedufaso.net<\/strong><\/p>\n","protected":false},"excerpt":{"rendered":"<p>A l&rsquo;occasion de sa derni\u00e8re audience \u00e0 la t\u00eate du Tribunal de grande instance (TGI) Ouaga 1, le 4 septembre 2025, le personnel de ladite juridiction a rendu un homme \u00e0 Abasse Nombr\u00e9. Magistrats, greffiers, auxiliaires de justice et collaborateurs se sont rassembl\u00e9s pour lui offrir une haie d\u2019honneur.<\/p>\n","protected":false},"author":5,"featured_media":23441,"comment_status":"open","ping_status":"open","sticky":false,"template":"","format":"standard","meta":{"footnotes":""},"categories":[13,1,8],"tags":[1561,208,39,432],"class_list":["post-23439","post","type-post","status-publish","format-standard","has-post-thumbnail","hentry","category-une","category-actu","category-societe","tag-abasse-nombre-nomme-a-la-cour-dappel","tag-justice","tag-latribunedufaso-net","tag-tgi-ouaga-1"],"yoast_head":"<!-- This site is optimized with the Yoast SEO plugin v27.4 - https:\/\/yoast.com\/product\/yoast-seo-wordpress\/ -->\n<title>\u200eTGI Ouaga 1 : Le personnel rend hommage \u00e0 Abasse Nombr\u00e9 apr\u00e8s sa nomination \u00e0 la Cour d&#039;appel\u00a0 - La Tribune du Faso<\/title>\n<meta name=\"robots\" content=\"index, follow, max-snippet:-1, max-image-preview:large, max-video-preview:-1\" \/>\n<link rel=\"canonical\" href=\"https:\/\/www.latribunedufaso.net\/?p=23439\" \/>\n<meta property=\"og:locale\" content=\"fr_FR\" \/>\n<meta property=\"og:type\" content=\"article\" \/>\n<meta property=\"og:title\" content=\"\u200eTGI Ouaga 1 : Le personnel rend hommage \u00e0 Abasse Nombr\u00e9 apr\u00e8s sa nomination \u00e0 la Cour d&#039;appel\u00a0 - La Tribune du Faso\" \/>\n<meta property=\"og:description\" content=\"A l&rsquo;occasion de sa derni\u00e8re audience \u00e0 la t\u00eate du Tribunal de grande instance (TGI) Ouaga 1, le 4 septembre 2025, le personnel de ladite juridiction a rendu un homme \u00e0 Abasse Nombr\u00e9. Magistrats, greffiers, auxiliaires de justice et collaborateurs se sont rassembl\u00e9s pour lui offrir une haie d\u2019honneur.\" \/>\n<meta property=\"og:url\" content=\"https:\/\/www.latribunedufaso.net\/?p=23439\" \/>\n<meta property=\"og:site_name\" content=\"La Tribune du Faso\" \/>\n<meta property=\"article:publisher\" content=\"https:\/\/www.facebook.com\/LatribuneduFaso\/\" \/>\n<meta property=\"article:published_time\" content=\"2025-09-10T19:33:19+00:00\" \/>\n<meta property=\"og:image\" content=\"https:\/\/www.latribunedufaso.net\/wp-content\/uploads\/2025\/09\/310624706_478020401037382_57799319717167709_n.jpg\" \/>\n\t<meta property=\"og:image:width\" content=\"750\" \/>\n\t<meta property=\"og:image:height\" content=\"444\" \/>\n\t<meta property=\"og:image:type\" content=\"image\/jpeg\" \/>\n<meta name=\"author\" content=\"Issouf Tapsoba\" \/>\n<meta name=\"twitter:label1\" content=\"\u00c9crit par\" \/>\n\t<meta name=\"twitter:data1\" content=\"Issouf Tapsoba\" \/>\n\t<meta name=\"twitter:label2\" content=\"Dur\u00e9e de lecture estim\u00e9e\" \/>\n\t<meta name=\"twitter:data2\" content=\"1 minute\" \/>\n<script type=\"application\/ld+json\" class=\"yoast-schema-graph\">{\"@context\":\"https:\\\/\\\/schema.org\",\"@graph\":[{\"@type\":\"Article\",\"@id\":\"https:\\\/\\\/www.latribunedufaso.net\\\/?p=23439#article\",\"isPartOf\":{\"@id\":\"https:\\\/\\\/www.latribunedufaso.net\\\/?p=23439\"},\"author\":{\"name\":\"Issouf Tapsoba\",\"@id\":\"https:\\\/\\\/www.latribunedufaso.net\\\/#\\\/schema\\\/person\\\/e54e64c5778a7e72cf80a318b7a622b0\"},\"headline\":\"\u200eTGI Ouaga 1 : Le personnel rend hommage \u00e0 Abasse Nombr\u00e9 apr\u00e8s sa nomination \u00e0 la Cour d&rsquo;appel\u00a0\",\"datePublished\":\"2025-09-10T19:33:19+00:00\",\"mainEntityOfPage\":{\"@id\":\"https:\\\/\\\/www.latribunedufaso.net\\\/?p=23439\"},\"wordCount\":302,\"commentCount\":0,\"publisher\":{\"@id\":\"https:\\\/\\\/www.latribunedufaso.net\\\/#organization\"},\"image\":{\"@id\":\"https:\\\/\\\/www.latribunedufaso.net\\\/?p=23439#primaryimage\"},\"thumbnailUrl\":\"https:\\\/\\\/www.latribunedufaso.net\\\/wp-content\\\/uploads\\\/2025\\\/09\\\/310624706_478020401037382_57799319717167709_n.jpg\",\"keywords\":[\"Abasse Nombr\u00e9 nomm\u00e9 a la Cour d'appel\",\"justice\",\"latribunedufaso.net\",\"TGI Ouaga 1\"],\"articleSection\":[\"A la une\",\"Actualit\u00e9\",\"Soci\u00e9t\u00e9\"],\"inLanguage\":\"fr-FR\",\"potentialAction\":[{\"@type\":\"CommentAction\",\"name\":\"Comment\",\"target\":[\"https:\\\/\\\/www.latribunedufaso.net\\\/?p=23439#respond\"]}]},{\"@type\":\"WebPage\",\"@id\":\"https:\\\/\\\/www.latribunedufaso.net\\\/?p=23439\",\"url\":\"https:\\\/\\\/www.latribunedufaso.net\\\/?p=23439\",\"name\":\"\u200eTGI Ouaga 1 : Le personnel rend hommage \u00e0 Abasse Nombr\u00e9 apr\u00e8s sa nomination \u00e0 la Cour d'appel\u00a0 - La Tribune du Faso\",\"isPartOf\":{\"@id\":\"https:\\\/\\\/www.latribunedufaso.net\\\/#website\"},\"primaryImageOfPage\":{\"@id\":\"https:\\\/\\\/www.latribunedufaso.net\\\/?p=23439#primaryimage\"},\"image\":{\"@id\":\"https:\\\/\\\/www.latribunedufaso.net\\\/?p=23439#primaryimage\"},\"thumbnailUrl\":\"https:\\\/\\\/www.latribunedufaso.net\\\/wp-content\\\/uploads\\\/2025\\\/09\\\/310624706_478020401037382_57799319717167709_n.jpg\",\"datePublished\":\"2025-09-10T19:33:19+00:00\",\"breadcrumb\":{\"@id\":\"https:\\\/\\\/www.latribunedufaso.net\\\/?p=23439#breadcrumb\"},\"inLanguage\":\"fr-FR\",\"potentialAction\":[{\"@type\":\"ReadAction\",\"target\":[\"https:\\\/\\\/www.latribunedufaso.net\\\/?p=23439\"]}]},{\"@type\":\"ImageObject\",\"inLanguage\":\"fr-FR\",\"@id\":\"https:\\\/\\\/www.latribunedufaso.net\\\/?p=23439#primaryimage\",\"url\":\"https:\\\/\\\/www.latribunedufaso.net\\\/wp-content\\\/uploads\\\/2025\\\/09\\\/310624706_478020401037382_57799319717167709_n.jpg\",\"contentUrl\":\"https:\\\/\\\/www.latribunedufaso.net\\\/wp-content\\\/uploads\\\/2025\\\/09\\\/310624706_478020401037382_57799319717167709_n.jpg\",\"width\":750,\"height\":444,\"caption\":\"Abasse Nombr\u00e9 quitte la t\u00eate du TGI Ouaga 1 pour un poste de conseiller \u00e0 la Cour d'appel de Ouagadougou, 4 septembre 2025\"},{\"@type\":\"BreadcrumbList\",\"@id\":\"https:\\\/\\\/www.latribunedufaso.net\\\/?p=23439#breadcrumb\",\"itemListElement\":[{\"@type\":\"ListItem\",\"position\":1,\"name\":\"Accueil\",\"item\":\"https:\\\/\\\/www.latribunedufaso.net\\\/\"},{\"@type\":\"ListItem\",\"position\":2,\"name\":\"\u200eTGI Ouaga 1 : Le personnel rend hommage \u00e0 Abasse Nombr\u00e9 apr\u00e8s sa nomination \u00e0 la Cour d&rsquo;appel\u00a0\"}]},{\"@type\":\"WebSite\",\"@id\":\"https:\\\/\\\/www.latribunedufaso.net\\\/#website\",\"url\":\"https:\\\/\\\/www.latribunedufaso.net\\\/\",\"name\":\"La Tribune du Faso\",\"description\":\"L&#039;information du monde rural en un clic\",\"publisher\":{\"@id\":\"https:\\\/\\\/www.latribunedufaso.net\\\/#organization\"},\"potentialAction\":[{\"@type\":\"SearchAction\",\"target\":{\"@type\":\"EntryPoint\",\"urlTemplate\":\"https:\\\/\\\/www.latribunedufaso.net\\\/?s={search_term_string}\"},\"query-input\":{\"@type\":\"PropertyValueSpecification\",\"valueRequired\":true,\"valueName\":\"search_term_string\"}}],\"inLanguage\":\"fr-FR\"},{\"@type\":\"Organization\",\"@id\":\"https:\\\/\\\/www.latribunedufaso.net\\\/#organization\",\"name\":\"La Tribune du Faso\",\"url\":\"https:\\\/\\\/www.latribunedufaso.net\\\/\",\"logo\":{\"@type\":\"ImageObject\",\"inLanguage\":\"fr-FR\",\"@id\":\"https:\\\/\\\/www.latribunedufaso.net\\\/#\\\/schema\\\/logo\\\/image\\\/\",\"url\":\"https:\\\/\\\/www.latribunedufaso.net\\\/wp-content\\\/uploads\\\/2020\\\/08\\\/Logo-Tribune-du-Faso-final-scaled.jpg\",\"contentUrl\":\"https:\\\/\\\/www.latribunedufaso.net\\\/wp-content\\\/uploads\\\/2020\\\/08\\\/Logo-Tribune-du-Faso-final-scaled.jpg\",\"width\":2560,\"height\":1856,\"caption\":\"La Tribune du Faso\"},\"image\":{\"@id\":\"https:\\\/\\\/www.latribunedufaso.net\\\/#\\\/schema\\\/logo\\\/image\\\/\"},\"sameAs\":[\"https:\\\/\\\/www.facebook.com\\\/LatribuneduFaso\\\/\"]},{\"@type\":\"Person\",\"@id\":\"https:\\\/\\\/www.latribunedufaso.net\\\/#\\\/schema\\\/person\\\/e54e64c5778a7e72cf80a318b7a622b0\",\"name\":\"Issouf Tapsoba\",\"image\":{\"@type\":\"ImageObject\",\"inLanguage\":\"fr-FR\",\"@id\":\"https:\\\/\\\/secure.gravatar.com\\\/avatar\\\/5e6c05150ce3230247d167f5b94d678eb05936197436d69b7921e3a95c9107ac?s=96&d=mm&r=g\",\"url\":\"https:\\\/\\\/secure.gravatar.com\\\/avatar\\\/5e6c05150ce3230247d167f5b94d678eb05936197436d69b7921e3a95c9107ac?s=96&d=mm&r=g\",\"contentUrl\":\"https:\\\/\\\/secure.gravatar.com\\\/avatar\\\/5e6c05150ce3230247d167f5b94d678eb05936197436d69b7921e3a95c9107ac?s=96&d=mm&r=g\",\"caption\":\"Issouf Tapsoba\"},\"url\":\"https:\\\/\\\/www.latribunedufaso.net\\\/?author=5\"}]}<\/script>\n<!-- \/ Yoast SEO plugin. -->","yoast_head_json":{"title":"\u200eTGI Ouaga 1 : Le personnel rend hommage \u00e0 Abasse Nombr\u00e9 apr\u00e8s sa nomination \u00e0 la Cour d'appel\u00a0 - La Tribune du Faso","robots":{"index":"index","follow":"follow","max-snippet":"max-snippet:-1","max-image-preview":"max-image-preview:large","max-video-preview":"max-video-preview:-1"},"canonical":"https:\/\/www.latribunedufaso.net\/?p=23439","og_locale":"fr_FR","og_type":"article","og_title":"\u200eTGI Ouaga 1 : Le personnel rend hommage \u00e0 Abasse Nombr\u00e9 apr\u00e8s sa nomination \u00e0 la Cour d'appel\u00a0 - La Tribune du Faso","og_description":"A l&rsquo;occasion de sa derni\u00e8re audience \u00e0 la t\u00eate du Tribunal de grande instance (TGI) Ouaga 1, le 4 septembre 2025, le personnel de ladite juridiction a rendu un homme \u00e0 Abasse Nombr\u00e9. Magistrats, greffiers, auxiliaires de justice et collaborateurs se sont rassembl\u00e9s pour lui offrir une haie d\u2019honneur.","og_url":"https:\/\/www.latribunedufaso.net\/?p=23439","og_site_name":"La Tribune du Faso","article_publisher":"https:\/\/www.facebook.com\/LatribuneduFaso\/","article_published_time":"2025-09-10T19:33:19+00:00","og_image":[{"width":750,"height":444,"url":"https:\/\/www.latribunedufaso.net\/wp-content\/uploads\/2025\/09\/310624706_478020401037382_57799319717167709_n.jpg","type":"image\/jpeg"}],"author":"Issouf Tapsoba","twitter_misc":{"\u00c9crit par":"Issouf Tapsoba","Dur\u00e9e de lecture estim\u00e9e":"1 minute"},"schema":{"@context":"https:\/\/schema.org","@graph":[{"@type":"Article","@id":"https:\/\/www.latribunedufaso.net\/?p=23439#article","isPartOf":{"@id":"https:\/\/www.latribunedufaso.net\/?p=23439"},"author":{"name":"Issouf Tapsoba","@id":"https:\/\/www.latribunedufaso.net\/#\/schema\/person\/e54e64c5778a7e72cf80a318b7a622b0"},"headline":"\u200eTGI Ouaga 1 : Le personnel rend hommage \u00e0 Abasse Nombr\u00e9 apr\u00e8s sa nomination \u00e0 la Cour d&rsquo;appel\u00a0","datePublished":"2025-09-10T19:33:19+00:00","mainEntityOfPage":{"@id":"https:\/\/www.latribunedufaso.net\/?p=23439"},"wordCount":302,"commentCount":0,"publisher":{"@id":"https:\/\/www.latribunedufaso.net\/#organization"},"image":{"@id":"https:\/\/www.latribunedufaso.net\/?p=23439#primaryimage"},"thumbnailUrl":"https:\/\/www.latribunedufaso.net\/wp-content\/uploads\/2025\/09\/310624706_478020401037382_57799319717167709_n.jpg","keywords":["Abasse Nombr\u00e9 nomm\u00e9 a la Cour d'appel","justice","latribunedufaso.net","TGI Ouaga 1"],"articleSection":["A la une","Actualit\u00e9","Soci\u00e9t\u00e9"],"inLanguage":"fr-FR","potentialAction":[{"@type":"CommentAction","name":"Comment","target":["https:\/\/www.latribunedufaso.net\/?p=23439#respond"]}]},{"@type":"WebPage","@id":"https:\/\/www.latribunedufaso.net\/?p=23439","url":"https:\/\/www.latribunedufaso.net\/?p=23439","name":"\u200eTGI Ouaga 1 : Le personnel rend hommage \u00e0 Abasse Nombr\u00e9 apr\u00e8s sa nomination \u00e0 la Cour d'appel\u00a0 - La Tribune du Faso","isPartOf":{"@id":"https:\/\/www.latribunedufaso.net\/#website"},"primaryImageOfPage":{"@id":"https:\/\/www.latribunedufaso.net\/?p=23439#primaryimage"},"image":{"@id":"https:\/\/www.latribunedufaso.net\/?p=23439#primaryimage"},"thumbnailUrl":"https:\/\/www.latribunedufaso.net\/wp-content\/uploads\/2025\/09\/310624706_478020401037382_57799319717167709_n.jpg","datePublished":"2025-09-10T19:33:19+00:00","breadcrumb":{"@id":"https:\/\/www.latribunedufaso.net\/?p=23439#breadcrumb"},"inLanguage":"fr-FR","potentialAction":[{"@type":"ReadAction","target":["https:\/\/www.latribunedufaso.net\/?p=23439"]}]},{"@type":"ImageObject","inLanguage":"fr-FR","@id":"https:\/\/www.latribunedufaso.net\/?p=23439#primaryimage","url":"https:\/\/www.latribunedufaso.net\/wp-content\/uploads\/2025\/09\/310624706_478020401037382_57799319717167709_n.jpg","contentUrl":"https:\/\/www.latribunedufaso.net\/wp-content\/uploads\/2025\/09\/310624706_478020401037382_57799319717167709_n.jpg","width":750,"height":444,"caption":"Abasse Nombr\u00e9 quitte la t\u00eate du TGI Ouaga 1 pour un poste de conseiller \u00e0 la Cour d'appel de Ouagadougou, 4 septembre 2025"},{"@type":"BreadcrumbList","@id":"https:\/\/www.latribunedufaso.net\/?p=23439#breadcrumb","itemListElement":[{"@type":"ListItem","position":1,"name":"Accueil","item":"https:\/\/www.latribunedufaso.net\/"},{"@type":"ListItem","position":2,"name":"\u200eTGI Ouaga 1 : Le personnel rend hommage \u00e0 Abasse Nombr\u00e9 apr\u00e8s sa nomination \u00e0 la Cour d&rsquo;appel\u00a0"}]},{"@type":"WebSite","@id":"https:\/\/www.latribunedufaso.net\/#website","url":"https:\/\/www.latribunedufaso.net\/","name":"La Tribune du Faso","description":"L&#039;information du monde rural en un clic","publisher":{"@id":"https:\/\/www.latribunedufaso.net\/#organization"},"potentialAction":[{"@type":"SearchAction","target":{"@type":"EntryPoint","urlTemplate":"https:\/\/www.latribunedufaso.net\/?s={search_term_string}"},"query-input":{"@type":"PropertyValueSpecification","valueRequired":true,"valueName":"search_term_string"}}],"inLanguage":"fr-FR"},{"@type":"Organization","@id":"https:\/\/www.latribunedufaso.net\/#organization","name":"La Tribune du Faso","url":"https:\/\/www.latribunedufaso.net\/","logo":{"@type":"ImageObject","inLanguage":"fr-FR","@id":"https:\/\/www.latribunedufaso.net\/#\/schema\/logo\/image\/","url":"https:\/\/www.latribunedufaso.net\/wp-content\/uploads\/2020\/08\/Logo-Tribune-du-Faso-final-scaled.jpg","contentUrl":"https:\/\/www.latribunedufaso.net\/wp-content\/uploads\/2020\/08\/Logo-Tribune-du-Faso-final-scaled.jpg","width":2560,"height":1856,"caption":"La Tribune du Faso"},"image":{"@id":"https:\/\/www.latribunedufaso.net\/#\/schema\/logo\/image\/"},"sameAs":["https:\/\/www.facebook.com\/LatribuneduFaso\/"]},{"@type":"Person","@id":"https:\/\/www.latribunedufaso.net\/#\/schema\/person\/e54e64c5778a7e72cf80a318b7a622b0","name":"Issouf Tapsoba","image":{"@type":"ImageObject","inLanguage":"fr-FR","@id":"https:\/\/secure.gravatar.com\/avatar\/5e6c05150ce3230247d167f5b94d678eb05936197436d69b7921e3a95c9107ac?s=96&d=mm&r=g","url":"https:\/\/secure.gravatar.com\/avatar\/5e6c05150ce3230247d167f5b94d678eb05936197436d69b7921e3a95c9107ac?s=96&d=mm&r=g","contentUrl":"https:\/\/secure.gravatar.com\/avatar\/5e6c05150ce3230247d167f5b94d678eb05936197436d69b7921e3a95c9107ac?s=96&d=mm&r=g","caption":"Issouf Tapsoba"},"url":"https:\/\/www.latribunedufaso.net\/?author=5"}]}},"_links":{"self":[{"href":"https:\/\/www.latribunedufaso.net\/index.php?rest_route=\/wp\/v2\/posts\/23439","targetHints":{"allow":["GET"]}}],"collection":[{"href":"https:\/\/www.latribunedufaso.net\/index.php?rest_route=\/wp\/v2\/posts"}],"about":[{"href":"https:\/\/www.latribunedufaso.net\/index.php?rest_route=\/wp\/v2\/types\/post"}],"author":[{"embeddable":true,"href":"https:\/\/www.latribunedufaso.net\/index.php?rest_route=\/wp\/v2\/users\/5"}],"replies":[{"embeddable":true,"href":"https:\/\/www.latribunedufaso.net\/index.php?rest_route=%2Fwp%2Fv2%2Fcomments&post=23439"}],"version-history":[{"count":1,"href":"https:\/\/www.latribunedufaso.net\/index.php?rest_route=\/wp\/v2\/posts\/23439\/revisions"}],"predecessor-version":[{"id":23440,"href":"https:\/\/www.latribunedufaso.net\/index.php?rest_route=\/wp\/v2\/posts\/23439\/revisions\/23440"}],"wp:featuredmedia":[{"embeddable":true,"href":"https:\/\/www.latribunedufaso.net\/index.php?rest_route=\/wp\/v2\/media\/23441"}],"wp:attachment":[{"href":"https:\/\/www.latribunedufaso.net\/index.php?rest_route=%2Fwp%2Fv2%2Fmedia&parent=23439"}],"wp:term":[{"taxonomy":"category","embeddable":true,"href":"https:\/\/www.latribunedufaso.net\/index.php?rest_route=%2Fwp%2Fv2%2Fcategories&post=23439"},{"taxonomy":"post_tag","embeddable":true,"href":"https:\/\/www.latribunedufaso.net\/index.php?rest_route=%2Fwp%2Fv2%2Ftags&post=23439"}],"curies":[{"name":"wp","href":"https:\/\/api.w.org\/{rel}","templated":true}]}}