{"id":23417,"date":"2025-09-09T17:22:57","date_gmt":"2025-09-09T17:22:57","guid":{"rendered":"https:\/\/www.latribunedufaso.net\/?p=23417"},"modified":"2025-09-17T18:43:36","modified_gmt":"2025-09-17T18:43:36","slug":"cloture-immersion-patriotique-obligatoire-2025-la-jeunesse-du-kadiogo-engagee-pour-la-refondation-de-la-patrie","status":"publish","type":"post","link":"https:\/\/www.latribunedufaso.net\/?p=23417","title":{"rendered":"Cl\u00f4ture Immersion patriotique obligatoire 2025 : La jeunesse du Kadiogo engag\u00e9e pour la refondation de la Patrie\u00a0"},"content":{"rendered":"<p><strong>Le Gouverneur de la r\u00e9gion du Kadiogo, Abdoulaye Bassinga a pr\u00e9sid\u00e9 la c\u00e9r\u00e9monie de cl\u00f4ture de l\u2019immersion patriotique obligatoire pour les \u00e9l\u00e8ves 2025 dans la r\u00e9gion. La c\u00e9r\u00e9monie qui s\u2019est tenue ce 9 septembre 2025 \u00e0 Ouagadougou, a connu la participation du ministre charg\u00e9 de l\u2019Enseignement sup\u00e9rieur, Adjima Thiombiano et du ministre d\u2019Etat, ministre charg\u00e9 de la D\u00e9fense, le G\u00e9n\u00e9ral de Brigade C\u00e9lestin Simpor\u00e9.<\/strong><!--more--><\/p>\n<p>Malgr\u00e9 une forte pluie, les participants ont montr\u00e9 leur d\u00e9termination en serrant les rangs. La cuvette du stade municipal Issoufou Joseph Conombo \u00e9tait pleine \u00e0 craquer. C&rsquo;\u00e9tait lors de la c\u00e9r\u00e9monie de cl\u00f4ture de l\u2019immersion patriotique obligatoire pour les \u00e9l\u00e8ves qui s\u2019est tenue ce 9 septembre 2025.<\/p>\n<figure id=\"attachment_23423\" aria-describedby=\"caption-attachment-23423\" style=\"width: 2560px\" class=\"wp-caption aligncenter\"><a href=\"https:\/\/www.latribunedufaso.net\/wp-content\/uploads\/2025\/09\/IMG_20250909_101931_820-scaled.jpg\"><img loading=\"lazy\" decoding=\"async\" class=\"size-full wp-image-23423\" src=\"https:\/\/www.latribunedufaso.net\/wp-content\/uploads\/2025\/09\/IMG_20250909_101931_820-scaled.jpg\" alt=\"Cl\u00f4ture de l'immersion patriotique obligatoire 2025 dans la r\u00e9gion du Kadiogo, 9 septembre 2025\" width=\"2560\" height=\"1920\" srcset=\"https:\/\/www.latribunedufaso.net\/wp-content\/uploads\/2025\/09\/IMG_20250909_101931_820-scaled.jpg 2560w, https:\/\/www.latribunedufaso.net\/wp-content\/uploads\/2025\/09\/IMG_20250909_101931_820-300x225.jpg 300w, https:\/\/www.latribunedufaso.net\/wp-content\/uploads\/2025\/09\/IMG_20250909_101931_820-1024x768.jpg 1024w, https:\/\/www.latribunedufaso.net\/wp-content\/uploads\/2025\/09\/IMG_20250909_101931_820-768x576.jpg 768w, https:\/\/www.latribunedufaso.net\/wp-content\/uploads\/2025\/09\/IMG_20250909_101931_820-1536x1152.jpg 1536w, https:\/\/www.latribunedufaso.net\/wp-content\/uploads\/2025\/09\/IMG_20250909_101931_820-2048x1536.jpg 2048w\" sizes=\"auto, (max-width: 2560px) 100vw, 2560px\" \/><\/a><figcaption id=\"caption-attachment-23423\" class=\"wp-caption-text\">La repr\u00e9sentante des immerg\u00e9s, Melvine Ou\u00e9draogo &#8211; Ph. I. Tapsoba<\/figcaption><\/figure>\n<p>Dans son allocution, la repr\u00e9sentante des immerg\u00e9s, Melvine Ou\u00e9draogo, a exprim\u00e9 leur engagement pour la Patrie. Selon elle, ils sont <em><strong>\u00ab n\u00e9s de nouveau \u00bb<\/strong> <\/em>car ils ont appris l&rsquo;int\u00e9grit\u00e9 et le patriotisme. Elle a rappel\u00e9 que le chef de l&rsquo;\u00c9tat, le Capitaine Ibrahim Traor\u00e9, avait souhait\u00e9 lors du lancement de l&rsquo;immersion voir \u00e9merger un <em><strong>\u00ab citoyen nouveau \u00bb<\/strong><\/em> pour un Burkina Faso en pleine r\u00e9volution.<\/p>\n<p>Melvine Ou\u00e9draogo a affirm\u00e9 que cet objectif \u00e9tait aujourd&rsquo;hui une r\u00e9alit\u00e9. <em><strong>\u00ab Durant ces semaines, nous avons appris la discipline, la solidarit\u00e9, le sens de la responsabilit\u00e9 et surtout la richesse du vivre-ensemble. Nous avons revisit\u00e9 l\u2019histoire de notre Nation et red\u00e9couvert ses valeurs cardinales \u00bb,<\/strong><\/em> a-t-elle expliqu\u00e9.<\/p>\n<figure id=\"attachment_23421\" aria-describedby=\"caption-attachment-23421\" style=\"width: 1037px\" class=\"wp-caption aligncenter\"><a href=\"https:\/\/www.latribunedufaso.net\/wp-content\/uploads\/2025\/09\/FB_IMG_1757471114222.jpg\"><img loading=\"lazy\" decoding=\"async\" class=\"size-full wp-image-23421\" src=\"https:\/\/www.latribunedufaso.net\/wp-content\/uploads\/2025\/09\/FB_IMG_1757471114222.jpg\" alt=\"Cl\u00f4ture de l'immersion patriotique obligatoire 2025 dans la r\u00e9gion du Kadiogo, 9 septembre 2025\" width=\"1037\" height=\"694\" srcset=\"https:\/\/www.latribunedufaso.net\/wp-content\/uploads\/2025\/09\/FB_IMG_1757471114222.jpg 1037w, https:\/\/www.latribunedufaso.net\/wp-content\/uploads\/2025\/09\/FB_IMG_1757471114222-300x201.jpg 300w, https:\/\/www.latribunedufaso.net\/wp-content\/uploads\/2025\/09\/FB_IMG_1757471114222-1024x685.jpg 1024w, https:\/\/www.latribunedufaso.net\/wp-content\/uploads\/2025\/09\/FB_IMG_1757471114222-768x514.jpg 768w, https:\/\/www.latribunedufaso.net\/wp-content\/uploads\/2025\/09\/FB_IMG_1757471114222-120x80.jpg 120w, https:\/\/www.latribunedufaso.net\/wp-content\/uploads\/2025\/09\/FB_IMG_1757471114222-360x240.jpg 360w\" sizes=\"auto, (max-width: 1037px) 100vw, 1037px\" \/><\/a><figcaption id=\"caption-attachment-23421\" class=\"wp-caption-text\">Le Gouverneur de la r\u00e9gion du Kadiogo, Abdoulaye Bassinga &#8211; Ph. DR<\/figcaption><\/figure>\n<p>La r\u00e9gion du Kadiogo a enregistr\u00e9 pr\u00e8s de 20 000 participants, r\u00e9partis sur 46 sites. Le gouverneur de la r\u00e9gion, Abdoulaye Bassinga, a salu\u00e9 l&rsquo;initiative et a r\u00e9affirm\u00e9 son engagement \u00e0 accompagner ce processus de refondation.<em><strong> \u00ab Chers immerg\u00e9s, soyez fiers de constituer la premi\u00e8re cohorte de ce lumineux programme. Vous \u00eates dor\u00e9navant consid\u00e9r\u00e9s comme les timoniers d\u2019une jeunesse, d\u2019une g\u00e9n\u00e9ration plus patriote, plus engag\u00e9e \u00bb<\/strong><\/em>, a-t-il d\u00e9clar\u00e9.<\/p>\n<p><iframe loading=\"lazy\" width=\"560\" height=\"315\" src=\"https:\/\/www.youtube.com\/embed\/hGwW1FCkMfc?si=cL2BoBtwjkrV7N88\" title=\"YouTube video player\" frameborder=\"0\" allow=\"accelerometer; autoplay; clipboard-write; encrypted-media; gyroscope; picture-in-picture; web-share\" referrerpolicy=\"strict-origin-when-cross-origin\" allowfullscreen><\/iframe><\/p>\n<p>La c\u00e9r\u00e9monie a \u00e9t\u00e9 marqu\u00e9e par une forte \u00e9motion, notamment \u00e0 travers des prestations artistiques, la remise symbolique d&rsquo;attestation et une parade. Sous la pluie battante, les participants ont entonn\u00e9 l&rsquo;hymne national avec ferveur.<\/p>\n<figure id=\"attachment_23419\" aria-describedby=\"caption-attachment-23419\" style=\"width: 811px\" class=\"wp-caption aligncenter\"><a href=\"https:\/\/www.latribunedufaso.net\/wp-content\/uploads\/2025\/09\/FB_IMG_1757471153746.jpg\"><img loading=\"lazy\" decoding=\"async\" class=\"size-full wp-image-23419\" src=\"https:\/\/www.latribunedufaso.net\/wp-content\/uploads\/2025\/09\/FB_IMG_1757471153746.jpg\" alt=\"Cl\u00f4ture de l'immersion patriotique obligatoire 2025 dans la r\u00e9gion du Kadiogo, 9 septembre 2025\" width=\"811\" height=\"673\" srcset=\"https:\/\/www.latribunedufaso.net\/wp-content\/uploads\/2025\/09\/FB_IMG_1757471153746.jpg 811w, https:\/\/www.latribunedufaso.net\/wp-content\/uploads\/2025\/09\/FB_IMG_1757471153746-300x249.jpg 300w, https:\/\/www.latribunedufaso.net\/wp-content\/uploads\/2025\/09\/FB_IMG_1757471153746-768x637.jpg 768w\" sizes=\"auto, (max-width: 811px) 100vw, 811px\" \/><\/a><figcaption id=\"caption-attachment-23419\" class=\"wp-caption-text\">Le ministre d&rsquo;Etat, ministre charg\u00e9 de la D\u00e9fense, le G\u00e9n\u00e9ral de brigade C\u00e9lestin Simpor\u00e9 (gauche) remettant l&rsquo;attestation de participation \u00e0 une immerg\u00e9e &#8211; Ph. DR<\/figcaption><\/figure>\n<p>Pour le G\u00e9n\u00e9ral de brigade C\u00e9lestin Simpor\u00e9, ce fut une <em><strong>\u00ab tr\u00e8s belle c\u00e9r\u00e9monie \u00bb<\/strong><\/em>. <em><strong>\u00ab Ce que nous avons v\u00e9cu ici ne peut pas se raconter \u00bb,<\/strong><\/em> a-t-il indiqu\u00e9. \u00c0 l&rsquo;issue de cet \u00e9v\u00e9nement, il s&rsquo;est dit convaincu que le Burkina Faso a d\u00e9sormais une jeunesse <em><strong>\u00ab patriote, consciente, r\u00e9solument engag\u00e9e pour travailler au profit de sa patrie \u00bb.<\/strong><\/em><\/p>\n<p><strong>Issouf TAPSOBA\u00a0<\/strong><\/p>\n<p><strong>Latribunedufaso.net<\/strong><\/p>\n<p>Lire aussi &gt;&gt; <a href=\"https:\/\/www.latribunedufaso.net\/?p=23404\">Immersion patriotique des bacheliers 2025 : Des membres du gouvernement en visite au lyc\u00e9e V\u00e9n\u00e9gr\u00e9 \u00e0 Ouagadougou\u00a0<\/a><\/p>\n","protected":false},"excerpt":{"rendered":"<p>Le Gouverneur de la r\u00e9gion du Kadiogo, Abdoulaye Bassinga a pr\u00e9sid\u00e9 la c\u00e9r\u00e9monie de cl\u00f4ture de l\u2019immersion patriotique obligatoire pour les \u00e9l\u00e8ves 2025 dans la r\u00e9gion. La c\u00e9r\u00e9monie qui s\u2019est tenue ce 9 septembre 2025 \u00e0 Ouagadougou, a connu la participation du ministre charg\u00e9 de l\u2019Enseignement sup\u00e9rieur, Adjima Thiombiano et du ministre d\u2019Etat, ministre charg\u00e9 de la D\u00e9fense, le G\u00e9n\u00e9ral de Brigade C\u00e9lestin Simpor\u00e9.<\/p>\n","protected":false},"author":5,"featured_media":23422,"comment_status":"open","ping_status":"open","sticky":false,"template":"","format":"standard","meta":{"footnotes":""},"categories":[13,1,8],"tags":[1101,39,1468],"class_list":["post-23417","post","type-post","status-publish","format-standard","has-post-thumbnail","hentry","category-une","category-actu","category-societe","tag-immersion-patriotique-obligatoire-pour-les-eleves","tag-latribunedufaso-net","tag-region-du-kadiogo"],"yoast_head":"<!-- This site is optimized with the Yoast SEO plugin v27.4 - https:\/\/yoast.com\/product\/yoast-seo-wordpress\/ -->\n<title>Cl\u00f4ture Immersion patriotique obligatoire 2025 : La jeunesse du Kadiogo engag\u00e9e pour la refondation de la Patrie\u00a0 - La Tribune du Faso<\/title>\n<meta name=\"robots\" content=\"index, follow, max-snippet:-1, max-image-preview:large, max-video-preview:-1\" \/>\n<link rel=\"canonical\" href=\"https:\/\/www.latribunedufaso.net\/?p=23417\" \/>\n<meta property=\"og:locale\" content=\"fr_FR\" \/>\n<meta property=\"og:type\" content=\"article\" \/>\n<meta property=\"og:title\" content=\"Cl\u00f4ture Immersion patriotique obligatoire 2025 : La jeunesse du Kadiogo engag\u00e9e pour la refondation de la Patrie\u00a0 - La Tribune du Faso\" \/>\n<meta property=\"og:description\" content=\"Le Gouverneur de la r\u00e9gion du Kadiogo, Abdoulaye Bassinga a pr\u00e9sid\u00e9 la c\u00e9r\u00e9monie de cl\u00f4ture de l\u2019immersion patriotique obligatoire pour les \u00e9l\u00e8ves 2025 dans la r\u00e9gion. La c\u00e9r\u00e9monie qui s\u2019est tenue ce 9 septembre 2025 \u00e0 Ouagadougou, a connu la participation du ministre charg\u00e9 de l\u2019Enseignement sup\u00e9rieur, Adjima Thiombiano et du ministre d\u2019Etat, ministre charg\u00e9 de la D\u00e9fense, le G\u00e9n\u00e9ral de Brigade C\u00e9lestin Simpor\u00e9.\" \/>\n<meta property=\"og:url\" content=\"https:\/\/www.latribunedufaso.net\/?p=23417\" \/>\n<meta property=\"og:site_name\" content=\"La Tribune du Faso\" \/>\n<meta property=\"article:publisher\" content=\"https:\/\/www.facebook.com\/LatribuneduFaso\/\" \/>\n<meta property=\"article:published_time\" content=\"2025-09-09T17:22:57+00:00\" \/>\n<meta property=\"article:modified_time\" content=\"2025-09-17T18:43:36+00:00\" \/>\n<meta property=\"og:image\" content=\"https:\/\/www.latribunedufaso.net\/wp-content\/uploads\/2025\/09\/FB_IMG_1757471050649.jpg\" \/>\n\t<meta property=\"og:image:width\" content=\"1080\" \/>\n\t<meta property=\"og:image:height\" content=\"563\" \/>\n\t<meta property=\"og:image:type\" content=\"image\/jpeg\" \/>\n<meta name=\"author\" content=\"Issouf Tapsoba\" \/>\n<meta name=\"twitter:label1\" content=\"\u00c9crit par\" \/>\n\t<meta name=\"twitter:data1\" content=\"Issouf Tapsoba\" \/>\n\t<meta name=\"twitter:label2\" content=\"Dur\u00e9e de lecture estim\u00e9e\" \/>\n\t<meta name=\"twitter:data2\" content=\"3 minutes\" \/>\n<script type=\"application\/ld+json\" class=\"yoast-schema-graph\">{\"@context\":\"https:\\\/\\\/schema.org\",\"@graph\":[{\"@type\":\"Article\",\"@id\":\"https:\\\/\\\/www.latribunedufaso.net\\\/?p=23417#article\",\"isPartOf\":{\"@id\":\"https:\\\/\\\/www.latribunedufaso.net\\\/?p=23417\"},\"author\":{\"name\":\"Issouf Tapsoba\",\"@id\":\"https:\\\/\\\/www.latribunedufaso.net\\\/#\\\/schema\\\/person\\\/e54e64c5778a7e72cf80a318b7a622b0\"},\"headline\":\"Cl\u00f4ture Immersion patriotique obligatoire 2025 : La jeunesse du Kadiogo engag\u00e9e pour la refondation de la Patrie\u00a0\",\"datePublished\":\"2025-09-09T17:22:57+00:00\",\"dateModified\":\"2025-09-17T18:43:36+00:00\",\"mainEntityOfPage\":{\"@id\":\"https:\\\/\\\/www.latribunedufaso.net\\\/?p=23417\"},\"wordCount\":555,\"commentCount\":0,\"publisher\":{\"@id\":\"https:\\\/\\\/www.latribunedufaso.net\\\/#organization\"},\"image\":{\"@id\":\"https:\\\/\\\/www.latribunedufaso.net\\\/?p=23417#primaryimage\"},\"thumbnailUrl\":\"https:\\\/\\\/www.latribunedufaso.net\\\/wp-content\\\/uploads\\\/2025\\\/09\\\/FB_IMG_1757471050649.jpg\",\"keywords\":[\"immersion patriotique obligatoire pour les \u00e9l\u00e8ves\",\"latribunedufaso.net\",\"R\u00e9gion du Kadiogo\"],\"articleSection\":[\"A la une\",\"Actualit\u00e9\",\"Soci\u00e9t\u00e9\"],\"inLanguage\":\"fr-FR\",\"potentialAction\":[{\"@type\":\"CommentAction\",\"name\":\"Comment\",\"target\":[\"https:\\\/\\\/www.latribunedufaso.net\\\/?p=23417#respond\"]}]},{\"@type\":\"WebPage\",\"@id\":\"https:\\\/\\\/www.latribunedufaso.net\\\/?p=23417\",\"url\":\"https:\\\/\\\/www.latribunedufaso.net\\\/?p=23417\",\"name\":\"Cl\u00f4ture Immersion patriotique obligatoire 2025 : La jeunesse du Kadiogo engag\u00e9e pour la refondation de la Patrie\u00a0 - La Tribune du Faso\",\"isPartOf\":{\"@id\":\"https:\\\/\\\/www.latribunedufaso.net\\\/#website\"},\"primaryImageOfPage\":{\"@id\":\"https:\\\/\\\/www.latribunedufaso.net\\\/?p=23417#primaryimage\"},\"image\":{\"@id\":\"https:\\\/\\\/www.latribunedufaso.net\\\/?p=23417#primaryimage\"},\"thumbnailUrl\":\"https:\\\/\\\/www.latribunedufaso.net\\\/wp-content\\\/uploads\\\/2025\\\/09\\\/FB_IMG_1757471050649.jpg\",\"datePublished\":\"2025-09-09T17:22:57+00:00\",\"dateModified\":\"2025-09-17T18:43:36+00:00\",\"breadcrumb\":{\"@id\":\"https:\\\/\\\/www.latribunedufaso.net\\\/?p=23417#breadcrumb\"},\"inLanguage\":\"fr-FR\",\"potentialAction\":[{\"@type\":\"ReadAction\",\"target\":[\"https:\\\/\\\/www.latribunedufaso.net\\\/?p=23417\"]}]},{\"@type\":\"ImageObject\",\"inLanguage\":\"fr-FR\",\"@id\":\"https:\\\/\\\/www.latribunedufaso.net\\\/?p=23417#primaryimage\",\"url\":\"https:\\\/\\\/www.latribunedufaso.net\\\/wp-content\\\/uploads\\\/2025\\\/09\\\/FB_IMG_1757471050649.jpg\",\"contentUrl\":\"https:\\\/\\\/www.latribunedufaso.net\\\/wp-content\\\/uploads\\\/2025\\\/09\\\/FB_IMG_1757471050649.jpg\",\"width\":1080,\"height\":563,\"caption\":\"Cl\u00f4ture de l'immersion patriotique obligatoire 2025 dans la r\u00e9gion du Kadiogo, 9 septembre 2025\"},{\"@type\":\"BreadcrumbList\",\"@id\":\"https:\\\/\\\/www.latribunedufaso.net\\\/?p=23417#breadcrumb\",\"itemListElement\":[{\"@type\":\"ListItem\",\"position\":1,\"name\":\"Accueil\",\"item\":\"https:\\\/\\\/www.latribunedufaso.net\\\/\"},{\"@type\":\"ListItem\",\"position\":2,\"name\":\"Cl\u00f4ture Immersion patriotique obligatoire 2025 : La jeunesse du Kadiogo engag\u00e9e pour la refondation de la Patrie\u00a0\"}]},{\"@type\":\"WebSite\",\"@id\":\"https:\\\/\\\/www.latribunedufaso.net\\\/#website\",\"url\":\"https:\\\/\\\/www.latribunedufaso.net\\\/\",\"name\":\"La Tribune du Faso\",\"description\":\"L&#039;information du monde rural en un clic\",\"publisher\":{\"@id\":\"https:\\\/\\\/www.latribunedufaso.net\\\/#organization\"},\"potentialAction\":[{\"@type\":\"SearchAction\",\"target\":{\"@type\":\"EntryPoint\",\"urlTemplate\":\"https:\\\/\\\/www.latribunedufaso.net\\\/?s={search_term_string}\"},\"query-input\":{\"@type\":\"PropertyValueSpecification\",\"valueRequired\":true,\"valueName\":\"search_term_string\"}}],\"inLanguage\":\"fr-FR\"},{\"@type\":\"Organization\",\"@id\":\"https:\\\/\\\/www.latribunedufaso.net\\\/#organization\",\"name\":\"La Tribune du Faso\",\"url\":\"https:\\\/\\\/www.latribunedufaso.net\\\/\",\"logo\":{\"@type\":\"ImageObject\",\"inLanguage\":\"fr-FR\",\"@id\":\"https:\\\/\\\/www.latribunedufaso.net\\\/#\\\/schema\\\/logo\\\/image\\\/\",\"url\":\"https:\\\/\\\/www.latribunedufaso.net\\\/wp-content\\\/uploads\\\/2020\\\/08\\\/Logo-Tribune-du-Faso-final-scaled.jpg\",\"contentUrl\":\"https:\\\/\\\/www.latribunedufaso.net\\\/wp-content\\\/uploads\\\/2020\\\/08\\\/Logo-Tribune-du-Faso-final-scaled.jpg\",\"width\":2560,\"height\":1856,\"caption\":\"La Tribune du Faso\"},\"image\":{\"@id\":\"https:\\\/\\\/www.latribunedufaso.net\\\/#\\\/schema\\\/logo\\\/image\\\/\"},\"sameAs\":[\"https:\\\/\\\/www.facebook.com\\\/LatribuneduFaso\\\/\"]},{\"@type\":\"Person\",\"@id\":\"https:\\\/\\\/www.latribunedufaso.net\\\/#\\\/schema\\\/person\\\/e54e64c5778a7e72cf80a318b7a622b0\",\"name\":\"Issouf Tapsoba\",\"image\":{\"@type\":\"ImageObject\",\"inLanguage\":\"fr-FR\",\"@id\":\"https:\\\/\\\/secure.gravatar.com\\\/avatar\\\/5e6c05150ce3230247d167f5b94d678eb05936197436d69b7921e3a95c9107ac?s=96&d=mm&r=g\",\"url\":\"https:\\\/\\\/secure.gravatar.com\\\/avatar\\\/5e6c05150ce3230247d167f5b94d678eb05936197436d69b7921e3a95c9107ac?s=96&d=mm&r=g\",\"contentUrl\":\"https:\\\/\\\/secure.gravatar.com\\\/avatar\\\/5e6c05150ce3230247d167f5b94d678eb05936197436d69b7921e3a95c9107ac?s=96&d=mm&r=g\",\"caption\":\"Issouf Tapsoba\"},\"url\":\"https:\\\/\\\/www.latribunedufaso.net\\\/?author=5\"}]}<\/script>\n<!-- \/ Yoast SEO plugin. -->","yoast_head_json":{"title":"Cl\u00f4ture Immersion patriotique obligatoire 2025 : La jeunesse du Kadiogo engag\u00e9e pour la refondation de la Patrie\u00a0 - La Tribune du Faso","robots":{"index":"index","follow":"follow","max-snippet":"max-snippet:-1","max-image-preview":"max-image-preview:large","max-video-preview":"max-video-preview:-1"},"canonical":"https:\/\/www.latribunedufaso.net\/?p=23417","og_locale":"fr_FR","og_type":"article","og_title":"Cl\u00f4ture Immersion patriotique obligatoire 2025 : La jeunesse du Kadiogo engag\u00e9e pour la refondation de la Patrie\u00a0 - La Tribune du Faso","og_description":"Le Gouverneur de la r\u00e9gion du Kadiogo, Abdoulaye Bassinga a pr\u00e9sid\u00e9 la c\u00e9r\u00e9monie de cl\u00f4ture de l\u2019immersion patriotique obligatoire pour les \u00e9l\u00e8ves 2025 dans la r\u00e9gion. La c\u00e9r\u00e9monie qui s\u2019est tenue ce 9 septembre 2025 \u00e0 Ouagadougou, a connu la participation du ministre charg\u00e9 de l\u2019Enseignement sup\u00e9rieur, Adjima Thiombiano et du ministre d\u2019Etat, ministre charg\u00e9 de la D\u00e9fense, le G\u00e9n\u00e9ral de Brigade C\u00e9lestin Simpor\u00e9.","og_url":"https:\/\/www.latribunedufaso.net\/?p=23417","og_site_name":"La Tribune du Faso","article_publisher":"https:\/\/www.facebook.com\/LatribuneduFaso\/","article_published_time":"2025-09-09T17:22:57+00:00","article_modified_time":"2025-09-17T18:43:36+00:00","og_image":[{"width":1080,"height":563,"url":"https:\/\/www.latribunedufaso.net\/wp-content\/uploads\/2025\/09\/FB_IMG_1757471050649.jpg","type":"image\/jpeg"}],"author":"Issouf Tapsoba","twitter_misc":{"\u00c9crit par":"Issouf Tapsoba","Dur\u00e9e de lecture estim\u00e9e":"3 minutes"},"schema":{"@context":"https:\/\/schema.org","@graph":[{"@type":"Article","@id":"https:\/\/www.latribunedufaso.net\/?p=23417#article","isPartOf":{"@id":"https:\/\/www.latribunedufaso.net\/?p=23417"},"author":{"name":"Issouf Tapsoba","@id":"https:\/\/www.latribunedufaso.net\/#\/schema\/person\/e54e64c5778a7e72cf80a318b7a622b0"},"headline":"Cl\u00f4ture Immersion patriotique obligatoire 2025 : La jeunesse du Kadiogo engag\u00e9e pour la refondation de la Patrie\u00a0","datePublished":"2025-09-09T17:22:57+00:00","dateModified":"2025-09-17T18:43:36+00:00","mainEntityOfPage":{"@id":"https:\/\/www.latribunedufaso.net\/?p=23417"},"wordCount":555,"commentCount":0,"publisher":{"@id":"https:\/\/www.latribunedufaso.net\/#organization"},"image":{"@id":"https:\/\/www.latribunedufaso.net\/?p=23417#primaryimage"},"thumbnailUrl":"https:\/\/www.latribunedufaso.net\/wp-content\/uploads\/2025\/09\/FB_IMG_1757471050649.jpg","keywords":["immersion patriotique obligatoire pour les \u00e9l\u00e8ves","latribunedufaso.net","R\u00e9gion du Kadiogo"],"articleSection":["A la une","Actualit\u00e9","Soci\u00e9t\u00e9"],"inLanguage":"fr-FR","potentialAction":[{"@type":"CommentAction","name":"Comment","target":["https:\/\/www.latribunedufaso.net\/?p=23417#respond"]}]},{"@type":"WebPage","@id":"https:\/\/www.latribunedufaso.net\/?p=23417","url":"https:\/\/www.latribunedufaso.net\/?p=23417","name":"Cl\u00f4ture Immersion patriotique obligatoire 2025 : La jeunesse du Kadiogo engag\u00e9e pour la refondation de la Patrie\u00a0 - La Tribune du Faso","isPartOf":{"@id":"https:\/\/www.latribunedufaso.net\/#website"},"primaryImageOfPage":{"@id":"https:\/\/www.latribunedufaso.net\/?p=23417#primaryimage"},"image":{"@id":"https:\/\/www.latribunedufaso.net\/?p=23417#primaryimage"},"thumbnailUrl":"https:\/\/www.latribunedufaso.net\/wp-content\/uploads\/2025\/09\/FB_IMG_1757471050649.jpg","datePublished":"2025-09-09T17:22:57+00:00","dateModified":"2025-09-17T18:43:36+00:00","breadcrumb":{"@id":"https:\/\/www.latribunedufaso.net\/?p=23417#breadcrumb"},"inLanguage":"fr-FR","potentialAction":[{"@type":"ReadAction","target":["https:\/\/www.latribunedufaso.net\/?p=23417"]}]},{"@type":"ImageObject","inLanguage":"fr-FR","@id":"https:\/\/www.latribunedufaso.net\/?p=23417#primaryimage","url":"https:\/\/www.latribunedufaso.net\/wp-content\/uploads\/2025\/09\/FB_IMG_1757471050649.jpg","contentUrl":"https:\/\/www.latribunedufaso.net\/wp-content\/uploads\/2025\/09\/FB_IMG_1757471050649.jpg","width":1080,"height":563,"caption":"Cl\u00f4ture de l'immersion patriotique obligatoire 2025 dans la r\u00e9gion du Kadiogo, 9 septembre 2025"},{"@type":"BreadcrumbList","@id":"https:\/\/www.latribunedufaso.net\/?p=23417#breadcrumb","itemListElement":[{"@type":"ListItem","position":1,"name":"Accueil","item":"https:\/\/www.latribunedufaso.net\/"},{"@type":"ListItem","position":2,"name":"Cl\u00f4ture Immersion patriotique obligatoire 2025 : La jeunesse du Kadiogo engag\u00e9e pour la refondation de la Patrie\u00a0"}]},{"@type":"WebSite","@id":"https:\/\/www.latribunedufaso.net\/#website","url":"https:\/\/www.latribunedufaso.net\/","name":"La Tribune du Faso","description":"L&#039;information du monde rural en un clic","publisher":{"@id":"https:\/\/www.latribunedufaso.net\/#organization"},"potentialAction":[{"@type":"SearchAction","target":{"@type":"EntryPoint","urlTemplate":"https:\/\/www.latribunedufaso.net\/?s={search_term_string}"},"query-input":{"@type":"PropertyValueSpecification","valueRequired":true,"valueName":"search_term_string"}}],"inLanguage":"fr-FR"},{"@type":"Organization","@id":"https:\/\/www.latribunedufaso.net\/#organization","name":"La Tribune du Faso","url":"https:\/\/www.latribunedufaso.net\/","logo":{"@type":"ImageObject","inLanguage":"fr-FR","@id":"https:\/\/www.latribunedufaso.net\/#\/schema\/logo\/image\/","url":"https:\/\/www.latribunedufaso.net\/wp-content\/uploads\/2020\/08\/Logo-Tribune-du-Faso-final-scaled.jpg","contentUrl":"https:\/\/www.latribunedufaso.net\/wp-content\/uploads\/2020\/08\/Logo-Tribune-du-Faso-final-scaled.jpg","width":2560,"height":1856,"caption":"La Tribune du Faso"},"image":{"@id":"https:\/\/www.latribunedufaso.net\/#\/schema\/logo\/image\/"},"sameAs":["https:\/\/www.facebook.com\/LatribuneduFaso\/"]},{"@type":"Person","@id":"https:\/\/www.latribunedufaso.net\/#\/schema\/person\/e54e64c5778a7e72cf80a318b7a622b0","name":"Issouf Tapsoba","image":{"@type":"ImageObject","inLanguage":"fr-FR","@id":"https:\/\/secure.gravatar.com\/avatar\/5e6c05150ce3230247d167f5b94d678eb05936197436d69b7921e3a95c9107ac?s=96&d=mm&r=g","url":"https:\/\/secure.gravatar.com\/avatar\/5e6c05150ce3230247d167f5b94d678eb05936197436d69b7921e3a95c9107ac?s=96&d=mm&r=g","contentUrl":"https:\/\/secure.gravatar.com\/avatar\/5e6c05150ce3230247d167f5b94d678eb05936197436d69b7921e3a95c9107ac?s=96&d=mm&r=g","caption":"Issouf Tapsoba"},"url":"https:\/\/www.latribunedufaso.net\/?author=5"}]}},"_links":{"self":[{"href":"https:\/\/www.latribunedufaso.net\/index.php?rest_route=\/wp\/v2\/posts\/23417","targetHints":{"allow":["GET"]}}],"collection":[{"href":"https:\/\/www.latribunedufaso.net\/index.php?rest_route=\/wp\/v2\/posts"}],"about":[{"href":"https:\/\/www.latribunedufaso.net\/index.php?rest_route=\/wp\/v2\/types\/post"}],"author":[{"embeddable":true,"href":"https:\/\/www.latribunedufaso.net\/index.php?rest_route=\/wp\/v2\/users\/5"}],"replies":[{"embeddable":true,"href":"https:\/\/www.latribunedufaso.net\/index.php?rest_route=%2Fwp%2Fv2%2Fcomments&post=23417"}],"version-history":[{"count":3,"href":"https:\/\/www.latribunedufaso.net\/index.php?rest_route=\/wp\/v2\/posts\/23417\/revisions"}],"predecessor-version":[{"id":23641,"href":"https:\/\/www.latribunedufaso.net\/index.php?rest_route=\/wp\/v2\/posts\/23417\/revisions\/23641"}],"wp:featuredmedia":[{"embeddable":true,"href":"https:\/\/www.latribunedufaso.net\/index.php?rest_route=\/wp\/v2\/media\/23422"}],"wp:attachment":[{"href":"https:\/\/www.latribunedufaso.net\/index.php?rest_route=%2Fwp%2Fv2%2Fmedia&parent=23417"}],"wp:term":[{"taxonomy":"category","embeddable":true,"href":"https:\/\/www.latribunedufaso.net\/index.php?rest_route=%2Fwp%2Fv2%2Fcategories&post=23417"},{"taxonomy":"post_tag","embeddable":true,"href":"https:\/\/www.latribunedufaso.net\/index.php?rest_route=%2Fwp%2Fv2%2Ftags&post=23417"}],"curies":[{"name":"wp","href":"https:\/\/api.w.org\/{rel}","templated":true}]}}