{"id":23386,"date":"2025-09-08T09:09:12","date_gmt":"2025-09-08T09:09:12","guid":{"rendered":"https:\/\/www.latribunedufaso.net\/?p=23386"},"modified":"2025-09-08T09:11:04","modified_gmt":"2025-09-08T09:11:04","slug":"conference-regionale-de-lunesco-la-cenozo-plaide-pour-lintegrite-de-linformation-en-afrique-de-louest","status":"publish","type":"post","link":"https:\/\/www.latribunedufaso.net\/?p=23386","title":{"rendered":"Conf\u00e9rence r\u00e9gionale de l&rsquo;UNESCO : La CENOZO plaide pour l\u2019int\u00e9grit\u00e9 de l\u2019information en Afrique de l\u2019Ouest"},"content":{"rendered":"<p><strong>R\u00e9unis \u00e0 Praia au Cap-Vert du 3 au 5 septembre 2025 pour la premi\u00e8re Conf\u00e9rence r\u00e9gionale de l\u2019UNESCO sur l\u2019int\u00e9grit\u00e9 de l\u2019information en Afrique de l\u2019Ouest et au Sahel, journalistes et experts ont d\u00e9battu des d\u00e9fis li\u00e9s \u00e0 la qualit\u00e9 de l\u2019information. La CENOZO, par la voix de son coordonnateur Arnaud Ou\u00e9draogo, a mis en lumi\u00e8re le r\u00f4le crucial du journalisme d\u2019investigation face aux fake news et au d\u00e9ficit d\u2019\u00e9thique.<\/strong><!--more--><\/p>\n<p>Praia, la capitale du Cap-Vert, a abrit\u00e9 du 3 au 5 septembre 2025, la premi\u00e8re Conf\u00e9rence r\u00e9gionale sur l&rsquo;int\u00e9grit\u00e9 de l&rsquo;information en Afrique de l\u2019Ouest et au Sahel. Organis\u00e9e par l&rsquo;UNESCO en collaboration avec le Gouvernement capverdien, ce rendez-vous a mobilis\u00e9 une centaine d&rsquo;acteurs et experts de divers horizons pour r\u00e9fl\u00e9chir sur les enjeux et d\u00e9fis de l&rsquo;assainissement du paysage m\u00e9diatique ouest-africain, notamment dans la r\u00e9gion du Sahel. \u00c0 cette occasion, la Cellule Norbert Zongo pour le journalisme d&rsquo;investigation en Afrique de l&rsquo;Ouest (CENOZO) a anim\u00e9 une session sur le r\u00f4le des journalistes d&rsquo;investigation dans la pr\u00e9servation de l&rsquo;int\u00e9grit\u00e9 de l&rsquo;information en Afrique.<\/p>\n<figure id=\"attachment_23389\" aria-describedby=\"caption-attachment-23389\" style=\"width: 1000px\" class=\"wp-caption aligncenter\"><a href=\"https:\/\/www.latribunedufaso.net\/wp-content\/uploads\/2025\/09\/FB_IMG_1757321849253.jpg\"><img loading=\"lazy\" decoding=\"async\" class=\"size-full wp-image-23389\" src=\"https:\/\/www.latribunedufaso.net\/wp-content\/uploads\/2025\/09\/FB_IMG_1757321849253.jpg\" alt=\"La CENOZO plaide pour l'int\u00e9grit\u00e9 de l'information en Afrique de l'Ouest \u00e0 la Conf\u00e9rence r\u00e9gionale de l\u2019UNESCO, 3 au 5 septembre 2025 au Cap-Vert \" width=\"1000\" height=\"750\" srcset=\"https:\/\/www.latribunedufaso.net\/wp-content\/uploads\/2025\/09\/FB_IMG_1757321849253.jpg 1000w, https:\/\/www.latribunedufaso.net\/wp-content\/uploads\/2025\/09\/FB_IMG_1757321849253-300x225.jpg 300w, https:\/\/www.latribunedufaso.net\/wp-content\/uploads\/2025\/09\/FB_IMG_1757321849253-768x576.jpg 768w\" sizes=\"auto, (max-width: 1000px) 100vw, 1000px\" \/><\/a><figcaption id=\"caption-attachment-23389\" class=\"wp-caption-text\">Une vue des participants \u00e0 la conf\u00e9rence &#8211; Ph. DR<\/figcaption><\/figure>\n<p>Au cours de cette session, le Coordonnateur de la CENOZO, Arnaud Ou\u00e9draogo, a insist\u00e9 sur les d\u00e9fis majeurs qui p\u00e8sent sur l\u2019int\u00e9grit\u00e9 de l\u2019information, notamment la non ma\u00eetrise des r\u00e8gles d\u2019\u00e9thique chez certains journalistes, la mont\u00e9e en puissance des fake news, le manque de moyens pour mener des enqu\u00eates approfondies. Il a \u00e9galement pr\u00e9sent\u00e9 le r\u00f4le du journalisme d\u2019investigation pour restaurer l\u2019int\u00e9grit\u00e9 de l\u2019information dans la r\u00e9gion du Sahel.<\/p>\n<figure id=\"attachment_23390\" aria-describedby=\"caption-attachment-23390\" style=\"width: 2048px\" class=\"wp-caption aligncenter\"><a href=\"https:\/\/www.latribunedufaso.net\/wp-content\/uploads\/2025\/09\/FB_IMG_1757321843618.jpg\"><img loading=\"lazy\" decoding=\"async\" class=\"size-full wp-image-23390\" src=\"https:\/\/www.latribunedufaso.net\/wp-content\/uploads\/2025\/09\/FB_IMG_1757321843618.jpg\" alt=\"La CENOZO plaide pour l'int\u00e9grit\u00e9 de l'information en Afrique de l'Ouest \u00e0 la Conf\u00e9rence r\u00e9gionale de l\u2019UNESCO, 3 au 5 septembre 2025 au Cap-Vert \" width=\"2048\" height=\"1365\" srcset=\"https:\/\/www.latribunedufaso.net\/wp-content\/uploads\/2025\/09\/FB_IMG_1757321843618.jpg 2048w, https:\/\/www.latribunedufaso.net\/wp-content\/uploads\/2025\/09\/FB_IMG_1757321843618-300x200.jpg 300w, https:\/\/www.latribunedufaso.net\/wp-content\/uploads\/2025\/09\/FB_IMG_1757321843618-1024x683.jpg 1024w, https:\/\/www.latribunedufaso.net\/wp-content\/uploads\/2025\/09\/FB_IMG_1757321843618-768x512.jpg 768w, https:\/\/www.latribunedufaso.net\/wp-content\/uploads\/2025\/09\/FB_IMG_1757321843618-1536x1024.jpg 1536w, https:\/\/www.latribunedufaso.net\/wp-content\/uploads\/2025\/09\/FB_IMG_1757321843618-840x560.jpg 840w, https:\/\/www.latribunedufaso.net\/wp-content\/uploads\/2025\/09\/FB_IMG_1757321843618-120x80.jpg 120w, https:\/\/www.latribunedufaso.net\/wp-content\/uploads\/2025\/09\/FB_IMG_1757321843618-360x240.jpg 360w, https:\/\/www.latribunedufaso.net\/wp-content\/uploads\/2025\/09\/FB_IMG_1757321843618-600x400.jpg 600w\" sizes=\"auto, (max-width: 2048px) 100vw, 2048px\" \/><\/a><figcaption id=\"caption-attachment-23390\" class=\"wp-caption-text\">A l&rsquo;occasion, la CENOZO a anim\u00e9 une session sur le r\u00f4le des journalistes d&rsquo;investigation dans la pr\u00e9servation de l&rsquo;int\u00e9grit\u00e9 de l&rsquo;information en Afrique &#8211; Ph. DR<\/figcaption><\/figure>\n<p>Tout au long de cette session, Arnaud Ou\u00e9draogo a partag\u00e9 la contribution de la CENOZO \u00e0 l&rsquo;int\u00e9grit\u00e9 de l&rsquo;information en Afrique de l&rsquo;Ouest \u00e0 travers la formation des journalistes, la protection des reporters menac\u00e9s et le soutien aux enqu\u00eates transfrontali\u00e8res. Dans sa pr\u00e9sentation, le Coordonnateur a rappel\u00e9 \u00e0 quel point il est <em><strong>\u00ab difficile, voire impossible \u00bb,<\/strong><\/em> d&rsquo;envisager une paix durable et un d\u00e9veloppement juste en Afrique de l\u2019Ouest et au Sahel sans une v\u00e9ritable int\u00e9grit\u00e9 de l\u2019information.<\/p>\n<p><strong>Latribunedufaso.net<\/strong><\/p>\n<p><strong>Source : CENOZO<\/strong><\/p>\n<p>Lire aussi &gt;&gt; <a href=\"https:\/\/www.latribunedufaso.net\/?p=19937\">Lutte contre les effets du changement climatique et les crimes environnementaux au Sahel : La CENOZO outille des acteurs\u00a0<\/a><\/p>\n","protected":false},"excerpt":{"rendered":"<p>R\u00e9unis \u00e0 Praia au Cap-Vert du 3 au 5 septembre 2025 pour la premi\u00e8re Conf\u00e9rence r\u00e9gionale de l\u2019UNESCO sur l\u2019int\u00e9grit\u00e9 de l\u2019information en Afrique de l\u2019Ouest et au Sahel, journalistes et experts ont d\u00e9battu des d\u00e9fis li\u00e9s \u00e0 la qualit\u00e9 de l\u2019information. La CENOZO, par la voix de son coordonnateur Arnaud Ou\u00e9draogo, a mis en lumi\u00e8re le r\u00f4le crucial du journalisme d\u2019investigation face aux fake news et au d\u00e9ficit d\u2019\u00e9thique.<\/p>\n","protected":false},"author":5,"featured_media":23388,"comment_status":"open","ping_status":"open","sticky":false,"template":"","format":"standard","meta":{"footnotes":""},"categories":[13,1,8],"tags":[878,1557,112,39,1556],"class_list":["post-23386","post","type-post","status-publish","format-standard","has-post-thumbnail","hentry","category-une","category-actu","category-societe","tag-cenozo","tag-conference-regionale-de-lunesco-sur-lintegrite-de-linformation-en-afrique-de-louest-et-au-sahel","tag-journalisme-dinvestigation","tag-latribunedufaso-net","tag-unesco"],"yoast_head":"<!-- This site is optimized with the Yoast SEO plugin v27.4 - https:\/\/yoast.com\/product\/yoast-seo-wordpress\/ -->\n<title>Conf\u00e9rence r\u00e9gionale de l&#039;UNESCO : La CENOZO plaide pour l\u2019int\u00e9grit\u00e9 de l\u2019information en Afrique de l\u2019Ouest - La Tribune du Faso<\/title>\n<meta name=\"robots\" content=\"index, follow, max-snippet:-1, max-image-preview:large, max-video-preview:-1\" \/>\n<link rel=\"canonical\" href=\"https:\/\/www.latribunedufaso.net\/?p=23386\" \/>\n<meta property=\"og:locale\" content=\"fr_FR\" \/>\n<meta property=\"og:type\" content=\"article\" \/>\n<meta property=\"og:title\" content=\"Conf\u00e9rence r\u00e9gionale de l&#039;UNESCO : La CENOZO plaide pour l\u2019int\u00e9grit\u00e9 de l\u2019information en Afrique de l\u2019Ouest - La Tribune du Faso\" \/>\n<meta property=\"og:description\" content=\"R\u00e9unis \u00e0 Praia au Cap-Vert du 3 au 5 septembre 2025 pour la premi\u00e8re Conf\u00e9rence r\u00e9gionale de l\u2019UNESCO sur l\u2019int\u00e9grit\u00e9 de l\u2019information en Afrique de l\u2019Ouest et au Sahel, journalistes et experts ont d\u00e9battu des d\u00e9fis li\u00e9s \u00e0 la qualit\u00e9 de l\u2019information. La CENOZO, par la voix de son coordonnateur Arnaud Ou\u00e9draogo, a mis en lumi\u00e8re le r\u00f4le crucial du journalisme d\u2019investigation face aux fake news et au d\u00e9ficit d\u2019\u00e9thique.\" \/>\n<meta property=\"og:url\" content=\"https:\/\/www.latribunedufaso.net\/?p=23386\" \/>\n<meta property=\"og:site_name\" content=\"La Tribune du Faso\" \/>\n<meta property=\"article:publisher\" content=\"https:\/\/www.facebook.com\/LatribuneduFaso\/\" \/>\n<meta property=\"article:published_time\" content=\"2025-09-08T09:09:12+00:00\" \/>\n<meta property=\"article:modified_time\" content=\"2025-09-08T09:11:04+00:00\" \/>\n<meta property=\"og:image\" content=\"https:\/\/www.latribunedufaso.net\/wp-content\/uploads\/2025\/09\/FB_IMG_1757321857806.jpg\" \/>\n\t<meta property=\"og:image:width\" content=\"1000\" \/>\n\t<meta property=\"og:image:height\" content=\"750\" \/>\n\t<meta property=\"og:image:type\" content=\"image\/jpeg\" \/>\n<meta name=\"author\" content=\"Issouf Tapsoba\" \/>\n<meta name=\"twitter:label1\" content=\"\u00c9crit par\" \/>\n\t<meta name=\"twitter:data1\" content=\"Issouf Tapsoba\" \/>\n\t<meta name=\"twitter:label2\" content=\"Dur\u00e9e de lecture estim\u00e9e\" \/>\n\t<meta name=\"twitter:data2\" content=\"2 minutes\" \/>\n<script type=\"application\/ld+json\" class=\"yoast-schema-graph\">{\"@context\":\"https:\\\/\\\/schema.org\",\"@graph\":[{\"@type\":\"Article\",\"@id\":\"https:\\\/\\\/www.latribunedufaso.net\\\/?p=23386#article\",\"isPartOf\":{\"@id\":\"https:\\\/\\\/www.latribunedufaso.net\\\/?p=23386\"},\"author\":{\"name\":\"Issouf Tapsoba\",\"@id\":\"https:\\\/\\\/www.latribunedufaso.net\\\/#\\\/schema\\\/person\\\/e54e64c5778a7e72cf80a318b7a622b0\"},\"headline\":\"Conf\u00e9rence r\u00e9gionale de l&rsquo;UNESCO : La CENOZO plaide pour l\u2019int\u00e9grit\u00e9 de l\u2019information en Afrique de l\u2019Ouest\",\"datePublished\":\"2025-09-08T09:09:12+00:00\",\"dateModified\":\"2025-09-08T09:11:04+00:00\",\"mainEntityOfPage\":{\"@id\":\"https:\\\/\\\/www.latribunedufaso.net\\\/?p=23386\"},\"wordCount\":487,\"commentCount\":0,\"publisher\":{\"@id\":\"https:\\\/\\\/www.latribunedufaso.net\\\/#organization\"},\"image\":{\"@id\":\"https:\\\/\\\/www.latribunedufaso.net\\\/?p=23386#primaryimage\"},\"thumbnailUrl\":\"https:\\\/\\\/www.latribunedufaso.net\\\/wp-content\\\/uploads\\\/2025\\\/09\\\/FB_IMG_1757321857806.jpg\",\"keywords\":[\"CENOZO\",\"Conf\u00e9rence r\u00e9gionale de l\u2019UNESCO sur l\u2019int\u00e9grit\u00e9 de l\u2019information en Afrique de l\u2019Ouest et au Sahel\",\"journalisme d\u2019investigation\",\"latribunedufaso.net\",\"UNESCO\"],\"articleSection\":[\"A la une\",\"Actualit\u00e9\",\"Soci\u00e9t\u00e9\"],\"inLanguage\":\"fr-FR\",\"potentialAction\":[{\"@type\":\"CommentAction\",\"name\":\"Comment\",\"target\":[\"https:\\\/\\\/www.latribunedufaso.net\\\/?p=23386#respond\"]}]},{\"@type\":\"WebPage\",\"@id\":\"https:\\\/\\\/www.latribunedufaso.net\\\/?p=23386\",\"url\":\"https:\\\/\\\/www.latribunedufaso.net\\\/?p=23386\",\"name\":\"Conf\u00e9rence r\u00e9gionale de l'UNESCO : La CENOZO plaide pour l\u2019int\u00e9grit\u00e9 de l\u2019information en Afrique de l\u2019Ouest - La Tribune du Faso\",\"isPartOf\":{\"@id\":\"https:\\\/\\\/www.latribunedufaso.net\\\/#website\"},\"primaryImageOfPage\":{\"@id\":\"https:\\\/\\\/www.latribunedufaso.net\\\/?p=23386#primaryimage\"},\"image\":{\"@id\":\"https:\\\/\\\/www.latribunedufaso.net\\\/?p=23386#primaryimage\"},\"thumbnailUrl\":\"https:\\\/\\\/www.latribunedufaso.net\\\/wp-content\\\/uploads\\\/2025\\\/09\\\/FB_IMG_1757321857806.jpg\",\"datePublished\":\"2025-09-08T09:09:12+00:00\",\"dateModified\":\"2025-09-08T09:11:04+00:00\",\"breadcrumb\":{\"@id\":\"https:\\\/\\\/www.latribunedufaso.net\\\/?p=23386#breadcrumb\"},\"inLanguage\":\"fr-FR\",\"potentialAction\":[{\"@type\":\"ReadAction\",\"target\":[\"https:\\\/\\\/www.latribunedufaso.net\\\/?p=23386\"]}]},{\"@type\":\"ImageObject\",\"inLanguage\":\"fr-FR\",\"@id\":\"https:\\\/\\\/www.latribunedufaso.net\\\/?p=23386#primaryimage\",\"url\":\"https:\\\/\\\/www.latribunedufaso.net\\\/wp-content\\\/uploads\\\/2025\\\/09\\\/FB_IMG_1757321857806.jpg\",\"contentUrl\":\"https:\\\/\\\/www.latribunedufaso.net\\\/wp-content\\\/uploads\\\/2025\\\/09\\\/FB_IMG_1757321857806.jpg\",\"width\":1000,\"height\":750,\"caption\":\"La CENOZO plaide pour l'int\u00e9grit\u00e9 de l'information en Afrique de l'Ouest \u00e0 la Conf\u00e9rence r\u00e9gionale de l\u2019UNESCO, 3 au 5 septembre 2025 au Cap-Vert\"},{\"@type\":\"BreadcrumbList\",\"@id\":\"https:\\\/\\\/www.latribunedufaso.net\\\/?p=23386#breadcrumb\",\"itemListElement\":[{\"@type\":\"ListItem\",\"position\":1,\"name\":\"Accueil\",\"item\":\"https:\\\/\\\/www.latribunedufaso.net\\\/\"},{\"@type\":\"ListItem\",\"position\":2,\"name\":\"Conf\u00e9rence r\u00e9gionale de l&rsquo;UNESCO : La CENOZO plaide pour l\u2019int\u00e9grit\u00e9 de l\u2019information en Afrique de l\u2019Ouest\"}]},{\"@type\":\"WebSite\",\"@id\":\"https:\\\/\\\/www.latribunedufaso.net\\\/#website\",\"url\":\"https:\\\/\\\/www.latribunedufaso.net\\\/\",\"name\":\"La Tribune du Faso\",\"description\":\"L&#039;information du monde rural en un clic\",\"publisher\":{\"@id\":\"https:\\\/\\\/www.latribunedufaso.net\\\/#organization\"},\"potentialAction\":[{\"@type\":\"SearchAction\",\"target\":{\"@type\":\"EntryPoint\",\"urlTemplate\":\"https:\\\/\\\/www.latribunedufaso.net\\\/?s={search_term_string}\"},\"query-input\":{\"@type\":\"PropertyValueSpecification\",\"valueRequired\":true,\"valueName\":\"search_term_string\"}}],\"inLanguage\":\"fr-FR\"},{\"@type\":\"Organization\",\"@id\":\"https:\\\/\\\/www.latribunedufaso.net\\\/#organization\",\"name\":\"La Tribune du Faso\",\"url\":\"https:\\\/\\\/www.latribunedufaso.net\\\/\",\"logo\":{\"@type\":\"ImageObject\",\"inLanguage\":\"fr-FR\",\"@id\":\"https:\\\/\\\/www.latribunedufaso.net\\\/#\\\/schema\\\/logo\\\/image\\\/\",\"url\":\"https:\\\/\\\/www.latribunedufaso.net\\\/wp-content\\\/uploads\\\/2020\\\/08\\\/Logo-Tribune-du-Faso-final-scaled.jpg\",\"contentUrl\":\"https:\\\/\\\/www.latribunedufaso.net\\\/wp-content\\\/uploads\\\/2020\\\/08\\\/Logo-Tribune-du-Faso-final-scaled.jpg\",\"width\":2560,\"height\":1856,\"caption\":\"La Tribune du Faso\"},\"image\":{\"@id\":\"https:\\\/\\\/www.latribunedufaso.net\\\/#\\\/schema\\\/logo\\\/image\\\/\"},\"sameAs\":[\"https:\\\/\\\/www.facebook.com\\\/LatribuneduFaso\\\/\"]},{\"@type\":\"Person\",\"@id\":\"https:\\\/\\\/www.latribunedufaso.net\\\/#\\\/schema\\\/person\\\/e54e64c5778a7e72cf80a318b7a622b0\",\"name\":\"Issouf Tapsoba\",\"image\":{\"@type\":\"ImageObject\",\"inLanguage\":\"fr-FR\",\"@id\":\"https:\\\/\\\/secure.gravatar.com\\\/avatar\\\/5e6c05150ce3230247d167f5b94d678eb05936197436d69b7921e3a95c9107ac?s=96&d=mm&r=g\",\"url\":\"https:\\\/\\\/secure.gravatar.com\\\/avatar\\\/5e6c05150ce3230247d167f5b94d678eb05936197436d69b7921e3a95c9107ac?s=96&d=mm&r=g\",\"contentUrl\":\"https:\\\/\\\/secure.gravatar.com\\\/avatar\\\/5e6c05150ce3230247d167f5b94d678eb05936197436d69b7921e3a95c9107ac?s=96&d=mm&r=g\",\"caption\":\"Issouf Tapsoba\"},\"url\":\"https:\\\/\\\/www.latribunedufaso.net\\\/?author=5\"}]}<\/script>\n<!-- \/ Yoast SEO plugin. -->","yoast_head_json":{"title":"Conf\u00e9rence r\u00e9gionale de l'UNESCO : La CENOZO plaide pour l\u2019int\u00e9grit\u00e9 de l\u2019information en Afrique de l\u2019Ouest - La Tribune du Faso","robots":{"index":"index","follow":"follow","max-snippet":"max-snippet:-1","max-image-preview":"max-image-preview:large","max-video-preview":"max-video-preview:-1"},"canonical":"https:\/\/www.latribunedufaso.net\/?p=23386","og_locale":"fr_FR","og_type":"article","og_title":"Conf\u00e9rence r\u00e9gionale de l'UNESCO : La CENOZO plaide pour l\u2019int\u00e9grit\u00e9 de l\u2019information en Afrique de l\u2019Ouest - La Tribune du Faso","og_description":"R\u00e9unis \u00e0 Praia au Cap-Vert du 3 au 5 septembre 2025 pour la premi\u00e8re Conf\u00e9rence r\u00e9gionale de l\u2019UNESCO sur l\u2019int\u00e9grit\u00e9 de l\u2019information en Afrique de l\u2019Ouest et au Sahel, journalistes et experts ont d\u00e9battu des d\u00e9fis li\u00e9s \u00e0 la qualit\u00e9 de l\u2019information. La CENOZO, par la voix de son coordonnateur Arnaud Ou\u00e9draogo, a mis en lumi\u00e8re le r\u00f4le crucial du journalisme d\u2019investigation face aux fake news et au d\u00e9ficit d\u2019\u00e9thique.","og_url":"https:\/\/www.latribunedufaso.net\/?p=23386","og_site_name":"La Tribune du Faso","article_publisher":"https:\/\/www.facebook.com\/LatribuneduFaso\/","article_published_time":"2025-09-08T09:09:12+00:00","article_modified_time":"2025-09-08T09:11:04+00:00","og_image":[{"width":1000,"height":750,"url":"https:\/\/www.latribunedufaso.net\/wp-content\/uploads\/2025\/09\/FB_IMG_1757321857806.jpg","type":"image\/jpeg"}],"author":"Issouf Tapsoba","twitter_misc":{"\u00c9crit par":"Issouf Tapsoba","Dur\u00e9e de lecture estim\u00e9e":"2 minutes"},"schema":{"@context":"https:\/\/schema.org","@graph":[{"@type":"Article","@id":"https:\/\/www.latribunedufaso.net\/?p=23386#article","isPartOf":{"@id":"https:\/\/www.latribunedufaso.net\/?p=23386"},"author":{"name":"Issouf Tapsoba","@id":"https:\/\/www.latribunedufaso.net\/#\/schema\/person\/e54e64c5778a7e72cf80a318b7a622b0"},"headline":"Conf\u00e9rence r\u00e9gionale de l&rsquo;UNESCO : La CENOZO plaide pour l\u2019int\u00e9grit\u00e9 de l\u2019information en Afrique de l\u2019Ouest","datePublished":"2025-09-08T09:09:12+00:00","dateModified":"2025-09-08T09:11:04+00:00","mainEntityOfPage":{"@id":"https:\/\/www.latribunedufaso.net\/?p=23386"},"wordCount":487,"commentCount":0,"publisher":{"@id":"https:\/\/www.latribunedufaso.net\/#organization"},"image":{"@id":"https:\/\/www.latribunedufaso.net\/?p=23386#primaryimage"},"thumbnailUrl":"https:\/\/www.latribunedufaso.net\/wp-content\/uploads\/2025\/09\/FB_IMG_1757321857806.jpg","keywords":["CENOZO","Conf\u00e9rence r\u00e9gionale de l\u2019UNESCO sur l\u2019int\u00e9grit\u00e9 de l\u2019information en Afrique de l\u2019Ouest et au Sahel","journalisme d\u2019investigation","latribunedufaso.net","UNESCO"],"articleSection":["A la une","Actualit\u00e9","Soci\u00e9t\u00e9"],"inLanguage":"fr-FR","potentialAction":[{"@type":"CommentAction","name":"Comment","target":["https:\/\/www.latribunedufaso.net\/?p=23386#respond"]}]},{"@type":"WebPage","@id":"https:\/\/www.latribunedufaso.net\/?p=23386","url":"https:\/\/www.latribunedufaso.net\/?p=23386","name":"Conf\u00e9rence r\u00e9gionale de l'UNESCO : La CENOZO plaide pour l\u2019int\u00e9grit\u00e9 de l\u2019information en Afrique de l\u2019Ouest - La Tribune du Faso","isPartOf":{"@id":"https:\/\/www.latribunedufaso.net\/#website"},"primaryImageOfPage":{"@id":"https:\/\/www.latribunedufaso.net\/?p=23386#primaryimage"},"image":{"@id":"https:\/\/www.latribunedufaso.net\/?p=23386#primaryimage"},"thumbnailUrl":"https:\/\/www.latribunedufaso.net\/wp-content\/uploads\/2025\/09\/FB_IMG_1757321857806.jpg","datePublished":"2025-09-08T09:09:12+00:00","dateModified":"2025-09-08T09:11:04+00:00","breadcrumb":{"@id":"https:\/\/www.latribunedufaso.net\/?p=23386#breadcrumb"},"inLanguage":"fr-FR","potentialAction":[{"@type":"ReadAction","target":["https:\/\/www.latribunedufaso.net\/?p=23386"]}]},{"@type":"ImageObject","inLanguage":"fr-FR","@id":"https:\/\/www.latribunedufaso.net\/?p=23386#primaryimage","url":"https:\/\/www.latribunedufaso.net\/wp-content\/uploads\/2025\/09\/FB_IMG_1757321857806.jpg","contentUrl":"https:\/\/www.latribunedufaso.net\/wp-content\/uploads\/2025\/09\/FB_IMG_1757321857806.jpg","width":1000,"height":750,"caption":"La CENOZO plaide pour l'int\u00e9grit\u00e9 de l'information en Afrique de l'Ouest \u00e0 la Conf\u00e9rence r\u00e9gionale de l\u2019UNESCO, 3 au 5 septembre 2025 au Cap-Vert"},{"@type":"BreadcrumbList","@id":"https:\/\/www.latribunedufaso.net\/?p=23386#breadcrumb","itemListElement":[{"@type":"ListItem","position":1,"name":"Accueil","item":"https:\/\/www.latribunedufaso.net\/"},{"@type":"ListItem","position":2,"name":"Conf\u00e9rence r\u00e9gionale de l&rsquo;UNESCO : La CENOZO plaide pour l\u2019int\u00e9grit\u00e9 de l\u2019information en Afrique de l\u2019Ouest"}]},{"@type":"WebSite","@id":"https:\/\/www.latribunedufaso.net\/#website","url":"https:\/\/www.latribunedufaso.net\/","name":"La Tribune du Faso","description":"L&#039;information du monde rural en un clic","publisher":{"@id":"https:\/\/www.latribunedufaso.net\/#organization"},"potentialAction":[{"@type":"SearchAction","target":{"@type":"EntryPoint","urlTemplate":"https:\/\/www.latribunedufaso.net\/?s={search_term_string}"},"query-input":{"@type":"PropertyValueSpecification","valueRequired":true,"valueName":"search_term_string"}}],"inLanguage":"fr-FR"},{"@type":"Organization","@id":"https:\/\/www.latribunedufaso.net\/#organization","name":"La Tribune du Faso","url":"https:\/\/www.latribunedufaso.net\/","logo":{"@type":"ImageObject","inLanguage":"fr-FR","@id":"https:\/\/www.latribunedufaso.net\/#\/schema\/logo\/image\/","url":"https:\/\/www.latribunedufaso.net\/wp-content\/uploads\/2020\/08\/Logo-Tribune-du-Faso-final-scaled.jpg","contentUrl":"https:\/\/www.latribunedufaso.net\/wp-content\/uploads\/2020\/08\/Logo-Tribune-du-Faso-final-scaled.jpg","width":2560,"height":1856,"caption":"La Tribune du Faso"},"image":{"@id":"https:\/\/www.latribunedufaso.net\/#\/schema\/logo\/image\/"},"sameAs":["https:\/\/www.facebook.com\/LatribuneduFaso\/"]},{"@type":"Person","@id":"https:\/\/www.latribunedufaso.net\/#\/schema\/person\/e54e64c5778a7e72cf80a318b7a622b0","name":"Issouf Tapsoba","image":{"@type":"ImageObject","inLanguage":"fr-FR","@id":"https:\/\/secure.gravatar.com\/avatar\/5e6c05150ce3230247d167f5b94d678eb05936197436d69b7921e3a95c9107ac?s=96&d=mm&r=g","url":"https:\/\/secure.gravatar.com\/avatar\/5e6c05150ce3230247d167f5b94d678eb05936197436d69b7921e3a95c9107ac?s=96&d=mm&r=g","contentUrl":"https:\/\/secure.gravatar.com\/avatar\/5e6c05150ce3230247d167f5b94d678eb05936197436d69b7921e3a95c9107ac?s=96&d=mm&r=g","caption":"Issouf Tapsoba"},"url":"https:\/\/www.latribunedufaso.net\/?author=5"}]}},"_links":{"self":[{"href":"https:\/\/www.latribunedufaso.net\/index.php?rest_route=\/wp\/v2\/posts\/23386","targetHints":{"allow":["GET"]}}],"collection":[{"href":"https:\/\/www.latribunedufaso.net\/index.php?rest_route=\/wp\/v2\/posts"}],"about":[{"href":"https:\/\/www.latribunedufaso.net\/index.php?rest_route=\/wp\/v2\/types\/post"}],"author":[{"embeddable":true,"href":"https:\/\/www.latribunedufaso.net\/index.php?rest_route=\/wp\/v2\/users\/5"}],"replies":[{"embeddable":true,"href":"https:\/\/www.latribunedufaso.net\/index.php?rest_route=%2Fwp%2Fv2%2Fcomments&post=23386"}],"version-history":[{"count":2,"href":"https:\/\/www.latribunedufaso.net\/index.php?rest_route=\/wp\/v2\/posts\/23386\/revisions"}],"predecessor-version":[{"id":23391,"href":"https:\/\/www.latribunedufaso.net\/index.php?rest_route=\/wp\/v2\/posts\/23386\/revisions\/23391"}],"wp:featuredmedia":[{"embeddable":true,"href":"https:\/\/www.latribunedufaso.net\/index.php?rest_route=\/wp\/v2\/media\/23388"}],"wp:attachment":[{"href":"https:\/\/www.latribunedufaso.net\/index.php?rest_route=%2Fwp%2Fv2%2Fmedia&parent=23386"}],"wp:term":[{"taxonomy":"category","embeddable":true,"href":"https:\/\/www.latribunedufaso.net\/index.php?rest_route=%2Fwp%2Fv2%2Fcategories&post=23386"},{"taxonomy":"post_tag","embeddable":true,"href":"https:\/\/www.latribunedufaso.net\/index.php?rest_route=%2Fwp%2Fv2%2Ftags&post=23386"}],"curies":[{"name":"wp","href":"https:\/\/api.w.org\/{rel}","templated":true}]}}