{"id":23348,"date":"2025-09-07T02:15:18","date_gmt":"2025-09-07T02:15:18","guid":{"rendered":"https:\/\/www.latribunedufaso.net\/?p=23348"},"modified":"2025-09-07T09:32:33","modified_gmt":"2025-09-07T09:32:33","slug":"energies-renouvelables-et-autonomisation-des-jeunes-rendez-vous-du-25-au-27-septembre-a-koudougou-pour-la-3e-edition-de-africa-green-week-2025","status":"publish","type":"post","link":"https:\/\/www.latribunedufaso.net\/?p=23348","title":{"rendered":"\u200e\u00c9nergies renouvelables et autonomisation des jeunes : Rendez-vous du 25 au 27 septembre \u00e0 Koudougou pour la 3e \u00e9dition de\u00a0Africa Green Week 2025"},"content":{"rendered":"<p><strong>\u200eLa 3e \u00e9dition de Africa Green Week (AGW) se tiendra du 25 au 27 septembre 2025 \u00e0 Koudougou. L&rsquo;\u00e9v\u00e9nement, qui a vu le jour en 2023, s&rsquo;est rapidement impos\u00e9 comme une plateforme panafricaine d\u00e9di\u00e9e aux \u00e9changes et \u00e0 la co-construction de solutions climatiques adapt\u00e9es aux r\u00e9alit\u00e9s locales. Cette ann\u00e9e, la rencontre aura pour th\u00e8me <em>\u00ab \u00c9nergies renouvelables et autonomisation des jeunes : b\u00e2tir des alternatives durables \u00bb.<\/em><\/strong><!--more--><\/p>\n<p>\u200eL&rsquo;Afrique est confront\u00e9e \u00e0 un double d\u00e9fi : acc\u00e9l\u00e9rer sa transition \u00e9nerg\u00e9tique tout en offrant des perspectives \u00e0 une jeunesse active en qu\u00eate de solutions durables. C&rsquo;est dans ce contexte que l&rsquo;AGW rassemblera des experts, des entrepreneurs, des \u00e9tudiants, des ONG et des acteurs publics et priv\u00e9s pour aborder des sujets tels que l&rsquo;innovation \u00e9nerg\u00e9tique, l&rsquo;\u00e9conomie verte et la justice climatique[cite.<\/p>\n<h3>\u200eUn programme riche en nouveaut\u00e9s<\/h3>\n<p>\u200eLe programme de l&rsquo;Africa Green Week 2025 est vari\u00e9 et mettra l&rsquo;accent sur la pratique. En plus des conf\u00e9rences et des panels, des ateliers seront organis\u00e9s sur le prototypage solaire, le financement de projets verts ou encore la cartographie participative des besoins \u00e9nerg\u00e9tiques. Des expositions, des rencontres B2B et des activit\u00e9s communautaires comme le reboisement sont \u00e9galement pr\u00e9vues.<\/p>\n<p>\u200eLa grande nouveaut\u00e9 de cette \u00e9dition est le bootcamp intensif qui r\u00e9unira 40 jeunes s\u00e9lectionn\u00e9s. Durant 48 heures, ils participeront au hackathon entrepreneurial <em><strong>\u00ab Cr\u00e9e ton business vert en 48h \u00bb<\/strong><\/em>, o\u00f9 ils seront accompagn\u00e9s par des coachs pour transformer leurs id\u00e9es en projets concrets.<\/p>\n<p>\u200eLa meilleure \u00e9quipe remportera une enveloppe de 500 \u20ac pour affiner son concept et lancer son initiative. Cet espace vise \u00e0 stimuler la cr\u00e9ativit\u00e9 et \u00e0 donner aux jeunes leaders les moyens d&rsquo;agir pour un avenir durable.<\/p>\n<blockquote>\n<p>Lire aussi &gt;&gt; <a href=\"https:\/\/www.latribunedufaso.net\/?p=16505\">Africa Green Week 2024 : Mobiliser la jeunesse pour un avenir \u00e9cologique en Afrique<\/a><\/p>\n<\/blockquote>\n<p>\u200eEn pla\u00e7ant la jeunesse au c\u0153ur de son action, l&rsquo;Africa Green Week 2025 ambitionne de valoriser les initiatives locales, de favoriser l&rsquo;\u00e9mergence de politiques publiques vertes et de donner de la visibilit\u00e9 aux entreprises et start-ups engag\u00e9es dans la transition \u00e9cologique.<\/p>\n<p><strong>Latribunedufaso.net<\/strong><\/p>\n","protected":false},"excerpt":{"rendered":"<p>\u200eLa 3e \u00e9dition de Africa Green Week (AGW) se tiendra du 25 au 27 septembre 2025 \u00e0 Koudougou. L&rsquo;\u00e9v\u00e9nement, qui a vu le jour en 2023, s&rsquo;est rapidement impos\u00e9 comme une plateforme panafricaine d\u00e9di\u00e9e aux \u00e9changes et \u00e0 la co-construction de solutions climatiques adapt\u00e9es aux r\u00e9alit\u00e9s locales. Cette ann\u00e9e, la rencontre aura pour th\u00e8me \u00ab \u00c9nergies renouvelables et autonomisation des jeunes : b\u00e2tir des alternatives durables \u00bb.<\/p>\n","protected":false},"author":5,"featured_media":23350,"comment_status":"open","ping_status":"open","sticky":false,"template":"","format":"standard","meta":{"footnotes":""},"categories":[13,1,20,5],"tags":[366,194,1551,39],"class_list":["post-23348","post","type-post","status-publish","format-standard","has-post-thumbnail","hentry","category-une","category-actu","category-energie","category-envir","tag-africa-green-week","tag-changement-climatique","tag-energie-renouvelable","tag-latribunedufaso-net"],"yoast_head":"<!-- This site is optimized with the Yoast SEO plugin v27.4 - https:\/\/yoast.com\/product\/yoast-seo-wordpress\/ -->\n<title>\u200e\u00c9nergies renouvelables et autonomisation des jeunes : Rendez-vous du 25 au 27 septembre \u00e0 Koudougou pour la 3e \u00e9dition de\u00a0Africa Green Week 2025 - La Tribune du Faso<\/title>\n<meta name=\"robots\" content=\"index, follow, max-snippet:-1, max-image-preview:large, max-video-preview:-1\" \/>\n<link rel=\"canonical\" href=\"https:\/\/www.latribunedufaso.net\/?p=23348\" \/>\n<meta property=\"og:locale\" content=\"fr_FR\" \/>\n<meta property=\"og:type\" content=\"article\" \/>\n<meta property=\"og:title\" content=\"\u200e\u00c9nergies renouvelables et autonomisation des jeunes : Rendez-vous du 25 au 27 septembre \u00e0 Koudougou pour la 3e \u00e9dition de\u00a0Africa Green Week 2025 - La Tribune du Faso\" \/>\n<meta property=\"og:description\" content=\"\u200eLa 3e \u00e9dition de Africa Green Week (AGW) se tiendra du 25 au 27 septembre 2025 \u00e0 Koudougou. L&rsquo;\u00e9v\u00e9nement, qui a vu le jour en 2023, s&rsquo;est rapidement impos\u00e9 comme une plateforme panafricaine d\u00e9di\u00e9e aux \u00e9changes et \u00e0 la co-construction de solutions climatiques adapt\u00e9es aux r\u00e9alit\u00e9s locales. Cette ann\u00e9e, la rencontre aura pour th\u00e8me \u00ab \u00c9nergies renouvelables et autonomisation des jeunes : b\u00e2tir des alternatives durables \u00bb.\" \/>\n<meta property=\"og:url\" content=\"https:\/\/www.latribunedufaso.net\/?p=23348\" \/>\n<meta property=\"og:site_name\" content=\"La Tribune du Faso\" \/>\n<meta property=\"article:publisher\" content=\"https:\/\/www.facebook.com\/LatribuneduFaso\/\" \/>\n<meta property=\"article:published_time\" content=\"2025-09-07T02:15:18+00:00\" \/>\n<meta property=\"article:modified_time\" content=\"2025-09-07T09:32:33+00:00\" \/>\n<meta property=\"og:image\" content=\"https:\/\/www.latribunedufaso.net\/wp-content\/uploads\/2025\/09\/AGW2025.jpg\" \/>\n\t<meta property=\"og:image:width\" content=\"1536\" \/>\n\t<meta property=\"og:image:height\" content=\"1024\" \/>\n\t<meta property=\"og:image:type\" content=\"image\/jpeg\" \/>\n<meta name=\"author\" content=\"Issouf Tapsoba\" \/>\n<meta name=\"twitter:label1\" content=\"\u00c9crit par\" \/>\n\t<meta name=\"twitter:data1\" content=\"Issouf Tapsoba\" \/>\n\t<meta name=\"twitter:label2\" content=\"Dur\u00e9e de lecture estim\u00e9e\" \/>\n\t<meta name=\"twitter:data2\" content=\"2 minutes\" \/>\n<script type=\"application\/ld+json\" class=\"yoast-schema-graph\">{\"@context\":\"https:\\\/\\\/schema.org\",\"@graph\":[{\"@type\":\"Article\",\"@id\":\"https:\\\/\\\/www.latribunedufaso.net\\\/?p=23348#article\",\"isPartOf\":{\"@id\":\"https:\\\/\\\/www.latribunedufaso.net\\\/?p=23348\"},\"author\":{\"name\":\"Issouf Tapsoba\",\"@id\":\"https:\\\/\\\/www.latribunedufaso.net\\\/#\\\/schema\\\/person\\\/e54e64c5778a7e72cf80a318b7a622b0\"},\"headline\":\"\u200e\u00c9nergies renouvelables et autonomisation des jeunes : Rendez-vous du 25 au 27 septembre \u00e0 Koudougou pour la 3e \u00e9dition de\u00a0Africa Green Week 2025\",\"datePublished\":\"2025-09-07T02:15:18+00:00\",\"dateModified\":\"2025-09-07T09:32:33+00:00\",\"mainEntityOfPage\":{\"@id\":\"https:\\\/\\\/www.latribunedufaso.net\\\/?p=23348\"},\"wordCount\":376,\"commentCount\":0,\"publisher\":{\"@id\":\"https:\\\/\\\/www.latribunedufaso.net\\\/#organization\"},\"image\":{\"@id\":\"https:\\\/\\\/www.latribunedufaso.net\\\/?p=23348#primaryimage\"},\"thumbnailUrl\":\"https:\\\/\\\/www.latribunedufaso.net\\\/wp-content\\\/uploads\\\/2025\\\/09\\\/AGW2025.jpg\",\"keywords\":[\"Africa green week\",\"changement climatique\",\"\u00e9nergie renouvelable\",\"latribunedufaso.net\"],\"articleSection\":[\"A la une\",\"Actualit\u00e9\",\"Energie\",\"Environnement\"],\"inLanguage\":\"fr-FR\",\"potentialAction\":[{\"@type\":\"CommentAction\",\"name\":\"Comment\",\"target\":[\"https:\\\/\\\/www.latribunedufaso.net\\\/?p=23348#respond\"]}]},{\"@type\":\"WebPage\",\"@id\":\"https:\\\/\\\/www.latribunedufaso.net\\\/?p=23348\",\"url\":\"https:\\\/\\\/www.latribunedufaso.net\\\/?p=23348\",\"name\":\"\u200e\u00c9nergies renouvelables et autonomisation des jeunes : Rendez-vous du 25 au 27 septembre \u00e0 Koudougou pour la 3e \u00e9dition de\u00a0Africa Green Week 2025 - La Tribune du Faso\",\"isPartOf\":{\"@id\":\"https:\\\/\\\/www.latribunedufaso.net\\\/#website\"},\"primaryImageOfPage\":{\"@id\":\"https:\\\/\\\/www.latribunedufaso.net\\\/?p=23348#primaryimage\"},\"image\":{\"@id\":\"https:\\\/\\\/www.latribunedufaso.net\\\/?p=23348#primaryimage\"},\"thumbnailUrl\":\"https:\\\/\\\/www.latribunedufaso.net\\\/wp-content\\\/uploads\\\/2025\\\/09\\\/AGW2025.jpg\",\"datePublished\":\"2025-09-07T02:15:18+00:00\",\"dateModified\":\"2025-09-07T09:32:33+00:00\",\"breadcrumb\":{\"@id\":\"https:\\\/\\\/www.latribunedufaso.net\\\/?p=23348#breadcrumb\"},\"inLanguage\":\"fr-FR\",\"potentialAction\":[{\"@type\":\"ReadAction\",\"target\":[\"https:\\\/\\\/www.latribunedufaso.net\\\/?p=23348\"]}]},{\"@type\":\"ImageObject\",\"inLanguage\":\"fr-FR\",\"@id\":\"https:\\\/\\\/www.latribunedufaso.net\\\/?p=23348#primaryimage\",\"url\":\"https:\\\/\\\/www.latribunedufaso.net\\\/wp-content\\\/uploads\\\/2025\\\/09\\\/AGW2025.jpg\",\"contentUrl\":\"https:\\\/\\\/www.latribunedufaso.net\\\/wp-content\\\/uploads\\\/2025\\\/09\\\/AGW2025.jpg\",\"width\":1536,\"height\":1024,\"caption\":\"Annonce 3e \u00e9dition de Africa Green Week (AGW)\"},{\"@type\":\"BreadcrumbList\",\"@id\":\"https:\\\/\\\/www.latribunedufaso.net\\\/?p=23348#breadcrumb\",\"itemListElement\":[{\"@type\":\"ListItem\",\"position\":1,\"name\":\"Accueil\",\"item\":\"https:\\\/\\\/www.latribunedufaso.net\\\/\"},{\"@type\":\"ListItem\",\"position\":2,\"name\":\"\u200e\u00c9nergies renouvelables et autonomisation des jeunes : Rendez-vous du 25 au 27 septembre \u00e0 Koudougou pour la 3e \u00e9dition de\u00a0Africa Green Week 2025\"}]},{\"@type\":\"WebSite\",\"@id\":\"https:\\\/\\\/www.latribunedufaso.net\\\/#website\",\"url\":\"https:\\\/\\\/www.latribunedufaso.net\\\/\",\"name\":\"La Tribune du Faso\",\"description\":\"L&#039;information du monde rural en un clic\",\"publisher\":{\"@id\":\"https:\\\/\\\/www.latribunedufaso.net\\\/#organization\"},\"potentialAction\":[{\"@type\":\"SearchAction\",\"target\":{\"@type\":\"EntryPoint\",\"urlTemplate\":\"https:\\\/\\\/www.latribunedufaso.net\\\/?s={search_term_string}\"},\"query-input\":{\"@type\":\"PropertyValueSpecification\",\"valueRequired\":true,\"valueName\":\"search_term_string\"}}],\"inLanguage\":\"fr-FR\"},{\"@type\":\"Organization\",\"@id\":\"https:\\\/\\\/www.latribunedufaso.net\\\/#organization\",\"name\":\"La Tribune du Faso\",\"url\":\"https:\\\/\\\/www.latribunedufaso.net\\\/\",\"logo\":{\"@type\":\"ImageObject\",\"inLanguage\":\"fr-FR\",\"@id\":\"https:\\\/\\\/www.latribunedufaso.net\\\/#\\\/schema\\\/logo\\\/image\\\/\",\"url\":\"https:\\\/\\\/www.latribunedufaso.net\\\/wp-content\\\/uploads\\\/2020\\\/08\\\/Logo-Tribune-du-Faso-final-scaled.jpg\",\"contentUrl\":\"https:\\\/\\\/www.latribunedufaso.net\\\/wp-content\\\/uploads\\\/2020\\\/08\\\/Logo-Tribune-du-Faso-final-scaled.jpg\",\"width\":2560,\"height\":1856,\"caption\":\"La Tribune du Faso\"},\"image\":{\"@id\":\"https:\\\/\\\/www.latribunedufaso.net\\\/#\\\/schema\\\/logo\\\/image\\\/\"},\"sameAs\":[\"https:\\\/\\\/www.facebook.com\\\/LatribuneduFaso\\\/\"]},{\"@type\":\"Person\",\"@id\":\"https:\\\/\\\/www.latribunedufaso.net\\\/#\\\/schema\\\/person\\\/e54e64c5778a7e72cf80a318b7a622b0\",\"name\":\"Issouf Tapsoba\",\"image\":{\"@type\":\"ImageObject\",\"inLanguage\":\"fr-FR\",\"@id\":\"https:\\\/\\\/secure.gravatar.com\\\/avatar\\\/5e6c05150ce3230247d167f5b94d678eb05936197436d69b7921e3a95c9107ac?s=96&d=mm&r=g\",\"url\":\"https:\\\/\\\/secure.gravatar.com\\\/avatar\\\/5e6c05150ce3230247d167f5b94d678eb05936197436d69b7921e3a95c9107ac?s=96&d=mm&r=g\",\"contentUrl\":\"https:\\\/\\\/secure.gravatar.com\\\/avatar\\\/5e6c05150ce3230247d167f5b94d678eb05936197436d69b7921e3a95c9107ac?s=96&d=mm&r=g\",\"caption\":\"Issouf Tapsoba\"},\"url\":\"https:\\\/\\\/www.latribunedufaso.net\\\/?author=5\"}]}<\/script>\n<!-- \/ Yoast SEO plugin. -->","yoast_head_json":{"title":"\u200e\u00c9nergies renouvelables et autonomisation des jeunes : Rendez-vous du 25 au 27 septembre \u00e0 Koudougou pour la 3e \u00e9dition de\u00a0Africa Green Week 2025 - La Tribune du Faso","robots":{"index":"index","follow":"follow","max-snippet":"max-snippet:-1","max-image-preview":"max-image-preview:large","max-video-preview":"max-video-preview:-1"},"canonical":"https:\/\/www.latribunedufaso.net\/?p=23348","og_locale":"fr_FR","og_type":"article","og_title":"\u200e\u00c9nergies renouvelables et autonomisation des jeunes : Rendez-vous du 25 au 27 septembre \u00e0 Koudougou pour la 3e \u00e9dition de\u00a0Africa Green Week 2025 - La Tribune du Faso","og_description":"\u200eLa 3e \u00e9dition de Africa Green Week (AGW) se tiendra du 25 au 27 septembre 2025 \u00e0 Koudougou. L&rsquo;\u00e9v\u00e9nement, qui a vu le jour en 2023, s&rsquo;est rapidement impos\u00e9 comme une plateforme panafricaine d\u00e9di\u00e9e aux \u00e9changes et \u00e0 la co-construction de solutions climatiques adapt\u00e9es aux r\u00e9alit\u00e9s locales. Cette ann\u00e9e, la rencontre aura pour th\u00e8me \u00ab \u00c9nergies renouvelables et autonomisation des jeunes : b\u00e2tir des alternatives durables \u00bb.","og_url":"https:\/\/www.latribunedufaso.net\/?p=23348","og_site_name":"La Tribune du Faso","article_publisher":"https:\/\/www.facebook.com\/LatribuneduFaso\/","article_published_time":"2025-09-07T02:15:18+00:00","article_modified_time":"2025-09-07T09:32:33+00:00","og_image":[{"width":1536,"height":1024,"url":"https:\/\/www.latribunedufaso.net\/wp-content\/uploads\/2025\/09\/AGW2025.jpg","type":"image\/jpeg"}],"author":"Issouf Tapsoba","twitter_misc":{"\u00c9crit par":"Issouf Tapsoba","Dur\u00e9e de lecture estim\u00e9e":"2 minutes"},"schema":{"@context":"https:\/\/schema.org","@graph":[{"@type":"Article","@id":"https:\/\/www.latribunedufaso.net\/?p=23348#article","isPartOf":{"@id":"https:\/\/www.latribunedufaso.net\/?p=23348"},"author":{"name":"Issouf Tapsoba","@id":"https:\/\/www.latribunedufaso.net\/#\/schema\/person\/e54e64c5778a7e72cf80a318b7a622b0"},"headline":"\u200e\u00c9nergies renouvelables et autonomisation des jeunes : Rendez-vous du 25 au 27 septembre \u00e0 Koudougou pour la 3e \u00e9dition de\u00a0Africa Green Week 2025","datePublished":"2025-09-07T02:15:18+00:00","dateModified":"2025-09-07T09:32:33+00:00","mainEntityOfPage":{"@id":"https:\/\/www.latribunedufaso.net\/?p=23348"},"wordCount":376,"commentCount":0,"publisher":{"@id":"https:\/\/www.latribunedufaso.net\/#organization"},"image":{"@id":"https:\/\/www.latribunedufaso.net\/?p=23348#primaryimage"},"thumbnailUrl":"https:\/\/www.latribunedufaso.net\/wp-content\/uploads\/2025\/09\/AGW2025.jpg","keywords":["Africa green week","changement climatique","\u00e9nergie renouvelable","latribunedufaso.net"],"articleSection":["A la une","Actualit\u00e9","Energie","Environnement"],"inLanguage":"fr-FR","potentialAction":[{"@type":"CommentAction","name":"Comment","target":["https:\/\/www.latribunedufaso.net\/?p=23348#respond"]}]},{"@type":"WebPage","@id":"https:\/\/www.latribunedufaso.net\/?p=23348","url":"https:\/\/www.latribunedufaso.net\/?p=23348","name":"\u200e\u00c9nergies renouvelables et autonomisation des jeunes : Rendez-vous du 25 au 27 septembre \u00e0 Koudougou pour la 3e \u00e9dition de\u00a0Africa Green Week 2025 - La Tribune du Faso","isPartOf":{"@id":"https:\/\/www.latribunedufaso.net\/#website"},"primaryImageOfPage":{"@id":"https:\/\/www.latribunedufaso.net\/?p=23348#primaryimage"},"image":{"@id":"https:\/\/www.latribunedufaso.net\/?p=23348#primaryimage"},"thumbnailUrl":"https:\/\/www.latribunedufaso.net\/wp-content\/uploads\/2025\/09\/AGW2025.jpg","datePublished":"2025-09-07T02:15:18+00:00","dateModified":"2025-09-07T09:32:33+00:00","breadcrumb":{"@id":"https:\/\/www.latribunedufaso.net\/?p=23348#breadcrumb"},"inLanguage":"fr-FR","potentialAction":[{"@type":"ReadAction","target":["https:\/\/www.latribunedufaso.net\/?p=23348"]}]},{"@type":"ImageObject","inLanguage":"fr-FR","@id":"https:\/\/www.latribunedufaso.net\/?p=23348#primaryimage","url":"https:\/\/www.latribunedufaso.net\/wp-content\/uploads\/2025\/09\/AGW2025.jpg","contentUrl":"https:\/\/www.latribunedufaso.net\/wp-content\/uploads\/2025\/09\/AGW2025.jpg","width":1536,"height":1024,"caption":"Annonce 3e \u00e9dition de Africa Green Week (AGW)"},{"@type":"BreadcrumbList","@id":"https:\/\/www.latribunedufaso.net\/?p=23348#breadcrumb","itemListElement":[{"@type":"ListItem","position":1,"name":"Accueil","item":"https:\/\/www.latribunedufaso.net\/"},{"@type":"ListItem","position":2,"name":"\u200e\u00c9nergies renouvelables et autonomisation des jeunes : Rendez-vous du 25 au 27 septembre \u00e0 Koudougou pour la 3e \u00e9dition de\u00a0Africa Green Week 2025"}]},{"@type":"WebSite","@id":"https:\/\/www.latribunedufaso.net\/#website","url":"https:\/\/www.latribunedufaso.net\/","name":"La Tribune du Faso","description":"L&#039;information du monde rural en un clic","publisher":{"@id":"https:\/\/www.latribunedufaso.net\/#organization"},"potentialAction":[{"@type":"SearchAction","target":{"@type":"EntryPoint","urlTemplate":"https:\/\/www.latribunedufaso.net\/?s={search_term_string}"},"query-input":{"@type":"PropertyValueSpecification","valueRequired":true,"valueName":"search_term_string"}}],"inLanguage":"fr-FR"},{"@type":"Organization","@id":"https:\/\/www.latribunedufaso.net\/#organization","name":"La Tribune du Faso","url":"https:\/\/www.latribunedufaso.net\/","logo":{"@type":"ImageObject","inLanguage":"fr-FR","@id":"https:\/\/www.latribunedufaso.net\/#\/schema\/logo\/image\/","url":"https:\/\/www.latribunedufaso.net\/wp-content\/uploads\/2020\/08\/Logo-Tribune-du-Faso-final-scaled.jpg","contentUrl":"https:\/\/www.latribunedufaso.net\/wp-content\/uploads\/2020\/08\/Logo-Tribune-du-Faso-final-scaled.jpg","width":2560,"height":1856,"caption":"La Tribune du Faso"},"image":{"@id":"https:\/\/www.latribunedufaso.net\/#\/schema\/logo\/image\/"},"sameAs":["https:\/\/www.facebook.com\/LatribuneduFaso\/"]},{"@type":"Person","@id":"https:\/\/www.latribunedufaso.net\/#\/schema\/person\/e54e64c5778a7e72cf80a318b7a622b0","name":"Issouf Tapsoba","image":{"@type":"ImageObject","inLanguage":"fr-FR","@id":"https:\/\/secure.gravatar.com\/avatar\/5e6c05150ce3230247d167f5b94d678eb05936197436d69b7921e3a95c9107ac?s=96&d=mm&r=g","url":"https:\/\/secure.gravatar.com\/avatar\/5e6c05150ce3230247d167f5b94d678eb05936197436d69b7921e3a95c9107ac?s=96&d=mm&r=g","contentUrl":"https:\/\/secure.gravatar.com\/avatar\/5e6c05150ce3230247d167f5b94d678eb05936197436d69b7921e3a95c9107ac?s=96&d=mm&r=g","caption":"Issouf Tapsoba"},"url":"https:\/\/www.latribunedufaso.net\/?author=5"}]}},"_links":{"self":[{"href":"https:\/\/www.latribunedufaso.net\/index.php?rest_route=\/wp\/v2\/posts\/23348","targetHints":{"allow":["GET"]}}],"collection":[{"href":"https:\/\/www.latribunedufaso.net\/index.php?rest_route=\/wp\/v2\/posts"}],"about":[{"href":"https:\/\/www.latribunedufaso.net\/index.php?rest_route=\/wp\/v2\/types\/post"}],"author":[{"embeddable":true,"href":"https:\/\/www.latribunedufaso.net\/index.php?rest_route=\/wp\/v2\/users\/5"}],"replies":[{"embeddable":true,"href":"https:\/\/www.latribunedufaso.net\/index.php?rest_route=%2Fwp%2Fv2%2Fcomments&post=23348"}],"version-history":[{"count":4,"href":"https:\/\/www.latribunedufaso.net\/index.php?rest_route=\/wp\/v2\/posts\/23348\/revisions"}],"predecessor-version":[{"id":23359,"href":"https:\/\/www.latribunedufaso.net\/index.php?rest_route=\/wp\/v2\/posts\/23348\/revisions\/23359"}],"wp:featuredmedia":[{"embeddable":true,"href":"https:\/\/www.latribunedufaso.net\/index.php?rest_route=\/wp\/v2\/media\/23350"}],"wp:attachment":[{"href":"https:\/\/www.latribunedufaso.net\/index.php?rest_route=%2Fwp%2Fv2%2Fmedia&parent=23348"}],"wp:term":[{"taxonomy":"category","embeddable":true,"href":"https:\/\/www.latribunedufaso.net\/index.php?rest_route=%2Fwp%2Fv2%2Fcategories&post=23348"},{"taxonomy":"post_tag","embeddable":true,"href":"https:\/\/www.latribunedufaso.net\/index.php?rest_route=%2Fwp%2Fv2%2Ftags&post=23348"}],"curies":[{"name":"wp","href":"https:\/\/api.w.org\/{rel}","templated":true}]}}