{"id":23296,"date":"2025-09-04T20:22:41","date_gmt":"2025-09-04T20:22:41","guid":{"rendered":"https:\/\/www.latribunedufaso.net\/?p=23296"},"modified":"2025-09-04T20:25:06","modified_gmt":"2025-09-04T20:25:06","slug":"23296","status":"publish","type":"post","link":"https:\/\/www.latribunedufaso.net\/?p=23296","title":{"rendered":"Fonction publique : R\u00e9vocation de 21 agents pour usage de faux dipl\u00f4mes (Conseil des ministres)"},"content":{"rendered":"<p><strong>Le Pr\u00e9sident du Faso, Chef de l\u2019\u00c9tat, le Capitaine Ibrahim TRAOR\u00c9 a pr\u00e9sid\u00e9, ce jeudi 4 septembre 2025 l\u2019hebdomadaire Conseil des ministres. Cette session ordinaire a examin\u00e9 et adopt\u00e9 plusieurs dossiers conform\u00e9ment aux objectifs de la R\u00e9volution progressiste populaire, selon le Ministre Porte-parole du Gouvernement, Pingdwend\u00e9 Gilbert OUEDRAOGO.<\/strong><!--more--><\/p>\n<p>Au titre du minist\u00e8re de l\u2019\u00c9conomie et des Finances, le Conseil a adopt\u00e9 un projet de loi de finance rectificative de l&rsquo;ex\u00e9cution du budget de l&rsquo;\u00c9tat exercice 2025. <em><strong>\u00ab Apr\u00e8s la revue \u00e0 mi-parcours il s\u2019est av\u00e9r\u00e9 que l&rsquo;\u00c9tat a r\u00e9alis\u00e9 de bonnes performances en mati\u00e8re de recouvrement des recettes. Ces bonnes performances ont justifi\u00e9 que l&rsquo;ex\u00e9cutif adopte une loi de finance rectificative afin de faire une nouvelle ouverture de recettes pour faire face aux d\u00e9penses prioritaires \u00bb,<\/strong><\/em> indique le Ministre charg\u00e9 de l\u2019\u00c9conomie, Aboubakar NACANABO. A ce titre, il a \u00e9t\u00e9 ouvert des recettes \u00e0 hauteur de 150 milliards FCFA pour faire face \u00e0 des d\u00e9penses importantes, notamment des d\u00e9penses d&rsquo;investissement et des d\u00e9penses structurantes.<\/p>\n<figure id=\"attachment_23298\" aria-describedby=\"caption-attachment-23298\" style=\"width: 1600px\" class=\"wp-caption aligncenter\"><a href=\"https:\/\/www.latribunedufaso.net\/wp-content\/uploads\/2025\/09\/FB_IMG_1757016539296.jpg\"><img loading=\"lazy\" decoding=\"async\" class=\"size-full wp-image-23298\" src=\"https:\/\/www.latribunedufaso.net\/wp-content\/uploads\/2025\/09\/FB_IMG_1757016539296.jpg\" alt=\"Conseil des ministres du 4 septembre 2025\" width=\"1600\" height=\"1066\" srcset=\"https:\/\/www.latribunedufaso.net\/wp-content\/uploads\/2025\/09\/FB_IMG_1757016539296.jpg 1600w, https:\/\/www.latribunedufaso.net\/wp-content\/uploads\/2025\/09\/FB_IMG_1757016539296-300x200.jpg 300w, https:\/\/www.latribunedufaso.net\/wp-content\/uploads\/2025\/09\/FB_IMG_1757016539296-1024x682.jpg 1024w, https:\/\/www.latribunedufaso.net\/wp-content\/uploads\/2025\/09\/FB_IMG_1757016539296-768x512.jpg 768w, https:\/\/www.latribunedufaso.net\/wp-content\/uploads\/2025\/09\/FB_IMG_1757016539296-1536x1023.jpg 1536w, https:\/\/www.latribunedufaso.net\/wp-content\/uploads\/2025\/09\/FB_IMG_1757016539296-840x560.jpg 840w, https:\/\/www.latribunedufaso.net\/wp-content\/uploads\/2025\/09\/FB_IMG_1757016539296-120x80.jpg 120w, https:\/\/www.latribunedufaso.net\/wp-content\/uploads\/2025\/09\/FB_IMG_1757016539296-360x240.jpg 360w, https:\/\/www.latribunedufaso.net\/wp-content\/uploads\/2025\/09\/FB_IMG_1757016539296-600x400.jpg 600w\" sizes=\"auto, (max-width: 1600px) 100vw, 1600px\" \/><\/a><figcaption id=\"caption-attachment-23298\" class=\"wp-caption-text\">Ministre de l&rsquo;\u00c9conomie et des Finances, Aboubacar Nacanabo &#8211; Ph. DR<\/figcaption><\/figure>\n<p>Par ailleurs le Conseil a d\u00e9cid\u00e9 de la modification du Code g\u00e9n\u00e9ral des Imp\u00f4ts. Dans l\u2019objectif d\u2019accompagner l\u2019offensive agro-pastorale et halieutique, le Conseil a d\u00e9cid\u00e9 de l\u2019exon\u00e9ration de l\u2019aliment poisson de la TVA. Aussi, cette modification introduit une taxe sur les parcelles non-mises en valeur, selon le Ministre NACANABO. Le montant de la taxe varie de 750 FCFA \u00e0 1000 FCFA par m\u00e8tre carr\u00e9 selon la zone. Cette taxe va augmenter de 20% chaque ann\u00e9e, indique-t-il.\u00a0<\/p>\n<p>Pour le compte du minist\u00e8re des Affaires \u00e9trang\u00e8res, de la Coop\u00e9ration r\u00e9gionale et des Burkinab\u00e8 de l&rsquo;Ext\u00e9rieur, le Conseil a adopt\u00e9 un d\u00e9cret portant conditions g\u00e9n\u00e9rales d&rsquo;affectation et de s\u00e9jour, ainsi que les modalit\u00e9s de r\u00e9mun\u00e9ration et les avantages applicables au personnel des missions diplomatiques et postes consulaires du Burkina Faso.\u00a0<\/p>\n<figure id=\"attachment_23300\" aria-describedby=\"caption-attachment-23300\" style=\"width: 1600px\" class=\"wp-caption aligncenter\"><a href=\"https:\/\/www.latribunedufaso.net\/wp-content\/uploads\/2025\/09\/FB_IMG_1757016527268.jpg\"><img loading=\"lazy\" decoding=\"async\" class=\"size-full wp-image-23300\" src=\"https:\/\/www.latribunedufaso.net\/wp-content\/uploads\/2025\/09\/FB_IMG_1757016527268.jpg\" alt=\"Conseil des ministres du 4 septembre 2025\" width=\"1600\" height=\"1066\" srcset=\"https:\/\/www.latribunedufaso.net\/wp-content\/uploads\/2025\/09\/FB_IMG_1757016527268.jpg 1600w, https:\/\/www.latribunedufaso.net\/wp-content\/uploads\/2025\/09\/FB_IMG_1757016527268-300x200.jpg 300w, https:\/\/www.latribunedufaso.net\/wp-content\/uploads\/2025\/09\/FB_IMG_1757016527268-1024x682.jpg 1024w, https:\/\/www.latribunedufaso.net\/wp-content\/uploads\/2025\/09\/FB_IMG_1757016527268-768x512.jpg 768w, https:\/\/www.latribunedufaso.net\/wp-content\/uploads\/2025\/09\/FB_IMG_1757016527268-1536x1023.jpg 1536w, https:\/\/www.latribunedufaso.net\/wp-content\/uploads\/2025\/09\/FB_IMG_1757016527268-840x560.jpg 840w, https:\/\/www.latribunedufaso.net\/wp-content\/uploads\/2025\/09\/FB_IMG_1757016527268-120x80.jpg 120w, https:\/\/www.latribunedufaso.net\/wp-content\/uploads\/2025\/09\/FB_IMG_1757016527268-360x240.jpg 360w, https:\/\/www.latribunedufaso.net\/wp-content\/uploads\/2025\/09\/FB_IMG_1757016527268-600x400.jpg 600w\" sizes=\"auto, (max-width: 1600px) 100vw, 1600px\" \/><\/a><figcaption id=\"caption-attachment-23300\" class=\"wp-caption-text\">Minist\u00e8re charg\u00e9 des Affaires \u00e9trang\u00e8res, Karamoko Jean Marie TRAOR\u00c9 &#8211; Ph. DR<\/figcaption><\/figure>\n<p><em><strong>\u00ab Ce d\u00e9cret fixe une nouvelle grille indiciaire pour tous les agents qui sont affect\u00e9s en ambassade, limite les prises en charge des titres de voyage et de l&rsquo;assurance aux seuls agents affect\u00e9s en ambassade, supprime la prise en charge des frais de scolarit\u00e9 \u00bb,<\/strong><\/em> indique le ministre Karamoko Jean Marie TRAOR\u00c9. Ce d\u00e9cret vise la rationalisation des d\u00e9penses de l&rsquo;\u00c9tat en vue d&rsquo;acc\u00e9l\u00e9rer le processus de relance \u00e9conomique du pays.<\/p>\n<p>Au titre du minist\u00e8re de la Justice et des Droits humains, charg\u00e9 des Relations avec les Institutions, le Conseil a adopt\u00e9 un rapport relatif \u00e0 un projet de loi portant d\u00e9termination des m\u00e9canismes traditionnels de r\u00e8glement des diff\u00e9rends d\u00e9nomm\u00e9 \u00ab<em><strong> Loi Faso Bukaore \u00bb<\/strong> <\/em>en langue nationale moor\u00e9.<\/p>\n<p>Ministre charg\u00e9 de la Justice, Edasso Rodrigue Bayala &#8211; Ph. DR<\/p>\n<p>Selon le Ministre charg\u00e9 de la Justice, Edasso Rodrigue BAYALA, il s&rsquo;agit d&rsquo;instituer dans chaque secteur et village une instance<em><strong> \u00ab Bukaore \u00bb<\/strong><\/em> qui permet qu\u2019en cas de conflit, les partis puissent faire recours \u00e0 cette instance d&rsquo;abord pour r\u00e9gler leurs diff\u00e9rends. <em><strong>\u00ab Il y aura une cha\u00eene de transmission pour assurer cette compl\u00e9mentarit\u00e9 entre les juridictions classiques existantes et ces instances traditionnelles de r\u00e8glement des diff\u00e9rends \u00bb<\/strong><\/em>, note le ministre.<\/p>\n<h3>R\u00e9vocation d&rsquo;agents publics pour falsification des dipl\u00f4mes<\/h3>\n<p>Au titre du minist\u00e8re de la Fonction publique, du Travail et de la Protection sociale, le Conseil a adopt\u00e9 un d\u00e9cret instituant une clause prioritaire de servir l&rsquo;\u00c9tat et un rapport portant r\u00e9vocation d&rsquo;agents publics pour falsification des dipl\u00f4mes \u00e0 l&rsquo;occasion de leur recrutement ou promotion dans la Fonction publique.<\/p>\n<figure id=\"attachment_23297\" aria-describedby=\"caption-attachment-23297\" style=\"width: 1600px\" class=\"wp-caption aligncenter\"><a href=\"https:\/\/www.latribunedufaso.net\/wp-content\/uploads\/2025\/09\/FB_IMG_1757016544224.jpg\"><img loading=\"lazy\" decoding=\"async\" class=\"size-full wp-image-23297\" src=\"https:\/\/www.latribunedufaso.net\/wp-content\/uploads\/2025\/09\/FB_IMG_1757016544224.jpg\" alt=\"Conseil des ministres du 4 septembre 2025\" width=\"1600\" height=\"1066\" srcset=\"https:\/\/www.latribunedufaso.net\/wp-content\/uploads\/2025\/09\/FB_IMG_1757016544224.jpg 1600w, https:\/\/www.latribunedufaso.net\/wp-content\/uploads\/2025\/09\/FB_IMG_1757016544224-300x200.jpg 300w, https:\/\/www.latribunedufaso.net\/wp-content\/uploads\/2025\/09\/FB_IMG_1757016544224-1024x682.jpg 1024w, https:\/\/www.latribunedufaso.net\/wp-content\/uploads\/2025\/09\/FB_IMG_1757016544224-768x512.jpg 768w, https:\/\/www.latribunedufaso.net\/wp-content\/uploads\/2025\/09\/FB_IMG_1757016544224-1536x1023.jpg 1536w, https:\/\/www.latribunedufaso.net\/wp-content\/uploads\/2025\/09\/FB_IMG_1757016544224-840x560.jpg 840w, https:\/\/www.latribunedufaso.net\/wp-content\/uploads\/2025\/09\/FB_IMG_1757016544224-120x80.jpg 120w, https:\/\/www.latribunedufaso.net\/wp-content\/uploads\/2025\/09\/FB_IMG_1757016544224-360x240.jpg 360w, https:\/\/www.latribunedufaso.net\/wp-content\/uploads\/2025\/09\/FB_IMG_1757016544224-600x400.jpg 600w\" sizes=\"auto, (max-width: 1600px) 100vw, 1600px\" \/><\/a><figcaption id=\"caption-attachment-23297\" class=\"wp-caption-text\">Le ministre charg\u00e9 de la Fonction publique, Mathias Traor\u00e9 &#8211; Ph. DR<\/figcaption><\/figure>\n<p>Selon le Ministre charg\u00e9 de la Fonction publique, Mathias TRAOR\u00c9, la clause prioritaire de servir l&rsquo;\u00c9tat implique pour l&rsquo;agent public de rester \u00e0 la disposition de l&rsquo;\u00c9tat au moins pendant 15 ans, dur\u00e9e n\u00e9cessaire pour une retraite proportionnelle. Il pr\u00e9cise qu\u2019\u00e0 d\u00e9faut de se mettre \u00e0 la disposition de l&rsquo;\u00c9tat, l\u2019agent se voit dans l&rsquo;obligation de rembourser tous les frais de formation que l&rsquo;\u00c9tat a engag\u00e9s.<\/p>\n<p>Le Conseil a aussi, au titre du minist\u00e8re de la Fonction publique et du Travail et de la Protection sociale, adopt\u00e9 neuf rapports de neuf d\u00e9partements minist\u00e9riels relatifs \u00e0 la r\u00e9vocation de 21 agents publics. Cette mesure traduit la ferme volont\u00e9 de Son Excellence le Capitaine Ibrahim TRAOR\u00c9, Pr\u00e9sident du Faso, de lutter contre la corruption et d&rsquo;assainir l\u2019administration publique, pr\u00e9cise le Ministre TRAOR\u00c9.<\/p>\n<blockquote>\n<p>Lire aussi &gt;&gt; <a href=\"https:\/\/www.latribunedufaso.net\/?p=22337\">Fonction publique : Le Conseil des ministres adopte un rapport pour r\u00e9gu<\/a>lariser la dette sociale\u00a0<\/p>\n<\/blockquote>\n<p>Enfin, le Conseil a d\u00e9cid\u00e9 que, pour compter de ce mois de septembre 2025, les sessions du Conseil des ministres vont d\u00e9sormais se tenir les jeudis au lieu des mercredis, a indiqu\u00e9 le Ministre Porte-parole du Gouvernement, Pingdwend\u00e9 Gilbert OUEDRAOGO.<\/p>\n<p><strong>Latribunedufaso.net<\/strong><\/p>\n<p><strong>Source : Direction de la Communication de la Pr\u00e9sidence du Faso<\/strong><\/p>\n","protected":false},"excerpt":{"rendered":"<p>Le Pr\u00e9sident du Faso, Chef de l\u2019\u00c9tat, le Capitaine Ibrahim TRAOR\u00c9 a pr\u00e9sid\u00e9, ce jeudi 4 septembre 2025 l\u2019hebdomadaire Conseil des ministres. Cette session ordinaire a examin\u00e9 et adopt\u00e9 plusieurs dossiers conform\u00e9ment aux objectifs de la R\u00e9volution progressiste populaire, selon le Ministre Porte-parole du Gouvernement, Pingdwend\u00e9 Gilbert OUEDRAOGO.<\/p>\n","protected":false},"author":5,"featured_media":23301,"comment_status":"open","ping_status":"open","sticky":false,"template":"","format":"standard","meta":{"footnotes":""},"categories":[13,1,21],"tags":[79,39,1543],"class_list":["post-23296","post","type-post","status-publish","format-standard","has-post-thumbnail","hentry","category-une","category-actu","category-conseil-des-ministres","tag-conseil-des-ministres","tag-latribunedufaso-net","tag-mecanismes-traditionnels-de-reglement-des-differends-denomme-loi-faso-bukaore"],"yoast_head":"<!-- This site is optimized with the Yoast SEO plugin v27.4 - https:\/\/yoast.com\/product\/yoast-seo-wordpress\/ -->\n<title>Fonction publique : R\u00e9vocation de 21 agents pour usage de faux dipl\u00f4mes (Conseil des ministres) - La Tribune du Faso<\/title>\n<meta name=\"robots\" content=\"index, follow, max-snippet:-1, max-image-preview:large, max-video-preview:-1\" \/>\n<link rel=\"canonical\" href=\"https:\/\/www.latribunedufaso.net\/?p=23296\" \/>\n<meta property=\"og:locale\" content=\"fr_FR\" \/>\n<meta property=\"og:type\" content=\"article\" \/>\n<meta property=\"og:title\" content=\"Fonction publique : R\u00e9vocation de 21 agents pour usage de faux dipl\u00f4mes (Conseil des ministres) - La Tribune du Faso\" \/>\n<meta property=\"og:description\" content=\"Le Pr\u00e9sident du Faso, Chef de l\u2019\u00c9tat, le Capitaine Ibrahim TRAOR\u00c9 a pr\u00e9sid\u00e9, ce jeudi 4 septembre 2025 l\u2019hebdomadaire Conseil des ministres. Cette session ordinaire a examin\u00e9 et adopt\u00e9 plusieurs dossiers conform\u00e9ment aux objectifs de la R\u00e9volution progressiste populaire, selon le Ministre Porte-parole du Gouvernement, Pingdwend\u00e9 Gilbert OUEDRAOGO.\" \/>\n<meta property=\"og:url\" content=\"https:\/\/www.latribunedufaso.net\/?p=23296\" \/>\n<meta property=\"og:site_name\" content=\"La Tribune du Faso\" \/>\n<meta property=\"article:publisher\" content=\"https:\/\/www.facebook.com\/LatribuneduFaso\/\" \/>\n<meta property=\"article:published_time\" content=\"2025-09-04T20:22:41+00:00\" \/>\n<meta property=\"article:modified_time\" content=\"2025-09-04T20:25:06+00:00\" \/>\n<meta property=\"og:image\" content=\"https:\/\/www.latribunedufaso.net\/wp-content\/uploads\/2025\/09\/IMG-20250904-WA0073.jpg\" \/>\n\t<meta property=\"og:image:width\" content=\"1600\" \/>\n\t<meta property=\"og:image:height\" content=\"1270\" \/>\n\t<meta property=\"og:image:type\" content=\"image\/jpeg\" \/>\n<meta name=\"author\" content=\"Issouf Tapsoba\" \/>\n<meta name=\"twitter:label1\" content=\"\u00c9crit par\" \/>\n\t<meta name=\"twitter:data1\" content=\"Issouf Tapsoba\" \/>\n\t<meta name=\"twitter:label2\" content=\"Dur\u00e9e de lecture estim\u00e9e\" \/>\n\t<meta name=\"twitter:data2\" content=\"4 minutes\" \/>\n<script type=\"application\/ld+json\" class=\"yoast-schema-graph\">{\"@context\":\"https:\\\/\\\/schema.org\",\"@graph\":[{\"@type\":\"Article\",\"@id\":\"https:\\\/\\\/www.latribunedufaso.net\\\/?p=23296#article\",\"isPartOf\":{\"@id\":\"https:\\\/\\\/www.latribunedufaso.net\\\/?p=23296\"},\"author\":{\"name\":\"Issouf Tapsoba\",\"@id\":\"https:\\\/\\\/www.latribunedufaso.net\\\/#\\\/schema\\\/person\\\/e54e64c5778a7e72cf80a318b7a622b0\"},\"headline\":\"Fonction publique : R\u00e9vocation de 21 agents pour usage de faux dipl\u00f4mes (Conseil des ministres)\",\"datePublished\":\"2025-09-04T20:22:41+00:00\",\"dateModified\":\"2025-09-04T20:25:06+00:00\",\"mainEntityOfPage\":{\"@id\":\"https:\\\/\\\/www.latribunedufaso.net\\\/?p=23296\"},\"wordCount\":905,\"commentCount\":0,\"publisher\":{\"@id\":\"https:\\\/\\\/www.latribunedufaso.net\\\/#organization\"},\"image\":{\"@id\":\"https:\\\/\\\/www.latribunedufaso.net\\\/?p=23296#primaryimage\"},\"thumbnailUrl\":\"https:\\\/\\\/www.latribunedufaso.net\\\/wp-content\\\/uploads\\\/2025\\\/09\\\/IMG-20250904-WA0073.jpg\",\"keywords\":[\"conseil des ministres\",\"latribunedufaso.net\",\"m\u00e9canismes traditionnels de r\u00e8glement des diff\u00e9rends d\u00e9nomm\u00e9 \u00ab Loi Faso Bukaore \u00bb\"],\"articleSection\":[\"A la une\",\"Actualit\u00e9\",\"Conseil des ministres\"],\"inLanguage\":\"fr-FR\",\"potentialAction\":[{\"@type\":\"CommentAction\",\"name\":\"Comment\",\"target\":[\"https:\\\/\\\/www.latribunedufaso.net\\\/?p=23296#respond\"]}]},{\"@type\":\"WebPage\",\"@id\":\"https:\\\/\\\/www.latribunedufaso.net\\\/?p=23296\",\"url\":\"https:\\\/\\\/www.latribunedufaso.net\\\/?p=23296\",\"name\":\"Fonction publique : R\u00e9vocation de 21 agents pour usage de faux dipl\u00f4mes (Conseil des ministres) - La Tribune du Faso\",\"isPartOf\":{\"@id\":\"https:\\\/\\\/www.latribunedufaso.net\\\/#website\"},\"primaryImageOfPage\":{\"@id\":\"https:\\\/\\\/www.latribunedufaso.net\\\/?p=23296#primaryimage\"},\"image\":{\"@id\":\"https:\\\/\\\/www.latribunedufaso.net\\\/?p=23296#primaryimage\"},\"thumbnailUrl\":\"https:\\\/\\\/www.latribunedufaso.net\\\/wp-content\\\/uploads\\\/2025\\\/09\\\/IMG-20250904-WA0073.jpg\",\"datePublished\":\"2025-09-04T20:22:41+00:00\",\"dateModified\":\"2025-09-04T20:25:06+00:00\",\"breadcrumb\":{\"@id\":\"https:\\\/\\\/www.latribunedufaso.net\\\/?p=23296#breadcrumb\"},\"inLanguage\":\"fr-FR\",\"potentialAction\":[{\"@type\":\"ReadAction\",\"target\":[\"https:\\\/\\\/www.latribunedufaso.net\\\/?p=23296\"]}]},{\"@type\":\"ImageObject\",\"inLanguage\":\"fr-FR\",\"@id\":\"https:\\\/\\\/www.latribunedufaso.net\\\/?p=23296#primaryimage\",\"url\":\"https:\\\/\\\/www.latribunedufaso.net\\\/wp-content\\\/uploads\\\/2025\\\/09\\\/IMG-20250904-WA0073.jpg\",\"contentUrl\":\"https:\\\/\\\/www.latribunedufaso.net\\\/wp-content\\\/uploads\\\/2025\\\/09\\\/IMG-20250904-WA0073.jpg\",\"width\":1600,\"height\":1270,\"caption\":\"Conseil des ministres du 4 septembre 2025\"},{\"@type\":\"BreadcrumbList\",\"@id\":\"https:\\\/\\\/www.latribunedufaso.net\\\/?p=23296#breadcrumb\",\"itemListElement\":[{\"@type\":\"ListItem\",\"position\":1,\"name\":\"Accueil\",\"item\":\"https:\\\/\\\/www.latribunedufaso.net\\\/\"},{\"@type\":\"ListItem\",\"position\":2,\"name\":\"Fonction publique : R\u00e9vocation de 21 agents pour usage de faux dipl\u00f4mes (Conseil des ministres)\"}]},{\"@type\":\"WebSite\",\"@id\":\"https:\\\/\\\/www.latribunedufaso.net\\\/#website\",\"url\":\"https:\\\/\\\/www.latribunedufaso.net\\\/\",\"name\":\"La Tribune du Faso\",\"description\":\"L&#039;information du monde rural en un clic\",\"publisher\":{\"@id\":\"https:\\\/\\\/www.latribunedufaso.net\\\/#organization\"},\"potentialAction\":[{\"@type\":\"SearchAction\",\"target\":{\"@type\":\"EntryPoint\",\"urlTemplate\":\"https:\\\/\\\/www.latribunedufaso.net\\\/?s={search_term_string}\"},\"query-input\":{\"@type\":\"PropertyValueSpecification\",\"valueRequired\":true,\"valueName\":\"search_term_string\"}}],\"inLanguage\":\"fr-FR\"},{\"@type\":\"Organization\",\"@id\":\"https:\\\/\\\/www.latribunedufaso.net\\\/#organization\",\"name\":\"La Tribune du Faso\",\"url\":\"https:\\\/\\\/www.latribunedufaso.net\\\/\",\"logo\":{\"@type\":\"ImageObject\",\"inLanguage\":\"fr-FR\",\"@id\":\"https:\\\/\\\/www.latribunedufaso.net\\\/#\\\/schema\\\/logo\\\/image\\\/\",\"url\":\"https:\\\/\\\/www.latribunedufaso.net\\\/wp-content\\\/uploads\\\/2020\\\/08\\\/Logo-Tribune-du-Faso-final-scaled.jpg\",\"contentUrl\":\"https:\\\/\\\/www.latribunedufaso.net\\\/wp-content\\\/uploads\\\/2020\\\/08\\\/Logo-Tribune-du-Faso-final-scaled.jpg\",\"width\":2560,\"height\":1856,\"caption\":\"La Tribune du Faso\"},\"image\":{\"@id\":\"https:\\\/\\\/www.latribunedufaso.net\\\/#\\\/schema\\\/logo\\\/image\\\/\"},\"sameAs\":[\"https:\\\/\\\/www.facebook.com\\\/LatribuneduFaso\\\/\"]},{\"@type\":\"Person\",\"@id\":\"https:\\\/\\\/www.latribunedufaso.net\\\/#\\\/schema\\\/person\\\/e54e64c5778a7e72cf80a318b7a622b0\",\"name\":\"Issouf Tapsoba\",\"image\":{\"@type\":\"ImageObject\",\"inLanguage\":\"fr-FR\",\"@id\":\"https:\\\/\\\/secure.gravatar.com\\\/avatar\\\/5e6c05150ce3230247d167f5b94d678eb05936197436d69b7921e3a95c9107ac?s=96&d=mm&r=g\",\"url\":\"https:\\\/\\\/secure.gravatar.com\\\/avatar\\\/5e6c05150ce3230247d167f5b94d678eb05936197436d69b7921e3a95c9107ac?s=96&d=mm&r=g\",\"contentUrl\":\"https:\\\/\\\/secure.gravatar.com\\\/avatar\\\/5e6c05150ce3230247d167f5b94d678eb05936197436d69b7921e3a95c9107ac?s=96&d=mm&r=g\",\"caption\":\"Issouf Tapsoba\"},\"url\":\"https:\\\/\\\/www.latribunedufaso.net\\\/?author=5\"}]}<\/script>\n<!-- \/ Yoast SEO plugin. -->","yoast_head_json":{"title":"Fonction publique : R\u00e9vocation de 21 agents pour usage de faux dipl\u00f4mes (Conseil des ministres) - La Tribune du Faso","robots":{"index":"index","follow":"follow","max-snippet":"max-snippet:-1","max-image-preview":"max-image-preview:large","max-video-preview":"max-video-preview:-1"},"canonical":"https:\/\/www.latribunedufaso.net\/?p=23296","og_locale":"fr_FR","og_type":"article","og_title":"Fonction publique : R\u00e9vocation de 21 agents pour usage de faux dipl\u00f4mes (Conseil des ministres) - La Tribune du Faso","og_description":"Le Pr\u00e9sident du Faso, Chef de l\u2019\u00c9tat, le Capitaine Ibrahim TRAOR\u00c9 a pr\u00e9sid\u00e9, ce jeudi 4 septembre 2025 l\u2019hebdomadaire Conseil des ministres. Cette session ordinaire a examin\u00e9 et adopt\u00e9 plusieurs dossiers conform\u00e9ment aux objectifs de la R\u00e9volution progressiste populaire, selon le Ministre Porte-parole du Gouvernement, Pingdwend\u00e9 Gilbert OUEDRAOGO.","og_url":"https:\/\/www.latribunedufaso.net\/?p=23296","og_site_name":"La Tribune du Faso","article_publisher":"https:\/\/www.facebook.com\/LatribuneduFaso\/","article_published_time":"2025-09-04T20:22:41+00:00","article_modified_time":"2025-09-04T20:25:06+00:00","og_image":[{"width":1600,"height":1270,"url":"https:\/\/www.latribunedufaso.net\/wp-content\/uploads\/2025\/09\/IMG-20250904-WA0073.jpg","type":"image\/jpeg"}],"author":"Issouf Tapsoba","twitter_misc":{"\u00c9crit par":"Issouf Tapsoba","Dur\u00e9e de lecture estim\u00e9e":"4 minutes"},"schema":{"@context":"https:\/\/schema.org","@graph":[{"@type":"Article","@id":"https:\/\/www.latribunedufaso.net\/?p=23296#article","isPartOf":{"@id":"https:\/\/www.latribunedufaso.net\/?p=23296"},"author":{"name":"Issouf Tapsoba","@id":"https:\/\/www.latribunedufaso.net\/#\/schema\/person\/e54e64c5778a7e72cf80a318b7a622b0"},"headline":"Fonction publique : R\u00e9vocation de 21 agents pour usage de faux dipl\u00f4mes (Conseil des ministres)","datePublished":"2025-09-04T20:22:41+00:00","dateModified":"2025-09-04T20:25:06+00:00","mainEntityOfPage":{"@id":"https:\/\/www.latribunedufaso.net\/?p=23296"},"wordCount":905,"commentCount":0,"publisher":{"@id":"https:\/\/www.latribunedufaso.net\/#organization"},"image":{"@id":"https:\/\/www.latribunedufaso.net\/?p=23296#primaryimage"},"thumbnailUrl":"https:\/\/www.latribunedufaso.net\/wp-content\/uploads\/2025\/09\/IMG-20250904-WA0073.jpg","keywords":["conseil des ministres","latribunedufaso.net","m\u00e9canismes traditionnels de r\u00e8glement des diff\u00e9rends d\u00e9nomm\u00e9 \u00ab Loi Faso Bukaore \u00bb"],"articleSection":["A la une","Actualit\u00e9","Conseil des ministres"],"inLanguage":"fr-FR","potentialAction":[{"@type":"CommentAction","name":"Comment","target":["https:\/\/www.latribunedufaso.net\/?p=23296#respond"]}]},{"@type":"WebPage","@id":"https:\/\/www.latribunedufaso.net\/?p=23296","url":"https:\/\/www.latribunedufaso.net\/?p=23296","name":"Fonction publique : R\u00e9vocation de 21 agents pour usage de faux dipl\u00f4mes (Conseil des ministres) - La Tribune du Faso","isPartOf":{"@id":"https:\/\/www.latribunedufaso.net\/#website"},"primaryImageOfPage":{"@id":"https:\/\/www.latribunedufaso.net\/?p=23296#primaryimage"},"image":{"@id":"https:\/\/www.latribunedufaso.net\/?p=23296#primaryimage"},"thumbnailUrl":"https:\/\/www.latribunedufaso.net\/wp-content\/uploads\/2025\/09\/IMG-20250904-WA0073.jpg","datePublished":"2025-09-04T20:22:41+00:00","dateModified":"2025-09-04T20:25:06+00:00","breadcrumb":{"@id":"https:\/\/www.latribunedufaso.net\/?p=23296#breadcrumb"},"inLanguage":"fr-FR","potentialAction":[{"@type":"ReadAction","target":["https:\/\/www.latribunedufaso.net\/?p=23296"]}]},{"@type":"ImageObject","inLanguage":"fr-FR","@id":"https:\/\/www.latribunedufaso.net\/?p=23296#primaryimage","url":"https:\/\/www.latribunedufaso.net\/wp-content\/uploads\/2025\/09\/IMG-20250904-WA0073.jpg","contentUrl":"https:\/\/www.latribunedufaso.net\/wp-content\/uploads\/2025\/09\/IMG-20250904-WA0073.jpg","width":1600,"height":1270,"caption":"Conseil des ministres du 4 septembre 2025"},{"@type":"BreadcrumbList","@id":"https:\/\/www.latribunedufaso.net\/?p=23296#breadcrumb","itemListElement":[{"@type":"ListItem","position":1,"name":"Accueil","item":"https:\/\/www.latribunedufaso.net\/"},{"@type":"ListItem","position":2,"name":"Fonction publique : R\u00e9vocation de 21 agents pour usage de faux dipl\u00f4mes (Conseil des ministres)"}]},{"@type":"WebSite","@id":"https:\/\/www.latribunedufaso.net\/#website","url":"https:\/\/www.latribunedufaso.net\/","name":"La Tribune du Faso","description":"L&#039;information du monde rural en un clic","publisher":{"@id":"https:\/\/www.latribunedufaso.net\/#organization"},"potentialAction":[{"@type":"SearchAction","target":{"@type":"EntryPoint","urlTemplate":"https:\/\/www.latribunedufaso.net\/?s={search_term_string}"},"query-input":{"@type":"PropertyValueSpecification","valueRequired":true,"valueName":"search_term_string"}}],"inLanguage":"fr-FR"},{"@type":"Organization","@id":"https:\/\/www.latribunedufaso.net\/#organization","name":"La Tribune du Faso","url":"https:\/\/www.latribunedufaso.net\/","logo":{"@type":"ImageObject","inLanguage":"fr-FR","@id":"https:\/\/www.latribunedufaso.net\/#\/schema\/logo\/image\/","url":"https:\/\/www.latribunedufaso.net\/wp-content\/uploads\/2020\/08\/Logo-Tribune-du-Faso-final-scaled.jpg","contentUrl":"https:\/\/www.latribunedufaso.net\/wp-content\/uploads\/2020\/08\/Logo-Tribune-du-Faso-final-scaled.jpg","width":2560,"height":1856,"caption":"La Tribune du Faso"},"image":{"@id":"https:\/\/www.latribunedufaso.net\/#\/schema\/logo\/image\/"},"sameAs":["https:\/\/www.facebook.com\/LatribuneduFaso\/"]},{"@type":"Person","@id":"https:\/\/www.latribunedufaso.net\/#\/schema\/person\/e54e64c5778a7e72cf80a318b7a622b0","name":"Issouf Tapsoba","image":{"@type":"ImageObject","inLanguage":"fr-FR","@id":"https:\/\/secure.gravatar.com\/avatar\/5e6c05150ce3230247d167f5b94d678eb05936197436d69b7921e3a95c9107ac?s=96&d=mm&r=g","url":"https:\/\/secure.gravatar.com\/avatar\/5e6c05150ce3230247d167f5b94d678eb05936197436d69b7921e3a95c9107ac?s=96&d=mm&r=g","contentUrl":"https:\/\/secure.gravatar.com\/avatar\/5e6c05150ce3230247d167f5b94d678eb05936197436d69b7921e3a95c9107ac?s=96&d=mm&r=g","caption":"Issouf Tapsoba"},"url":"https:\/\/www.latribunedufaso.net\/?author=5"}]}},"_links":{"self":[{"href":"https:\/\/www.latribunedufaso.net\/index.php?rest_route=\/wp\/v2\/posts\/23296","targetHints":{"allow":["GET"]}}],"collection":[{"href":"https:\/\/www.latribunedufaso.net\/index.php?rest_route=\/wp\/v2\/posts"}],"about":[{"href":"https:\/\/www.latribunedufaso.net\/index.php?rest_route=\/wp\/v2\/types\/post"}],"author":[{"embeddable":true,"href":"https:\/\/www.latribunedufaso.net\/index.php?rest_route=\/wp\/v2\/users\/5"}],"replies":[{"embeddable":true,"href":"https:\/\/www.latribunedufaso.net\/index.php?rest_route=%2Fwp%2Fv2%2Fcomments&post=23296"}],"version-history":[{"count":3,"href":"https:\/\/www.latribunedufaso.net\/index.php?rest_route=\/wp\/v2\/posts\/23296\/revisions"}],"predecessor-version":[{"id":23304,"href":"https:\/\/www.latribunedufaso.net\/index.php?rest_route=\/wp\/v2\/posts\/23296\/revisions\/23304"}],"wp:featuredmedia":[{"embeddable":true,"href":"https:\/\/www.latribunedufaso.net\/index.php?rest_route=\/wp\/v2\/media\/23301"}],"wp:attachment":[{"href":"https:\/\/www.latribunedufaso.net\/index.php?rest_route=%2Fwp%2Fv2%2Fmedia&parent=23296"}],"wp:term":[{"taxonomy":"category","embeddable":true,"href":"https:\/\/www.latribunedufaso.net\/index.php?rest_route=%2Fwp%2Fv2%2Fcategories&post=23296"},{"taxonomy":"post_tag","embeddable":true,"href":"https:\/\/www.latribunedufaso.net\/index.php?rest_route=%2Fwp%2Fv2%2Ftags&post=23296"}],"curies":[{"name":"wp","href":"https:\/\/api.w.org\/{rel}","templated":true}]}}