{"id":23281,"date":"2025-09-04T13:00:33","date_gmt":"2025-09-04T13:00:33","guid":{"rendered":"https:\/\/www.latribunedufaso.net\/?p=23281"},"modified":"2025-09-17T18:35:43","modified_gmt":"2025-09-17T18:35:43","slug":"soutien-a-linitiative-faso-mebo-les-chefs-de-circonscription-administrative-contribuent-a-plus-de-8-millions-fcfa","status":"publish","type":"post","link":"https:\/\/www.latribunedufaso.net\/?p=23281","title":{"rendered":"Soutien \u00e0 l\u2019initiative Faso M\u00eabo : Les Chefs de circonscription administrative du Kadiogo contribuent \u00e0 plus de 8 millions FCFA\u00a0"},"content":{"rendered":"<p><strong>Les Chefs de circonscription administrative ont exprim\u00e9, ce 4 septembre 2025 \u00e0 Ouagadougou, leur soutien \u00e0 l\u2019initiative pr\u00e9sidentielle Faso M\u00eabo \u00e0 travers un don en mat\u00e9riel et en intrants.<\/strong><!--more--><\/p>\n<p>Les Chefs de circonscription administrative (gouverneurs, secr\u00e9taires g\u00e9n\u00e9raux de r\u00e9gions, hauts-commissaires, secr\u00e9taires g\u00e9n\u00e9raux de provinces et pr\u00e9fets) ont manifest\u00e9 leur soutien \u00e0 l\u2019initiative Faso M\u00eabo \u00e0 travers un don remis ce 4 septembre 2025 \u00e0 Ouagadougou.<\/p>\n<figure id=\"attachment_23284\" aria-describedby=\"caption-attachment-23284\" style=\"width: 1152px\" class=\"wp-caption aligncenter\"><a href=\"https:\/\/www.latribunedufaso.net\/wp-content\/uploads\/2025\/09\/IMG-20250904-WA0019.jpg\"><img loading=\"lazy\" decoding=\"async\" class=\"size-full wp-image-23284\" src=\"https:\/\/www.latribunedufaso.net\/wp-content\/uploads\/2025\/09\/IMG-20250904-WA0019.jpg\" alt=\"Les Chefs de circonscription administrative ont fait un don \u00e0 l'initiative pr\u00e9sidentielle Faso M\u00eabo d'une valeur de plus de 8 millions FCFA, 4 septembre 2025\" width=\"1152\" height=\"864\" srcset=\"https:\/\/www.latribunedufaso.net\/wp-content\/uploads\/2025\/09\/IMG-20250904-WA0019.jpg 1152w, https:\/\/www.latribunedufaso.net\/wp-content\/uploads\/2025\/09\/IMG-20250904-WA0019-300x225.jpg 300w, https:\/\/www.latribunedufaso.net\/wp-content\/uploads\/2025\/09\/IMG-20250904-WA0019-1024x768.jpg 1024w, https:\/\/www.latribunedufaso.net\/wp-content\/uploads\/2025\/09\/IMG-20250904-WA0019-768x576.jpg 768w\" sizes=\"auto, (max-width: 1152px) 100vw, 1152px\" \/><\/a><figcaption id=\"caption-attachment-23284\" class=\"wp-caption-text\">Le porte-parole du groupe, Adama Jean Yves B\u00e9r\u00e9, gouverneur de la r\u00e9gion du Nando (ex-Centre-Ouest) &#8211; Ph. A. Kiendrebeogo<\/figcaption><\/figure>\n<p>Estim\u00e9 \u00e0 8 315 000 F CFA, ce don comprend 02 tricycles, 02 compacteurs, 1 500 moules de confection de pav\u00e9s et 38 tonnes de ciment.<\/p>\n<figure id=\"attachment_23283\" aria-describedby=\"caption-attachment-23283\" style=\"width: 2560px\" class=\"wp-caption aligncenter\"><a href=\"https:\/\/www.latribunedufaso.net\/wp-content\/uploads\/2025\/09\/IMG-20250904-WA0022.jpg\"><img loading=\"lazy\" decoding=\"async\" class=\"size-full wp-image-23283\" src=\"https:\/\/www.latribunedufaso.net\/wp-content\/uploads\/2025\/09\/IMG-20250904-WA0022.jpg\" alt=\"Les Chefs de circonscription administrative ont fait un don \u00e0 l'initiative pr\u00e9sidentielle Faso M\u00eabo d'une valeur de plus de 8 millions FCFA, 4 septembre 2025\" width=\"2560\" height=\"1927\" srcset=\"https:\/\/www.latribunedufaso.net\/wp-content\/uploads\/2025\/09\/IMG-20250904-WA0022.jpg 2560w, https:\/\/www.latribunedufaso.net\/wp-content\/uploads\/2025\/09\/IMG-20250904-WA0022-300x226.jpg 300w, https:\/\/www.latribunedufaso.net\/wp-content\/uploads\/2025\/09\/IMG-20250904-WA0022-1024x771.jpg 1024w, https:\/\/www.latribunedufaso.net\/wp-content\/uploads\/2025\/09\/IMG-20250904-WA0022-768x578.jpg 768w, https:\/\/www.latribunedufaso.net\/wp-content\/uploads\/2025\/09\/IMG-20250904-WA0022-1536x1156.jpg 1536w, https:\/\/www.latribunedufaso.net\/wp-content\/uploads\/2025\/09\/IMG-20250904-WA0022-2048x1542.jpg 2048w\" sizes=\"auto, (max-width: 2560px) 100vw, 2560px\" \/><\/a><figcaption id=\"caption-attachment-23283\" class=\"wp-caption-text\">Les donateurs du jour ont apport\u00e9 un appui en main-d\u2019\u0153uvre sur le site &#8211; Ph. A. Kiendrebeogo<\/figcaption><\/figure>\n<p>Le porte-parole du groupe, Adama Jean Yves B\u00e9r\u00e9, gouverneur de la r\u00e9gion du Nando (ex-Centre-Ouest), a rappel\u00e9 que Faso M\u00eabo est une initiative pr\u00e9sidentielle qui interpelle directement les repr\u00e9sentants de l\u2019\u00c9tat. Selon lui, les Chefs de circonscription administrative, en tant que relais du Pr\u00e9sident du Faso, se doivent d\u2019accompagner sa r\u00e9ussite. Il a \u00e9galement soulign\u00e9 que <em><strong>\u00ab nul ne fera le d\u00e9veloppement du Burkina Faso \u00e0 notre place \u00bb<\/strong><\/em> et qu\u2019il est n\u00e9cessaire de mobiliser les ressources locales pour b\u00e2tir le pays.<\/p>\n<blockquote><p>\n<iframe loading=\"lazy\" width=\"560\" height=\"315\" src=\"https:\/\/www.youtube.com\/embed\/N82Jsj3wcr0?si=LOl5mftv4B6yeEKK\" title=\"YouTube video player\" frameborder=\"0\" allow=\"accelerometer; autoplay; clipboard-write; encrypted-media; gyroscope; picture-in-picture; web-share\" referrerpolicy=\"strict-origin-when-cross-origin\" allowfullscreen><\/iframe><\/p>\n<p>Lire aussi &gt;&gt; <a href=\"https:\/\/www.latribunedufaso.net\/?p=22957\">Camp vacances Faso M\u00eabo : La promotion \u00ab S\u0113mbdo \u00bb promet apporter sa contribution \u00e0 l\u2019\u00e9dification d\u2019une soci\u00e9t\u00e9 exemplaire<\/a><\/p>\n<\/blockquote>\n<p>Apr\u00e8s la remise symbolique du don, les autorit\u00e9s administratives ont donn\u00e9 l\u2019exemple en apportant un appui en main-d\u2019\u0153uvre sur le site, avant de prendre cong\u00e9.<\/p>\n<p><strong>Rosana Astride KIENDREBEOGO\u00a0<\/strong><\/p>\n<p><strong>Latribunedufaso.net<\/strong><\/p>\n<p><a href=\"https:\/\/www.latribunedufaso.net\/wp-content\/uploads\/2025\/09\/IMG-20250904-WA0024.jpg\"><img loading=\"lazy\" decoding=\"async\" class=\"aligncenter size-full wp-image-23288\" src=\"https:\/\/www.latribunedufaso.net\/wp-content\/uploads\/2025\/09\/IMG-20250904-WA0024.jpg\" alt=\"Les Chefs de circonscription administrative ont fait un don \u00e0 l'initiative pr\u00e9sidentielle Faso M\u00eabo d'une valeur de plus de 8 millions FCFA, 4 septembre 2025\" width=\"1152\" height=\"864\" srcset=\"https:\/\/www.latribunedufaso.net\/wp-content\/uploads\/2025\/09\/IMG-20250904-WA0024.jpg 1152w, https:\/\/www.latribunedufaso.net\/wp-content\/uploads\/2025\/09\/IMG-20250904-WA0024-300x225.jpg 300w, https:\/\/www.latribunedufaso.net\/wp-content\/uploads\/2025\/09\/IMG-20250904-WA0024-1024x768.jpg 1024w, https:\/\/www.latribunedufaso.net\/wp-content\/uploads\/2025\/09\/IMG-20250904-WA0024-768x576.jpg 768w\" sizes=\"auto, (max-width: 1152px) 100vw, 1152px\" \/><\/a><a href=\"https:\/\/www.latribunedufaso.net\/wp-content\/uploads\/2025\/09\/IMG-20250904-WA0028.jpg\"><img loading=\"lazy\" decoding=\"async\" class=\"aligncenter size-full wp-image-23287\" src=\"https:\/\/www.latribunedufaso.net\/wp-content\/uploads\/2025\/09\/IMG-20250904-WA0028.jpg\" alt=\"Les Chefs de circonscription administrative ont fait un don \u00e0 l'initiative pr\u00e9sidentielle Faso M\u00eabo d'une valeur de plus de 8 millions FCFA, 4 septembre 2025\" width=\"2560\" height=\"1927\" srcset=\"https:\/\/www.latribunedufaso.net\/wp-content\/uploads\/2025\/09\/IMG-20250904-WA0028.jpg 2560w, https:\/\/www.latribunedufaso.net\/wp-content\/uploads\/2025\/09\/IMG-20250904-WA0028-300x226.jpg 300w, https:\/\/www.latribunedufaso.net\/wp-content\/uploads\/2025\/09\/IMG-20250904-WA0028-1024x771.jpg 1024w, https:\/\/www.latribunedufaso.net\/wp-content\/uploads\/2025\/09\/IMG-20250904-WA0028-768x578.jpg 768w, https:\/\/www.latribunedufaso.net\/wp-content\/uploads\/2025\/09\/IMG-20250904-WA0028-1536x1156.jpg 1536w, https:\/\/www.latribunedufaso.net\/wp-content\/uploads\/2025\/09\/IMG-20250904-WA0028-2048x1542.jpg 2048w\" sizes=\"auto, (max-width: 2560px) 100vw, 2560px\" \/><\/a><a href=\"https:\/\/www.latribunedufaso.net\/wp-content\/uploads\/2025\/09\/IMG-20250904-WA0030.jpg\"><img loading=\"lazy\" decoding=\"async\" class=\"aligncenter size-full wp-image-23286\" src=\"https:\/\/www.latribunedufaso.net\/wp-content\/uploads\/2025\/09\/IMG-20250904-WA0030.jpg\" alt=\"Les Chefs de circonscription administrative ont fait un don \u00e0 l'initiative pr\u00e9sidentielle Faso M\u00eabo d'une valeur de plus de 8 millions FCFA, 4 septembre 2025\" width=\"2560\" height=\"1927\" srcset=\"https:\/\/www.latribunedufaso.net\/wp-content\/uploads\/2025\/09\/IMG-20250904-WA0030.jpg 2560w, https:\/\/www.latribunedufaso.net\/wp-content\/uploads\/2025\/09\/IMG-20250904-WA0030-300x226.jpg 300w, https:\/\/www.latribunedufaso.net\/wp-content\/uploads\/2025\/09\/IMG-20250904-WA0030-1024x771.jpg 1024w, https:\/\/www.latribunedufaso.net\/wp-content\/uploads\/2025\/09\/IMG-20250904-WA0030-768x578.jpg 768w, https:\/\/www.latribunedufaso.net\/wp-content\/uploads\/2025\/09\/IMG-20250904-WA0030-1536x1156.jpg 1536w, https:\/\/www.latribunedufaso.net\/wp-content\/uploads\/2025\/09\/IMG-20250904-WA0030-2048x1542.jpg 2048w\" sizes=\"auto, (max-width: 2560px) 100vw, 2560px\" \/><\/a><\/p>\n","protected":false},"excerpt":{"rendered":"<p>Les Chefs de circonscription administrative ont exprim\u00e9, ce 4 septembre 2025 \u00e0 Ouagadougou, leur soutien \u00e0 l\u2019initiative pr\u00e9sidentielle Faso M\u00eabo \u00e0 travers un don en mat\u00e9riel et en intrants.<\/p>\n","protected":false},"author":5,"featured_media":23285,"comment_status":"open","ping_status":"open","sticky":false,"template":"","format":"standard","meta":{"footnotes":""},"categories":[13,1,8],"tags":[1129,39,1541],"class_list":["post-23281","post","type-post","status-publish","format-standard","has-post-thumbnail","hentry","category-une","category-actu","category-societe","tag-linitiative-presidentielle-faso-mebo","tag-latribunedufaso-net","tag-soutien-des-chefs-de-circonscription-administrative-a-faso-mebo"],"yoast_head":"<!-- This site is optimized with the Yoast SEO plugin v27.5 - https:\/\/yoast.com\/product\/yoast-seo-wordpress\/ -->\n<title>Soutien \u00e0 l\u2019initiative Faso M\u00eabo : Les Chefs de circonscription administrative du Kadiogo contribuent \u00e0 plus de 8 millions FCFA\u00a0 - La Tribune du Faso<\/title>\n<meta name=\"robots\" content=\"index, follow, max-snippet:-1, max-image-preview:large, max-video-preview:-1\" \/>\n<link rel=\"canonical\" href=\"https:\/\/www.latribunedufaso.net\/?p=23281\" \/>\n<meta property=\"og:locale\" content=\"fr_FR\" \/>\n<meta property=\"og:type\" content=\"article\" \/>\n<meta property=\"og:title\" content=\"Soutien \u00e0 l\u2019initiative Faso M\u00eabo : Les Chefs de circonscription administrative du Kadiogo contribuent \u00e0 plus de 8 millions FCFA\u00a0 - La Tribune du Faso\" \/>\n<meta property=\"og:description\" content=\"Les Chefs de circonscription administrative ont exprim\u00e9, ce 4 septembre 2025 \u00e0 Ouagadougou, leur soutien \u00e0 l\u2019initiative pr\u00e9sidentielle Faso M\u00eabo \u00e0 travers un don en mat\u00e9riel et en intrants.\" \/>\n<meta property=\"og:url\" content=\"https:\/\/www.latribunedufaso.net\/?p=23281\" \/>\n<meta property=\"og:site_name\" content=\"La Tribune du Faso\" \/>\n<meta property=\"article:publisher\" content=\"https:\/\/www.facebook.com\/LatribuneduFaso\/\" \/>\n<meta property=\"article:published_time\" content=\"2025-09-04T13:00:33+00:00\" \/>\n<meta property=\"article:modified_time\" content=\"2025-09-17T18:35:43+00:00\" \/>\n<meta property=\"og:image\" content=\"https:\/\/www.latribunedufaso.net\/wp-content\/uploads\/2025\/09\/IMG-20250904-WA0025.jpg\" \/>\n\t<meta property=\"og:image:width\" content=\"1152\" \/>\n\t<meta property=\"og:image:height\" content=\"864\" \/>\n\t<meta property=\"og:image:type\" content=\"image\/jpeg\" \/>\n<meta name=\"author\" content=\"Issouf Tapsoba\" \/>\n<meta name=\"twitter:label1\" content=\"\u00c9crit par\" \/>\n\t<meta name=\"twitter:data1\" content=\"Issouf Tapsoba\" \/>\n\t<meta name=\"twitter:label2\" content=\"Dur\u00e9e de lecture estim\u00e9e\" \/>\n\t<meta name=\"twitter:data2\" content=\"1 minute\" \/>\n<script type=\"application\/ld+json\" class=\"yoast-schema-graph\">{\"@context\":\"https:\\\/\\\/schema.org\",\"@graph\":[{\"@type\":\"Article\",\"@id\":\"https:\\\/\\\/www.latribunedufaso.net\\\/?p=23281#article\",\"isPartOf\":{\"@id\":\"https:\\\/\\\/www.latribunedufaso.net\\\/?p=23281\"},\"author\":{\"name\":\"Issouf Tapsoba\",\"@id\":\"https:\\\/\\\/www.latribunedufaso.net\\\/#\\\/schema\\\/person\\\/e54e64c5778a7e72cf80a318b7a622b0\"},\"headline\":\"Soutien \u00e0 l\u2019initiative Faso M\u00eabo : Les Chefs de circonscription administrative du Kadiogo contribuent \u00e0 plus de 8 millions FCFA\u00a0\",\"datePublished\":\"2025-09-04T13:00:33+00:00\",\"dateModified\":\"2025-09-17T18:35:43+00:00\",\"mainEntityOfPage\":{\"@id\":\"https:\\\/\\\/www.latribunedufaso.net\\\/?p=23281\"},\"wordCount\":308,\"commentCount\":0,\"publisher\":{\"@id\":\"https:\\\/\\\/www.latribunedufaso.net\\\/#organization\"},\"image\":{\"@id\":\"https:\\\/\\\/www.latribunedufaso.net\\\/?p=23281#primaryimage\"},\"thumbnailUrl\":\"https:\\\/\\\/www.latribunedufaso.net\\\/wp-content\\\/uploads\\\/2025\\\/09\\\/IMG-20250904-WA0025.jpg\",\"keywords\":[\"l\u2019Initiative pr\u00e9sidentielle \u00ab Faso M\u00eabo \u00bb\",\"latribunedufaso.net\",\"Soutien des Chefs de circonscription administrative \u00e0 Faso M\u00eabo\"],\"articleSection\":[\"A la une\",\"Actualit\u00e9\",\"Soci\u00e9t\u00e9\"],\"inLanguage\":\"fr-FR\",\"potentialAction\":[{\"@type\":\"CommentAction\",\"name\":\"Comment\",\"target\":[\"https:\\\/\\\/www.latribunedufaso.net\\\/?p=23281#respond\"]}]},{\"@type\":\"WebPage\",\"@id\":\"https:\\\/\\\/www.latribunedufaso.net\\\/?p=23281\",\"url\":\"https:\\\/\\\/www.latribunedufaso.net\\\/?p=23281\",\"name\":\"Soutien \u00e0 l\u2019initiative Faso M\u00eabo : Les Chefs de circonscription administrative du Kadiogo contribuent \u00e0 plus de 8 millions FCFA\u00a0 - La Tribune du Faso\",\"isPartOf\":{\"@id\":\"https:\\\/\\\/www.latribunedufaso.net\\\/#website\"},\"primaryImageOfPage\":{\"@id\":\"https:\\\/\\\/www.latribunedufaso.net\\\/?p=23281#primaryimage\"},\"image\":{\"@id\":\"https:\\\/\\\/www.latribunedufaso.net\\\/?p=23281#primaryimage\"},\"thumbnailUrl\":\"https:\\\/\\\/www.latribunedufaso.net\\\/wp-content\\\/uploads\\\/2025\\\/09\\\/IMG-20250904-WA0025.jpg\",\"datePublished\":\"2025-09-04T13:00:33+00:00\",\"dateModified\":\"2025-09-17T18:35:43+00:00\",\"breadcrumb\":{\"@id\":\"https:\\\/\\\/www.latribunedufaso.net\\\/?p=23281#breadcrumb\"},\"inLanguage\":\"fr-FR\",\"potentialAction\":[{\"@type\":\"ReadAction\",\"target\":[\"https:\\\/\\\/www.latribunedufaso.net\\\/?p=23281\"]}]},{\"@type\":\"ImageObject\",\"inLanguage\":\"fr-FR\",\"@id\":\"https:\\\/\\\/www.latribunedufaso.net\\\/?p=23281#primaryimage\",\"url\":\"https:\\\/\\\/www.latribunedufaso.net\\\/wp-content\\\/uploads\\\/2025\\\/09\\\/IMG-20250904-WA0025.jpg\",\"contentUrl\":\"https:\\\/\\\/www.latribunedufaso.net\\\/wp-content\\\/uploads\\\/2025\\\/09\\\/IMG-20250904-WA0025.jpg\",\"width\":1152,\"height\":864,\"caption\":\"Les Chefs de circonscription administrative ont fait un don \u00e0 l'initiative pr\u00e9sidentielle Faso M\u00eabo d'une valeur de plus de 8 millions FCFA, 4 septembre 2025\"},{\"@type\":\"BreadcrumbList\",\"@id\":\"https:\\\/\\\/www.latribunedufaso.net\\\/?p=23281#breadcrumb\",\"itemListElement\":[{\"@type\":\"ListItem\",\"position\":1,\"name\":\"Accueil\",\"item\":\"https:\\\/\\\/www.latribunedufaso.net\\\/\"},{\"@type\":\"ListItem\",\"position\":2,\"name\":\"Soutien \u00e0 l\u2019initiative Faso M\u00eabo : Les Chefs de circonscription administrative du Kadiogo contribuent \u00e0 plus de 8 millions FCFA\u00a0\"}]},{\"@type\":\"WebSite\",\"@id\":\"https:\\\/\\\/www.latribunedufaso.net\\\/#website\",\"url\":\"https:\\\/\\\/www.latribunedufaso.net\\\/\",\"name\":\"La Tribune du Faso\",\"description\":\"L&#039;information du monde rural en un clic\",\"publisher\":{\"@id\":\"https:\\\/\\\/www.latribunedufaso.net\\\/#organization\"},\"potentialAction\":[{\"@type\":\"SearchAction\",\"target\":{\"@type\":\"EntryPoint\",\"urlTemplate\":\"https:\\\/\\\/www.latribunedufaso.net\\\/?s={search_term_string}\"},\"query-input\":{\"@type\":\"PropertyValueSpecification\",\"valueRequired\":true,\"valueName\":\"search_term_string\"}}],\"inLanguage\":\"fr-FR\"},{\"@type\":\"Organization\",\"@id\":\"https:\\\/\\\/www.latribunedufaso.net\\\/#organization\",\"name\":\"La Tribune du Faso\",\"url\":\"https:\\\/\\\/www.latribunedufaso.net\\\/\",\"logo\":{\"@type\":\"ImageObject\",\"inLanguage\":\"fr-FR\",\"@id\":\"https:\\\/\\\/www.latribunedufaso.net\\\/#\\\/schema\\\/logo\\\/image\\\/\",\"url\":\"https:\\\/\\\/www.latribunedufaso.net\\\/wp-content\\\/uploads\\\/2020\\\/08\\\/Logo-Tribune-du-Faso-final-scaled.jpg\",\"contentUrl\":\"https:\\\/\\\/www.latribunedufaso.net\\\/wp-content\\\/uploads\\\/2020\\\/08\\\/Logo-Tribune-du-Faso-final-scaled.jpg\",\"width\":2560,\"height\":1856,\"caption\":\"La Tribune du Faso\"},\"image\":{\"@id\":\"https:\\\/\\\/www.latribunedufaso.net\\\/#\\\/schema\\\/logo\\\/image\\\/\"},\"sameAs\":[\"https:\\\/\\\/www.facebook.com\\\/LatribuneduFaso\\\/\"]},{\"@type\":\"Person\",\"@id\":\"https:\\\/\\\/www.latribunedufaso.net\\\/#\\\/schema\\\/person\\\/e54e64c5778a7e72cf80a318b7a622b0\",\"name\":\"Issouf Tapsoba\",\"image\":{\"@type\":\"ImageObject\",\"inLanguage\":\"fr-FR\",\"@id\":\"https:\\\/\\\/secure.gravatar.com\\\/avatar\\\/5e6c05150ce3230247d167f5b94d678eb05936197436d69b7921e3a95c9107ac?s=96&d=mm&r=g\",\"url\":\"https:\\\/\\\/secure.gravatar.com\\\/avatar\\\/5e6c05150ce3230247d167f5b94d678eb05936197436d69b7921e3a95c9107ac?s=96&d=mm&r=g\",\"contentUrl\":\"https:\\\/\\\/secure.gravatar.com\\\/avatar\\\/5e6c05150ce3230247d167f5b94d678eb05936197436d69b7921e3a95c9107ac?s=96&d=mm&r=g\",\"caption\":\"Issouf Tapsoba\"},\"url\":\"https:\\\/\\\/www.latribunedufaso.net\\\/?author=5\"}]}<\/script>\n<!-- \/ Yoast SEO plugin. -->","yoast_head_json":{"title":"Soutien \u00e0 l\u2019initiative Faso M\u00eabo : Les Chefs de circonscription administrative du Kadiogo contribuent \u00e0 plus de 8 millions FCFA\u00a0 - La Tribune du Faso","robots":{"index":"index","follow":"follow","max-snippet":"max-snippet:-1","max-image-preview":"max-image-preview:large","max-video-preview":"max-video-preview:-1"},"canonical":"https:\/\/www.latribunedufaso.net\/?p=23281","og_locale":"fr_FR","og_type":"article","og_title":"Soutien \u00e0 l\u2019initiative Faso M\u00eabo : Les Chefs de circonscription administrative du Kadiogo contribuent \u00e0 plus de 8 millions FCFA\u00a0 - La Tribune du Faso","og_description":"Les Chefs de circonscription administrative ont exprim\u00e9, ce 4 septembre 2025 \u00e0 Ouagadougou, leur soutien \u00e0 l\u2019initiative pr\u00e9sidentielle Faso M\u00eabo \u00e0 travers un don en mat\u00e9riel et en intrants.","og_url":"https:\/\/www.latribunedufaso.net\/?p=23281","og_site_name":"La Tribune du Faso","article_publisher":"https:\/\/www.facebook.com\/LatribuneduFaso\/","article_published_time":"2025-09-04T13:00:33+00:00","article_modified_time":"2025-09-17T18:35:43+00:00","og_image":[{"width":1152,"height":864,"url":"https:\/\/www.latribunedufaso.net\/wp-content\/uploads\/2025\/09\/IMG-20250904-WA0025.jpg","type":"image\/jpeg"}],"author":"Issouf Tapsoba","twitter_misc":{"\u00c9crit par":"Issouf Tapsoba","Dur\u00e9e de lecture estim\u00e9e":"1 minute"},"schema":{"@context":"https:\/\/schema.org","@graph":[{"@type":"Article","@id":"https:\/\/www.latribunedufaso.net\/?p=23281#article","isPartOf":{"@id":"https:\/\/www.latribunedufaso.net\/?p=23281"},"author":{"name":"Issouf Tapsoba","@id":"https:\/\/www.latribunedufaso.net\/#\/schema\/person\/e54e64c5778a7e72cf80a318b7a622b0"},"headline":"Soutien \u00e0 l\u2019initiative Faso M\u00eabo : Les Chefs de circonscription administrative du Kadiogo contribuent \u00e0 plus de 8 millions FCFA\u00a0","datePublished":"2025-09-04T13:00:33+00:00","dateModified":"2025-09-17T18:35:43+00:00","mainEntityOfPage":{"@id":"https:\/\/www.latribunedufaso.net\/?p=23281"},"wordCount":308,"commentCount":0,"publisher":{"@id":"https:\/\/www.latribunedufaso.net\/#organization"},"image":{"@id":"https:\/\/www.latribunedufaso.net\/?p=23281#primaryimage"},"thumbnailUrl":"https:\/\/www.latribunedufaso.net\/wp-content\/uploads\/2025\/09\/IMG-20250904-WA0025.jpg","keywords":["l\u2019Initiative pr\u00e9sidentielle \u00ab Faso M\u00eabo \u00bb","latribunedufaso.net","Soutien des Chefs de circonscription administrative \u00e0 Faso M\u00eabo"],"articleSection":["A la une","Actualit\u00e9","Soci\u00e9t\u00e9"],"inLanguage":"fr-FR","potentialAction":[{"@type":"CommentAction","name":"Comment","target":["https:\/\/www.latribunedufaso.net\/?p=23281#respond"]}]},{"@type":"WebPage","@id":"https:\/\/www.latribunedufaso.net\/?p=23281","url":"https:\/\/www.latribunedufaso.net\/?p=23281","name":"Soutien \u00e0 l\u2019initiative Faso M\u00eabo : Les Chefs de circonscription administrative du Kadiogo contribuent \u00e0 plus de 8 millions FCFA\u00a0 - La Tribune du Faso","isPartOf":{"@id":"https:\/\/www.latribunedufaso.net\/#website"},"primaryImageOfPage":{"@id":"https:\/\/www.latribunedufaso.net\/?p=23281#primaryimage"},"image":{"@id":"https:\/\/www.latribunedufaso.net\/?p=23281#primaryimage"},"thumbnailUrl":"https:\/\/www.latribunedufaso.net\/wp-content\/uploads\/2025\/09\/IMG-20250904-WA0025.jpg","datePublished":"2025-09-04T13:00:33+00:00","dateModified":"2025-09-17T18:35:43+00:00","breadcrumb":{"@id":"https:\/\/www.latribunedufaso.net\/?p=23281#breadcrumb"},"inLanguage":"fr-FR","potentialAction":[{"@type":"ReadAction","target":["https:\/\/www.latribunedufaso.net\/?p=23281"]}]},{"@type":"ImageObject","inLanguage":"fr-FR","@id":"https:\/\/www.latribunedufaso.net\/?p=23281#primaryimage","url":"https:\/\/www.latribunedufaso.net\/wp-content\/uploads\/2025\/09\/IMG-20250904-WA0025.jpg","contentUrl":"https:\/\/www.latribunedufaso.net\/wp-content\/uploads\/2025\/09\/IMG-20250904-WA0025.jpg","width":1152,"height":864,"caption":"Les Chefs de circonscription administrative ont fait un don \u00e0 l'initiative pr\u00e9sidentielle Faso M\u00eabo d'une valeur de plus de 8 millions FCFA, 4 septembre 2025"},{"@type":"BreadcrumbList","@id":"https:\/\/www.latribunedufaso.net\/?p=23281#breadcrumb","itemListElement":[{"@type":"ListItem","position":1,"name":"Accueil","item":"https:\/\/www.latribunedufaso.net\/"},{"@type":"ListItem","position":2,"name":"Soutien \u00e0 l\u2019initiative Faso M\u00eabo : Les Chefs de circonscription administrative du Kadiogo contribuent \u00e0 plus de 8 millions FCFA\u00a0"}]},{"@type":"WebSite","@id":"https:\/\/www.latribunedufaso.net\/#website","url":"https:\/\/www.latribunedufaso.net\/","name":"La Tribune du Faso","description":"L&#039;information du monde rural en un clic","publisher":{"@id":"https:\/\/www.latribunedufaso.net\/#organization"},"potentialAction":[{"@type":"SearchAction","target":{"@type":"EntryPoint","urlTemplate":"https:\/\/www.latribunedufaso.net\/?s={search_term_string}"},"query-input":{"@type":"PropertyValueSpecification","valueRequired":true,"valueName":"search_term_string"}}],"inLanguage":"fr-FR"},{"@type":"Organization","@id":"https:\/\/www.latribunedufaso.net\/#organization","name":"La Tribune du Faso","url":"https:\/\/www.latribunedufaso.net\/","logo":{"@type":"ImageObject","inLanguage":"fr-FR","@id":"https:\/\/www.latribunedufaso.net\/#\/schema\/logo\/image\/","url":"https:\/\/www.latribunedufaso.net\/wp-content\/uploads\/2020\/08\/Logo-Tribune-du-Faso-final-scaled.jpg","contentUrl":"https:\/\/www.latribunedufaso.net\/wp-content\/uploads\/2020\/08\/Logo-Tribune-du-Faso-final-scaled.jpg","width":2560,"height":1856,"caption":"La Tribune du Faso"},"image":{"@id":"https:\/\/www.latribunedufaso.net\/#\/schema\/logo\/image\/"},"sameAs":["https:\/\/www.facebook.com\/LatribuneduFaso\/"]},{"@type":"Person","@id":"https:\/\/www.latribunedufaso.net\/#\/schema\/person\/e54e64c5778a7e72cf80a318b7a622b0","name":"Issouf Tapsoba","image":{"@type":"ImageObject","inLanguage":"fr-FR","@id":"https:\/\/secure.gravatar.com\/avatar\/5e6c05150ce3230247d167f5b94d678eb05936197436d69b7921e3a95c9107ac?s=96&d=mm&r=g","url":"https:\/\/secure.gravatar.com\/avatar\/5e6c05150ce3230247d167f5b94d678eb05936197436d69b7921e3a95c9107ac?s=96&d=mm&r=g","contentUrl":"https:\/\/secure.gravatar.com\/avatar\/5e6c05150ce3230247d167f5b94d678eb05936197436d69b7921e3a95c9107ac?s=96&d=mm&r=g","caption":"Issouf Tapsoba"},"url":"https:\/\/www.latribunedufaso.net\/?author=5"}]}},"_links":{"self":[{"href":"https:\/\/www.latribunedufaso.net\/index.php?rest_route=\/wp\/v2\/posts\/23281","targetHints":{"allow":["GET"]}}],"collection":[{"href":"https:\/\/www.latribunedufaso.net\/index.php?rest_route=\/wp\/v2\/posts"}],"about":[{"href":"https:\/\/www.latribunedufaso.net\/index.php?rest_route=\/wp\/v2\/types\/post"}],"author":[{"embeddable":true,"href":"https:\/\/www.latribunedufaso.net\/index.php?rest_route=\/wp\/v2\/users\/5"}],"replies":[{"embeddable":true,"href":"https:\/\/www.latribunedufaso.net\/index.php?rest_route=%2Fwp%2Fv2%2Fcomments&post=23281"}],"version-history":[{"count":4,"href":"https:\/\/www.latribunedufaso.net\/index.php?rest_route=\/wp\/v2\/posts\/23281\/revisions"}],"predecessor-version":[{"id":23637,"href":"https:\/\/www.latribunedufaso.net\/index.php?rest_route=\/wp\/v2\/posts\/23281\/revisions\/23637"}],"wp:featuredmedia":[{"embeddable":true,"href":"https:\/\/www.latribunedufaso.net\/index.php?rest_route=\/wp\/v2\/media\/23285"}],"wp:attachment":[{"href":"https:\/\/www.latribunedufaso.net\/index.php?rest_route=%2Fwp%2Fv2%2Fmedia&parent=23281"}],"wp:term":[{"taxonomy":"category","embeddable":true,"href":"https:\/\/www.latribunedufaso.net\/index.php?rest_route=%2Fwp%2Fv2%2Fcategories&post=23281"},{"taxonomy":"post_tag","embeddable":true,"href":"https:\/\/www.latribunedufaso.net\/index.php?rest_route=%2Fwp%2Fv2%2Ftags&post=23281"}],"curies":[{"name":"wp","href":"https:\/\/api.w.org\/{rel}","templated":true}]}}