{"id":23276,"date":"2025-09-04T11:31:37","date_gmt":"2025-09-04T11:31:37","guid":{"rendered":"https:\/\/www.latribunedufaso.net\/?p=23276"},"modified":"2025-09-04T11:31:37","modified_gmt":"2025-09-04T11:31:37","slug":"eliminatoires-coupe-du-monde-2026-le-ministre-roland-somda-galvanise-les-etalons","status":"publish","type":"post","link":"https:\/\/www.latribunedufaso.net\/?p=23276","title":{"rendered":"\u00c9liminatoires Coupe du monde 2026 : Le ministre Roland Somda galvanise les Etalons\u00a0"},"content":{"rendered":"<p><strong>Le Ministre des Sports, de la Jeunesse et de l\u2019Emploi, Roland Somda a rendu visite aux \u00c9talons en regroupement depuis le 1er septembre 2025 pour les 7e et 8e journ\u00e9es des \u00e9liminatoires de la Coupe du Monde 2026. C&rsquo;\u00e9tait le 3 septembre 2025 \u00e0 Ouagadougou.<\/strong><!--more--><\/p>\n<p>Le ministre Somda est porteur d&rsquo;un message des plus hautes autorit\u00e9s du pays :\u00a0<em><strong>\u00ab La nation repose tout son espoir sur vous. Le peuple burkinab\u00e8 se tient debout, uni, pour chanter avec vous les chants de la victoire \u00bb, <\/strong><\/em>a-t-il affirm\u00e9.<\/p>\n<p>Il a \u00e9galement salu\u00e9 la fin de <em><strong>\u00ab l\u2019exil sportif \u00bb<\/strong><\/em> des \u00c9talons, rendue possible gr\u00e2ce \u00e0 la r\u00e9novation du Stade du 4 Ao\u00fbt, qu\u2019il a qualifi\u00e9e de preuve de l\u2019engagement des plus hautes autorit\u00e9s \u00e0 offrir des infrastructures modernes et propices \u00e0 l\u2019expression des talents.\u00a0<\/p>\n<figure id=\"attachment_23277\" aria-describedby=\"caption-attachment-23277\" style=\"width: 2048px\" class=\"wp-caption aligncenter\"><a href=\"https:\/\/www.latribunedufaso.net\/wp-content\/uploads\/2025\/09\/FB_IMG_1756984873421.jpg\"><img loading=\"lazy\" decoding=\"async\" class=\"size-full wp-image-23277\" src=\"https:\/\/www.latribunedufaso.net\/wp-content\/uploads\/2025\/09\/FB_IMG_1756984873421.jpg\" alt=\"Le Ministre des Sports, de la Jeunesse et de l\u2019Emploi, Roland Somda a rendu visite aux \u00c9talons en regroupement depuis le 1er septembre 2025 pour les 7e et 8e journ\u00e9es des \u00e9liminatoires de la Coupe du Monde 2026\" width=\"2048\" height=\"1836\" srcset=\"https:\/\/www.latribunedufaso.net\/wp-content\/uploads\/2025\/09\/FB_IMG_1756984873421.jpg 2048w, https:\/\/www.latribunedufaso.net\/wp-content\/uploads\/2025\/09\/FB_IMG_1756984873421-300x269.jpg 300w, https:\/\/www.latribunedufaso.net\/wp-content\/uploads\/2025\/09\/FB_IMG_1756984873421-1024x918.jpg 1024w, https:\/\/www.latribunedufaso.net\/wp-content\/uploads\/2025\/09\/FB_IMG_1756984873421-768x689.jpg 768w, https:\/\/www.latribunedufaso.net\/wp-content\/uploads\/2025\/09\/FB_IMG_1756984873421-1536x1377.jpg 1536w\" sizes=\"auto, (max-width: 2048px) 100vw, 2048px\" \/><\/a><figcaption id=\"caption-attachment-23277\" class=\"wp-caption-text\">Le ministre charg\u00e9 du Sport, Roland SOMDA &#8211; Ph. DR<\/figcaption><\/figure>\n<p>F\u00e9licitant l\u2019encadrement technique pour son professionnalisme et son engagement, le ministre a invit\u00e9 les joueurs \u00e0 ne pas se fixer de limites et \u00e0 faire du retour \u00e0 domicile un v\u00e9ritable levier de performance : <em><strong>\u00ab L\u2019impossible n\u2019est pas burkinab\u00e8. Faites bloc, croyez en vous, car le peuple burkinab\u00e8 croit en vous ! \u00bb<\/strong><\/em>, a-t-il affirm\u00e9\u00a0<\/p>\n<p>En conclusion, le ministre Somda a souhait\u00e9 bonne chance aux \u00c9talons et les a exhort\u00e9s \u00e0 se surpasser pour faire triompher l\u2019excellence, notamment lors de la confrontation tant attendue contre l\u2019\u00c9gypte, pr\u00e9vue le mardi 9 septembre 2025 au Stade du 4 Ao\u00fbt \u00e0 Ouagadougou.<\/p>\n<figure id=\"attachment_23278\" aria-describedby=\"caption-attachment-23278\" style=\"width: 2048px\" class=\"wp-caption aligncenter\"><a href=\"https:\/\/www.latribunedufaso.net\/wp-content\/uploads\/2025\/09\/FB_IMG_1756984880796.jpg\"><img loading=\"lazy\" decoding=\"async\" class=\"size-full wp-image-23278\" src=\"https:\/\/www.latribunedufaso.net\/wp-content\/uploads\/2025\/09\/FB_IMG_1756984880796.jpg\" alt=\"Le Ministre des Sports, de la Jeunesse et de l\u2019Emploi, Roland Somda a rendu visite aux \u00c9talons en regroupement depuis le 1er septembre 2025 pour les 7e et 8e journ\u00e9es des \u00e9liminatoires de la Coupe du Monde 2026\" width=\"2048\" height=\"1262\" srcset=\"https:\/\/www.latribunedufaso.net\/wp-content\/uploads\/2025\/09\/FB_IMG_1756984880796.jpg 2048w, https:\/\/www.latribunedufaso.net\/wp-content\/uploads\/2025\/09\/FB_IMG_1756984880796-300x185.jpg 300w, https:\/\/www.latribunedufaso.net\/wp-content\/uploads\/2025\/09\/FB_IMG_1756984880796-1024x631.jpg 1024w, https:\/\/www.latribunedufaso.net\/wp-content\/uploads\/2025\/09\/FB_IMG_1756984880796-768x473.jpg 768w, https:\/\/www.latribunedufaso.net\/wp-content\/uploads\/2025\/09\/FB_IMG_1756984880796-1536x947.jpg 1536w\" sizes=\"auto, (max-width: 2048px) 100vw, 2048px\" \/><\/a><figcaption id=\"caption-attachment-23278\" class=\"wp-caption-text\">Le capitaine des \u00c9talons, Bertrand Traor\u00e9, a assur\u00e9 que l\u2019\u00e9quipe est motiv\u00e9e et pr\u00eate \u00e0 relever le d\u00e9fi de cette double confrontation &#8211; Ph. DR<\/figcaption><\/figure>\n<p>Prenant la parole \u00e0 son tour, le capitaine des \u00c9talons, Bertrand Traor\u00e9, a exprim\u00e9 sa gratitude envers les autorit\u00e9s pour leur soutien constant et a assur\u00e9 que l\u2019\u00e9quipe est motiv\u00e9e et pr\u00eate \u00e0 relever le d\u00e9fi de cette double confrontation.<\/p>\n<blockquote>\n<p>Lire aussi &gt;&gt; <a href=\"https:\/\/www.latribunedufaso.net\/?p=23095\">Eliminatoires Coupe du monde 2026 : \u00ab Le stade du 4-Ao\u00fbt doit \u00eatre un enfer pour tous nos adversaires \u00bb (Brama Traor\u00e9)<\/a><\/p>\n<\/blockquote>\n<p>Les \u00c9talons se sont envol\u00e9s ce mercredi 3 septembre pour la Guin\u00e9e Bissau o\u00f9 ils affronteront le Djibouti le 5 septembre 2025 dans le cadre de la 7e journ\u00e9e des \u00e9liminatoires de la Coupe du Monde.<\/p>\n<p><strong>Latribunedufaso.net<\/strong><\/p>\n<p><strong>Source : DCRP\/MSJE<\/strong><\/p>\n","protected":false},"excerpt":{"rendered":"<p>Le Ministre des Sports, de la Jeunesse et de l\u2019Emploi, Roland Somda a rendu visite aux \u00c9talons en regroupement depuis le 1er septembre 2025 pour les 7e et 8e journ\u00e9es des \u00e9liminatoires de la Coupe du Monde 2026. C&rsquo;\u00e9tait le 3 septembre 2025 \u00e0 Ouagadougou.<\/p>\n","protected":false},"author":5,"featured_media":23279,"comment_status":"open","ping_status":"open","sticky":false,"template":"","format":"standard","meta":{"footnotes":""},"categories":[13,1,17],"tags":[782,39],"class_list":["post-23276","post","type-post","status-publish","format-standard","has-post-thumbnail","hentry","category-une","category-actu","category-sport","tag-eliminatoires-coupe-du-monde-2026","tag-latribunedufaso-net"],"yoast_head":"<!-- This site is optimized with the Yoast SEO plugin v27.4 - https:\/\/yoast.com\/product\/yoast-seo-wordpress\/ -->\n<title>\u00c9liminatoires Coupe du monde 2026 : Le ministre Roland Somda galvanise les Etalons\u00a0 - La Tribune du Faso<\/title>\n<meta name=\"robots\" content=\"index, follow, max-snippet:-1, max-image-preview:large, max-video-preview:-1\" \/>\n<link rel=\"canonical\" href=\"https:\/\/www.latribunedufaso.net\/?p=23276\" \/>\n<meta property=\"og:locale\" content=\"fr_FR\" \/>\n<meta property=\"og:type\" content=\"article\" \/>\n<meta property=\"og:title\" content=\"\u00c9liminatoires Coupe du monde 2026 : Le ministre Roland Somda galvanise les Etalons\u00a0 - La Tribune du Faso\" \/>\n<meta property=\"og:description\" content=\"Le Ministre des Sports, de la Jeunesse et de l\u2019Emploi, Roland Somda a rendu visite aux \u00c9talons en regroupement depuis le 1er septembre 2025 pour les 7e et 8e journ\u00e9es des \u00e9liminatoires de la Coupe du Monde 2026. C&rsquo;\u00e9tait le 3 septembre 2025 \u00e0 Ouagadougou.\" \/>\n<meta property=\"og:url\" content=\"https:\/\/www.latribunedufaso.net\/?p=23276\" \/>\n<meta property=\"og:site_name\" content=\"La Tribune du Faso\" \/>\n<meta property=\"article:publisher\" content=\"https:\/\/www.facebook.com\/LatribuneduFaso\/\" \/>\n<meta property=\"article:published_time\" content=\"2025-09-04T11:31:37+00:00\" \/>\n<meta property=\"og:image\" content=\"https:\/\/www.latribunedufaso.net\/wp-content\/uploads\/2025\/09\/FB_IMG_1756984887913.jpg\" \/>\n\t<meta property=\"og:image:width\" content=\"2048\" \/>\n\t<meta property=\"og:image:height\" content=\"1053\" \/>\n\t<meta property=\"og:image:type\" content=\"image\/jpeg\" \/>\n<meta name=\"author\" content=\"Issouf Tapsoba\" \/>\n<meta name=\"twitter:label1\" content=\"\u00c9crit par\" \/>\n\t<meta name=\"twitter:data1\" content=\"Issouf Tapsoba\" \/>\n\t<meta name=\"twitter:label2\" content=\"Dur\u00e9e de lecture estim\u00e9e\" \/>\n\t<meta name=\"twitter:data2\" content=\"2 minutes\" \/>\n<script type=\"application\/ld+json\" class=\"yoast-schema-graph\">{\"@context\":\"https:\\\/\\\/schema.org\",\"@graph\":[{\"@type\":\"Article\",\"@id\":\"https:\\\/\\\/www.latribunedufaso.net\\\/?p=23276#article\",\"isPartOf\":{\"@id\":\"https:\\\/\\\/www.latribunedufaso.net\\\/?p=23276\"},\"author\":{\"name\":\"Issouf Tapsoba\",\"@id\":\"https:\\\/\\\/www.latribunedufaso.net\\\/#\\\/schema\\\/person\\\/e54e64c5778a7e72cf80a318b7a622b0\"},\"headline\":\"\u00c9liminatoires Coupe du monde 2026 : Le ministre Roland Somda galvanise les Etalons\u00a0\",\"datePublished\":\"2025-09-04T11:31:37+00:00\",\"mainEntityOfPage\":{\"@id\":\"https:\\\/\\\/www.latribunedufaso.net\\\/?p=23276\"},\"wordCount\":401,\"commentCount\":0,\"publisher\":{\"@id\":\"https:\\\/\\\/www.latribunedufaso.net\\\/#organization\"},\"image\":{\"@id\":\"https:\\\/\\\/www.latribunedufaso.net\\\/?p=23276#primaryimage\"},\"thumbnailUrl\":\"https:\\\/\\\/www.latribunedufaso.net\\\/wp-content\\\/uploads\\\/2025\\\/09\\\/FB_IMG_1756984887913.jpg\",\"keywords\":[\"\u00c9liminatoires Coupe du monde 2026\",\"latribunedufaso.net\"],\"articleSection\":[\"A la une\",\"Actualit\u00e9\",\"Sport\"],\"inLanguage\":\"fr-FR\",\"potentialAction\":[{\"@type\":\"CommentAction\",\"name\":\"Comment\",\"target\":[\"https:\\\/\\\/www.latribunedufaso.net\\\/?p=23276#respond\"]}]},{\"@type\":\"WebPage\",\"@id\":\"https:\\\/\\\/www.latribunedufaso.net\\\/?p=23276\",\"url\":\"https:\\\/\\\/www.latribunedufaso.net\\\/?p=23276\",\"name\":\"\u00c9liminatoires Coupe du monde 2026 : Le ministre Roland Somda galvanise les Etalons\u00a0 - La Tribune du Faso\",\"isPartOf\":{\"@id\":\"https:\\\/\\\/www.latribunedufaso.net\\\/#website\"},\"primaryImageOfPage\":{\"@id\":\"https:\\\/\\\/www.latribunedufaso.net\\\/?p=23276#primaryimage\"},\"image\":{\"@id\":\"https:\\\/\\\/www.latribunedufaso.net\\\/?p=23276#primaryimage\"},\"thumbnailUrl\":\"https:\\\/\\\/www.latribunedufaso.net\\\/wp-content\\\/uploads\\\/2025\\\/09\\\/FB_IMG_1756984887913.jpg\",\"datePublished\":\"2025-09-04T11:31:37+00:00\",\"breadcrumb\":{\"@id\":\"https:\\\/\\\/www.latribunedufaso.net\\\/?p=23276#breadcrumb\"},\"inLanguage\":\"fr-FR\",\"potentialAction\":[{\"@type\":\"ReadAction\",\"target\":[\"https:\\\/\\\/www.latribunedufaso.net\\\/?p=23276\"]}]},{\"@type\":\"ImageObject\",\"inLanguage\":\"fr-FR\",\"@id\":\"https:\\\/\\\/www.latribunedufaso.net\\\/?p=23276#primaryimage\",\"url\":\"https:\\\/\\\/www.latribunedufaso.net\\\/wp-content\\\/uploads\\\/2025\\\/09\\\/FB_IMG_1756984887913.jpg\",\"contentUrl\":\"https:\\\/\\\/www.latribunedufaso.net\\\/wp-content\\\/uploads\\\/2025\\\/09\\\/FB_IMG_1756984887913.jpg\",\"width\":2048,\"height\":1053,\"caption\":\"Le Ministre des Sports, de la Jeunesse et de l\u2019Emploi, Roland Somda a rendu visite aux \u00c9talons en regroupement depuis le 1er septembre 2025 pour les 7e et 8e journ\u00e9es des \u00e9liminatoires de la Coupe du Monde 2026\"},{\"@type\":\"BreadcrumbList\",\"@id\":\"https:\\\/\\\/www.latribunedufaso.net\\\/?p=23276#breadcrumb\",\"itemListElement\":[{\"@type\":\"ListItem\",\"position\":1,\"name\":\"Accueil\",\"item\":\"https:\\\/\\\/www.latribunedufaso.net\\\/\"},{\"@type\":\"ListItem\",\"position\":2,\"name\":\"\u00c9liminatoires Coupe du monde 2026 : Le ministre Roland Somda galvanise les Etalons\u00a0\"}]},{\"@type\":\"WebSite\",\"@id\":\"https:\\\/\\\/www.latribunedufaso.net\\\/#website\",\"url\":\"https:\\\/\\\/www.latribunedufaso.net\\\/\",\"name\":\"La Tribune du Faso\",\"description\":\"L&#039;information du monde rural en un clic\",\"publisher\":{\"@id\":\"https:\\\/\\\/www.latribunedufaso.net\\\/#organization\"},\"potentialAction\":[{\"@type\":\"SearchAction\",\"target\":{\"@type\":\"EntryPoint\",\"urlTemplate\":\"https:\\\/\\\/www.latribunedufaso.net\\\/?s={search_term_string}\"},\"query-input\":{\"@type\":\"PropertyValueSpecification\",\"valueRequired\":true,\"valueName\":\"search_term_string\"}}],\"inLanguage\":\"fr-FR\"},{\"@type\":\"Organization\",\"@id\":\"https:\\\/\\\/www.latribunedufaso.net\\\/#organization\",\"name\":\"La Tribune du Faso\",\"url\":\"https:\\\/\\\/www.latribunedufaso.net\\\/\",\"logo\":{\"@type\":\"ImageObject\",\"inLanguage\":\"fr-FR\",\"@id\":\"https:\\\/\\\/www.latribunedufaso.net\\\/#\\\/schema\\\/logo\\\/image\\\/\",\"url\":\"https:\\\/\\\/www.latribunedufaso.net\\\/wp-content\\\/uploads\\\/2020\\\/08\\\/Logo-Tribune-du-Faso-final-scaled.jpg\",\"contentUrl\":\"https:\\\/\\\/www.latribunedufaso.net\\\/wp-content\\\/uploads\\\/2020\\\/08\\\/Logo-Tribune-du-Faso-final-scaled.jpg\",\"width\":2560,\"height\":1856,\"caption\":\"La Tribune du Faso\"},\"image\":{\"@id\":\"https:\\\/\\\/www.latribunedufaso.net\\\/#\\\/schema\\\/logo\\\/image\\\/\"},\"sameAs\":[\"https:\\\/\\\/www.facebook.com\\\/LatribuneduFaso\\\/\"]},{\"@type\":\"Person\",\"@id\":\"https:\\\/\\\/www.latribunedufaso.net\\\/#\\\/schema\\\/person\\\/e54e64c5778a7e72cf80a318b7a622b0\",\"name\":\"Issouf Tapsoba\",\"image\":{\"@type\":\"ImageObject\",\"inLanguage\":\"fr-FR\",\"@id\":\"https:\\\/\\\/secure.gravatar.com\\\/avatar\\\/5e6c05150ce3230247d167f5b94d678eb05936197436d69b7921e3a95c9107ac?s=96&d=mm&r=g\",\"url\":\"https:\\\/\\\/secure.gravatar.com\\\/avatar\\\/5e6c05150ce3230247d167f5b94d678eb05936197436d69b7921e3a95c9107ac?s=96&d=mm&r=g\",\"contentUrl\":\"https:\\\/\\\/secure.gravatar.com\\\/avatar\\\/5e6c05150ce3230247d167f5b94d678eb05936197436d69b7921e3a95c9107ac?s=96&d=mm&r=g\",\"caption\":\"Issouf Tapsoba\"},\"url\":\"https:\\\/\\\/www.latribunedufaso.net\\\/?author=5\"}]}<\/script>\n<!-- \/ Yoast SEO plugin. -->","yoast_head_json":{"title":"\u00c9liminatoires Coupe du monde 2026 : Le ministre Roland Somda galvanise les Etalons\u00a0 - La Tribune du Faso","robots":{"index":"index","follow":"follow","max-snippet":"max-snippet:-1","max-image-preview":"max-image-preview:large","max-video-preview":"max-video-preview:-1"},"canonical":"https:\/\/www.latribunedufaso.net\/?p=23276","og_locale":"fr_FR","og_type":"article","og_title":"\u00c9liminatoires Coupe du monde 2026 : Le ministre Roland Somda galvanise les Etalons\u00a0 - La Tribune du Faso","og_description":"Le Ministre des Sports, de la Jeunesse et de l\u2019Emploi, Roland Somda a rendu visite aux \u00c9talons en regroupement depuis le 1er septembre 2025 pour les 7e et 8e journ\u00e9es des \u00e9liminatoires de la Coupe du Monde 2026. C&rsquo;\u00e9tait le 3 septembre 2025 \u00e0 Ouagadougou.","og_url":"https:\/\/www.latribunedufaso.net\/?p=23276","og_site_name":"La Tribune du Faso","article_publisher":"https:\/\/www.facebook.com\/LatribuneduFaso\/","article_published_time":"2025-09-04T11:31:37+00:00","og_image":[{"width":2048,"height":1053,"url":"https:\/\/www.latribunedufaso.net\/wp-content\/uploads\/2025\/09\/FB_IMG_1756984887913.jpg","type":"image\/jpeg"}],"author":"Issouf Tapsoba","twitter_misc":{"\u00c9crit par":"Issouf Tapsoba","Dur\u00e9e de lecture estim\u00e9e":"2 minutes"},"schema":{"@context":"https:\/\/schema.org","@graph":[{"@type":"Article","@id":"https:\/\/www.latribunedufaso.net\/?p=23276#article","isPartOf":{"@id":"https:\/\/www.latribunedufaso.net\/?p=23276"},"author":{"name":"Issouf Tapsoba","@id":"https:\/\/www.latribunedufaso.net\/#\/schema\/person\/e54e64c5778a7e72cf80a318b7a622b0"},"headline":"\u00c9liminatoires Coupe du monde 2026 : Le ministre Roland Somda galvanise les Etalons\u00a0","datePublished":"2025-09-04T11:31:37+00:00","mainEntityOfPage":{"@id":"https:\/\/www.latribunedufaso.net\/?p=23276"},"wordCount":401,"commentCount":0,"publisher":{"@id":"https:\/\/www.latribunedufaso.net\/#organization"},"image":{"@id":"https:\/\/www.latribunedufaso.net\/?p=23276#primaryimage"},"thumbnailUrl":"https:\/\/www.latribunedufaso.net\/wp-content\/uploads\/2025\/09\/FB_IMG_1756984887913.jpg","keywords":["\u00c9liminatoires Coupe du monde 2026","latribunedufaso.net"],"articleSection":["A la une","Actualit\u00e9","Sport"],"inLanguage":"fr-FR","potentialAction":[{"@type":"CommentAction","name":"Comment","target":["https:\/\/www.latribunedufaso.net\/?p=23276#respond"]}]},{"@type":"WebPage","@id":"https:\/\/www.latribunedufaso.net\/?p=23276","url":"https:\/\/www.latribunedufaso.net\/?p=23276","name":"\u00c9liminatoires Coupe du monde 2026 : Le ministre Roland Somda galvanise les Etalons\u00a0 - La Tribune du Faso","isPartOf":{"@id":"https:\/\/www.latribunedufaso.net\/#website"},"primaryImageOfPage":{"@id":"https:\/\/www.latribunedufaso.net\/?p=23276#primaryimage"},"image":{"@id":"https:\/\/www.latribunedufaso.net\/?p=23276#primaryimage"},"thumbnailUrl":"https:\/\/www.latribunedufaso.net\/wp-content\/uploads\/2025\/09\/FB_IMG_1756984887913.jpg","datePublished":"2025-09-04T11:31:37+00:00","breadcrumb":{"@id":"https:\/\/www.latribunedufaso.net\/?p=23276#breadcrumb"},"inLanguage":"fr-FR","potentialAction":[{"@type":"ReadAction","target":["https:\/\/www.latribunedufaso.net\/?p=23276"]}]},{"@type":"ImageObject","inLanguage":"fr-FR","@id":"https:\/\/www.latribunedufaso.net\/?p=23276#primaryimage","url":"https:\/\/www.latribunedufaso.net\/wp-content\/uploads\/2025\/09\/FB_IMG_1756984887913.jpg","contentUrl":"https:\/\/www.latribunedufaso.net\/wp-content\/uploads\/2025\/09\/FB_IMG_1756984887913.jpg","width":2048,"height":1053,"caption":"Le Ministre des Sports, de la Jeunesse et de l\u2019Emploi, Roland Somda a rendu visite aux \u00c9talons en regroupement depuis le 1er septembre 2025 pour les 7e et 8e journ\u00e9es des \u00e9liminatoires de la Coupe du Monde 2026"},{"@type":"BreadcrumbList","@id":"https:\/\/www.latribunedufaso.net\/?p=23276#breadcrumb","itemListElement":[{"@type":"ListItem","position":1,"name":"Accueil","item":"https:\/\/www.latribunedufaso.net\/"},{"@type":"ListItem","position":2,"name":"\u00c9liminatoires Coupe du monde 2026 : Le ministre Roland Somda galvanise les Etalons\u00a0"}]},{"@type":"WebSite","@id":"https:\/\/www.latribunedufaso.net\/#website","url":"https:\/\/www.latribunedufaso.net\/","name":"La Tribune du Faso","description":"L&#039;information du monde rural en un clic","publisher":{"@id":"https:\/\/www.latribunedufaso.net\/#organization"},"potentialAction":[{"@type":"SearchAction","target":{"@type":"EntryPoint","urlTemplate":"https:\/\/www.latribunedufaso.net\/?s={search_term_string}"},"query-input":{"@type":"PropertyValueSpecification","valueRequired":true,"valueName":"search_term_string"}}],"inLanguage":"fr-FR"},{"@type":"Organization","@id":"https:\/\/www.latribunedufaso.net\/#organization","name":"La Tribune du Faso","url":"https:\/\/www.latribunedufaso.net\/","logo":{"@type":"ImageObject","inLanguage":"fr-FR","@id":"https:\/\/www.latribunedufaso.net\/#\/schema\/logo\/image\/","url":"https:\/\/www.latribunedufaso.net\/wp-content\/uploads\/2020\/08\/Logo-Tribune-du-Faso-final-scaled.jpg","contentUrl":"https:\/\/www.latribunedufaso.net\/wp-content\/uploads\/2020\/08\/Logo-Tribune-du-Faso-final-scaled.jpg","width":2560,"height":1856,"caption":"La Tribune du Faso"},"image":{"@id":"https:\/\/www.latribunedufaso.net\/#\/schema\/logo\/image\/"},"sameAs":["https:\/\/www.facebook.com\/LatribuneduFaso\/"]},{"@type":"Person","@id":"https:\/\/www.latribunedufaso.net\/#\/schema\/person\/e54e64c5778a7e72cf80a318b7a622b0","name":"Issouf Tapsoba","image":{"@type":"ImageObject","inLanguage":"fr-FR","@id":"https:\/\/secure.gravatar.com\/avatar\/5e6c05150ce3230247d167f5b94d678eb05936197436d69b7921e3a95c9107ac?s=96&d=mm&r=g","url":"https:\/\/secure.gravatar.com\/avatar\/5e6c05150ce3230247d167f5b94d678eb05936197436d69b7921e3a95c9107ac?s=96&d=mm&r=g","contentUrl":"https:\/\/secure.gravatar.com\/avatar\/5e6c05150ce3230247d167f5b94d678eb05936197436d69b7921e3a95c9107ac?s=96&d=mm&r=g","caption":"Issouf Tapsoba"},"url":"https:\/\/www.latribunedufaso.net\/?author=5"}]}},"_links":{"self":[{"href":"https:\/\/www.latribunedufaso.net\/index.php?rest_route=\/wp\/v2\/posts\/23276","targetHints":{"allow":["GET"]}}],"collection":[{"href":"https:\/\/www.latribunedufaso.net\/index.php?rest_route=\/wp\/v2\/posts"}],"about":[{"href":"https:\/\/www.latribunedufaso.net\/index.php?rest_route=\/wp\/v2\/types\/post"}],"author":[{"embeddable":true,"href":"https:\/\/www.latribunedufaso.net\/index.php?rest_route=\/wp\/v2\/users\/5"}],"replies":[{"embeddable":true,"href":"https:\/\/www.latribunedufaso.net\/index.php?rest_route=%2Fwp%2Fv2%2Fcomments&post=23276"}],"version-history":[{"count":1,"href":"https:\/\/www.latribunedufaso.net\/index.php?rest_route=\/wp\/v2\/posts\/23276\/revisions"}],"predecessor-version":[{"id":23280,"href":"https:\/\/www.latribunedufaso.net\/index.php?rest_route=\/wp\/v2\/posts\/23276\/revisions\/23280"}],"wp:featuredmedia":[{"embeddable":true,"href":"https:\/\/www.latribunedufaso.net\/index.php?rest_route=\/wp\/v2\/media\/23279"}],"wp:attachment":[{"href":"https:\/\/www.latribunedufaso.net\/index.php?rest_route=%2Fwp%2Fv2%2Fmedia&parent=23276"}],"wp:term":[{"taxonomy":"category","embeddable":true,"href":"https:\/\/www.latribunedufaso.net\/index.php?rest_route=%2Fwp%2Fv2%2Fcategories&post=23276"},{"taxonomy":"post_tag","embeddable":true,"href":"https:\/\/www.latribunedufaso.net\/index.php?rest_route=%2Fwp%2Fv2%2Ftags&post=23276"}],"curies":[{"name":"wp","href":"https:\/\/api.w.org\/{rel}","templated":true}]}}