{"id":23252,"date":"2025-09-03T13:01:42","date_gmt":"2025-09-03T13:01:42","guid":{"rendered":"https:\/\/www.latribunedufaso.net\/?p=23252"},"modified":"2025-09-03T13:03:53","modified_gmt":"2025-09-03T13:03:53","slug":"education-la-mine-essakane-celebre-lexcellence-scolaire-dans-sa-region-hote","status":"publish","type":"post","link":"https:\/\/www.latribunedufaso.net\/?p=23252","title":{"rendered":"\u00c9ducation :\u00a0La mine Essakane c\u00e9l\u00e8bre l\u2019excellence scolaire dans sa r\u00e9gion h\u00f4te"},"content":{"rendered":"<p><strong>Mardi, 2 septembre 2025, les Directions r\u00e9gionales de l\u2019\u00e9ducation pr\u00e9scolaire, primaire et non formelle du Liptako et du Soum (ex Sahel) en partenariat avec la soci\u00e9t\u00e9 mini\u00e8re IAMGOLD Essakane SA, a organis\u00e9 \u00e0 Dori, une c\u00e9r\u00e9monie de distinction des meilleurs \u00e9l\u00e8ves et enseignants de cette r\u00e9gion. L\u2019\u00e9v\u00e9nement a r\u00e9uni de nombreuses personnalit\u00e9s locales, d\u2019auorit\u00e9s du syst\u00e8me educatif, d\u2019acteurs institutionnels, et du repr\u00e9sentant de la mine Essakane, Franck NAPON qui a mis en avant la responsabilit\u00e9 soci\u00e9tale d\u2019entreprise (RSE).\u00a0<\/strong><!--more--><\/p>\n<p>75 acteurs scolaires et 4 \u00e9coles ont \u00e9t\u00e9 r\u00e9compens\u00e9s pour leur m\u00e9rite et leur pers\u00e9v\u00e9rance. Le Secr\u00e9taire g\u00e9n\u00e9ral de la R\u00e9gion (SGR), Auguste KINDA a rendu hommage aux brillants et enseignants qui se sont distingu\u00e9s lors des examens scolaires de 2025. Le SGR a fait savoir aux acteurs de l\u2019\u00e9ducation qu\u2019ils sont les gardiens silencieux d\u2019une promesse \u00e9tatique, celle d\u2019une \u00e9cole pour tous et partout. <em><strong>\u00ab En d\u00e9pit des risques, vous avez maintenu la flamme de l\u2019\u00e9ducation allum\u00e9e. C\u2019est gr\u00e2ce \u00e0 vous que nos enfants continuent de r\u00eaver et de croire en leur avenir. Vous \u00eates les architectes du d\u00e9veloppement, les h\u00e9ros du quotidien \u00bb,<\/strong><\/em> a-t-il poursuivi. Pour lui, l\u2019\u00e9ducation est une arme des plus puissantes contre l\u2019extr\u00e9misme, la pauvret\u00e9 et l\u2019exclusion. D\u2019o\u00f9 son invite \u00e0 maintenir le cap en vue d\u2019engranger des acquis les ann\u00e9es \u00e0 venir.<\/p>\n<figure id=\"attachment_23256\" aria-describedby=\"caption-attachment-23256\" style=\"width: 809px\" class=\"wp-caption aligncenter\"><a href=\"https:\/\/www.latribunedufaso.net\/wp-content\/uploads\/2025\/09\/IMG-20250903-WA0022.jpg\"><img loading=\"lazy\" decoding=\"async\" class=\"size-full wp-image-23256\" src=\"https:\/\/www.latribunedufaso.net\/wp-content\/uploads\/2025\/09\/IMG-20250903-WA0022.jpg\" alt=\"Essakane SA a organis\u00e9 une c\u00e9r\u00e9monie de distinction des meilleurs \u00e9l\u00e8ves et enseignants du Liptako et du Soum (ex Sahel), 2 septembre \u00e0 Dori\" width=\"809\" height=\"1080\" srcset=\"https:\/\/www.latribunedufaso.net\/wp-content\/uploads\/2025\/09\/IMG-20250903-WA0022.jpg 809w, https:\/\/www.latribunedufaso.net\/wp-content\/uploads\/2025\/09\/IMG-20250903-WA0022-225x300.jpg 225w, https:\/\/www.latribunedufaso.net\/wp-content\/uploads\/2025\/09\/IMG-20250903-WA0022-767x1024.jpg 767w, https:\/\/www.latribunedufaso.net\/wp-content\/uploads\/2025\/09\/IMG-20250903-WA0022-768x1025.jpg 768w\" sizes=\"auto, (max-width: 809px) 100vw, 809px\" \/><\/a><figcaption id=\"caption-attachment-23256\" class=\"wp-caption-text\">Le Secr\u00e9taire g\u00e9n\u00e9ral de la R\u00e9gion, Auguste KINDA a indiqu\u00e9 qu\u2019\u00e0 travers cette c\u00e9l\u00e9bration, la lumi\u00e8re du savoir continue de briller au Sahel &#8211; Ph. DR<\/figcaption><\/figure>\n<p>Les laur\u00e9ats ont re\u00e7u 14 ordinateurs, 12 motos, 40 v\u00e9los, 4 imprimantes, 10 tablettes et 42 kits scolaires. Le Directeur r\u00e9gional de l\u2019enseignement secondaire, de la formation professionnelle et technique du Liptako, Salifou PORGO a exprim\u00e9 toute sa satisfaction \u00e0 l\u2019\u00e9gard des acteurs du monde \u00e9ducatif. A l\u2019entendre, ils ont fait preuve de r\u00e9silience, de don de soi et les r\u00e9sultats ont accompagn\u00e9.<\/p>\n<p>A l\u2019endroit des diff\u00e9rents partenaires de l\u2019\u00e9ducation intervenant dans la r\u00e9gion ainsi que des Forces de d\u00e9fense et de s\u00e9curit\u00e9 (FDS) et des Volontaires pour la d\u00e9fense de la patrie (VDP), il a exprim\u00e9 sa reconnaissance pour leur soutien sans faille. <em><strong>\u00ab Leur r\u00f4le et apport sont inestimables dans la continuit\u00e9 \u00e9ducative et la r\u00e9silience des acteurs de l\u2019\u00e9cole dans la r\u00e9gion. Ils ne se sont pas limit\u00e9s \u00e0 la s\u00e9curisation des acteurs et des institutions scolaires, ils ont \u00e9galement facilit\u00e9 la mobilit\u00e9 des personnels dans toutes les provinces \u00bb,<\/strong><\/em> a expliqu\u00e9 M Porgo.\u00a0<\/p>\n<figure id=\"attachment_23257\" aria-describedby=\"caption-attachment-23257\" style=\"width: 809px\" class=\"wp-caption aligncenter\"><a href=\"https:\/\/www.latribunedufaso.net\/wp-content\/uploads\/2025\/09\/IMG-20250903-WA0021.jpg\"><img loading=\"lazy\" decoding=\"async\" class=\"size-full wp-image-23257\" src=\"https:\/\/www.latribunedufaso.net\/wp-content\/uploads\/2025\/09\/IMG-20250903-WA0021.jpg\" alt=\"Essakane SA a organis\u00e9 une c\u00e9r\u00e9monie de distinction des meilleurs \u00e9l\u00e8ves et enseignants du Liptako et du Soum (ex Sahel), 2 septembre \u00e0 Dori\" width=\"809\" height=\"1080\" srcset=\"https:\/\/www.latribunedufaso.net\/wp-content\/uploads\/2025\/09\/IMG-20250903-WA0021.jpg 809w, https:\/\/www.latribunedufaso.net\/wp-content\/uploads\/2025\/09\/IMG-20250903-WA0021-225x300.jpg 225w, https:\/\/www.latribunedufaso.net\/wp-content\/uploads\/2025\/09\/IMG-20250903-WA0021-767x1024.jpg 767w, https:\/\/www.latribunedufaso.net\/wp-content\/uploads\/2025\/09\/IMG-20250903-WA0021-768x1025.jpg 768w\" sizes=\"auto, (max-width: 809px) 100vw, 809px\" \/><\/a><figcaption id=\"caption-attachment-23257\" class=\"wp-caption-text\">Le Directeur r\u00e9gional de l\u2019enseignement secondaire, de la formation professionnelle et technique du Liptako, Salifou Porgo a f\u00e9licit\u00e9 tous les acteurs pour les r\u00e9sultats acquis &#8211; Ph. DR<\/figcaption><\/figure>\n<h3>Engagement pour le m\u00e9rite scolaire<\/h3>\n<p>Le Directeur r\u00e9gional en charge de l\u2019enseignement secondaire a salu\u00e9 les performances de l\u2019ann\u00e9e \u00e9coul\u00e9e : <em><strong>\u00ab Nous sommes particuli\u00e8rement satisfaits, car les acteurs de l\u2019\u00e9ducation ont su faire preuve de r\u00e9silience et d\u2019abn\u00e9gation malgr\u00e9 un contexte difficile. Les r\u00e9sultats enregistr\u00e9s aux diff\u00e9rents examens du CEP, BEPC, BEP et Baccalaur\u00e9at sont tr\u00e8s encourageants \u00bb<\/strong><\/em>.<\/p>\n<p><em><strong>\u00ab \u00c0 travers ces distinctions, nous cherchons avant tout \u00e0 stimuler l\u2019\u00e9mulation. Nous esp\u00e9rons que ceux qui n\u2019ont pas \u00e9t\u00e9 r\u00e9compens\u00e9s cette ann\u00e9e travailleront davantage pour figurer au palmar\u00e8s dans les ann\u00e9es \u00e0 venir \u00bb<\/strong><\/em>, a poursuivi M. PORGO.<\/p>\n<figure id=\"attachment_23255\" aria-describedby=\"caption-attachment-23255\" style=\"width: 809px\" class=\"wp-caption aligncenter\"><a href=\"https:\/\/www.latribunedufaso.net\/wp-content\/uploads\/2025\/09\/IMG-20250903-WA0023.jpg\"><img loading=\"lazy\" decoding=\"async\" class=\"size-full wp-image-23255\" src=\"https:\/\/www.latribunedufaso.net\/wp-content\/uploads\/2025\/09\/IMG-20250903-WA0023.jpg\" alt=\"Essakane SA a organis\u00e9 une c\u00e9r\u00e9monie de distinction des meilleurs \u00e9l\u00e8ves et enseignants du Liptako et du Soum (ex Sahel), 2 septembre \u00e0 Dori\" width=\"809\" height=\"1080\" srcset=\"https:\/\/www.latribunedufaso.net\/wp-content\/uploads\/2025\/09\/IMG-20250903-WA0023.jpg 809w, https:\/\/www.latribunedufaso.net\/wp-content\/uploads\/2025\/09\/IMG-20250903-WA0023-225x300.jpg 225w, https:\/\/www.latribunedufaso.net\/wp-content\/uploads\/2025\/09\/IMG-20250903-WA0023-767x1024.jpg 767w, https:\/\/www.latribunedufaso.net\/wp-content\/uploads\/2025\/09\/IMG-20250903-WA0023-768x1025.jpg 768w\" sizes=\"auto, (max-width: 809px) 100vw, 809px\" \/><\/a><figcaption id=\"caption-attachment-23255\" class=\"wp-caption-text\">Le Directeur Sant\u00e9-S\u00e9curit\u00e9 &amp; D\u00e9veloppement Durable de IAMGOLD Essakane SA, Franck NAPON a salu\u00e9 la r\u00e9silience et la d\u00e9termination des acteurs du monde \u00e9ducatif du Lipatko qui assurent la continuit\u00e9 \u00e9ducative dans un contexte s\u00e9curitaire difficile &#8211; Ph. DR<\/figcaption><\/figure>\n<p>Selon le Directeur en charge de la Sant\u00e9-S\u00e9curit\u00e9 &amp; D\u00e9veloppement Durable de la soci\u00e9t\u00e9 mini\u00e8re IAMGOLD Essakane SA, Franck NAPON, repr\u00e9sentant le Directeur g\u00e9n\u00e9ral, Tidiane BARRY, cette c\u00e9l\u00e9bration de l\u2019excellence qui est une des valeurs de la mine, est sans nul doute un moyen de renforcer la r\u00e9silience des acteurs et d\u2019encourager la continuit\u00e9 \u00e9ducative dans la r\u00e9gion malgr\u00e9 le contexte difficile.<\/p>\n<p>C\u2019est pourquoi, il a indiqu\u00e9 que les acteurs m\u00e9ritent plus que jamais d\u2019\u00eatre magnifi\u00e9s, \u00e0 travers non seulement l\u2019organisation d\u2019une journ\u00e9e d\u2019excellence, mais aussi \u00e0 travers une franche collaboration de tous les jours et un soutien constant \u00e0 ces hommes et femmes qui ont choisi de former la rel\u00e8ve de demain. <em><strong>\u00ab Notre soci\u00e9t\u00e9 mini\u00e8re en tant qu\u2019entreprise citoyenne et socialement responsable, ne m\u00e9nagera aucun effort pour accompagner l\u2019Etat Burkinab\u00e8 pour une \u00e9ducation de qualit\u00e9 partout au Faso \u00bb, <\/strong><\/em>a pr\u00e9cis\u00e9 M. NAPON.<\/p>\n<h3>Levier majeur de valorisation du travail scolaire<\/h3>\n<p>La Journ\u00e9e de l\u2019excellence scolaire r\u00e9compense les meilleurs \u00e9l\u00e8ves et enseignants de l\u2019enseignement primaire, post-primaire et secondaire, qui ont produit des r\u00e9sultats exceptionnels. L\u2019\u00e9v\u00e9nement r\u00e9gional de Dori est l\u2019occasion de mettre en lumi\u00e8re les efforts remarquables fournis par les \u00e9l\u00e8ves et leurs encadreurs ainsi que leurs familles, dans un contexte parfois difficile, mais toujours port\u00e9 par la volont\u00e9 d\u2019apprendre et de r\u00e9ussir.<\/p>\n<figure id=\"attachment_23254\" aria-describedby=\"caption-attachment-23254\" style=\"width: 1080px\" class=\"wp-caption aligncenter\"><a href=\"https:\/\/www.latribunedufaso.net\/wp-content\/uploads\/2025\/09\/IMG-20250903-WA0024.jpg\"><img loading=\"lazy\" decoding=\"async\" class=\"size-full wp-image-23254\" src=\"https:\/\/www.latribunedufaso.net\/wp-content\/uploads\/2025\/09\/IMG-20250903-WA0024.jpg\" alt=\"Essakane SA a organis\u00e9 une c\u00e9r\u00e9monie de distinction des meilleurs \u00e9l\u00e8ves et enseignants du Liptako et du Soum (ex Sahel), 2 septembre \u00e0 Dori\" width=\"1080\" height=\"809\" srcset=\"https:\/\/www.latribunedufaso.net\/wp-content\/uploads\/2025\/09\/IMG-20250903-WA0024.jpg 1080w, https:\/\/www.latribunedufaso.net\/wp-content\/uploads\/2025\/09\/IMG-20250903-WA0024-300x225.jpg 300w, https:\/\/www.latribunedufaso.net\/wp-content\/uploads\/2025\/09\/IMG-20250903-WA0024-1024x767.jpg 1024w, https:\/\/www.latribunedufaso.net\/wp-content\/uploads\/2025\/09\/IMG-20250903-WA0024-768x575.jpg 768w\" sizes=\"auto, (max-width: 1080px) 100vw, 1080px\" \/><\/a><figcaption id=\"caption-attachment-23254\" class=\"wp-caption-text\">Les laur\u00e9ats ayant re\u00e7us leurs engins en compagnie des autorit\u00e9s &#8211; Ph. DR<\/figcaption><\/figure>\n<p>La r\u00e9gion a enregistr\u00e9 un taux de r\u00e9ussite de 88% au Certificat d\u2019\u00c9tudes Primaires (CEP), de 45% au Brevet d\u2019\u00c9tudes Professionnelles (BEP), de 59 % au Brevet d\u2019\u00c9tudes du Premier Cycle (BEPC) et de 67% au Baccalaur\u00e9at (Bac) soit le meilleur taux national. La rigueur, la discipline et le travail acharn\u00e9, sont les cl\u00e9s de la r\u00e9ussite scolaire.\u00a0<\/p>\n<blockquote>\n<p>Lire aussi &gt;&gt; <a href=\"https:\/\/www.latribunedufaso.net\/?p=22415\">Ouagadougou : IAMGOLD Essakane SA c\u00e9l\u00e8bre ses 15 ans avec une journ\u00e9e de salubrit\u00e9 citoyenne<\/a><\/p>\n<\/blockquote>\n<p>La mine Essakane a investi une dizaine de millions de francs CFA dans cette initiative qui vise \u00e0 promouvoir l\u2019excellence, tout en instaurant davantage les valeurs de travail et de m\u00e9rite au sein de la jeunesse locale. Au-del\u00e0 de ce rendez-vous annuel de reconnaissance, la mine Essakane contribue depuis son implantation au Sahel \u00e0 l\u2019\u00e9panouissement des jeunes, \u00e0 la culture de l\u2019effort et la promotion du capital humain.<\/p>\n<p><strong>Correspondance particuli\u00e8re\u00a0<\/strong><\/p>\n<p><strong>Latribunedufaso.net<\/strong><\/p>\n","protected":false},"excerpt":{"rendered":"<p>Mardi, 2 septembre 2025, les Directions r\u00e9gionales de l\u2019\u00e9ducation pr\u00e9scolaire, primaire et non formelle du Liptako et du Soum (ex Sahel) en partenariat avec la soci\u00e9t\u00e9 mini\u00e8re IAMGOLD Essakane SA, a organis\u00e9 \u00e0 Dori, une c\u00e9r\u00e9monie de distinction des meilleurs \u00e9l\u00e8ves et enseignants de cette r\u00e9gion. L\u2019\u00e9v\u00e9nement a r\u00e9uni de nombreuses personnalit\u00e9s locales, d\u2019auorit\u00e9s du syst\u00e8me educatif, d\u2019acteurs institutionnels, et du repr\u00e9sentant de la mine Essakane, Franck NAPON qui a mis en avant la responsabilit\u00e9 soci\u00e9tale d\u2019entreprise (RSE).\u00a0<\/p>\n","protected":false},"author":5,"featured_media":23254,"comment_status":"open","ping_status":"open","sticky":false,"template":"","format":"standard","meta":{"footnotes":""},"categories":[13,1,31,19],"tags":[981,39],"class_list":["post-23252","post","type-post","status-publish","format-standard","has-post-thumbnail","hentry","category-une","category-actu","category-education","category-mines-et-carrieres","tag-iamgold-essakane-sa","tag-latribunedufaso-net"],"yoast_head":"<!-- This site is optimized with the Yoast SEO plugin v27.5 - https:\/\/yoast.com\/product\/yoast-seo-wordpress\/ -->\n<title>\u00c9ducation :\u00a0La mine Essakane c\u00e9l\u00e8bre l\u2019excellence scolaire dans sa r\u00e9gion h\u00f4te - La Tribune du Faso<\/title>\n<meta name=\"robots\" content=\"index, follow, max-snippet:-1, max-image-preview:large, max-video-preview:-1\" \/>\n<link rel=\"canonical\" href=\"https:\/\/www.latribunedufaso.net\/?p=23252\" \/>\n<meta property=\"og:locale\" content=\"fr_FR\" \/>\n<meta property=\"og:type\" content=\"article\" \/>\n<meta property=\"og:title\" content=\"\u00c9ducation :\u00a0La mine Essakane c\u00e9l\u00e8bre l\u2019excellence scolaire dans sa r\u00e9gion h\u00f4te - La Tribune du Faso\" \/>\n<meta property=\"og:description\" content=\"Mardi, 2 septembre 2025, les Directions r\u00e9gionales de l\u2019\u00e9ducation pr\u00e9scolaire, primaire et non formelle du Liptako et du Soum (ex Sahel) en partenariat avec la soci\u00e9t\u00e9 mini\u00e8re IAMGOLD Essakane SA, a organis\u00e9 \u00e0 Dori, une c\u00e9r\u00e9monie de distinction des meilleurs \u00e9l\u00e8ves et enseignants de cette r\u00e9gion. L\u2019\u00e9v\u00e9nement a r\u00e9uni de nombreuses personnalit\u00e9s locales, d\u2019auorit\u00e9s du syst\u00e8me educatif, d\u2019acteurs institutionnels, et du repr\u00e9sentant de la mine Essakane, Franck NAPON qui a mis en avant la responsabilit\u00e9 soci\u00e9tale d\u2019entreprise (RSE).\u00a0\" \/>\n<meta property=\"og:url\" content=\"https:\/\/www.latribunedufaso.net\/?p=23252\" \/>\n<meta property=\"og:site_name\" content=\"La Tribune du Faso\" \/>\n<meta property=\"article:publisher\" content=\"https:\/\/www.facebook.com\/LatribuneduFaso\/\" \/>\n<meta property=\"article:published_time\" content=\"2025-09-03T13:01:42+00:00\" \/>\n<meta property=\"article:modified_time\" content=\"2025-09-03T13:03:53+00:00\" \/>\n<meta property=\"og:image\" content=\"https:\/\/www.latribunedufaso.net\/wp-content\/uploads\/2025\/09\/IMG-20250903-WA0024.jpg\" \/>\n\t<meta property=\"og:image:width\" content=\"1080\" \/>\n\t<meta property=\"og:image:height\" content=\"809\" \/>\n\t<meta property=\"og:image:type\" content=\"image\/jpeg\" \/>\n<meta name=\"author\" content=\"Issouf Tapsoba\" \/>\n<meta name=\"twitter:label1\" content=\"\u00c9crit par\" \/>\n\t<meta name=\"twitter:data1\" content=\"Issouf Tapsoba\" \/>\n\t<meta name=\"twitter:label2\" content=\"Dur\u00e9e de lecture estim\u00e9e\" \/>\n\t<meta name=\"twitter:data2\" content=\"5 minutes\" \/>\n<script type=\"application\/ld+json\" class=\"yoast-schema-graph\">{\"@context\":\"https:\\\/\\\/schema.org\",\"@graph\":[{\"@type\":\"Article\",\"@id\":\"https:\\\/\\\/www.latribunedufaso.net\\\/?p=23252#article\",\"isPartOf\":{\"@id\":\"https:\\\/\\\/www.latribunedufaso.net\\\/?p=23252\"},\"author\":{\"name\":\"Issouf Tapsoba\",\"@id\":\"https:\\\/\\\/www.latribunedufaso.net\\\/#\\\/schema\\\/person\\\/e54e64c5778a7e72cf80a318b7a622b0\"},\"headline\":\"\u00c9ducation :\u00a0La mine Essakane c\u00e9l\u00e8bre l\u2019excellence scolaire dans sa r\u00e9gion h\u00f4te\",\"datePublished\":\"2025-09-03T13:01:42+00:00\",\"dateModified\":\"2025-09-03T13:03:53+00:00\",\"mainEntityOfPage\":{\"@id\":\"https:\\\/\\\/www.latribunedufaso.net\\\/?p=23252\"},\"wordCount\":1114,\"commentCount\":0,\"publisher\":{\"@id\":\"https:\\\/\\\/www.latribunedufaso.net\\\/#organization\"},\"image\":{\"@id\":\"https:\\\/\\\/www.latribunedufaso.net\\\/?p=23252#primaryimage\"},\"thumbnailUrl\":\"https:\\\/\\\/www.latribunedufaso.net\\\/wp-content\\\/uploads\\\/2025\\\/09\\\/IMG-20250903-WA0024.jpg\",\"keywords\":[\"IAMGOLD Essakane SA\",\"latribunedufaso.net\"],\"articleSection\":[\"A la une\",\"Actualit\u00e9\",\"\u00c9ducation\",\"Mines et Carri\u00e8res\"],\"inLanguage\":\"fr-FR\",\"potentialAction\":[{\"@type\":\"CommentAction\",\"name\":\"Comment\",\"target\":[\"https:\\\/\\\/www.latribunedufaso.net\\\/?p=23252#respond\"]}]},{\"@type\":\"WebPage\",\"@id\":\"https:\\\/\\\/www.latribunedufaso.net\\\/?p=23252\",\"url\":\"https:\\\/\\\/www.latribunedufaso.net\\\/?p=23252\",\"name\":\"\u00c9ducation :\u00a0La mine Essakane c\u00e9l\u00e8bre l\u2019excellence scolaire dans sa r\u00e9gion h\u00f4te - La Tribune du Faso\",\"isPartOf\":{\"@id\":\"https:\\\/\\\/www.latribunedufaso.net\\\/#website\"},\"primaryImageOfPage\":{\"@id\":\"https:\\\/\\\/www.latribunedufaso.net\\\/?p=23252#primaryimage\"},\"image\":{\"@id\":\"https:\\\/\\\/www.latribunedufaso.net\\\/?p=23252#primaryimage\"},\"thumbnailUrl\":\"https:\\\/\\\/www.latribunedufaso.net\\\/wp-content\\\/uploads\\\/2025\\\/09\\\/IMG-20250903-WA0024.jpg\",\"datePublished\":\"2025-09-03T13:01:42+00:00\",\"dateModified\":\"2025-09-03T13:03:53+00:00\",\"breadcrumb\":{\"@id\":\"https:\\\/\\\/www.latribunedufaso.net\\\/?p=23252#breadcrumb\"},\"inLanguage\":\"fr-FR\",\"potentialAction\":[{\"@type\":\"ReadAction\",\"target\":[\"https:\\\/\\\/www.latribunedufaso.net\\\/?p=23252\"]}]},{\"@type\":\"ImageObject\",\"inLanguage\":\"fr-FR\",\"@id\":\"https:\\\/\\\/www.latribunedufaso.net\\\/?p=23252#primaryimage\",\"url\":\"https:\\\/\\\/www.latribunedufaso.net\\\/wp-content\\\/uploads\\\/2025\\\/09\\\/IMG-20250903-WA0024.jpg\",\"contentUrl\":\"https:\\\/\\\/www.latribunedufaso.net\\\/wp-content\\\/uploads\\\/2025\\\/09\\\/IMG-20250903-WA0024.jpg\",\"width\":1080,\"height\":809,\"caption\":\"Les laur\u00e9ats ayant re\u00e7us leurs engins en compagnie des autorit\u00e9s - Ph. DR\"},{\"@type\":\"BreadcrumbList\",\"@id\":\"https:\\\/\\\/www.latribunedufaso.net\\\/?p=23252#breadcrumb\",\"itemListElement\":[{\"@type\":\"ListItem\",\"position\":1,\"name\":\"Accueil\",\"item\":\"https:\\\/\\\/www.latribunedufaso.net\\\/\"},{\"@type\":\"ListItem\",\"position\":2,\"name\":\"\u00c9ducation :\u00a0La mine Essakane c\u00e9l\u00e8bre l\u2019excellence scolaire dans sa r\u00e9gion h\u00f4te\"}]},{\"@type\":\"WebSite\",\"@id\":\"https:\\\/\\\/www.latribunedufaso.net\\\/#website\",\"url\":\"https:\\\/\\\/www.latribunedufaso.net\\\/\",\"name\":\"La Tribune du Faso\",\"description\":\"L&#039;information du monde rural en un clic\",\"publisher\":{\"@id\":\"https:\\\/\\\/www.latribunedufaso.net\\\/#organization\"},\"potentialAction\":[{\"@type\":\"SearchAction\",\"target\":{\"@type\":\"EntryPoint\",\"urlTemplate\":\"https:\\\/\\\/www.latribunedufaso.net\\\/?s={search_term_string}\"},\"query-input\":{\"@type\":\"PropertyValueSpecification\",\"valueRequired\":true,\"valueName\":\"search_term_string\"}}],\"inLanguage\":\"fr-FR\"},{\"@type\":\"Organization\",\"@id\":\"https:\\\/\\\/www.latribunedufaso.net\\\/#organization\",\"name\":\"La Tribune du Faso\",\"url\":\"https:\\\/\\\/www.latribunedufaso.net\\\/\",\"logo\":{\"@type\":\"ImageObject\",\"inLanguage\":\"fr-FR\",\"@id\":\"https:\\\/\\\/www.latribunedufaso.net\\\/#\\\/schema\\\/logo\\\/image\\\/\",\"url\":\"https:\\\/\\\/www.latribunedufaso.net\\\/wp-content\\\/uploads\\\/2020\\\/08\\\/Logo-Tribune-du-Faso-final-scaled.jpg\",\"contentUrl\":\"https:\\\/\\\/www.latribunedufaso.net\\\/wp-content\\\/uploads\\\/2020\\\/08\\\/Logo-Tribune-du-Faso-final-scaled.jpg\",\"width\":2560,\"height\":1856,\"caption\":\"La Tribune du Faso\"},\"image\":{\"@id\":\"https:\\\/\\\/www.latribunedufaso.net\\\/#\\\/schema\\\/logo\\\/image\\\/\"},\"sameAs\":[\"https:\\\/\\\/www.facebook.com\\\/LatribuneduFaso\\\/\"]},{\"@type\":\"Person\",\"@id\":\"https:\\\/\\\/www.latribunedufaso.net\\\/#\\\/schema\\\/person\\\/e54e64c5778a7e72cf80a318b7a622b0\",\"name\":\"Issouf Tapsoba\",\"image\":{\"@type\":\"ImageObject\",\"inLanguage\":\"fr-FR\",\"@id\":\"https:\\\/\\\/secure.gravatar.com\\\/avatar\\\/5e6c05150ce3230247d167f5b94d678eb05936197436d69b7921e3a95c9107ac?s=96&d=mm&r=g\",\"url\":\"https:\\\/\\\/secure.gravatar.com\\\/avatar\\\/5e6c05150ce3230247d167f5b94d678eb05936197436d69b7921e3a95c9107ac?s=96&d=mm&r=g\",\"contentUrl\":\"https:\\\/\\\/secure.gravatar.com\\\/avatar\\\/5e6c05150ce3230247d167f5b94d678eb05936197436d69b7921e3a95c9107ac?s=96&d=mm&r=g\",\"caption\":\"Issouf Tapsoba\"},\"url\":\"https:\\\/\\\/www.latribunedufaso.net\\\/?author=5\"}]}<\/script>\n<!-- \/ Yoast SEO plugin. -->","yoast_head_json":{"title":"\u00c9ducation :\u00a0La mine Essakane c\u00e9l\u00e8bre l\u2019excellence scolaire dans sa r\u00e9gion h\u00f4te - La Tribune du Faso","robots":{"index":"index","follow":"follow","max-snippet":"max-snippet:-1","max-image-preview":"max-image-preview:large","max-video-preview":"max-video-preview:-1"},"canonical":"https:\/\/www.latribunedufaso.net\/?p=23252","og_locale":"fr_FR","og_type":"article","og_title":"\u00c9ducation :\u00a0La mine Essakane c\u00e9l\u00e8bre l\u2019excellence scolaire dans sa r\u00e9gion h\u00f4te - La Tribune du Faso","og_description":"Mardi, 2 septembre 2025, les Directions r\u00e9gionales de l\u2019\u00e9ducation pr\u00e9scolaire, primaire et non formelle du Liptako et du Soum (ex Sahel) en partenariat avec la soci\u00e9t\u00e9 mini\u00e8re IAMGOLD Essakane SA, a organis\u00e9 \u00e0 Dori, une c\u00e9r\u00e9monie de distinction des meilleurs \u00e9l\u00e8ves et enseignants de cette r\u00e9gion. L\u2019\u00e9v\u00e9nement a r\u00e9uni de nombreuses personnalit\u00e9s locales, d\u2019auorit\u00e9s du syst\u00e8me educatif, d\u2019acteurs institutionnels, et du repr\u00e9sentant de la mine Essakane, Franck NAPON qui a mis en avant la responsabilit\u00e9 soci\u00e9tale d\u2019entreprise (RSE).\u00a0","og_url":"https:\/\/www.latribunedufaso.net\/?p=23252","og_site_name":"La Tribune du Faso","article_publisher":"https:\/\/www.facebook.com\/LatribuneduFaso\/","article_published_time":"2025-09-03T13:01:42+00:00","article_modified_time":"2025-09-03T13:03:53+00:00","og_image":[{"width":1080,"height":809,"url":"https:\/\/www.latribunedufaso.net\/wp-content\/uploads\/2025\/09\/IMG-20250903-WA0024.jpg","type":"image\/jpeg"}],"author":"Issouf Tapsoba","twitter_misc":{"\u00c9crit par":"Issouf Tapsoba","Dur\u00e9e de lecture estim\u00e9e":"5 minutes"},"schema":{"@context":"https:\/\/schema.org","@graph":[{"@type":"Article","@id":"https:\/\/www.latribunedufaso.net\/?p=23252#article","isPartOf":{"@id":"https:\/\/www.latribunedufaso.net\/?p=23252"},"author":{"name":"Issouf Tapsoba","@id":"https:\/\/www.latribunedufaso.net\/#\/schema\/person\/e54e64c5778a7e72cf80a318b7a622b0"},"headline":"\u00c9ducation :\u00a0La mine Essakane c\u00e9l\u00e8bre l\u2019excellence scolaire dans sa r\u00e9gion h\u00f4te","datePublished":"2025-09-03T13:01:42+00:00","dateModified":"2025-09-03T13:03:53+00:00","mainEntityOfPage":{"@id":"https:\/\/www.latribunedufaso.net\/?p=23252"},"wordCount":1114,"commentCount":0,"publisher":{"@id":"https:\/\/www.latribunedufaso.net\/#organization"},"image":{"@id":"https:\/\/www.latribunedufaso.net\/?p=23252#primaryimage"},"thumbnailUrl":"https:\/\/www.latribunedufaso.net\/wp-content\/uploads\/2025\/09\/IMG-20250903-WA0024.jpg","keywords":["IAMGOLD Essakane SA","latribunedufaso.net"],"articleSection":["A la une","Actualit\u00e9","\u00c9ducation","Mines et Carri\u00e8res"],"inLanguage":"fr-FR","potentialAction":[{"@type":"CommentAction","name":"Comment","target":["https:\/\/www.latribunedufaso.net\/?p=23252#respond"]}]},{"@type":"WebPage","@id":"https:\/\/www.latribunedufaso.net\/?p=23252","url":"https:\/\/www.latribunedufaso.net\/?p=23252","name":"\u00c9ducation :\u00a0La mine Essakane c\u00e9l\u00e8bre l\u2019excellence scolaire dans sa r\u00e9gion h\u00f4te - La Tribune du Faso","isPartOf":{"@id":"https:\/\/www.latribunedufaso.net\/#website"},"primaryImageOfPage":{"@id":"https:\/\/www.latribunedufaso.net\/?p=23252#primaryimage"},"image":{"@id":"https:\/\/www.latribunedufaso.net\/?p=23252#primaryimage"},"thumbnailUrl":"https:\/\/www.latribunedufaso.net\/wp-content\/uploads\/2025\/09\/IMG-20250903-WA0024.jpg","datePublished":"2025-09-03T13:01:42+00:00","dateModified":"2025-09-03T13:03:53+00:00","breadcrumb":{"@id":"https:\/\/www.latribunedufaso.net\/?p=23252#breadcrumb"},"inLanguage":"fr-FR","potentialAction":[{"@type":"ReadAction","target":["https:\/\/www.latribunedufaso.net\/?p=23252"]}]},{"@type":"ImageObject","inLanguage":"fr-FR","@id":"https:\/\/www.latribunedufaso.net\/?p=23252#primaryimage","url":"https:\/\/www.latribunedufaso.net\/wp-content\/uploads\/2025\/09\/IMG-20250903-WA0024.jpg","contentUrl":"https:\/\/www.latribunedufaso.net\/wp-content\/uploads\/2025\/09\/IMG-20250903-WA0024.jpg","width":1080,"height":809,"caption":"Les laur\u00e9ats ayant re\u00e7us leurs engins en compagnie des autorit\u00e9s - Ph. DR"},{"@type":"BreadcrumbList","@id":"https:\/\/www.latribunedufaso.net\/?p=23252#breadcrumb","itemListElement":[{"@type":"ListItem","position":1,"name":"Accueil","item":"https:\/\/www.latribunedufaso.net\/"},{"@type":"ListItem","position":2,"name":"\u00c9ducation :\u00a0La mine Essakane c\u00e9l\u00e8bre l\u2019excellence scolaire dans sa r\u00e9gion h\u00f4te"}]},{"@type":"WebSite","@id":"https:\/\/www.latribunedufaso.net\/#website","url":"https:\/\/www.latribunedufaso.net\/","name":"La Tribune du Faso","description":"L&#039;information du monde rural en un clic","publisher":{"@id":"https:\/\/www.latribunedufaso.net\/#organization"},"potentialAction":[{"@type":"SearchAction","target":{"@type":"EntryPoint","urlTemplate":"https:\/\/www.latribunedufaso.net\/?s={search_term_string}"},"query-input":{"@type":"PropertyValueSpecification","valueRequired":true,"valueName":"search_term_string"}}],"inLanguage":"fr-FR"},{"@type":"Organization","@id":"https:\/\/www.latribunedufaso.net\/#organization","name":"La Tribune du Faso","url":"https:\/\/www.latribunedufaso.net\/","logo":{"@type":"ImageObject","inLanguage":"fr-FR","@id":"https:\/\/www.latribunedufaso.net\/#\/schema\/logo\/image\/","url":"https:\/\/www.latribunedufaso.net\/wp-content\/uploads\/2020\/08\/Logo-Tribune-du-Faso-final-scaled.jpg","contentUrl":"https:\/\/www.latribunedufaso.net\/wp-content\/uploads\/2020\/08\/Logo-Tribune-du-Faso-final-scaled.jpg","width":2560,"height":1856,"caption":"La Tribune du Faso"},"image":{"@id":"https:\/\/www.latribunedufaso.net\/#\/schema\/logo\/image\/"},"sameAs":["https:\/\/www.facebook.com\/LatribuneduFaso\/"]},{"@type":"Person","@id":"https:\/\/www.latribunedufaso.net\/#\/schema\/person\/e54e64c5778a7e72cf80a318b7a622b0","name":"Issouf Tapsoba","image":{"@type":"ImageObject","inLanguage":"fr-FR","@id":"https:\/\/secure.gravatar.com\/avatar\/5e6c05150ce3230247d167f5b94d678eb05936197436d69b7921e3a95c9107ac?s=96&d=mm&r=g","url":"https:\/\/secure.gravatar.com\/avatar\/5e6c05150ce3230247d167f5b94d678eb05936197436d69b7921e3a95c9107ac?s=96&d=mm&r=g","contentUrl":"https:\/\/secure.gravatar.com\/avatar\/5e6c05150ce3230247d167f5b94d678eb05936197436d69b7921e3a95c9107ac?s=96&d=mm&r=g","caption":"Issouf Tapsoba"},"url":"https:\/\/www.latribunedufaso.net\/?author=5"}]}},"_links":{"self":[{"href":"https:\/\/www.latribunedufaso.net\/index.php?rest_route=\/wp\/v2\/posts\/23252","targetHints":{"allow":["GET"]}}],"collection":[{"href":"https:\/\/www.latribunedufaso.net\/index.php?rest_route=\/wp\/v2\/posts"}],"about":[{"href":"https:\/\/www.latribunedufaso.net\/index.php?rest_route=\/wp\/v2\/types\/post"}],"author":[{"embeddable":true,"href":"https:\/\/www.latribunedufaso.net\/index.php?rest_route=\/wp\/v2\/users\/5"}],"replies":[{"embeddable":true,"href":"https:\/\/www.latribunedufaso.net\/index.php?rest_route=%2Fwp%2Fv2%2Fcomments&post=23252"}],"version-history":[{"count":2,"href":"https:\/\/www.latribunedufaso.net\/index.php?rest_route=\/wp\/v2\/posts\/23252\/revisions"}],"predecessor-version":[{"id":23258,"href":"https:\/\/www.latribunedufaso.net\/index.php?rest_route=\/wp\/v2\/posts\/23252\/revisions\/23258"}],"wp:featuredmedia":[{"embeddable":true,"href":"https:\/\/www.latribunedufaso.net\/index.php?rest_route=\/wp\/v2\/media\/23254"}],"wp:attachment":[{"href":"https:\/\/www.latribunedufaso.net\/index.php?rest_route=%2Fwp%2Fv2%2Fmedia&parent=23252"}],"wp:term":[{"taxonomy":"category","embeddable":true,"href":"https:\/\/www.latribunedufaso.net\/index.php?rest_route=%2Fwp%2Fv2%2Fcategories&post=23252"},{"taxonomy":"post_tag","embeddable":true,"href":"https:\/\/www.latribunedufaso.net\/index.php?rest_route=%2Fwp%2Fv2%2Ftags&post=23252"}],"curies":[{"name":"wp","href":"https:\/\/api.w.org\/{rel}","templated":true}]}}