{"id":23221,"date":"2025-09-02T08:36:15","date_gmt":"2025-09-02T08:36:15","guid":{"rendered":"https:\/\/www.latribunedufaso.net\/?p=23221"},"modified":"2025-09-02T14:50:06","modified_gmt":"2025-09-02T14:50:06","slug":"montee-des-couleurs-a-la-primature-le-premier-ministre-exalte-lesprit-de-la-revolution-progressiste-populaire","status":"publish","type":"post","link":"https:\/\/www.latribunedufaso.net\/?p=23221","title":{"rendered":"Mont\u00e9e des couleurs \u00e0 la Primature : Le Premier ministre exalte l\u2019esprit de la R\u00e9volution Progressiste Populaire"},"content":{"rendered":"<p><strong>La traditionnelle c\u00e9r\u00e9monie de mont\u00e9e des couleurs nationales s\u2019est d\u00e9roul\u00e9e ce lundi 1er septembre 2025 \u00e0 la Primature, sous la pr\u00e9sidence du Premier ministre, Jean Emmanuel Ou\u00e9draogo. R\u00e9unis autour du drapeau, les agents de l\u2019institution ont r\u00e9affirm\u00e9 leur attachement aux valeurs de la Nation.<\/strong><!--more--><\/p>\n<p>Dans son adresse, le chef du Gouvernement est revenu sur la R\u00e9volution Progressiste Populaire (RPP), qu\u2019il a d\u00e9crite comme une dynamique profonde port\u00e9e par le Pr\u00e9sident du Faso, le Capitaine Ibrahim Traor\u00e9. Selon lui, cette r\u00e9volution constitue <em><strong>\u00ab un engagement sacr\u00e9 avec le peuple burkinab\u00e8, un cap clair pour restaurer la dignit\u00e9 nationale \u00bb.<\/strong><\/em><\/p>\n<figure id=\"attachment_23223\" aria-describedby=\"caption-attachment-23223\" style=\"width: 960px\" class=\"wp-caption aligncenter\"><a href=\"https:\/\/www.latribunedufaso.net\/wp-content\/uploads\/2025\/09\/FB_IMG_1756824219489.jpg\"><img loading=\"lazy\" decoding=\"async\" class=\"size-full wp-image-23223\" src=\"https:\/\/www.latribunedufaso.net\/wp-content\/uploads\/2025\/09\/FB_IMG_1756824219489.jpg\" alt=\"Mont\u00e9e des couleurs \u00e0 la Primature, 1er septembre 2025\" width=\"960\" height=\"864\" srcset=\"https:\/\/www.latribunedufaso.net\/wp-content\/uploads\/2025\/09\/FB_IMG_1756824219489.jpg 960w, https:\/\/www.latribunedufaso.net\/wp-content\/uploads\/2025\/09\/FB_IMG_1756824219489-300x270.jpg 300w, https:\/\/www.latribunedufaso.net\/wp-content\/uploads\/2025\/09\/FB_IMG_1756824219489-768x691.jpg 768w\" sizes=\"auto, (max-width: 960px) 100vw, 960px\" \/><\/a><figcaption id=\"caption-attachment-23223\" class=\"wp-caption-text\">Le Premier ministre, Jean Emmanuel Ou\u00e9draogo &#8211; Ph. DR<\/figcaption><\/figure>\n<p>Le Premier ministre a salu\u00e9 l\u2019adh\u00e9sion massive des Burkinab\u00e8, tant \u00e0 l\u2019int\u00e9rieur qu\u2019au sein de la diaspora, autour des actions phares du chef de l\u2019\u00c9tat : le Fonds de Soutien Patriotique, l\u2019Agence pour la Promotion de l\u2019Entrepreneuriat Communautaire, Faso M\u00eabo, ou encore l\u2019offensive agro-sylvo-pastorale. Il a \u00e9galement insist\u00e9 sur le soutien constant aux Forces de D\u00e9fense et de S\u00e9curit\u00e9 et aux Volontaires pour la D\u00e9fense de la Patrie.<\/p>\n<p><em><strong>\u00ab Le citoyen burkinab\u00e8 n\u2019est plus un simple t\u00e9moin de son \u00e9poque, il en devient un acteur engag\u00e9, conscient des enjeux et pr\u00eat \u00e0 d\u00e9fendre les acquis \u00bb<\/strong><\/em>, a affirm\u00e9 le Premier ministre.<\/p>\n<figure id=\"attachment_23222\" aria-describedby=\"caption-attachment-23222\" style=\"width: 960px\" class=\"wp-caption aligncenter\"><a href=\"https:\/\/www.latribunedufaso.net\/wp-content\/uploads\/2025\/09\/FB_IMG_1756824223805.jpg\"><img loading=\"lazy\" decoding=\"async\" class=\"size-full wp-image-23222\" src=\"https:\/\/www.latribunedufaso.net\/wp-content\/uploads\/2025\/09\/FB_IMG_1756824223805.jpg\" alt=\"Mont\u00e9e des couleurs \u00e0 la Primature, 1er septembre 2025\" width=\"960\" height=\"686\" srcset=\"https:\/\/www.latribunedufaso.net\/wp-content\/uploads\/2025\/09\/FB_IMG_1756824223805.jpg 960w, https:\/\/www.latribunedufaso.net\/wp-content\/uploads\/2025\/09\/FB_IMG_1756824223805-300x214.jpg 300w, https:\/\/www.latribunedufaso.net\/wp-content\/uploads\/2025\/09\/FB_IMG_1756824223805-768x549.jpg 768w, https:\/\/www.latribunedufaso.net\/wp-content\/uploads\/2025\/09\/FB_IMG_1756824223805-90x65.jpg 90w\" sizes=\"auto, (max-width: 960px) 100vw, 960px\" \/><\/a><figcaption id=\"caption-attachment-23222\" class=\"wp-caption-text\">Une vue du personnel de la Primature lors de la c\u00e9r\u00e9monie &#8211; Ph. DR<\/figcaption><\/figure>\n<p>Tout en reconnaissant que les d\u00e9fis restent nombreux, il a lanc\u00e9 un appel \u00e0 la coh\u00e9sion autour de la vision du pr\u00e9sident Traor\u00e9. Il a exhort\u00e9 chacun \u00e0 maintenir le cap, \u00e0 rester solidaire et \u00e0 croire en l\u2019avenir du pays.<\/p>\n<blockquote>\n<p>Lire aussi &gt;&gt; <a href=\"https:\/\/www.latribunedufaso.net\/?p=20758\">Burkina : un panel sous-r\u00e9gional pour soutenir la R\u00e9volution populaire progressiste\u00a0<\/a><\/p>\n<\/blockquote>\n<p><em><strong>\u00ab La R\u00e9volution Progressiste Populaire est plus qu\u2019un projet politique, c\u2019est une force collective, un espoir en mouvement. Ensemble, b\u00e2tissons un Burkina souverain, stable et uni \u00bb<\/strong><\/em>, a-t-il conclu.<\/p>\n<p><strong>Latribunedufaso.net<\/strong><\/p>\n<p><strong>Source : DCRP-Primature<\/strong><\/p>\n","protected":false},"excerpt":{"rendered":"<p>La traditionnelle c\u00e9r\u00e9monie de mont\u00e9e des couleurs nationales s\u2019est d\u00e9roul\u00e9e ce lundi 1er septembre 2025 \u00e0 la Primature, sous la pr\u00e9sidence du Premier ministre, Jean Emmanuel Ou\u00e9draogo. R\u00e9unis autour du drapeau, les agents de l\u2019institution ont r\u00e9affirm\u00e9 leur attachement aux valeurs de la Nation.<\/p>\n","protected":false},"author":5,"featured_media":0,"comment_status":"open","ping_status":"open","sticky":false,"template":"","format":"standard","meta":{"footnotes":""},"categories":[13,1,8],"tags":[39,1065],"class_list":["post-23221","post","type-post","status-publish","format-standard","hentry","category-une","category-actu","category-societe","tag-latribunedufaso-net","tag-revolution-populaire-progressiste"],"yoast_head":"<!-- This site is optimized with the Yoast SEO plugin v27.4 - https:\/\/yoast.com\/product\/yoast-seo-wordpress\/ -->\n<title>Mont\u00e9e des couleurs \u00e0 la Primature : Le Premier ministre exalte l\u2019esprit de la R\u00e9volution Progressiste Populaire - La Tribune du Faso<\/title>\n<meta name=\"robots\" content=\"index, follow, max-snippet:-1, max-image-preview:large, max-video-preview:-1\" \/>\n<link rel=\"canonical\" href=\"https:\/\/www.latribunedufaso.net\/?p=23221\" \/>\n<meta property=\"og:locale\" content=\"fr_FR\" \/>\n<meta property=\"og:type\" content=\"article\" \/>\n<meta property=\"og:title\" content=\"Mont\u00e9e des couleurs \u00e0 la Primature : Le Premier ministre exalte l\u2019esprit de la R\u00e9volution Progressiste Populaire - La Tribune du Faso\" \/>\n<meta property=\"og:description\" content=\"La traditionnelle c\u00e9r\u00e9monie de mont\u00e9e des couleurs nationales s\u2019est d\u00e9roul\u00e9e ce lundi 1er septembre 2025 \u00e0 la Primature, sous la pr\u00e9sidence du Premier ministre, Jean Emmanuel Ou\u00e9draogo. R\u00e9unis autour du drapeau, les agents de l\u2019institution ont r\u00e9affirm\u00e9 leur attachement aux valeurs de la Nation.\" \/>\n<meta property=\"og:url\" content=\"https:\/\/www.latribunedufaso.net\/?p=23221\" \/>\n<meta property=\"og:site_name\" content=\"La Tribune du Faso\" \/>\n<meta property=\"article:publisher\" content=\"https:\/\/www.facebook.com\/LatribuneduFaso\/\" \/>\n<meta property=\"article:published_time\" content=\"2025-09-02T08:36:15+00:00\" \/>\n<meta property=\"article:modified_time\" content=\"2025-09-02T14:50:06+00:00\" \/>\n<meta property=\"og:image\" content=\"https:\/\/www.latribunedufaso.net\/wp-content\/uploads\/2025\/09\/FB_IMG_1756824219489.jpg\" \/>\n\t<meta property=\"og:image:width\" content=\"960\" \/>\n\t<meta property=\"og:image:height\" content=\"864\" \/>\n\t<meta property=\"og:image:type\" content=\"image\/jpeg\" \/>\n<meta name=\"author\" content=\"Issouf Tapsoba\" \/>\n<meta name=\"twitter:label1\" content=\"\u00c9crit par\" \/>\n\t<meta name=\"twitter:data1\" content=\"Issouf Tapsoba\" \/>\n\t<meta name=\"twitter:label2\" content=\"Dur\u00e9e de lecture estim\u00e9e\" \/>\n\t<meta name=\"twitter:data2\" content=\"2 minutes\" \/>\n<script type=\"application\/ld+json\" class=\"yoast-schema-graph\">{\"@context\":\"https:\\\/\\\/schema.org\",\"@graph\":[{\"@type\":\"Article\",\"@id\":\"https:\\\/\\\/www.latribunedufaso.net\\\/?p=23221#article\",\"isPartOf\":{\"@id\":\"https:\\\/\\\/www.latribunedufaso.net\\\/?p=23221\"},\"author\":{\"name\":\"Issouf Tapsoba\",\"@id\":\"https:\\\/\\\/www.latribunedufaso.net\\\/#\\\/schema\\\/person\\\/e54e64c5778a7e72cf80a318b7a622b0\"},\"headline\":\"Mont\u00e9e des couleurs \u00e0 la Primature : Le Premier ministre exalte l\u2019esprit de la R\u00e9volution Progressiste Populaire\",\"datePublished\":\"2025-09-02T08:36:15+00:00\",\"dateModified\":\"2025-09-02T14:50:06+00:00\",\"mainEntityOfPage\":{\"@id\":\"https:\\\/\\\/www.latribunedufaso.net\\\/?p=23221\"},\"wordCount\":374,\"commentCount\":0,\"publisher\":{\"@id\":\"https:\\\/\\\/www.latribunedufaso.net\\\/#organization\"},\"image\":{\"@id\":\"https:\\\/\\\/www.latribunedufaso.net\\\/?p=23221#primaryimage\"},\"thumbnailUrl\":\"https:\\\/\\\/www.latribunedufaso.net\\\/wp-content\\\/uploads\\\/2025\\\/09\\\/FB_IMG_1756824219489.jpg\",\"keywords\":[\"latribunedufaso.net\",\"R\u00e9volution populaire progressiste\"],\"articleSection\":[\"A la une\",\"Actualit\u00e9\",\"Soci\u00e9t\u00e9\"],\"inLanguage\":\"fr-FR\",\"potentialAction\":[{\"@type\":\"CommentAction\",\"name\":\"Comment\",\"target\":[\"https:\\\/\\\/www.latribunedufaso.net\\\/?p=23221#respond\"]}]},{\"@type\":\"WebPage\",\"@id\":\"https:\\\/\\\/www.latribunedufaso.net\\\/?p=23221\",\"url\":\"https:\\\/\\\/www.latribunedufaso.net\\\/?p=23221\",\"name\":\"Mont\u00e9e des couleurs \u00e0 la Primature : Le Premier ministre exalte l\u2019esprit de la R\u00e9volution Progressiste Populaire - La Tribune du Faso\",\"isPartOf\":{\"@id\":\"https:\\\/\\\/www.latribunedufaso.net\\\/#website\"},\"primaryImageOfPage\":{\"@id\":\"https:\\\/\\\/www.latribunedufaso.net\\\/?p=23221#primaryimage\"},\"image\":{\"@id\":\"https:\\\/\\\/www.latribunedufaso.net\\\/?p=23221#primaryimage\"},\"thumbnailUrl\":\"https:\\\/\\\/www.latribunedufaso.net\\\/wp-content\\\/uploads\\\/2025\\\/09\\\/FB_IMG_1756824219489.jpg\",\"datePublished\":\"2025-09-02T08:36:15+00:00\",\"dateModified\":\"2025-09-02T14:50:06+00:00\",\"breadcrumb\":{\"@id\":\"https:\\\/\\\/www.latribunedufaso.net\\\/?p=23221#breadcrumb\"},\"inLanguage\":\"fr-FR\",\"potentialAction\":[{\"@type\":\"ReadAction\",\"target\":[\"https:\\\/\\\/www.latribunedufaso.net\\\/?p=23221\"]}]},{\"@type\":\"ImageObject\",\"inLanguage\":\"fr-FR\",\"@id\":\"https:\\\/\\\/www.latribunedufaso.net\\\/?p=23221#primaryimage\",\"url\":\"https:\\\/\\\/www.latribunedufaso.net\\\/wp-content\\\/uploads\\\/2025\\\/09\\\/FB_IMG_1756824219489.jpg\",\"contentUrl\":\"https:\\\/\\\/www.latribunedufaso.net\\\/wp-content\\\/uploads\\\/2025\\\/09\\\/FB_IMG_1756824219489.jpg\"},{\"@type\":\"BreadcrumbList\",\"@id\":\"https:\\\/\\\/www.latribunedufaso.net\\\/?p=23221#breadcrumb\",\"itemListElement\":[{\"@type\":\"ListItem\",\"position\":1,\"name\":\"Accueil\",\"item\":\"https:\\\/\\\/www.latribunedufaso.net\\\/\"},{\"@type\":\"ListItem\",\"position\":2,\"name\":\"Mont\u00e9e des couleurs \u00e0 la Primature : Le Premier ministre exalte l\u2019esprit de la R\u00e9volution Progressiste Populaire\"}]},{\"@type\":\"WebSite\",\"@id\":\"https:\\\/\\\/www.latribunedufaso.net\\\/#website\",\"url\":\"https:\\\/\\\/www.latribunedufaso.net\\\/\",\"name\":\"La Tribune du Faso\",\"description\":\"L&#039;information du monde rural en un clic\",\"publisher\":{\"@id\":\"https:\\\/\\\/www.latribunedufaso.net\\\/#organization\"},\"potentialAction\":[{\"@type\":\"SearchAction\",\"target\":{\"@type\":\"EntryPoint\",\"urlTemplate\":\"https:\\\/\\\/www.latribunedufaso.net\\\/?s={search_term_string}\"},\"query-input\":{\"@type\":\"PropertyValueSpecification\",\"valueRequired\":true,\"valueName\":\"search_term_string\"}}],\"inLanguage\":\"fr-FR\"},{\"@type\":\"Organization\",\"@id\":\"https:\\\/\\\/www.latribunedufaso.net\\\/#organization\",\"name\":\"La Tribune du Faso\",\"url\":\"https:\\\/\\\/www.latribunedufaso.net\\\/\",\"logo\":{\"@type\":\"ImageObject\",\"inLanguage\":\"fr-FR\",\"@id\":\"https:\\\/\\\/www.latribunedufaso.net\\\/#\\\/schema\\\/logo\\\/image\\\/\",\"url\":\"https:\\\/\\\/www.latribunedufaso.net\\\/wp-content\\\/uploads\\\/2020\\\/08\\\/Logo-Tribune-du-Faso-final-scaled.jpg\",\"contentUrl\":\"https:\\\/\\\/www.latribunedufaso.net\\\/wp-content\\\/uploads\\\/2020\\\/08\\\/Logo-Tribune-du-Faso-final-scaled.jpg\",\"width\":2560,\"height\":1856,\"caption\":\"La Tribune du Faso\"},\"image\":{\"@id\":\"https:\\\/\\\/www.latribunedufaso.net\\\/#\\\/schema\\\/logo\\\/image\\\/\"},\"sameAs\":[\"https:\\\/\\\/www.facebook.com\\\/LatribuneduFaso\\\/\"]},{\"@type\":\"Person\",\"@id\":\"https:\\\/\\\/www.latribunedufaso.net\\\/#\\\/schema\\\/person\\\/e54e64c5778a7e72cf80a318b7a622b0\",\"name\":\"Issouf Tapsoba\",\"image\":{\"@type\":\"ImageObject\",\"inLanguage\":\"fr-FR\",\"@id\":\"https:\\\/\\\/secure.gravatar.com\\\/avatar\\\/5e6c05150ce3230247d167f5b94d678eb05936197436d69b7921e3a95c9107ac?s=96&d=mm&r=g\",\"url\":\"https:\\\/\\\/secure.gravatar.com\\\/avatar\\\/5e6c05150ce3230247d167f5b94d678eb05936197436d69b7921e3a95c9107ac?s=96&d=mm&r=g\",\"contentUrl\":\"https:\\\/\\\/secure.gravatar.com\\\/avatar\\\/5e6c05150ce3230247d167f5b94d678eb05936197436d69b7921e3a95c9107ac?s=96&d=mm&r=g\",\"caption\":\"Issouf Tapsoba\"},\"url\":\"https:\\\/\\\/www.latribunedufaso.net\\\/?author=5\"}]}<\/script>\n<!-- \/ Yoast SEO plugin. -->","yoast_head_json":{"title":"Mont\u00e9e des couleurs \u00e0 la Primature : Le Premier ministre exalte l\u2019esprit de la R\u00e9volution Progressiste Populaire - La Tribune du Faso","robots":{"index":"index","follow":"follow","max-snippet":"max-snippet:-1","max-image-preview":"max-image-preview:large","max-video-preview":"max-video-preview:-1"},"canonical":"https:\/\/www.latribunedufaso.net\/?p=23221","og_locale":"fr_FR","og_type":"article","og_title":"Mont\u00e9e des couleurs \u00e0 la Primature : Le Premier ministre exalte l\u2019esprit de la R\u00e9volution Progressiste Populaire - La Tribune du Faso","og_description":"La traditionnelle c\u00e9r\u00e9monie de mont\u00e9e des couleurs nationales s\u2019est d\u00e9roul\u00e9e ce lundi 1er septembre 2025 \u00e0 la Primature, sous la pr\u00e9sidence du Premier ministre, Jean Emmanuel Ou\u00e9draogo. R\u00e9unis autour du drapeau, les agents de l\u2019institution ont r\u00e9affirm\u00e9 leur attachement aux valeurs de la Nation.","og_url":"https:\/\/www.latribunedufaso.net\/?p=23221","og_site_name":"La Tribune du Faso","article_publisher":"https:\/\/www.facebook.com\/LatribuneduFaso\/","article_published_time":"2025-09-02T08:36:15+00:00","article_modified_time":"2025-09-02T14:50:06+00:00","og_image":[{"width":960,"height":864,"url":"https:\/\/www.latribunedufaso.net\/wp-content\/uploads\/2025\/09\/FB_IMG_1756824219489.jpg","type":"image\/jpeg"}],"author":"Issouf Tapsoba","twitter_misc":{"\u00c9crit par":"Issouf Tapsoba","Dur\u00e9e de lecture estim\u00e9e":"2 minutes"},"schema":{"@context":"https:\/\/schema.org","@graph":[{"@type":"Article","@id":"https:\/\/www.latribunedufaso.net\/?p=23221#article","isPartOf":{"@id":"https:\/\/www.latribunedufaso.net\/?p=23221"},"author":{"name":"Issouf Tapsoba","@id":"https:\/\/www.latribunedufaso.net\/#\/schema\/person\/e54e64c5778a7e72cf80a318b7a622b0"},"headline":"Mont\u00e9e des couleurs \u00e0 la Primature : Le Premier ministre exalte l\u2019esprit de la R\u00e9volution Progressiste Populaire","datePublished":"2025-09-02T08:36:15+00:00","dateModified":"2025-09-02T14:50:06+00:00","mainEntityOfPage":{"@id":"https:\/\/www.latribunedufaso.net\/?p=23221"},"wordCount":374,"commentCount":0,"publisher":{"@id":"https:\/\/www.latribunedufaso.net\/#organization"},"image":{"@id":"https:\/\/www.latribunedufaso.net\/?p=23221#primaryimage"},"thumbnailUrl":"https:\/\/www.latribunedufaso.net\/wp-content\/uploads\/2025\/09\/FB_IMG_1756824219489.jpg","keywords":["latribunedufaso.net","R\u00e9volution populaire progressiste"],"articleSection":["A la une","Actualit\u00e9","Soci\u00e9t\u00e9"],"inLanguage":"fr-FR","potentialAction":[{"@type":"CommentAction","name":"Comment","target":["https:\/\/www.latribunedufaso.net\/?p=23221#respond"]}]},{"@type":"WebPage","@id":"https:\/\/www.latribunedufaso.net\/?p=23221","url":"https:\/\/www.latribunedufaso.net\/?p=23221","name":"Mont\u00e9e des couleurs \u00e0 la Primature : Le Premier ministre exalte l\u2019esprit de la R\u00e9volution Progressiste Populaire - La Tribune du Faso","isPartOf":{"@id":"https:\/\/www.latribunedufaso.net\/#website"},"primaryImageOfPage":{"@id":"https:\/\/www.latribunedufaso.net\/?p=23221#primaryimage"},"image":{"@id":"https:\/\/www.latribunedufaso.net\/?p=23221#primaryimage"},"thumbnailUrl":"https:\/\/www.latribunedufaso.net\/wp-content\/uploads\/2025\/09\/FB_IMG_1756824219489.jpg","datePublished":"2025-09-02T08:36:15+00:00","dateModified":"2025-09-02T14:50:06+00:00","breadcrumb":{"@id":"https:\/\/www.latribunedufaso.net\/?p=23221#breadcrumb"},"inLanguage":"fr-FR","potentialAction":[{"@type":"ReadAction","target":["https:\/\/www.latribunedufaso.net\/?p=23221"]}]},{"@type":"ImageObject","inLanguage":"fr-FR","@id":"https:\/\/www.latribunedufaso.net\/?p=23221#primaryimage","url":"https:\/\/www.latribunedufaso.net\/wp-content\/uploads\/2025\/09\/FB_IMG_1756824219489.jpg","contentUrl":"https:\/\/www.latribunedufaso.net\/wp-content\/uploads\/2025\/09\/FB_IMG_1756824219489.jpg"},{"@type":"BreadcrumbList","@id":"https:\/\/www.latribunedufaso.net\/?p=23221#breadcrumb","itemListElement":[{"@type":"ListItem","position":1,"name":"Accueil","item":"https:\/\/www.latribunedufaso.net\/"},{"@type":"ListItem","position":2,"name":"Mont\u00e9e des couleurs \u00e0 la Primature : Le Premier ministre exalte l\u2019esprit de la R\u00e9volution Progressiste Populaire"}]},{"@type":"WebSite","@id":"https:\/\/www.latribunedufaso.net\/#website","url":"https:\/\/www.latribunedufaso.net\/","name":"La Tribune du Faso","description":"L&#039;information du monde rural en un clic","publisher":{"@id":"https:\/\/www.latribunedufaso.net\/#organization"},"potentialAction":[{"@type":"SearchAction","target":{"@type":"EntryPoint","urlTemplate":"https:\/\/www.latribunedufaso.net\/?s={search_term_string}"},"query-input":{"@type":"PropertyValueSpecification","valueRequired":true,"valueName":"search_term_string"}}],"inLanguage":"fr-FR"},{"@type":"Organization","@id":"https:\/\/www.latribunedufaso.net\/#organization","name":"La Tribune du Faso","url":"https:\/\/www.latribunedufaso.net\/","logo":{"@type":"ImageObject","inLanguage":"fr-FR","@id":"https:\/\/www.latribunedufaso.net\/#\/schema\/logo\/image\/","url":"https:\/\/www.latribunedufaso.net\/wp-content\/uploads\/2020\/08\/Logo-Tribune-du-Faso-final-scaled.jpg","contentUrl":"https:\/\/www.latribunedufaso.net\/wp-content\/uploads\/2020\/08\/Logo-Tribune-du-Faso-final-scaled.jpg","width":2560,"height":1856,"caption":"La Tribune du Faso"},"image":{"@id":"https:\/\/www.latribunedufaso.net\/#\/schema\/logo\/image\/"},"sameAs":["https:\/\/www.facebook.com\/LatribuneduFaso\/"]},{"@type":"Person","@id":"https:\/\/www.latribunedufaso.net\/#\/schema\/person\/e54e64c5778a7e72cf80a318b7a622b0","name":"Issouf Tapsoba","image":{"@type":"ImageObject","inLanguage":"fr-FR","@id":"https:\/\/secure.gravatar.com\/avatar\/5e6c05150ce3230247d167f5b94d678eb05936197436d69b7921e3a95c9107ac?s=96&d=mm&r=g","url":"https:\/\/secure.gravatar.com\/avatar\/5e6c05150ce3230247d167f5b94d678eb05936197436d69b7921e3a95c9107ac?s=96&d=mm&r=g","contentUrl":"https:\/\/secure.gravatar.com\/avatar\/5e6c05150ce3230247d167f5b94d678eb05936197436d69b7921e3a95c9107ac?s=96&d=mm&r=g","caption":"Issouf Tapsoba"},"url":"https:\/\/www.latribunedufaso.net\/?author=5"}]}},"_links":{"self":[{"href":"https:\/\/www.latribunedufaso.net\/index.php?rest_route=\/wp\/v2\/posts\/23221","targetHints":{"allow":["GET"]}}],"collection":[{"href":"https:\/\/www.latribunedufaso.net\/index.php?rest_route=\/wp\/v2\/posts"}],"about":[{"href":"https:\/\/www.latribunedufaso.net\/index.php?rest_route=\/wp\/v2\/types\/post"}],"author":[{"embeddable":true,"href":"https:\/\/www.latribunedufaso.net\/index.php?rest_route=\/wp\/v2\/users\/5"}],"replies":[{"embeddable":true,"href":"https:\/\/www.latribunedufaso.net\/index.php?rest_route=%2Fwp%2Fv2%2Fcomments&post=23221"}],"version-history":[{"count":1,"href":"https:\/\/www.latribunedufaso.net\/index.php?rest_route=\/wp\/v2\/posts\/23221\/revisions"}],"predecessor-version":[{"id":23225,"href":"https:\/\/www.latribunedufaso.net\/index.php?rest_route=\/wp\/v2\/posts\/23221\/revisions\/23225"}],"wp:attachment":[{"href":"https:\/\/www.latribunedufaso.net\/index.php?rest_route=%2Fwp%2Fv2%2Fmedia&parent=23221"}],"wp:term":[{"taxonomy":"category","embeddable":true,"href":"https:\/\/www.latribunedufaso.net\/index.php?rest_route=%2Fwp%2Fv2%2Fcategories&post=23221"},{"taxonomy":"post_tag","embeddable":true,"href":"https:\/\/www.latribunedufaso.net\/index.php?rest_route=%2Fwp%2Fv2%2Ftags&post=23221"}],"curies":[{"name":"wp","href":"https:\/\/api.w.org\/{rel}","templated":true}]}}