{"id":23208,"date":"2025-09-01T23:08:30","date_gmt":"2025-09-01T23:08:30","guid":{"rendered":"https:\/\/www.latribunedufaso.net\/?p=23208"},"modified":"2025-09-17T18:20:50","modified_gmt":"2025-09-17T18:20:50","slug":"nouveau-code-des-personnes-et-de-la-famille-lhomosexualite-et-les-pratiques-assimilees-desormais-sanctionnees-au-burkina","status":"publish","type":"post","link":"https:\/\/www.latribunedufaso.net\/?p=23208","title":{"rendered":"Nouveau Code des personnes et de la famille : L\u2019homosexualit\u00e9 et les pratiques assimil\u00e9es d\u00e9sormais p\u00e9nalis\u00e9es au Burkina\u00a0"},"content":{"rendered":"<p><strong>Adopt\u00e9 \u00e0 l\u2019unanimit\u00e9 par les 71 d\u00e9put\u00e9s de l\u2019Assembl\u00e9e l\u00e9gislative de Transition, le nouveau Code des personnes et de la famille du Burkina Faso introduit plus d\u2019un millier d\u2019articles. L&rsquo;Age l\u00e9gal du mariage fix\u00e9 \u00e0 18 ans, lutte contre l\u2019apatridie, encadrement de la nationalit\u00e9 par mariage, autant d\u2019innovations qui traduisent la volont\u00e9 des autorit\u00e9s de renforcer la famille burkinab\u00e8 en s\u2019appuyant sur les r\u00e9alit\u00e9s socio-culturelles du pays.<\/strong><!--more--><\/p>\n<p>Ce 1er septembre 2025 \u00e0 Ouagadougou, L\u2019Assembl\u00e9e l\u00e9gislative de Transition (ALT) a adopt\u00e9 \u00e0 l\u2019unanimit\u00e9 des 71 d\u00e9put\u00e9s, le nouveau Code des personnes et de la famille, au cours d\u2019une s\u00e9ance pl\u00e9ni\u00e8re pr\u00e9sid\u00e9e par Dr Ousmane Bougouma.<\/p>\n<p>Cette nouvelle loi comporte 1 113 articles, r\u00e9partis en 3 livres, 17 titres et 56 chapitres. Elle marque une r\u00e9forme de la vie familiale et sociale au Burkina Faso, avec plusieurs innovations.<\/p>\n<figure id=\"attachment_23213\" aria-describedby=\"caption-attachment-23213\" style=\"width: 1280px\" class=\"wp-caption aligncenter\"><a href=\"https:\/\/www.latribunedufaso.net\/wp-content\/uploads\/2025\/09\/FB_IMG_1756772150859.jpg\"><img loading=\"lazy\" decoding=\"async\" class=\"size-full wp-image-23213\" src=\"https:\/\/www.latribunedufaso.net\/wp-content\/uploads\/2025\/09\/FB_IMG_1756772150859.jpg\" alt=\"Adoption du nouveau Code des personnes et de la famille, 1er septembre 2025\" width=\"1280\" height=\"853\" srcset=\"https:\/\/www.latribunedufaso.net\/wp-content\/uploads\/2025\/09\/FB_IMG_1756772150859.jpg 1280w, https:\/\/www.latribunedufaso.net\/wp-content\/uploads\/2025\/09\/FB_IMG_1756772150859-300x200.jpg 300w, https:\/\/www.latribunedufaso.net\/wp-content\/uploads\/2025\/09\/FB_IMG_1756772150859-1024x682.jpg 1024w, https:\/\/www.latribunedufaso.net\/wp-content\/uploads\/2025\/09\/FB_IMG_1756772150859-768x512.jpg 768w, https:\/\/www.latribunedufaso.net\/wp-content\/uploads\/2025\/09\/FB_IMG_1756772150859-840x560.jpg 840w, https:\/\/www.latribunedufaso.net\/wp-content\/uploads\/2025\/09\/FB_IMG_1756772150859-120x80.jpg 120w, https:\/\/www.latribunedufaso.net\/wp-content\/uploads\/2025\/09\/FB_IMG_1756772150859-360x240.jpg 360w, https:\/\/www.latribunedufaso.net\/wp-content\/uploads\/2025\/09\/FB_IMG_1756772150859-600x400.jpg 600w\" sizes=\"auto, (max-width: 1280px) 100vw, 1280px\" \/><\/a><figcaption id=\"caption-attachment-23213\" class=\"wp-caption-text\">Les d\u00e9put\u00e9s ont vot\u00e9 \u00e0 l&rsquo;unanimit\u00e9 le nouveau Code des personnes et de la famille &#8211; Ph. DR<\/figcaption><\/figure>\n<p>&nbsp;<\/p>\n<h3>Des innovations marquantes<\/h3>\n<p>Le texte introduit notamment la transcription des mariages religieux et coutumiers, afin de les placer sous l\u2019empire du Code des personnes et de la famille ; la fixation de l\u2019\u00e2ge l\u00e9gal du mariage \u00e0 18 ans r\u00e9volus pour les deux sexes, sauf dispense accord\u00e9e par le juge ; l\u2019abaissement de la majorit\u00e9 civile \u00e0 18 ans; la prise en compte des ascendants dans la succession en concurrence avec les descendants et le conjoint survivant.<\/p>\n<p>D\u2019autres changements apparaissent \u00e9galement. Il s&rsquo;agit du remplacement de l\u2019\u00e9tablissement et la preuve de la nationalit\u00e9 burkinab\u00e8 uniquement par le certificat de nationalit\u00e9 ; la cr\u00e9ation d\u2019un chapitre d\u00e9di\u00e9 \u00e0 la lutte contre l\u2019apatridie ; la possibilit\u00e9 pour une m\u00e8re, d\u00e8s la conception de l\u2019enfant, de r\u00e9clamer des aliments aux personnes ayant eu des relations sexuelles avec elle durant la p\u00e9riode l\u00e9gale de conception ; l\u2019interdiction, assortie de sanctions, des comportements attentatoires \u00e0 la structuration familiale, notamment ceux visant \u00e0 promouvoir l\u2019homosexualit\u00e9 et les pratiques assimil\u00e9es.<\/p>\n<figure id=\"attachment_23210\" aria-describedby=\"caption-attachment-23210\" style=\"width: 1280px\" class=\"wp-caption aligncenter\"><a href=\"https:\/\/www.latribunedufaso.net\/wp-content\/uploads\/2025\/09\/IMG-20250901-WA0088.jpg\"><img loading=\"lazy\" decoding=\"async\" class=\"size-full wp-image-23210\" src=\"https:\/\/www.latribunedufaso.net\/wp-content\/uploads\/2025\/09\/IMG-20250901-WA0088.jpg\" alt=\"Adoption du nouveau Code des personnes et de la famille, 1er septembre 2025\" width=\"1280\" height=\"963\" srcset=\"https:\/\/www.latribunedufaso.net\/wp-content\/uploads\/2025\/09\/IMG-20250901-WA0088.jpg 1280w, https:\/\/www.latribunedufaso.net\/wp-content\/uploads\/2025\/09\/IMG-20250901-WA0088-300x226.jpg 300w, https:\/\/www.latribunedufaso.net\/wp-content\/uploads\/2025\/09\/IMG-20250901-WA0088-1024x770.jpg 1024w, https:\/\/www.latribunedufaso.net\/wp-content\/uploads\/2025\/09\/IMG-20250901-WA0088-768x578.jpg 768w\" sizes=\"auto, (max-width: 1280px) 100vw, 1280px\" \/><\/a><figcaption id=\"caption-attachment-23210\" class=\"wp-caption-text\">Pour le ministre charg\u00e9 de la Justice, Edasso Rodrigue Bayala, le nouveau Code des personnes et de la famille tient compte des r\u00e9alit\u00e9s culturelles du Burkina &#8211; Ph. A. Kiendrebeogo<\/figcaption><\/figure>\n<h3>Une loi ancr\u00e9e dans les r\u00e9alit\u00e9s sociales<\/h3>\n<p>Au-del\u00e0 de ces aspects techniques et juridiques, le ministre de la Justice, Edasso Rodrigue Bayala, a insist\u00e9 sur la dimension culturelle et sociale de la r\u00e9forme. <em><strong>\u00ab Ce qu\u2019il faut retenir aussi pour cette loi qui vient d\u2019\u00eatre adopt\u00e9e, c\u2019est la volont\u00e9 manifeste, l\u2019empreinte de nos us et coutumes qui transpara\u00eet sur l\u2019ensemble de la vie familiale et sociale que ce code construit. <\/strong><\/em><\/p>\n<p><em><strong>Partant de la naissance, en passant par le mariage, jusqu\u2019au d\u00e9c\u00e8s et m\u00eame apr\u00e8s, dans la succession, ce code est v\u00e9ritablement empreint de nos r\u00e9alit\u00e9s socio-culturelles \u00bb<\/strong><\/em>, a-t-il d\u00e9clar\u00e9.<\/p>\n<blockquote><p>\n<iframe loading=\"lazy\" width=\"560\" height=\"315\" src=\"https:\/\/www.youtube.com\/embed\/7b6oUbKP0l8?si=RN5wNvZnO2NS2BIZ\" title=\"YouTube video player\" frameborder=\"0\" allow=\"accelerometer; autoplay; clipboard-write; encrypted-media; gyroscope; picture-in-picture; web-share\" referrerpolicy=\"strict-origin-when-cross-origin\" allowfullscreen><\/iframe><\/p>\n<p>Lire aussi &gt;&gt; <a href=\"https:\/\/www.latribunedufaso.net\/?p=14753\">Code des personnes et de la famille : Le gouvernement apporte des innovations majeures<\/a><\/p>\n<\/blockquote>\n<p>Le ministre a soulign\u00e9 que cette volont\u00e9 de s\u2019ancrer dans les r\u00e9alit\u00e9s burkinab\u00e8 vise \u00e0 r\u00e9duire les divorces et l\u2019\u00e9clatement des familles, souvent \u00e0 l\u2019origine de la vuln\u00e9rabilit\u00e9 de nombreux enfants.<\/p>\n<p><strong>Rosana Astride KIENDREBEOGO\u00a0<\/strong><\/p>\n<p><strong>Latribunedufaso.net<\/strong><\/p>\n","protected":false},"excerpt":{"rendered":"<p>Adopt\u00e9 \u00e0 l\u2019unanimit\u00e9 par les 71 d\u00e9put\u00e9s de l\u2019Assembl\u00e9e l\u00e9gislative de Transition, le nouveau Code des personnes et de la famille du Burkina Faso introduit plus d\u2019un millier d\u2019articles. L&rsquo;Age l\u00e9gal du mariage fix\u00e9 \u00e0 18 ans, lutte contre l\u2019apatridie, encadrement de la nationalit\u00e9 par mariage, autant d\u2019innovations qui traduisent la volont\u00e9 des autorit\u00e9s de renforcer la famille burkinab\u00e8 en s\u2019appuyant sur les r\u00e9alit\u00e9s socio-culturelles du pays.<\/p>\n","protected":false},"author":5,"featured_media":23211,"comment_status":"open","ping_status":"open","sticky":false,"template":"","format":"standard","meta":{"footnotes":""},"categories":[13,1,8],"tags":[1536,39,1535],"class_list":["post-23208","post","type-post","status-publish","format-standard","has-post-thumbnail","hentry","category-une","category-actu","category-societe","tag-homosexualite-sanctionnee-au-burkina","tag-latribunedufaso-net","tag-nouveau-code-des-personnes-et-de-la-famille"],"yoast_head":"<!-- This site is optimized with the Yoast SEO plugin v27.5 - https:\/\/yoast.com\/product\/yoast-seo-wordpress\/ -->\n<title>Nouveau Code des personnes et de la famille : L\u2019homosexualit\u00e9 et les pratiques assimil\u00e9es d\u00e9sormais p\u00e9nalis\u00e9es au Burkina\u00a0 - La Tribune du Faso<\/title>\n<meta name=\"robots\" content=\"index, follow, max-snippet:-1, max-image-preview:large, max-video-preview:-1\" \/>\n<link rel=\"canonical\" href=\"https:\/\/www.latribunedufaso.net\/?p=23208\" \/>\n<meta property=\"og:locale\" content=\"fr_FR\" \/>\n<meta property=\"og:type\" content=\"article\" \/>\n<meta property=\"og:title\" content=\"Nouveau Code des personnes et de la famille : L\u2019homosexualit\u00e9 et les pratiques assimil\u00e9es d\u00e9sormais p\u00e9nalis\u00e9es au Burkina\u00a0 - La Tribune du Faso\" \/>\n<meta property=\"og:description\" content=\"Adopt\u00e9 \u00e0 l\u2019unanimit\u00e9 par les 71 d\u00e9put\u00e9s de l\u2019Assembl\u00e9e l\u00e9gislative de Transition, le nouveau Code des personnes et de la famille du Burkina Faso introduit plus d\u2019un millier d\u2019articles. L&rsquo;Age l\u00e9gal du mariage fix\u00e9 \u00e0 18 ans, lutte contre l\u2019apatridie, encadrement de la nationalit\u00e9 par mariage, autant d\u2019innovations qui traduisent la volont\u00e9 des autorit\u00e9s de renforcer la famille burkinab\u00e8 en s\u2019appuyant sur les r\u00e9alit\u00e9s socio-culturelles du pays.\" \/>\n<meta property=\"og:url\" content=\"https:\/\/www.latribunedufaso.net\/?p=23208\" \/>\n<meta property=\"og:site_name\" content=\"La Tribune du Faso\" \/>\n<meta property=\"article:publisher\" content=\"https:\/\/www.facebook.com\/LatribuneduFaso\/\" \/>\n<meta property=\"article:published_time\" content=\"2025-09-01T23:08:30+00:00\" \/>\n<meta property=\"article:modified_time\" content=\"2025-09-17T18:20:50+00:00\" \/>\n<meta property=\"og:image\" content=\"https:\/\/www.latribunedufaso.net\/wp-content\/uploads\/2025\/09\/IMG-20250902-WA0002.jpg\" \/>\n\t<meta property=\"og:image:width\" content=\"1280\" \/>\n\t<meta property=\"og:image:height\" content=\"963\" \/>\n\t<meta property=\"og:image:type\" content=\"image\/jpeg\" \/>\n<meta name=\"author\" content=\"Issouf Tapsoba\" \/>\n<meta name=\"twitter:label1\" content=\"\u00c9crit par\" \/>\n\t<meta name=\"twitter:data1\" content=\"Issouf Tapsoba\" \/>\n\t<meta name=\"twitter:label2\" content=\"Dur\u00e9e de lecture estim\u00e9e\" \/>\n\t<meta name=\"twitter:data2\" content=\"3 minutes\" \/>\n<script type=\"application\/ld+json\" class=\"yoast-schema-graph\">{\"@context\":\"https:\\\/\\\/schema.org\",\"@graph\":[{\"@type\":\"Article\",\"@id\":\"https:\\\/\\\/www.latribunedufaso.net\\\/?p=23208#article\",\"isPartOf\":{\"@id\":\"https:\\\/\\\/www.latribunedufaso.net\\\/?p=23208\"},\"author\":{\"name\":\"Issouf Tapsoba\",\"@id\":\"https:\\\/\\\/www.latribunedufaso.net\\\/#\\\/schema\\\/person\\\/e54e64c5778a7e72cf80a318b7a622b0\"},\"headline\":\"Nouveau Code des personnes et de la famille : L\u2019homosexualit\u00e9 et les pratiques assimil\u00e9es d\u00e9sormais p\u00e9nalis\u00e9es au Burkina\u00a0\",\"datePublished\":\"2025-09-01T23:08:30+00:00\",\"dateModified\":\"2025-09-17T18:20:50+00:00\",\"mainEntityOfPage\":{\"@id\":\"https:\\\/\\\/www.latribunedufaso.net\\\/?p=23208\"},\"wordCount\":590,\"commentCount\":0,\"publisher\":{\"@id\":\"https:\\\/\\\/www.latribunedufaso.net\\\/#organization\"},\"image\":{\"@id\":\"https:\\\/\\\/www.latribunedufaso.net\\\/?p=23208#primaryimage\"},\"thumbnailUrl\":\"https:\\\/\\\/www.latribunedufaso.net\\\/wp-content\\\/uploads\\\/2025\\\/09\\\/IMG-20250902-WA0002.jpg\",\"keywords\":[\"Homosexualit\u00e9 sanctionn\u00e9e au Burkina\",\"latribunedufaso.net\",\"Nouveau code des personnes et de la famille\"],\"articleSection\":[\"A la une\",\"Actualit\u00e9\",\"Soci\u00e9t\u00e9\"],\"inLanguage\":\"fr-FR\",\"potentialAction\":[{\"@type\":\"CommentAction\",\"name\":\"Comment\",\"target\":[\"https:\\\/\\\/www.latribunedufaso.net\\\/?p=23208#respond\"]}]},{\"@type\":\"WebPage\",\"@id\":\"https:\\\/\\\/www.latribunedufaso.net\\\/?p=23208\",\"url\":\"https:\\\/\\\/www.latribunedufaso.net\\\/?p=23208\",\"name\":\"Nouveau Code des personnes et de la famille : L\u2019homosexualit\u00e9 et les pratiques assimil\u00e9es d\u00e9sormais p\u00e9nalis\u00e9es au Burkina\u00a0 - La Tribune du Faso\",\"isPartOf\":{\"@id\":\"https:\\\/\\\/www.latribunedufaso.net\\\/#website\"},\"primaryImageOfPage\":{\"@id\":\"https:\\\/\\\/www.latribunedufaso.net\\\/?p=23208#primaryimage\"},\"image\":{\"@id\":\"https:\\\/\\\/www.latribunedufaso.net\\\/?p=23208#primaryimage\"},\"thumbnailUrl\":\"https:\\\/\\\/www.latribunedufaso.net\\\/wp-content\\\/uploads\\\/2025\\\/09\\\/IMG-20250902-WA0002.jpg\",\"datePublished\":\"2025-09-01T23:08:30+00:00\",\"dateModified\":\"2025-09-17T18:20:50+00:00\",\"breadcrumb\":{\"@id\":\"https:\\\/\\\/www.latribunedufaso.net\\\/?p=23208#breadcrumb\"},\"inLanguage\":\"fr-FR\",\"potentialAction\":[{\"@type\":\"ReadAction\",\"target\":[\"https:\\\/\\\/www.latribunedufaso.net\\\/?p=23208\"]}]},{\"@type\":\"ImageObject\",\"inLanguage\":\"fr-FR\",\"@id\":\"https:\\\/\\\/www.latribunedufaso.net\\\/?p=23208#primaryimage\",\"url\":\"https:\\\/\\\/www.latribunedufaso.net\\\/wp-content\\\/uploads\\\/2025\\\/09\\\/IMG-20250902-WA0002.jpg\",\"contentUrl\":\"https:\\\/\\\/www.latribunedufaso.net\\\/wp-content\\\/uploads\\\/2025\\\/09\\\/IMG-20250902-WA0002.jpg\",\"width\":1280,\"height\":963,\"caption\":\"Adoption du nouveau Code des personnes et de la famille, 1er septembre 2025\"},{\"@type\":\"BreadcrumbList\",\"@id\":\"https:\\\/\\\/www.latribunedufaso.net\\\/?p=23208#breadcrumb\",\"itemListElement\":[{\"@type\":\"ListItem\",\"position\":1,\"name\":\"Accueil\",\"item\":\"https:\\\/\\\/www.latribunedufaso.net\\\/\"},{\"@type\":\"ListItem\",\"position\":2,\"name\":\"Nouveau Code des personnes et de la famille : L\u2019homosexualit\u00e9 et les pratiques assimil\u00e9es d\u00e9sormais p\u00e9nalis\u00e9es au Burkina\u00a0\"}]},{\"@type\":\"WebSite\",\"@id\":\"https:\\\/\\\/www.latribunedufaso.net\\\/#website\",\"url\":\"https:\\\/\\\/www.latribunedufaso.net\\\/\",\"name\":\"La Tribune du Faso\",\"description\":\"L&#039;information du monde rural en un clic\",\"publisher\":{\"@id\":\"https:\\\/\\\/www.latribunedufaso.net\\\/#organization\"},\"potentialAction\":[{\"@type\":\"SearchAction\",\"target\":{\"@type\":\"EntryPoint\",\"urlTemplate\":\"https:\\\/\\\/www.latribunedufaso.net\\\/?s={search_term_string}\"},\"query-input\":{\"@type\":\"PropertyValueSpecification\",\"valueRequired\":true,\"valueName\":\"search_term_string\"}}],\"inLanguage\":\"fr-FR\"},{\"@type\":\"Organization\",\"@id\":\"https:\\\/\\\/www.latribunedufaso.net\\\/#organization\",\"name\":\"La Tribune du Faso\",\"url\":\"https:\\\/\\\/www.latribunedufaso.net\\\/\",\"logo\":{\"@type\":\"ImageObject\",\"inLanguage\":\"fr-FR\",\"@id\":\"https:\\\/\\\/www.latribunedufaso.net\\\/#\\\/schema\\\/logo\\\/image\\\/\",\"url\":\"https:\\\/\\\/www.latribunedufaso.net\\\/wp-content\\\/uploads\\\/2020\\\/08\\\/Logo-Tribune-du-Faso-final-scaled.jpg\",\"contentUrl\":\"https:\\\/\\\/www.latribunedufaso.net\\\/wp-content\\\/uploads\\\/2020\\\/08\\\/Logo-Tribune-du-Faso-final-scaled.jpg\",\"width\":2560,\"height\":1856,\"caption\":\"La Tribune du Faso\"},\"image\":{\"@id\":\"https:\\\/\\\/www.latribunedufaso.net\\\/#\\\/schema\\\/logo\\\/image\\\/\"},\"sameAs\":[\"https:\\\/\\\/www.facebook.com\\\/LatribuneduFaso\\\/\"]},{\"@type\":\"Person\",\"@id\":\"https:\\\/\\\/www.latribunedufaso.net\\\/#\\\/schema\\\/person\\\/e54e64c5778a7e72cf80a318b7a622b0\",\"name\":\"Issouf Tapsoba\",\"image\":{\"@type\":\"ImageObject\",\"inLanguage\":\"fr-FR\",\"@id\":\"https:\\\/\\\/secure.gravatar.com\\\/avatar\\\/5e6c05150ce3230247d167f5b94d678eb05936197436d69b7921e3a95c9107ac?s=96&d=mm&r=g\",\"url\":\"https:\\\/\\\/secure.gravatar.com\\\/avatar\\\/5e6c05150ce3230247d167f5b94d678eb05936197436d69b7921e3a95c9107ac?s=96&d=mm&r=g\",\"contentUrl\":\"https:\\\/\\\/secure.gravatar.com\\\/avatar\\\/5e6c05150ce3230247d167f5b94d678eb05936197436d69b7921e3a95c9107ac?s=96&d=mm&r=g\",\"caption\":\"Issouf Tapsoba\"},\"url\":\"https:\\\/\\\/www.latribunedufaso.net\\\/?author=5\"}]}<\/script>\n<!-- \/ Yoast SEO plugin. -->","yoast_head_json":{"title":"Nouveau Code des personnes et de la famille : L\u2019homosexualit\u00e9 et les pratiques assimil\u00e9es d\u00e9sormais p\u00e9nalis\u00e9es au Burkina\u00a0 - La Tribune du Faso","robots":{"index":"index","follow":"follow","max-snippet":"max-snippet:-1","max-image-preview":"max-image-preview:large","max-video-preview":"max-video-preview:-1"},"canonical":"https:\/\/www.latribunedufaso.net\/?p=23208","og_locale":"fr_FR","og_type":"article","og_title":"Nouveau Code des personnes et de la famille : L\u2019homosexualit\u00e9 et les pratiques assimil\u00e9es d\u00e9sormais p\u00e9nalis\u00e9es au Burkina\u00a0 - La Tribune du Faso","og_description":"Adopt\u00e9 \u00e0 l\u2019unanimit\u00e9 par les 71 d\u00e9put\u00e9s de l\u2019Assembl\u00e9e l\u00e9gislative de Transition, le nouveau Code des personnes et de la famille du Burkina Faso introduit plus d\u2019un millier d\u2019articles. L&rsquo;Age l\u00e9gal du mariage fix\u00e9 \u00e0 18 ans, lutte contre l\u2019apatridie, encadrement de la nationalit\u00e9 par mariage, autant d\u2019innovations qui traduisent la volont\u00e9 des autorit\u00e9s de renforcer la famille burkinab\u00e8 en s\u2019appuyant sur les r\u00e9alit\u00e9s socio-culturelles du pays.","og_url":"https:\/\/www.latribunedufaso.net\/?p=23208","og_site_name":"La Tribune du Faso","article_publisher":"https:\/\/www.facebook.com\/LatribuneduFaso\/","article_published_time":"2025-09-01T23:08:30+00:00","article_modified_time":"2025-09-17T18:20:50+00:00","og_image":[{"width":1280,"height":963,"url":"https:\/\/www.latribunedufaso.net\/wp-content\/uploads\/2025\/09\/IMG-20250902-WA0002.jpg","type":"image\/jpeg"}],"author":"Issouf Tapsoba","twitter_misc":{"\u00c9crit par":"Issouf Tapsoba","Dur\u00e9e de lecture estim\u00e9e":"3 minutes"},"schema":{"@context":"https:\/\/schema.org","@graph":[{"@type":"Article","@id":"https:\/\/www.latribunedufaso.net\/?p=23208#article","isPartOf":{"@id":"https:\/\/www.latribunedufaso.net\/?p=23208"},"author":{"name":"Issouf Tapsoba","@id":"https:\/\/www.latribunedufaso.net\/#\/schema\/person\/e54e64c5778a7e72cf80a318b7a622b0"},"headline":"Nouveau Code des personnes et de la famille : L\u2019homosexualit\u00e9 et les pratiques assimil\u00e9es d\u00e9sormais p\u00e9nalis\u00e9es au Burkina\u00a0","datePublished":"2025-09-01T23:08:30+00:00","dateModified":"2025-09-17T18:20:50+00:00","mainEntityOfPage":{"@id":"https:\/\/www.latribunedufaso.net\/?p=23208"},"wordCount":590,"commentCount":0,"publisher":{"@id":"https:\/\/www.latribunedufaso.net\/#organization"},"image":{"@id":"https:\/\/www.latribunedufaso.net\/?p=23208#primaryimage"},"thumbnailUrl":"https:\/\/www.latribunedufaso.net\/wp-content\/uploads\/2025\/09\/IMG-20250902-WA0002.jpg","keywords":["Homosexualit\u00e9 sanctionn\u00e9e au Burkina","latribunedufaso.net","Nouveau code des personnes et de la famille"],"articleSection":["A la une","Actualit\u00e9","Soci\u00e9t\u00e9"],"inLanguage":"fr-FR","potentialAction":[{"@type":"CommentAction","name":"Comment","target":["https:\/\/www.latribunedufaso.net\/?p=23208#respond"]}]},{"@type":"WebPage","@id":"https:\/\/www.latribunedufaso.net\/?p=23208","url":"https:\/\/www.latribunedufaso.net\/?p=23208","name":"Nouveau Code des personnes et de la famille : L\u2019homosexualit\u00e9 et les pratiques assimil\u00e9es d\u00e9sormais p\u00e9nalis\u00e9es au Burkina\u00a0 - La Tribune du Faso","isPartOf":{"@id":"https:\/\/www.latribunedufaso.net\/#website"},"primaryImageOfPage":{"@id":"https:\/\/www.latribunedufaso.net\/?p=23208#primaryimage"},"image":{"@id":"https:\/\/www.latribunedufaso.net\/?p=23208#primaryimage"},"thumbnailUrl":"https:\/\/www.latribunedufaso.net\/wp-content\/uploads\/2025\/09\/IMG-20250902-WA0002.jpg","datePublished":"2025-09-01T23:08:30+00:00","dateModified":"2025-09-17T18:20:50+00:00","breadcrumb":{"@id":"https:\/\/www.latribunedufaso.net\/?p=23208#breadcrumb"},"inLanguage":"fr-FR","potentialAction":[{"@type":"ReadAction","target":["https:\/\/www.latribunedufaso.net\/?p=23208"]}]},{"@type":"ImageObject","inLanguage":"fr-FR","@id":"https:\/\/www.latribunedufaso.net\/?p=23208#primaryimage","url":"https:\/\/www.latribunedufaso.net\/wp-content\/uploads\/2025\/09\/IMG-20250902-WA0002.jpg","contentUrl":"https:\/\/www.latribunedufaso.net\/wp-content\/uploads\/2025\/09\/IMG-20250902-WA0002.jpg","width":1280,"height":963,"caption":"Adoption du nouveau Code des personnes et de la famille, 1er septembre 2025"},{"@type":"BreadcrumbList","@id":"https:\/\/www.latribunedufaso.net\/?p=23208#breadcrumb","itemListElement":[{"@type":"ListItem","position":1,"name":"Accueil","item":"https:\/\/www.latribunedufaso.net\/"},{"@type":"ListItem","position":2,"name":"Nouveau Code des personnes et de la famille : L\u2019homosexualit\u00e9 et les pratiques assimil\u00e9es d\u00e9sormais p\u00e9nalis\u00e9es au Burkina\u00a0"}]},{"@type":"WebSite","@id":"https:\/\/www.latribunedufaso.net\/#website","url":"https:\/\/www.latribunedufaso.net\/","name":"La Tribune du Faso","description":"L&#039;information du monde rural en un clic","publisher":{"@id":"https:\/\/www.latribunedufaso.net\/#organization"},"potentialAction":[{"@type":"SearchAction","target":{"@type":"EntryPoint","urlTemplate":"https:\/\/www.latribunedufaso.net\/?s={search_term_string}"},"query-input":{"@type":"PropertyValueSpecification","valueRequired":true,"valueName":"search_term_string"}}],"inLanguage":"fr-FR"},{"@type":"Organization","@id":"https:\/\/www.latribunedufaso.net\/#organization","name":"La Tribune du Faso","url":"https:\/\/www.latribunedufaso.net\/","logo":{"@type":"ImageObject","inLanguage":"fr-FR","@id":"https:\/\/www.latribunedufaso.net\/#\/schema\/logo\/image\/","url":"https:\/\/www.latribunedufaso.net\/wp-content\/uploads\/2020\/08\/Logo-Tribune-du-Faso-final-scaled.jpg","contentUrl":"https:\/\/www.latribunedufaso.net\/wp-content\/uploads\/2020\/08\/Logo-Tribune-du-Faso-final-scaled.jpg","width":2560,"height":1856,"caption":"La Tribune du Faso"},"image":{"@id":"https:\/\/www.latribunedufaso.net\/#\/schema\/logo\/image\/"},"sameAs":["https:\/\/www.facebook.com\/LatribuneduFaso\/"]},{"@type":"Person","@id":"https:\/\/www.latribunedufaso.net\/#\/schema\/person\/e54e64c5778a7e72cf80a318b7a622b0","name":"Issouf Tapsoba","image":{"@type":"ImageObject","inLanguage":"fr-FR","@id":"https:\/\/secure.gravatar.com\/avatar\/5e6c05150ce3230247d167f5b94d678eb05936197436d69b7921e3a95c9107ac?s=96&d=mm&r=g","url":"https:\/\/secure.gravatar.com\/avatar\/5e6c05150ce3230247d167f5b94d678eb05936197436d69b7921e3a95c9107ac?s=96&d=mm&r=g","contentUrl":"https:\/\/secure.gravatar.com\/avatar\/5e6c05150ce3230247d167f5b94d678eb05936197436d69b7921e3a95c9107ac?s=96&d=mm&r=g","caption":"Issouf Tapsoba"},"url":"https:\/\/www.latribunedufaso.net\/?author=5"}]}},"_links":{"self":[{"href":"https:\/\/www.latribunedufaso.net\/index.php?rest_route=\/wp\/v2\/posts\/23208","targetHints":{"allow":["GET"]}}],"collection":[{"href":"https:\/\/www.latribunedufaso.net\/index.php?rest_route=\/wp\/v2\/posts"}],"about":[{"href":"https:\/\/www.latribunedufaso.net\/index.php?rest_route=\/wp\/v2\/types\/post"}],"author":[{"embeddable":true,"href":"https:\/\/www.latribunedufaso.net\/index.php?rest_route=\/wp\/v2\/users\/5"}],"replies":[{"embeddable":true,"href":"https:\/\/www.latribunedufaso.net\/index.php?rest_route=%2Fwp%2Fv2%2Fcomments&post=23208"}],"version-history":[{"count":3,"href":"https:\/\/www.latribunedufaso.net\/index.php?rest_route=\/wp\/v2\/posts\/23208\/revisions"}],"predecessor-version":[{"id":23631,"href":"https:\/\/www.latribunedufaso.net\/index.php?rest_route=\/wp\/v2\/posts\/23208\/revisions\/23631"}],"wp:featuredmedia":[{"embeddable":true,"href":"https:\/\/www.latribunedufaso.net\/index.php?rest_route=\/wp\/v2\/media\/23211"}],"wp:attachment":[{"href":"https:\/\/www.latribunedufaso.net\/index.php?rest_route=%2Fwp%2Fv2%2Fmedia&parent=23208"}],"wp:term":[{"taxonomy":"category","embeddable":true,"href":"https:\/\/www.latribunedufaso.net\/index.php?rest_route=%2Fwp%2Fv2%2Fcategories&post=23208"},{"taxonomy":"post_tag","embeddable":true,"href":"https:\/\/www.latribunedufaso.net\/index.php?rest_route=%2Fwp%2Fv2%2Ftags&post=23208"}],"curies":[{"name":"wp","href":"https:\/\/api.w.org\/{rel}","templated":true}]}}