{"id":2312,"date":"2021-01-13T18:03:51","date_gmt":"2021-01-13T18:03:51","guid":{"rendered":"https:\/\/www.latribunedufaso.net\/?p=2312"},"modified":"2021-01-13T18:03:51","modified_gmt":"2021-01-13T18:03:51","slug":"assemblee-nationale-bala-sakande-recoit-les-ambassadeurs-de-la-belgique-et-de-la-chine","status":"publish","type":"post","link":"https:\/\/www.latribunedufaso.net\/?p=2312","title":{"rendered":"Assembl\u00e9e nationale\u00a0: Bala Sakand\u00e9 re\u00e7oit les ambassadeurs de la Belgique et de la Chine"},"content":{"rendered":"<p><strong><span style=\"font-size: 1.0625rem;\">Le pr\u00e9sident de l\u2019Assembl\u00e9e nationale, Bala Sakand\u00e9, a accord\u00e9 une audience \u00e0 l\u2019ambassadeur du Royaume de Belgique et celui de la R\u00e9publique populaire de Chine au Burkina Faso le mardi 12 janvier 2021, \u00e0 Ouagadougou. Renforcement de la coop\u00e9ration parlementaire, pr\u00e9sentation de v\u0153ux de nouvel an et f\u00e9licitations pour la r\u00e9\u00e9lection du pr\u00e9sident Bala Sakand\u00e9 \u00e0 la t\u00eate de l\u2019h\u00e9micycle burkinab\u00e9 ont \u00e9t\u00e9 les points clefs de ces audiences.<\/span><\/strong><br \/>\n<!--more--><\/p>\n<p><a href=\"https:\/\/latribunedufaso.net\/wp-content\/uploads\/2021\/01\/IMG-20210113-WA0016.jpg\"><img loading=\"lazy\" decoding=\"async\" class=\"size-medium wp-image-2315 aligncenter\" src=\"https:\/\/latribunedufaso.net\/wp-content\/uploads\/2021\/01\/IMG-20210113-WA0016-300x200.jpg\" alt=\"\" width=\"300\" height=\"200\" srcset=\"https:\/\/www.latribunedufaso.net\/wp-content\/uploads\/2021\/01\/IMG-20210113-WA0016-300x200.jpg 300w, https:\/\/www.latribunedufaso.net\/wp-content\/uploads\/2021\/01\/IMG-20210113-WA0016-120x80.jpg 120w, https:\/\/www.latribunedufaso.net\/wp-content\/uploads\/2021\/01\/IMG-20210113-WA0016-360x240.jpg 360w, https:\/\/www.latribunedufaso.net\/wp-content\/uploads\/2021\/01\/IMG-20210113-WA0016-600x400.jpg 600w, https:\/\/www.latribunedufaso.net\/wp-content\/uploads\/2021\/01\/IMG-20210113-WA0016.jpg 720w\" sizes=\"auto, (max-width: 300px) 100vw, 300px\" \/><\/a>L\u2019ambassadeur du Royaume de Belgique au Burkina Faso, Jean-Jacques Quairiat, qui a \u00e9t\u00e9 le premier \u00e0 \u00eatre re\u00e7u par le pr\u00e9sident de l\u2019Assembl\u00e9e nationale burkinab\u00e9, dit \u00eatre venu f\u00e9liciter le chef du parlement burkinab\u00e8 pour sa r\u00e9\u00e9lection et lui pr\u00e9senter les meilleurs v\u0153ux pour la nouvelle ann\u00e9e 2021. Il a \u00e9galement, selon le pl\u00e9nipotentiaire belge, \u00e9t\u00e9 question au cours des \u00e9changes de parler coop\u00e9ration bilat\u00e9rale entre le Royaume de Belgique et le pays des Hommes int\u00e8gres. \u00ab Le Burkina et ses voisins sont d\u00e9sormais une priorit\u00e9 pour le Royaume de Belgique\u00a0\u00bb, a-t-il soutenu.<\/p>\n<p>Estimant \u00e0 100 millions d\u2019euros entre 2019 et 2023 l\u2019investissement du royaume belge pour le Burkina Faso, Jean-Jacques Quairiat indique que son entrevue avec le pr\u00e9sident Sakand\u00e9 devrait permettre d\u2019\u00e9changer sur les relations entre les deux pays et les opportunit\u00e9s qui peuvent se pr\u00e9senter \u00e0 eux. Actualit\u00e9 oblige, notamment avec la formation d\u2019un nouveau gouvernement sous l\u2019\u00e8re Dabir\u00e9, M. Quairiat s\u2019est prononc\u00e9 sur la question de la r\u00e9conciliation et la coh\u00e9sion nationale, qui constitue d\u00e9sormais un nouveau portefeuille dans ledit gouvernement. \u00ab\u00a0Les acteurs sont interpel\u00e9s au respect du jeu d\u00e9mocratique par la cr\u00e9ation d\u2019un minist\u00e8re propre \u00e0 la r\u00e9conciliation\u00a0\u00bb, a-t-il soutenu.<\/p>\n<p><a href=\"https:\/\/latribunedufaso.net\/wp-content\/uploads\/2021\/01\/IMG-20210113-WA0017.jpg\"><img loading=\"lazy\" decoding=\"async\" class=\"size-medium wp-image-2314 aligncenter\" src=\"https:\/\/latribunedufaso.net\/wp-content\/uploads\/2021\/01\/IMG-20210113-WA0017-300x200.jpg\" alt=\"\" width=\"300\" height=\"200\" srcset=\"https:\/\/www.latribunedufaso.net\/wp-content\/uploads\/2021\/01\/IMG-20210113-WA0017-300x200.jpg 300w, https:\/\/www.latribunedufaso.net\/wp-content\/uploads\/2021\/01\/IMG-20210113-WA0017-120x80.jpg 120w, https:\/\/www.latribunedufaso.net\/wp-content\/uploads\/2021\/01\/IMG-20210113-WA0017-360x240.jpg 360w, https:\/\/www.latribunedufaso.net\/wp-content\/uploads\/2021\/01\/IMG-20210113-WA0017-600x400.jpg 600w, https:\/\/www.latribunedufaso.net\/wp-content\/uploads\/2021\/01\/IMG-20210113-WA0017.jpg 720w\" sizes=\"auto, (max-width: 300px) 100vw, 300px\" \/><\/a><\/p>\n<p>Jan Li, ambassadeur de la R\u00e9publique populaire de Chine au Burkina, re\u00e7u en seconde position, dit \u00eatre venu transmettre les chaleureuses f\u00e9licitations du pr\u00e9sident de l\u2019Assembl\u00e9e chinoise \u00e0 son homologue Bala Sakand\u00e9 pour sa r\u00e9\u00e9lection \u00e0 la pr\u00e9sidence de l\u2019Assembl\u00e9e nationale. Aussi a-t-il saisi l\u2019occasion pour pr\u00e9senter, ses v\u0153ux les meilleurs au chef du parlement burkinab\u00e9. La poursuite de la coop\u00e9ration parlementaire entre les deux pays, la remise en place du groupe d\u2019amiti\u00e9 parlementaire et le renforcement fructueux des efforts dans le cadre de la lutte contre la Covid-19 ont \u00e9galement \u00e9t\u00e9 au centre des \u00e9changes.<\/p>\n<p><strong>Tiba Kassamse Ouedraogo (Stagiaire)<\/strong><br \/>\n<strong>Latribunedufaso.net<\/strong><\/p>\n<p>&nbsp;<\/p>\n","protected":false},"excerpt":{"rendered":"<p>Le pr\u00e9sident de l\u2019Assembl\u00e9e nationale, Bala Sakand\u00e9, a accord\u00e9 une audience \u00e0 l\u2019ambassadeur du Royaume de Belgique et celui de la R\u00e9publique populaire de Chine au Burkina Faso le mardi 12 janvier 2021, \u00e0 Ouagadougou. Renforcement de la coop\u00e9ration parlementaire, pr\u00e9sentation de v\u0153ux de nouvel an et f\u00e9licitations pour la r\u00e9\u00e9lection du pr\u00e9sident Bala Sakand\u00e9 \u00e0 la t\u00eate de l\u2019h\u00e9micycle burkinab\u00e9 ont \u00e9t\u00e9 les points clefs de ces audiences.<\/p>\n","protected":false},"author":2,"featured_media":2313,"comment_status":"open","ping_status":"open","sticky":false,"template":"","format":"standard","meta":{"footnotes":""},"categories":[13,1,8],"tags":[],"class_list":["post-2312","post","type-post","status-publish","format-standard","has-post-thumbnail","hentry","category-une","category-actu","category-societe"],"yoast_head":"<!-- This site is optimized with the Yoast SEO plugin v27.5 - https:\/\/yoast.com\/product\/yoast-seo-wordpress\/ -->\n<title>Assembl\u00e9e nationale\u00a0: Bala Sakand\u00e9 re\u00e7oit les ambassadeurs de la Belgique et de la Chine - La Tribune du Faso<\/title>\n<meta name=\"robots\" content=\"index, follow, max-snippet:-1, max-image-preview:large, max-video-preview:-1\" \/>\n<link rel=\"canonical\" href=\"https:\/\/www.latribunedufaso.net\/?p=2312\" \/>\n<meta property=\"og:locale\" content=\"fr_FR\" \/>\n<meta property=\"og:type\" content=\"article\" \/>\n<meta property=\"og:title\" content=\"Assembl\u00e9e nationale\u00a0: Bala Sakand\u00e9 re\u00e7oit les ambassadeurs de la Belgique et de la Chine - La Tribune du Faso\" \/>\n<meta property=\"og:description\" content=\"Le pr\u00e9sident de l\u2019Assembl\u00e9e nationale, Bala Sakand\u00e9, a accord\u00e9 une audience \u00e0 l\u2019ambassadeur du Royaume de Belgique et celui de la R\u00e9publique populaire de Chine au Burkina Faso le mardi 12 janvier 2021, \u00e0 Ouagadougou. Renforcement de la coop\u00e9ration parlementaire, pr\u00e9sentation de v\u0153ux de nouvel an et f\u00e9licitations pour la r\u00e9\u00e9lection du pr\u00e9sident Bala Sakand\u00e9 \u00e0 la t\u00eate de l\u2019h\u00e9micycle burkinab\u00e9 ont \u00e9t\u00e9 les points clefs de ces audiences.\" \/>\n<meta property=\"og:url\" content=\"https:\/\/www.latribunedufaso.net\/?p=2312\" \/>\n<meta property=\"og:site_name\" content=\"La Tribune du Faso\" \/>\n<meta property=\"article:publisher\" content=\"https:\/\/www.facebook.com\/LatribuneduFaso\/\" \/>\n<meta property=\"article:published_time\" content=\"2021-01-13T18:03:51+00:00\" \/>\n<meta property=\"og:image\" content=\"https:\/\/latribunedufaso.net\/wp-content\/uploads\/2021\/01\/IMG-20210113-WA0018.jpg\" \/>\n\t<meta property=\"og:image:width\" content=\"720\" \/>\n\t<meta property=\"og:image:height\" content=\"479\" \/>\n\t<meta property=\"og:image:type\" content=\"image\/jpeg\" \/>\n<meta name=\"author\" content=\"Administrateur\" \/>\n<meta name=\"twitter:label1\" content=\"\u00c9crit par\" \/>\n\t<meta name=\"twitter:data1\" content=\"Administrateur\" \/>\n\t<meta name=\"twitter:label2\" content=\"Dur\u00e9e de lecture estim\u00e9e\" \/>\n\t<meta name=\"twitter:data2\" content=\"2 minutes\" \/>\n<script type=\"application\/ld+json\" class=\"yoast-schema-graph\">{\"@context\":\"https:\\\/\\\/schema.org\",\"@graph\":[{\"@type\":\"Article\",\"@id\":\"https:\\\/\\\/www.latribunedufaso.net\\\/?p=2312#article\",\"isPartOf\":{\"@id\":\"https:\\\/\\\/www.latribunedufaso.net\\\/?p=2312\"},\"author\":{\"name\":\"Administrateur\",\"@id\":\"https:\\\/\\\/www.latribunedufaso.net\\\/#\\\/schema\\\/person\\\/a380782d0605bb8aae27c40ea93b35b1\"},\"headline\":\"Assembl\u00e9e nationale\u00a0: Bala Sakand\u00e9 re\u00e7oit les ambassadeurs de la Belgique et de la Chine\",\"datePublished\":\"2021-01-13T18:03:51+00:00\",\"mainEntityOfPage\":{\"@id\":\"https:\\\/\\\/www.latribunedufaso.net\\\/?p=2312\"},\"wordCount\":428,\"commentCount\":0,\"publisher\":{\"@id\":\"https:\\\/\\\/www.latribunedufaso.net\\\/#organization\"},\"image\":{\"@id\":\"https:\\\/\\\/www.latribunedufaso.net\\\/?p=2312#primaryimage\"},\"thumbnailUrl\":\"https:\\\/\\\/www.latribunedufaso.net\\\/wp-content\\\/uploads\\\/2021\\\/01\\\/IMG-20210113-WA0018.jpg\",\"articleSection\":[\"A la une\",\"Actualit\u00e9\",\"Soci\u00e9t\u00e9\"],\"inLanguage\":\"fr-FR\",\"potentialAction\":[{\"@type\":\"CommentAction\",\"name\":\"Comment\",\"target\":[\"https:\\\/\\\/www.latribunedufaso.net\\\/?p=2312#respond\"]}]},{\"@type\":\"WebPage\",\"@id\":\"https:\\\/\\\/www.latribunedufaso.net\\\/?p=2312\",\"url\":\"https:\\\/\\\/www.latribunedufaso.net\\\/?p=2312\",\"name\":\"Assembl\u00e9e nationale\u00a0: Bala Sakand\u00e9 re\u00e7oit les ambassadeurs de la Belgique et de la Chine - La Tribune du Faso\",\"isPartOf\":{\"@id\":\"https:\\\/\\\/www.latribunedufaso.net\\\/#website\"},\"primaryImageOfPage\":{\"@id\":\"https:\\\/\\\/www.latribunedufaso.net\\\/?p=2312#primaryimage\"},\"image\":{\"@id\":\"https:\\\/\\\/www.latribunedufaso.net\\\/?p=2312#primaryimage\"},\"thumbnailUrl\":\"https:\\\/\\\/www.latribunedufaso.net\\\/wp-content\\\/uploads\\\/2021\\\/01\\\/IMG-20210113-WA0018.jpg\",\"datePublished\":\"2021-01-13T18:03:51+00:00\",\"breadcrumb\":{\"@id\":\"https:\\\/\\\/www.latribunedufaso.net\\\/?p=2312#breadcrumb\"},\"inLanguage\":\"fr-FR\",\"potentialAction\":[{\"@type\":\"ReadAction\",\"target\":[\"https:\\\/\\\/www.latribunedufaso.net\\\/?p=2312\"]}]},{\"@type\":\"ImageObject\",\"inLanguage\":\"fr-FR\",\"@id\":\"https:\\\/\\\/www.latribunedufaso.net\\\/?p=2312#primaryimage\",\"url\":\"https:\\\/\\\/www.latribunedufaso.net\\\/wp-content\\\/uploads\\\/2021\\\/01\\\/IMG-20210113-WA0018.jpg\",\"contentUrl\":\"https:\\\/\\\/www.latribunedufaso.net\\\/wp-content\\\/uploads\\\/2021\\\/01\\\/IMG-20210113-WA0018.jpg\",\"width\":720,\"height\":479},{\"@type\":\"BreadcrumbList\",\"@id\":\"https:\\\/\\\/www.latribunedufaso.net\\\/?p=2312#breadcrumb\",\"itemListElement\":[{\"@type\":\"ListItem\",\"position\":1,\"name\":\"Accueil\",\"item\":\"https:\\\/\\\/www.latribunedufaso.net\\\/\"},{\"@type\":\"ListItem\",\"position\":2,\"name\":\"Assembl\u00e9e nationale\u00a0: Bala Sakand\u00e9 re\u00e7oit les ambassadeurs de la Belgique et de la Chine\"}]},{\"@type\":\"WebSite\",\"@id\":\"https:\\\/\\\/www.latribunedufaso.net\\\/#website\",\"url\":\"https:\\\/\\\/www.latribunedufaso.net\\\/\",\"name\":\"La Tribune du Faso\",\"description\":\"L&#039;information du monde rural en un clic\",\"publisher\":{\"@id\":\"https:\\\/\\\/www.latribunedufaso.net\\\/#organization\"},\"potentialAction\":[{\"@type\":\"SearchAction\",\"target\":{\"@type\":\"EntryPoint\",\"urlTemplate\":\"https:\\\/\\\/www.latribunedufaso.net\\\/?s={search_term_string}\"},\"query-input\":{\"@type\":\"PropertyValueSpecification\",\"valueRequired\":true,\"valueName\":\"search_term_string\"}}],\"inLanguage\":\"fr-FR\"},{\"@type\":\"Organization\",\"@id\":\"https:\\\/\\\/www.latribunedufaso.net\\\/#organization\",\"name\":\"La Tribune du Faso\",\"url\":\"https:\\\/\\\/www.latribunedufaso.net\\\/\",\"logo\":{\"@type\":\"ImageObject\",\"inLanguage\":\"fr-FR\",\"@id\":\"https:\\\/\\\/www.latribunedufaso.net\\\/#\\\/schema\\\/logo\\\/image\\\/\",\"url\":\"https:\\\/\\\/www.latribunedufaso.net\\\/wp-content\\\/uploads\\\/2020\\\/08\\\/Logo-Tribune-du-Faso-final-scaled.jpg\",\"contentUrl\":\"https:\\\/\\\/www.latribunedufaso.net\\\/wp-content\\\/uploads\\\/2020\\\/08\\\/Logo-Tribune-du-Faso-final-scaled.jpg\",\"width\":2560,\"height\":1856,\"caption\":\"La Tribune du Faso\"},\"image\":{\"@id\":\"https:\\\/\\\/www.latribunedufaso.net\\\/#\\\/schema\\\/logo\\\/image\\\/\"},\"sameAs\":[\"https:\\\/\\\/www.facebook.com\\\/LatribuneduFaso\\\/\"]},{\"@type\":\"Person\",\"@id\":\"https:\\\/\\\/www.latribunedufaso.net\\\/#\\\/schema\\\/person\\\/a380782d0605bb8aae27c40ea93b35b1\",\"name\":\"Administrateur\",\"image\":{\"@type\":\"ImageObject\",\"inLanguage\":\"fr-FR\",\"@id\":\"https:\\\/\\\/secure.gravatar.com\\\/avatar\\\/e20266f97d741f0e80ba1f60283074a9b3317fd7bfb727e0d95b51dafbf854a1?s=96&d=mm&r=g\",\"url\":\"https:\\\/\\\/secure.gravatar.com\\\/avatar\\\/e20266f97d741f0e80ba1f60283074a9b3317fd7bfb727e0d95b51dafbf854a1?s=96&d=mm&r=g\",\"contentUrl\":\"https:\\\/\\\/secure.gravatar.com\\\/avatar\\\/e20266f97d741f0e80ba1f60283074a9b3317fd7bfb727e0d95b51dafbf854a1?s=96&d=mm&r=g\",\"caption\":\"Administrateur\"},\"url\":\"https:\\\/\\\/www.latribunedufaso.net\\\/?author=2\"}]}<\/script>\n<!-- \/ Yoast SEO plugin. -->","yoast_head_json":{"title":"Assembl\u00e9e nationale\u00a0: Bala Sakand\u00e9 re\u00e7oit les ambassadeurs de la Belgique et de la Chine - La Tribune du Faso","robots":{"index":"index","follow":"follow","max-snippet":"max-snippet:-1","max-image-preview":"max-image-preview:large","max-video-preview":"max-video-preview:-1"},"canonical":"https:\/\/www.latribunedufaso.net\/?p=2312","og_locale":"fr_FR","og_type":"article","og_title":"Assembl\u00e9e nationale\u00a0: Bala Sakand\u00e9 re\u00e7oit les ambassadeurs de la Belgique et de la Chine - La Tribune du Faso","og_description":"Le pr\u00e9sident de l\u2019Assembl\u00e9e nationale, Bala Sakand\u00e9, a accord\u00e9 une audience \u00e0 l\u2019ambassadeur du Royaume de Belgique et celui de la R\u00e9publique populaire de Chine au Burkina Faso le mardi 12 janvier 2021, \u00e0 Ouagadougou. Renforcement de la coop\u00e9ration parlementaire, pr\u00e9sentation de v\u0153ux de nouvel an et f\u00e9licitations pour la r\u00e9\u00e9lection du pr\u00e9sident Bala Sakand\u00e9 \u00e0 la t\u00eate de l\u2019h\u00e9micycle burkinab\u00e9 ont \u00e9t\u00e9 les points clefs de ces audiences.","og_url":"https:\/\/www.latribunedufaso.net\/?p=2312","og_site_name":"La Tribune du Faso","article_publisher":"https:\/\/www.facebook.com\/LatribuneduFaso\/","article_published_time":"2021-01-13T18:03:51+00:00","og_image":[{"width":720,"height":479,"url":"https:\/\/latribunedufaso.net\/wp-content\/uploads\/2021\/01\/IMG-20210113-WA0018.jpg","type":"image\/jpeg"}],"author":"Administrateur","twitter_misc":{"\u00c9crit par":"Administrateur","Dur\u00e9e de lecture estim\u00e9e":"2 minutes"},"schema":{"@context":"https:\/\/schema.org","@graph":[{"@type":"Article","@id":"https:\/\/www.latribunedufaso.net\/?p=2312#article","isPartOf":{"@id":"https:\/\/www.latribunedufaso.net\/?p=2312"},"author":{"name":"Administrateur","@id":"https:\/\/www.latribunedufaso.net\/#\/schema\/person\/a380782d0605bb8aae27c40ea93b35b1"},"headline":"Assembl\u00e9e nationale\u00a0: Bala Sakand\u00e9 re\u00e7oit les ambassadeurs de la Belgique et de la Chine","datePublished":"2021-01-13T18:03:51+00:00","mainEntityOfPage":{"@id":"https:\/\/www.latribunedufaso.net\/?p=2312"},"wordCount":428,"commentCount":0,"publisher":{"@id":"https:\/\/www.latribunedufaso.net\/#organization"},"image":{"@id":"https:\/\/www.latribunedufaso.net\/?p=2312#primaryimage"},"thumbnailUrl":"https:\/\/www.latribunedufaso.net\/wp-content\/uploads\/2021\/01\/IMG-20210113-WA0018.jpg","articleSection":["A la une","Actualit\u00e9","Soci\u00e9t\u00e9"],"inLanguage":"fr-FR","potentialAction":[{"@type":"CommentAction","name":"Comment","target":["https:\/\/www.latribunedufaso.net\/?p=2312#respond"]}]},{"@type":"WebPage","@id":"https:\/\/www.latribunedufaso.net\/?p=2312","url":"https:\/\/www.latribunedufaso.net\/?p=2312","name":"Assembl\u00e9e nationale\u00a0: Bala Sakand\u00e9 re\u00e7oit les ambassadeurs de la Belgique et de la Chine - La Tribune du Faso","isPartOf":{"@id":"https:\/\/www.latribunedufaso.net\/#website"},"primaryImageOfPage":{"@id":"https:\/\/www.latribunedufaso.net\/?p=2312#primaryimage"},"image":{"@id":"https:\/\/www.latribunedufaso.net\/?p=2312#primaryimage"},"thumbnailUrl":"https:\/\/www.latribunedufaso.net\/wp-content\/uploads\/2021\/01\/IMG-20210113-WA0018.jpg","datePublished":"2021-01-13T18:03:51+00:00","breadcrumb":{"@id":"https:\/\/www.latribunedufaso.net\/?p=2312#breadcrumb"},"inLanguage":"fr-FR","potentialAction":[{"@type":"ReadAction","target":["https:\/\/www.latribunedufaso.net\/?p=2312"]}]},{"@type":"ImageObject","inLanguage":"fr-FR","@id":"https:\/\/www.latribunedufaso.net\/?p=2312#primaryimage","url":"https:\/\/www.latribunedufaso.net\/wp-content\/uploads\/2021\/01\/IMG-20210113-WA0018.jpg","contentUrl":"https:\/\/www.latribunedufaso.net\/wp-content\/uploads\/2021\/01\/IMG-20210113-WA0018.jpg","width":720,"height":479},{"@type":"BreadcrumbList","@id":"https:\/\/www.latribunedufaso.net\/?p=2312#breadcrumb","itemListElement":[{"@type":"ListItem","position":1,"name":"Accueil","item":"https:\/\/www.latribunedufaso.net\/"},{"@type":"ListItem","position":2,"name":"Assembl\u00e9e nationale\u00a0: Bala Sakand\u00e9 re\u00e7oit les ambassadeurs de la Belgique et de la Chine"}]},{"@type":"WebSite","@id":"https:\/\/www.latribunedufaso.net\/#website","url":"https:\/\/www.latribunedufaso.net\/","name":"La Tribune du Faso","description":"L&#039;information du monde rural en un clic","publisher":{"@id":"https:\/\/www.latribunedufaso.net\/#organization"},"potentialAction":[{"@type":"SearchAction","target":{"@type":"EntryPoint","urlTemplate":"https:\/\/www.latribunedufaso.net\/?s={search_term_string}"},"query-input":{"@type":"PropertyValueSpecification","valueRequired":true,"valueName":"search_term_string"}}],"inLanguage":"fr-FR"},{"@type":"Organization","@id":"https:\/\/www.latribunedufaso.net\/#organization","name":"La Tribune du Faso","url":"https:\/\/www.latribunedufaso.net\/","logo":{"@type":"ImageObject","inLanguage":"fr-FR","@id":"https:\/\/www.latribunedufaso.net\/#\/schema\/logo\/image\/","url":"https:\/\/www.latribunedufaso.net\/wp-content\/uploads\/2020\/08\/Logo-Tribune-du-Faso-final-scaled.jpg","contentUrl":"https:\/\/www.latribunedufaso.net\/wp-content\/uploads\/2020\/08\/Logo-Tribune-du-Faso-final-scaled.jpg","width":2560,"height":1856,"caption":"La Tribune du Faso"},"image":{"@id":"https:\/\/www.latribunedufaso.net\/#\/schema\/logo\/image\/"},"sameAs":["https:\/\/www.facebook.com\/LatribuneduFaso\/"]},{"@type":"Person","@id":"https:\/\/www.latribunedufaso.net\/#\/schema\/person\/a380782d0605bb8aae27c40ea93b35b1","name":"Administrateur","image":{"@type":"ImageObject","inLanguage":"fr-FR","@id":"https:\/\/secure.gravatar.com\/avatar\/e20266f97d741f0e80ba1f60283074a9b3317fd7bfb727e0d95b51dafbf854a1?s=96&d=mm&r=g","url":"https:\/\/secure.gravatar.com\/avatar\/e20266f97d741f0e80ba1f60283074a9b3317fd7bfb727e0d95b51dafbf854a1?s=96&d=mm&r=g","contentUrl":"https:\/\/secure.gravatar.com\/avatar\/e20266f97d741f0e80ba1f60283074a9b3317fd7bfb727e0d95b51dafbf854a1?s=96&d=mm&r=g","caption":"Administrateur"},"url":"https:\/\/www.latribunedufaso.net\/?author=2"}]}},"_links":{"self":[{"href":"https:\/\/www.latribunedufaso.net\/index.php?rest_route=\/wp\/v2\/posts\/2312","targetHints":{"allow":["GET"]}}],"collection":[{"href":"https:\/\/www.latribunedufaso.net\/index.php?rest_route=\/wp\/v2\/posts"}],"about":[{"href":"https:\/\/www.latribunedufaso.net\/index.php?rest_route=\/wp\/v2\/types\/post"}],"author":[{"embeddable":true,"href":"https:\/\/www.latribunedufaso.net\/index.php?rest_route=\/wp\/v2\/users\/2"}],"replies":[{"embeddable":true,"href":"https:\/\/www.latribunedufaso.net\/index.php?rest_route=%2Fwp%2Fv2%2Fcomments&post=2312"}],"version-history":[{"count":1,"href":"https:\/\/www.latribunedufaso.net\/index.php?rest_route=\/wp\/v2\/posts\/2312\/revisions"}],"predecessor-version":[{"id":2316,"href":"https:\/\/www.latribunedufaso.net\/index.php?rest_route=\/wp\/v2\/posts\/2312\/revisions\/2316"}],"wp:featuredmedia":[{"embeddable":true,"href":"https:\/\/www.latribunedufaso.net\/index.php?rest_route=\/wp\/v2\/media\/2313"}],"wp:attachment":[{"href":"https:\/\/www.latribunedufaso.net\/index.php?rest_route=%2Fwp%2Fv2%2Fmedia&parent=2312"}],"wp:term":[{"taxonomy":"category","embeddable":true,"href":"https:\/\/www.latribunedufaso.net\/index.php?rest_route=%2Fwp%2Fv2%2Fcategories&post=2312"},{"taxonomy":"post_tag","embeddable":true,"href":"https:\/\/www.latribunedufaso.net\/index.php?rest_route=%2Fwp%2Fv2%2Ftags&post=2312"}],"curies":[{"name":"wp","href":"https:\/\/api.w.org\/{rel}","templated":true}]}}