{"id":23107,"date":"2025-08-28T12:32:26","date_gmt":"2025-08-28T12:32:26","guid":{"rendered":"https:\/\/www.latribunedufaso.net\/?p=23107"},"modified":"2025-09-17T18:18:01","modified_gmt":"2025-09-17T18:18:01","slug":"protection-sociale-le-sp-cnps-lance-la-cellule-interministerielle-des-filets-sociaux","status":"publish","type":"post","link":"https:\/\/www.latribunedufaso.net\/?p=23107","title":{"rendered":"Protection sociale : Le SP-CNPS lance la cellule interminist\u00e9rielle des filets sociaux"},"content":{"rendered":"<p><strong>Le Secr\u00e9tariat permanent du Conseil national pour la protection sociale (SP-CNPS) a ouvert, ce 28 ao\u00fbt 2025 \u00e0 Ouagadougou, la cellule interminist\u00e9rielle sp\u00e9cialis\u00e9e charg\u00e9e des filets sociaux. Une rencontre qui vise \u00e0 redynamiser ce cadre de concertation et \u00e0 renforcer la mise en \u0153uvre de la Strat\u00e9gie nationale de protection sociale.<\/strong><!--more--><\/p>\n<p>Le Secr\u00e9tariat permanent du Conseil national pour la protection sociale (SP-CNPS) tient, les 28 et 29 ao\u00fbt 2025 \u00e0 Ouagadougou, la session de la cellule interminist\u00e9rielle sp\u00e9cialis\u00e9e charg\u00e9e des filets sociaux. L\u2019ouverture des travaux a \u00e9t\u00e9 pr\u00e9sid\u00e9e par le Secr\u00e9taire g\u00e9n\u00e9ral du minist\u00e8re en charge de la Solidarit\u00e9 nationale, \u00c9mile Zabsonr\u00e9, ce 28 ao\u00fbt 2025.<\/p>\n<figure id=\"attachment_23110\" aria-describedby=\"caption-attachment-23110\" style=\"width: 887px\" class=\"wp-caption aligncenter\"><a href=\"https:\/\/www.latribunedufaso.net\/wp-content\/uploads\/2025\/08\/IMG-20250829-WA0021.jpg\"><img loading=\"lazy\" decoding=\"async\" class=\"size-full wp-image-23110\" src=\"https:\/\/www.latribunedufaso.net\/wp-content\/uploads\/2025\/08\/IMG-20250829-WA0021.jpg\" alt=\"Le Secr\u00e9tariat permanent du Conseil national pour la protection sociale (SP-CNPS) a ouvert, ce 28 ao\u00fbt 2025 \u00e0 Ouagadougou, la cellule interminist\u00e9rielle sp\u00e9cialis\u00e9e charg\u00e9e des filets sociaux\" width=\"887\" height=\"1000\" srcset=\"https:\/\/www.latribunedufaso.net\/wp-content\/uploads\/2025\/08\/IMG-20250829-WA0021.jpg 887w, https:\/\/www.latribunedufaso.net\/wp-content\/uploads\/2025\/08\/IMG-20250829-WA0021-266x300.jpg 266w, https:\/\/www.latribunedufaso.net\/wp-content\/uploads\/2025\/08\/IMG-20250829-WA0021-768x866.jpg 768w\" sizes=\"auto, (max-width: 887px) 100vw, 887px\" \/><\/a><figcaption id=\"caption-attachment-23110\" class=\"wp-caption-text\">Le Secr\u00e9taire g\u00e9n\u00e9ral du minist\u00e8re en charge de la Solidarit\u00e9 nationale, \u00c9mile Zabsonr\u00e9 &#8211; Ph. DR<\/figcaption><\/figure>\n<p>La pr\u00e9sente session vise \u00e0 op\u00e9rationnaliser ladite cellule. Plus sp\u00e9cifiquement, il s\u2019agit de pr\u00e9senter aux participants la Strat\u00e9gie nationale de protection sociale et son plan d\u2019actions op\u00e9rationnel, ainsi que les outils de collecte de donn\u00e9es sur les interventions en mati\u00e8re de protection sociale. Les participants formuleront \u00e9galement des recommandations pour la redynamisation de la cellule et la mise en \u0153uvre r\u00e9ussie de la strat\u00e9gie.<\/p>\n<figure id=\"attachment_23111\" aria-describedby=\"caption-attachment-23111\" style=\"width: 1080px\" class=\"wp-caption aligncenter\"><a href=\"https:\/\/www.latribunedufaso.net\/wp-content\/uploads\/2025\/08\/IMG-20250829-WA0020.jpg\"><img loading=\"lazy\" decoding=\"async\" class=\"size-full wp-image-23111\" src=\"https:\/\/www.latribunedufaso.net\/wp-content\/uploads\/2025\/08\/IMG-20250829-WA0020.jpg\" alt=\"Le Secr\u00e9tariat permanent du Conseil national pour la protection sociale (SP-CNPS) a ouvert, ce 28 ao\u00fbt 2025 \u00e0 Ouagadougou, la cellule interminist\u00e9rielle sp\u00e9cialis\u00e9e charg\u00e9e des filets sociaux\" width=\"1080\" height=\"767\" srcset=\"https:\/\/www.latribunedufaso.net\/wp-content\/uploads\/2025\/08\/IMG-20250829-WA0020.jpg 1080w, https:\/\/www.latribunedufaso.net\/wp-content\/uploads\/2025\/08\/IMG-20250829-WA0020-300x213.jpg 300w, https:\/\/www.latribunedufaso.net\/wp-content\/uploads\/2025\/08\/IMG-20250829-WA0020-1024x727.jpg 1024w, https:\/\/www.latribunedufaso.net\/wp-content\/uploads\/2025\/08\/IMG-20250829-WA0020-768x545.jpg 768w, https:\/\/www.latribunedufaso.net\/wp-content\/uploads\/2025\/08\/IMG-20250829-WA0020-90x65.jpg 90w\" sizes=\"auto, (max-width: 1080px) 100vw, 1080px\" \/><\/a><figcaption id=\"caption-attachment-23111\" class=\"wp-caption-text\">Une vue des participants \u00e0 la c\u00e9r\u00e9monie d&rsquo;ouverture &#8211; Ph. DR<\/figcaption><\/figure>\n<p>Dans son discours, M. Zabsonr\u00e9 a rappel\u00e9 que la protection sociale est un levier essentiel de d\u00e9veloppement. Il a soulign\u00e9 que la Strat\u00e9gie nationale de protection sociale (SNPS), adopt\u00e9e en octobre 2024 pour la p\u00e9riode 2024-2028, remplace la Politique nationale de protection sociale (PNPS) arriv\u00e9e \u00e0 terme en 2022.<em><strong> \u00ab L\u2019adoption de la strat\u00e9gie n\u2019est qu\u2019une premi\u00e8re \u00e9tape. Sa r\u00e9ussite d\u00e9pendra de sa vulgarisation, de son appropriation par tous les acteurs et de l\u2019animation effective de cadres de concertation dynamiques \u00bb,<\/strong><\/em> a-t-il affirm\u00e9.<\/p>\n<blockquote>\n<p>Lire aussi &gt;&gt; <a href=\"https:\/\/www.latribunedufaso.net\/?p=21913\">Strat\u00e9gie nationale de la protection sociale : Les gouverneurs outill\u00e9s pour une mise en \u0153uvre efficace<\/a><\/p>\n<\/blockquote>\n<p>Pour sa part, le Secr\u00e9taire permanent du CNPS, Amidou Bamouni, a soulign\u00e9 que la redynamisation de la cellule interminist\u00e9rielle sp\u00e9cialis\u00e9e des filets sociaux est cons\u00e9cutive \u00e0 l\u2019adoption de la nouvelle strat\u00e9gie nationale de protection sociale. M. Bamouni a remerci\u00e9 l\u2019ensemble des structures repr\u00e9sent\u00e9es pour leur implication.<\/p>\n<p><strong>Rosana Astride KIENDREBEOGO\u00a0<\/strong><\/p>\n<p><strong>Latribunedufaso.net<\/strong><\/p>\n<p><iframe loading=\"lazy\" width=\"560\" height=\"315\" src=\"https:\/\/www.youtube.com\/embed\/d5dLayp4B8U?si=vdcwcIwGgu1MMOQx\" title=\"YouTube video player\" frameborder=\"0\" allow=\"accelerometer; autoplay; clipboard-write; encrypted-media; gyroscope; picture-in-picture; web-share\" referrerpolicy=\"strict-origin-when-cross-origin\" allowfullscreen><\/iframe><\/p>\n","protected":false},"excerpt":{"rendered":"<p>Le Secr\u00e9tariat permanent du Conseil national pour la protection sociale (SP-CNPS) a ouvert, ce 28 ao\u00fbt 2025 \u00e0 Ouagadougou, la cellule interminist\u00e9rielle sp\u00e9cialis\u00e9e charg\u00e9e des filets sociaux. Une rencontre qui vise \u00e0 redynamiser ce cadre de concertation et \u00e0 renforcer la mise en \u0153uvre de la Strat\u00e9gie nationale de protection sociale.<\/p>\n","protected":false},"author":5,"featured_media":23109,"comment_status":"open","ping_status":"open","sticky":false,"template":"","format":"standard","meta":{"footnotes":""},"categories":[13,1,8],"tags":[1518,39,384,1321],"class_list":["post-23107","post","type-post","status-publish","format-standard","has-post-thumbnail","hentry","category-une","category-actu","category-societe","tag-filets-sociaux","tag-latribunedufaso-net","tag-protection-sociale","tag-strategie-nationale-de-protection-sociale"],"yoast_head":"<!-- This site is optimized with the Yoast SEO plugin v27.5 - https:\/\/yoast.com\/product\/yoast-seo-wordpress\/ -->\n<title>Protection sociale : Le SP-CNPS lance la cellule interminist\u00e9rielle des filets sociaux - La Tribune du Faso<\/title>\n<meta name=\"robots\" content=\"index, follow, max-snippet:-1, max-image-preview:large, max-video-preview:-1\" \/>\n<link rel=\"canonical\" href=\"https:\/\/www.latribunedufaso.net\/?p=23107\" \/>\n<meta property=\"og:locale\" content=\"fr_FR\" \/>\n<meta property=\"og:type\" content=\"article\" \/>\n<meta property=\"og:title\" content=\"Protection sociale : Le SP-CNPS lance la cellule interminist\u00e9rielle des filets sociaux - La Tribune du Faso\" \/>\n<meta property=\"og:description\" content=\"Le Secr\u00e9tariat permanent du Conseil national pour la protection sociale (SP-CNPS) a ouvert, ce 28 ao\u00fbt 2025 \u00e0 Ouagadougou, la cellule interminist\u00e9rielle sp\u00e9cialis\u00e9e charg\u00e9e des filets sociaux. Une rencontre qui vise \u00e0 redynamiser ce cadre de concertation et \u00e0 renforcer la mise en \u0153uvre de la Strat\u00e9gie nationale de protection sociale.\" \/>\n<meta property=\"og:url\" content=\"https:\/\/www.latribunedufaso.net\/?p=23107\" \/>\n<meta property=\"og:site_name\" content=\"La Tribune du Faso\" \/>\n<meta property=\"article:publisher\" content=\"https:\/\/www.facebook.com\/LatribuneduFaso\/\" \/>\n<meta property=\"article:published_time\" content=\"2025-08-28T12:32:26+00:00\" \/>\n<meta property=\"article:modified_time\" content=\"2025-09-17T18:18:01+00:00\" \/>\n<meta property=\"og:image\" content=\"https:\/\/www.latribunedufaso.net\/wp-content\/uploads\/2025\/08\/IMG-20250829-WA0022.jpg\" \/>\n\t<meta property=\"og:image:width\" content=\"1080\" \/>\n\t<meta property=\"og:image:height\" content=\"720\" \/>\n\t<meta property=\"og:image:type\" content=\"image\/jpeg\" \/>\n<meta name=\"author\" content=\"Issouf Tapsoba\" \/>\n<meta name=\"twitter:label1\" content=\"\u00c9crit par\" \/>\n\t<meta name=\"twitter:data1\" content=\"Issouf Tapsoba\" \/>\n\t<meta name=\"twitter:label2\" content=\"Dur\u00e9e de lecture estim\u00e9e\" \/>\n\t<meta name=\"twitter:data2\" content=\"2 minutes\" \/>\n<script type=\"application\/ld+json\" class=\"yoast-schema-graph\">{\"@context\":\"https:\\\/\\\/schema.org\",\"@graph\":[{\"@type\":\"Article\",\"@id\":\"https:\\\/\\\/www.latribunedufaso.net\\\/?p=23107#article\",\"isPartOf\":{\"@id\":\"https:\\\/\\\/www.latribunedufaso.net\\\/?p=23107\"},\"author\":{\"name\":\"Issouf Tapsoba\",\"@id\":\"https:\\\/\\\/www.latribunedufaso.net\\\/#\\\/schema\\\/person\\\/e54e64c5778a7e72cf80a318b7a622b0\"},\"headline\":\"Protection sociale : Le SP-CNPS lance la cellule interminist\u00e9rielle des filets sociaux\",\"datePublished\":\"2025-08-28T12:32:26+00:00\",\"dateModified\":\"2025-09-17T18:18:01+00:00\",\"mainEntityOfPage\":{\"@id\":\"https:\\\/\\\/www.latribunedufaso.net\\\/?p=23107\"},\"wordCount\":422,\"commentCount\":0,\"publisher\":{\"@id\":\"https:\\\/\\\/www.latribunedufaso.net\\\/#organization\"},\"image\":{\"@id\":\"https:\\\/\\\/www.latribunedufaso.net\\\/?p=23107#primaryimage\"},\"thumbnailUrl\":\"https:\\\/\\\/www.latribunedufaso.net\\\/wp-content\\\/uploads\\\/2025\\\/08\\\/IMG-20250829-WA0022.jpg\",\"keywords\":[\"filets sociaux\",\"latribunedufaso.net\",\"Protection sociale\",\"strat\u00e9gie nationale de protection sociale\"],\"articleSection\":[\"A la une\",\"Actualit\u00e9\",\"Soci\u00e9t\u00e9\"],\"inLanguage\":\"fr-FR\",\"potentialAction\":[{\"@type\":\"CommentAction\",\"name\":\"Comment\",\"target\":[\"https:\\\/\\\/www.latribunedufaso.net\\\/?p=23107#respond\"]}]},{\"@type\":\"WebPage\",\"@id\":\"https:\\\/\\\/www.latribunedufaso.net\\\/?p=23107\",\"url\":\"https:\\\/\\\/www.latribunedufaso.net\\\/?p=23107\",\"name\":\"Protection sociale : Le SP-CNPS lance la cellule interminist\u00e9rielle des filets sociaux - La Tribune du Faso\",\"isPartOf\":{\"@id\":\"https:\\\/\\\/www.latribunedufaso.net\\\/#website\"},\"primaryImageOfPage\":{\"@id\":\"https:\\\/\\\/www.latribunedufaso.net\\\/?p=23107#primaryimage\"},\"image\":{\"@id\":\"https:\\\/\\\/www.latribunedufaso.net\\\/?p=23107#primaryimage\"},\"thumbnailUrl\":\"https:\\\/\\\/www.latribunedufaso.net\\\/wp-content\\\/uploads\\\/2025\\\/08\\\/IMG-20250829-WA0022.jpg\",\"datePublished\":\"2025-08-28T12:32:26+00:00\",\"dateModified\":\"2025-09-17T18:18:01+00:00\",\"breadcrumb\":{\"@id\":\"https:\\\/\\\/www.latribunedufaso.net\\\/?p=23107#breadcrumb\"},\"inLanguage\":\"fr-FR\",\"potentialAction\":[{\"@type\":\"ReadAction\",\"target\":[\"https:\\\/\\\/www.latribunedufaso.net\\\/?p=23107\"]}]},{\"@type\":\"ImageObject\",\"inLanguage\":\"fr-FR\",\"@id\":\"https:\\\/\\\/www.latribunedufaso.net\\\/?p=23107#primaryimage\",\"url\":\"https:\\\/\\\/www.latribunedufaso.net\\\/wp-content\\\/uploads\\\/2025\\\/08\\\/IMG-20250829-WA0022.jpg\",\"contentUrl\":\"https:\\\/\\\/www.latribunedufaso.net\\\/wp-content\\\/uploads\\\/2025\\\/08\\\/IMG-20250829-WA0022.jpg\",\"width\":1080,\"height\":720,\"caption\":\"Le Secr\u00e9tariat permanent du Conseil national pour la protection sociale (SP-CNPS) a ouvert, ce 28 ao\u00fbt 2025 \u00e0 Ouagadougou, la cellule interminist\u00e9rielle sp\u00e9cialis\u00e9e charg\u00e9e des filets sociaux\"},{\"@type\":\"BreadcrumbList\",\"@id\":\"https:\\\/\\\/www.latribunedufaso.net\\\/?p=23107#breadcrumb\",\"itemListElement\":[{\"@type\":\"ListItem\",\"position\":1,\"name\":\"Accueil\",\"item\":\"https:\\\/\\\/www.latribunedufaso.net\\\/\"},{\"@type\":\"ListItem\",\"position\":2,\"name\":\"Protection sociale : Le SP-CNPS lance la cellule interminist\u00e9rielle des filets sociaux\"}]},{\"@type\":\"WebSite\",\"@id\":\"https:\\\/\\\/www.latribunedufaso.net\\\/#website\",\"url\":\"https:\\\/\\\/www.latribunedufaso.net\\\/\",\"name\":\"La Tribune du Faso\",\"description\":\"L&#039;information du monde rural en un clic\",\"publisher\":{\"@id\":\"https:\\\/\\\/www.latribunedufaso.net\\\/#organization\"},\"potentialAction\":[{\"@type\":\"SearchAction\",\"target\":{\"@type\":\"EntryPoint\",\"urlTemplate\":\"https:\\\/\\\/www.latribunedufaso.net\\\/?s={search_term_string}\"},\"query-input\":{\"@type\":\"PropertyValueSpecification\",\"valueRequired\":true,\"valueName\":\"search_term_string\"}}],\"inLanguage\":\"fr-FR\"},{\"@type\":\"Organization\",\"@id\":\"https:\\\/\\\/www.latribunedufaso.net\\\/#organization\",\"name\":\"La Tribune du Faso\",\"url\":\"https:\\\/\\\/www.latribunedufaso.net\\\/\",\"logo\":{\"@type\":\"ImageObject\",\"inLanguage\":\"fr-FR\",\"@id\":\"https:\\\/\\\/www.latribunedufaso.net\\\/#\\\/schema\\\/logo\\\/image\\\/\",\"url\":\"https:\\\/\\\/www.latribunedufaso.net\\\/wp-content\\\/uploads\\\/2020\\\/08\\\/Logo-Tribune-du-Faso-final-scaled.jpg\",\"contentUrl\":\"https:\\\/\\\/www.latribunedufaso.net\\\/wp-content\\\/uploads\\\/2020\\\/08\\\/Logo-Tribune-du-Faso-final-scaled.jpg\",\"width\":2560,\"height\":1856,\"caption\":\"La Tribune du Faso\"},\"image\":{\"@id\":\"https:\\\/\\\/www.latribunedufaso.net\\\/#\\\/schema\\\/logo\\\/image\\\/\"},\"sameAs\":[\"https:\\\/\\\/www.facebook.com\\\/LatribuneduFaso\\\/\"]},{\"@type\":\"Person\",\"@id\":\"https:\\\/\\\/www.latribunedufaso.net\\\/#\\\/schema\\\/person\\\/e54e64c5778a7e72cf80a318b7a622b0\",\"name\":\"Issouf Tapsoba\",\"image\":{\"@type\":\"ImageObject\",\"inLanguage\":\"fr-FR\",\"@id\":\"https:\\\/\\\/secure.gravatar.com\\\/avatar\\\/5e6c05150ce3230247d167f5b94d678eb05936197436d69b7921e3a95c9107ac?s=96&d=mm&r=g\",\"url\":\"https:\\\/\\\/secure.gravatar.com\\\/avatar\\\/5e6c05150ce3230247d167f5b94d678eb05936197436d69b7921e3a95c9107ac?s=96&d=mm&r=g\",\"contentUrl\":\"https:\\\/\\\/secure.gravatar.com\\\/avatar\\\/5e6c05150ce3230247d167f5b94d678eb05936197436d69b7921e3a95c9107ac?s=96&d=mm&r=g\",\"caption\":\"Issouf Tapsoba\"},\"url\":\"https:\\\/\\\/www.latribunedufaso.net\\\/?author=5\"}]}<\/script>\n<!-- \/ Yoast SEO plugin. -->","yoast_head_json":{"title":"Protection sociale : Le SP-CNPS lance la cellule interminist\u00e9rielle des filets sociaux - La Tribune du Faso","robots":{"index":"index","follow":"follow","max-snippet":"max-snippet:-1","max-image-preview":"max-image-preview:large","max-video-preview":"max-video-preview:-1"},"canonical":"https:\/\/www.latribunedufaso.net\/?p=23107","og_locale":"fr_FR","og_type":"article","og_title":"Protection sociale : Le SP-CNPS lance la cellule interminist\u00e9rielle des filets sociaux - La Tribune du Faso","og_description":"Le Secr\u00e9tariat permanent du Conseil national pour la protection sociale (SP-CNPS) a ouvert, ce 28 ao\u00fbt 2025 \u00e0 Ouagadougou, la cellule interminist\u00e9rielle sp\u00e9cialis\u00e9e charg\u00e9e des filets sociaux. Une rencontre qui vise \u00e0 redynamiser ce cadre de concertation et \u00e0 renforcer la mise en \u0153uvre de la Strat\u00e9gie nationale de protection sociale.","og_url":"https:\/\/www.latribunedufaso.net\/?p=23107","og_site_name":"La Tribune du Faso","article_publisher":"https:\/\/www.facebook.com\/LatribuneduFaso\/","article_published_time":"2025-08-28T12:32:26+00:00","article_modified_time":"2025-09-17T18:18:01+00:00","og_image":[{"width":1080,"height":720,"url":"https:\/\/www.latribunedufaso.net\/wp-content\/uploads\/2025\/08\/IMG-20250829-WA0022.jpg","type":"image\/jpeg"}],"author":"Issouf Tapsoba","twitter_misc":{"\u00c9crit par":"Issouf Tapsoba","Dur\u00e9e de lecture estim\u00e9e":"2 minutes"},"schema":{"@context":"https:\/\/schema.org","@graph":[{"@type":"Article","@id":"https:\/\/www.latribunedufaso.net\/?p=23107#article","isPartOf":{"@id":"https:\/\/www.latribunedufaso.net\/?p=23107"},"author":{"name":"Issouf Tapsoba","@id":"https:\/\/www.latribunedufaso.net\/#\/schema\/person\/e54e64c5778a7e72cf80a318b7a622b0"},"headline":"Protection sociale : Le SP-CNPS lance la cellule interminist\u00e9rielle des filets sociaux","datePublished":"2025-08-28T12:32:26+00:00","dateModified":"2025-09-17T18:18:01+00:00","mainEntityOfPage":{"@id":"https:\/\/www.latribunedufaso.net\/?p=23107"},"wordCount":422,"commentCount":0,"publisher":{"@id":"https:\/\/www.latribunedufaso.net\/#organization"},"image":{"@id":"https:\/\/www.latribunedufaso.net\/?p=23107#primaryimage"},"thumbnailUrl":"https:\/\/www.latribunedufaso.net\/wp-content\/uploads\/2025\/08\/IMG-20250829-WA0022.jpg","keywords":["filets sociaux","latribunedufaso.net","Protection sociale","strat\u00e9gie nationale de protection sociale"],"articleSection":["A la une","Actualit\u00e9","Soci\u00e9t\u00e9"],"inLanguage":"fr-FR","potentialAction":[{"@type":"CommentAction","name":"Comment","target":["https:\/\/www.latribunedufaso.net\/?p=23107#respond"]}]},{"@type":"WebPage","@id":"https:\/\/www.latribunedufaso.net\/?p=23107","url":"https:\/\/www.latribunedufaso.net\/?p=23107","name":"Protection sociale : Le SP-CNPS lance la cellule interminist\u00e9rielle des filets sociaux - La Tribune du Faso","isPartOf":{"@id":"https:\/\/www.latribunedufaso.net\/#website"},"primaryImageOfPage":{"@id":"https:\/\/www.latribunedufaso.net\/?p=23107#primaryimage"},"image":{"@id":"https:\/\/www.latribunedufaso.net\/?p=23107#primaryimage"},"thumbnailUrl":"https:\/\/www.latribunedufaso.net\/wp-content\/uploads\/2025\/08\/IMG-20250829-WA0022.jpg","datePublished":"2025-08-28T12:32:26+00:00","dateModified":"2025-09-17T18:18:01+00:00","breadcrumb":{"@id":"https:\/\/www.latribunedufaso.net\/?p=23107#breadcrumb"},"inLanguage":"fr-FR","potentialAction":[{"@type":"ReadAction","target":["https:\/\/www.latribunedufaso.net\/?p=23107"]}]},{"@type":"ImageObject","inLanguage":"fr-FR","@id":"https:\/\/www.latribunedufaso.net\/?p=23107#primaryimage","url":"https:\/\/www.latribunedufaso.net\/wp-content\/uploads\/2025\/08\/IMG-20250829-WA0022.jpg","contentUrl":"https:\/\/www.latribunedufaso.net\/wp-content\/uploads\/2025\/08\/IMG-20250829-WA0022.jpg","width":1080,"height":720,"caption":"Le Secr\u00e9tariat permanent du Conseil national pour la protection sociale (SP-CNPS) a ouvert, ce 28 ao\u00fbt 2025 \u00e0 Ouagadougou, la cellule interminist\u00e9rielle sp\u00e9cialis\u00e9e charg\u00e9e des filets sociaux"},{"@type":"BreadcrumbList","@id":"https:\/\/www.latribunedufaso.net\/?p=23107#breadcrumb","itemListElement":[{"@type":"ListItem","position":1,"name":"Accueil","item":"https:\/\/www.latribunedufaso.net\/"},{"@type":"ListItem","position":2,"name":"Protection sociale : Le SP-CNPS lance la cellule interminist\u00e9rielle des filets sociaux"}]},{"@type":"WebSite","@id":"https:\/\/www.latribunedufaso.net\/#website","url":"https:\/\/www.latribunedufaso.net\/","name":"La Tribune du Faso","description":"L&#039;information du monde rural en un clic","publisher":{"@id":"https:\/\/www.latribunedufaso.net\/#organization"},"potentialAction":[{"@type":"SearchAction","target":{"@type":"EntryPoint","urlTemplate":"https:\/\/www.latribunedufaso.net\/?s={search_term_string}"},"query-input":{"@type":"PropertyValueSpecification","valueRequired":true,"valueName":"search_term_string"}}],"inLanguage":"fr-FR"},{"@type":"Organization","@id":"https:\/\/www.latribunedufaso.net\/#organization","name":"La Tribune du Faso","url":"https:\/\/www.latribunedufaso.net\/","logo":{"@type":"ImageObject","inLanguage":"fr-FR","@id":"https:\/\/www.latribunedufaso.net\/#\/schema\/logo\/image\/","url":"https:\/\/www.latribunedufaso.net\/wp-content\/uploads\/2020\/08\/Logo-Tribune-du-Faso-final-scaled.jpg","contentUrl":"https:\/\/www.latribunedufaso.net\/wp-content\/uploads\/2020\/08\/Logo-Tribune-du-Faso-final-scaled.jpg","width":2560,"height":1856,"caption":"La Tribune du Faso"},"image":{"@id":"https:\/\/www.latribunedufaso.net\/#\/schema\/logo\/image\/"},"sameAs":["https:\/\/www.facebook.com\/LatribuneduFaso\/"]},{"@type":"Person","@id":"https:\/\/www.latribunedufaso.net\/#\/schema\/person\/e54e64c5778a7e72cf80a318b7a622b0","name":"Issouf Tapsoba","image":{"@type":"ImageObject","inLanguage":"fr-FR","@id":"https:\/\/secure.gravatar.com\/avatar\/5e6c05150ce3230247d167f5b94d678eb05936197436d69b7921e3a95c9107ac?s=96&d=mm&r=g","url":"https:\/\/secure.gravatar.com\/avatar\/5e6c05150ce3230247d167f5b94d678eb05936197436d69b7921e3a95c9107ac?s=96&d=mm&r=g","contentUrl":"https:\/\/secure.gravatar.com\/avatar\/5e6c05150ce3230247d167f5b94d678eb05936197436d69b7921e3a95c9107ac?s=96&d=mm&r=g","caption":"Issouf Tapsoba"},"url":"https:\/\/www.latribunedufaso.net\/?author=5"}]}},"_links":{"self":[{"href":"https:\/\/www.latribunedufaso.net\/index.php?rest_route=\/wp\/v2\/posts\/23107","targetHints":{"allow":["GET"]}}],"collection":[{"href":"https:\/\/www.latribunedufaso.net\/index.php?rest_route=\/wp\/v2\/posts"}],"about":[{"href":"https:\/\/www.latribunedufaso.net\/index.php?rest_route=\/wp\/v2\/types\/post"}],"author":[{"embeddable":true,"href":"https:\/\/www.latribunedufaso.net\/index.php?rest_route=\/wp\/v2\/users\/5"}],"replies":[{"embeddable":true,"href":"https:\/\/www.latribunedufaso.net\/index.php?rest_route=%2Fwp%2Fv2%2Fcomments&post=23107"}],"version-history":[{"count":3,"href":"https:\/\/www.latribunedufaso.net\/index.php?rest_route=\/wp\/v2\/posts\/23107\/revisions"}],"predecessor-version":[{"id":23629,"href":"https:\/\/www.latribunedufaso.net\/index.php?rest_route=\/wp\/v2\/posts\/23107\/revisions\/23629"}],"wp:featuredmedia":[{"embeddable":true,"href":"https:\/\/www.latribunedufaso.net\/index.php?rest_route=\/wp\/v2\/media\/23109"}],"wp:attachment":[{"href":"https:\/\/www.latribunedufaso.net\/index.php?rest_route=%2Fwp%2Fv2%2Fmedia&parent=23107"}],"wp:term":[{"taxonomy":"category","embeddable":true,"href":"https:\/\/www.latribunedufaso.net\/index.php?rest_route=%2Fwp%2Fv2%2Fcategories&post=23107"},{"taxonomy":"post_tag","embeddable":true,"href":"https:\/\/www.latribunedufaso.net\/index.php?rest_route=%2Fwp%2Fv2%2Ftags&post=23107"}],"curies":[{"name":"wp","href":"https:\/\/api.w.org\/{rel}","templated":true}]}}