{"id":23086,"date":"2025-08-27T18:53:09","date_gmt":"2025-08-27T18:53:09","guid":{"rendered":"https:\/\/www.latribunedufaso.net\/?p=23086"},"modified":"2025-08-27T18:53:09","modified_gmt":"2025-08-27T18:53:09","slug":"developpement-numerique-lelaboration-dun-plan-daction-sur-lintelligence-artificielle-en-cours-au-burkina","status":"publish","type":"post","link":"https:\/\/www.latribunedufaso.net\/?p=23086","title":{"rendered":"D\u00e9veloppement num\u00e9rique : L&rsquo;\u00e9laboration d&rsquo;un\u00a0 Plan d\u2019action sur l\u2019intelligence artificielle en cours au Burkina\u00a0"},"content":{"rendered":"<p><strong>Le Burkina Faso a franchi une \u00e9tape importante dans sa marche vers la transformation num\u00e9rique avec l\u2019ouverture officielle de l\u2019atelier national d\u2019analyse situationnelle en vue de l\u2019\u00e9laboration du Plan d\u2019action national sur l\u2019intelligence artificielle (IA), ce mercredi 27 ao\u00fbt 2025 \u00e0 Ouagadougou.<\/strong><!--more--><\/p>\n<p>Organis\u00e9 par le minist\u00e8re de la Transition digitale, des Postes et des Communications \u00e9lectroniques, \u00e0 travers le Secr\u00e9tariat permanent de l\u2019innovation et de la Veille sur les Technologies \u00e9mergentes du num\u00e9rique (SPIVTEN), cet atelier a r\u00e9uni des repr\u00e9sentants d\u2019institutions publiques, du secteur priv\u00e9, des universit\u00e9s, des centres de recherche, de la soci\u00e9t\u00e9 civile, ainsi que des partenaires techniques et financiers.<\/p>\n<p>L\u2019objectif de la rencontre est de d\u00e9finir, \u00e0 travers un diagnostic partag\u00e9, les bases d\u2019un plan strat\u00e9gique permettant au Burkina Faso de saisir les opportunit\u00e9s qu\u2019offre l\u2019intelligence artificielle et d\u2019en relever les d\u00e9fis.<\/p>\n<figure id=\"attachment_23090\" aria-describedby=\"caption-attachment-23090\" style=\"width: 1120px\" class=\"wp-caption aligncenter\"><a href=\"https:\/\/www.latribunedufaso.net\/wp-content\/uploads\/2025\/08\/FB_IMG_1756320306905.jpg\"><img loading=\"lazy\" decoding=\"async\" class=\"size-full wp-image-23090\" src=\"https:\/\/www.latribunedufaso.net\/wp-content\/uploads\/2025\/08\/FB_IMG_1756320306905.jpg\" alt=\"Atelier national sur l'\u00e9laboration du Plan d\u2019action national sur l\u2019intelligence artificielle (IA), ce mercredi 27 ao\u00fbt 2025 \u00e0 Ouagadougou\" width=\"1120\" height=\"504\" srcset=\"https:\/\/www.latribunedufaso.net\/wp-content\/uploads\/2025\/08\/FB_IMG_1756320306905.jpg 1120w, https:\/\/www.latribunedufaso.net\/wp-content\/uploads\/2025\/08\/FB_IMG_1756320306905-300x135.jpg 300w, https:\/\/www.latribunedufaso.net\/wp-content\/uploads\/2025\/08\/FB_IMG_1756320306905-1024x461.jpg 1024w, https:\/\/www.latribunedufaso.net\/wp-content\/uploads\/2025\/08\/FB_IMG_1756320306905-768x346.jpg 768w\" sizes=\"auto, (max-width: 1120px) 100vw, 1120px\" \/><\/a><figcaption id=\"caption-attachment-23090\" class=\"wp-caption-text\">Les participants, r\u00e9partis en sous-groupes th\u00e9matiques, ont \u00e9t\u00e9 invit\u00e9s \u00e0 r\u00e9fl\u00e9chir sur les secteurs prioritaires d\u2019application de l\u2019IA au Burkina &#8211; Ph. DR<\/figcaption><\/figure>\n<p>Dans son allocution, Dr Yaya Traor\u00e9, Secr\u00e9taire permanent de l\u2019Innovation et de la Veille sur les Technologies \u00e9mergentes du num\u00e9rique, a rappel\u00e9 que l\u2019IA n\u2019est pas une technologie de rupture r\u00e9serv\u00e9e aux seuls experts, mais bien une innovation transversale appel\u00e9e \u00e0 transformer la soci\u00e9t\u00e9 dans son ensemble.<em><strong> \u00ab Pour rester comp\u00e9titif, il est imp\u00e9ratif de ma\u00eetriser cette technologie, de saisir les opportunit\u00e9s et de comprendre les d\u00e9fis qui se pr\u00e9sentent pour nos activit\u00e9s \u00bb<\/strong><\/em>, a-t-il d\u00e9clar\u00e9, avant d\u2019inviter les participants \u00e0 des \u00e9changes constructifs.<\/p>\n<p>C&rsquo;est le Secr\u00e9taire G\u00e9n\u00e9ral du minist\u00e8re en charge du num\u00e9rique, Dr Borlli Michel Som\u00e9 qui a pr\u00e8sid\u00e9 l&rsquo;ouverture des travaux. Il a transmis les encouragements de la Ministre Aminata Zerbo\/Saban\u00e9 tout en soulignant l\u2019importance de cet atelier dans la dynamique nationale. <em><strong>\u00ab L\u2019IA constitue une opportunit\u00e9 strat\u00e9gique pour transformer nos contraintes en atouts et inventer des solutions adapt\u00e9es \u00e0 nos r\u00e9alit\u00e9s \u00bb,<\/strong><\/em> a-t-il affirm\u00e9.<\/p>\n<figure id=\"attachment_23089\" aria-describedby=\"caption-attachment-23089\" style=\"width: 1080px\" class=\"wp-caption aligncenter\"><a href=\"https:\/\/www.latribunedufaso.net\/wp-content\/uploads\/2025\/08\/FB_IMG_1756320289030.jpg\"><img loading=\"lazy\" decoding=\"async\" class=\"size-full wp-image-23089\" src=\"https:\/\/www.latribunedufaso.net\/wp-content\/uploads\/2025\/08\/FB_IMG_1756320289030.jpg\" alt=\"Atelier national sur l'\u00e9laboration du Plan d\u2019action national sur l\u2019intelligence artificielle (IA), ce mercredi 27 ao\u00fbt 2025 \u00e0 Ouagadougou\" width=\"1080\" height=\"809\" srcset=\"https:\/\/www.latribunedufaso.net\/wp-content\/uploads\/2025\/08\/FB_IMG_1756320289030.jpg 1080w, https:\/\/www.latribunedufaso.net\/wp-content\/uploads\/2025\/08\/FB_IMG_1756320289030-300x225.jpg 300w, https:\/\/www.latribunedufaso.net\/wp-content\/uploads\/2025\/08\/FB_IMG_1756320289030-1024x767.jpg 1024w, https:\/\/www.latribunedufaso.net\/wp-content\/uploads\/2025\/08\/FB_IMG_1756320289030-768x575.jpg 768w\" sizes=\"auto, (max-width: 1080px) 100vw, 1080px\" \/><\/a><figcaption id=\"caption-attachment-23089\" class=\"wp-caption-text\">L&rsquo;atelier a r\u00e9uni des repr\u00e9sentants d\u2019institutions publiques, du secteur priv\u00e9, des universit\u00e9s, des centres de recherche, de la soci\u00e9t\u00e9 civile, ainsi que des partenaires techniques et financiers &#8211; Ph. DR<\/figcaption><\/figure>\n<p>Il a pr\u00e9sent\u00e9 les six axes prioritaires qui structureront le futur plan d\u2019action national : d\u00e9velopper les infrastructures et la connectivit\u00e9, mettre en place une gouvernance des donn\u00e9es, renforcer le capital humain par la formation aux comp\u00e9tences en IA, \u00e9tablir un cadre institutionnel, juridique et \u00e9thique pour un usage responsable, promouvoir l\u2019innovation et soutenir l\u2019\u00e9cosyst\u00e8me entrepreneurial, consolider la coop\u00e9ration internationale et assurer un financement durable de l\u2019IA.<\/p>\n<p>Les participants, r\u00e9partis en sous-groupes th\u00e9matiques, ont \u00e9t\u00e9 invit\u00e9s \u00e0 r\u00e9fl\u00e9chir sur les secteurs prioritaires d\u2019application de l\u2019IA, notamment la gouvernance, le cadre \u00e9thique et r\u00e8glementaire, les infrastructures, les donn\u00e9es, la formation et la recherche, l\u2019innovation, les startups, l\u2019inclusion.<\/p>\n<p>Les conclusions de ces travaux permettront d\u2019\u00e9laborer un document pr\u00e9liminaire du Plan d\u2019action national sur l\u2019Intelligence Artificielle, de d\u00e9finir les axes strat\u00e9giques et actions prioritaires, et de produire une feuille de route provisoire en vue de sa validation et adoption officielle pour la p\u00e9riode 2026-2028.<\/p>\n<blockquote>\n<p>Lire aussi &gt;&gt; <a href=\"https:\/\/www.latribunedufaso.net\/?p=23009\">Transformation digitale : Les 12 chantiers du Burkina pour se mettre \u00e0 niveau de l\u2019\u00e9volution d\u2019ici 2030<\/a><\/p>\n<\/blockquote>\n<p>En terminant son allocution, Dr Som\u00e9 a rappel\u00e9 que l\u2019intelligence artificielle repr\u00e9sente un outil d\u2019inclusion, de souverainet\u00e9 et de transformation sociale et \u00e9conomique. Il a \u00e9galement appel\u00e9 \u00e0 l\u2019engagement collectif de tous les acteurs, pour b\u00e2tir un document porteur de solutions concr\u00e8tes et durables.<\/p>\n<p><strong>Latribunedufaso.net<\/strong><\/p>\n<p><strong>Source : DCRP\/MTDPCE<\/strong><\/p>\n","protected":false},"excerpt":{"rendered":"<p>Le Burkina Faso a franchi une \u00e9tape importante dans sa marche vers la transformation num\u00e9rique avec l\u2019ouverture officielle de l\u2019atelier national d\u2019analyse situationnelle en vue de l\u2019\u00e9laboration du Plan d\u2019action national sur l\u2019intelligence artificielle (IA), ce mercredi 27 ao\u00fbt 2025 \u00e0 Ouagadougou.<\/p>\n","protected":false},"author":5,"featured_media":23087,"comment_status":"open","ping_status":"open","sticky":false,"template":"","format":"standard","meta":{"footnotes":""},"categories":[13,1,8],"tags":[1516,39],"class_list":["post-23086","post","type-post","status-publish","format-standard","has-post-thumbnail","hentry","category-une","category-actu","category-societe","tag-elaboration-du-plan-daction-national-sur-lintelligence-artificielle-burkina","tag-latribunedufaso-net"],"yoast_head":"<!-- This site is optimized with the Yoast SEO plugin v27.4 - https:\/\/yoast.com\/product\/yoast-seo-wordpress\/ -->\n<title>D\u00e9veloppement num\u00e9rique : L&#039;\u00e9laboration d&#039;un\u00a0 Plan d\u2019action sur l\u2019intelligence artificielle en cours au Burkina\u00a0 - La Tribune du Faso<\/title>\n<meta name=\"robots\" content=\"index, follow, max-snippet:-1, max-image-preview:large, max-video-preview:-1\" \/>\n<link rel=\"canonical\" href=\"https:\/\/www.latribunedufaso.net\/?p=23086\" \/>\n<meta property=\"og:locale\" content=\"fr_FR\" \/>\n<meta property=\"og:type\" content=\"article\" \/>\n<meta property=\"og:title\" content=\"D\u00e9veloppement num\u00e9rique : L&#039;\u00e9laboration d&#039;un\u00a0 Plan d\u2019action sur l\u2019intelligence artificielle en cours au Burkina\u00a0 - La Tribune du Faso\" \/>\n<meta property=\"og:description\" content=\"Le Burkina Faso a franchi une \u00e9tape importante dans sa marche vers la transformation num\u00e9rique avec l\u2019ouverture officielle de l\u2019atelier national d\u2019analyse situationnelle en vue de l\u2019\u00e9laboration du Plan d\u2019action national sur l\u2019intelligence artificielle (IA), ce mercredi 27 ao\u00fbt 2025 \u00e0 Ouagadougou.\" \/>\n<meta property=\"og:url\" content=\"https:\/\/www.latribunedufaso.net\/?p=23086\" \/>\n<meta property=\"og:site_name\" content=\"La Tribune du Faso\" \/>\n<meta property=\"article:publisher\" content=\"https:\/\/www.facebook.com\/LatribuneduFaso\/\" \/>\n<meta property=\"article:published_time\" content=\"2025-08-27T18:53:09+00:00\" \/>\n<meta property=\"og:image\" content=\"https:\/\/www.latribunedufaso.net\/wp-content\/uploads\/2025\/08\/FB_IMG_1756320280157.jpg\" \/>\n\t<meta property=\"og:image:width\" content=\"1080\" \/>\n\t<meta property=\"og:image:height\" content=\"809\" \/>\n\t<meta property=\"og:image:type\" content=\"image\/jpeg\" \/>\n<meta name=\"author\" content=\"Issouf Tapsoba\" \/>\n<meta name=\"twitter:label1\" content=\"\u00c9crit par\" \/>\n\t<meta name=\"twitter:data1\" content=\"Issouf Tapsoba\" \/>\n\t<meta name=\"twitter:label2\" content=\"Dur\u00e9e de lecture estim\u00e9e\" \/>\n\t<meta name=\"twitter:data2\" content=\"3 minutes\" \/>\n<script type=\"application\/ld+json\" class=\"yoast-schema-graph\">{\"@context\":\"https:\\\/\\\/schema.org\",\"@graph\":[{\"@type\":\"Article\",\"@id\":\"https:\\\/\\\/www.latribunedufaso.net\\\/?p=23086#article\",\"isPartOf\":{\"@id\":\"https:\\\/\\\/www.latribunedufaso.net\\\/?p=23086\"},\"author\":{\"name\":\"Issouf Tapsoba\",\"@id\":\"https:\\\/\\\/www.latribunedufaso.net\\\/#\\\/schema\\\/person\\\/e54e64c5778a7e72cf80a318b7a622b0\"},\"headline\":\"D\u00e9veloppement num\u00e9rique : L&rsquo;\u00e9laboration d&rsquo;un\u00a0 Plan d\u2019action sur l\u2019intelligence artificielle en cours au Burkina\u00a0\",\"datePublished\":\"2025-08-27T18:53:09+00:00\",\"mainEntityOfPage\":{\"@id\":\"https:\\\/\\\/www.latribunedufaso.net\\\/?p=23086\"},\"wordCount\":678,\"commentCount\":0,\"publisher\":{\"@id\":\"https:\\\/\\\/www.latribunedufaso.net\\\/#organization\"},\"image\":{\"@id\":\"https:\\\/\\\/www.latribunedufaso.net\\\/?p=23086#primaryimage\"},\"thumbnailUrl\":\"https:\\\/\\\/www.latribunedufaso.net\\\/wp-content\\\/uploads\\\/2025\\\/08\\\/FB_IMG_1756320280157.jpg\",\"keywords\":[\"\u00c9laboration du Plan d\u2019action national sur l\u2019intelligence artificielle Burkina\",\"latribunedufaso.net\"],\"articleSection\":[\"A la une\",\"Actualit\u00e9\",\"Soci\u00e9t\u00e9\"],\"inLanguage\":\"fr-FR\",\"potentialAction\":[{\"@type\":\"CommentAction\",\"name\":\"Comment\",\"target\":[\"https:\\\/\\\/www.latribunedufaso.net\\\/?p=23086#respond\"]}]},{\"@type\":\"WebPage\",\"@id\":\"https:\\\/\\\/www.latribunedufaso.net\\\/?p=23086\",\"url\":\"https:\\\/\\\/www.latribunedufaso.net\\\/?p=23086\",\"name\":\"D\u00e9veloppement num\u00e9rique : L'\u00e9laboration d'un\u00a0 Plan d\u2019action sur l\u2019intelligence artificielle en cours au Burkina\u00a0 - La Tribune du Faso\",\"isPartOf\":{\"@id\":\"https:\\\/\\\/www.latribunedufaso.net\\\/#website\"},\"primaryImageOfPage\":{\"@id\":\"https:\\\/\\\/www.latribunedufaso.net\\\/?p=23086#primaryimage\"},\"image\":{\"@id\":\"https:\\\/\\\/www.latribunedufaso.net\\\/?p=23086#primaryimage\"},\"thumbnailUrl\":\"https:\\\/\\\/www.latribunedufaso.net\\\/wp-content\\\/uploads\\\/2025\\\/08\\\/FB_IMG_1756320280157.jpg\",\"datePublished\":\"2025-08-27T18:53:09+00:00\",\"breadcrumb\":{\"@id\":\"https:\\\/\\\/www.latribunedufaso.net\\\/?p=23086#breadcrumb\"},\"inLanguage\":\"fr-FR\",\"potentialAction\":[{\"@type\":\"ReadAction\",\"target\":[\"https:\\\/\\\/www.latribunedufaso.net\\\/?p=23086\"]}]},{\"@type\":\"ImageObject\",\"inLanguage\":\"fr-FR\",\"@id\":\"https:\\\/\\\/www.latribunedufaso.net\\\/?p=23086#primaryimage\",\"url\":\"https:\\\/\\\/www.latribunedufaso.net\\\/wp-content\\\/uploads\\\/2025\\\/08\\\/FB_IMG_1756320280157.jpg\",\"contentUrl\":\"https:\\\/\\\/www.latribunedufaso.net\\\/wp-content\\\/uploads\\\/2025\\\/08\\\/FB_IMG_1756320280157.jpg\",\"width\":1080,\"height\":809,\"caption\":\"Atelier national sur l'\u00e9laboration du Plan d\u2019action national sur l\u2019intelligence artificielle (IA), ce mercredi 27 ao\u00fbt 2025 \u00e0 Ouagadougou\"},{\"@type\":\"BreadcrumbList\",\"@id\":\"https:\\\/\\\/www.latribunedufaso.net\\\/?p=23086#breadcrumb\",\"itemListElement\":[{\"@type\":\"ListItem\",\"position\":1,\"name\":\"Accueil\",\"item\":\"https:\\\/\\\/www.latribunedufaso.net\\\/\"},{\"@type\":\"ListItem\",\"position\":2,\"name\":\"D\u00e9veloppement num\u00e9rique : L&rsquo;\u00e9laboration d&rsquo;un\u00a0 Plan d\u2019action sur l\u2019intelligence artificielle en cours au Burkina\u00a0\"}]},{\"@type\":\"WebSite\",\"@id\":\"https:\\\/\\\/www.latribunedufaso.net\\\/#website\",\"url\":\"https:\\\/\\\/www.latribunedufaso.net\\\/\",\"name\":\"La Tribune du Faso\",\"description\":\"L&#039;information du monde rural en un clic\",\"publisher\":{\"@id\":\"https:\\\/\\\/www.latribunedufaso.net\\\/#organization\"},\"potentialAction\":[{\"@type\":\"SearchAction\",\"target\":{\"@type\":\"EntryPoint\",\"urlTemplate\":\"https:\\\/\\\/www.latribunedufaso.net\\\/?s={search_term_string}\"},\"query-input\":{\"@type\":\"PropertyValueSpecification\",\"valueRequired\":true,\"valueName\":\"search_term_string\"}}],\"inLanguage\":\"fr-FR\"},{\"@type\":\"Organization\",\"@id\":\"https:\\\/\\\/www.latribunedufaso.net\\\/#organization\",\"name\":\"La Tribune du Faso\",\"url\":\"https:\\\/\\\/www.latribunedufaso.net\\\/\",\"logo\":{\"@type\":\"ImageObject\",\"inLanguage\":\"fr-FR\",\"@id\":\"https:\\\/\\\/www.latribunedufaso.net\\\/#\\\/schema\\\/logo\\\/image\\\/\",\"url\":\"https:\\\/\\\/www.latribunedufaso.net\\\/wp-content\\\/uploads\\\/2020\\\/08\\\/Logo-Tribune-du-Faso-final-scaled.jpg\",\"contentUrl\":\"https:\\\/\\\/www.latribunedufaso.net\\\/wp-content\\\/uploads\\\/2020\\\/08\\\/Logo-Tribune-du-Faso-final-scaled.jpg\",\"width\":2560,\"height\":1856,\"caption\":\"La Tribune du Faso\"},\"image\":{\"@id\":\"https:\\\/\\\/www.latribunedufaso.net\\\/#\\\/schema\\\/logo\\\/image\\\/\"},\"sameAs\":[\"https:\\\/\\\/www.facebook.com\\\/LatribuneduFaso\\\/\"]},{\"@type\":\"Person\",\"@id\":\"https:\\\/\\\/www.latribunedufaso.net\\\/#\\\/schema\\\/person\\\/e54e64c5778a7e72cf80a318b7a622b0\",\"name\":\"Issouf Tapsoba\",\"image\":{\"@type\":\"ImageObject\",\"inLanguage\":\"fr-FR\",\"@id\":\"https:\\\/\\\/secure.gravatar.com\\\/avatar\\\/5e6c05150ce3230247d167f5b94d678eb05936197436d69b7921e3a95c9107ac?s=96&d=mm&r=g\",\"url\":\"https:\\\/\\\/secure.gravatar.com\\\/avatar\\\/5e6c05150ce3230247d167f5b94d678eb05936197436d69b7921e3a95c9107ac?s=96&d=mm&r=g\",\"contentUrl\":\"https:\\\/\\\/secure.gravatar.com\\\/avatar\\\/5e6c05150ce3230247d167f5b94d678eb05936197436d69b7921e3a95c9107ac?s=96&d=mm&r=g\",\"caption\":\"Issouf Tapsoba\"},\"url\":\"https:\\\/\\\/www.latribunedufaso.net\\\/?author=5\"}]}<\/script>\n<!-- \/ Yoast SEO plugin. -->","yoast_head_json":{"title":"D\u00e9veloppement num\u00e9rique : L'\u00e9laboration d'un\u00a0 Plan d\u2019action sur l\u2019intelligence artificielle en cours au Burkina\u00a0 - La Tribune du Faso","robots":{"index":"index","follow":"follow","max-snippet":"max-snippet:-1","max-image-preview":"max-image-preview:large","max-video-preview":"max-video-preview:-1"},"canonical":"https:\/\/www.latribunedufaso.net\/?p=23086","og_locale":"fr_FR","og_type":"article","og_title":"D\u00e9veloppement num\u00e9rique : L'\u00e9laboration d'un\u00a0 Plan d\u2019action sur l\u2019intelligence artificielle en cours au Burkina\u00a0 - La Tribune du Faso","og_description":"Le Burkina Faso a franchi une \u00e9tape importante dans sa marche vers la transformation num\u00e9rique avec l\u2019ouverture officielle de l\u2019atelier national d\u2019analyse situationnelle en vue de l\u2019\u00e9laboration du Plan d\u2019action national sur l\u2019intelligence artificielle (IA), ce mercredi 27 ao\u00fbt 2025 \u00e0 Ouagadougou.","og_url":"https:\/\/www.latribunedufaso.net\/?p=23086","og_site_name":"La Tribune du Faso","article_publisher":"https:\/\/www.facebook.com\/LatribuneduFaso\/","article_published_time":"2025-08-27T18:53:09+00:00","og_image":[{"width":1080,"height":809,"url":"https:\/\/www.latribunedufaso.net\/wp-content\/uploads\/2025\/08\/FB_IMG_1756320280157.jpg","type":"image\/jpeg"}],"author":"Issouf Tapsoba","twitter_misc":{"\u00c9crit par":"Issouf Tapsoba","Dur\u00e9e de lecture estim\u00e9e":"3 minutes"},"schema":{"@context":"https:\/\/schema.org","@graph":[{"@type":"Article","@id":"https:\/\/www.latribunedufaso.net\/?p=23086#article","isPartOf":{"@id":"https:\/\/www.latribunedufaso.net\/?p=23086"},"author":{"name":"Issouf Tapsoba","@id":"https:\/\/www.latribunedufaso.net\/#\/schema\/person\/e54e64c5778a7e72cf80a318b7a622b0"},"headline":"D\u00e9veloppement num\u00e9rique : L&rsquo;\u00e9laboration d&rsquo;un\u00a0 Plan d\u2019action sur l\u2019intelligence artificielle en cours au Burkina\u00a0","datePublished":"2025-08-27T18:53:09+00:00","mainEntityOfPage":{"@id":"https:\/\/www.latribunedufaso.net\/?p=23086"},"wordCount":678,"commentCount":0,"publisher":{"@id":"https:\/\/www.latribunedufaso.net\/#organization"},"image":{"@id":"https:\/\/www.latribunedufaso.net\/?p=23086#primaryimage"},"thumbnailUrl":"https:\/\/www.latribunedufaso.net\/wp-content\/uploads\/2025\/08\/FB_IMG_1756320280157.jpg","keywords":["\u00c9laboration du Plan d\u2019action national sur l\u2019intelligence artificielle Burkina","latribunedufaso.net"],"articleSection":["A la une","Actualit\u00e9","Soci\u00e9t\u00e9"],"inLanguage":"fr-FR","potentialAction":[{"@type":"CommentAction","name":"Comment","target":["https:\/\/www.latribunedufaso.net\/?p=23086#respond"]}]},{"@type":"WebPage","@id":"https:\/\/www.latribunedufaso.net\/?p=23086","url":"https:\/\/www.latribunedufaso.net\/?p=23086","name":"D\u00e9veloppement num\u00e9rique : L'\u00e9laboration d'un\u00a0 Plan d\u2019action sur l\u2019intelligence artificielle en cours au Burkina\u00a0 - La Tribune du Faso","isPartOf":{"@id":"https:\/\/www.latribunedufaso.net\/#website"},"primaryImageOfPage":{"@id":"https:\/\/www.latribunedufaso.net\/?p=23086#primaryimage"},"image":{"@id":"https:\/\/www.latribunedufaso.net\/?p=23086#primaryimage"},"thumbnailUrl":"https:\/\/www.latribunedufaso.net\/wp-content\/uploads\/2025\/08\/FB_IMG_1756320280157.jpg","datePublished":"2025-08-27T18:53:09+00:00","breadcrumb":{"@id":"https:\/\/www.latribunedufaso.net\/?p=23086#breadcrumb"},"inLanguage":"fr-FR","potentialAction":[{"@type":"ReadAction","target":["https:\/\/www.latribunedufaso.net\/?p=23086"]}]},{"@type":"ImageObject","inLanguage":"fr-FR","@id":"https:\/\/www.latribunedufaso.net\/?p=23086#primaryimage","url":"https:\/\/www.latribunedufaso.net\/wp-content\/uploads\/2025\/08\/FB_IMG_1756320280157.jpg","contentUrl":"https:\/\/www.latribunedufaso.net\/wp-content\/uploads\/2025\/08\/FB_IMG_1756320280157.jpg","width":1080,"height":809,"caption":"Atelier national sur l'\u00e9laboration du Plan d\u2019action national sur l\u2019intelligence artificielle (IA), ce mercredi 27 ao\u00fbt 2025 \u00e0 Ouagadougou"},{"@type":"BreadcrumbList","@id":"https:\/\/www.latribunedufaso.net\/?p=23086#breadcrumb","itemListElement":[{"@type":"ListItem","position":1,"name":"Accueil","item":"https:\/\/www.latribunedufaso.net\/"},{"@type":"ListItem","position":2,"name":"D\u00e9veloppement num\u00e9rique : L&rsquo;\u00e9laboration d&rsquo;un\u00a0 Plan d\u2019action sur l\u2019intelligence artificielle en cours au Burkina\u00a0"}]},{"@type":"WebSite","@id":"https:\/\/www.latribunedufaso.net\/#website","url":"https:\/\/www.latribunedufaso.net\/","name":"La Tribune du Faso","description":"L&#039;information du monde rural en un clic","publisher":{"@id":"https:\/\/www.latribunedufaso.net\/#organization"},"potentialAction":[{"@type":"SearchAction","target":{"@type":"EntryPoint","urlTemplate":"https:\/\/www.latribunedufaso.net\/?s={search_term_string}"},"query-input":{"@type":"PropertyValueSpecification","valueRequired":true,"valueName":"search_term_string"}}],"inLanguage":"fr-FR"},{"@type":"Organization","@id":"https:\/\/www.latribunedufaso.net\/#organization","name":"La Tribune du Faso","url":"https:\/\/www.latribunedufaso.net\/","logo":{"@type":"ImageObject","inLanguage":"fr-FR","@id":"https:\/\/www.latribunedufaso.net\/#\/schema\/logo\/image\/","url":"https:\/\/www.latribunedufaso.net\/wp-content\/uploads\/2020\/08\/Logo-Tribune-du-Faso-final-scaled.jpg","contentUrl":"https:\/\/www.latribunedufaso.net\/wp-content\/uploads\/2020\/08\/Logo-Tribune-du-Faso-final-scaled.jpg","width":2560,"height":1856,"caption":"La Tribune du Faso"},"image":{"@id":"https:\/\/www.latribunedufaso.net\/#\/schema\/logo\/image\/"},"sameAs":["https:\/\/www.facebook.com\/LatribuneduFaso\/"]},{"@type":"Person","@id":"https:\/\/www.latribunedufaso.net\/#\/schema\/person\/e54e64c5778a7e72cf80a318b7a622b0","name":"Issouf Tapsoba","image":{"@type":"ImageObject","inLanguage":"fr-FR","@id":"https:\/\/secure.gravatar.com\/avatar\/5e6c05150ce3230247d167f5b94d678eb05936197436d69b7921e3a95c9107ac?s=96&d=mm&r=g","url":"https:\/\/secure.gravatar.com\/avatar\/5e6c05150ce3230247d167f5b94d678eb05936197436d69b7921e3a95c9107ac?s=96&d=mm&r=g","contentUrl":"https:\/\/secure.gravatar.com\/avatar\/5e6c05150ce3230247d167f5b94d678eb05936197436d69b7921e3a95c9107ac?s=96&d=mm&r=g","caption":"Issouf Tapsoba"},"url":"https:\/\/www.latribunedufaso.net\/?author=5"}]}},"_links":{"self":[{"href":"https:\/\/www.latribunedufaso.net\/index.php?rest_route=\/wp\/v2\/posts\/23086","targetHints":{"allow":["GET"]}}],"collection":[{"href":"https:\/\/www.latribunedufaso.net\/index.php?rest_route=\/wp\/v2\/posts"}],"about":[{"href":"https:\/\/www.latribunedufaso.net\/index.php?rest_route=\/wp\/v2\/types\/post"}],"author":[{"embeddable":true,"href":"https:\/\/www.latribunedufaso.net\/index.php?rest_route=\/wp\/v2\/users\/5"}],"replies":[{"embeddable":true,"href":"https:\/\/www.latribunedufaso.net\/index.php?rest_route=%2Fwp%2Fv2%2Fcomments&post=23086"}],"version-history":[{"count":1,"href":"https:\/\/www.latribunedufaso.net\/index.php?rest_route=\/wp\/v2\/posts\/23086\/revisions"}],"predecessor-version":[{"id":23091,"href":"https:\/\/www.latribunedufaso.net\/index.php?rest_route=\/wp\/v2\/posts\/23086\/revisions\/23091"}],"wp:featuredmedia":[{"embeddable":true,"href":"https:\/\/www.latribunedufaso.net\/index.php?rest_route=\/wp\/v2\/media\/23087"}],"wp:attachment":[{"href":"https:\/\/www.latribunedufaso.net\/index.php?rest_route=%2Fwp%2Fv2%2Fmedia&parent=23086"}],"wp:term":[{"taxonomy":"category","embeddable":true,"href":"https:\/\/www.latribunedufaso.net\/index.php?rest_route=%2Fwp%2Fv2%2Fcategories&post=23086"},{"taxonomy":"post_tag","embeddable":true,"href":"https:\/\/www.latribunedufaso.net\/index.php?rest_route=%2Fwp%2Fv2%2Ftags&post=23086"}],"curies":[{"name":"wp","href":"https:\/\/api.w.org\/{rel}","templated":true}]}}