{"id":23019,"date":"2025-08-26T10:12:27","date_gmt":"2025-08-26T10:12:27","guid":{"rendered":"https:\/\/www.latribunedufaso.net\/?p=23019"},"modified":"2025-08-26T10:12:27","modified_gmt":"2025-08-26T10:12:27","slug":"cooperation-onusienne-maurice-azonnankpo-designe-interimaire-a-la-tete-du-systeme-des-nations-unies-au-burkina","status":"publish","type":"post","link":"https:\/\/www.latribunedufaso.net\/?p=23019","title":{"rendered":"Coop\u00e9ration onusienne : Maurice Azonnankpo, d\u00e9sign\u00e9 int\u00e9rimaire \u00e0 la t\u00eate du Syst\u00e8me des Nations Unies au Burkina"},"content":{"rendered":"<p><strong>Le Ministre des Affaires \u00e9trang\u00e8res, de la Coop\u00e9ration r\u00e9gionale et des Burkinab\u00e8 de l\u2019ext\u00e9rieur, Karamoko Jean Marie Traor\u00e9, a accord\u00e9, le lundi 25 ao\u00fbt 2025, une audience \u00e0 une d\u00e9l\u00e9gation des Nations Unies conduite par Yacoub Ali El-Hillo.<\/strong><!--more--><\/p>\n<p>Cette rencontre, tenue dans un climat d\u2019ouverture et de franchise, a permis d\u2019aborder les perspectives de coop\u00e9ration entre le Burkina Faso et le Syst\u00e8me des Nations Unies, ainsi que la r\u00e9cente d\u00e9cision du Gouvernement de <a href=\"https:\/\/www.latribunedufaso.net\/?p=22785\">d\u00e9clarer persona non grata la Coordonnatrice r\u00e9sidente, Carol Flore-Smereczniak.<\/a><\/p>\n<h3>Un message d\u2019\u00e9coute et de continuit\u00e9<\/h3>\n<p>La d\u00e9l\u00e9gation onusienne a d\u2019abord transmis les salutations du Secr\u00e9taire g\u00e9n\u00e9ral des Nations Unies aux plus hautes autorit\u00e9s burkinab\u00e8 et r\u00e9affirm\u00e9 l\u2019engagement de l\u2019Organisation \u00e0 poursuivre son appui au Burkina Faso.\u00a0<\/p>\n<figure id=\"attachment_23021\" aria-describedby=\"caption-attachment-23021\" style=\"width: 2048px\" class=\"wp-caption aligncenter\"><a href=\"https:\/\/www.latribunedufaso.net\/wp-content\/uploads\/2025\/08\/FB_IMG_1756202341060.jpg\"><img loading=\"lazy\" decoding=\"async\" class=\"size-full wp-image-23021\" src=\"https:\/\/www.latribunedufaso.net\/wp-content\/uploads\/2025\/08\/FB_IMG_1756202341060.jpg\" alt=\"Le ministre charg\u00e9 des affaires \u00e9trang\u00e8res a re\u00e7u en audience une mission onusienne, 25 ao\u00fbt 2025\" width=\"2048\" height=\"1710\" srcset=\"https:\/\/www.latribunedufaso.net\/wp-content\/uploads\/2025\/08\/FB_IMG_1756202341060.jpg 2048w, https:\/\/www.latribunedufaso.net\/wp-content\/uploads\/2025\/08\/FB_IMG_1756202341060-300x250.jpg 300w, https:\/\/www.latribunedufaso.net\/wp-content\/uploads\/2025\/08\/FB_IMG_1756202341060-1024x855.jpg 1024w, https:\/\/www.latribunedufaso.net\/wp-content\/uploads\/2025\/08\/FB_IMG_1756202341060-768x641.jpg 768w, https:\/\/www.latribunedufaso.net\/wp-content\/uploads\/2025\/08\/FB_IMG_1756202341060-1536x1283.jpg 1536w\" sizes=\"auto, (max-width: 2048px) 100vw, 2048px\" \/><\/a><figcaption id=\"caption-attachment-23021\" class=\"wp-caption-text\">La d\u00e9l\u00e9gation onusienne est conduite par Yacoub Ali El-Hillo &#8211; Ph. DR<\/figcaption><\/figure>\n<p>Dans le m\u00eame esprit, le Secr\u00e9taire g\u00e9n\u00e9ral a exprim\u00e9 sa volont\u00e9 de renforcer un partenariat bas\u00e9 sur la transparence, le dialogue et la confiance mutuelle.<\/p>\n<p>\u00c0 cet effet, Monsieur El-Hillo a pr\u00e9sent\u00e9 au Ministre l\u2019int\u00e9rimaire d\u00e9sign\u00e9 \u00e0 la t\u00eate de la Coordination du Syst\u00e8me des Nations Unies au Burkina Faso, en la personne de Maurice Azonnankpo, Repr\u00e9sentant r\u00e9sident du HCR, dont l\u2019exp\u00e9rience et la connaissance du contexte burkinab\u00e8 constituent des atouts ind\u00e9niables pour assurer une continuit\u00e9 sans interruption de la coop\u00e9ration.<\/p>\n<h3>Une d\u00e9cision souveraine et justifi\u00e9e<\/h3>\n<p>Revenant sur la question ayant suscit\u00e9 cette visite, le Ministre Traor\u00e9 a rappel\u00e9 que la d\u00e9cision du Gouvernement de d\u00e9clarer persona non grata la Coordonnatrice r\u00e9sidente a \u00e9t\u00e9 prise en toute responsabilit\u00e9 et apr\u00e8s m\u00fbre r\u00e9flexion.<\/p>\n<p>Il a indiqu\u00e9 que cette mesure r\u00e9pond \u00e0 une s\u00e9rie de manquements constat\u00e9s, dont la publication d\u2019un rapport sur la situation des enfants dans le contexte de la crise s\u00e9curitaire, \u00e9labor\u00e9 sans concertation pr\u00e9alable avec les autorit\u00e9s nationales.<\/p>\n<figure id=\"attachment_23022\" aria-describedby=\"caption-attachment-23022\" style=\"width: 1512px\" class=\"wp-caption aligncenter\"><a href=\"https:\/\/www.latribunedufaso.net\/wp-content\/uploads\/2025\/08\/FB_IMG_1756202348151.jpg\"><img loading=\"lazy\" decoding=\"async\" class=\"size-full wp-image-23022\" src=\"https:\/\/www.latribunedufaso.net\/wp-content\/uploads\/2025\/08\/FB_IMG_1756202348151.jpg\" alt=\"Le ministre charg\u00e9 des affaires \u00e9trang\u00e8res a re\u00e7u en audience une mission onusienne, 25 ao\u00fbt 2025\" width=\"1512\" height=\"2048\" srcset=\"https:\/\/www.latribunedufaso.net\/wp-content\/uploads\/2025\/08\/FB_IMG_1756202348151.jpg 1512w, https:\/\/www.latribunedufaso.net\/wp-content\/uploads\/2025\/08\/FB_IMG_1756202348151-221x300.jpg 221w, https:\/\/www.latribunedufaso.net\/wp-content\/uploads\/2025\/08\/FB_IMG_1756202348151-756x1024.jpg 756w, https:\/\/www.latribunedufaso.net\/wp-content\/uploads\/2025\/08\/FB_IMG_1756202348151-768x1040.jpg 768w, https:\/\/www.latribunedufaso.net\/wp-content\/uploads\/2025\/08\/FB_IMG_1756202348151-1134x1536.jpg 1134w\" sizes=\"auto, (max-width: 1512px) 100vw, 1512px\" \/><\/a><figcaption id=\"caption-attachment-23022\" class=\"wp-caption-text\">Le ministre charg\u00e9 des Affaires \u00e9trang\u00e8res, Karamoko Jean Marie Traor\u00e9 &#8211; Ph. DR<\/figcaption><\/figure>\n<p>Le Chef de la diplomatie burkinab\u00e8 a d\u00e9plor\u00e9 la m\u00e9thodologie unilat\u00e9rale adopt\u00e9e dans la production de ce document, soulignant qu\u2019un partenariat cr\u00e9dible et respectueux exige l\u2019implication des acteurs locaux, en particulier les institutions nationales, dans l\u2019\u00e9laboration de tout rapport touchant au pays.<\/p>\n<p>Il a \u00e9galement r\u00e9it\u00e9r\u00e9 la position du Gouvernement concernant l\u2019usage de certaines terminologies qui ne refl\u00e8tent pas fid\u00e8lement la r\u00e9alit\u00e9 du terrain au Burkina Faso.\u00a0<\/p>\n<p>\u00c0 titre d\u2019exemple, le recours au terme <em><strong>\u00ab groupes arm\u00e9s non \u00e9tatiques \u00bb<\/strong><\/em> en lieu et place du mot <em><strong>\u00ab terroristes \u00bb<\/strong><\/em> est apparu inacceptable, car il occulte la nature criminelle et terroriste des exactions subies par les populations.<\/p>\n<h3>Un engagement r\u00e9affirm\u00e9 en faveur de la coop\u00e9ration<\/h3>\n<p>Tout en rappelant la l\u00e9gitimit\u00e9 de cette d\u00e9cision souveraine, le Ministre Traor\u00e9 a tenu \u00e0 rassurer la d\u00e9l\u00e9gation onusienne : <em><strong>\u00ab Ce n\u2019est jamais de gaiet\u00e9 de c\u0153ur qu\u2019une telle d\u00e9cision est prise. Le Burkina Faso demeure profond\u00e9ment attach\u00e9 au multilat\u00e9ralisme et reste disponible \u00e0 travailler de concert avec les Nations Unies dans un esprit de confiance et de transparence. \u00bb<\/strong><\/em><\/p>\n<figure id=\"attachment_23023\" aria-describedby=\"caption-attachment-23023\" style=\"width: 2048px\" class=\"wp-caption aligncenter\"><a href=\"https:\/\/www.latribunedufaso.net\/wp-content\/uploads\/2025\/08\/FB_IMG_1756202373898.jpg\"><img loading=\"lazy\" decoding=\"async\" class=\"size-full wp-image-23023\" src=\"https:\/\/www.latribunedufaso.net\/wp-content\/uploads\/2025\/08\/FB_IMG_1756202373898.jpg\" alt=\"Le ministre charg\u00e9 des affaires \u00e9trang\u00e8res a re\u00e7u en audience une mission onusienne, 25 ao\u00fbt 2025\" width=\"2048\" height=\"1304\" srcset=\"https:\/\/www.latribunedufaso.net\/wp-content\/uploads\/2025\/08\/FB_IMG_1756202373898.jpg 2048w, https:\/\/www.latribunedufaso.net\/wp-content\/uploads\/2025\/08\/FB_IMG_1756202373898-300x191.jpg 300w, https:\/\/www.latribunedufaso.net\/wp-content\/uploads\/2025\/08\/FB_IMG_1756202373898-1024x652.jpg 1024w, https:\/\/www.latribunedufaso.net\/wp-content\/uploads\/2025\/08\/FB_IMG_1756202373898-768x489.jpg 768w, https:\/\/www.latribunedufaso.net\/wp-content\/uploads\/2025\/08\/FB_IMG_1756202373898-1536x978.jpg 1536w\" sizes=\"auto, (max-width: 2048px) 100vw, 2048px\" \/><\/a><figcaption id=\"caption-attachment-23023\" class=\"wp-caption-text\">Une vue des participants \u00e0 l&rsquo;audience &#8211; Ph. DR<\/figcaption><\/figure>\n<p>Les \u00e9changes ont \u00e9galement port\u00e9 sur les m\u00e9canismes de mobilisation des ressources, notamment \u00e0 travers l\u2019UNIDAP, dans le but d\u2019assurer une meilleure convergence de vues et d\u2019accro\u00eetre l\u2019efficacit\u00e9 des actions conjointes.<\/p>\n<h3>Vers un partenariat renouvel\u00e9<\/h3>\n<p>Une r\u00e9union \u00e9largie \u00e0 d\u2019autres membres du Gouvernement est pr\u00e9vue ce mardi, afin de poursuivre les discussions et d\u2019harmoniser les approches de collaboration.<\/p>\n<p>Au terme de cette audience, le Burkina Faso et les Nations Unies ont r\u00e9affirm\u00e9 leur volont\u00e9 commune de b\u00e2tir un partenariat renforc\u00e9, fond\u00e9 sur le respect mutuel, la confiance et l\u2019efficacit\u00e9 au service du peuple burkinab\u00e8.<\/p>\n<p><strong>Latribunedufaso.net<\/strong><\/p>\n<p><strong>Source : DCRP \/ MAECR-BE<\/strong><\/p>\n","protected":false},"excerpt":{"rendered":"<p>Le Ministre des Affaires \u00e9trang\u00e8res, de la Coop\u00e9ration r\u00e9gionale et des Burkinab\u00e8 de l\u2019ext\u00e9rieur, Karamoko Jean Marie Traor\u00e9, a accord\u00e9, le lundi 25 ao\u00fbt 2025, une audience \u00e0 une d\u00e9l\u00e9gation des Nations Unies conduite par Yacoub Ali El-Hillo.<\/p>\n","protected":false},"author":5,"featured_media":23020,"comment_status":"open","ping_status":"open","sticky":false,"template":"","format":"standard","meta":{"footnotes":""},"categories":[13,1,8],"tags":[39,1256],"class_list":["post-23019","post","type-post","status-publish","format-standard","has-post-thumbnail","hentry","category-une","category-actu","category-societe","tag-latribunedufaso-net","tag-onu"],"yoast_head":"<!-- This site is optimized with the Yoast SEO plugin v27.5 - https:\/\/yoast.com\/product\/yoast-seo-wordpress\/ -->\n<title>Coop\u00e9ration onusienne : Maurice Azonnankpo, d\u00e9sign\u00e9 int\u00e9rimaire \u00e0 la t\u00eate du Syst\u00e8me des Nations Unies au Burkina - La Tribune du Faso<\/title>\n<meta name=\"robots\" content=\"index, follow, max-snippet:-1, max-image-preview:large, max-video-preview:-1\" \/>\n<link rel=\"canonical\" href=\"https:\/\/www.latribunedufaso.net\/?p=23019\" \/>\n<meta property=\"og:locale\" content=\"fr_FR\" \/>\n<meta property=\"og:type\" content=\"article\" \/>\n<meta property=\"og:title\" content=\"Coop\u00e9ration onusienne : Maurice Azonnankpo, d\u00e9sign\u00e9 int\u00e9rimaire \u00e0 la t\u00eate du Syst\u00e8me des Nations Unies au Burkina - La Tribune du Faso\" \/>\n<meta property=\"og:description\" content=\"Le Ministre des Affaires \u00e9trang\u00e8res, de la Coop\u00e9ration r\u00e9gionale et des Burkinab\u00e8 de l\u2019ext\u00e9rieur, Karamoko Jean Marie Traor\u00e9, a accord\u00e9, le lundi 25 ao\u00fbt 2025, une audience \u00e0 une d\u00e9l\u00e9gation des Nations Unies conduite par Yacoub Ali El-Hillo.\" \/>\n<meta property=\"og:url\" content=\"https:\/\/www.latribunedufaso.net\/?p=23019\" \/>\n<meta property=\"og:site_name\" content=\"La Tribune du Faso\" \/>\n<meta property=\"article:publisher\" content=\"https:\/\/www.facebook.com\/LatribuneduFaso\/\" \/>\n<meta property=\"article:published_time\" content=\"2025-08-26T10:12:27+00:00\" \/>\n<meta property=\"og:image\" content=\"https:\/\/www.latribunedufaso.net\/wp-content\/uploads\/2025\/08\/FB_IMG_1756202335447.jpg\" \/>\n\t<meta property=\"og:image:width\" content=\"2048\" \/>\n\t<meta property=\"og:image:height\" content=\"1413\" \/>\n\t<meta property=\"og:image:type\" content=\"image\/jpeg\" \/>\n<meta name=\"author\" content=\"Issouf Tapsoba\" \/>\n<meta name=\"twitter:label1\" content=\"\u00c9crit par\" \/>\n\t<meta name=\"twitter:data1\" content=\"Issouf Tapsoba\" \/>\n\t<meta name=\"twitter:label2\" content=\"Dur\u00e9e de lecture estim\u00e9e\" \/>\n\t<meta name=\"twitter:data2\" content=\"3 minutes\" \/>\n<script type=\"application\/ld+json\" class=\"yoast-schema-graph\">{\"@context\":\"https:\\\/\\\/schema.org\",\"@graph\":[{\"@type\":\"Article\",\"@id\":\"https:\\\/\\\/www.latribunedufaso.net\\\/?p=23019#article\",\"isPartOf\":{\"@id\":\"https:\\\/\\\/www.latribunedufaso.net\\\/?p=23019\"},\"author\":{\"name\":\"Issouf Tapsoba\",\"@id\":\"https:\\\/\\\/www.latribunedufaso.net\\\/#\\\/schema\\\/person\\\/e54e64c5778a7e72cf80a318b7a622b0\"},\"headline\":\"Coop\u00e9ration onusienne : Maurice Azonnankpo, d\u00e9sign\u00e9 int\u00e9rimaire \u00e0 la t\u00eate du Syst\u00e8me des Nations Unies au Burkina\",\"datePublished\":\"2025-08-26T10:12:27+00:00\",\"mainEntityOfPage\":{\"@id\":\"https:\\\/\\\/www.latribunedufaso.net\\\/?p=23019\"},\"wordCount\":711,\"commentCount\":0,\"publisher\":{\"@id\":\"https:\\\/\\\/www.latribunedufaso.net\\\/#organization\"},\"image\":{\"@id\":\"https:\\\/\\\/www.latribunedufaso.net\\\/?p=23019#primaryimage\"},\"thumbnailUrl\":\"https:\\\/\\\/www.latribunedufaso.net\\\/wp-content\\\/uploads\\\/2025\\\/08\\\/FB_IMG_1756202335447.jpg\",\"keywords\":[\"latribunedufaso.net\",\"ONU\"],\"articleSection\":[\"A la une\",\"Actualit\u00e9\",\"Soci\u00e9t\u00e9\"],\"inLanguage\":\"fr-FR\",\"potentialAction\":[{\"@type\":\"CommentAction\",\"name\":\"Comment\",\"target\":[\"https:\\\/\\\/www.latribunedufaso.net\\\/?p=23019#respond\"]}]},{\"@type\":\"WebPage\",\"@id\":\"https:\\\/\\\/www.latribunedufaso.net\\\/?p=23019\",\"url\":\"https:\\\/\\\/www.latribunedufaso.net\\\/?p=23019\",\"name\":\"Coop\u00e9ration onusienne : Maurice Azonnankpo, d\u00e9sign\u00e9 int\u00e9rimaire \u00e0 la t\u00eate du Syst\u00e8me des Nations Unies au Burkina - La Tribune du Faso\",\"isPartOf\":{\"@id\":\"https:\\\/\\\/www.latribunedufaso.net\\\/#website\"},\"primaryImageOfPage\":{\"@id\":\"https:\\\/\\\/www.latribunedufaso.net\\\/?p=23019#primaryimage\"},\"image\":{\"@id\":\"https:\\\/\\\/www.latribunedufaso.net\\\/?p=23019#primaryimage\"},\"thumbnailUrl\":\"https:\\\/\\\/www.latribunedufaso.net\\\/wp-content\\\/uploads\\\/2025\\\/08\\\/FB_IMG_1756202335447.jpg\",\"datePublished\":\"2025-08-26T10:12:27+00:00\",\"breadcrumb\":{\"@id\":\"https:\\\/\\\/www.latribunedufaso.net\\\/?p=23019#breadcrumb\"},\"inLanguage\":\"fr-FR\",\"potentialAction\":[{\"@type\":\"ReadAction\",\"target\":[\"https:\\\/\\\/www.latribunedufaso.net\\\/?p=23019\"]}]},{\"@type\":\"ImageObject\",\"inLanguage\":\"fr-FR\",\"@id\":\"https:\\\/\\\/www.latribunedufaso.net\\\/?p=23019#primaryimage\",\"url\":\"https:\\\/\\\/www.latribunedufaso.net\\\/wp-content\\\/uploads\\\/2025\\\/08\\\/FB_IMG_1756202335447.jpg\",\"contentUrl\":\"https:\\\/\\\/www.latribunedufaso.net\\\/wp-content\\\/uploads\\\/2025\\\/08\\\/FB_IMG_1756202335447.jpg\",\"width\":2048,\"height\":1413,\"caption\":\"Le ministre charg\u00e9 des affaires \u00e9trang\u00e8res a re\u00e7u en audience une mission onusienne, 25 ao\u00fbt 2025\"},{\"@type\":\"BreadcrumbList\",\"@id\":\"https:\\\/\\\/www.latribunedufaso.net\\\/?p=23019#breadcrumb\",\"itemListElement\":[{\"@type\":\"ListItem\",\"position\":1,\"name\":\"Accueil\",\"item\":\"https:\\\/\\\/www.latribunedufaso.net\\\/\"},{\"@type\":\"ListItem\",\"position\":2,\"name\":\"Coop\u00e9ration onusienne : Maurice Azonnankpo, d\u00e9sign\u00e9 int\u00e9rimaire \u00e0 la t\u00eate du Syst\u00e8me des Nations Unies au Burkina\"}]},{\"@type\":\"WebSite\",\"@id\":\"https:\\\/\\\/www.latribunedufaso.net\\\/#website\",\"url\":\"https:\\\/\\\/www.latribunedufaso.net\\\/\",\"name\":\"La Tribune du Faso\",\"description\":\"L&#039;information du monde rural en un clic\",\"publisher\":{\"@id\":\"https:\\\/\\\/www.latribunedufaso.net\\\/#organization\"},\"potentialAction\":[{\"@type\":\"SearchAction\",\"target\":{\"@type\":\"EntryPoint\",\"urlTemplate\":\"https:\\\/\\\/www.latribunedufaso.net\\\/?s={search_term_string}\"},\"query-input\":{\"@type\":\"PropertyValueSpecification\",\"valueRequired\":true,\"valueName\":\"search_term_string\"}}],\"inLanguage\":\"fr-FR\"},{\"@type\":\"Organization\",\"@id\":\"https:\\\/\\\/www.latribunedufaso.net\\\/#organization\",\"name\":\"La Tribune du Faso\",\"url\":\"https:\\\/\\\/www.latribunedufaso.net\\\/\",\"logo\":{\"@type\":\"ImageObject\",\"inLanguage\":\"fr-FR\",\"@id\":\"https:\\\/\\\/www.latribunedufaso.net\\\/#\\\/schema\\\/logo\\\/image\\\/\",\"url\":\"https:\\\/\\\/www.latribunedufaso.net\\\/wp-content\\\/uploads\\\/2020\\\/08\\\/Logo-Tribune-du-Faso-final-scaled.jpg\",\"contentUrl\":\"https:\\\/\\\/www.latribunedufaso.net\\\/wp-content\\\/uploads\\\/2020\\\/08\\\/Logo-Tribune-du-Faso-final-scaled.jpg\",\"width\":2560,\"height\":1856,\"caption\":\"La Tribune du Faso\"},\"image\":{\"@id\":\"https:\\\/\\\/www.latribunedufaso.net\\\/#\\\/schema\\\/logo\\\/image\\\/\"},\"sameAs\":[\"https:\\\/\\\/www.facebook.com\\\/LatribuneduFaso\\\/\"]},{\"@type\":\"Person\",\"@id\":\"https:\\\/\\\/www.latribunedufaso.net\\\/#\\\/schema\\\/person\\\/e54e64c5778a7e72cf80a318b7a622b0\",\"name\":\"Issouf Tapsoba\",\"image\":{\"@type\":\"ImageObject\",\"inLanguage\":\"fr-FR\",\"@id\":\"https:\\\/\\\/secure.gravatar.com\\\/avatar\\\/5e6c05150ce3230247d167f5b94d678eb05936197436d69b7921e3a95c9107ac?s=96&d=mm&r=g\",\"url\":\"https:\\\/\\\/secure.gravatar.com\\\/avatar\\\/5e6c05150ce3230247d167f5b94d678eb05936197436d69b7921e3a95c9107ac?s=96&d=mm&r=g\",\"contentUrl\":\"https:\\\/\\\/secure.gravatar.com\\\/avatar\\\/5e6c05150ce3230247d167f5b94d678eb05936197436d69b7921e3a95c9107ac?s=96&d=mm&r=g\",\"caption\":\"Issouf Tapsoba\"},\"url\":\"https:\\\/\\\/www.latribunedufaso.net\\\/?author=5\"}]}<\/script>\n<!-- \/ Yoast SEO plugin. -->","yoast_head_json":{"title":"Coop\u00e9ration onusienne : Maurice Azonnankpo, d\u00e9sign\u00e9 int\u00e9rimaire \u00e0 la t\u00eate du Syst\u00e8me des Nations Unies au Burkina - La Tribune du Faso","robots":{"index":"index","follow":"follow","max-snippet":"max-snippet:-1","max-image-preview":"max-image-preview:large","max-video-preview":"max-video-preview:-1"},"canonical":"https:\/\/www.latribunedufaso.net\/?p=23019","og_locale":"fr_FR","og_type":"article","og_title":"Coop\u00e9ration onusienne : Maurice Azonnankpo, d\u00e9sign\u00e9 int\u00e9rimaire \u00e0 la t\u00eate du Syst\u00e8me des Nations Unies au Burkina - La Tribune du Faso","og_description":"Le Ministre des Affaires \u00e9trang\u00e8res, de la Coop\u00e9ration r\u00e9gionale et des Burkinab\u00e8 de l\u2019ext\u00e9rieur, Karamoko Jean Marie Traor\u00e9, a accord\u00e9, le lundi 25 ao\u00fbt 2025, une audience \u00e0 une d\u00e9l\u00e9gation des Nations Unies conduite par Yacoub Ali El-Hillo.","og_url":"https:\/\/www.latribunedufaso.net\/?p=23019","og_site_name":"La Tribune du Faso","article_publisher":"https:\/\/www.facebook.com\/LatribuneduFaso\/","article_published_time":"2025-08-26T10:12:27+00:00","og_image":[{"width":2048,"height":1413,"url":"https:\/\/www.latribunedufaso.net\/wp-content\/uploads\/2025\/08\/FB_IMG_1756202335447.jpg","type":"image\/jpeg"}],"author":"Issouf Tapsoba","twitter_misc":{"\u00c9crit par":"Issouf Tapsoba","Dur\u00e9e de lecture estim\u00e9e":"3 minutes"},"schema":{"@context":"https:\/\/schema.org","@graph":[{"@type":"Article","@id":"https:\/\/www.latribunedufaso.net\/?p=23019#article","isPartOf":{"@id":"https:\/\/www.latribunedufaso.net\/?p=23019"},"author":{"name":"Issouf Tapsoba","@id":"https:\/\/www.latribunedufaso.net\/#\/schema\/person\/e54e64c5778a7e72cf80a318b7a622b0"},"headline":"Coop\u00e9ration onusienne : Maurice Azonnankpo, d\u00e9sign\u00e9 int\u00e9rimaire \u00e0 la t\u00eate du Syst\u00e8me des Nations Unies au Burkina","datePublished":"2025-08-26T10:12:27+00:00","mainEntityOfPage":{"@id":"https:\/\/www.latribunedufaso.net\/?p=23019"},"wordCount":711,"commentCount":0,"publisher":{"@id":"https:\/\/www.latribunedufaso.net\/#organization"},"image":{"@id":"https:\/\/www.latribunedufaso.net\/?p=23019#primaryimage"},"thumbnailUrl":"https:\/\/www.latribunedufaso.net\/wp-content\/uploads\/2025\/08\/FB_IMG_1756202335447.jpg","keywords":["latribunedufaso.net","ONU"],"articleSection":["A la une","Actualit\u00e9","Soci\u00e9t\u00e9"],"inLanguage":"fr-FR","potentialAction":[{"@type":"CommentAction","name":"Comment","target":["https:\/\/www.latribunedufaso.net\/?p=23019#respond"]}]},{"@type":"WebPage","@id":"https:\/\/www.latribunedufaso.net\/?p=23019","url":"https:\/\/www.latribunedufaso.net\/?p=23019","name":"Coop\u00e9ration onusienne : Maurice Azonnankpo, d\u00e9sign\u00e9 int\u00e9rimaire \u00e0 la t\u00eate du Syst\u00e8me des Nations Unies au Burkina - La Tribune du Faso","isPartOf":{"@id":"https:\/\/www.latribunedufaso.net\/#website"},"primaryImageOfPage":{"@id":"https:\/\/www.latribunedufaso.net\/?p=23019#primaryimage"},"image":{"@id":"https:\/\/www.latribunedufaso.net\/?p=23019#primaryimage"},"thumbnailUrl":"https:\/\/www.latribunedufaso.net\/wp-content\/uploads\/2025\/08\/FB_IMG_1756202335447.jpg","datePublished":"2025-08-26T10:12:27+00:00","breadcrumb":{"@id":"https:\/\/www.latribunedufaso.net\/?p=23019#breadcrumb"},"inLanguage":"fr-FR","potentialAction":[{"@type":"ReadAction","target":["https:\/\/www.latribunedufaso.net\/?p=23019"]}]},{"@type":"ImageObject","inLanguage":"fr-FR","@id":"https:\/\/www.latribunedufaso.net\/?p=23019#primaryimage","url":"https:\/\/www.latribunedufaso.net\/wp-content\/uploads\/2025\/08\/FB_IMG_1756202335447.jpg","contentUrl":"https:\/\/www.latribunedufaso.net\/wp-content\/uploads\/2025\/08\/FB_IMG_1756202335447.jpg","width":2048,"height":1413,"caption":"Le ministre charg\u00e9 des affaires \u00e9trang\u00e8res a re\u00e7u en audience une mission onusienne, 25 ao\u00fbt 2025"},{"@type":"BreadcrumbList","@id":"https:\/\/www.latribunedufaso.net\/?p=23019#breadcrumb","itemListElement":[{"@type":"ListItem","position":1,"name":"Accueil","item":"https:\/\/www.latribunedufaso.net\/"},{"@type":"ListItem","position":2,"name":"Coop\u00e9ration onusienne : Maurice Azonnankpo, d\u00e9sign\u00e9 int\u00e9rimaire \u00e0 la t\u00eate du Syst\u00e8me des Nations Unies au Burkina"}]},{"@type":"WebSite","@id":"https:\/\/www.latribunedufaso.net\/#website","url":"https:\/\/www.latribunedufaso.net\/","name":"La Tribune du Faso","description":"L&#039;information du monde rural en un clic","publisher":{"@id":"https:\/\/www.latribunedufaso.net\/#organization"},"potentialAction":[{"@type":"SearchAction","target":{"@type":"EntryPoint","urlTemplate":"https:\/\/www.latribunedufaso.net\/?s={search_term_string}"},"query-input":{"@type":"PropertyValueSpecification","valueRequired":true,"valueName":"search_term_string"}}],"inLanguage":"fr-FR"},{"@type":"Organization","@id":"https:\/\/www.latribunedufaso.net\/#organization","name":"La Tribune du Faso","url":"https:\/\/www.latribunedufaso.net\/","logo":{"@type":"ImageObject","inLanguage":"fr-FR","@id":"https:\/\/www.latribunedufaso.net\/#\/schema\/logo\/image\/","url":"https:\/\/www.latribunedufaso.net\/wp-content\/uploads\/2020\/08\/Logo-Tribune-du-Faso-final-scaled.jpg","contentUrl":"https:\/\/www.latribunedufaso.net\/wp-content\/uploads\/2020\/08\/Logo-Tribune-du-Faso-final-scaled.jpg","width":2560,"height":1856,"caption":"La Tribune du Faso"},"image":{"@id":"https:\/\/www.latribunedufaso.net\/#\/schema\/logo\/image\/"},"sameAs":["https:\/\/www.facebook.com\/LatribuneduFaso\/"]},{"@type":"Person","@id":"https:\/\/www.latribunedufaso.net\/#\/schema\/person\/e54e64c5778a7e72cf80a318b7a622b0","name":"Issouf Tapsoba","image":{"@type":"ImageObject","inLanguage":"fr-FR","@id":"https:\/\/secure.gravatar.com\/avatar\/5e6c05150ce3230247d167f5b94d678eb05936197436d69b7921e3a95c9107ac?s=96&d=mm&r=g","url":"https:\/\/secure.gravatar.com\/avatar\/5e6c05150ce3230247d167f5b94d678eb05936197436d69b7921e3a95c9107ac?s=96&d=mm&r=g","contentUrl":"https:\/\/secure.gravatar.com\/avatar\/5e6c05150ce3230247d167f5b94d678eb05936197436d69b7921e3a95c9107ac?s=96&d=mm&r=g","caption":"Issouf Tapsoba"},"url":"https:\/\/www.latribunedufaso.net\/?author=5"}]}},"_links":{"self":[{"href":"https:\/\/www.latribunedufaso.net\/index.php?rest_route=\/wp\/v2\/posts\/23019","targetHints":{"allow":["GET"]}}],"collection":[{"href":"https:\/\/www.latribunedufaso.net\/index.php?rest_route=\/wp\/v2\/posts"}],"about":[{"href":"https:\/\/www.latribunedufaso.net\/index.php?rest_route=\/wp\/v2\/types\/post"}],"author":[{"embeddable":true,"href":"https:\/\/www.latribunedufaso.net\/index.php?rest_route=\/wp\/v2\/users\/5"}],"replies":[{"embeddable":true,"href":"https:\/\/www.latribunedufaso.net\/index.php?rest_route=%2Fwp%2Fv2%2Fcomments&post=23019"}],"version-history":[{"count":1,"href":"https:\/\/www.latribunedufaso.net\/index.php?rest_route=\/wp\/v2\/posts\/23019\/revisions"}],"predecessor-version":[{"id":23024,"href":"https:\/\/www.latribunedufaso.net\/index.php?rest_route=\/wp\/v2\/posts\/23019\/revisions\/23024"}],"wp:featuredmedia":[{"embeddable":true,"href":"https:\/\/www.latribunedufaso.net\/index.php?rest_route=\/wp\/v2\/media\/23020"}],"wp:attachment":[{"href":"https:\/\/www.latribunedufaso.net\/index.php?rest_route=%2Fwp%2Fv2%2Fmedia&parent=23019"}],"wp:term":[{"taxonomy":"category","embeddable":true,"href":"https:\/\/www.latribunedufaso.net\/index.php?rest_route=%2Fwp%2Fv2%2Fcategories&post=23019"},{"taxonomy":"post_tag","embeddable":true,"href":"https:\/\/www.latribunedufaso.net\/index.php?rest_route=%2Fwp%2Fv2%2Ftags&post=23019"}],"curies":[{"name":"wp","href":"https:\/\/api.w.org\/{rel}","templated":true}]}}