{"id":22996,"date":"2025-08-25T16:38:38","date_gmt":"2025-08-25T16:38:38","guid":{"rendered":"https:\/\/www.latribunedufaso.net\/?p=22996"},"modified":"2025-08-25T16:38:38","modified_gmt":"2025-08-25T16:38:38","slug":"75e-session-du-comite-regional-de-loms-pour-lafrique-les-defis-sanitaires-des-populations-africaines-au-coeur-des-echanges","status":"publish","type":"post","link":"https:\/\/www.latribunedufaso.net\/?p=22996","title":{"rendered":"75e session du Comit\u00e9 r\u00e9gional de l&rsquo;OMS pour l&rsquo;Afrique : Les d\u00e9fis sanitaires des populations africaines au coeur des \u00e9changes\u00a0"},"content":{"rendered":"<p><strong>Le Pr\u00e9sident de la R\u00e9publique de Zambie, Hakainde Hichilema, a pr\u00e9sid\u00e9 la c\u00e9r\u00e9monie officielle d&rsquo;ouverture de la soixante-quinzi\u00e8me session du Comit\u00e9 r\u00e9gional de l&rsquo;Organisation mondiale de la Sant\u00e9 (OMS) pour l&rsquo;Afrique. Une d\u00e9l\u00e9gation du Burkina Faso, conduite par le ministre de la Sant\u00e9, Dr Robert Lucien Jean-Claude Kargougou, a pris part \u00e0 cet \u00e9v\u00e9nement.<\/strong><!--more--><\/p>\n<p>R\u00e9unis autour des enjeux de sant\u00e9 des populations africaines, les participants entendent identifier des solutions adapt\u00e9es au contexte du continent. Le Directeur r\u00e9gional de l&rsquo;OMS pour l&rsquo;Afrique, Pr Mohamed Yakub Janabi, a soulign\u00e9 que les d\u00e9fis sanitaires restent consid\u00e9rables mais non insurmontables, et que l&rsquo;Afrique doit renforcer ses capacit\u00e9s pour y faire face.<\/p>\n<p>Reconnaissant ces difficult\u00e9s, le Pr\u00e9sident zambien a insist\u00e9 sur la n\u00e9cessit\u00e9 pour les pays africains de d\u00e9velopper des strat\u00e9gies appropri\u00e9es. Il a notamment \u00e9voqu\u00e9 l\u2019importance de promouvoir une diplomatie sanitaire r\u00e9gionale, d\u2019harmoniser la r\u00e9gulation des produits pharmaceutiques, et de renforcer la r\u00e9silience des syst\u00e8mes de sant\u00e9 publique.<em><strong> \u00ab Nous devons d\u00e9velopper nos syst\u00e8mes de sant\u00e9 car cela est essentiel, en rapprochant les services de sant\u00e9 de nos populations. Faisons \u00e9galement le lien entre la sant\u00e9 et l\u2019\u00e9ducation, car plus cette connexion est forte, plus nos populations seront en bonne sant\u00e9 \u00bb,<\/strong><\/em> a-t-il d\u00e9clar\u00e9.<\/p>\n<figure id=\"attachment_23000\" aria-describedby=\"caption-attachment-23000\" style=\"width: 795px\" class=\"wp-caption aligncenter\"><a href=\"https:\/\/www.latribunedufaso.net\/wp-content\/uploads\/2025\/08\/FB_IMG_1756139334524.jpg\"><img loading=\"lazy\" decoding=\"async\" class=\"size-full wp-image-23000\" src=\"https:\/\/www.latribunedufaso.net\/wp-content\/uploads\/2025\/08\/FB_IMG_1756139334524.jpg\" alt=\"Le Burkina Faso participe \u00e0 la 75e session du Comit\u00e9 r\u00e9gional de l'OMS pour l'Afrique, 25 ao\u00fbt 2025\" width=\"795\" height=\"720\" srcset=\"https:\/\/www.latribunedufaso.net\/wp-content\/uploads\/2025\/08\/FB_IMG_1756139334524.jpg 795w, https:\/\/www.latribunedufaso.net\/wp-content\/uploads\/2025\/08\/FB_IMG_1756139334524-300x272.jpg 300w, https:\/\/www.latribunedufaso.net\/wp-content\/uploads\/2025\/08\/FB_IMG_1756139334524-768x696.jpg 768w\" sizes=\"auto, (max-width: 795px) 100vw, 795px\" \/><\/a><figcaption id=\"caption-attachment-23000\" class=\"wp-caption-text\">Le ministre de la Sant\u00e9, Dr Robert Kargougou repr\u00e9sente le Burkina Faso \u00e0 la rencontre &#8211; Ph. DR<\/figcaption><\/figure>\n<p>Pour le ministre de la Sant\u00e9 du Burkina Faso, Dr Robert Kargougou, la participation \u00e0 cette 75e session repr\u00e9sente une opportunit\u00e9 strat\u00e9gique. Elle permet au pays de faire entendre sa voix et de pr\u00e9senter les avanc\u00e9es majeures r\u00e9alis\u00e9es ces derni\u00e8res ann\u00e9es sous le leadership de Son Excellence le Capitaine Ibrahim Traor\u00e9, Pr\u00e9sident du Faso, Chef de l&rsquo;\u00c9tat. <em><strong>\u00ab Nous voulons que l&rsquo;Afrique, et m\u00eame au-del\u00e0, comprenne que les choses \u00e9voluent au Burkina Faso dans le do<\/strong><\/em><em><strong>maine de la sant\u00e9 \u00bb<\/strong><\/em>, a-t-il affirm\u00e9.<\/p>\n<figure id=\"attachment_22999\" aria-describedby=\"caption-attachment-22999\" style=\"width: 975px\" class=\"wp-caption aligncenter\"><a href=\"https:\/\/www.latribunedufaso.net\/wp-content\/uploads\/2025\/08\/FB_IMG_1756139349682.jpg\"><img loading=\"lazy\" decoding=\"async\" class=\"size-full wp-image-22999\" src=\"https:\/\/www.latribunedufaso.net\/wp-content\/uploads\/2025\/08\/FB_IMG_1756139349682.jpg\" alt=\"Le Burkina Faso participe \u00e0 la 75e session du Comit\u00e9 r\u00e9gional de l'OMS pour l'Afrique, 25 ao\u00fbt 2025\" width=\"975\" height=\"720\" srcset=\"https:\/\/www.latribunedufaso.net\/wp-content\/uploads\/2025\/08\/FB_IMG_1756139349682.jpg 975w, https:\/\/www.latribunedufaso.net\/wp-content\/uploads\/2025\/08\/FB_IMG_1756139349682-300x222.jpg 300w, https:\/\/www.latribunedufaso.net\/wp-content\/uploads\/2025\/08\/FB_IMG_1756139349682-768x567.jpg 768w, https:\/\/www.latribunedufaso.net\/wp-content\/uploads\/2025\/08\/FB_IMG_1756139349682-90x65.jpg 90w\" sizes=\"auto, (max-width: 975px) 100vw, 975px\" \/><\/a><figcaption id=\"caption-attachment-22999\" class=\"wp-caption-text\">Une vue de la d\u00e9l\u00e9gation du Burkina Faso &#8211; Ph. DR<\/figcaption><\/figure>\n<p>Il a ajout\u00e9 que plusieurs th\u00e9matiques cl\u00e9s inscrites \u00e0 l\u2019ordre du jour, telles que la souverainet\u00e9 sanitaire, la production locale de m\u00e9dicaments et l\u2019augmentation du financement domestique de la sant\u00e9, sont d\u00e9j\u00e0 en cours de fa\u00e7on concr\u00e8te au Burkina Faso. \u00c0 titre d\u2019exemple, il a mentionn\u00e9 l\u2019allocation de 12 % du budget national \u00e0 la sant\u00e9 malgr\u00e9 les d\u00e9fis actuels, ainsi que l\u2019op\u00e9rationnalisation en cours de Faso Pharma, qui contribuera \u00e0 renforcer la souverainet\u00e9 pharmaceutique du pays.<\/p>\n<blockquote>\n<p>Lire aussi &gt;&gt; <a href=\"https:\/\/www.latribunedufaso.net\/?p=22531\">Une r\u00e9ponse aux d\u00e9fis sanitaires : Voici le plan de l\u2019Initiative pr\u00e9sidentielle pour la sant\u00e9<\/a><\/p>\n<\/blockquote>\n<p>Le Comit\u00e9 r\u00e9gional de l&rsquo;OMS pour l&rsquo;Afrique est l\u2019instance supr\u00eame de d\u00e9cision en mati\u00e8re de sant\u00e9 dans la r\u00e9gion. Il r\u00e9unit chaque ann\u00e9e, autour du Directeur r\u00e9gional de l&rsquo;OMS, les ministres de la Sant\u00e9 des \u00c9tats membres africains. Cette rencontre est l\u2019occasion de dresser le bilan sanitaire r\u00e9gional, d\u2019analyser les projets r\u00e9alis\u00e9s, d\u2019identifier les d\u00e9fis persistants et de proposer des solutions adapt\u00e9es au contexte africain. La 75e session se tient du 25 au 27 ao\u00fbt 2025.<\/p>\n<p><strong>Latribunedufaso.net<\/strong><\/p>\n<p><strong>Source : DCRP-MS<\/strong><\/p>\n","protected":false},"excerpt":{"rendered":"<p>Le Pr\u00e9sident de la R\u00e9publique de Zambie, Hakainde Hichilema, a pr\u00e9sid\u00e9 la c\u00e9r\u00e9monie officielle d&rsquo;ouverture de la soixante-quinzi\u00e8me session du Comit\u00e9 r\u00e9gional de l&rsquo;Organisation mondiale de la Sant\u00e9 (OMS) pour l&rsquo;Afrique. Une d\u00e9l\u00e9gation du Burkina Faso, conduite par le ministre de la Sant\u00e9, Dr Robert Lucien Jean-Claude Kargougou, a pris part \u00e0 cet \u00e9v\u00e9nement.<\/p>\n","protected":false},"author":5,"featured_media":22998,"comment_status":"open","ping_status":"open","sticky":false,"template":"","format":"standard","meta":{"footnotes":""},"categories":[13,1,7],"tags":[1506,39,740],"class_list":["post-22996","post","type-post","status-publish","format-standard","has-post-thumbnail","hentry","category-une","category-actu","category-sante","tag-75e-session-du-comite-regional-de-loms-pour-lafrique","tag-latribunedufaso-net","tag-oms"],"yoast_head":"<!-- This site is optimized with the Yoast SEO plugin v27.5 - https:\/\/yoast.com\/product\/yoast-seo-wordpress\/ -->\n<title>75e session du Comit\u00e9 r\u00e9gional de l&#039;OMS pour l&#039;Afrique : Les d\u00e9fis sanitaires des populations africaines au coeur des \u00e9changes\u00a0 - La Tribune du Faso<\/title>\n<meta name=\"robots\" content=\"index, follow, max-snippet:-1, max-image-preview:large, max-video-preview:-1\" \/>\n<link rel=\"canonical\" href=\"https:\/\/www.latribunedufaso.net\/?p=22996\" \/>\n<meta property=\"og:locale\" content=\"fr_FR\" \/>\n<meta property=\"og:type\" content=\"article\" \/>\n<meta property=\"og:title\" content=\"75e session du Comit\u00e9 r\u00e9gional de l&#039;OMS pour l&#039;Afrique : Les d\u00e9fis sanitaires des populations africaines au coeur des \u00e9changes\u00a0 - La Tribune du Faso\" \/>\n<meta property=\"og:description\" content=\"Le Pr\u00e9sident de la R\u00e9publique de Zambie, Hakainde Hichilema, a pr\u00e9sid\u00e9 la c\u00e9r\u00e9monie officielle d&rsquo;ouverture de la soixante-quinzi\u00e8me session du Comit\u00e9 r\u00e9gional de l&rsquo;Organisation mondiale de la Sant\u00e9 (OMS) pour l&rsquo;Afrique. Une d\u00e9l\u00e9gation du Burkina Faso, conduite par le ministre de la Sant\u00e9, Dr Robert Lucien Jean-Claude Kargougou, a pris part \u00e0 cet \u00e9v\u00e9nement.\" \/>\n<meta property=\"og:url\" content=\"https:\/\/www.latribunedufaso.net\/?p=22996\" \/>\n<meta property=\"og:site_name\" content=\"La Tribune du Faso\" \/>\n<meta property=\"article:publisher\" content=\"https:\/\/www.facebook.com\/LatribuneduFaso\/\" \/>\n<meta property=\"article:published_time\" content=\"2025-08-25T16:38:38+00:00\" \/>\n<meta property=\"og:image\" content=\"https:\/\/www.latribunedufaso.net\/wp-content\/uploads\/2025\/08\/FB_IMG_1756139352919.jpg\" \/>\n\t<meta property=\"og:image:width\" content=\"1844\" \/>\n\t<meta property=\"og:image:height\" content=\"725\" \/>\n\t<meta property=\"og:image:type\" content=\"image\/jpeg\" \/>\n<meta name=\"author\" content=\"Issouf Tapsoba\" \/>\n<meta name=\"twitter:label1\" content=\"\u00c9crit par\" \/>\n\t<meta name=\"twitter:data1\" content=\"Issouf Tapsoba\" \/>\n\t<meta name=\"twitter:label2\" content=\"Dur\u00e9e de lecture estim\u00e9e\" \/>\n\t<meta name=\"twitter:data2\" content=\"3 minutes\" \/>\n<script type=\"application\/ld+json\" class=\"yoast-schema-graph\">{\"@context\":\"https:\\\/\\\/schema.org\",\"@graph\":[{\"@type\":\"Article\",\"@id\":\"https:\\\/\\\/www.latribunedufaso.net\\\/?p=22996#article\",\"isPartOf\":{\"@id\":\"https:\\\/\\\/www.latribunedufaso.net\\\/?p=22996\"},\"author\":{\"name\":\"Issouf Tapsoba\",\"@id\":\"https:\\\/\\\/www.latribunedufaso.net\\\/#\\\/schema\\\/person\\\/e54e64c5778a7e72cf80a318b7a622b0\"},\"headline\":\"75e session du Comit\u00e9 r\u00e9gional de l&rsquo;OMS pour l&rsquo;Afrique : Les d\u00e9fis sanitaires des populations africaines au coeur des \u00e9changes\u00a0\",\"datePublished\":\"2025-08-25T16:38:38+00:00\",\"mainEntityOfPage\":{\"@id\":\"https:\\\/\\\/www.latribunedufaso.net\\\/?p=22996\"},\"wordCount\":599,\"commentCount\":0,\"publisher\":{\"@id\":\"https:\\\/\\\/www.latribunedufaso.net\\\/#organization\"},\"image\":{\"@id\":\"https:\\\/\\\/www.latribunedufaso.net\\\/?p=22996#primaryimage\"},\"thumbnailUrl\":\"https:\\\/\\\/www.latribunedufaso.net\\\/wp-content\\\/uploads\\\/2025\\\/08\\\/FB_IMG_1756139352919.jpg\",\"keywords\":[\"75e session du Comit\u00e9 r\u00e9gional de l'OMS pour l'Afrique\",\"latribunedufaso.net\",\"OMS\"],\"articleSection\":[\"A la une\",\"Actualit\u00e9\",\"Sant\u00e9\"],\"inLanguage\":\"fr-FR\",\"potentialAction\":[{\"@type\":\"CommentAction\",\"name\":\"Comment\",\"target\":[\"https:\\\/\\\/www.latribunedufaso.net\\\/?p=22996#respond\"]}]},{\"@type\":\"WebPage\",\"@id\":\"https:\\\/\\\/www.latribunedufaso.net\\\/?p=22996\",\"url\":\"https:\\\/\\\/www.latribunedufaso.net\\\/?p=22996\",\"name\":\"75e session du Comit\u00e9 r\u00e9gional de l'OMS pour l'Afrique : Les d\u00e9fis sanitaires des populations africaines au coeur des \u00e9changes\u00a0 - La Tribune du Faso\",\"isPartOf\":{\"@id\":\"https:\\\/\\\/www.latribunedufaso.net\\\/#website\"},\"primaryImageOfPage\":{\"@id\":\"https:\\\/\\\/www.latribunedufaso.net\\\/?p=22996#primaryimage\"},\"image\":{\"@id\":\"https:\\\/\\\/www.latribunedufaso.net\\\/?p=22996#primaryimage\"},\"thumbnailUrl\":\"https:\\\/\\\/www.latribunedufaso.net\\\/wp-content\\\/uploads\\\/2025\\\/08\\\/FB_IMG_1756139352919.jpg\",\"datePublished\":\"2025-08-25T16:38:38+00:00\",\"breadcrumb\":{\"@id\":\"https:\\\/\\\/www.latribunedufaso.net\\\/?p=22996#breadcrumb\"},\"inLanguage\":\"fr-FR\",\"potentialAction\":[{\"@type\":\"ReadAction\",\"target\":[\"https:\\\/\\\/www.latribunedufaso.net\\\/?p=22996\"]}]},{\"@type\":\"ImageObject\",\"inLanguage\":\"fr-FR\",\"@id\":\"https:\\\/\\\/www.latribunedufaso.net\\\/?p=22996#primaryimage\",\"url\":\"https:\\\/\\\/www.latribunedufaso.net\\\/wp-content\\\/uploads\\\/2025\\\/08\\\/FB_IMG_1756139352919.jpg\",\"contentUrl\":\"https:\\\/\\\/www.latribunedufaso.net\\\/wp-content\\\/uploads\\\/2025\\\/08\\\/FB_IMG_1756139352919.jpg\",\"width\":1844,\"height\":725,\"caption\":\"Le Burkina Faso participe \u00e0 la 75e session du Comit\u00e9 r\u00e9gional de l'OMS pour l'Afrique, 25 ao\u00fbt 2025\"},{\"@type\":\"BreadcrumbList\",\"@id\":\"https:\\\/\\\/www.latribunedufaso.net\\\/?p=22996#breadcrumb\",\"itemListElement\":[{\"@type\":\"ListItem\",\"position\":1,\"name\":\"Accueil\",\"item\":\"https:\\\/\\\/www.latribunedufaso.net\\\/\"},{\"@type\":\"ListItem\",\"position\":2,\"name\":\"75e session du Comit\u00e9 r\u00e9gional de l&rsquo;OMS pour l&rsquo;Afrique : Les d\u00e9fis sanitaires des populations africaines au coeur des \u00e9changes\u00a0\"}]},{\"@type\":\"WebSite\",\"@id\":\"https:\\\/\\\/www.latribunedufaso.net\\\/#website\",\"url\":\"https:\\\/\\\/www.latribunedufaso.net\\\/\",\"name\":\"La Tribune du Faso\",\"description\":\"L&#039;information du monde rural en un clic\",\"publisher\":{\"@id\":\"https:\\\/\\\/www.latribunedufaso.net\\\/#organization\"},\"potentialAction\":[{\"@type\":\"SearchAction\",\"target\":{\"@type\":\"EntryPoint\",\"urlTemplate\":\"https:\\\/\\\/www.latribunedufaso.net\\\/?s={search_term_string}\"},\"query-input\":{\"@type\":\"PropertyValueSpecification\",\"valueRequired\":true,\"valueName\":\"search_term_string\"}}],\"inLanguage\":\"fr-FR\"},{\"@type\":\"Organization\",\"@id\":\"https:\\\/\\\/www.latribunedufaso.net\\\/#organization\",\"name\":\"La Tribune du Faso\",\"url\":\"https:\\\/\\\/www.latribunedufaso.net\\\/\",\"logo\":{\"@type\":\"ImageObject\",\"inLanguage\":\"fr-FR\",\"@id\":\"https:\\\/\\\/www.latribunedufaso.net\\\/#\\\/schema\\\/logo\\\/image\\\/\",\"url\":\"https:\\\/\\\/www.latribunedufaso.net\\\/wp-content\\\/uploads\\\/2020\\\/08\\\/Logo-Tribune-du-Faso-final-scaled.jpg\",\"contentUrl\":\"https:\\\/\\\/www.latribunedufaso.net\\\/wp-content\\\/uploads\\\/2020\\\/08\\\/Logo-Tribune-du-Faso-final-scaled.jpg\",\"width\":2560,\"height\":1856,\"caption\":\"La Tribune du Faso\"},\"image\":{\"@id\":\"https:\\\/\\\/www.latribunedufaso.net\\\/#\\\/schema\\\/logo\\\/image\\\/\"},\"sameAs\":[\"https:\\\/\\\/www.facebook.com\\\/LatribuneduFaso\\\/\"]},{\"@type\":\"Person\",\"@id\":\"https:\\\/\\\/www.latribunedufaso.net\\\/#\\\/schema\\\/person\\\/e54e64c5778a7e72cf80a318b7a622b0\",\"name\":\"Issouf Tapsoba\",\"image\":{\"@type\":\"ImageObject\",\"inLanguage\":\"fr-FR\",\"@id\":\"https:\\\/\\\/secure.gravatar.com\\\/avatar\\\/5e6c05150ce3230247d167f5b94d678eb05936197436d69b7921e3a95c9107ac?s=96&d=mm&r=g\",\"url\":\"https:\\\/\\\/secure.gravatar.com\\\/avatar\\\/5e6c05150ce3230247d167f5b94d678eb05936197436d69b7921e3a95c9107ac?s=96&d=mm&r=g\",\"contentUrl\":\"https:\\\/\\\/secure.gravatar.com\\\/avatar\\\/5e6c05150ce3230247d167f5b94d678eb05936197436d69b7921e3a95c9107ac?s=96&d=mm&r=g\",\"caption\":\"Issouf Tapsoba\"},\"url\":\"https:\\\/\\\/www.latribunedufaso.net\\\/?author=5\"}]}<\/script>\n<!-- \/ Yoast SEO plugin. -->","yoast_head_json":{"title":"75e session du Comit\u00e9 r\u00e9gional de l'OMS pour l'Afrique : Les d\u00e9fis sanitaires des populations africaines au coeur des \u00e9changes\u00a0 - La Tribune du Faso","robots":{"index":"index","follow":"follow","max-snippet":"max-snippet:-1","max-image-preview":"max-image-preview:large","max-video-preview":"max-video-preview:-1"},"canonical":"https:\/\/www.latribunedufaso.net\/?p=22996","og_locale":"fr_FR","og_type":"article","og_title":"75e session du Comit\u00e9 r\u00e9gional de l'OMS pour l'Afrique : Les d\u00e9fis sanitaires des populations africaines au coeur des \u00e9changes\u00a0 - La Tribune du Faso","og_description":"Le Pr\u00e9sident de la R\u00e9publique de Zambie, Hakainde Hichilema, a pr\u00e9sid\u00e9 la c\u00e9r\u00e9monie officielle d&rsquo;ouverture de la soixante-quinzi\u00e8me session du Comit\u00e9 r\u00e9gional de l&rsquo;Organisation mondiale de la Sant\u00e9 (OMS) pour l&rsquo;Afrique. Une d\u00e9l\u00e9gation du Burkina Faso, conduite par le ministre de la Sant\u00e9, Dr Robert Lucien Jean-Claude Kargougou, a pris part \u00e0 cet \u00e9v\u00e9nement.","og_url":"https:\/\/www.latribunedufaso.net\/?p=22996","og_site_name":"La Tribune du Faso","article_publisher":"https:\/\/www.facebook.com\/LatribuneduFaso\/","article_published_time":"2025-08-25T16:38:38+00:00","og_image":[{"width":1844,"height":725,"url":"https:\/\/www.latribunedufaso.net\/wp-content\/uploads\/2025\/08\/FB_IMG_1756139352919.jpg","type":"image\/jpeg"}],"author":"Issouf Tapsoba","twitter_misc":{"\u00c9crit par":"Issouf Tapsoba","Dur\u00e9e de lecture estim\u00e9e":"3 minutes"},"schema":{"@context":"https:\/\/schema.org","@graph":[{"@type":"Article","@id":"https:\/\/www.latribunedufaso.net\/?p=22996#article","isPartOf":{"@id":"https:\/\/www.latribunedufaso.net\/?p=22996"},"author":{"name":"Issouf Tapsoba","@id":"https:\/\/www.latribunedufaso.net\/#\/schema\/person\/e54e64c5778a7e72cf80a318b7a622b0"},"headline":"75e session du Comit\u00e9 r\u00e9gional de l&rsquo;OMS pour l&rsquo;Afrique : Les d\u00e9fis sanitaires des populations africaines au coeur des \u00e9changes\u00a0","datePublished":"2025-08-25T16:38:38+00:00","mainEntityOfPage":{"@id":"https:\/\/www.latribunedufaso.net\/?p=22996"},"wordCount":599,"commentCount":0,"publisher":{"@id":"https:\/\/www.latribunedufaso.net\/#organization"},"image":{"@id":"https:\/\/www.latribunedufaso.net\/?p=22996#primaryimage"},"thumbnailUrl":"https:\/\/www.latribunedufaso.net\/wp-content\/uploads\/2025\/08\/FB_IMG_1756139352919.jpg","keywords":["75e session du Comit\u00e9 r\u00e9gional de l'OMS pour l'Afrique","latribunedufaso.net","OMS"],"articleSection":["A la une","Actualit\u00e9","Sant\u00e9"],"inLanguage":"fr-FR","potentialAction":[{"@type":"CommentAction","name":"Comment","target":["https:\/\/www.latribunedufaso.net\/?p=22996#respond"]}]},{"@type":"WebPage","@id":"https:\/\/www.latribunedufaso.net\/?p=22996","url":"https:\/\/www.latribunedufaso.net\/?p=22996","name":"75e session du Comit\u00e9 r\u00e9gional de l'OMS pour l'Afrique : Les d\u00e9fis sanitaires des populations africaines au coeur des \u00e9changes\u00a0 - La Tribune du Faso","isPartOf":{"@id":"https:\/\/www.latribunedufaso.net\/#website"},"primaryImageOfPage":{"@id":"https:\/\/www.latribunedufaso.net\/?p=22996#primaryimage"},"image":{"@id":"https:\/\/www.latribunedufaso.net\/?p=22996#primaryimage"},"thumbnailUrl":"https:\/\/www.latribunedufaso.net\/wp-content\/uploads\/2025\/08\/FB_IMG_1756139352919.jpg","datePublished":"2025-08-25T16:38:38+00:00","breadcrumb":{"@id":"https:\/\/www.latribunedufaso.net\/?p=22996#breadcrumb"},"inLanguage":"fr-FR","potentialAction":[{"@type":"ReadAction","target":["https:\/\/www.latribunedufaso.net\/?p=22996"]}]},{"@type":"ImageObject","inLanguage":"fr-FR","@id":"https:\/\/www.latribunedufaso.net\/?p=22996#primaryimage","url":"https:\/\/www.latribunedufaso.net\/wp-content\/uploads\/2025\/08\/FB_IMG_1756139352919.jpg","contentUrl":"https:\/\/www.latribunedufaso.net\/wp-content\/uploads\/2025\/08\/FB_IMG_1756139352919.jpg","width":1844,"height":725,"caption":"Le Burkina Faso participe \u00e0 la 75e session du Comit\u00e9 r\u00e9gional de l'OMS pour l'Afrique, 25 ao\u00fbt 2025"},{"@type":"BreadcrumbList","@id":"https:\/\/www.latribunedufaso.net\/?p=22996#breadcrumb","itemListElement":[{"@type":"ListItem","position":1,"name":"Accueil","item":"https:\/\/www.latribunedufaso.net\/"},{"@type":"ListItem","position":2,"name":"75e session du Comit\u00e9 r\u00e9gional de l&rsquo;OMS pour l&rsquo;Afrique : Les d\u00e9fis sanitaires des populations africaines au coeur des \u00e9changes\u00a0"}]},{"@type":"WebSite","@id":"https:\/\/www.latribunedufaso.net\/#website","url":"https:\/\/www.latribunedufaso.net\/","name":"La Tribune du Faso","description":"L&#039;information du monde rural en un clic","publisher":{"@id":"https:\/\/www.latribunedufaso.net\/#organization"},"potentialAction":[{"@type":"SearchAction","target":{"@type":"EntryPoint","urlTemplate":"https:\/\/www.latribunedufaso.net\/?s={search_term_string}"},"query-input":{"@type":"PropertyValueSpecification","valueRequired":true,"valueName":"search_term_string"}}],"inLanguage":"fr-FR"},{"@type":"Organization","@id":"https:\/\/www.latribunedufaso.net\/#organization","name":"La Tribune du Faso","url":"https:\/\/www.latribunedufaso.net\/","logo":{"@type":"ImageObject","inLanguage":"fr-FR","@id":"https:\/\/www.latribunedufaso.net\/#\/schema\/logo\/image\/","url":"https:\/\/www.latribunedufaso.net\/wp-content\/uploads\/2020\/08\/Logo-Tribune-du-Faso-final-scaled.jpg","contentUrl":"https:\/\/www.latribunedufaso.net\/wp-content\/uploads\/2020\/08\/Logo-Tribune-du-Faso-final-scaled.jpg","width":2560,"height":1856,"caption":"La Tribune du Faso"},"image":{"@id":"https:\/\/www.latribunedufaso.net\/#\/schema\/logo\/image\/"},"sameAs":["https:\/\/www.facebook.com\/LatribuneduFaso\/"]},{"@type":"Person","@id":"https:\/\/www.latribunedufaso.net\/#\/schema\/person\/e54e64c5778a7e72cf80a318b7a622b0","name":"Issouf Tapsoba","image":{"@type":"ImageObject","inLanguage":"fr-FR","@id":"https:\/\/secure.gravatar.com\/avatar\/5e6c05150ce3230247d167f5b94d678eb05936197436d69b7921e3a95c9107ac?s=96&d=mm&r=g","url":"https:\/\/secure.gravatar.com\/avatar\/5e6c05150ce3230247d167f5b94d678eb05936197436d69b7921e3a95c9107ac?s=96&d=mm&r=g","contentUrl":"https:\/\/secure.gravatar.com\/avatar\/5e6c05150ce3230247d167f5b94d678eb05936197436d69b7921e3a95c9107ac?s=96&d=mm&r=g","caption":"Issouf Tapsoba"},"url":"https:\/\/www.latribunedufaso.net\/?author=5"}]}},"_links":{"self":[{"href":"https:\/\/www.latribunedufaso.net\/index.php?rest_route=\/wp\/v2\/posts\/22996","targetHints":{"allow":["GET"]}}],"collection":[{"href":"https:\/\/www.latribunedufaso.net\/index.php?rest_route=\/wp\/v2\/posts"}],"about":[{"href":"https:\/\/www.latribunedufaso.net\/index.php?rest_route=\/wp\/v2\/types\/post"}],"author":[{"embeddable":true,"href":"https:\/\/www.latribunedufaso.net\/index.php?rest_route=\/wp\/v2\/users\/5"}],"replies":[{"embeddable":true,"href":"https:\/\/www.latribunedufaso.net\/index.php?rest_route=%2Fwp%2Fv2%2Fcomments&post=22996"}],"version-history":[{"count":2,"href":"https:\/\/www.latribunedufaso.net\/index.php?rest_route=\/wp\/v2\/posts\/22996\/revisions"}],"predecessor-version":[{"id":23001,"href":"https:\/\/www.latribunedufaso.net\/index.php?rest_route=\/wp\/v2\/posts\/22996\/revisions\/23001"}],"wp:featuredmedia":[{"embeddable":true,"href":"https:\/\/www.latribunedufaso.net\/index.php?rest_route=\/wp\/v2\/media\/22998"}],"wp:attachment":[{"href":"https:\/\/www.latribunedufaso.net\/index.php?rest_route=%2Fwp%2Fv2%2Fmedia&parent=22996"}],"wp:term":[{"taxonomy":"category","embeddable":true,"href":"https:\/\/www.latribunedufaso.net\/index.php?rest_route=%2Fwp%2Fv2%2Fcategories&post=22996"},{"taxonomy":"post_tag","embeddable":true,"href":"https:\/\/www.latribunedufaso.net\/index.php?rest_route=%2Fwp%2Fv2%2Ftags&post=22996"}],"curies":[{"name":"wp","href":"https:\/\/api.w.org\/{rel}","templated":true}]}}