{"id":22984,"date":"2025-08-25T15:53:52","date_gmt":"2025-08-25T15:53:52","guid":{"rendered":"https:\/\/www.latribunedufaso.net\/?p=22984"},"modified":"2025-08-25T15:53:52","modified_gmt":"2025-08-25T15:53:52","slug":"3eme-reunion-statutaire-du-conseil-des-ministres-du-complexe-w-arly-pendiari-vers-la-mise-en-place-dune-instance-de-gestion-de-laire-protegee","status":"publish","type":"post","link":"https:\/\/www.latribunedufaso.net\/?p=22984","title":{"rendered":"3\u00e8me r\u00e9union statutaire du conseil des ministres du Complexe W-Arly-Pendiari : Vers la mise en place d&rsquo;une instance de gestion de l&rsquo;aire prot\u00e9g\u00e9e"},"content":{"rendered":"<p><strong>Pr\u00e9server l&rsquo;unit\u00e9, la Coh\u00e9rence et la p\u00e9rennit\u00e9 du WAP mais aussi et surtout doter le WAP d&rsquo;une gouvernance pleinement fonctionnelle dot\u00e9e de moyens, de l\u00e9gitimit\u00e9. C&rsquo;est tout l&rsquo;objectif de la 3\u00e8me r\u00e9union du conseil des ministres charg\u00e9s des Aires Prot\u00e9g\u00e9es du complexe WAP qui se tient ce lundi 25 ao\u00fbt 2025 \u00e0 Ouagadougou.\u00a0<\/strong><!--more--><\/p>\n<p>Site du patrimoine mondial de l&rsquo;UNESCO, le Complexe W-Arly-Pendiari, constitue l&rsquo;un des plus vastes ensembles d&rsquo;aires prot\u00e9g\u00e9es de la savane soudano-Sahelienne en Afrique de l&rsquo;ouest. C&rsquo;est un pilier pour la r\u00e9silience \u00e9cologique, la stabilit\u00e9 locale et le d\u00e9veloppement durable du B\u00e9nin, du Burkina Faso et du Niger. <a href=\"https:\/\/www.latribunedufaso.net\/?p=15452\">Aujourd&rsquo;hui le WAP fait face \u00e0 la situation s\u00e9curitaire pr\u00e9occupante<\/a> qui met en p\u00e9ril les efforts de conservation et qui n\u00e9cessite une solidarit\u00e9 r\u00e9gionale.\u00a0<\/p>\n<p>C&rsquo;est pourquoi cette troisi\u00e8me r\u00e9union est tr\u00e8s importante dans l&rsquo;histoire de la gestion des Aires prot\u00e9g\u00e9es dans le complexe WAP. Premier objectif \u00e0 atteindre, c&rsquo;est que la r\u00e9union de Ouagadougou doit d\u00e9signer le Secr\u00e9taire Ex\u00e9cutif du WAP.\u00a0<\/p>\n<figure id=\"attachment_22987\" aria-describedby=\"caption-attachment-22987\" style=\"width: 1016px\" class=\"wp-caption aligncenter\"><a href=\"https:\/\/www.latribunedufaso.net\/wp-content\/uploads\/2025\/08\/FB_IMG_1756136893381.jpg\"><img loading=\"lazy\" decoding=\"async\" class=\"size-full wp-image-22987\" src=\"https:\/\/www.latribunedufaso.net\/wp-content\/uploads\/2025\/08\/FB_IMG_1756136893381.jpg\" alt=\"C\u00e9r\u00e9monie d'ouverture de la 3\u00e8me r\u00e9union statutaire du conseil des ministres du Complexe W-Arly-Pendiari, 25 ao\u00fbt 2025 \u00e0 Ouagadougou \" width=\"1016\" height=\"661\" srcset=\"https:\/\/www.latribunedufaso.net\/wp-content\/uploads\/2025\/08\/FB_IMG_1756136893381.jpg 1016w, https:\/\/www.latribunedufaso.net\/wp-content\/uploads\/2025\/08\/FB_IMG_1756136893381-300x195.jpg 300w, https:\/\/www.latribunedufaso.net\/wp-content\/uploads\/2025\/08\/FB_IMG_1756136893381-768x500.jpg 768w\" sizes=\"auto, (max-width: 1016px) 100vw, 1016px\" \/><\/a><figcaption id=\"caption-attachment-22987\" class=\"wp-caption-text\">Le ministre charg\u00e9 de l&rsquo;Environnement du Burkina, Roger Baro &#8211; Ph. DR<\/figcaption><\/figure>\n<p>Cette 3\u00e8me r\u00e9union doit \u00e9galement permettre de conna\u00eetre les membres du Conseil scientifique et de voir \u00e9galement la mise en \u0153uvre des recommandations de la r\u00e9union qui s&rsquo;est tenue au B\u00e9nin il y&rsquo;a 3 ans. Enfin, la rencontre de Ouagadougou permettra de designer un nouveau pr\u00e9sident en exercice de l&rsquo;organisation.<\/p>\n<p>Pour Constant Houndeon, Conseiller technique du ministre B\u00e9ninois du Cadre de Vie et des Transports charg\u00e9 du d\u00e9veloppement durable a salu\u00e9 l&rsquo;accord tripartite entre le B\u00e9nin, le Burkina Faso et le Niger au profit du complexe WAP.\u00a0<\/p>\n<p>Le complexe W-Arly-Pendjari que partagent nos trois pays est g\u00e9r\u00e9 de fa\u00e7on concert\u00e9e depuis plus 30 ans et cela \u00e0 travers divers m\u00e9canismes, initiatives et projets.<\/p>\n<figure id=\"attachment_22986\" aria-describedby=\"caption-attachment-22986\" style=\"width: 1080px\" class=\"wp-caption aligncenter\"><a href=\"https:\/\/www.latribunedufaso.net\/wp-content\/uploads\/2025\/08\/FB_IMG_1756136820168.jpg\"><img loading=\"lazy\" decoding=\"async\" class=\"size-full wp-image-22986\" src=\"https:\/\/www.latribunedufaso.net\/wp-content\/uploads\/2025\/08\/FB_IMG_1756136820168.jpg\" alt=\"C\u00e9r\u00e9monie d'ouverture de la 3\u00e8me r\u00e9union statutaire du conseil des ministres du Complexe W-Arly-Pendiari, 25 ao\u00fbt 2025 \u00e0 Ouagadougou \" width=\"1080\" height=\"597\" srcset=\"https:\/\/www.latribunedufaso.net\/wp-content\/uploads\/2025\/08\/FB_IMG_1756136820168.jpg 1080w, https:\/\/www.latribunedufaso.net\/wp-content\/uploads\/2025\/08\/FB_IMG_1756136820168-300x166.jpg 300w, https:\/\/www.latribunedufaso.net\/wp-content\/uploads\/2025\/08\/FB_IMG_1756136820168-1024x566.jpg 1024w, https:\/\/www.latribunedufaso.net\/wp-content\/uploads\/2025\/08\/FB_IMG_1756136820168-768x425.jpg 768w\" sizes=\"auto, (max-width: 1080px) 100vw, 1080px\" \/><\/a><figcaption id=\"caption-attachment-22986\" class=\"wp-caption-text\">Cette rencontre doit permettre de d\u00e9signer le Secr\u00e9taire Ex\u00e9cutif du WAP &#8211; Ph. DR<\/figcaption><\/figure>\n<p>La portion burkinab\u00e8 du WAP, compos\u00e9e du parc W Burkina, du parc national d\u2019Arly et des aires class\u00e9es adjacentes, couvre une superficie de 978 487 hectares repr\u00e9sentant plus de 25% des aires class\u00e9es de notre pays. Ce complexe tr\u00e8s riche en paysages et en biodiversit\u00e9 abrite pr\u00e8s de 70% de la faune sauvage du Burkina Faso.<\/p>\n<p>Selon le ministre Roger Baro, la gestion durable des aires prot\u00e9g\u00e9es s\u2019ins\u00e8re dans deux piliers du plan d\u2019actions pour la stabilisation et le d\u00e9veloppement. Il s\u2019agit du Pilier 1 : Lutter contre le terrorisme et restaurer l\u2019int\u00e9grit\u00e9 territoriale en son objectif strat\u00e9gique 1. 2 : renforcer la s\u00e9curit\u00e9 int\u00e9rieure du pays et la d\u00e9fense du territoire national et du Pilier 3 : Refonder l\u2019\u00c9tat et am\u00e9liorer la gouvernance en son objectif strat\u00e9gique 4.1 : D\u00e9velopper durablement un secteur agro-sylvo-pastoral, faunique et halieutique productif et r\u00e9silient, davantage orient\u00e9 vers le march\u00e9.<\/p>\n<p><strong>Latribunedufaso.net<\/strong><\/p>\n<p><strong>Source : DCRP\/ MEEA<\/strong><\/p>\n","protected":false},"excerpt":{"rendered":"<p>Pr\u00e9server l&rsquo;unit\u00e9, la Coh\u00e9rence et la p\u00e9rennit\u00e9 du WAP mais aussi et surtout doter le WAP d&rsquo;une gouvernance pleinement fonctionnelle dot\u00e9e de moyens, de l\u00e9gitimit\u00e9. C&rsquo;est tout l&rsquo;objectif de la 3\u00e8me r\u00e9union du conseil des ministres charg\u00e9s des Aires Prot\u00e9g\u00e9es du complexe WAP qui se tient ce lundi 25 ao\u00fbt 2025 \u00e0 Ouagadougou.\u00a0<\/p>\n","protected":false},"author":5,"featured_media":22985,"comment_status":"open","ping_status":"open","sticky":false,"template":"","format":"standard","meta":{"footnotes":""},"categories":[13,1,5],"tags":[1505,40,39,120],"class_list":["post-22984","post","type-post","status-publish","format-standard","has-post-thumbnail","hentry","category-une","category-actu","category-envir","tag-complexe-w-arly-pendiari","tag-environnement","tag-latribunedufaso-net","tag-parc-national-du-w"],"yoast_head":"<!-- This site is optimized with the Yoast SEO plugin v27.5 - https:\/\/yoast.com\/product\/yoast-seo-wordpress\/ -->\n<title>3\u00e8me r\u00e9union statutaire du conseil des ministres du Complexe W-Arly-Pendiari : Vers la mise en place d&#039;une instance de gestion de l&#039;aire prot\u00e9g\u00e9e - La Tribune du Faso<\/title>\n<meta name=\"robots\" content=\"index, follow, max-snippet:-1, max-image-preview:large, max-video-preview:-1\" \/>\n<link rel=\"canonical\" href=\"https:\/\/www.latribunedufaso.net\/?p=22984\" \/>\n<meta property=\"og:locale\" content=\"fr_FR\" \/>\n<meta property=\"og:type\" content=\"article\" \/>\n<meta property=\"og:title\" content=\"3\u00e8me r\u00e9union statutaire du conseil des ministres du Complexe W-Arly-Pendiari : Vers la mise en place d&#039;une instance de gestion de l&#039;aire prot\u00e9g\u00e9e - La Tribune du Faso\" \/>\n<meta property=\"og:description\" content=\"Pr\u00e9server l&rsquo;unit\u00e9, la Coh\u00e9rence et la p\u00e9rennit\u00e9 du WAP mais aussi et surtout doter le WAP d&rsquo;une gouvernance pleinement fonctionnelle dot\u00e9e de moyens, de l\u00e9gitimit\u00e9. C&rsquo;est tout l&rsquo;objectif de la 3\u00e8me r\u00e9union du conseil des ministres charg\u00e9s des Aires Prot\u00e9g\u00e9es du complexe WAP qui se tient ce lundi 25 ao\u00fbt 2025 \u00e0 Ouagadougou.\u00a0\" \/>\n<meta property=\"og:url\" content=\"https:\/\/www.latribunedufaso.net\/?p=22984\" \/>\n<meta property=\"og:site_name\" content=\"La Tribune du Faso\" \/>\n<meta property=\"article:publisher\" content=\"https:\/\/www.facebook.com\/LatribuneduFaso\/\" \/>\n<meta property=\"article:published_time\" content=\"2025-08-25T15:53:52+00:00\" \/>\n<meta property=\"og:image\" content=\"https:\/\/www.latribunedufaso.net\/wp-content\/uploads\/2025\/08\/FB_IMG_1756136798356.jpg\" \/>\n\t<meta property=\"og:image:width\" content=\"1059\" \/>\n\t<meta property=\"og:image:height\" content=\"624\" \/>\n\t<meta property=\"og:image:type\" content=\"image\/jpeg\" \/>\n<meta name=\"author\" content=\"Issouf Tapsoba\" \/>\n<meta name=\"twitter:label1\" content=\"\u00c9crit par\" \/>\n\t<meta name=\"twitter:data1\" content=\"Issouf Tapsoba\" \/>\n\t<meta name=\"twitter:label2\" content=\"Dur\u00e9e de lecture estim\u00e9e\" \/>\n\t<meta name=\"twitter:data2\" content=\"3 minutes\" \/>\n<script type=\"application\/ld+json\" class=\"yoast-schema-graph\">{\"@context\":\"https:\\\/\\\/schema.org\",\"@graph\":[{\"@type\":\"Article\",\"@id\":\"https:\\\/\\\/www.latribunedufaso.net\\\/?p=22984#article\",\"isPartOf\":{\"@id\":\"https:\\\/\\\/www.latribunedufaso.net\\\/?p=22984\"},\"author\":{\"name\":\"Issouf Tapsoba\",\"@id\":\"https:\\\/\\\/www.latribunedufaso.net\\\/#\\\/schema\\\/person\\\/e54e64c5778a7e72cf80a318b7a622b0\"},\"headline\":\"3\u00e8me r\u00e9union statutaire du conseil des ministres du Complexe W-Arly-Pendiari : Vers la mise en place d&rsquo;une instance de gestion de l&rsquo;aire prot\u00e9g\u00e9e\",\"datePublished\":\"2025-08-25T15:53:52+00:00\",\"mainEntityOfPage\":{\"@id\":\"https:\\\/\\\/www.latribunedufaso.net\\\/?p=22984\"},\"wordCount\":558,\"commentCount\":0,\"publisher\":{\"@id\":\"https:\\\/\\\/www.latribunedufaso.net\\\/#organization\"},\"image\":{\"@id\":\"https:\\\/\\\/www.latribunedufaso.net\\\/?p=22984#primaryimage\"},\"thumbnailUrl\":\"https:\\\/\\\/www.latribunedufaso.net\\\/wp-content\\\/uploads\\\/2025\\\/08\\\/FB_IMG_1756136798356.jpg\",\"keywords\":[\"Complexe W-Arly-Pendiari\",\"environnement\",\"latribunedufaso.net\",\"parc national du W\"],\"articleSection\":[\"A la une\",\"Actualit\u00e9\",\"Environnement\"],\"inLanguage\":\"fr-FR\",\"potentialAction\":[{\"@type\":\"CommentAction\",\"name\":\"Comment\",\"target\":[\"https:\\\/\\\/www.latribunedufaso.net\\\/?p=22984#respond\"]}]},{\"@type\":\"WebPage\",\"@id\":\"https:\\\/\\\/www.latribunedufaso.net\\\/?p=22984\",\"url\":\"https:\\\/\\\/www.latribunedufaso.net\\\/?p=22984\",\"name\":\"3\u00e8me r\u00e9union statutaire du conseil des ministres du Complexe W-Arly-Pendiari : Vers la mise en place d'une instance de gestion de l'aire prot\u00e9g\u00e9e - La Tribune du Faso\",\"isPartOf\":{\"@id\":\"https:\\\/\\\/www.latribunedufaso.net\\\/#website\"},\"primaryImageOfPage\":{\"@id\":\"https:\\\/\\\/www.latribunedufaso.net\\\/?p=22984#primaryimage\"},\"image\":{\"@id\":\"https:\\\/\\\/www.latribunedufaso.net\\\/?p=22984#primaryimage\"},\"thumbnailUrl\":\"https:\\\/\\\/www.latribunedufaso.net\\\/wp-content\\\/uploads\\\/2025\\\/08\\\/FB_IMG_1756136798356.jpg\",\"datePublished\":\"2025-08-25T15:53:52+00:00\",\"breadcrumb\":{\"@id\":\"https:\\\/\\\/www.latribunedufaso.net\\\/?p=22984#breadcrumb\"},\"inLanguage\":\"fr-FR\",\"potentialAction\":[{\"@type\":\"ReadAction\",\"target\":[\"https:\\\/\\\/www.latribunedufaso.net\\\/?p=22984\"]}]},{\"@type\":\"ImageObject\",\"inLanguage\":\"fr-FR\",\"@id\":\"https:\\\/\\\/www.latribunedufaso.net\\\/?p=22984#primaryimage\",\"url\":\"https:\\\/\\\/www.latribunedufaso.net\\\/wp-content\\\/uploads\\\/2025\\\/08\\\/FB_IMG_1756136798356.jpg\",\"contentUrl\":\"https:\\\/\\\/www.latribunedufaso.net\\\/wp-content\\\/uploads\\\/2025\\\/08\\\/FB_IMG_1756136798356.jpg\",\"width\":1059,\"height\":624,\"caption\":\"C\u00e9r\u00e9monie d'ouverture de la 3\u00e8me r\u00e9union statutaire du conseil des ministres du Complexe W-Arly-Pendiari, 25 ao\u00fbt 2025 \u00e0 Ouagadougou\"},{\"@type\":\"BreadcrumbList\",\"@id\":\"https:\\\/\\\/www.latribunedufaso.net\\\/?p=22984#breadcrumb\",\"itemListElement\":[{\"@type\":\"ListItem\",\"position\":1,\"name\":\"Accueil\",\"item\":\"https:\\\/\\\/www.latribunedufaso.net\\\/\"},{\"@type\":\"ListItem\",\"position\":2,\"name\":\"3\u00e8me r\u00e9union statutaire du conseil des ministres du Complexe W-Arly-Pendiari : Vers la mise en place d&rsquo;une instance de gestion de l&rsquo;aire prot\u00e9g\u00e9e\"}]},{\"@type\":\"WebSite\",\"@id\":\"https:\\\/\\\/www.latribunedufaso.net\\\/#website\",\"url\":\"https:\\\/\\\/www.latribunedufaso.net\\\/\",\"name\":\"La Tribune du Faso\",\"description\":\"L&#039;information du monde rural en un clic\",\"publisher\":{\"@id\":\"https:\\\/\\\/www.latribunedufaso.net\\\/#organization\"},\"potentialAction\":[{\"@type\":\"SearchAction\",\"target\":{\"@type\":\"EntryPoint\",\"urlTemplate\":\"https:\\\/\\\/www.latribunedufaso.net\\\/?s={search_term_string}\"},\"query-input\":{\"@type\":\"PropertyValueSpecification\",\"valueRequired\":true,\"valueName\":\"search_term_string\"}}],\"inLanguage\":\"fr-FR\"},{\"@type\":\"Organization\",\"@id\":\"https:\\\/\\\/www.latribunedufaso.net\\\/#organization\",\"name\":\"La Tribune du Faso\",\"url\":\"https:\\\/\\\/www.latribunedufaso.net\\\/\",\"logo\":{\"@type\":\"ImageObject\",\"inLanguage\":\"fr-FR\",\"@id\":\"https:\\\/\\\/www.latribunedufaso.net\\\/#\\\/schema\\\/logo\\\/image\\\/\",\"url\":\"https:\\\/\\\/www.latribunedufaso.net\\\/wp-content\\\/uploads\\\/2020\\\/08\\\/Logo-Tribune-du-Faso-final-scaled.jpg\",\"contentUrl\":\"https:\\\/\\\/www.latribunedufaso.net\\\/wp-content\\\/uploads\\\/2020\\\/08\\\/Logo-Tribune-du-Faso-final-scaled.jpg\",\"width\":2560,\"height\":1856,\"caption\":\"La Tribune du Faso\"},\"image\":{\"@id\":\"https:\\\/\\\/www.latribunedufaso.net\\\/#\\\/schema\\\/logo\\\/image\\\/\"},\"sameAs\":[\"https:\\\/\\\/www.facebook.com\\\/LatribuneduFaso\\\/\"]},{\"@type\":\"Person\",\"@id\":\"https:\\\/\\\/www.latribunedufaso.net\\\/#\\\/schema\\\/person\\\/e54e64c5778a7e72cf80a318b7a622b0\",\"name\":\"Issouf Tapsoba\",\"image\":{\"@type\":\"ImageObject\",\"inLanguage\":\"fr-FR\",\"@id\":\"https:\\\/\\\/secure.gravatar.com\\\/avatar\\\/5e6c05150ce3230247d167f5b94d678eb05936197436d69b7921e3a95c9107ac?s=96&d=mm&r=g\",\"url\":\"https:\\\/\\\/secure.gravatar.com\\\/avatar\\\/5e6c05150ce3230247d167f5b94d678eb05936197436d69b7921e3a95c9107ac?s=96&d=mm&r=g\",\"contentUrl\":\"https:\\\/\\\/secure.gravatar.com\\\/avatar\\\/5e6c05150ce3230247d167f5b94d678eb05936197436d69b7921e3a95c9107ac?s=96&d=mm&r=g\",\"caption\":\"Issouf Tapsoba\"},\"url\":\"https:\\\/\\\/www.latribunedufaso.net\\\/?author=5\"}]}<\/script>\n<!-- \/ Yoast SEO plugin. -->","yoast_head_json":{"title":"3\u00e8me r\u00e9union statutaire du conseil des ministres du Complexe W-Arly-Pendiari : Vers la mise en place d'une instance de gestion de l'aire prot\u00e9g\u00e9e - La Tribune du Faso","robots":{"index":"index","follow":"follow","max-snippet":"max-snippet:-1","max-image-preview":"max-image-preview:large","max-video-preview":"max-video-preview:-1"},"canonical":"https:\/\/www.latribunedufaso.net\/?p=22984","og_locale":"fr_FR","og_type":"article","og_title":"3\u00e8me r\u00e9union statutaire du conseil des ministres du Complexe W-Arly-Pendiari : Vers la mise en place d'une instance de gestion de l'aire prot\u00e9g\u00e9e - La Tribune du Faso","og_description":"Pr\u00e9server l&rsquo;unit\u00e9, la Coh\u00e9rence et la p\u00e9rennit\u00e9 du WAP mais aussi et surtout doter le WAP d&rsquo;une gouvernance pleinement fonctionnelle dot\u00e9e de moyens, de l\u00e9gitimit\u00e9. C&rsquo;est tout l&rsquo;objectif de la 3\u00e8me r\u00e9union du conseil des ministres charg\u00e9s des Aires Prot\u00e9g\u00e9es du complexe WAP qui se tient ce lundi 25 ao\u00fbt 2025 \u00e0 Ouagadougou.\u00a0","og_url":"https:\/\/www.latribunedufaso.net\/?p=22984","og_site_name":"La Tribune du Faso","article_publisher":"https:\/\/www.facebook.com\/LatribuneduFaso\/","article_published_time":"2025-08-25T15:53:52+00:00","og_image":[{"width":1059,"height":624,"url":"https:\/\/www.latribunedufaso.net\/wp-content\/uploads\/2025\/08\/FB_IMG_1756136798356.jpg","type":"image\/jpeg"}],"author":"Issouf Tapsoba","twitter_misc":{"\u00c9crit par":"Issouf Tapsoba","Dur\u00e9e de lecture estim\u00e9e":"3 minutes"},"schema":{"@context":"https:\/\/schema.org","@graph":[{"@type":"Article","@id":"https:\/\/www.latribunedufaso.net\/?p=22984#article","isPartOf":{"@id":"https:\/\/www.latribunedufaso.net\/?p=22984"},"author":{"name":"Issouf Tapsoba","@id":"https:\/\/www.latribunedufaso.net\/#\/schema\/person\/e54e64c5778a7e72cf80a318b7a622b0"},"headline":"3\u00e8me r\u00e9union statutaire du conseil des ministres du Complexe W-Arly-Pendiari : Vers la mise en place d&rsquo;une instance de gestion de l&rsquo;aire prot\u00e9g\u00e9e","datePublished":"2025-08-25T15:53:52+00:00","mainEntityOfPage":{"@id":"https:\/\/www.latribunedufaso.net\/?p=22984"},"wordCount":558,"commentCount":0,"publisher":{"@id":"https:\/\/www.latribunedufaso.net\/#organization"},"image":{"@id":"https:\/\/www.latribunedufaso.net\/?p=22984#primaryimage"},"thumbnailUrl":"https:\/\/www.latribunedufaso.net\/wp-content\/uploads\/2025\/08\/FB_IMG_1756136798356.jpg","keywords":["Complexe W-Arly-Pendiari","environnement","latribunedufaso.net","parc national du W"],"articleSection":["A la une","Actualit\u00e9","Environnement"],"inLanguage":"fr-FR","potentialAction":[{"@type":"CommentAction","name":"Comment","target":["https:\/\/www.latribunedufaso.net\/?p=22984#respond"]}]},{"@type":"WebPage","@id":"https:\/\/www.latribunedufaso.net\/?p=22984","url":"https:\/\/www.latribunedufaso.net\/?p=22984","name":"3\u00e8me r\u00e9union statutaire du conseil des ministres du Complexe W-Arly-Pendiari : Vers la mise en place d'une instance de gestion de l'aire prot\u00e9g\u00e9e - La Tribune du Faso","isPartOf":{"@id":"https:\/\/www.latribunedufaso.net\/#website"},"primaryImageOfPage":{"@id":"https:\/\/www.latribunedufaso.net\/?p=22984#primaryimage"},"image":{"@id":"https:\/\/www.latribunedufaso.net\/?p=22984#primaryimage"},"thumbnailUrl":"https:\/\/www.latribunedufaso.net\/wp-content\/uploads\/2025\/08\/FB_IMG_1756136798356.jpg","datePublished":"2025-08-25T15:53:52+00:00","breadcrumb":{"@id":"https:\/\/www.latribunedufaso.net\/?p=22984#breadcrumb"},"inLanguage":"fr-FR","potentialAction":[{"@type":"ReadAction","target":["https:\/\/www.latribunedufaso.net\/?p=22984"]}]},{"@type":"ImageObject","inLanguage":"fr-FR","@id":"https:\/\/www.latribunedufaso.net\/?p=22984#primaryimage","url":"https:\/\/www.latribunedufaso.net\/wp-content\/uploads\/2025\/08\/FB_IMG_1756136798356.jpg","contentUrl":"https:\/\/www.latribunedufaso.net\/wp-content\/uploads\/2025\/08\/FB_IMG_1756136798356.jpg","width":1059,"height":624,"caption":"C\u00e9r\u00e9monie d'ouverture de la 3\u00e8me r\u00e9union statutaire du conseil des ministres du Complexe W-Arly-Pendiari, 25 ao\u00fbt 2025 \u00e0 Ouagadougou"},{"@type":"BreadcrumbList","@id":"https:\/\/www.latribunedufaso.net\/?p=22984#breadcrumb","itemListElement":[{"@type":"ListItem","position":1,"name":"Accueil","item":"https:\/\/www.latribunedufaso.net\/"},{"@type":"ListItem","position":2,"name":"3\u00e8me r\u00e9union statutaire du conseil des ministres du Complexe W-Arly-Pendiari : Vers la mise en place d&rsquo;une instance de gestion de l&rsquo;aire prot\u00e9g\u00e9e"}]},{"@type":"WebSite","@id":"https:\/\/www.latribunedufaso.net\/#website","url":"https:\/\/www.latribunedufaso.net\/","name":"La Tribune du Faso","description":"L&#039;information du monde rural en un clic","publisher":{"@id":"https:\/\/www.latribunedufaso.net\/#organization"},"potentialAction":[{"@type":"SearchAction","target":{"@type":"EntryPoint","urlTemplate":"https:\/\/www.latribunedufaso.net\/?s={search_term_string}"},"query-input":{"@type":"PropertyValueSpecification","valueRequired":true,"valueName":"search_term_string"}}],"inLanguage":"fr-FR"},{"@type":"Organization","@id":"https:\/\/www.latribunedufaso.net\/#organization","name":"La Tribune du Faso","url":"https:\/\/www.latribunedufaso.net\/","logo":{"@type":"ImageObject","inLanguage":"fr-FR","@id":"https:\/\/www.latribunedufaso.net\/#\/schema\/logo\/image\/","url":"https:\/\/www.latribunedufaso.net\/wp-content\/uploads\/2020\/08\/Logo-Tribune-du-Faso-final-scaled.jpg","contentUrl":"https:\/\/www.latribunedufaso.net\/wp-content\/uploads\/2020\/08\/Logo-Tribune-du-Faso-final-scaled.jpg","width":2560,"height":1856,"caption":"La Tribune du Faso"},"image":{"@id":"https:\/\/www.latribunedufaso.net\/#\/schema\/logo\/image\/"},"sameAs":["https:\/\/www.facebook.com\/LatribuneduFaso\/"]},{"@type":"Person","@id":"https:\/\/www.latribunedufaso.net\/#\/schema\/person\/e54e64c5778a7e72cf80a318b7a622b0","name":"Issouf Tapsoba","image":{"@type":"ImageObject","inLanguage":"fr-FR","@id":"https:\/\/secure.gravatar.com\/avatar\/5e6c05150ce3230247d167f5b94d678eb05936197436d69b7921e3a95c9107ac?s=96&d=mm&r=g","url":"https:\/\/secure.gravatar.com\/avatar\/5e6c05150ce3230247d167f5b94d678eb05936197436d69b7921e3a95c9107ac?s=96&d=mm&r=g","contentUrl":"https:\/\/secure.gravatar.com\/avatar\/5e6c05150ce3230247d167f5b94d678eb05936197436d69b7921e3a95c9107ac?s=96&d=mm&r=g","caption":"Issouf Tapsoba"},"url":"https:\/\/www.latribunedufaso.net\/?author=5"}]}},"_links":{"self":[{"href":"https:\/\/www.latribunedufaso.net\/index.php?rest_route=\/wp\/v2\/posts\/22984","targetHints":{"allow":["GET"]}}],"collection":[{"href":"https:\/\/www.latribunedufaso.net\/index.php?rest_route=\/wp\/v2\/posts"}],"about":[{"href":"https:\/\/www.latribunedufaso.net\/index.php?rest_route=\/wp\/v2\/types\/post"}],"author":[{"embeddable":true,"href":"https:\/\/www.latribunedufaso.net\/index.php?rest_route=\/wp\/v2\/users\/5"}],"replies":[{"embeddable":true,"href":"https:\/\/www.latribunedufaso.net\/index.php?rest_route=%2Fwp%2Fv2%2Fcomments&post=22984"}],"version-history":[{"count":1,"href":"https:\/\/www.latribunedufaso.net\/index.php?rest_route=\/wp\/v2\/posts\/22984\/revisions"}],"predecessor-version":[{"id":22988,"href":"https:\/\/www.latribunedufaso.net\/index.php?rest_route=\/wp\/v2\/posts\/22984\/revisions\/22988"}],"wp:featuredmedia":[{"embeddable":true,"href":"https:\/\/www.latribunedufaso.net\/index.php?rest_route=\/wp\/v2\/media\/22985"}],"wp:attachment":[{"href":"https:\/\/www.latribunedufaso.net\/index.php?rest_route=%2Fwp%2Fv2%2Fmedia&parent=22984"}],"wp:term":[{"taxonomy":"category","embeddable":true,"href":"https:\/\/www.latribunedufaso.net\/index.php?rest_route=%2Fwp%2Fv2%2Fcategories&post=22984"},{"taxonomy":"post_tag","embeddable":true,"href":"https:\/\/www.latribunedufaso.net\/index.php?rest_route=%2Fwp%2Fv2%2Ftags&post=22984"}],"curies":[{"name":"wp","href":"https:\/\/api.w.org\/{rel}","templated":true}]}}