{"id":22957,"date":"2025-08-23T18:21:41","date_gmt":"2025-08-23T18:21:41","guid":{"rendered":"https:\/\/www.latribunedufaso.net\/?p=22957"},"modified":"2025-08-23T18:21:41","modified_gmt":"2025-08-23T18:21:41","slug":"camp-vacances-faso-mebo-la-promotion-sembdo-promet-apporter-sa-contribution-a-ledification-dune-societe-exemplaire","status":"publish","type":"post","link":"https:\/\/www.latribunedufaso.net\/?p=22957","title":{"rendered":"Camp vacances Faso M\u00eabo : La promotion \u00ab S\u0113mbdo \u00bb promet apporter sa contribution \u00e0 l\u2019\u00e9dification d\u2019une soci\u00e9t\u00e9 exemplaire"},"content":{"rendered":"<p><strong>La c\u00e9r\u00e9monie de sortie de la premi\u00e8re promotion du Camp vacances Faso M\u00eabo, baptis\u00e9e \u00ab S\u0113mbdo \u00bb, s\u2019est tenue le 23 ao\u00fbt 2025 sur le site du lyc\u00e9e Marien N\u2019GOUABI \u00e0 Ouagadougou.<\/strong><!--more--><\/p>\n<p>Compos\u00e9e de 410 campeurs, la promotion <strong><em>\u00ab S\u00e9mbdo \u00bb<\/em><\/strong> (la bonne semence en langue officielle moor\u00e9) constitue la premi\u00e8re cohorte de camp vacances Faso M\u00eabo, initi\u00e9e au profit des enfants.<\/p>\n<p>Apr\u00e8s dix jours de formation \u00e0 l\u2019instruction militaire, \u00e0 l\u2019\u00e9ducation civique et morale, aux travaux manuels et au vivre-ensemble, les campeurs de la promotion <em><strong>\u00ab S\u0113mbdo \u00bb<\/strong><\/em> se disent pr\u00eats \u00e0 apporter leur pierre \u00e0 l\u2019\u00e9dification d\u2019une soci\u00e9t\u00e9 burkinab\u00e8 exemplaire qui sous-tend la vision du Pr\u00e9sident du Faso, le Capitaine Ibrahim TRAOR\u00c9.\u00a0<\/p>\n<figure id=\"attachment_22962\" aria-describedby=\"caption-attachment-22962\" style=\"width: 2560px\" class=\"wp-caption aligncenter\"><a href=\"https:\/\/www.latribunedufaso.net\/wp-content\/uploads\/2025\/08\/IMG-20250823-WA0189-scaled.jpg\"><img loading=\"lazy\" decoding=\"async\" class=\"size-full wp-image-22962\" src=\"https:\/\/www.latribunedufaso.net\/wp-content\/uploads\/2025\/08\/IMG-20250823-WA0189-scaled.jpg\" alt=\"C\u00e9r\u00e9monie de cl\u00f4ture de la premi\u00e8re \u00e9dition du Camp vacances Faso M\u00eabo, 23 ao\u00fbt 2025 \u00e0 Ouagadougou\" width=\"2560\" height=\"1706\" srcset=\"https:\/\/www.latribunedufaso.net\/wp-content\/uploads\/2025\/08\/IMG-20250823-WA0189-scaled.jpg 2560w, https:\/\/www.latribunedufaso.net\/wp-content\/uploads\/2025\/08\/IMG-20250823-WA0189-300x200.jpg 300w, https:\/\/www.latribunedufaso.net\/wp-content\/uploads\/2025\/08\/IMG-20250823-WA0189-1024x683.jpg 1024w, https:\/\/www.latribunedufaso.net\/wp-content\/uploads\/2025\/08\/IMG-20250823-WA0189-768x512.jpg 768w, https:\/\/www.latribunedufaso.net\/wp-content\/uploads\/2025\/08\/IMG-20250823-WA0189-1536x1024.jpg 1536w, https:\/\/www.latribunedufaso.net\/wp-content\/uploads\/2025\/08\/IMG-20250823-WA0189-2048x1365.jpg 2048w, https:\/\/www.latribunedufaso.net\/wp-content\/uploads\/2025\/08\/IMG-20250823-WA0189-840x560.jpg 840w, https:\/\/www.latribunedufaso.net\/wp-content\/uploads\/2025\/08\/IMG-20250823-WA0189-120x80.jpg 120w, https:\/\/www.latribunedufaso.net\/wp-content\/uploads\/2025\/08\/IMG-20250823-WA0189-360x240.jpg 360w, https:\/\/www.latribunedufaso.net\/wp-content\/uploads\/2025\/08\/IMG-20250823-WA0189-600x400.jpg 600w\" sizes=\"auto, (max-width: 2560px) 100vw, 2560px\" \/><\/a><figcaption id=\"caption-attachment-22962\" class=\"wp-caption-text\">Pour la repr\u00e9sentante des campeurs, Josepha Safiatou SAVADOGO, ce camp vacances Faso M\u00eabo leur a permis de passer des vacances utiles &#8211; Ph. DR<\/figcaption><\/figure>\n<p><em><strong>\u00ab Pendant ces dix jours de camp, nous avons \u00e9t\u00e9 form\u00e9s sur des valeurs cardinales comme la discipline, l\u2019int\u00e9grit\u00e9, le patriotisme, le civisme, le respect du bien commun, le vivre-ensemble, les symboles de l\u2019Etat, la protection de l\u2019environnement \u00bb<\/strong><\/em>, indique la porte-parole des campeurs, Josepha Safiatou SAVADOGO.<\/p>\n<p>Selon elle, les campeurs de la promotion <em><strong>\u00ab S\u0113mbdo \u00bb<\/strong><\/em> sortent de ce camp <em><strong>\u00ab dot\u00e9s de connaissances et de savoir-vivre et nous promettons au tonton, le Capitaine Ibrahim TRAOR\u00c9 d\u2019\u00eatre des citoyens exemplaires et des ambassadeurs qui vont propager les enseignements que nous avons re\u00e7us \u00bb.<\/strong><\/em><\/p>\n<figure id=\"attachment_22963\" aria-describedby=\"caption-attachment-22963\" style=\"width: 2560px\" class=\"wp-caption aligncenter\"><a href=\"https:\/\/www.latribunedufaso.net\/wp-content\/uploads\/2025\/08\/IMG-20250823-WA0187-scaled.jpg\"><img loading=\"lazy\" decoding=\"async\" class=\"size-full wp-image-22963\" src=\"https:\/\/www.latribunedufaso.net\/wp-content\/uploads\/2025\/08\/IMG-20250823-WA0187-scaled.jpg\" alt=\"C\u00e9r\u00e9monie de cl\u00f4ture de la premi\u00e8re \u00e9dition du Camp vacances Faso M\u00eabo, 23 ao\u00fbt 2025 \u00e0 Ouagadougou\" width=\"2560\" height=\"1706\" srcset=\"https:\/\/www.latribunedufaso.net\/wp-content\/uploads\/2025\/08\/IMG-20250823-WA0187-scaled.jpg 2560w, https:\/\/www.latribunedufaso.net\/wp-content\/uploads\/2025\/08\/IMG-20250823-WA0187-300x200.jpg 300w, https:\/\/www.latribunedufaso.net\/wp-content\/uploads\/2025\/08\/IMG-20250823-WA0187-1024x683.jpg 1024w, https:\/\/www.latribunedufaso.net\/wp-content\/uploads\/2025\/08\/IMG-20250823-WA0187-768x512.jpg 768w, https:\/\/www.latribunedufaso.net\/wp-content\/uploads\/2025\/08\/IMG-20250823-WA0187-1536x1024.jpg 1536w, https:\/\/www.latribunedufaso.net\/wp-content\/uploads\/2025\/08\/IMG-20250823-WA0187-2048x1365.jpg 2048w, https:\/\/www.latribunedufaso.net\/wp-content\/uploads\/2025\/08\/IMG-20250823-WA0187-840x560.jpg 840w, https:\/\/www.latribunedufaso.net\/wp-content\/uploads\/2025\/08\/IMG-20250823-WA0187-120x80.jpg 120w, https:\/\/www.latribunedufaso.net\/wp-content\/uploads\/2025\/08\/IMG-20250823-WA0187-360x240.jpg 360w, https:\/\/www.latribunedufaso.net\/wp-content\/uploads\/2025\/08\/IMG-20250823-WA0187-600x400.jpg 600w\" sizes=\"auto, (max-width: 2560px) 100vw, 2560px\" \/><\/a><figcaption id=\"caption-attachment-22963\" class=\"wp-caption-text\">Le parrain, le Colonel Isma\u00ebl Kiswendsida DIAOUARI, a salu\u00e9 la capacit\u00e9 d\u2019assimilation de ses filleuls au cours de la formation &#8211; Ph. DR<\/figcaption><\/figure>\n<p>Le parrain de cette \u00e9dition, le Colonel Isma\u00ebl Kiswendsida DIAOUARI, f\u00e9licite ses filleuls pour la prouesse r\u00e9alis\u00e9e pendant ces dix jours avec une bonne assimilation des enseignements re\u00e7us.\u00a0<\/p>\n<p><em><strong>\u00ab Jeunes campeurs, vous pouvez \u00eatre fiers de ce que vous avez accompli \u00bb<\/strong><\/em>, indique le Colonel DIAOUARI \u00e0 ses filleuls. Il les exhorte \u00e0 partager les connaissances acquises et \u00e0 \u00eatre des citoyens mod\u00e8les dans leur entourage.<\/p>\n<figure id=\"attachment_22961\" aria-describedby=\"caption-attachment-22961\" style=\"width: 2560px\" class=\"wp-caption aligncenter\"><a href=\"https:\/\/www.latribunedufaso.net\/wp-content\/uploads\/2025\/08\/IMG-20250823-WA0195-scaled.jpg\"><img loading=\"lazy\" decoding=\"async\" class=\"size-full wp-image-22961\" src=\"https:\/\/www.latribunedufaso.net\/wp-content\/uploads\/2025\/08\/IMG-20250823-WA0195-scaled.jpg\" alt=\"C\u00e9r\u00e9monie de cl\u00f4ture de la premi\u00e8re \u00e9dition du Camp vacances Faso M\u00eabo, 23 ao\u00fbt 2025 \u00e0 Ouagadougou\" width=\"2560\" height=\"1706\" srcset=\"https:\/\/www.latribunedufaso.net\/wp-content\/uploads\/2025\/08\/IMG-20250823-WA0195-scaled.jpg 2560w, https:\/\/www.latribunedufaso.net\/wp-content\/uploads\/2025\/08\/IMG-20250823-WA0195-300x200.jpg 300w, https:\/\/www.latribunedufaso.net\/wp-content\/uploads\/2025\/08\/IMG-20250823-WA0195-1024x683.jpg 1024w, https:\/\/www.latribunedufaso.net\/wp-content\/uploads\/2025\/08\/IMG-20250823-WA0195-768x512.jpg 768w, https:\/\/www.latribunedufaso.net\/wp-content\/uploads\/2025\/08\/IMG-20250823-WA0195-1536x1024.jpg 1536w, https:\/\/www.latribunedufaso.net\/wp-content\/uploads\/2025\/08\/IMG-20250823-WA0195-2048x1365.jpg 2048w, https:\/\/www.latribunedufaso.net\/wp-content\/uploads\/2025\/08\/IMG-20250823-WA0195-840x560.jpg 840w, https:\/\/www.latribunedufaso.net\/wp-content\/uploads\/2025\/08\/IMG-20250823-WA0195-120x80.jpg 120w, https:\/\/www.latribunedufaso.net\/wp-content\/uploads\/2025\/08\/IMG-20250823-WA0195-360x240.jpg 360w, https:\/\/www.latribunedufaso.net\/wp-content\/uploads\/2025\/08\/IMG-20250823-WA0195-600x400.jpg 600w\" sizes=\"auto, (max-width: 2560px) 100vw, 2560px\" \/><\/a><figcaption id=\"caption-attachment-22961\" class=\"wp-caption-text\">Une vue des participants \u00e0 la c\u00e9r\u00e9monie &#8211; Ph. DR<\/figcaption><\/figure>\n<p>Selon le coordonnateur national de l\u2019Initiative Faso M\u00eabo, le Commandant\u00a0Zoodnoma Ahmed SAKAND\u00c9, ce camp vise \u00e0 former des citoyens patriotes et int\u00e8gres qui constitueront une rel\u00e8ve s\u00fbre et certaine pour la construction d\u2019un Burkina Faso nouveau et souverain.<\/p>\n<p>Le repr\u00e9sentant du Comit\u00e9 des parents, Anselme ILBOUDO traduit la reconnaissance de tous les parents au Capitaine Ibrahim TRAOR\u00c9, Pr\u00e9sident du Faso, Chef de l\u2019\u00c9tat pour l\u2019initiative de ce camp.\u00a0<\/p>\n<blockquote>\n<p>Lire aussi &gt;&gt; <a href=\"https:\/\/www.latribunedufaso.net\/?p=22901\">Camp vacances Faso M\u00eabo : \u00ab C\u2019est votre responsabilit\u00e9 de construire ce pays \u00bb, le Pr\u00e9sident du Faso aux campeurs\u00a0<\/a><\/p>\n<\/blockquote>\n<p>Les campeurs ont re\u00e7u des certificats de m\u00e9rite pour avoir suivi avec succ\u00e8s les diff\u00e9rents modules enseign\u00e9s.<\/p>\n<p><strong>Latribunedufaso.net<\/strong><\/p>\n<p><strong>Source : Direction de la communication de la Pr\u00e9sidence du Faso<\/strong><\/p>\n<p><a href=\"https:\/\/www.latribunedufaso.net\/wp-content\/uploads\/2025\/08\/IMG-20250823-WA0197-scaled.jpg\"><img loading=\"lazy\" decoding=\"async\" class=\"aligncenter size-full wp-image-22960\" src=\"https:\/\/www.latribunedufaso.net\/wp-content\/uploads\/2025\/08\/IMG-20250823-WA0197-scaled.jpg\" alt=\"C\u00e9r\u00e9monie de cl\u00f4ture de la premi\u00e8re \u00e9dition du Camp vacances Faso M\u00eabo, 23 ao\u00fbt 2025 \u00e0 Ouagadougou\" width=\"1706\" height=\"2560\" srcset=\"https:\/\/www.latribunedufaso.net\/wp-content\/uploads\/2025\/08\/IMG-20250823-WA0197-scaled.jpg 1706w, https:\/\/www.latribunedufaso.net\/wp-content\/uploads\/2025\/08\/IMG-20250823-WA0197-200x300.jpg 200w, https:\/\/www.latribunedufaso.net\/wp-content\/uploads\/2025\/08\/IMG-20250823-WA0197-683x1024.jpg 683w, https:\/\/www.latribunedufaso.net\/wp-content\/uploads\/2025\/08\/IMG-20250823-WA0197-768x1152.jpg 768w, https:\/\/www.latribunedufaso.net\/wp-content\/uploads\/2025\/08\/IMG-20250823-WA0197-1024x1536.jpg 1024w, https:\/\/www.latribunedufaso.net\/wp-content\/uploads\/2025\/08\/IMG-20250823-WA0197-1365x2048.jpg 1365w\" sizes=\"auto, (max-width: 1706px) 100vw, 1706px\" \/><\/a><\/p>\n","protected":false},"excerpt":{"rendered":"<p>La c\u00e9r\u00e9monie de sortie de la premi\u00e8re promotion du Camp vacances Faso M\u00eabo, baptis\u00e9e \u00ab S\u0113mbdo \u00bb, s\u2019est tenue le 23 ao\u00fbt 2025 sur le site du lyc\u00e9e Marien N\u2019GOUABI \u00e0 Ouagadougou.<\/p>\n","protected":false},"author":5,"featured_media":22959,"comment_status":"open","ping_status":"open","sticky":false,"template":"","format":"standard","meta":{"footnotes":""},"categories":[13,1,8],"tags":[1464,39],"class_list":["post-22957","post","type-post","status-publish","format-standard","has-post-thumbnail","hentry","category-une","category-actu","category-societe","tag-camp-vacances-faso-mebo","tag-latribunedufaso-net"],"yoast_head":"<!-- This site is optimized with the Yoast SEO plugin v27.5 - https:\/\/yoast.com\/product\/yoast-seo-wordpress\/ -->\n<title>Camp vacances Faso M\u00eabo : La promotion \u00ab S\u0113mbdo \u00bb promet apporter sa contribution \u00e0 l\u2019\u00e9dification d\u2019une soci\u00e9t\u00e9 exemplaire - La Tribune du Faso<\/title>\n<meta name=\"robots\" content=\"index, follow, max-snippet:-1, max-image-preview:large, max-video-preview:-1\" \/>\n<link rel=\"canonical\" href=\"https:\/\/www.latribunedufaso.net\/?p=22957\" \/>\n<meta property=\"og:locale\" content=\"fr_FR\" \/>\n<meta property=\"og:type\" content=\"article\" \/>\n<meta property=\"og:title\" content=\"Camp vacances Faso M\u00eabo : La promotion \u00ab S\u0113mbdo \u00bb promet apporter sa contribution \u00e0 l\u2019\u00e9dification d\u2019une soci\u00e9t\u00e9 exemplaire - La Tribune du Faso\" \/>\n<meta property=\"og:description\" content=\"La c\u00e9r\u00e9monie de sortie de la premi\u00e8re promotion du Camp vacances Faso M\u00eabo, baptis\u00e9e \u00ab S\u0113mbdo \u00bb, s\u2019est tenue le 23 ao\u00fbt 2025 sur le site du lyc\u00e9e Marien N\u2019GOUABI \u00e0 Ouagadougou.\" \/>\n<meta property=\"og:url\" content=\"https:\/\/www.latribunedufaso.net\/?p=22957\" \/>\n<meta property=\"og:site_name\" content=\"La Tribune du Faso\" \/>\n<meta property=\"article:publisher\" content=\"https:\/\/www.facebook.com\/LatribuneduFaso\/\" \/>\n<meta property=\"article:published_time\" content=\"2025-08-23T18:21:41+00:00\" \/>\n<meta property=\"og:image\" content=\"https:\/\/www.latribunedufaso.net\/wp-content\/uploads\/2025\/08\/IMG-20250823-WA0191-scaled.jpg\" \/>\n\t<meta property=\"og:image:width\" content=\"2560\" \/>\n\t<meta property=\"og:image:height\" content=\"1706\" \/>\n\t<meta property=\"og:image:type\" content=\"image\/jpeg\" \/>\n<meta name=\"author\" content=\"Issouf Tapsoba\" \/>\n<meta name=\"twitter:label1\" content=\"\u00c9crit par\" \/>\n\t<meta name=\"twitter:data1\" content=\"Issouf Tapsoba\" \/>\n\t<meta name=\"twitter:label2\" content=\"Dur\u00e9e de lecture estim\u00e9e\" \/>\n\t<meta name=\"twitter:data2\" content=\"3 minutes\" \/>\n<script type=\"application\/ld+json\" class=\"yoast-schema-graph\">{\"@context\":\"https:\\\/\\\/schema.org\",\"@graph\":[{\"@type\":\"Article\",\"@id\":\"https:\\\/\\\/www.latribunedufaso.net\\\/?p=22957#article\",\"isPartOf\":{\"@id\":\"https:\\\/\\\/www.latribunedufaso.net\\\/?p=22957\"},\"author\":{\"name\":\"Issouf Tapsoba\",\"@id\":\"https:\\\/\\\/www.latribunedufaso.net\\\/#\\\/schema\\\/person\\\/e54e64c5778a7e72cf80a318b7a622b0\"},\"headline\":\"Camp vacances Faso M\u00eabo : La promotion \u00ab S\u0113mbdo \u00bb promet apporter sa contribution \u00e0 l\u2019\u00e9dification d\u2019une soci\u00e9t\u00e9 exemplaire\",\"datePublished\":\"2025-08-23T18:21:41+00:00\",\"mainEntityOfPage\":{\"@id\":\"https:\\\/\\\/www.latribunedufaso.net\\\/?p=22957\"},\"wordCount\":528,\"commentCount\":0,\"publisher\":{\"@id\":\"https:\\\/\\\/www.latribunedufaso.net\\\/#organization\"},\"image\":{\"@id\":\"https:\\\/\\\/www.latribunedufaso.net\\\/?p=22957#primaryimage\"},\"thumbnailUrl\":\"https:\\\/\\\/www.latribunedufaso.net\\\/wp-content\\\/uploads\\\/2025\\\/08\\\/IMG-20250823-WA0191-scaled.jpg\",\"keywords\":[\"Camp vacances Faso M\u00eabo\",\"latribunedufaso.net\"],\"articleSection\":[\"A la une\",\"Actualit\u00e9\",\"Soci\u00e9t\u00e9\"],\"inLanguage\":\"fr-FR\",\"potentialAction\":[{\"@type\":\"CommentAction\",\"name\":\"Comment\",\"target\":[\"https:\\\/\\\/www.latribunedufaso.net\\\/?p=22957#respond\"]}]},{\"@type\":\"WebPage\",\"@id\":\"https:\\\/\\\/www.latribunedufaso.net\\\/?p=22957\",\"url\":\"https:\\\/\\\/www.latribunedufaso.net\\\/?p=22957\",\"name\":\"Camp vacances Faso M\u00eabo : La promotion \u00ab S\u0113mbdo \u00bb promet apporter sa contribution \u00e0 l\u2019\u00e9dification d\u2019une soci\u00e9t\u00e9 exemplaire - La Tribune du Faso\",\"isPartOf\":{\"@id\":\"https:\\\/\\\/www.latribunedufaso.net\\\/#website\"},\"primaryImageOfPage\":{\"@id\":\"https:\\\/\\\/www.latribunedufaso.net\\\/?p=22957#primaryimage\"},\"image\":{\"@id\":\"https:\\\/\\\/www.latribunedufaso.net\\\/?p=22957#primaryimage\"},\"thumbnailUrl\":\"https:\\\/\\\/www.latribunedufaso.net\\\/wp-content\\\/uploads\\\/2025\\\/08\\\/IMG-20250823-WA0191-scaled.jpg\",\"datePublished\":\"2025-08-23T18:21:41+00:00\",\"breadcrumb\":{\"@id\":\"https:\\\/\\\/www.latribunedufaso.net\\\/?p=22957#breadcrumb\"},\"inLanguage\":\"fr-FR\",\"potentialAction\":[{\"@type\":\"ReadAction\",\"target\":[\"https:\\\/\\\/www.latribunedufaso.net\\\/?p=22957\"]}]},{\"@type\":\"ImageObject\",\"inLanguage\":\"fr-FR\",\"@id\":\"https:\\\/\\\/www.latribunedufaso.net\\\/?p=22957#primaryimage\",\"url\":\"https:\\\/\\\/www.latribunedufaso.net\\\/wp-content\\\/uploads\\\/2025\\\/08\\\/IMG-20250823-WA0191-scaled.jpg\",\"contentUrl\":\"https:\\\/\\\/www.latribunedufaso.net\\\/wp-content\\\/uploads\\\/2025\\\/08\\\/IMG-20250823-WA0191-scaled.jpg\",\"width\":2560,\"height\":1706,\"caption\":\"C\u00e9r\u00e9monie de cl\u00f4ture de la premi\u00e8re \u00e9dition du Camp vacances Faso M\u00eabo, 23 ao\u00fbt 2025 \u00e0 Ouagadougou\"},{\"@type\":\"BreadcrumbList\",\"@id\":\"https:\\\/\\\/www.latribunedufaso.net\\\/?p=22957#breadcrumb\",\"itemListElement\":[{\"@type\":\"ListItem\",\"position\":1,\"name\":\"Accueil\",\"item\":\"https:\\\/\\\/www.latribunedufaso.net\\\/\"},{\"@type\":\"ListItem\",\"position\":2,\"name\":\"Camp vacances Faso M\u00eabo : La promotion \u00ab S\u0113mbdo \u00bb promet apporter sa contribution \u00e0 l\u2019\u00e9dification d\u2019une soci\u00e9t\u00e9 exemplaire\"}]},{\"@type\":\"WebSite\",\"@id\":\"https:\\\/\\\/www.latribunedufaso.net\\\/#website\",\"url\":\"https:\\\/\\\/www.latribunedufaso.net\\\/\",\"name\":\"La Tribune du Faso\",\"description\":\"L&#039;information du monde rural en un clic\",\"publisher\":{\"@id\":\"https:\\\/\\\/www.latribunedufaso.net\\\/#organization\"},\"potentialAction\":[{\"@type\":\"SearchAction\",\"target\":{\"@type\":\"EntryPoint\",\"urlTemplate\":\"https:\\\/\\\/www.latribunedufaso.net\\\/?s={search_term_string}\"},\"query-input\":{\"@type\":\"PropertyValueSpecification\",\"valueRequired\":true,\"valueName\":\"search_term_string\"}}],\"inLanguage\":\"fr-FR\"},{\"@type\":\"Organization\",\"@id\":\"https:\\\/\\\/www.latribunedufaso.net\\\/#organization\",\"name\":\"La Tribune du Faso\",\"url\":\"https:\\\/\\\/www.latribunedufaso.net\\\/\",\"logo\":{\"@type\":\"ImageObject\",\"inLanguage\":\"fr-FR\",\"@id\":\"https:\\\/\\\/www.latribunedufaso.net\\\/#\\\/schema\\\/logo\\\/image\\\/\",\"url\":\"https:\\\/\\\/www.latribunedufaso.net\\\/wp-content\\\/uploads\\\/2020\\\/08\\\/Logo-Tribune-du-Faso-final-scaled.jpg\",\"contentUrl\":\"https:\\\/\\\/www.latribunedufaso.net\\\/wp-content\\\/uploads\\\/2020\\\/08\\\/Logo-Tribune-du-Faso-final-scaled.jpg\",\"width\":2560,\"height\":1856,\"caption\":\"La Tribune du Faso\"},\"image\":{\"@id\":\"https:\\\/\\\/www.latribunedufaso.net\\\/#\\\/schema\\\/logo\\\/image\\\/\"},\"sameAs\":[\"https:\\\/\\\/www.facebook.com\\\/LatribuneduFaso\\\/\"]},{\"@type\":\"Person\",\"@id\":\"https:\\\/\\\/www.latribunedufaso.net\\\/#\\\/schema\\\/person\\\/e54e64c5778a7e72cf80a318b7a622b0\",\"name\":\"Issouf Tapsoba\",\"image\":{\"@type\":\"ImageObject\",\"inLanguage\":\"fr-FR\",\"@id\":\"https:\\\/\\\/secure.gravatar.com\\\/avatar\\\/5e6c05150ce3230247d167f5b94d678eb05936197436d69b7921e3a95c9107ac?s=96&d=mm&r=g\",\"url\":\"https:\\\/\\\/secure.gravatar.com\\\/avatar\\\/5e6c05150ce3230247d167f5b94d678eb05936197436d69b7921e3a95c9107ac?s=96&d=mm&r=g\",\"contentUrl\":\"https:\\\/\\\/secure.gravatar.com\\\/avatar\\\/5e6c05150ce3230247d167f5b94d678eb05936197436d69b7921e3a95c9107ac?s=96&d=mm&r=g\",\"caption\":\"Issouf Tapsoba\"},\"url\":\"https:\\\/\\\/www.latribunedufaso.net\\\/?author=5\"}]}<\/script>\n<!-- \/ Yoast SEO plugin. -->","yoast_head_json":{"title":"Camp vacances Faso M\u00eabo : La promotion \u00ab S\u0113mbdo \u00bb promet apporter sa contribution \u00e0 l\u2019\u00e9dification d\u2019une soci\u00e9t\u00e9 exemplaire - La Tribune du Faso","robots":{"index":"index","follow":"follow","max-snippet":"max-snippet:-1","max-image-preview":"max-image-preview:large","max-video-preview":"max-video-preview:-1"},"canonical":"https:\/\/www.latribunedufaso.net\/?p=22957","og_locale":"fr_FR","og_type":"article","og_title":"Camp vacances Faso M\u00eabo : La promotion \u00ab S\u0113mbdo \u00bb promet apporter sa contribution \u00e0 l\u2019\u00e9dification d\u2019une soci\u00e9t\u00e9 exemplaire - La Tribune du Faso","og_description":"La c\u00e9r\u00e9monie de sortie de la premi\u00e8re promotion du Camp vacances Faso M\u00eabo, baptis\u00e9e \u00ab S\u0113mbdo \u00bb, s\u2019est tenue le 23 ao\u00fbt 2025 sur le site du lyc\u00e9e Marien N\u2019GOUABI \u00e0 Ouagadougou.","og_url":"https:\/\/www.latribunedufaso.net\/?p=22957","og_site_name":"La Tribune du Faso","article_publisher":"https:\/\/www.facebook.com\/LatribuneduFaso\/","article_published_time":"2025-08-23T18:21:41+00:00","og_image":[{"width":2560,"height":1706,"url":"https:\/\/www.latribunedufaso.net\/wp-content\/uploads\/2025\/08\/IMG-20250823-WA0191-scaled.jpg","type":"image\/jpeg"}],"author":"Issouf Tapsoba","twitter_misc":{"\u00c9crit par":"Issouf Tapsoba","Dur\u00e9e de lecture estim\u00e9e":"3 minutes"},"schema":{"@context":"https:\/\/schema.org","@graph":[{"@type":"Article","@id":"https:\/\/www.latribunedufaso.net\/?p=22957#article","isPartOf":{"@id":"https:\/\/www.latribunedufaso.net\/?p=22957"},"author":{"name":"Issouf Tapsoba","@id":"https:\/\/www.latribunedufaso.net\/#\/schema\/person\/e54e64c5778a7e72cf80a318b7a622b0"},"headline":"Camp vacances Faso M\u00eabo : La promotion \u00ab S\u0113mbdo \u00bb promet apporter sa contribution \u00e0 l\u2019\u00e9dification d\u2019une soci\u00e9t\u00e9 exemplaire","datePublished":"2025-08-23T18:21:41+00:00","mainEntityOfPage":{"@id":"https:\/\/www.latribunedufaso.net\/?p=22957"},"wordCount":528,"commentCount":0,"publisher":{"@id":"https:\/\/www.latribunedufaso.net\/#organization"},"image":{"@id":"https:\/\/www.latribunedufaso.net\/?p=22957#primaryimage"},"thumbnailUrl":"https:\/\/www.latribunedufaso.net\/wp-content\/uploads\/2025\/08\/IMG-20250823-WA0191-scaled.jpg","keywords":["Camp vacances Faso M\u00eabo","latribunedufaso.net"],"articleSection":["A la une","Actualit\u00e9","Soci\u00e9t\u00e9"],"inLanguage":"fr-FR","potentialAction":[{"@type":"CommentAction","name":"Comment","target":["https:\/\/www.latribunedufaso.net\/?p=22957#respond"]}]},{"@type":"WebPage","@id":"https:\/\/www.latribunedufaso.net\/?p=22957","url":"https:\/\/www.latribunedufaso.net\/?p=22957","name":"Camp vacances Faso M\u00eabo : La promotion \u00ab S\u0113mbdo \u00bb promet apporter sa contribution \u00e0 l\u2019\u00e9dification d\u2019une soci\u00e9t\u00e9 exemplaire - La Tribune du Faso","isPartOf":{"@id":"https:\/\/www.latribunedufaso.net\/#website"},"primaryImageOfPage":{"@id":"https:\/\/www.latribunedufaso.net\/?p=22957#primaryimage"},"image":{"@id":"https:\/\/www.latribunedufaso.net\/?p=22957#primaryimage"},"thumbnailUrl":"https:\/\/www.latribunedufaso.net\/wp-content\/uploads\/2025\/08\/IMG-20250823-WA0191-scaled.jpg","datePublished":"2025-08-23T18:21:41+00:00","breadcrumb":{"@id":"https:\/\/www.latribunedufaso.net\/?p=22957#breadcrumb"},"inLanguage":"fr-FR","potentialAction":[{"@type":"ReadAction","target":["https:\/\/www.latribunedufaso.net\/?p=22957"]}]},{"@type":"ImageObject","inLanguage":"fr-FR","@id":"https:\/\/www.latribunedufaso.net\/?p=22957#primaryimage","url":"https:\/\/www.latribunedufaso.net\/wp-content\/uploads\/2025\/08\/IMG-20250823-WA0191-scaled.jpg","contentUrl":"https:\/\/www.latribunedufaso.net\/wp-content\/uploads\/2025\/08\/IMG-20250823-WA0191-scaled.jpg","width":2560,"height":1706,"caption":"C\u00e9r\u00e9monie de cl\u00f4ture de la premi\u00e8re \u00e9dition du Camp vacances Faso M\u00eabo, 23 ao\u00fbt 2025 \u00e0 Ouagadougou"},{"@type":"BreadcrumbList","@id":"https:\/\/www.latribunedufaso.net\/?p=22957#breadcrumb","itemListElement":[{"@type":"ListItem","position":1,"name":"Accueil","item":"https:\/\/www.latribunedufaso.net\/"},{"@type":"ListItem","position":2,"name":"Camp vacances Faso M\u00eabo : La promotion \u00ab S\u0113mbdo \u00bb promet apporter sa contribution \u00e0 l\u2019\u00e9dification d\u2019une soci\u00e9t\u00e9 exemplaire"}]},{"@type":"WebSite","@id":"https:\/\/www.latribunedufaso.net\/#website","url":"https:\/\/www.latribunedufaso.net\/","name":"La Tribune du Faso","description":"L&#039;information du monde rural en un clic","publisher":{"@id":"https:\/\/www.latribunedufaso.net\/#organization"},"potentialAction":[{"@type":"SearchAction","target":{"@type":"EntryPoint","urlTemplate":"https:\/\/www.latribunedufaso.net\/?s={search_term_string}"},"query-input":{"@type":"PropertyValueSpecification","valueRequired":true,"valueName":"search_term_string"}}],"inLanguage":"fr-FR"},{"@type":"Organization","@id":"https:\/\/www.latribunedufaso.net\/#organization","name":"La Tribune du Faso","url":"https:\/\/www.latribunedufaso.net\/","logo":{"@type":"ImageObject","inLanguage":"fr-FR","@id":"https:\/\/www.latribunedufaso.net\/#\/schema\/logo\/image\/","url":"https:\/\/www.latribunedufaso.net\/wp-content\/uploads\/2020\/08\/Logo-Tribune-du-Faso-final-scaled.jpg","contentUrl":"https:\/\/www.latribunedufaso.net\/wp-content\/uploads\/2020\/08\/Logo-Tribune-du-Faso-final-scaled.jpg","width":2560,"height":1856,"caption":"La Tribune du Faso"},"image":{"@id":"https:\/\/www.latribunedufaso.net\/#\/schema\/logo\/image\/"},"sameAs":["https:\/\/www.facebook.com\/LatribuneduFaso\/"]},{"@type":"Person","@id":"https:\/\/www.latribunedufaso.net\/#\/schema\/person\/e54e64c5778a7e72cf80a318b7a622b0","name":"Issouf Tapsoba","image":{"@type":"ImageObject","inLanguage":"fr-FR","@id":"https:\/\/secure.gravatar.com\/avatar\/5e6c05150ce3230247d167f5b94d678eb05936197436d69b7921e3a95c9107ac?s=96&d=mm&r=g","url":"https:\/\/secure.gravatar.com\/avatar\/5e6c05150ce3230247d167f5b94d678eb05936197436d69b7921e3a95c9107ac?s=96&d=mm&r=g","contentUrl":"https:\/\/secure.gravatar.com\/avatar\/5e6c05150ce3230247d167f5b94d678eb05936197436d69b7921e3a95c9107ac?s=96&d=mm&r=g","caption":"Issouf Tapsoba"},"url":"https:\/\/www.latribunedufaso.net\/?author=5"}]}},"_links":{"self":[{"href":"https:\/\/www.latribunedufaso.net\/index.php?rest_route=\/wp\/v2\/posts\/22957","targetHints":{"allow":["GET"]}}],"collection":[{"href":"https:\/\/www.latribunedufaso.net\/index.php?rest_route=\/wp\/v2\/posts"}],"about":[{"href":"https:\/\/www.latribunedufaso.net\/index.php?rest_route=\/wp\/v2\/types\/post"}],"author":[{"embeddable":true,"href":"https:\/\/www.latribunedufaso.net\/index.php?rest_route=\/wp\/v2\/users\/5"}],"replies":[{"embeddable":true,"href":"https:\/\/www.latribunedufaso.net\/index.php?rest_route=%2Fwp%2Fv2%2Fcomments&post=22957"}],"version-history":[{"count":2,"href":"https:\/\/www.latribunedufaso.net\/index.php?rest_route=\/wp\/v2\/posts\/22957\/revisions"}],"predecessor-version":[{"id":22964,"href":"https:\/\/www.latribunedufaso.net\/index.php?rest_route=\/wp\/v2\/posts\/22957\/revisions\/22964"}],"wp:featuredmedia":[{"embeddable":true,"href":"https:\/\/www.latribunedufaso.net\/index.php?rest_route=\/wp\/v2\/media\/22959"}],"wp:attachment":[{"href":"https:\/\/www.latribunedufaso.net\/index.php?rest_route=%2Fwp%2Fv2%2Fmedia&parent=22957"}],"wp:term":[{"taxonomy":"category","embeddable":true,"href":"https:\/\/www.latribunedufaso.net\/index.php?rest_route=%2Fwp%2Fv2%2Fcategories&post=22957"},{"taxonomy":"post_tag","embeddable":true,"href":"https:\/\/www.latribunedufaso.net\/index.php?rest_route=%2Fwp%2Fv2%2Ftags&post=22957"}],"curies":[{"name":"wp","href":"https:\/\/api.w.org\/{rel}","templated":true}]}}