{"id":22939,"date":"2025-08-23T15:08:22","date_gmt":"2025-08-23T15:08:22","guid":{"rendered":"https:\/\/www.latribunedufaso.net\/?p=22939"},"modified":"2025-08-23T15:08:22","modified_gmt":"2025-08-23T15:08:22","slug":"financement-et-viabilite-des-medias-la-drccat-du-kadiogo-en-concertation-avec-les-acteurs","status":"publish","type":"post","link":"https:\/\/www.latribunedufaso.net\/?p=22939","title":{"rendered":"Financement et viabilit\u00e9 des m\u00e9dias : La DRCCAT du Kadiogo en concertation avec les acteurs"},"content":{"rendered":"<p><strong>La Direction r\u00e9gionale de la communication, de la culture, des arts et du tourisme (DRCCAT) du Kadiogo a organis\u00e9, le 22 ao\u00fbt 2025 \u00e0 Ouagadougou, un cadre de concertation avec des responsables de m\u00e9dias. L\u2019objectif \u00e9tait d\u2019\u00e9changer sur les opportunit\u00e9s offertes par les nouveaux produits du Fonds d\u2019appui \u00e0 la presse priv\u00e9e (FAPP) pour am\u00e9liorer la performance et la viabilit\u00e9 \u00e9conomique des entreprises m\u00e9diatiques.<\/strong><!--more--><\/p>\n<p>Deux communications ont marqu\u00e9 les travaux. Il s&rsquo;agit de, <em><strong>\u00ab Les produits du FAPP : un appui pour des entreprises plus performantes \u00bb<\/strong><\/em>, anim\u00e9e par le Directeur des affaires juridiques et du contentieux au FAPP, Sibid\u00e9 Geoffroy L\u00e9man, et <em><strong>\u00ab Le devoir d\u2019information et la rentabilit\u00e9 financi\u00e8re des m\u00e9dias \u00bb<\/strong><\/em>, pr\u00e9sent\u00e9e par le Directeur de r\u00e9daction des \u00c9ditions Sidwaya, Jean Marie To\u00e9.<\/p>\n<figure id=\"attachment_22942\" aria-describedby=\"caption-attachment-22942\" style=\"width: 2560px\" class=\"wp-caption aligncenter\"><a href=\"https:\/\/www.latribunedufaso.net\/wp-content\/uploads\/2025\/08\/IMG-20250823-WA0090.jpg\"><img loading=\"lazy\" decoding=\"async\" class=\"size-full wp-image-22942\" src=\"https:\/\/www.latribunedufaso.net\/wp-content\/uploads\/2025\/08\/IMG-20250823-WA0090.jpg\" alt=\"La DRCCAT du Kadiogo a organis\u00e9 un cadre de concertation avec les responsables des m\u00e9dias sur la viabilit\u00e9 \u00e9conomique des m\u00e9dias, 22 ao\u00fbt 2025\" width=\"2560\" height=\"1920\" srcset=\"https:\/\/www.latribunedufaso.net\/wp-content\/uploads\/2025\/08\/IMG-20250823-WA0090.jpg 2560w, https:\/\/www.latribunedufaso.net\/wp-content\/uploads\/2025\/08\/IMG-20250823-WA0090-300x225.jpg 300w, https:\/\/www.latribunedufaso.net\/wp-content\/uploads\/2025\/08\/IMG-20250823-WA0090-1024x768.jpg 1024w, https:\/\/www.latribunedufaso.net\/wp-content\/uploads\/2025\/08\/IMG-20250823-WA0090-768x576.jpg 768w, https:\/\/www.latribunedufaso.net\/wp-content\/uploads\/2025\/08\/IMG-20250823-WA0090-1536x1152.jpg 1536w, https:\/\/www.latribunedufaso.net\/wp-content\/uploads\/2025\/08\/IMG-20250823-WA0090-2048x1536.jpg 2048w\" sizes=\"auto, (max-width: 2560px) 100vw, 2560px\" \/><\/a><figcaption id=\"caption-attachment-22942\" class=\"wp-caption-text\">Les responsables des m\u00e9dias ont particip\u00e9 \u00e0 la concertation sur ma viabilit\u00e9 \u00e9conomique des m\u00e9dias &#8211; Ph. A. Kiendrebeogo<\/figcaption><\/figure>\n<h3>Les pistes propos\u00e9es aux m\u00e9dias<\/h3>\n<p>Jean Marie To\u00e9 a invit\u00e9 les organes de presse \u00e0 repenser leur mod\u00e8le \u00e9conomique afin d\u2019assurer leur rentabilit\u00e9. Selon lui, \u00ab<em><strong> un m\u00e9dia est avant tout une entreprise particuli\u00e8re \u00bb<\/strong><\/em> et son financement d\u00e9pend largement de la qualit\u00e9 de sa gestion. Pour ce faire, il recommande aux m\u00e9dias de produire un contenu \u00e9ditorial <em><strong>\u00ab vendable \u00bb<\/strong><\/em> et attractif, d\u2019int\u00e9grer les TIC dans leur fonctionnement, surtout pour les m\u00e9dias classiques.<\/p>\n<figure id=\"attachment_22940\" aria-describedby=\"caption-attachment-22940\" style=\"width: 936px\" class=\"wp-caption aligncenter\"><a href=\"https:\/\/www.latribunedufaso.net\/wp-content\/uploads\/2025\/08\/IMG-20250823-WA0082.jpg\"><img loading=\"lazy\" decoding=\"async\" class=\"size-full wp-image-22940\" src=\"https:\/\/www.latribunedufaso.net\/wp-content\/uploads\/2025\/08\/IMG-20250823-WA0082.jpg\" alt=\"La DRCCAT du Kadiogo a organis\u00e9 un cadre de concertation avec les responsables des m\u00e9dias sur la viabilit\u00e9 \u00e9conomique des m\u00e9dias, 22 ao\u00fbt 2025\" width=\"936\" height=\"603\" srcset=\"https:\/\/www.latribunedufaso.net\/wp-content\/uploads\/2025\/08\/IMG-20250823-WA0082.jpg 936w, https:\/\/www.latribunedufaso.net\/wp-content\/uploads\/2025\/08\/IMG-20250823-WA0082-300x193.jpg 300w, https:\/\/www.latribunedufaso.net\/wp-content\/uploads\/2025\/08\/IMG-20250823-WA0082-768x495.jpg 768w\" sizes=\"auto, (max-width: 936px) 100vw, 936px\" \/><\/a><figcaption id=\"caption-attachment-22940\" class=\"wp-caption-text\">Le Directeur de r\u00e9daction des \u00c9ditions Sidwaya, Jean Marie To\u00e9 &#8211; Ph. A. Kiendrebeogo<\/figcaption><\/figure>\n<p>Il recommande aux m\u00e9dias de se regrouper en groupes de presse pour mutualiser les ressources, de se structurer avec un service commercial et marketing formel, charg\u00e9 d\u2019accro\u00eetre le chiffre d\u2019affaires, de prospecter de nouveaux clients, de fid\u00e9liser la client\u00e8le et de n\u00e9gocier des contrats . Il leur recommande \u00e9galement de plaider pour un all\u00e8gement fiscal, au regard de leur mission de service public.<\/p>\n<figure id=\"attachment_22944\" aria-describedby=\"caption-attachment-22944\" style=\"width: 1080px\" class=\"wp-caption aligncenter\"><a href=\"https:\/\/www.latribunedufaso.net\/wp-content\/uploads\/2025\/08\/IMG-20250823-WA0085.jpg\"><img loading=\"lazy\" decoding=\"async\" class=\"size-full wp-image-22944\" src=\"https:\/\/www.latribunedufaso.net\/wp-content\/uploads\/2025\/08\/IMG-20250823-WA0085.jpg\" alt=\"La DRCCAT du Kadiogo a organis\u00e9 un cadre de concertation avec les responsables des m\u00e9dias sur la viabilit\u00e9 \u00e9conomique des m\u00e9dias, 22 ao\u00fbt 2025\" width=\"1080\" height=\"485\" srcset=\"https:\/\/www.latribunedufaso.net\/wp-content\/uploads\/2025\/08\/IMG-20250823-WA0085.jpg 1080w, https:\/\/www.latribunedufaso.net\/wp-content\/uploads\/2025\/08\/IMG-20250823-WA0085-300x135.jpg 300w, https:\/\/www.latribunedufaso.net\/wp-content\/uploads\/2025\/08\/IMG-20250823-WA0085-1024x460.jpg 1024w, https:\/\/www.latribunedufaso.net\/wp-content\/uploads\/2025\/08\/IMG-20250823-WA0085-768x345.jpg 768w\" sizes=\"auto, (max-width: 1080px) 100vw, 1080px\" \/><\/a><figcaption id=\"caption-attachment-22944\" class=\"wp-caption-text\">Photo de famille des participants &#8211; Ph. A. Kiendrebeogo<\/figcaption><\/figure>\n<h3>\u00catre comp\u00e9titif pour acc\u00e9der aux financements<\/h3>\n<p>Pour sa part, Sibid\u00e9 Geoffroy L\u00e9man a livr\u00e9 quelques conseils pratiques afin de permettre aux m\u00e9dias d\u2019\u00eatre \u00e9ligibles et comp\u00e9titifs pour les financements du FAPP et d\u2019autres organismes. Il a sugg\u00e9r\u00e9 aux participants de mettre \u00e0 jour leurs documents administratifs et juridiques (r\u00e9c\u00e9piss\u00e9, agr\u00e9ment, bilan financier, etc.), de renforcer les capacit\u00e9s du personnel en montage de projets et gestion financi\u00e8re, de nouer des partenariats avec des ONG ou m\u00e9dias internationaux, entre autres.\u00a0<\/p>\n<figure id=\"attachment_22941\" aria-describedby=\"caption-attachment-22941\" style=\"width: 838px\" class=\"wp-caption aligncenter\"><a href=\"https:\/\/www.latribunedufaso.net\/wp-content\/uploads\/2025\/08\/IMG-20250823-WA0081.jpg\"><img loading=\"lazy\" decoding=\"async\" class=\"size-full wp-image-22941\" src=\"https:\/\/www.latribunedufaso.net\/wp-content\/uploads\/2025\/08\/IMG-20250823-WA0081.jpg\" alt=\"La DRCCAT du Kadiogo a organis\u00e9 un cadre de concertation avec les responsables des m\u00e9dias sur la viabilit\u00e9 \u00e9conomique des m\u00e9dias, 22 ao\u00fbt 2025\" width=\"838\" height=\"592\" srcset=\"https:\/\/www.latribunedufaso.net\/wp-content\/uploads\/2025\/08\/IMG-20250823-WA0081.jpg 838w, https:\/\/www.latribunedufaso.net\/wp-content\/uploads\/2025\/08\/IMG-20250823-WA0081-300x212.jpg 300w, https:\/\/www.latribunedufaso.net\/wp-content\/uploads\/2025\/08\/IMG-20250823-WA0081-768x543.jpg 768w, https:\/\/www.latribunedufaso.net\/wp-content\/uploads\/2025\/08\/IMG-20250823-WA0081-90x65.jpg 90w\" sizes=\"auto, (max-width: 838px) 100vw, 838px\" \/><\/a><figcaption id=\"caption-attachment-22941\" class=\"wp-caption-text\">Le Directeur provincial de la communication, de la culture, des arts et du tourisme du Kadiogo, Barth\u00e9l\u00e9my Kabor\u00e9 &#8211; Ph. A. Kiendrebeogo<\/figcaption><\/figure>\n<p>Il faut noter que les travaux ont \u00e9t\u00e9 conduits par le Directeur provincial et la Directrice r\u00e9gionale de la communication, de la culture, des arts et du tourisme du Kadiogo, respectivement Barth\u00e9l\u00e9my Kabor\u00e9 et No\u00eblle Octavie Neya\/Ou\u00e9draogo. Le Directeur provincial s\u2019est dit satisfait de l\u2019initiative. <em><strong>\u00ab Parmi les id\u00e9es, on peut toujours en profiter \u00bb,<\/strong><\/em> a-t-il d\u00e9clar\u00e9, tout en r\u00e9affirmant la disponibilit\u00e9 de la DRCCAT \u00e0 accompagner les m\u00e9dias dans leur mission d\u2019information.<\/p>\n<p><strong>Rosana Astride KIENDREBEOGO\u00a0<\/strong><\/p>\n<p><strong>Latribunedufaso.net<\/strong><\/p>\n<p>Lire aussi &gt;&gt; <a href=\"https:\/\/www.latribunedufaso.net\/?p=20348\">Adoption de l\u2019IA dans le journalisme : La Direction r\u00e9gionale de la communication du Centre renforce les capacit\u00e9s d\u2019une trentaine de journalistes\u00a0<\/a><\/p>\n","protected":false},"excerpt":{"rendered":"<p>La Direction r\u00e9gionale de la communication, de la culture, des arts et du tourisme (DRCCAT) du Kadiogo a organis\u00e9, le 22 ao\u00fbt 2025 \u00e0 Ouagadougou, un cadre de concertation avec des responsables de m\u00e9dias. L\u2019objectif \u00e9tait d\u2019\u00e9changer sur les opportunit\u00e9s offertes par les nouveaux produits du Fonds d\u2019appui \u00e0 la presse priv\u00e9e (FAPP) pour am\u00e9liorer la performance et la viabilit\u00e9 \u00e9conomique des entreprises m\u00e9diatiques.<\/p>\n","protected":false},"author":5,"featured_media":22943,"comment_status":"open","ping_status":"open","sticky":false,"template":"","format":"standard","meta":{"footnotes":""},"categories":[13,1,8],"tags":[860,117,39,84],"class_list":["post-22939","post","type-post","status-publish","format-standard","has-post-thumbnail","hentry","category-une","category-actu","category-societe","tag-economie-des-medias","tag-fapp","tag-latribunedufaso-net","tag-medias"],"yoast_head":"<!-- This site is optimized with the Yoast SEO plugin v27.5 - https:\/\/yoast.com\/product\/yoast-seo-wordpress\/ -->\n<title>Financement et viabilit\u00e9 des m\u00e9dias : La DRCCAT du Kadiogo en concertation avec les acteurs - La Tribune du Faso<\/title>\n<meta name=\"robots\" content=\"index, follow, max-snippet:-1, max-image-preview:large, max-video-preview:-1\" \/>\n<link rel=\"canonical\" href=\"https:\/\/www.latribunedufaso.net\/?p=22939\" \/>\n<meta property=\"og:locale\" content=\"fr_FR\" \/>\n<meta property=\"og:type\" content=\"article\" \/>\n<meta property=\"og:title\" content=\"Financement et viabilit\u00e9 des m\u00e9dias : La DRCCAT du Kadiogo en concertation avec les acteurs - La Tribune du Faso\" \/>\n<meta property=\"og:description\" content=\"La Direction r\u00e9gionale de la communication, de la culture, des arts et du tourisme (DRCCAT) du Kadiogo a organis\u00e9, le 22 ao\u00fbt 2025 \u00e0 Ouagadougou, un cadre de concertation avec des responsables de m\u00e9dias. L\u2019objectif \u00e9tait d\u2019\u00e9changer sur les opportunit\u00e9s offertes par les nouveaux produits du Fonds d\u2019appui \u00e0 la presse priv\u00e9e (FAPP) pour am\u00e9liorer la performance et la viabilit\u00e9 \u00e9conomique des entreprises m\u00e9diatiques.\" \/>\n<meta property=\"og:url\" content=\"https:\/\/www.latribunedufaso.net\/?p=22939\" \/>\n<meta property=\"og:site_name\" content=\"La Tribune du Faso\" \/>\n<meta property=\"article:publisher\" content=\"https:\/\/www.facebook.com\/LatribuneduFaso\/\" \/>\n<meta property=\"article:published_time\" content=\"2025-08-23T15:08:22+00:00\" \/>\n<meta property=\"og:image\" content=\"https:\/\/www.latribunedufaso.net\/wp-content\/uploads\/2025\/08\/IMG-20250823-WA0086.jpg\" \/>\n\t<meta property=\"og:image:width\" content=\"1020\" \/>\n\t<meta property=\"og:image:height\" content=\"459\" \/>\n\t<meta property=\"og:image:type\" content=\"image\/jpeg\" \/>\n<meta name=\"author\" content=\"Issouf Tapsoba\" \/>\n<meta name=\"twitter:label1\" content=\"\u00c9crit par\" \/>\n\t<meta name=\"twitter:data1\" content=\"Issouf Tapsoba\" \/>\n\t<meta name=\"twitter:label2\" content=\"Dur\u00e9e de lecture estim\u00e9e\" \/>\n\t<meta name=\"twitter:data2\" content=\"3 minutes\" \/>\n<script type=\"application\/ld+json\" class=\"yoast-schema-graph\">{\"@context\":\"https:\\\/\\\/schema.org\",\"@graph\":[{\"@type\":\"Article\",\"@id\":\"https:\\\/\\\/www.latribunedufaso.net\\\/?p=22939#article\",\"isPartOf\":{\"@id\":\"https:\\\/\\\/www.latribunedufaso.net\\\/?p=22939\"},\"author\":{\"name\":\"Issouf Tapsoba\",\"@id\":\"https:\\\/\\\/www.latribunedufaso.net\\\/#\\\/schema\\\/person\\\/e54e64c5778a7e72cf80a318b7a622b0\"},\"headline\":\"Financement et viabilit\u00e9 des m\u00e9dias : La DRCCAT du Kadiogo en concertation avec les acteurs\",\"datePublished\":\"2025-08-23T15:08:22+00:00\",\"mainEntityOfPage\":{\"@id\":\"https:\\\/\\\/www.latribunedufaso.net\\\/?p=22939\"},\"wordCount\":605,\"commentCount\":0,\"publisher\":{\"@id\":\"https:\\\/\\\/www.latribunedufaso.net\\\/#organization\"},\"image\":{\"@id\":\"https:\\\/\\\/www.latribunedufaso.net\\\/?p=22939#primaryimage\"},\"thumbnailUrl\":\"https:\\\/\\\/www.latribunedufaso.net\\\/wp-content\\\/uploads\\\/2025\\\/08\\\/IMG-20250823-WA0086.jpg\",\"keywords\":[\"\u00c9conomie des m\u00e9dias\",\"FAPP\",\"latribunedufaso.net\",\"m\u00e9dias\"],\"articleSection\":[\"A la une\",\"Actualit\u00e9\",\"Soci\u00e9t\u00e9\"],\"inLanguage\":\"fr-FR\",\"potentialAction\":[{\"@type\":\"CommentAction\",\"name\":\"Comment\",\"target\":[\"https:\\\/\\\/www.latribunedufaso.net\\\/?p=22939#respond\"]}]},{\"@type\":\"WebPage\",\"@id\":\"https:\\\/\\\/www.latribunedufaso.net\\\/?p=22939\",\"url\":\"https:\\\/\\\/www.latribunedufaso.net\\\/?p=22939\",\"name\":\"Financement et viabilit\u00e9 des m\u00e9dias : La DRCCAT du Kadiogo en concertation avec les acteurs - La Tribune du Faso\",\"isPartOf\":{\"@id\":\"https:\\\/\\\/www.latribunedufaso.net\\\/#website\"},\"primaryImageOfPage\":{\"@id\":\"https:\\\/\\\/www.latribunedufaso.net\\\/?p=22939#primaryimage\"},\"image\":{\"@id\":\"https:\\\/\\\/www.latribunedufaso.net\\\/?p=22939#primaryimage\"},\"thumbnailUrl\":\"https:\\\/\\\/www.latribunedufaso.net\\\/wp-content\\\/uploads\\\/2025\\\/08\\\/IMG-20250823-WA0086.jpg\",\"datePublished\":\"2025-08-23T15:08:22+00:00\",\"breadcrumb\":{\"@id\":\"https:\\\/\\\/www.latribunedufaso.net\\\/?p=22939#breadcrumb\"},\"inLanguage\":\"fr-FR\",\"potentialAction\":[{\"@type\":\"ReadAction\",\"target\":[\"https:\\\/\\\/www.latribunedufaso.net\\\/?p=22939\"]}]},{\"@type\":\"ImageObject\",\"inLanguage\":\"fr-FR\",\"@id\":\"https:\\\/\\\/www.latribunedufaso.net\\\/?p=22939#primaryimage\",\"url\":\"https:\\\/\\\/www.latribunedufaso.net\\\/wp-content\\\/uploads\\\/2025\\\/08\\\/IMG-20250823-WA0086.jpg\",\"contentUrl\":\"https:\\\/\\\/www.latribunedufaso.net\\\/wp-content\\\/uploads\\\/2025\\\/08\\\/IMG-20250823-WA0086.jpg\",\"width\":1020,\"height\":459,\"caption\":\"La DRCCAT du Kadiogo a organis\u00e9 un cadre de concertation avec les responsables des m\u00e9dias sur la viabilit\u00e9 \u00e9conomique des m\u00e9dias, 22 ao\u00fbt 2025\"},{\"@type\":\"BreadcrumbList\",\"@id\":\"https:\\\/\\\/www.latribunedufaso.net\\\/?p=22939#breadcrumb\",\"itemListElement\":[{\"@type\":\"ListItem\",\"position\":1,\"name\":\"Accueil\",\"item\":\"https:\\\/\\\/www.latribunedufaso.net\\\/\"},{\"@type\":\"ListItem\",\"position\":2,\"name\":\"Financement et viabilit\u00e9 des m\u00e9dias : La DRCCAT du Kadiogo en concertation avec les acteurs\"}]},{\"@type\":\"WebSite\",\"@id\":\"https:\\\/\\\/www.latribunedufaso.net\\\/#website\",\"url\":\"https:\\\/\\\/www.latribunedufaso.net\\\/\",\"name\":\"La Tribune du Faso\",\"description\":\"L&#039;information du monde rural en un clic\",\"publisher\":{\"@id\":\"https:\\\/\\\/www.latribunedufaso.net\\\/#organization\"},\"potentialAction\":[{\"@type\":\"SearchAction\",\"target\":{\"@type\":\"EntryPoint\",\"urlTemplate\":\"https:\\\/\\\/www.latribunedufaso.net\\\/?s={search_term_string}\"},\"query-input\":{\"@type\":\"PropertyValueSpecification\",\"valueRequired\":true,\"valueName\":\"search_term_string\"}}],\"inLanguage\":\"fr-FR\"},{\"@type\":\"Organization\",\"@id\":\"https:\\\/\\\/www.latribunedufaso.net\\\/#organization\",\"name\":\"La Tribune du Faso\",\"url\":\"https:\\\/\\\/www.latribunedufaso.net\\\/\",\"logo\":{\"@type\":\"ImageObject\",\"inLanguage\":\"fr-FR\",\"@id\":\"https:\\\/\\\/www.latribunedufaso.net\\\/#\\\/schema\\\/logo\\\/image\\\/\",\"url\":\"https:\\\/\\\/www.latribunedufaso.net\\\/wp-content\\\/uploads\\\/2020\\\/08\\\/Logo-Tribune-du-Faso-final-scaled.jpg\",\"contentUrl\":\"https:\\\/\\\/www.latribunedufaso.net\\\/wp-content\\\/uploads\\\/2020\\\/08\\\/Logo-Tribune-du-Faso-final-scaled.jpg\",\"width\":2560,\"height\":1856,\"caption\":\"La Tribune du Faso\"},\"image\":{\"@id\":\"https:\\\/\\\/www.latribunedufaso.net\\\/#\\\/schema\\\/logo\\\/image\\\/\"},\"sameAs\":[\"https:\\\/\\\/www.facebook.com\\\/LatribuneduFaso\\\/\"]},{\"@type\":\"Person\",\"@id\":\"https:\\\/\\\/www.latribunedufaso.net\\\/#\\\/schema\\\/person\\\/e54e64c5778a7e72cf80a318b7a622b0\",\"name\":\"Issouf Tapsoba\",\"image\":{\"@type\":\"ImageObject\",\"inLanguage\":\"fr-FR\",\"@id\":\"https:\\\/\\\/secure.gravatar.com\\\/avatar\\\/5e6c05150ce3230247d167f5b94d678eb05936197436d69b7921e3a95c9107ac?s=96&d=mm&r=g\",\"url\":\"https:\\\/\\\/secure.gravatar.com\\\/avatar\\\/5e6c05150ce3230247d167f5b94d678eb05936197436d69b7921e3a95c9107ac?s=96&d=mm&r=g\",\"contentUrl\":\"https:\\\/\\\/secure.gravatar.com\\\/avatar\\\/5e6c05150ce3230247d167f5b94d678eb05936197436d69b7921e3a95c9107ac?s=96&d=mm&r=g\",\"caption\":\"Issouf Tapsoba\"},\"url\":\"https:\\\/\\\/www.latribunedufaso.net\\\/?author=5\"}]}<\/script>\n<!-- \/ Yoast SEO plugin. -->","yoast_head_json":{"title":"Financement et viabilit\u00e9 des m\u00e9dias : La DRCCAT du Kadiogo en concertation avec les acteurs - La Tribune du Faso","robots":{"index":"index","follow":"follow","max-snippet":"max-snippet:-1","max-image-preview":"max-image-preview:large","max-video-preview":"max-video-preview:-1"},"canonical":"https:\/\/www.latribunedufaso.net\/?p=22939","og_locale":"fr_FR","og_type":"article","og_title":"Financement et viabilit\u00e9 des m\u00e9dias : La DRCCAT du Kadiogo en concertation avec les acteurs - La Tribune du Faso","og_description":"La Direction r\u00e9gionale de la communication, de la culture, des arts et du tourisme (DRCCAT) du Kadiogo a organis\u00e9, le 22 ao\u00fbt 2025 \u00e0 Ouagadougou, un cadre de concertation avec des responsables de m\u00e9dias. L\u2019objectif \u00e9tait d\u2019\u00e9changer sur les opportunit\u00e9s offertes par les nouveaux produits du Fonds d\u2019appui \u00e0 la presse priv\u00e9e (FAPP) pour am\u00e9liorer la performance et la viabilit\u00e9 \u00e9conomique des entreprises m\u00e9diatiques.","og_url":"https:\/\/www.latribunedufaso.net\/?p=22939","og_site_name":"La Tribune du Faso","article_publisher":"https:\/\/www.facebook.com\/LatribuneduFaso\/","article_published_time":"2025-08-23T15:08:22+00:00","og_image":[{"width":1020,"height":459,"url":"https:\/\/www.latribunedufaso.net\/wp-content\/uploads\/2025\/08\/IMG-20250823-WA0086.jpg","type":"image\/jpeg"}],"author":"Issouf Tapsoba","twitter_misc":{"\u00c9crit par":"Issouf Tapsoba","Dur\u00e9e de lecture estim\u00e9e":"3 minutes"},"schema":{"@context":"https:\/\/schema.org","@graph":[{"@type":"Article","@id":"https:\/\/www.latribunedufaso.net\/?p=22939#article","isPartOf":{"@id":"https:\/\/www.latribunedufaso.net\/?p=22939"},"author":{"name":"Issouf Tapsoba","@id":"https:\/\/www.latribunedufaso.net\/#\/schema\/person\/e54e64c5778a7e72cf80a318b7a622b0"},"headline":"Financement et viabilit\u00e9 des m\u00e9dias : La DRCCAT du Kadiogo en concertation avec les acteurs","datePublished":"2025-08-23T15:08:22+00:00","mainEntityOfPage":{"@id":"https:\/\/www.latribunedufaso.net\/?p=22939"},"wordCount":605,"commentCount":0,"publisher":{"@id":"https:\/\/www.latribunedufaso.net\/#organization"},"image":{"@id":"https:\/\/www.latribunedufaso.net\/?p=22939#primaryimage"},"thumbnailUrl":"https:\/\/www.latribunedufaso.net\/wp-content\/uploads\/2025\/08\/IMG-20250823-WA0086.jpg","keywords":["\u00c9conomie des m\u00e9dias","FAPP","latribunedufaso.net","m\u00e9dias"],"articleSection":["A la une","Actualit\u00e9","Soci\u00e9t\u00e9"],"inLanguage":"fr-FR","potentialAction":[{"@type":"CommentAction","name":"Comment","target":["https:\/\/www.latribunedufaso.net\/?p=22939#respond"]}]},{"@type":"WebPage","@id":"https:\/\/www.latribunedufaso.net\/?p=22939","url":"https:\/\/www.latribunedufaso.net\/?p=22939","name":"Financement et viabilit\u00e9 des m\u00e9dias : La DRCCAT du Kadiogo en concertation avec les acteurs - La Tribune du Faso","isPartOf":{"@id":"https:\/\/www.latribunedufaso.net\/#website"},"primaryImageOfPage":{"@id":"https:\/\/www.latribunedufaso.net\/?p=22939#primaryimage"},"image":{"@id":"https:\/\/www.latribunedufaso.net\/?p=22939#primaryimage"},"thumbnailUrl":"https:\/\/www.latribunedufaso.net\/wp-content\/uploads\/2025\/08\/IMG-20250823-WA0086.jpg","datePublished":"2025-08-23T15:08:22+00:00","breadcrumb":{"@id":"https:\/\/www.latribunedufaso.net\/?p=22939#breadcrumb"},"inLanguage":"fr-FR","potentialAction":[{"@type":"ReadAction","target":["https:\/\/www.latribunedufaso.net\/?p=22939"]}]},{"@type":"ImageObject","inLanguage":"fr-FR","@id":"https:\/\/www.latribunedufaso.net\/?p=22939#primaryimage","url":"https:\/\/www.latribunedufaso.net\/wp-content\/uploads\/2025\/08\/IMG-20250823-WA0086.jpg","contentUrl":"https:\/\/www.latribunedufaso.net\/wp-content\/uploads\/2025\/08\/IMG-20250823-WA0086.jpg","width":1020,"height":459,"caption":"La DRCCAT du Kadiogo a organis\u00e9 un cadre de concertation avec les responsables des m\u00e9dias sur la viabilit\u00e9 \u00e9conomique des m\u00e9dias, 22 ao\u00fbt 2025"},{"@type":"BreadcrumbList","@id":"https:\/\/www.latribunedufaso.net\/?p=22939#breadcrumb","itemListElement":[{"@type":"ListItem","position":1,"name":"Accueil","item":"https:\/\/www.latribunedufaso.net\/"},{"@type":"ListItem","position":2,"name":"Financement et viabilit\u00e9 des m\u00e9dias : La DRCCAT du Kadiogo en concertation avec les acteurs"}]},{"@type":"WebSite","@id":"https:\/\/www.latribunedufaso.net\/#website","url":"https:\/\/www.latribunedufaso.net\/","name":"La Tribune du Faso","description":"L&#039;information du monde rural en un clic","publisher":{"@id":"https:\/\/www.latribunedufaso.net\/#organization"},"potentialAction":[{"@type":"SearchAction","target":{"@type":"EntryPoint","urlTemplate":"https:\/\/www.latribunedufaso.net\/?s={search_term_string}"},"query-input":{"@type":"PropertyValueSpecification","valueRequired":true,"valueName":"search_term_string"}}],"inLanguage":"fr-FR"},{"@type":"Organization","@id":"https:\/\/www.latribunedufaso.net\/#organization","name":"La Tribune du Faso","url":"https:\/\/www.latribunedufaso.net\/","logo":{"@type":"ImageObject","inLanguage":"fr-FR","@id":"https:\/\/www.latribunedufaso.net\/#\/schema\/logo\/image\/","url":"https:\/\/www.latribunedufaso.net\/wp-content\/uploads\/2020\/08\/Logo-Tribune-du-Faso-final-scaled.jpg","contentUrl":"https:\/\/www.latribunedufaso.net\/wp-content\/uploads\/2020\/08\/Logo-Tribune-du-Faso-final-scaled.jpg","width":2560,"height":1856,"caption":"La Tribune du Faso"},"image":{"@id":"https:\/\/www.latribunedufaso.net\/#\/schema\/logo\/image\/"},"sameAs":["https:\/\/www.facebook.com\/LatribuneduFaso\/"]},{"@type":"Person","@id":"https:\/\/www.latribunedufaso.net\/#\/schema\/person\/e54e64c5778a7e72cf80a318b7a622b0","name":"Issouf Tapsoba","image":{"@type":"ImageObject","inLanguage":"fr-FR","@id":"https:\/\/secure.gravatar.com\/avatar\/5e6c05150ce3230247d167f5b94d678eb05936197436d69b7921e3a95c9107ac?s=96&d=mm&r=g","url":"https:\/\/secure.gravatar.com\/avatar\/5e6c05150ce3230247d167f5b94d678eb05936197436d69b7921e3a95c9107ac?s=96&d=mm&r=g","contentUrl":"https:\/\/secure.gravatar.com\/avatar\/5e6c05150ce3230247d167f5b94d678eb05936197436d69b7921e3a95c9107ac?s=96&d=mm&r=g","caption":"Issouf Tapsoba"},"url":"https:\/\/www.latribunedufaso.net\/?author=5"}]}},"_links":{"self":[{"href":"https:\/\/www.latribunedufaso.net\/index.php?rest_route=\/wp\/v2\/posts\/22939","targetHints":{"allow":["GET"]}}],"collection":[{"href":"https:\/\/www.latribunedufaso.net\/index.php?rest_route=\/wp\/v2\/posts"}],"about":[{"href":"https:\/\/www.latribunedufaso.net\/index.php?rest_route=\/wp\/v2\/types\/post"}],"author":[{"embeddable":true,"href":"https:\/\/www.latribunedufaso.net\/index.php?rest_route=\/wp\/v2\/users\/5"}],"replies":[{"embeddable":true,"href":"https:\/\/www.latribunedufaso.net\/index.php?rest_route=%2Fwp%2Fv2%2Fcomments&post=22939"}],"version-history":[{"count":1,"href":"https:\/\/www.latribunedufaso.net\/index.php?rest_route=\/wp\/v2\/posts\/22939\/revisions"}],"predecessor-version":[{"id":22945,"href":"https:\/\/www.latribunedufaso.net\/index.php?rest_route=\/wp\/v2\/posts\/22939\/revisions\/22945"}],"wp:featuredmedia":[{"embeddable":true,"href":"https:\/\/www.latribunedufaso.net\/index.php?rest_route=\/wp\/v2\/media\/22943"}],"wp:attachment":[{"href":"https:\/\/www.latribunedufaso.net\/index.php?rest_route=%2Fwp%2Fv2%2Fmedia&parent=22939"}],"wp:term":[{"taxonomy":"category","embeddable":true,"href":"https:\/\/www.latribunedufaso.net\/index.php?rest_route=%2Fwp%2Fv2%2Fcategories&post=22939"},{"taxonomy":"post_tag","embeddable":true,"href":"https:\/\/www.latribunedufaso.net\/index.php?rest_route=%2Fwp%2Fv2%2Ftags&post=22939"}],"curies":[{"name":"wp","href":"https:\/\/api.w.org\/{rel}","templated":true}]}}