{"id":22901,"date":"2025-08-21T18:15:54","date_gmt":"2025-08-21T18:15:54","guid":{"rendered":"https:\/\/www.latribunedufaso.net\/?p=22901"},"modified":"2025-08-21T18:15:54","modified_gmt":"2025-08-21T18:15:54","slug":"camp-vacances-faso-mebo-cest-votre-responsabilite-de-construire-ce-pays-le-president-du-faso-aux-campeurs","status":"publish","type":"post","link":"https:\/\/www.latribunedufaso.net\/?p=22901","title":{"rendered":"Camp vacances Faso M\u00eabo : \u00ab C\u2019est votre responsabilit\u00e9 de construire ce pays \u00bb, le Pr\u00e9sident du Faso aux campeurs\u00a0"},"content":{"rendered":"<p><strong>Le Pr\u00e9sident du Faso, Chef de l\u2019\u00c9tat, le Capitaine Ibrahim TRAOR\u00c9, a pr\u00e9sid\u00e9 ce 21 ao\u00fbt 2025 une c\u00e9r\u00e9monie exceptionnelle de mont\u00e9e des couleurs avec la premi\u00e8re promotion de Camp vacances Faso M\u00eabo.<\/strong><!--more--><\/p>\n<p>Apr\u00e8s une dizaine de jours de <em><strong>\u00ab camping \u00bb<\/strong><\/em> au lyc\u00e9e Marien N\u2019GOUABI, les campeurs sont all\u00e9s exprimer leur joie et reconnaissance \u00e0 l\u2019initiateur du Camp Vacances Faso M\u00eabo qui n\u2019est autre que le Pr\u00e9sident du Faso. Lui qui a \u00e9galement mobilis\u00e9 tous les moyens humains, mat\u00e9riels et financiers pour la r\u00e9ussite de cette activit\u00e9. Dans la cour du palais pr\u00e9sidentiel, les visiteurs du jour ont mont\u00e9 les couleurs nationales en chantant l\u2019hymne national en moor\u00e9, sous le regard admiratif du Chef de l\u2019\u00c9tat et de leur parrain, le Colonel Isma\u00ebl DIAOUARI.<\/p>\n<figure id=\"attachment_22903\" aria-describedby=\"caption-attachment-22903\" style=\"width: 1162px\" class=\"wp-caption aligncenter\"><a href=\"https:\/\/www.latribunedufaso.net\/wp-content\/uploads\/2025\/08\/FB_IMG_1755799718587.jpg\"><img loading=\"lazy\" decoding=\"async\" class=\"size-full wp-image-22903\" src=\"https:\/\/www.latribunedufaso.net\/wp-content\/uploads\/2025\/08\/FB_IMG_1755799718587.jpg\" alt=\"Le Chef de l'Etat a accord\u00e9 une audience aux campeurs du Camp vacances Faso M\u00eabo, 21 ao\u00fbt 2025\" width=\"1162\" height=\"1600\" srcset=\"https:\/\/www.latribunedufaso.net\/wp-content\/uploads\/2025\/08\/FB_IMG_1755799718587.jpg 1162w, https:\/\/www.latribunedufaso.net\/wp-content\/uploads\/2025\/08\/FB_IMG_1755799718587-218x300.jpg 218w, https:\/\/www.latribunedufaso.net\/wp-content\/uploads\/2025\/08\/FB_IMG_1755799718587-744x1024.jpg 744w, https:\/\/www.latribunedufaso.net\/wp-content\/uploads\/2025\/08\/FB_IMG_1755799718587-768x1057.jpg 768w, https:\/\/www.latribunedufaso.net\/wp-content\/uploads\/2025\/08\/FB_IMG_1755799718587-1116x1536.jpg 1116w\" sizes=\"auto, (max-width: 1162px) 100vw, 1162px\" \/><\/a><figcaption id=\"caption-attachment-22903\" class=\"wp-caption-text\">Le Chef de l&rsquo;Etat, le Capitaine Ibrahim Traor\u00e9 &#8211; Ph. DR<\/figcaption><\/figure>\n<p>En retour, les 408 campeurs pr\u00e9sents, leurs moniteurs et l\u2019\u00e9quipe d\u2019organisation ont re\u00e7u les encouragements et les f\u00e9licitations du Pr\u00e9sident du Faso, Chef de l\u2019\u00c9tat, le Capitaine Ibrahim TRAOR\u00c9 qui exprime sa satisfaction au regard des r\u00e9sultats atteints.<\/p>\n<p><em><strong>\u00ab Vous \u00eates l&rsquo;avenir de notre Nation. Aujourd&rsquo;hui, le Burkina est en guerre, mais la guerre finira bient\u00f4t et c&rsquo;est vous qui b\u00e2tirez notre pays (&#8230;) C\u2019est votre responsabilit\u00e9 de construire ce pays et il fallait qu&rsquo;on vous pr\u00e9pare d\u00e8s maintenant \u00bb<\/strong><\/em>, indique le Capitaine Ibrahim TRAOR\u00c9 aux campeurs.<\/p>\n<figure id=\"attachment_22905\" aria-describedby=\"caption-attachment-22905\" style=\"width: 1600px\" class=\"wp-caption aligncenter\"><a href=\"https:\/\/www.latribunedufaso.net\/wp-content\/uploads\/2025\/08\/FB_IMG_1755799744581.jpg\"><img loading=\"lazy\" decoding=\"async\" class=\"size-full wp-image-22905\" src=\"https:\/\/www.latribunedufaso.net\/wp-content\/uploads\/2025\/08\/FB_IMG_1755799744581.jpg\" alt=\"Le Chef de l'Etat a accord\u00e9 une audience aux campeurs du Camp vacances Faso M\u00eabo, 21 ao\u00fbt 2025\" width=\"1600\" height=\"1066\" srcset=\"https:\/\/www.latribunedufaso.net\/wp-content\/uploads\/2025\/08\/FB_IMG_1755799744581.jpg 1600w, https:\/\/www.latribunedufaso.net\/wp-content\/uploads\/2025\/08\/FB_IMG_1755799744581-300x200.jpg 300w, https:\/\/www.latribunedufaso.net\/wp-content\/uploads\/2025\/08\/FB_IMG_1755799744581-1024x682.jpg 1024w, https:\/\/www.latribunedufaso.net\/wp-content\/uploads\/2025\/08\/FB_IMG_1755799744581-768x512.jpg 768w, https:\/\/www.latribunedufaso.net\/wp-content\/uploads\/2025\/08\/FB_IMG_1755799744581-1536x1023.jpg 1536w, https:\/\/www.latribunedufaso.net\/wp-content\/uploads\/2025\/08\/FB_IMG_1755799744581-840x560.jpg 840w, https:\/\/www.latribunedufaso.net\/wp-content\/uploads\/2025\/08\/FB_IMG_1755799744581-120x80.jpg 120w, https:\/\/www.latribunedufaso.net\/wp-content\/uploads\/2025\/08\/FB_IMG_1755799744581-360x240.jpg 360w, https:\/\/www.latribunedufaso.net\/wp-content\/uploads\/2025\/08\/FB_IMG_1755799744581-600x400.jpg 600w\" sizes=\"auto, (max-width: 1600px) 100vw, 1600px\" \/><\/a><figcaption id=\"caption-attachment-22905\" class=\"wp-caption-text\">Une vue des campeurs rassembl\u00e9s &#8211; Ph. DR<\/figcaption><\/figure>\n<p>L\u2019objectif de ce camp est de faire des participants de futurs adultes int\u00e8gres en leur inculquant certaines valeurs : <em><strong>\u00ab Par exemple, s&rsquo;asseoir par terre pour manger dans le m\u00eame plat avec vos camarades, ce sont deux valeurs importantes que vous apprenez : la solidarit\u00e9, mais aussi l&rsquo;humilit\u00e9. Et \u00e7a, \u00e7a compte beaucoup dans votre vie. Aujourd&rsquo;hui, vous avez pu vivre ensemble pendant ces dix jours. Vous avez appris \u00e0 \u00eatre solidaires et c&rsquo;est tout ce qu&rsquo;on demande pour notre Burkina Faso. \u00bb<\/strong><\/em>, poursuit le Pr\u00e9sident du Faso.\u00a0<\/p>\n<p>Le Chef de l\u2019\u00c9tat rappelle que vivre en soci\u00e9t\u00e9, c&rsquo;est tenir compte de celui qui est \u00e0 c\u00f4t\u00e9 de vous et ne pas faire ou dire ce qu&rsquo;on veut sous le prisme de la libert\u00e9 car cela \u00e9branle totalement notre vie de coh\u00e9sion sociale.<\/p>\n<p>Le Pr\u00e9sident du Faso a surtout invit\u00e9 ces <a href=\"https:\/\/www.latribunedufaso.net\/?p=22665\">campeurs Faso M\u00eabo<\/a> de la premi\u00e8re promotion \u00e0 partager ce qu\u2019ils ont appris avec leurs camarades.<\/p>\n<figure id=\"attachment_22902\" aria-describedby=\"caption-attachment-22902\" style=\"width: 1498px\" class=\"wp-caption aligncenter\"><a href=\"https:\/\/www.latribunedufaso.net\/wp-content\/uploads\/2025\/08\/FB_IMG_1755799681307.jpg\"><img loading=\"lazy\" decoding=\"async\" class=\"size-full wp-image-22902\" src=\"https:\/\/www.latribunedufaso.net\/wp-content\/uploads\/2025\/08\/FB_IMG_1755799681307.jpg\" alt=\"Le Chef de l'Etat a accord\u00e9 une audience aux campeurs du Camp vacances Faso M\u00eabo, 21 ao\u00fbt 2025\" width=\"1498\" height=\"1600\" srcset=\"https:\/\/www.latribunedufaso.net\/wp-content\/uploads\/2025\/08\/FB_IMG_1755799681307.jpg 1498w, https:\/\/www.latribunedufaso.net\/wp-content\/uploads\/2025\/08\/FB_IMG_1755799681307-281x300.jpg 281w, https:\/\/www.latribunedufaso.net\/wp-content\/uploads\/2025\/08\/FB_IMG_1755799681307-959x1024.jpg 959w, https:\/\/www.latribunedufaso.net\/wp-content\/uploads\/2025\/08\/FB_IMG_1755799681307-768x820.jpg 768w, https:\/\/www.latribunedufaso.net\/wp-content\/uploads\/2025\/08\/FB_IMG_1755799681307-1438x1536.jpg 1438w\" sizes=\"auto, (max-width: 1498px) 100vw, 1498px\" \/><\/a><figcaption id=\"caption-attachment-22902\" class=\"wp-caption-text\">Le Coordonnateur national de l\u2019Initiative pr\u00e9sidentielle Faso M\u00eabo, le Commandant Ahmed Zoodnoma SAKAND\u00c9 &#8211; Ph. DR<\/figcaption><\/figure>\n<p>Dans sa pr\u00e9sentation du camp, le Coordonnateur national de l\u2019Initiative pr\u00e9sidentielle Faso M\u00eabo, le Commandant Ahmed Zoodnoma SAKAND\u00c9, explique que durant le camp, ces enfants burkinab\u00e8 ont \u00e9t\u00e9 initi\u00e9s \u00e0 l&rsquo;\u00e9ducation civique et militaire, aux arts plastique et vivant, \u00e0 la confection et \u00e0 la pose de pav\u00e9s, aux actes \u00e9cocitoyens et au respect du bien commun, de l\u2019autorit\u00e9 de l\u2019\u00c9tat et \u00e0 l\u2019int\u00e9r\u00eat sup\u00e9rieur de la Nation. Au profit du site qui les a accueillis, ils ont r\u00e9alis\u00e9 un bosquet d\u2019arbres fruitiers, un carr\u00e9 d\u2019armes pav\u00e9 de 300 m2, une dizaine de banquettes et des tableaux de peinture en guise de souvenir de leur passage.<\/p>\n<p><strong>Latribunedufaso.net<\/strong><\/p>\n<p><strong>Source : Direction de la communication de la Pr\u00e9sidence du Faso<\/strong><\/p>\n","protected":false},"excerpt":{"rendered":"<p>Le Pr\u00e9sident du Faso, Chef de l\u2019\u00c9tat, le Capitaine Ibrahim TRAOR\u00c9, a pr\u00e9sid\u00e9 ce 21 ao\u00fbt 2025 une c\u00e9r\u00e9monie exceptionnelle de mont\u00e9e des couleurs avec la premi\u00e8re promotion de Camp vacances Faso M\u00eabo.<\/p>\n","protected":false},"author":5,"featured_media":22904,"comment_status":"open","ping_status":"open","sticky":false,"template":"","format":"standard","meta":{"footnotes":""},"categories":[13,1,8],"tags":[1464,39],"class_list":["post-22901","post","type-post","status-publish","format-standard","has-post-thumbnail","hentry","category-une","category-actu","category-societe","tag-camp-vacances-faso-mebo","tag-latribunedufaso-net"],"yoast_head":"<!-- This site is optimized with the Yoast SEO plugin v27.4 - https:\/\/yoast.com\/product\/yoast-seo-wordpress\/ -->\n<title>Camp vacances Faso M\u00eabo : \u00ab C\u2019est votre responsabilit\u00e9 de construire ce pays \u00bb, le Pr\u00e9sident du Faso aux campeurs\u00a0 - La Tribune du Faso<\/title>\n<meta name=\"robots\" content=\"index, follow, max-snippet:-1, max-image-preview:large, max-video-preview:-1\" \/>\n<link rel=\"canonical\" href=\"https:\/\/www.latribunedufaso.net\/?p=22901\" \/>\n<meta property=\"og:locale\" content=\"fr_FR\" \/>\n<meta property=\"og:type\" content=\"article\" \/>\n<meta property=\"og:title\" content=\"Camp vacances Faso M\u00eabo : \u00ab C\u2019est votre responsabilit\u00e9 de construire ce pays \u00bb, le Pr\u00e9sident du Faso aux campeurs\u00a0 - La Tribune du Faso\" \/>\n<meta property=\"og:description\" content=\"Le Pr\u00e9sident du Faso, Chef de l\u2019\u00c9tat, le Capitaine Ibrahim TRAOR\u00c9, a pr\u00e9sid\u00e9 ce 21 ao\u00fbt 2025 une c\u00e9r\u00e9monie exceptionnelle de mont\u00e9e des couleurs avec la premi\u00e8re promotion de Camp vacances Faso M\u00eabo.\" \/>\n<meta property=\"og:url\" content=\"https:\/\/www.latribunedufaso.net\/?p=22901\" \/>\n<meta property=\"og:site_name\" content=\"La Tribune du Faso\" \/>\n<meta property=\"article:publisher\" content=\"https:\/\/www.facebook.com\/LatribuneduFaso\/\" \/>\n<meta property=\"article:published_time\" content=\"2025-08-21T18:15:54+00:00\" \/>\n<meta property=\"og:image\" content=\"https:\/\/www.latribunedufaso.net\/wp-content\/uploads\/2025\/08\/FB_IMG_1755799735729.jpg\" \/>\n\t<meta property=\"og:image:width\" content=\"1600\" \/>\n\t<meta property=\"og:image:height\" content=\"1066\" \/>\n\t<meta property=\"og:image:type\" content=\"image\/jpeg\" \/>\n<meta name=\"author\" content=\"Issouf Tapsoba\" \/>\n<meta name=\"twitter:label1\" content=\"\u00c9crit par\" \/>\n\t<meta name=\"twitter:data1\" content=\"Issouf Tapsoba\" \/>\n\t<meta name=\"twitter:label2\" content=\"Dur\u00e9e de lecture estim\u00e9e\" \/>\n\t<meta name=\"twitter:data2\" content=\"3 minutes\" \/>\n<script type=\"application\/ld+json\" class=\"yoast-schema-graph\">{\"@context\":\"https:\\\/\\\/schema.org\",\"@graph\":[{\"@type\":\"Article\",\"@id\":\"https:\\\/\\\/www.latribunedufaso.net\\\/?p=22901#article\",\"isPartOf\":{\"@id\":\"https:\\\/\\\/www.latribunedufaso.net\\\/?p=22901\"},\"author\":{\"name\":\"Issouf Tapsoba\",\"@id\":\"https:\\\/\\\/www.latribunedufaso.net\\\/#\\\/schema\\\/person\\\/e54e64c5778a7e72cf80a318b7a622b0\"},\"headline\":\"Camp vacances Faso M\u00eabo : \u00ab C\u2019est votre responsabilit\u00e9 de construire ce pays \u00bb, le Pr\u00e9sident du Faso aux campeurs\u00a0\",\"datePublished\":\"2025-08-21T18:15:54+00:00\",\"mainEntityOfPage\":{\"@id\":\"https:\\\/\\\/www.latribunedufaso.net\\\/?p=22901\"},\"wordCount\":622,\"commentCount\":0,\"publisher\":{\"@id\":\"https:\\\/\\\/www.latribunedufaso.net\\\/#organization\"},\"image\":{\"@id\":\"https:\\\/\\\/www.latribunedufaso.net\\\/?p=22901#primaryimage\"},\"thumbnailUrl\":\"https:\\\/\\\/www.latribunedufaso.net\\\/wp-content\\\/uploads\\\/2025\\\/08\\\/FB_IMG_1755799735729.jpg\",\"keywords\":[\"Camp vacances Faso M\u00eabo\",\"latribunedufaso.net\"],\"articleSection\":[\"A la une\",\"Actualit\u00e9\",\"Soci\u00e9t\u00e9\"],\"inLanguage\":\"fr-FR\",\"potentialAction\":[{\"@type\":\"CommentAction\",\"name\":\"Comment\",\"target\":[\"https:\\\/\\\/www.latribunedufaso.net\\\/?p=22901#respond\"]}]},{\"@type\":\"WebPage\",\"@id\":\"https:\\\/\\\/www.latribunedufaso.net\\\/?p=22901\",\"url\":\"https:\\\/\\\/www.latribunedufaso.net\\\/?p=22901\",\"name\":\"Camp vacances Faso M\u00eabo : \u00ab C\u2019est votre responsabilit\u00e9 de construire ce pays \u00bb, le Pr\u00e9sident du Faso aux campeurs\u00a0 - La Tribune du Faso\",\"isPartOf\":{\"@id\":\"https:\\\/\\\/www.latribunedufaso.net\\\/#website\"},\"primaryImageOfPage\":{\"@id\":\"https:\\\/\\\/www.latribunedufaso.net\\\/?p=22901#primaryimage\"},\"image\":{\"@id\":\"https:\\\/\\\/www.latribunedufaso.net\\\/?p=22901#primaryimage\"},\"thumbnailUrl\":\"https:\\\/\\\/www.latribunedufaso.net\\\/wp-content\\\/uploads\\\/2025\\\/08\\\/FB_IMG_1755799735729.jpg\",\"datePublished\":\"2025-08-21T18:15:54+00:00\",\"breadcrumb\":{\"@id\":\"https:\\\/\\\/www.latribunedufaso.net\\\/?p=22901#breadcrumb\"},\"inLanguage\":\"fr-FR\",\"potentialAction\":[{\"@type\":\"ReadAction\",\"target\":[\"https:\\\/\\\/www.latribunedufaso.net\\\/?p=22901\"]}]},{\"@type\":\"ImageObject\",\"inLanguage\":\"fr-FR\",\"@id\":\"https:\\\/\\\/www.latribunedufaso.net\\\/?p=22901#primaryimage\",\"url\":\"https:\\\/\\\/www.latribunedufaso.net\\\/wp-content\\\/uploads\\\/2025\\\/08\\\/FB_IMG_1755799735729.jpg\",\"contentUrl\":\"https:\\\/\\\/www.latribunedufaso.net\\\/wp-content\\\/uploads\\\/2025\\\/08\\\/FB_IMG_1755799735729.jpg\",\"width\":1600,\"height\":1066,\"caption\":\"Le Chef de l'Etat a accord\u00e9 une audience aux campeurs du Camp vacances Faso M\u00eabo, 21 ao\u00fbt 2025\"},{\"@type\":\"BreadcrumbList\",\"@id\":\"https:\\\/\\\/www.latribunedufaso.net\\\/?p=22901#breadcrumb\",\"itemListElement\":[{\"@type\":\"ListItem\",\"position\":1,\"name\":\"Accueil\",\"item\":\"https:\\\/\\\/www.latribunedufaso.net\\\/\"},{\"@type\":\"ListItem\",\"position\":2,\"name\":\"Camp vacances Faso M\u00eabo : \u00ab C\u2019est votre responsabilit\u00e9 de construire ce pays \u00bb, le Pr\u00e9sident du Faso aux campeurs\u00a0\"}]},{\"@type\":\"WebSite\",\"@id\":\"https:\\\/\\\/www.latribunedufaso.net\\\/#website\",\"url\":\"https:\\\/\\\/www.latribunedufaso.net\\\/\",\"name\":\"La Tribune du Faso\",\"description\":\"L&#039;information du monde rural en un clic\",\"publisher\":{\"@id\":\"https:\\\/\\\/www.latribunedufaso.net\\\/#organization\"},\"potentialAction\":[{\"@type\":\"SearchAction\",\"target\":{\"@type\":\"EntryPoint\",\"urlTemplate\":\"https:\\\/\\\/www.latribunedufaso.net\\\/?s={search_term_string}\"},\"query-input\":{\"@type\":\"PropertyValueSpecification\",\"valueRequired\":true,\"valueName\":\"search_term_string\"}}],\"inLanguage\":\"fr-FR\"},{\"@type\":\"Organization\",\"@id\":\"https:\\\/\\\/www.latribunedufaso.net\\\/#organization\",\"name\":\"La Tribune du Faso\",\"url\":\"https:\\\/\\\/www.latribunedufaso.net\\\/\",\"logo\":{\"@type\":\"ImageObject\",\"inLanguage\":\"fr-FR\",\"@id\":\"https:\\\/\\\/www.latribunedufaso.net\\\/#\\\/schema\\\/logo\\\/image\\\/\",\"url\":\"https:\\\/\\\/www.latribunedufaso.net\\\/wp-content\\\/uploads\\\/2020\\\/08\\\/Logo-Tribune-du-Faso-final-scaled.jpg\",\"contentUrl\":\"https:\\\/\\\/www.latribunedufaso.net\\\/wp-content\\\/uploads\\\/2020\\\/08\\\/Logo-Tribune-du-Faso-final-scaled.jpg\",\"width\":2560,\"height\":1856,\"caption\":\"La Tribune du Faso\"},\"image\":{\"@id\":\"https:\\\/\\\/www.latribunedufaso.net\\\/#\\\/schema\\\/logo\\\/image\\\/\"},\"sameAs\":[\"https:\\\/\\\/www.facebook.com\\\/LatribuneduFaso\\\/\"]},{\"@type\":\"Person\",\"@id\":\"https:\\\/\\\/www.latribunedufaso.net\\\/#\\\/schema\\\/person\\\/e54e64c5778a7e72cf80a318b7a622b0\",\"name\":\"Issouf Tapsoba\",\"image\":{\"@type\":\"ImageObject\",\"inLanguage\":\"fr-FR\",\"@id\":\"https:\\\/\\\/secure.gravatar.com\\\/avatar\\\/5e6c05150ce3230247d167f5b94d678eb05936197436d69b7921e3a95c9107ac?s=96&d=mm&r=g\",\"url\":\"https:\\\/\\\/secure.gravatar.com\\\/avatar\\\/5e6c05150ce3230247d167f5b94d678eb05936197436d69b7921e3a95c9107ac?s=96&d=mm&r=g\",\"contentUrl\":\"https:\\\/\\\/secure.gravatar.com\\\/avatar\\\/5e6c05150ce3230247d167f5b94d678eb05936197436d69b7921e3a95c9107ac?s=96&d=mm&r=g\",\"caption\":\"Issouf Tapsoba\"},\"url\":\"https:\\\/\\\/www.latribunedufaso.net\\\/?author=5\"}]}<\/script>\n<!-- \/ Yoast SEO plugin. -->","yoast_head_json":{"title":"Camp vacances Faso M\u00eabo : \u00ab C\u2019est votre responsabilit\u00e9 de construire ce pays \u00bb, le Pr\u00e9sident du Faso aux campeurs\u00a0 - La Tribune du Faso","robots":{"index":"index","follow":"follow","max-snippet":"max-snippet:-1","max-image-preview":"max-image-preview:large","max-video-preview":"max-video-preview:-1"},"canonical":"https:\/\/www.latribunedufaso.net\/?p=22901","og_locale":"fr_FR","og_type":"article","og_title":"Camp vacances Faso M\u00eabo : \u00ab C\u2019est votre responsabilit\u00e9 de construire ce pays \u00bb, le Pr\u00e9sident du Faso aux campeurs\u00a0 - La Tribune du Faso","og_description":"Le Pr\u00e9sident du Faso, Chef de l\u2019\u00c9tat, le Capitaine Ibrahim TRAOR\u00c9, a pr\u00e9sid\u00e9 ce 21 ao\u00fbt 2025 une c\u00e9r\u00e9monie exceptionnelle de mont\u00e9e des couleurs avec la premi\u00e8re promotion de Camp vacances Faso M\u00eabo.","og_url":"https:\/\/www.latribunedufaso.net\/?p=22901","og_site_name":"La Tribune du Faso","article_publisher":"https:\/\/www.facebook.com\/LatribuneduFaso\/","article_published_time":"2025-08-21T18:15:54+00:00","og_image":[{"width":1600,"height":1066,"url":"https:\/\/www.latribunedufaso.net\/wp-content\/uploads\/2025\/08\/FB_IMG_1755799735729.jpg","type":"image\/jpeg"}],"author":"Issouf Tapsoba","twitter_misc":{"\u00c9crit par":"Issouf Tapsoba","Dur\u00e9e de lecture estim\u00e9e":"3 minutes"},"schema":{"@context":"https:\/\/schema.org","@graph":[{"@type":"Article","@id":"https:\/\/www.latribunedufaso.net\/?p=22901#article","isPartOf":{"@id":"https:\/\/www.latribunedufaso.net\/?p=22901"},"author":{"name":"Issouf Tapsoba","@id":"https:\/\/www.latribunedufaso.net\/#\/schema\/person\/e54e64c5778a7e72cf80a318b7a622b0"},"headline":"Camp vacances Faso M\u00eabo : \u00ab C\u2019est votre responsabilit\u00e9 de construire ce pays \u00bb, le Pr\u00e9sident du Faso aux campeurs\u00a0","datePublished":"2025-08-21T18:15:54+00:00","mainEntityOfPage":{"@id":"https:\/\/www.latribunedufaso.net\/?p=22901"},"wordCount":622,"commentCount":0,"publisher":{"@id":"https:\/\/www.latribunedufaso.net\/#organization"},"image":{"@id":"https:\/\/www.latribunedufaso.net\/?p=22901#primaryimage"},"thumbnailUrl":"https:\/\/www.latribunedufaso.net\/wp-content\/uploads\/2025\/08\/FB_IMG_1755799735729.jpg","keywords":["Camp vacances Faso M\u00eabo","latribunedufaso.net"],"articleSection":["A la une","Actualit\u00e9","Soci\u00e9t\u00e9"],"inLanguage":"fr-FR","potentialAction":[{"@type":"CommentAction","name":"Comment","target":["https:\/\/www.latribunedufaso.net\/?p=22901#respond"]}]},{"@type":"WebPage","@id":"https:\/\/www.latribunedufaso.net\/?p=22901","url":"https:\/\/www.latribunedufaso.net\/?p=22901","name":"Camp vacances Faso M\u00eabo : \u00ab C\u2019est votre responsabilit\u00e9 de construire ce pays \u00bb, le Pr\u00e9sident du Faso aux campeurs\u00a0 - La Tribune du Faso","isPartOf":{"@id":"https:\/\/www.latribunedufaso.net\/#website"},"primaryImageOfPage":{"@id":"https:\/\/www.latribunedufaso.net\/?p=22901#primaryimage"},"image":{"@id":"https:\/\/www.latribunedufaso.net\/?p=22901#primaryimage"},"thumbnailUrl":"https:\/\/www.latribunedufaso.net\/wp-content\/uploads\/2025\/08\/FB_IMG_1755799735729.jpg","datePublished":"2025-08-21T18:15:54+00:00","breadcrumb":{"@id":"https:\/\/www.latribunedufaso.net\/?p=22901#breadcrumb"},"inLanguage":"fr-FR","potentialAction":[{"@type":"ReadAction","target":["https:\/\/www.latribunedufaso.net\/?p=22901"]}]},{"@type":"ImageObject","inLanguage":"fr-FR","@id":"https:\/\/www.latribunedufaso.net\/?p=22901#primaryimage","url":"https:\/\/www.latribunedufaso.net\/wp-content\/uploads\/2025\/08\/FB_IMG_1755799735729.jpg","contentUrl":"https:\/\/www.latribunedufaso.net\/wp-content\/uploads\/2025\/08\/FB_IMG_1755799735729.jpg","width":1600,"height":1066,"caption":"Le Chef de l'Etat a accord\u00e9 une audience aux campeurs du Camp vacances Faso M\u00eabo, 21 ao\u00fbt 2025"},{"@type":"BreadcrumbList","@id":"https:\/\/www.latribunedufaso.net\/?p=22901#breadcrumb","itemListElement":[{"@type":"ListItem","position":1,"name":"Accueil","item":"https:\/\/www.latribunedufaso.net\/"},{"@type":"ListItem","position":2,"name":"Camp vacances Faso M\u00eabo : \u00ab C\u2019est votre responsabilit\u00e9 de construire ce pays \u00bb, le Pr\u00e9sident du Faso aux campeurs\u00a0"}]},{"@type":"WebSite","@id":"https:\/\/www.latribunedufaso.net\/#website","url":"https:\/\/www.latribunedufaso.net\/","name":"La Tribune du Faso","description":"L&#039;information du monde rural en un clic","publisher":{"@id":"https:\/\/www.latribunedufaso.net\/#organization"},"potentialAction":[{"@type":"SearchAction","target":{"@type":"EntryPoint","urlTemplate":"https:\/\/www.latribunedufaso.net\/?s={search_term_string}"},"query-input":{"@type":"PropertyValueSpecification","valueRequired":true,"valueName":"search_term_string"}}],"inLanguage":"fr-FR"},{"@type":"Organization","@id":"https:\/\/www.latribunedufaso.net\/#organization","name":"La Tribune du Faso","url":"https:\/\/www.latribunedufaso.net\/","logo":{"@type":"ImageObject","inLanguage":"fr-FR","@id":"https:\/\/www.latribunedufaso.net\/#\/schema\/logo\/image\/","url":"https:\/\/www.latribunedufaso.net\/wp-content\/uploads\/2020\/08\/Logo-Tribune-du-Faso-final-scaled.jpg","contentUrl":"https:\/\/www.latribunedufaso.net\/wp-content\/uploads\/2020\/08\/Logo-Tribune-du-Faso-final-scaled.jpg","width":2560,"height":1856,"caption":"La Tribune du Faso"},"image":{"@id":"https:\/\/www.latribunedufaso.net\/#\/schema\/logo\/image\/"},"sameAs":["https:\/\/www.facebook.com\/LatribuneduFaso\/"]},{"@type":"Person","@id":"https:\/\/www.latribunedufaso.net\/#\/schema\/person\/e54e64c5778a7e72cf80a318b7a622b0","name":"Issouf Tapsoba","image":{"@type":"ImageObject","inLanguage":"fr-FR","@id":"https:\/\/secure.gravatar.com\/avatar\/5e6c05150ce3230247d167f5b94d678eb05936197436d69b7921e3a95c9107ac?s=96&d=mm&r=g","url":"https:\/\/secure.gravatar.com\/avatar\/5e6c05150ce3230247d167f5b94d678eb05936197436d69b7921e3a95c9107ac?s=96&d=mm&r=g","contentUrl":"https:\/\/secure.gravatar.com\/avatar\/5e6c05150ce3230247d167f5b94d678eb05936197436d69b7921e3a95c9107ac?s=96&d=mm&r=g","caption":"Issouf Tapsoba"},"url":"https:\/\/www.latribunedufaso.net\/?author=5"}]}},"_links":{"self":[{"href":"https:\/\/www.latribunedufaso.net\/index.php?rest_route=\/wp\/v2\/posts\/22901","targetHints":{"allow":["GET"]}}],"collection":[{"href":"https:\/\/www.latribunedufaso.net\/index.php?rest_route=\/wp\/v2\/posts"}],"about":[{"href":"https:\/\/www.latribunedufaso.net\/index.php?rest_route=\/wp\/v2\/types\/post"}],"author":[{"embeddable":true,"href":"https:\/\/www.latribunedufaso.net\/index.php?rest_route=\/wp\/v2\/users\/5"}],"replies":[{"embeddable":true,"href":"https:\/\/www.latribunedufaso.net\/index.php?rest_route=%2Fwp%2Fv2%2Fcomments&post=22901"}],"version-history":[{"count":1,"href":"https:\/\/www.latribunedufaso.net\/index.php?rest_route=\/wp\/v2\/posts\/22901\/revisions"}],"predecessor-version":[{"id":22906,"href":"https:\/\/www.latribunedufaso.net\/index.php?rest_route=\/wp\/v2\/posts\/22901\/revisions\/22906"}],"wp:featuredmedia":[{"embeddable":true,"href":"https:\/\/www.latribunedufaso.net\/index.php?rest_route=\/wp\/v2\/media\/22904"}],"wp:attachment":[{"href":"https:\/\/www.latribunedufaso.net\/index.php?rest_route=%2Fwp%2Fv2%2Fmedia&parent=22901"}],"wp:term":[{"taxonomy":"category","embeddable":true,"href":"https:\/\/www.latribunedufaso.net\/index.php?rest_route=%2Fwp%2Fv2%2Fcategories&post=22901"},{"taxonomy":"post_tag","embeddable":true,"href":"https:\/\/www.latribunedufaso.net\/index.php?rest_route=%2Fwp%2Fv2%2Ftags&post=22901"}],"curies":[{"name":"wp","href":"https:\/\/api.w.org\/{rel}","templated":true}]}}