{"id":22879,"date":"2025-08-21T14:38:32","date_gmt":"2025-08-21T14:38:32","guid":{"rendered":"https:\/\/www.latribunedufaso.net\/?p=22879"},"modified":"2025-08-21T14:38:32","modified_gmt":"2025-08-21T14:38:32","slug":"burkina-faso-vers-une-nouvelle-strategie-nationale-pour-la-protection-et-la-promotion-des-droits-des-personnes-handicapees","status":"publish","type":"post","link":"https:\/\/www.latribunedufaso.net\/?p=22879","title":{"rendered":"Burkina Faso : Vers une nouvelle strat\u00e9gie nationale pour la protection et la promotion des droits des personnes handicap\u00e9es"},"content":{"rendered":"<p><strong>Du 18 au 22 ao\u00fbt 2025, un atelier technique rassemble tous les acteurs impliqu\u00e9s dans la d\u00e9fense des droits des personnes handicap\u00e9es afin de pr\u00e9parer la nouvelle Strat\u00e9gie Nationale de Protection et de Promotion des Droits des Personnes Handicap\u00e9es (SN-3PH) pour la p\u00e9riode 2026-2030. Les travaux ont \u00e9t\u00e9 ouverts ce 18 ao\u00fbt \u00e0 Bobo-Dioulasso.<\/strong><!--more--><\/p>\n<p>Organis\u00e9e par le minist\u00e8re de l\u2019Action humanitaire et de la Solidarit\u00e9 nationale, \u00e0 travers la Direction g\u00e9n\u00e9rale de la solidarit\u00e9 et du rel\u00e8vement, en partenariat avec UNICEF Burkina, cette rencontre mobilise les Organisations de personnes handicap\u00e9es (OPH), les repr\u00e9sentants de l\u2019\u00c9tat, la soci\u00e9t\u00e9 civile ainsi que les Partenaires techniques et financiers (PTF).<\/p>\n<h3>Une vision claire pour relever les d\u00e9fis<\/h3>\n<p>Pr\u00e9sidant la c\u00e9r\u00e9monie d\u2019ouverture au nom de la ministre, le charg\u00e9 de mission, Abdoul Karim Tiendrebeogo, a rappel\u00e9 que l\u2019\u00e9laboration de cette nouvelle strat\u00e9gie r\u00e9pond \u00e0 un double imp\u00e9ratif : s\u2019adapter \u00e0 la crise s\u00e9curitaire et humanitaire, et d\u00e9finir une vision claire, des objectifs pr\u00e9cis et des axes strat\u00e9giques solides pour renforcer la protection des personnes handicap\u00e9es.<\/p>\n<figure id=\"attachment_22882\" aria-describedby=\"caption-attachment-22882\" style=\"width: 1080px\" class=\"wp-caption aligncenter\"><a href=\"https:\/\/www.latribunedufaso.net\/wp-content\/uploads\/2025\/08\/FB_IMG_1755786361757.jpg\"><img loading=\"lazy\" decoding=\"async\" class=\"size-full wp-image-22882\" src=\"https:\/\/www.latribunedufaso.net\/wp-content\/uploads\/2025\/08\/FB_IMG_1755786361757.jpg\" alt=\"Atelier technique des acteurs intervenant dans la d\u00e9fense des droits des personnes handicap\u00e9es, 18 au 22 ao\u00fbt 2025 \u00e0 Bobo\" width=\"1080\" height=\"720\" srcset=\"https:\/\/www.latribunedufaso.net\/wp-content\/uploads\/2025\/08\/FB_IMG_1755786361757.jpg 1080w, https:\/\/www.latribunedufaso.net\/wp-content\/uploads\/2025\/08\/FB_IMG_1755786361757-300x200.jpg 300w, https:\/\/www.latribunedufaso.net\/wp-content\/uploads\/2025\/08\/FB_IMG_1755786361757-1024x683.jpg 1024w, https:\/\/www.latribunedufaso.net\/wp-content\/uploads\/2025\/08\/FB_IMG_1755786361757-768x512.jpg 768w, https:\/\/www.latribunedufaso.net\/wp-content\/uploads\/2025\/08\/FB_IMG_1755786361757-840x560.jpg 840w, https:\/\/www.latribunedufaso.net\/wp-content\/uploads\/2025\/08\/FB_IMG_1755786361757-120x80.jpg 120w, https:\/\/www.latribunedufaso.net\/wp-content\/uploads\/2025\/08\/FB_IMG_1755786361757-360x240.jpg 360w, https:\/\/www.latribunedufaso.net\/wp-content\/uploads\/2025\/08\/FB_IMG_1755786361757-600x400.jpg 600w\" sizes=\"auto, (max-width: 1080px) 100vw, 1080px\" \/><\/a><figcaption id=\"caption-attachment-22882\" class=\"wp-caption-text\">Les participants ont r\u00e9fl\u00e9chi sur une strat\u00e9gie de d\u00e9fense des droits des personnes handicap\u00e9es &#8211; Ph. DR<\/figcaption><\/figure>\n<h3>Les missions de l\u2019atelier<\/h3>\n<p>Durant cinq jours, les participants travailleront \u00e0 examiner le rapport diagnostic de la SN-3PH 2021-2025, d\u00e9finir une vision partag\u00e9e d\u2019ici 2030, fixer des objectifs clairs et mesurables en phase avec les aspirations des personnes handicap\u00e9es et les engagements du pays, et \u00e9tablir des axes strat\u00e9giques pertinents pour orienter les actions de mani\u00e8re coordonn\u00e9e et durable.<\/p>\n<figure id=\"attachment_22884\" aria-describedby=\"caption-attachment-22884\" style=\"width: 1080px\" class=\"wp-caption aligncenter\"><a href=\"https:\/\/www.latribunedufaso.net\/wp-content\/uploads\/2025\/08\/FB_IMG_1755786376937.jpg\"><img loading=\"lazy\" decoding=\"async\" class=\"size-full wp-image-22884\" src=\"https:\/\/www.latribunedufaso.net\/wp-content\/uploads\/2025\/08\/FB_IMG_1755786376937.jpg\" alt=\"Atelier technique des acteurs intervenant dans la d\u00e9fense des droits des personnes handicap\u00e9es, 18 au 22 ao\u00fbt 2025 \u00e0 Bobo\" width=\"1080\" height=\"719\" srcset=\"https:\/\/www.latribunedufaso.net\/wp-content\/uploads\/2025\/08\/FB_IMG_1755786376937.jpg 1080w, https:\/\/www.latribunedufaso.net\/wp-content\/uploads\/2025\/08\/FB_IMG_1755786376937-300x200.jpg 300w, https:\/\/www.latribunedufaso.net\/wp-content\/uploads\/2025\/08\/FB_IMG_1755786376937-1024x682.jpg 1024w, https:\/\/www.latribunedufaso.net\/wp-content\/uploads\/2025\/08\/FB_IMG_1755786376937-768x511.jpg 768w, https:\/\/www.latribunedufaso.net\/wp-content\/uploads\/2025\/08\/FB_IMG_1755786376937-840x560.jpg 840w, https:\/\/www.latribunedufaso.net\/wp-content\/uploads\/2025\/08\/FB_IMG_1755786376937-120x80.jpg 120w, https:\/\/www.latribunedufaso.net\/wp-content\/uploads\/2025\/08\/FB_IMG_1755786376937-360x240.jpg 360w, https:\/\/www.latribunedufaso.net\/wp-content\/uploads\/2025\/08\/FB_IMG_1755786376937-600x400.jpg 600w\" sizes=\"auto, (max-width: 1080px) 100vw, 1080px\" \/><\/a><figcaption id=\"caption-attachment-22884\" class=\"wp-caption-text\">Photo de famille des participants &#8211; Ph. DR<\/figcaption><\/figure>\n<p>Le Charg\u00e9 de Mission a invit\u00e9 les participants \u00e0 travailler avec rigueur et esprit d\u2019ouverture, soulignant que les conclusions serviront de boussole nationale pour les cinq prochaines ann\u00e9es.<\/p>\n<h3>Un engagement r\u00e9affirm\u00e9<\/h3>\n<p>L\u2019atelier constitue une \u00e9tape cruciale pour donner un nouvel \u00e9lan \u00e0 la politique nationale d\u2019inclusion. Le Charg\u00e9 de Mission a exprim\u00e9 la reconnaissance du minist\u00e8re \u00e0 UNICEF Burkina pour son appui financier et salu\u00e9 l\u2019ensemble des PTF et acteurs du domaine du handicap pour leur engagement constant en faveur de l\u2019am\u00e9lioration des conditions de vie des personnes handicap\u00e9es.<\/p>\n<blockquote>\n<p>Lire aussi &gt;&gt; <a href=\"https:\/\/www.latribunedufaso.net\/?p=1666\">Forum des personnes handicap\u00e9es : La question de la protection et de la promotion au c\u0153ur d\u2019une journ\u00e9e d\u2019\u00e9changes<\/a><\/p>\n<\/blockquote>\n<h3>Un rappel n\u00e9cessaire<\/h3>\n<p>Le Burkina Faso s\u2019\u00e9tait dot\u00e9 en 2021 d\u2019une premi\u00e8re SN-3PH, align\u00e9e sur ses engagements nationaux et internationaux, notamment la Convention relative aux droits des personnes handicap\u00e9es (CDPH). Arriv\u00e9e \u00e0 terme, cette strat\u00e9gie c\u00e8de aujourd\u2019hui la place \u00e0 une nouvelle vision ambitieuse, tourn\u00e9e vers 2030.<\/p>\n<p><strong>Latribunedufaso.net<\/strong><\/p>\n<p><strong>Source : DCRP\/MAHSN<\/strong><\/p>\n","protected":false},"excerpt":{"rendered":"<p>Du 18 au 22 ao\u00fbt 2025, un atelier technique rassemble tous les acteurs impliqu\u00e9s dans la d\u00e9fense des droits des personnes handicap\u00e9es afin de pr\u00e9parer la nouvelle Strat\u00e9gie Nationale de Protection et de Promotion des Droits des Personnes Handicap\u00e9es (SN-3PH) pour la p\u00e9riode 2026-2030. Les travaux ont \u00e9t\u00e9 ouverts ce 18 ao\u00fbt \u00e0 Bobo-Dioulasso.<\/p>\n","protected":false},"author":5,"featured_media":22881,"comment_status":"open","ping_status":"open","sticky":false,"template":"","format":"standard","meta":{"footnotes":""},"categories":[13,1,8],"tags":[1491,39,1494,1493,1492],"class_list":["post-22879","post","type-post","status-publish","format-standard","has-post-thumbnail","hentry","category-une","category-actu","category-societe","tag-convention-relative-aux-droits-des-personnes-handicapees-cdph","tag-latribunedufaso-net","tag-promotion-des-droits-des-personnes-handicapees","tag-protection-des-personnes-handicapees","tag-unicef"],"yoast_head":"<!-- This site is optimized with the Yoast SEO plugin v27.5 - https:\/\/yoast.com\/product\/yoast-seo-wordpress\/ -->\n<title>Burkina Faso : Vers une nouvelle strat\u00e9gie nationale pour la protection et la promotion des droits des personnes handicap\u00e9es - La Tribune du Faso<\/title>\n<meta name=\"robots\" content=\"index, follow, max-snippet:-1, max-image-preview:large, max-video-preview:-1\" \/>\n<link rel=\"canonical\" href=\"https:\/\/www.latribunedufaso.net\/?p=22879\" \/>\n<meta property=\"og:locale\" content=\"fr_FR\" \/>\n<meta property=\"og:type\" content=\"article\" \/>\n<meta property=\"og:title\" content=\"Burkina Faso : Vers une nouvelle strat\u00e9gie nationale pour la protection et la promotion des droits des personnes handicap\u00e9es - La Tribune du Faso\" \/>\n<meta property=\"og:description\" content=\"Du 18 au 22 ao\u00fbt 2025, un atelier technique rassemble tous les acteurs impliqu\u00e9s dans la d\u00e9fense des droits des personnes handicap\u00e9es afin de pr\u00e9parer la nouvelle Strat\u00e9gie Nationale de Protection et de Promotion des Droits des Personnes Handicap\u00e9es (SN-3PH) pour la p\u00e9riode 2026-2030. Les travaux ont \u00e9t\u00e9 ouverts ce 18 ao\u00fbt \u00e0 Bobo-Dioulasso.\" \/>\n<meta property=\"og:url\" content=\"https:\/\/www.latribunedufaso.net\/?p=22879\" \/>\n<meta property=\"og:site_name\" content=\"La Tribune du Faso\" \/>\n<meta property=\"article:publisher\" content=\"https:\/\/www.facebook.com\/LatribuneduFaso\/\" \/>\n<meta property=\"article:published_time\" content=\"2025-08-21T14:38:32+00:00\" \/>\n<meta property=\"og:image\" content=\"https:\/\/www.latribunedufaso.net\/wp-content\/uploads\/2025\/08\/FB_IMG_1755786352620.jpg\" \/>\n\t<meta property=\"og:image:width\" content=\"1080\" \/>\n\t<meta property=\"og:image:height\" content=\"658\" \/>\n\t<meta property=\"og:image:type\" content=\"image\/jpeg\" \/>\n<meta name=\"author\" content=\"Issouf Tapsoba\" \/>\n<meta name=\"twitter:label1\" content=\"\u00c9crit par\" \/>\n\t<meta name=\"twitter:data1\" content=\"Issouf Tapsoba\" \/>\n\t<meta name=\"twitter:label2\" content=\"Dur\u00e9e de lecture estim\u00e9e\" \/>\n\t<meta name=\"twitter:data2\" content=\"2 minutes\" \/>\n<script type=\"application\/ld+json\" class=\"yoast-schema-graph\">{\"@context\":\"https:\\\/\\\/schema.org\",\"@graph\":[{\"@type\":\"Article\",\"@id\":\"https:\\\/\\\/www.latribunedufaso.net\\\/?p=22879#article\",\"isPartOf\":{\"@id\":\"https:\\\/\\\/www.latribunedufaso.net\\\/?p=22879\"},\"author\":{\"name\":\"Issouf Tapsoba\",\"@id\":\"https:\\\/\\\/www.latribunedufaso.net\\\/#\\\/schema\\\/person\\\/e54e64c5778a7e72cf80a318b7a622b0\"},\"headline\":\"Burkina Faso : Vers une nouvelle strat\u00e9gie nationale pour la protection et la promotion des droits des personnes handicap\u00e9es\",\"datePublished\":\"2025-08-21T14:38:32+00:00\",\"mainEntityOfPage\":{\"@id\":\"https:\\\/\\\/www.latribunedufaso.net\\\/?p=22879\"},\"wordCount\":509,\"commentCount\":0,\"publisher\":{\"@id\":\"https:\\\/\\\/www.latribunedufaso.net\\\/#organization\"},\"image\":{\"@id\":\"https:\\\/\\\/www.latribunedufaso.net\\\/?p=22879#primaryimage\"},\"thumbnailUrl\":\"https:\\\/\\\/www.latribunedufaso.net\\\/wp-content\\\/uploads\\\/2025\\\/08\\\/FB_IMG_1755786352620.jpg\",\"keywords\":[\"Convention relative aux droits des personnes handicap\u00e9es (CDPH)\",\"latribunedufaso.net\",\"Promotion des Droits des Personnes Handicap\u00e9es\",\"Protection des personnes handicap\u00e9es\",\"UNICEF\"],\"articleSection\":[\"A la une\",\"Actualit\u00e9\",\"Soci\u00e9t\u00e9\"],\"inLanguage\":\"fr-FR\",\"potentialAction\":[{\"@type\":\"CommentAction\",\"name\":\"Comment\",\"target\":[\"https:\\\/\\\/www.latribunedufaso.net\\\/?p=22879#respond\"]}]},{\"@type\":\"WebPage\",\"@id\":\"https:\\\/\\\/www.latribunedufaso.net\\\/?p=22879\",\"url\":\"https:\\\/\\\/www.latribunedufaso.net\\\/?p=22879\",\"name\":\"Burkina Faso : Vers une nouvelle strat\u00e9gie nationale pour la protection et la promotion des droits des personnes handicap\u00e9es - La Tribune du Faso\",\"isPartOf\":{\"@id\":\"https:\\\/\\\/www.latribunedufaso.net\\\/#website\"},\"primaryImageOfPage\":{\"@id\":\"https:\\\/\\\/www.latribunedufaso.net\\\/?p=22879#primaryimage\"},\"image\":{\"@id\":\"https:\\\/\\\/www.latribunedufaso.net\\\/?p=22879#primaryimage\"},\"thumbnailUrl\":\"https:\\\/\\\/www.latribunedufaso.net\\\/wp-content\\\/uploads\\\/2025\\\/08\\\/FB_IMG_1755786352620.jpg\",\"datePublished\":\"2025-08-21T14:38:32+00:00\",\"breadcrumb\":{\"@id\":\"https:\\\/\\\/www.latribunedufaso.net\\\/?p=22879#breadcrumb\"},\"inLanguage\":\"fr-FR\",\"potentialAction\":[{\"@type\":\"ReadAction\",\"target\":[\"https:\\\/\\\/www.latribunedufaso.net\\\/?p=22879\"]}]},{\"@type\":\"ImageObject\",\"inLanguage\":\"fr-FR\",\"@id\":\"https:\\\/\\\/www.latribunedufaso.net\\\/?p=22879#primaryimage\",\"url\":\"https:\\\/\\\/www.latribunedufaso.net\\\/wp-content\\\/uploads\\\/2025\\\/08\\\/FB_IMG_1755786352620.jpg\",\"contentUrl\":\"https:\\\/\\\/www.latribunedufaso.net\\\/wp-content\\\/uploads\\\/2025\\\/08\\\/FB_IMG_1755786352620.jpg\",\"width\":1080,\"height\":658,\"caption\":\"Atelier technique des acteurs intervenant dans la d\u00e9fense des droits des personnes handicap\u00e9es, 18 au 22 ao\u00fbt 2025 \u00e0 Bobo\"},{\"@type\":\"BreadcrumbList\",\"@id\":\"https:\\\/\\\/www.latribunedufaso.net\\\/?p=22879#breadcrumb\",\"itemListElement\":[{\"@type\":\"ListItem\",\"position\":1,\"name\":\"Accueil\",\"item\":\"https:\\\/\\\/www.latribunedufaso.net\\\/\"},{\"@type\":\"ListItem\",\"position\":2,\"name\":\"Burkina Faso : Vers une nouvelle strat\u00e9gie nationale pour la protection et la promotion des droits des personnes handicap\u00e9es\"}]},{\"@type\":\"WebSite\",\"@id\":\"https:\\\/\\\/www.latribunedufaso.net\\\/#website\",\"url\":\"https:\\\/\\\/www.latribunedufaso.net\\\/\",\"name\":\"La Tribune du Faso\",\"description\":\"L&#039;information du monde rural en un clic\",\"publisher\":{\"@id\":\"https:\\\/\\\/www.latribunedufaso.net\\\/#organization\"},\"potentialAction\":[{\"@type\":\"SearchAction\",\"target\":{\"@type\":\"EntryPoint\",\"urlTemplate\":\"https:\\\/\\\/www.latribunedufaso.net\\\/?s={search_term_string}\"},\"query-input\":{\"@type\":\"PropertyValueSpecification\",\"valueRequired\":true,\"valueName\":\"search_term_string\"}}],\"inLanguage\":\"fr-FR\"},{\"@type\":\"Organization\",\"@id\":\"https:\\\/\\\/www.latribunedufaso.net\\\/#organization\",\"name\":\"La Tribune du Faso\",\"url\":\"https:\\\/\\\/www.latribunedufaso.net\\\/\",\"logo\":{\"@type\":\"ImageObject\",\"inLanguage\":\"fr-FR\",\"@id\":\"https:\\\/\\\/www.latribunedufaso.net\\\/#\\\/schema\\\/logo\\\/image\\\/\",\"url\":\"https:\\\/\\\/www.latribunedufaso.net\\\/wp-content\\\/uploads\\\/2020\\\/08\\\/Logo-Tribune-du-Faso-final-scaled.jpg\",\"contentUrl\":\"https:\\\/\\\/www.latribunedufaso.net\\\/wp-content\\\/uploads\\\/2020\\\/08\\\/Logo-Tribune-du-Faso-final-scaled.jpg\",\"width\":2560,\"height\":1856,\"caption\":\"La Tribune du Faso\"},\"image\":{\"@id\":\"https:\\\/\\\/www.latribunedufaso.net\\\/#\\\/schema\\\/logo\\\/image\\\/\"},\"sameAs\":[\"https:\\\/\\\/www.facebook.com\\\/LatribuneduFaso\\\/\"]},{\"@type\":\"Person\",\"@id\":\"https:\\\/\\\/www.latribunedufaso.net\\\/#\\\/schema\\\/person\\\/e54e64c5778a7e72cf80a318b7a622b0\",\"name\":\"Issouf Tapsoba\",\"image\":{\"@type\":\"ImageObject\",\"inLanguage\":\"fr-FR\",\"@id\":\"https:\\\/\\\/secure.gravatar.com\\\/avatar\\\/5e6c05150ce3230247d167f5b94d678eb05936197436d69b7921e3a95c9107ac?s=96&d=mm&r=g\",\"url\":\"https:\\\/\\\/secure.gravatar.com\\\/avatar\\\/5e6c05150ce3230247d167f5b94d678eb05936197436d69b7921e3a95c9107ac?s=96&d=mm&r=g\",\"contentUrl\":\"https:\\\/\\\/secure.gravatar.com\\\/avatar\\\/5e6c05150ce3230247d167f5b94d678eb05936197436d69b7921e3a95c9107ac?s=96&d=mm&r=g\",\"caption\":\"Issouf Tapsoba\"},\"url\":\"https:\\\/\\\/www.latribunedufaso.net\\\/?author=5\"}]}<\/script>\n<!-- \/ Yoast SEO plugin. -->","yoast_head_json":{"title":"Burkina Faso : Vers une nouvelle strat\u00e9gie nationale pour la protection et la promotion des droits des personnes handicap\u00e9es - La Tribune du Faso","robots":{"index":"index","follow":"follow","max-snippet":"max-snippet:-1","max-image-preview":"max-image-preview:large","max-video-preview":"max-video-preview:-1"},"canonical":"https:\/\/www.latribunedufaso.net\/?p=22879","og_locale":"fr_FR","og_type":"article","og_title":"Burkina Faso : Vers une nouvelle strat\u00e9gie nationale pour la protection et la promotion des droits des personnes handicap\u00e9es - La Tribune du Faso","og_description":"Du 18 au 22 ao\u00fbt 2025, un atelier technique rassemble tous les acteurs impliqu\u00e9s dans la d\u00e9fense des droits des personnes handicap\u00e9es afin de pr\u00e9parer la nouvelle Strat\u00e9gie Nationale de Protection et de Promotion des Droits des Personnes Handicap\u00e9es (SN-3PH) pour la p\u00e9riode 2026-2030. Les travaux ont \u00e9t\u00e9 ouverts ce 18 ao\u00fbt \u00e0 Bobo-Dioulasso.","og_url":"https:\/\/www.latribunedufaso.net\/?p=22879","og_site_name":"La Tribune du Faso","article_publisher":"https:\/\/www.facebook.com\/LatribuneduFaso\/","article_published_time":"2025-08-21T14:38:32+00:00","og_image":[{"width":1080,"height":658,"url":"https:\/\/www.latribunedufaso.net\/wp-content\/uploads\/2025\/08\/FB_IMG_1755786352620.jpg","type":"image\/jpeg"}],"author":"Issouf Tapsoba","twitter_misc":{"\u00c9crit par":"Issouf Tapsoba","Dur\u00e9e de lecture estim\u00e9e":"2 minutes"},"schema":{"@context":"https:\/\/schema.org","@graph":[{"@type":"Article","@id":"https:\/\/www.latribunedufaso.net\/?p=22879#article","isPartOf":{"@id":"https:\/\/www.latribunedufaso.net\/?p=22879"},"author":{"name":"Issouf Tapsoba","@id":"https:\/\/www.latribunedufaso.net\/#\/schema\/person\/e54e64c5778a7e72cf80a318b7a622b0"},"headline":"Burkina Faso : Vers une nouvelle strat\u00e9gie nationale pour la protection et la promotion des droits des personnes handicap\u00e9es","datePublished":"2025-08-21T14:38:32+00:00","mainEntityOfPage":{"@id":"https:\/\/www.latribunedufaso.net\/?p=22879"},"wordCount":509,"commentCount":0,"publisher":{"@id":"https:\/\/www.latribunedufaso.net\/#organization"},"image":{"@id":"https:\/\/www.latribunedufaso.net\/?p=22879#primaryimage"},"thumbnailUrl":"https:\/\/www.latribunedufaso.net\/wp-content\/uploads\/2025\/08\/FB_IMG_1755786352620.jpg","keywords":["Convention relative aux droits des personnes handicap\u00e9es (CDPH)","latribunedufaso.net","Promotion des Droits des Personnes Handicap\u00e9es","Protection des personnes handicap\u00e9es","UNICEF"],"articleSection":["A la une","Actualit\u00e9","Soci\u00e9t\u00e9"],"inLanguage":"fr-FR","potentialAction":[{"@type":"CommentAction","name":"Comment","target":["https:\/\/www.latribunedufaso.net\/?p=22879#respond"]}]},{"@type":"WebPage","@id":"https:\/\/www.latribunedufaso.net\/?p=22879","url":"https:\/\/www.latribunedufaso.net\/?p=22879","name":"Burkina Faso : Vers une nouvelle strat\u00e9gie nationale pour la protection et la promotion des droits des personnes handicap\u00e9es - La Tribune du Faso","isPartOf":{"@id":"https:\/\/www.latribunedufaso.net\/#website"},"primaryImageOfPage":{"@id":"https:\/\/www.latribunedufaso.net\/?p=22879#primaryimage"},"image":{"@id":"https:\/\/www.latribunedufaso.net\/?p=22879#primaryimage"},"thumbnailUrl":"https:\/\/www.latribunedufaso.net\/wp-content\/uploads\/2025\/08\/FB_IMG_1755786352620.jpg","datePublished":"2025-08-21T14:38:32+00:00","breadcrumb":{"@id":"https:\/\/www.latribunedufaso.net\/?p=22879#breadcrumb"},"inLanguage":"fr-FR","potentialAction":[{"@type":"ReadAction","target":["https:\/\/www.latribunedufaso.net\/?p=22879"]}]},{"@type":"ImageObject","inLanguage":"fr-FR","@id":"https:\/\/www.latribunedufaso.net\/?p=22879#primaryimage","url":"https:\/\/www.latribunedufaso.net\/wp-content\/uploads\/2025\/08\/FB_IMG_1755786352620.jpg","contentUrl":"https:\/\/www.latribunedufaso.net\/wp-content\/uploads\/2025\/08\/FB_IMG_1755786352620.jpg","width":1080,"height":658,"caption":"Atelier technique des acteurs intervenant dans la d\u00e9fense des droits des personnes handicap\u00e9es, 18 au 22 ao\u00fbt 2025 \u00e0 Bobo"},{"@type":"BreadcrumbList","@id":"https:\/\/www.latribunedufaso.net\/?p=22879#breadcrumb","itemListElement":[{"@type":"ListItem","position":1,"name":"Accueil","item":"https:\/\/www.latribunedufaso.net\/"},{"@type":"ListItem","position":2,"name":"Burkina Faso : Vers une nouvelle strat\u00e9gie nationale pour la protection et la promotion des droits des personnes handicap\u00e9es"}]},{"@type":"WebSite","@id":"https:\/\/www.latribunedufaso.net\/#website","url":"https:\/\/www.latribunedufaso.net\/","name":"La Tribune du Faso","description":"L&#039;information du monde rural en un clic","publisher":{"@id":"https:\/\/www.latribunedufaso.net\/#organization"},"potentialAction":[{"@type":"SearchAction","target":{"@type":"EntryPoint","urlTemplate":"https:\/\/www.latribunedufaso.net\/?s={search_term_string}"},"query-input":{"@type":"PropertyValueSpecification","valueRequired":true,"valueName":"search_term_string"}}],"inLanguage":"fr-FR"},{"@type":"Organization","@id":"https:\/\/www.latribunedufaso.net\/#organization","name":"La Tribune du Faso","url":"https:\/\/www.latribunedufaso.net\/","logo":{"@type":"ImageObject","inLanguage":"fr-FR","@id":"https:\/\/www.latribunedufaso.net\/#\/schema\/logo\/image\/","url":"https:\/\/www.latribunedufaso.net\/wp-content\/uploads\/2020\/08\/Logo-Tribune-du-Faso-final-scaled.jpg","contentUrl":"https:\/\/www.latribunedufaso.net\/wp-content\/uploads\/2020\/08\/Logo-Tribune-du-Faso-final-scaled.jpg","width":2560,"height":1856,"caption":"La Tribune du Faso"},"image":{"@id":"https:\/\/www.latribunedufaso.net\/#\/schema\/logo\/image\/"},"sameAs":["https:\/\/www.facebook.com\/LatribuneduFaso\/"]},{"@type":"Person","@id":"https:\/\/www.latribunedufaso.net\/#\/schema\/person\/e54e64c5778a7e72cf80a318b7a622b0","name":"Issouf Tapsoba","image":{"@type":"ImageObject","inLanguage":"fr-FR","@id":"https:\/\/secure.gravatar.com\/avatar\/5e6c05150ce3230247d167f5b94d678eb05936197436d69b7921e3a95c9107ac?s=96&d=mm&r=g","url":"https:\/\/secure.gravatar.com\/avatar\/5e6c05150ce3230247d167f5b94d678eb05936197436d69b7921e3a95c9107ac?s=96&d=mm&r=g","contentUrl":"https:\/\/secure.gravatar.com\/avatar\/5e6c05150ce3230247d167f5b94d678eb05936197436d69b7921e3a95c9107ac?s=96&d=mm&r=g","caption":"Issouf Tapsoba"},"url":"https:\/\/www.latribunedufaso.net\/?author=5"}]}},"_links":{"self":[{"href":"https:\/\/www.latribunedufaso.net\/index.php?rest_route=\/wp\/v2\/posts\/22879","targetHints":{"allow":["GET"]}}],"collection":[{"href":"https:\/\/www.latribunedufaso.net\/index.php?rest_route=\/wp\/v2\/posts"}],"about":[{"href":"https:\/\/www.latribunedufaso.net\/index.php?rest_route=\/wp\/v2\/types\/post"}],"author":[{"embeddable":true,"href":"https:\/\/www.latribunedufaso.net\/index.php?rest_route=\/wp\/v2\/users\/5"}],"replies":[{"embeddable":true,"href":"https:\/\/www.latribunedufaso.net\/index.php?rest_route=%2Fwp%2Fv2%2Fcomments&post=22879"}],"version-history":[{"count":2,"href":"https:\/\/www.latribunedufaso.net\/index.php?rest_route=\/wp\/v2\/posts\/22879\/revisions"}],"predecessor-version":[{"id":22885,"href":"https:\/\/www.latribunedufaso.net\/index.php?rest_route=\/wp\/v2\/posts\/22879\/revisions\/22885"}],"wp:featuredmedia":[{"embeddable":true,"href":"https:\/\/www.latribunedufaso.net\/index.php?rest_route=\/wp\/v2\/media\/22881"}],"wp:attachment":[{"href":"https:\/\/www.latribunedufaso.net\/index.php?rest_route=%2Fwp%2Fv2%2Fmedia&parent=22879"}],"wp:term":[{"taxonomy":"category","embeddable":true,"href":"https:\/\/www.latribunedufaso.net\/index.php?rest_route=%2Fwp%2Fv2%2Fcategories&post=22879"},{"taxonomy":"post_tag","embeddable":true,"href":"https:\/\/www.latribunedufaso.net\/index.php?rest_route=%2Fwp%2Fv2%2Ftags&post=22879"}],"curies":[{"name":"wp","href":"https:\/\/api.w.org\/{rel}","templated":true}]}}