{"id":22873,"date":"2025-08-21T14:07:44","date_gmt":"2025-08-21T14:07:44","guid":{"rendered":"https:\/\/www.latribunedufaso.net\/?p=22873"},"modified":"2025-08-21T14:07:44","modified_gmt":"2025-08-21T14:07:44","slug":"visite-au-mali-le-premier-ministre-burkinabe-a-lecoute-de-la-diaspora","status":"publish","type":"post","link":"https:\/\/www.latribunedufaso.net\/?p=22873","title":{"rendered":"Visite au Mali : Le Premier ministre burkinab\u00e8 a l\u2019\u00e9coute de la diaspora\u00a0"},"content":{"rendered":"<p><strong>Dans le cadre de sa visite d\u2019amiti\u00e9 \u00e0 Bamako, le Premier ministre du Burkina Faso, Jean Emmanuel Ou\u00e9draogo, a rencontr\u00e9, ce 20 ao\u00fbt 2025, la communaut\u00e9 burkinab\u00e8 vivant au Mali. Organis\u00e9e \u00e0 l\u2019ambassade du Burkina Faso, la rencontre s\u2019est d\u00e9roul\u00e9e dans une atmosph\u00e8re conviviale et fraternelle, offrant un espace d\u2019\u00e9changes directs autour des principales pr\u00e9occupations des compatriotes de la juridiction.<\/strong><!--more--><\/p>\n<p>\u200eDans son mot introductif, l\u2019ambassadeur du Burkina Faso au Mali, Julienne Dembel\u00e9 n\u00e9e Sanon, a exprim\u00e9 sa gratitude au Chef du Gouvernement pour l\u2019attention port\u00e9e \u00e0 la diaspora. Elle a salu\u00e9 l\u2019organisation r\u00e9cente d\u2019une mission consulaire, qui a permis \u00e0 de nombreux Burkinab\u00e8 de r\u00e9gulariser leurs documents, tout en plaidant pour l\u2019envoi d\u2019une nouvelle mission afin de r\u00e9pondre aux besoins persistants. Le repr\u00e9sentant de la communaut\u00e9 a, pour sa part, d\u00e9nonc\u00e9 les tracasseries rencontr\u00e9es lors des contr\u00f4les de routine et aux fronti\u00e8res.<\/p>\n<figure id=\"attachment_22876\" aria-describedby=\"caption-attachment-22876\" style=\"width: 1280px\" class=\"wp-caption aligncenter\"><a href=\"https:\/\/www.latribunedufaso.net\/wp-content\/uploads\/2025\/08\/FB_IMG_1755784876024.jpg\"><img loading=\"lazy\" decoding=\"async\" class=\"size-full wp-image-22876\" src=\"https:\/\/www.latribunedufaso.net\/wp-content\/uploads\/2025\/08\/FB_IMG_1755784876024.jpg\" alt=\"Dans le cadre de sa visite d\u2019amiti\u00e9 \u00e0 Bamako, le Premier ministre du Burkina Faso, Jean Emmanuel Ou\u00e9draogo, a rencontr\u00e9, ce 20 ao\u00fbt 2025, la communaut\u00e9 burkinab\u00e8 vivant au Mali\" width=\"1280\" height=\"879\" srcset=\"https:\/\/www.latribunedufaso.net\/wp-content\/uploads\/2025\/08\/FB_IMG_1755784876024.jpg 1280w, https:\/\/www.latribunedufaso.net\/wp-content\/uploads\/2025\/08\/FB_IMG_1755784876024-300x206.jpg 300w, https:\/\/www.latribunedufaso.net\/wp-content\/uploads\/2025\/08\/FB_IMG_1755784876024-1024x703.jpg 1024w, https:\/\/www.latribunedufaso.net\/wp-content\/uploads\/2025\/08\/FB_IMG_1755784876024-768x527.jpg 768w\" sizes=\"auto, (max-width: 1280px) 100vw, 1280px\" \/><\/a><figcaption id=\"caption-attachment-22876\" class=\"wp-caption-text\">Le Premier ministre, Jean Emmanuel Ou\u00e9draogo &#8211; Ph. DR<\/figcaption><\/figure>\n<p>\u200eLe Premier ministre, attentif aux dol\u00e9ances, a tenu \u00e0 rassurer ses compatriotes. Il a salu\u00e9 la contribution des Burkinab\u00e8 du Mali au d\u00e9veloppement des deux pays et rappel\u00e9 que le minist\u00e8re des Affaires \u00e9trang\u00e8res \u0153uvre \u00e0 renforcer l\u2019implication de la diaspora dans les initiatives de d\u00e9veloppement en cours au pays. Concernant les documents administratifs, il a esquiss\u00e9 des solutions conjoncturelles, comme l\u2019envoi de missions consulaires, avant d\u2019annoncer que la dynamique de d\u00e9mat\u00e9rialisation d\u00e9j\u00e0 enclench\u00e9e permettra bient\u00f4t d\u2019obtenir certains actes essentiels sans devoir se d\u00e9placer jusqu\u2019au Burkina Faso. D\u00e9plorant les tracasseries aux fronti\u00e8res, il a rappel\u00e9 qu\u2019elles ne sont pas dignes de la vision d\u2019int\u00e9gration d\u00e9fendue par les leaders de l\u2019Alliance des \u00c9tats du Sahel (AES).<\/p>\n<p><em><strong>\u200e\u00ab Soyez de bons citoyens burkinab\u00e8, car \u00eatre Burkinab\u00e8, c\u2019est \u00eatre int\u00e8gre \u00bb,<\/strong><\/em> a-t-il lanc\u00e9 dans un appel vibrant.<\/p>\n<figure id=\"attachment_22877\" aria-describedby=\"caption-attachment-22877\" style=\"width: 1280px\" class=\"wp-caption aligncenter\"><a href=\"https:\/\/www.latribunedufaso.net\/wp-content\/uploads\/2025\/08\/FB_IMG_1755784879899.jpg\"><img loading=\"lazy\" decoding=\"async\" class=\"size-full wp-image-22877\" src=\"https:\/\/www.latribunedufaso.net\/wp-content\/uploads\/2025\/08\/FB_IMG_1755784879899.jpg\" alt=\"Dans le cadre de sa visite d\u2019amiti\u00e9 \u00e0 Bamako, le Premier ministre du Burkina Faso, Jean Emmanuel Ou\u00e9draogo, a rencontr\u00e9, ce 20 ao\u00fbt 2025, la communaut\u00e9 burkinab\u00e8 vivant au Mali\" width=\"1280\" height=\"841\" srcset=\"https:\/\/www.latribunedufaso.net\/wp-content\/uploads\/2025\/08\/FB_IMG_1755784879899.jpg 1280w, https:\/\/www.latribunedufaso.net\/wp-content\/uploads\/2025\/08\/FB_IMG_1755784879899-300x197.jpg 300w, https:\/\/www.latribunedufaso.net\/wp-content\/uploads\/2025\/08\/FB_IMG_1755784879899-1024x673.jpg 1024w, https:\/\/www.latribunedufaso.net\/wp-content\/uploads\/2025\/08\/FB_IMG_1755784879899-768x505.jpg 768w, https:\/\/www.latribunedufaso.net\/wp-content\/uploads\/2025\/08\/FB_IMG_1755784879899-120x80.jpg 120w\" sizes=\"auto, (max-width: 1280px) 100vw, 1280px\" \/><\/a><figcaption id=\"caption-attachment-22877\" class=\"wp-caption-text\">Une vue des participants \u00e0 la rencontre &#8211; Ph. DR<\/figcaption><\/figure>\n<p>Tr\u00e8s mobilis\u00e9e, la communaut\u00e9 a exprim\u00e9 sa reconnaissance au Premier ministre pour sa pr\u00e9sence, l\u2019a f\u00e9licit\u00e9 pour sa nomination et pour son leadership, et a r\u00e9affirm\u00e9 sa volont\u00e9 de consentir des sacrifices afin d\u2019accompagner les autorit\u00e9s dans les r\u00e9formes engag\u00e9es.<\/p>\n<p>Lire aussi &gt;&gt; <a href=\"https:\/\/www.latribunedufaso.net\/?p=22630\">Mobilit\u00e9 urbaine : Le Premier ministre remet les cl\u00e9s de 155 nouveaux bus \u00e0 la SOTRACO\u00a0<\/a><\/p>\n<p>\u200eLa rencontre s\u2019est achev\u00e9e sur une note de confiance et d\u2019espoir, illustrant le renforcement continu des liens entre l\u2019\u00c9tat burkinab\u00e8 et sa diaspora au Mali.<\/p>\n<p><strong>Latribunedufaso.net<\/strong><\/p>\n<p><strong>Source : DCRP\/Primature<\/strong><\/p>\n","protected":false},"excerpt":{"rendered":"<p>Dans le cadre de sa visite d\u2019amiti\u00e9 \u00e0 Bamako, le Premier ministre du Burkina Faso, Jean Emmanuel Ou\u00e9draogo, a rencontr\u00e9, ce 20 ao\u00fbt 2025, la communaut\u00e9 burkinab\u00e8 vivant au Mali. Organis\u00e9e \u00e0 l\u2019ambassade du Burkina Faso, la rencontre s\u2019est d\u00e9roul\u00e9e dans une atmosph\u00e8re conviviale et fraternelle, offrant un espace d\u2019\u00e9changes directs autour des principales pr\u00e9occupations des compatriotes de la juridiction.<\/p>\n","protected":false},"author":5,"featured_media":22875,"comment_status":"open","ping_status":"open","sticky":false,"template":"","format":"standard","meta":{"footnotes":""},"categories":[13,1,8],"tags":[577,1490,39,1254],"class_list":["post-22873","post","type-post","status-publish","format-standard","has-post-thumbnail","hentry","category-une","category-actu","category-societe","tag-alliance-des-etats-du-sahel-aes","tag-cooperation-burkina-mali","tag-latribunedufaso-net","tag-mali"],"yoast_head":"<!-- This site is optimized with the Yoast SEO plugin v27.4 - https:\/\/yoast.com\/product\/yoast-seo-wordpress\/ -->\n<title>Visite au Mali : Le Premier ministre burkinab\u00e8 a l\u2019\u00e9coute de la diaspora\u00a0 - La Tribune du Faso<\/title>\n<meta name=\"robots\" content=\"index, follow, max-snippet:-1, max-image-preview:large, max-video-preview:-1\" \/>\n<link rel=\"canonical\" href=\"https:\/\/www.latribunedufaso.net\/?p=22873\" \/>\n<meta property=\"og:locale\" content=\"fr_FR\" \/>\n<meta property=\"og:type\" content=\"article\" \/>\n<meta property=\"og:title\" content=\"Visite au Mali : Le Premier ministre burkinab\u00e8 a l\u2019\u00e9coute de la diaspora\u00a0 - La Tribune du Faso\" \/>\n<meta property=\"og:description\" content=\"Dans le cadre de sa visite d\u2019amiti\u00e9 \u00e0 Bamako, le Premier ministre du Burkina Faso, Jean Emmanuel Ou\u00e9draogo, a rencontr\u00e9, ce 20 ao\u00fbt 2025, la communaut\u00e9 burkinab\u00e8 vivant au Mali. Organis\u00e9e \u00e0 l\u2019ambassade du Burkina Faso, la rencontre s\u2019est d\u00e9roul\u00e9e dans une atmosph\u00e8re conviviale et fraternelle, offrant un espace d\u2019\u00e9changes directs autour des principales pr\u00e9occupations des compatriotes de la juridiction.\" \/>\n<meta property=\"og:url\" content=\"https:\/\/www.latribunedufaso.net\/?p=22873\" \/>\n<meta property=\"og:site_name\" content=\"La Tribune du Faso\" \/>\n<meta property=\"article:publisher\" content=\"https:\/\/www.facebook.com\/LatribuneduFaso\/\" \/>\n<meta property=\"article:published_time\" content=\"2025-08-21T14:07:44+00:00\" \/>\n<meta property=\"og:image\" content=\"https:\/\/www.latribunedufaso.net\/wp-content\/uploads\/2025\/08\/FB_IMG_1755784871944.jpg\" \/>\n\t<meta property=\"og:image:width\" content=\"1280\" \/>\n\t<meta property=\"og:image:height\" content=\"809\" \/>\n\t<meta property=\"og:image:type\" content=\"image\/jpeg\" \/>\n<meta name=\"author\" content=\"Issouf Tapsoba\" \/>\n<meta name=\"twitter:label1\" content=\"\u00c9crit par\" \/>\n\t<meta name=\"twitter:data1\" content=\"Issouf Tapsoba\" \/>\n\t<meta name=\"twitter:label2\" content=\"Dur\u00e9e de lecture estim\u00e9e\" \/>\n\t<meta name=\"twitter:data2\" content=\"2 minutes\" \/>\n<script type=\"application\/ld+json\" class=\"yoast-schema-graph\">{\"@context\":\"https:\\\/\\\/schema.org\",\"@graph\":[{\"@type\":\"Article\",\"@id\":\"https:\\\/\\\/www.latribunedufaso.net\\\/?p=22873#article\",\"isPartOf\":{\"@id\":\"https:\\\/\\\/www.latribunedufaso.net\\\/?p=22873\"},\"author\":{\"name\":\"Issouf Tapsoba\",\"@id\":\"https:\\\/\\\/www.latribunedufaso.net\\\/#\\\/schema\\\/person\\\/e54e64c5778a7e72cf80a318b7a622b0\"},\"headline\":\"Visite au Mali : Le Premier ministre burkinab\u00e8 a l\u2019\u00e9coute de la diaspora\u00a0\",\"datePublished\":\"2025-08-21T14:07:44+00:00\",\"mainEntityOfPage\":{\"@id\":\"https:\\\/\\\/www.latribunedufaso.net\\\/?p=22873\"},\"wordCount\":466,\"commentCount\":0,\"publisher\":{\"@id\":\"https:\\\/\\\/www.latribunedufaso.net\\\/#organization\"},\"image\":{\"@id\":\"https:\\\/\\\/www.latribunedufaso.net\\\/?p=22873#primaryimage\"},\"thumbnailUrl\":\"https:\\\/\\\/www.latribunedufaso.net\\\/wp-content\\\/uploads\\\/2025\\\/08\\\/FB_IMG_1755784871944.jpg\",\"keywords\":[\"Alliance des \u00c9tats du Sahel (AES)\",\"Coop\u00e9ration Burkina- mali\",\"latribunedufaso.net\",\"Mali\"],\"articleSection\":[\"A la une\",\"Actualit\u00e9\",\"Soci\u00e9t\u00e9\"],\"inLanguage\":\"fr-FR\",\"potentialAction\":[{\"@type\":\"CommentAction\",\"name\":\"Comment\",\"target\":[\"https:\\\/\\\/www.latribunedufaso.net\\\/?p=22873#respond\"]}]},{\"@type\":\"WebPage\",\"@id\":\"https:\\\/\\\/www.latribunedufaso.net\\\/?p=22873\",\"url\":\"https:\\\/\\\/www.latribunedufaso.net\\\/?p=22873\",\"name\":\"Visite au Mali : Le Premier ministre burkinab\u00e8 a l\u2019\u00e9coute de la diaspora\u00a0 - La Tribune du Faso\",\"isPartOf\":{\"@id\":\"https:\\\/\\\/www.latribunedufaso.net\\\/#website\"},\"primaryImageOfPage\":{\"@id\":\"https:\\\/\\\/www.latribunedufaso.net\\\/?p=22873#primaryimage\"},\"image\":{\"@id\":\"https:\\\/\\\/www.latribunedufaso.net\\\/?p=22873#primaryimage\"},\"thumbnailUrl\":\"https:\\\/\\\/www.latribunedufaso.net\\\/wp-content\\\/uploads\\\/2025\\\/08\\\/FB_IMG_1755784871944.jpg\",\"datePublished\":\"2025-08-21T14:07:44+00:00\",\"breadcrumb\":{\"@id\":\"https:\\\/\\\/www.latribunedufaso.net\\\/?p=22873#breadcrumb\"},\"inLanguage\":\"fr-FR\",\"potentialAction\":[{\"@type\":\"ReadAction\",\"target\":[\"https:\\\/\\\/www.latribunedufaso.net\\\/?p=22873\"]}]},{\"@type\":\"ImageObject\",\"inLanguage\":\"fr-FR\",\"@id\":\"https:\\\/\\\/www.latribunedufaso.net\\\/?p=22873#primaryimage\",\"url\":\"https:\\\/\\\/www.latribunedufaso.net\\\/wp-content\\\/uploads\\\/2025\\\/08\\\/FB_IMG_1755784871944.jpg\",\"contentUrl\":\"https:\\\/\\\/www.latribunedufaso.net\\\/wp-content\\\/uploads\\\/2025\\\/08\\\/FB_IMG_1755784871944.jpg\",\"width\":1280,\"height\":809,\"caption\":\"Dans le cadre de sa visite d\u2019amiti\u00e9 \u00e0 Bamako, le Premier ministre du Burkina Faso, Jean Emmanuel Ou\u00e9draogo, a rencontr\u00e9, ce 20 ao\u00fbt 2025, la communaut\u00e9 burkinab\u00e8 vivant au Mali\"},{\"@type\":\"BreadcrumbList\",\"@id\":\"https:\\\/\\\/www.latribunedufaso.net\\\/?p=22873#breadcrumb\",\"itemListElement\":[{\"@type\":\"ListItem\",\"position\":1,\"name\":\"Accueil\",\"item\":\"https:\\\/\\\/www.latribunedufaso.net\\\/\"},{\"@type\":\"ListItem\",\"position\":2,\"name\":\"Visite au Mali : Le Premier ministre burkinab\u00e8 a l\u2019\u00e9coute de la diaspora\u00a0\"}]},{\"@type\":\"WebSite\",\"@id\":\"https:\\\/\\\/www.latribunedufaso.net\\\/#website\",\"url\":\"https:\\\/\\\/www.latribunedufaso.net\\\/\",\"name\":\"La Tribune du Faso\",\"description\":\"L&#039;information du monde rural en un clic\",\"publisher\":{\"@id\":\"https:\\\/\\\/www.latribunedufaso.net\\\/#organization\"},\"potentialAction\":[{\"@type\":\"SearchAction\",\"target\":{\"@type\":\"EntryPoint\",\"urlTemplate\":\"https:\\\/\\\/www.latribunedufaso.net\\\/?s={search_term_string}\"},\"query-input\":{\"@type\":\"PropertyValueSpecification\",\"valueRequired\":true,\"valueName\":\"search_term_string\"}}],\"inLanguage\":\"fr-FR\"},{\"@type\":\"Organization\",\"@id\":\"https:\\\/\\\/www.latribunedufaso.net\\\/#organization\",\"name\":\"La Tribune du Faso\",\"url\":\"https:\\\/\\\/www.latribunedufaso.net\\\/\",\"logo\":{\"@type\":\"ImageObject\",\"inLanguage\":\"fr-FR\",\"@id\":\"https:\\\/\\\/www.latribunedufaso.net\\\/#\\\/schema\\\/logo\\\/image\\\/\",\"url\":\"https:\\\/\\\/www.latribunedufaso.net\\\/wp-content\\\/uploads\\\/2020\\\/08\\\/Logo-Tribune-du-Faso-final-scaled.jpg\",\"contentUrl\":\"https:\\\/\\\/www.latribunedufaso.net\\\/wp-content\\\/uploads\\\/2020\\\/08\\\/Logo-Tribune-du-Faso-final-scaled.jpg\",\"width\":2560,\"height\":1856,\"caption\":\"La Tribune du Faso\"},\"image\":{\"@id\":\"https:\\\/\\\/www.latribunedufaso.net\\\/#\\\/schema\\\/logo\\\/image\\\/\"},\"sameAs\":[\"https:\\\/\\\/www.facebook.com\\\/LatribuneduFaso\\\/\"]},{\"@type\":\"Person\",\"@id\":\"https:\\\/\\\/www.latribunedufaso.net\\\/#\\\/schema\\\/person\\\/e54e64c5778a7e72cf80a318b7a622b0\",\"name\":\"Issouf Tapsoba\",\"image\":{\"@type\":\"ImageObject\",\"inLanguage\":\"fr-FR\",\"@id\":\"https:\\\/\\\/secure.gravatar.com\\\/avatar\\\/5e6c05150ce3230247d167f5b94d678eb05936197436d69b7921e3a95c9107ac?s=96&d=mm&r=g\",\"url\":\"https:\\\/\\\/secure.gravatar.com\\\/avatar\\\/5e6c05150ce3230247d167f5b94d678eb05936197436d69b7921e3a95c9107ac?s=96&d=mm&r=g\",\"contentUrl\":\"https:\\\/\\\/secure.gravatar.com\\\/avatar\\\/5e6c05150ce3230247d167f5b94d678eb05936197436d69b7921e3a95c9107ac?s=96&d=mm&r=g\",\"caption\":\"Issouf Tapsoba\"},\"url\":\"https:\\\/\\\/www.latribunedufaso.net\\\/?author=5\"}]}<\/script>\n<!-- \/ Yoast SEO plugin. -->","yoast_head_json":{"title":"Visite au Mali : Le Premier ministre burkinab\u00e8 a l\u2019\u00e9coute de la diaspora\u00a0 - La Tribune du Faso","robots":{"index":"index","follow":"follow","max-snippet":"max-snippet:-1","max-image-preview":"max-image-preview:large","max-video-preview":"max-video-preview:-1"},"canonical":"https:\/\/www.latribunedufaso.net\/?p=22873","og_locale":"fr_FR","og_type":"article","og_title":"Visite au Mali : Le Premier ministre burkinab\u00e8 a l\u2019\u00e9coute de la diaspora\u00a0 - La Tribune du Faso","og_description":"Dans le cadre de sa visite d\u2019amiti\u00e9 \u00e0 Bamako, le Premier ministre du Burkina Faso, Jean Emmanuel Ou\u00e9draogo, a rencontr\u00e9, ce 20 ao\u00fbt 2025, la communaut\u00e9 burkinab\u00e8 vivant au Mali. Organis\u00e9e \u00e0 l\u2019ambassade du Burkina Faso, la rencontre s\u2019est d\u00e9roul\u00e9e dans une atmosph\u00e8re conviviale et fraternelle, offrant un espace d\u2019\u00e9changes directs autour des principales pr\u00e9occupations des compatriotes de la juridiction.","og_url":"https:\/\/www.latribunedufaso.net\/?p=22873","og_site_name":"La Tribune du Faso","article_publisher":"https:\/\/www.facebook.com\/LatribuneduFaso\/","article_published_time":"2025-08-21T14:07:44+00:00","og_image":[{"width":1280,"height":809,"url":"https:\/\/www.latribunedufaso.net\/wp-content\/uploads\/2025\/08\/FB_IMG_1755784871944.jpg","type":"image\/jpeg"}],"author":"Issouf Tapsoba","twitter_misc":{"\u00c9crit par":"Issouf Tapsoba","Dur\u00e9e de lecture estim\u00e9e":"2 minutes"},"schema":{"@context":"https:\/\/schema.org","@graph":[{"@type":"Article","@id":"https:\/\/www.latribunedufaso.net\/?p=22873#article","isPartOf":{"@id":"https:\/\/www.latribunedufaso.net\/?p=22873"},"author":{"name":"Issouf Tapsoba","@id":"https:\/\/www.latribunedufaso.net\/#\/schema\/person\/e54e64c5778a7e72cf80a318b7a622b0"},"headline":"Visite au Mali : Le Premier ministre burkinab\u00e8 a l\u2019\u00e9coute de la diaspora\u00a0","datePublished":"2025-08-21T14:07:44+00:00","mainEntityOfPage":{"@id":"https:\/\/www.latribunedufaso.net\/?p=22873"},"wordCount":466,"commentCount":0,"publisher":{"@id":"https:\/\/www.latribunedufaso.net\/#organization"},"image":{"@id":"https:\/\/www.latribunedufaso.net\/?p=22873#primaryimage"},"thumbnailUrl":"https:\/\/www.latribunedufaso.net\/wp-content\/uploads\/2025\/08\/FB_IMG_1755784871944.jpg","keywords":["Alliance des \u00c9tats du Sahel (AES)","Coop\u00e9ration Burkina- mali","latribunedufaso.net","Mali"],"articleSection":["A la une","Actualit\u00e9","Soci\u00e9t\u00e9"],"inLanguage":"fr-FR","potentialAction":[{"@type":"CommentAction","name":"Comment","target":["https:\/\/www.latribunedufaso.net\/?p=22873#respond"]}]},{"@type":"WebPage","@id":"https:\/\/www.latribunedufaso.net\/?p=22873","url":"https:\/\/www.latribunedufaso.net\/?p=22873","name":"Visite au Mali : Le Premier ministre burkinab\u00e8 a l\u2019\u00e9coute de la diaspora\u00a0 - La Tribune du Faso","isPartOf":{"@id":"https:\/\/www.latribunedufaso.net\/#website"},"primaryImageOfPage":{"@id":"https:\/\/www.latribunedufaso.net\/?p=22873#primaryimage"},"image":{"@id":"https:\/\/www.latribunedufaso.net\/?p=22873#primaryimage"},"thumbnailUrl":"https:\/\/www.latribunedufaso.net\/wp-content\/uploads\/2025\/08\/FB_IMG_1755784871944.jpg","datePublished":"2025-08-21T14:07:44+00:00","breadcrumb":{"@id":"https:\/\/www.latribunedufaso.net\/?p=22873#breadcrumb"},"inLanguage":"fr-FR","potentialAction":[{"@type":"ReadAction","target":["https:\/\/www.latribunedufaso.net\/?p=22873"]}]},{"@type":"ImageObject","inLanguage":"fr-FR","@id":"https:\/\/www.latribunedufaso.net\/?p=22873#primaryimage","url":"https:\/\/www.latribunedufaso.net\/wp-content\/uploads\/2025\/08\/FB_IMG_1755784871944.jpg","contentUrl":"https:\/\/www.latribunedufaso.net\/wp-content\/uploads\/2025\/08\/FB_IMG_1755784871944.jpg","width":1280,"height":809,"caption":"Dans le cadre de sa visite d\u2019amiti\u00e9 \u00e0 Bamako, le Premier ministre du Burkina Faso, Jean Emmanuel Ou\u00e9draogo, a rencontr\u00e9, ce 20 ao\u00fbt 2025, la communaut\u00e9 burkinab\u00e8 vivant au Mali"},{"@type":"BreadcrumbList","@id":"https:\/\/www.latribunedufaso.net\/?p=22873#breadcrumb","itemListElement":[{"@type":"ListItem","position":1,"name":"Accueil","item":"https:\/\/www.latribunedufaso.net\/"},{"@type":"ListItem","position":2,"name":"Visite au Mali : Le Premier ministre burkinab\u00e8 a l\u2019\u00e9coute de la diaspora\u00a0"}]},{"@type":"WebSite","@id":"https:\/\/www.latribunedufaso.net\/#website","url":"https:\/\/www.latribunedufaso.net\/","name":"La Tribune du Faso","description":"L&#039;information du monde rural en un clic","publisher":{"@id":"https:\/\/www.latribunedufaso.net\/#organization"},"potentialAction":[{"@type":"SearchAction","target":{"@type":"EntryPoint","urlTemplate":"https:\/\/www.latribunedufaso.net\/?s={search_term_string}"},"query-input":{"@type":"PropertyValueSpecification","valueRequired":true,"valueName":"search_term_string"}}],"inLanguage":"fr-FR"},{"@type":"Organization","@id":"https:\/\/www.latribunedufaso.net\/#organization","name":"La Tribune du Faso","url":"https:\/\/www.latribunedufaso.net\/","logo":{"@type":"ImageObject","inLanguage":"fr-FR","@id":"https:\/\/www.latribunedufaso.net\/#\/schema\/logo\/image\/","url":"https:\/\/www.latribunedufaso.net\/wp-content\/uploads\/2020\/08\/Logo-Tribune-du-Faso-final-scaled.jpg","contentUrl":"https:\/\/www.latribunedufaso.net\/wp-content\/uploads\/2020\/08\/Logo-Tribune-du-Faso-final-scaled.jpg","width":2560,"height":1856,"caption":"La Tribune du Faso"},"image":{"@id":"https:\/\/www.latribunedufaso.net\/#\/schema\/logo\/image\/"},"sameAs":["https:\/\/www.facebook.com\/LatribuneduFaso\/"]},{"@type":"Person","@id":"https:\/\/www.latribunedufaso.net\/#\/schema\/person\/e54e64c5778a7e72cf80a318b7a622b0","name":"Issouf Tapsoba","image":{"@type":"ImageObject","inLanguage":"fr-FR","@id":"https:\/\/secure.gravatar.com\/avatar\/5e6c05150ce3230247d167f5b94d678eb05936197436d69b7921e3a95c9107ac?s=96&d=mm&r=g","url":"https:\/\/secure.gravatar.com\/avatar\/5e6c05150ce3230247d167f5b94d678eb05936197436d69b7921e3a95c9107ac?s=96&d=mm&r=g","contentUrl":"https:\/\/secure.gravatar.com\/avatar\/5e6c05150ce3230247d167f5b94d678eb05936197436d69b7921e3a95c9107ac?s=96&d=mm&r=g","caption":"Issouf Tapsoba"},"url":"https:\/\/www.latribunedufaso.net\/?author=5"}]}},"_links":{"self":[{"href":"https:\/\/www.latribunedufaso.net\/index.php?rest_route=\/wp\/v2\/posts\/22873","targetHints":{"allow":["GET"]}}],"collection":[{"href":"https:\/\/www.latribunedufaso.net\/index.php?rest_route=\/wp\/v2\/posts"}],"about":[{"href":"https:\/\/www.latribunedufaso.net\/index.php?rest_route=\/wp\/v2\/types\/post"}],"author":[{"embeddable":true,"href":"https:\/\/www.latribunedufaso.net\/index.php?rest_route=\/wp\/v2\/users\/5"}],"replies":[{"embeddable":true,"href":"https:\/\/www.latribunedufaso.net\/index.php?rest_route=%2Fwp%2Fv2%2Fcomments&post=22873"}],"version-history":[{"count":2,"href":"https:\/\/www.latribunedufaso.net\/index.php?rest_route=\/wp\/v2\/posts\/22873\/revisions"}],"predecessor-version":[{"id":22878,"href":"https:\/\/www.latribunedufaso.net\/index.php?rest_route=\/wp\/v2\/posts\/22873\/revisions\/22878"}],"wp:featuredmedia":[{"embeddable":true,"href":"https:\/\/www.latribunedufaso.net\/index.php?rest_route=\/wp\/v2\/media\/22875"}],"wp:attachment":[{"href":"https:\/\/www.latribunedufaso.net\/index.php?rest_route=%2Fwp%2Fv2%2Fmedia&parent=22873"}],"wp:term":[{"taxonomy":"category","embeddable":true,"href":"https:\/\/www.latribunedufaso.net\/index.php?rest_route=%2Fwp%2Fv2%2Fcategories&post=22873"},{"taxonomy":"post_tag","embeddable":true,"href":"https:\/\/www.latribunedufaso.net\/index.php?rest_route=%2Fwp%2Fv2%2Ftags&post=22873"}],"curies":[{"name":"wp","href":"https:\/\/api.w.org\/{rel}","templated":true}]}}