{"id":22851,"date":"2025-08-20T16:05:45","date_gmt":"2025-08-20T16:05:45","guid":{"rendered":"https:\/\/www.latribunedufaso.net\/?p=22851"},"modified":"2025-08-20T16:14:53","modified_gmt":"2025-08-20T16:14:53","slug":"burkina-des-journalistes-outilles-pour-mieux-lutter-contre-les-fausses-informations","status":"publish","type":"post","link":"https:\/\/www.latribunedufaso.net\/?p=22851","title":{"rendered":"Burkina : Des journalistes outill\u00e9s pour mieux lutter contre les fausses informations"},"content":{"rendered":"<p><strong>Les 18 et 19 ao\u00fbt 2025 \u00e0 Koudougou, s\u2019est tenu un atelier de formation sur la d\u00e9sinformation et les poursuites judiciaires. L\u2019initiative, port\u00e9e par l\u2019Association des journalistes et communicants commis d\u2019office, a b\u00e9n\u00e9fici\u00e9 de l\u2019accompagnement technique et financier de l\u2019Organisation Internationale de Droit du D\u00e9veloppement (IDLO), en collaboration avec le minist\u00e8re en charge de la Justice. Vingt-cinq journalistes issus de divers m\u00e9dias du Burkina y ont pris part.<\/strong><!--more--><\/p>\n<p>Selon Firmin Ouattara, journaliste et par ailleurs coordonnateur de l\u2019Association des journalistes et communicants commis d\u2019office, il s\u2019agit de la toute premi\u00e8re activit\u00e9 du genre organis\u00e9e par son association. <em><strong>\u00ab C\u2019est une premi\u00e8re exp\u00e9rience pour notre jeune association<\/strong> <\/em>\u00bb, a-t-il expliqu\u00e9. De ses dires, une autre session se tiendra prochainement \u00e0 Ouagadougou.<\/p>\n<figure id=\"attachment_22855\" aria-describedby=\"caption-attachment-22855\" style=\"width: 1080px\" class=\"wp-caption aligncenter\"><a href=\"https:\/\/www.latribunedufaso.net\/wp-content\/uploads\/2025\/08\/IMG-20250820-WA0034.jpg\"><img loading=\"lazy\" decoding=\"async\" class=\"size-full wp-image-22855\" src=\"https:\/\/www.latribunedufaso.net\/wp-content\/uploads\/2025\/08\/IMG-20250820-WA0034.jpg\" alt=\"l\u2019Association des journalistes et communicants commis d\u2019office a organis\u00e9 un atelier e renforcement de capacit\u00e9s \u00e0 des journalistes sur la d\u00e9sinformation et les poursuites judiciaires, 18 au 19 ao\u00fbt 2025 \u00e0 Koudougou\" width=\"1080\" height=\"720\" srcset=\"https:\/\/www.latribunedufaso.net\/wp-content\/uploads\/2025\/08\/IMG-20250820-WA0034.jpg 1080w, https:\/\/www.latribunedufaso.net\/wp-content\/uploads\/2025\/08\/IMG-20250820-WA0034-300x200.jpg 300w, https:\/\/www.latribunedufaso.net\/wp-content\/uploads\/2025\/08\/IMG-20250820-WA0034-1024x683.jpg 1024w, https:\/\/www.latribunedufaso.net\/wp-content\/uploads\/2025\/08\/IMG-20250820-WA0034-768x512.jpg 768w, https:\/\/www.latribunedufaso.net\/wp-content\/uploads\/2025\/08\/IMG-20250820-WA0034-840x560.jpg 840w, https:\/\/www.latribunedufaso.net\/wp-content\/uploads\/2025\/08\/IMG-20250820-WA0034-120x80.jpg 120w, https:\/\/www.latribunedufaso.net\/wp-content\/uploads\/2025\/08\/IMG-20250820-WA0034-360x240.jpg 360w, https:\/\/www.latribunedufaso.net\/wp-content\/uploads\/2025\/08\/IMG-20250820-WA0034-600x400.jpg 600w\" sizes=\"auto, (max-width: 1080px) 100vw, 1080px\" \/><\/a><figcaption id=\"caption-attachment-22855\" class=\"wp-caption-text\">Firmin Ouattara, coordonnateur de l\u2019Association des journalistes et communicants commis d\u2019office &#8211; Ph. N. Ouattara<\/figcaption><\/figure>\n<p>Pour Nicod\u00e8me Bado, coordonnateur programme IDLO, la th\u00e9matique abord\u00e9e, entre dans le cadre du programme sahel appui, int\u00e9gr\u00e9 au programme de justice p\u00e9nale. Selon lui, la pertinence de cette rencontre ne fait aucun doute. <em><strong>\u00ab La question judiciaire occupe le quotidien des organes qui donnent l\u2019information aux citoyens. Cette formation leur permettra de mieux informer les citoyens tout en respectant la loi \u00bb,<\/strong><\/em> a-t-il expliqu\u00e9.<\/p>\n<p>Durant deux jours, les participants ont \u00e9chang\u00e9 avec des experts sur les caract\u00e9ristiques de la d\u00e9sinformation, les acteurs impliqu\u00e9s, les cibles vis\u00e9es et les objectifs poursuivis. Des \u00e9tudes de cas et des simulations pratiques leur ont \u00e9galement permis de se familiariser avec les proc\u00e9dures judiciaires et d\u2019acqu\u00e9rir des outils pour une couverture m\u00e9diatique de qualit\u00e9.<\/p>\n<figure id=\"attachment_22853\" aria-describedby=\"caption-attachment-22853\" style=\"width: 1080px\" class=\"wp-caption aligncenter\"><a href=\"https:\/\/www.latribunedufaso.net\/wp-content\/uploads\/2025\/08\/IMG-20250820-WA0035.jpg\"><img loading=\"lazy\" decoding=\"async\" class=\"size-full wp-image-22853\" src=\"https:\/\/www.latribunedufaso.net\/wp-content\/uploads\/2025\/08\/IMG-20250820-WA0035.jpg\" alt=\"l\u2019Association des journalistes et communicants commis d\u2019office a organis\u00e9 un atelier e renforcement de capacit\u00e9s \u00e0 des journalistes sur la d\u00e9sinformation et les poursuites judiciaires, 18 au 19 ao\u00fbt 2025 \u00e0 Koudougou\" width=\"1080\" height=\"754\" srcset=\"https:\/\/www.latribunedufaso.net\/wp-content\/uploads\/2025\/08\/IMG-20250820-WA0035.jpg 1080w, https:\/\/www.latribunedufaso.net\/wp-content\/uploads\/2025\/08\/IMG-20250820-WA0035-300x209.jpg 300w, https:\/\/www.latribunedufaso.net\/wp-content\/uploads\/2025\/08\/IMG-20250820-WA0035-1024x715.jpg 1024w, https:\/\/www.latribunedufaso.net\/wp-content\/uploads\/2025\/08\/IMG-20250820-WA0035-768x536.jpg 768w\" sizes=\"auto, (max-width: 1080px) 100vw, 1080px\" \/><\/a><figcaption id=\"caption-attachment-22853\" class=\"wp-caption-text\">Gabriel Kambou s\u2019adressant aux journalistes sur l\u2019importance de ma\u00eetriser la l\u00e9gislation et l\u2019\u00e9cosyst\u00e8me de la d\u00e9sinformation au Burkina Faso &#8211; Ph. N. Ouattara<\/figcaption><\/figure>\n<p>L\u2019un des formateurs, Gabriel Kambou, a indiqu\u00e9 que les journalistes accomplissent d\u00e9j\u00e0 <em><strong>\u00ab un travail extraordinaire \u00bb<\/strong><\/em>. Toutefois, a-t-il ajout\u00e9 qu&rsquo;au regard des conditions que traverse le pays, il \u00e9tait essentiel de renforcer leurs capacit\u00e9s afin qu\u2019ils ma\u00eetrisent le code p\u00e9nal et les lois r\u00e9cemment adopt\u00e9es.<em><strong> \u00ab Cette formation leur permettra de mieux informer le public et de produire un travail de qualit\u00e9 \u00bb<\/strong><\/em>, a expliqu\u00e9 Gabriel Kambou, formateur.<\/p>\n<figure id=\"attachment_22856\" aria-describedby=\"caption-attachment-22856\" style=\"width: 1080px\" class=\"wp-caption aligncenter\"><a href=\"https:\/\/www.latribunedufaso.net\/wp-content\/uploads\/2025\/08\/IMG-20250820-WA0003.jpg\"><img loading=\"lazy\" decoding=\"async\" class=\"size-full wp-image-22856\" src=\"https:\/\/www.latribunedufaso.net\/wp-content\/uploads\/2025\/08\/IMG-20250820-WA0003.jpg\" alt=\"l\u2019Association des journalistes et communicants commis d\u2019office a organis\u00e9 un atelier e renforcement de capacit\u00e9s \u00e0 des journalistes sur la d\u00e9sinformation et les poursuites judiciaires, 18 au 19 ao\u00fbt 2025 \u00e0 Koudougou\" width=\"1080\" height=\"677\" srcset=\"https:\/\/www.latribunedufaso.net\/wp-content\/uploads\/2025\/08\/IMG-20250820-WA0003.jpg 1080w, https:\/\/www.latribunedufaso.net\/wp-content\/uploads\/2025\/08\/IMG-20250820-WA0003-300x188.jpg 300w, https:\/\/www.latribunedufaso.net\/wp-content\/uploads\/2025\/08\/IMG-20250820-WA0003-1024x642.jpg 1024w, https:\/\/www.latribunedufaso.net\/wp-content\/uploads\/2025\/08\/IMG-20250820-WA0003-768x481.jpg 768w\" sizes=\"auto, (max-width: 1080px) 100vw, 1080px\" \/><\/a><figcaption id=\"caption-attachment-22856\" class=\"wp-caption-text\">Photo de groupe des participants \u00e0 la formation &#8211; Ph. N. Ouattara<\/figcaption><\/figure>\n<p>En rappel, une autre session pr\u00e9vue \u00e0 Ouagadougou offrira l\u2019opportunit\u00e9 \u00e0 des journalistes de Bobo-Dioulasso, Dori, Kaya, Ouahigouya et d\u2019autres localit\u00e9s de b\u00e9n\u00e9ficier \u00e0 leur tour de ce renforcement de capacit\u00e9s, \u00e9largissant ainsi l\u2019impact de l\u2019initiative \u00e0 l\u2019\u00e9chelle nationale.<\/p>\n<p><strong>Nabintou OUATTARA\u00a0<\/strong><\/p>\n<p><strong>Latribunedufaso.net\u00a0<\/strong><\/p>\n<p>Lire aussi &gt;&gt; <a href=\"https:\/\/www.latribunedufaso.net\/?p=22588\">Initiative pr\u00e9sidentielle Faso M\u00eabo : Des journalistes et communicateurs constatent l\u2019avancement des chantiers \u00e0 Bobo<\/a><\/p>\n","protected":false},"excerpt":{"rendered":"<p>Les 18 et 19 ao\u00fbt 2025 \u00e0 Koudougou, s\u2019est tenu un atelier de formation sur la d\u00e9sinformation et les poursuites judiciaires. L\u2019initiative, port\u00e9e par l\u2019Association des journalistes et communicants commis d\u2019office, a b\u00e9n\u00e9fici\u00e9 de l\u2019accompagnement technique et financier de l\u2019Organisation Internationale de Droit du D\u00e9veloppement (IDLO), en collaboration avec le minist\u00e8re en charge de la Justice. Vingt-cinq journalistes issus de divers m\u00e9dias du Burkina y ont pris part.<\/p>\n","protected":false},"author":5,"featured_media":22854,"comment_status":"open","ping_status":"open","sticky":false,"template":"","format":"standard","meta":{"footnotes":""},"categories":[13,1,8],"tags":[39,674,1486,1485],"class_list":["post-22851","post","type-post","status-publish","format-standard","has-post-thumbnail","hentry","category-une","category-actu","category-societe","tag-latribunedufaso-net","tag-lutte-contre-la-desinformation","tag-organisation-internationale-de-droit-du-developpement-idlo","tag-poursuites-judiciaires"],"yoast_head":"<!-- This site is optimized with the Yoast SEO plugin v27.5 - https:\/\/yoast.com\/product\/yoast-seo-wordpress\/ -->\n<title>Burkina : Des journalistes outill\u00e9s pour mieux lutter contre les fausses informations - La Tribune du Faso<\/title>\n<meta name=\"robots\" content=\"index, follow, max-snippet:-1, max-image-preview:large, max-video-preview:-1\" \/>\n<link rel=\"canonical\" href=\"https:\/\/www.latribunedufaso.net\/?p=22851\" \/>\n<meta property=\"og:locale\" content=\"fr_FR\" \/>\n<meta property=\"og:type\" content=\"article\" \/>\n<meta property=\"og:title\" content=\"Burkina : Des journalistes outill\u00e9s pour mieux lutter contre les fausses informations - La Tribune du Faso\" \/>\n<meta property=\"og:description\" content=\"Les 18 et 19 ao\u00fbt 2025 \u00e0 Koudougou, s\u2019est tenu un atelier de formation sur la d\u00e9sinformation et les poursuites judiciaires. L\u2019initiative, port\u00e9e par l\u2019Association des journalistes et communicants commis d\u2019office, a b\u00e9n\u00e9fici\u00e9 de l\u2019accompagnement technique et financier de l\u2019Organisation Internationale de Droit du D\u00e9veloppement (IDLO), en collaboration avec le minist\u00e8re en charge de la Justice. Vingt-cinq journalistes issus de divers m\u00e9dias du Burkina y ont pris part.\" \/>\n<meta property=\"og:url\" content=\"https:\/\/www.latribunedufaso.net\/?p=22851\" \/>\n<meta property=\"og:site_name\" content=\"La Tribune du Faso\" \/>\n<meta property=\"article:publisher\" content=\"https:\/\/www.facebook.com\/LatribuneduFaso\/\" \/>\n<meta property=\"article:published_time\" content=\"2025-08-20T16:05:45+00:00\" \/>\n<meta property=\"article:modified_time\" content=\"2025-08-20T16:14:53+00:00\" \/>\n<meta property=\"og:image\" content=\"https:\/\/www.latribunedufaso.net\/wp-content\/uploads\/2025\/08\/IMG-20250820-WA0004.jpg\" \/>\n\t<meta property=\"og:image:width\" content=\"1080\" \/>\n\t<meta property=\"og:image:height\" content=\"619\" \/>\n\t<meta property=\"og:image:type\" content=\"image\/jpeg\" \/>\n<meta name=\"author\" content=\"Issouf Tapsoba\" \/>\n<meta name=\"twitter:label1\" content=\"\u00c9crit par\" \/>\n\t<meta name=\"twitter:data1\" content=\"Issouf Tapsoba\" \/>\n\t<meta name=\"twitter:label2\" content=\"Dur\u00e9e de lecture estim\u00e9e\" \/>\n\t<meta name=\"twitter:data2\" content=\"2 minutes\" \/>\n<script type=\"application\/ld+json\" class=\"yoast-schema-graph\">{\"@context\":\"https:\\\/\\\/schema.org\",\"@graph\":[{\"@type\":\"Article\",\"@id\":\"https:\\\/\\\/www.latribunedufaso.net\\\/?p=22851#article\",\"isPartOf\":{\"@id\":\"https:\\\/\\\/www.latribunedufaso.net\\\/?p=22851\"},\"author\":{\"name\":\"Issouf Tapsoba\",\"@id\":\"https:\\\/\\\/www.latribunedufaso.net\\\/#\\\/schema\\\/person\\\/e54e64c5778a7e72cf80a318b7a622b0\"},\"headline\":\"Burkina : Des journalistes outill\u00e9s pour mieux lutter contre les fausses informations\",\"datePublished\":\"2025-08-20T16:05:45+00:00\",\"dateModified\":\"2025-08-20T16:14:53+00:00\",\"mainEntityOfPage\":{\"@id\":\"https:\\\/\\\/www.latribunedufaso.net\\\/?p=22851\"},\"wordCount\":501,\"commentCount\":0,\"publisher\":{\"@id\":\"https:\\\/\\\/www.latribunedufaso.net\\\/#organization\"},\"image\":{\"@id\":\"https:\\\/\\\/www.latribunedufaso.net\\\/?p=22851#primaryimage\"},\"thumbnailUrl\":\"https:\\\/\\\/www.latribunedufaso.net\\\/wp-content\\\/uploads\\\/2025\\\/08\\\/IMG-20250820-WA0004.jpg\",\"keywords\":[\"latribunedufaso.net\",\"lutte contre la d\u00e9sinformation\",\"Organisation Internationale de Droit du D\u00e9veloppement (IDLO)\",\"Poursuites judiciaires\"],\"articleSection\":[\"A la une\",\"Actualit\u00e9\",\"Soci\u00e9t\u00e9\"],\"inLanguage\":\"fr-FR\",\"potentialAction\":[{\"@type\":\"CommentAction\",\"name\":\"Comment\",\"target\":[\"https:\\\/\\\/www.latribunedufaso.net\\\/?p=22851#respond\"]}]},{\"@type\":\"WebPage\",\"@id\":\"https:\\\/\\\/www.latribunedufaso.net\\\/?p=22851\",\"url\":\"https:\\\/\\\/www.latribunedufaso.net\\\/?p=22851\",\"name\":\"Burkina : Des journalistes outill\u00e9s pour mieux lutter contre les fausses informations - La Tribune du Faso\",\"isPartOf\":{\"@id\":\"https:\\\/\\\/www.latribunedufaso.net\\\/#website\"},\"primaryImageOfPage\":{\"@id\":\"https:\\\/\\\/www.latribunedufaso.net\\\/?p=22851#primaryimage\"},\"image\":{\"@id\":\"https:\\\/\\\/www.latribunedufaso.net\\\/?p=22851#primaryimage\"},\"thumbnailUrl\":\"https:\\\/\\\/www.latribunedufaso.net\\\/wp-content\\\/uploads\\\/2025\\\/08\\\/IMG-20250820-WA0004.jpg\",\"datePublished\":\"2025-08-20T16:05:45+00:00\",\"dateModified\":\"2025-08-20T16:14:53+00:00\",\"breadcrumb\":{\"@id\":\"https:\\\/\\\/www.latribunedufaso.net\\\/?p=22851#breadcrumb\"},\"inLanguage\":\"fr-FR\",\"potentialAction\":[{\"@type\":\"ReadAction\",\"target\":[\"https:\\\/\\\/www.latribunedufaso.net\\\/?p=22851\"]}]},{\"@type\":\"ImageObject\",\"inLanguage\":\"fr-FR\",\"@id\":\"https:\\\/\\\/www.latribunedufaso.net\\\/?p=22851#primaryimage\",\"url\":\"https:\\\/\\\/www.latribunedufaso.net\\\/wp-content\\\/uploads\\\/2025\\\/08\\\/IMG-20250820-WA0004.jpg\",\"contentUrl\":\"https:\\\/\\\/www.latribunedufaso.net\\\/wp-content\\\/uploads\\\/2025\\\/08\\\/IMG-20250820-WA0004.jpg\",\"width\":1080,\"height\":619,\"caption\":\"l\u2019Association des journalistes et communicants commis d\u2019office a organis\u00e9 un atelier e renforcement de capacit\u00e9s \u00e0 des journalistes sur la d\u00e9sinformation et les poursuites judiciaires, 18 au 19 ao\u00fbt 2025 \u00e0 Koudougou\"},{\"@type\":\"BreadcrumbList\",\"@id\":\"https:\\\/\\\/www.latribunedufaso.net\\\/?p=22851#breadcrumb\",\"itemListElement\":[{\"@type\":\"ListItem\",\"position\":1,\"name\":\"Accueil\",\"item\":\"https:\\\/\\\/www.latribunedufaso.net\\\/\"},{\"@type\":\"ListItem\",\"position\":2,\"name\":\"Burkina : Des journalistes outill\u00e9s pour mieux lutter contre les fausses informations\"}]},{\"@type\":\"WebSite\",\"@id\":\"https:\\\/\\\/www.latribunedufaso.net\\\/#website\",\"url\":\"https:\\\/\\\/www.latribunedufaso.net\\\/\",\"name\":\"La Tribune du Faso\",\"description\":\"L&#039;information du monde rural en un clic\",\"publisher\":{\"@id\":\"https:\\\/\\\/www.latribunedufaso.net\\\/#organization\"},\"potentialAction\":[{\"@type\":\"SearchAction\",\"target\":{\"@type\":\"EntryPoint\",\"urlTemplate\":\"https:\\\/\\\/www.latribunedufaso.net\\\/?s={search_term_string}\"},\"query-input\":{\"@type\":\"PropertyValueSpecification\",\"valueRequired\":true,\"valueName\":\"search_term_string\"}}],\"inLanguage\":\"fr-FR\"},{\"@type\":\"Organization\",\"@id\":\"https:\\\/\\\/www.latribunedufaso.net\\\/#organization\",\"name\":\"La Tribune du Faso\",\"url\":\"https:\\\/\\\/www.latribunedufaso.net\\\/\",\"logo\":{\"@type\":\"ImageObject\",\"inLanguage\":\"fr-FR\",\"@id\":\"https:\\\/\\\/www.latribunedufaso.net\\\/#\\\/schema\\\/logo\\\/image\\\/\",\"url\":\"https:\\\/\\\/www.latribunedufaso.net\\\/wp-content\\\/uploads\\\/2020\\\/08\\\/Logo-Tribune-du-Faso-final-scaled.jpg\",\"contentUrl\":\"https:\\\/\\\/www.latribunedufaso.net\\\/wp-content\\\/uploads\\\/2020\\\/08\\\/Logo-Tribune-du-Faso-final-scaled.jpg\",\"width\":2560,\"height\":1856,\"caption\":\"La Tribune du Faso\"},\"image\":{\"@id\":\"https:\\\/\\\/www.latribunedufaso.net\\\/#\\\/schema\\\/logo\\\/image\\\/\"},\"sameAs\":[\"https:\\\/\\\/www.facebook.com\\\/LatribuneduFaso\\\/\"]},{\"@type\":\"Person\",\"@id\":\"https:\\\/\\\/www.latribunedufaso.net\\\/#\\\/schema\\\/person\\\/e54e64c5778a7e72cf80a318b7a622b0\",\"name\":\"Issouf Tapsoba\",\"image\":{\"@type\":\"ImageObject\",\"inLanguage\":\"fr-FR\",\"@id\":\"https:\\\/\\\/secure.gravatar.com\\\/avatar\\\/5e6c05150ce3230247d167f5b94d678eb05936197436d69b7921e3a95c9107ac?s=96&d=mm&r=g\",\"url\":\"https:\\\/\\\/secure.gravatar.com\\\/avatar\\\/5e6c05150ce3230247d167f5b94d678eb05936197436d69b7921e3a95c9107ac?s=96&d=mm&r=g\",\"contentUrl\":\"https:\\\/\\\/secure.gravatar.com\\\/avatar\\\/5e6c05150ce3230247d167f5b94d678eb05936197436d69b7921e3a95c9107ac?s=96&d=mm&r=g\",\"caption\":\"Issouf Tapsoba\"},\"url\":\"https:\\\/\\\/www.latribunedufaso.net\\\/?author=5\"}]}<\/script>\n<!-- \/ Yoast SEO plugin. -->","yoast_head_json":{"title":"Burkina : Des journalistes outill\u00e9s pour mieux lutter contre les fausses informations - La Tribune du Faso","robots":{"index":"index","follow":"follow","max-snippet":"max-snippet:-1","max-image-preview":"max-image-preview:large","max-video-preview":"max-video-preview:-1"},"canonical":"https:\/\/www.latribunedufaso.net\/?p=22851","og_locale":"fr_FR","og_type":"article","og_title":"Burkina : Des journalistes outill\u00e9s pour mieux lutter contre les fausses informations - La Tribune du Faso","og_description":"Les 18 et 19 ao\u00fbt 2025 \u00e0 Koudougou, s\u2019est tenu un atelier de formation sur la d\u00e9sinformation et les poursuites judiciaires. L\u2019initiative, port\u00e9e par l\u2019Association des journalistes et communicants commis d\u2019office, a b\u00e9n\u00e9fici\u00e9 de l\u2019accompagnement technique et financier de l\u2019Organisation Internationale de Droit du D\u00e9veloppement (IDLO), en collaboration avec le minist\u00e8re en charge de la Justice. Vingt-cinq journalistes issus de divers m\u00e9dias du Burkina y ont pris part.","og_url":"https:\/\/www.latribunedufaso.net\/?p=22851","og_site_name":"La Tribune du Faso","article_publisher":"https:\/\/www.facebook.com\/LatribuneduFaso\/","article_published_time":"2025-08-20T16:05:45+00:00","article_modified_time":"2025-08-20T16:14:53+00:00","og_image":[{"width":1080,"height":619,"url":"https:\/\/www.latribunedufaso.net\/wp-content\/uploads\/2025\/08\/IMG-20250820-WA0004.jpg","type":"image\/jpeg"}],"author":"Issouf Tapsoba","twitter_misc":{"\u00c9crit par":"Issouf Tapsoba","Dur\u00e9e de lecture estim\u00e9e":"2 minutes"},"schema":{"@context":"https:\/\/schema.org","@graph":[{"@type":"Article","@id":"https:\/\/www.latribunedufaso.net\/?p=22851#article","isPartOf":{"@id":"https:\/\/www.latribunedufaso.net\/?p=22851"},"author":{"name":"Issouf Tapsoba","@id":"https:\/\/www.latribunedufaso.net\/#\/schema\/person\/e54e64c5778a7e72cf80a318b7a622b0"},"headline":"Burkina : Des journalistes outill\u00e9s pour mieux lutter contre les fausses informations","datePublished":"2025-08-20T16:05:45+00:00","dateModified":"2025-08-20T16:14:53+00:00","mainEntityOfPage":{"@id":"https:\/\/www.latribunedufaso.net\/?p=22851"},"wordCount":501,"commentCount":0,"publisher":{"@id":"https:\/\/www.latribunedufaso.net\/#organization"},"image":{"@id":"https:\/\/www.latribunedufaso.net\/?p=22851#primaryimage"},"thumbnailUrl":"https:\/\/www.latribunedufaso.net\/wp-content\/uploads\/2025\/08\/IMG-20250820-WA0004.jpg","keywords":["latribunedufaso.net","lutte contre la d\u00e9sinformation","Organisation Internationale de Droit du D\u00e9veloppement (IDLO)","Poursuites judiciaires"],"articleSection":["A la une","Actualit\u00e9","Soci\u00e9t\u00e9"],"inLanguage":"fr-FR","potentialAction":[{"@type":"CommentAction","name":"Comment","target":["https:\/\/www.latribunedufaso.net\/?p=22851#respond"]}]},{"@type":"WebPage","@id":"https:\/\/www.latribunedufaso.net\/?p=22851","url":"https:\/\/www.latribunedufaso.net\/?p=22851","name":"Burkina : Des journalistes outill\u00e9s pour mieux lutter contre les fausses informations - La Tribune du Faso","isPartOf":{"@id":"https:\/\/www.latribunedufaso.net\/#website"},"primaryImageOfPage":{"@id":"https:\/\/www.latribunedufaso.net\/?p=22851#primaryimage"},"image":{"@id":"https:\/\/www.latribunedufaso.net\/?p=22851#primaryimage"},"thumbnailUrl":"https:\/\/www.latribunedufaso.net\/wp-content\/uploads\/2025\/08\/IMG-20250820-WA0004.jpg","datePublished":"2025-08-20T16:05:45+00:00","dateModified":"2025-08-20T16:14:53+00:00","breadcrumb":{"@id":"https:\/\/www.latribunedufaso.net\/?p=22851#breadcrumb"},"inLanguage":"fr-FR","potentialAction":[{"@type":"ReadAction","target":["https:\/\/www.latribunedufaso.net\/?p=22851"]}]},{"@type":"ImageObject","inLanguage":"fr-FR","@id":"https:\/\/www.latribunedufaso.net\/?p=22851#primaryimage","url":"https:\/\/www.latribunedufaso.net\/wp-content\/uploads\/2025\/08\/IMG-20250820-WA0004.jpg","contentUrl":"https:\/\/www.latribunedufaso.net\/wp-content\/uploads\/2025\/08\/IMG-20250820-WA0004.jpg","width":1080,"height":619,"caption":"l\u2019Association des journalistes et communicants commis d\u2019office a organis\u00e9 un atelier e renforcement de capacit\u00e9s \u00e0 des journalistes sur la d\u00e9sinformation et les poursuites judiciaires, 18 au 19 ao\u00fbt 2025 \u00e0 Koudougou"},{"@type":"BreadcrumbList","@id":"https:\/\/www.latribunedufaso.net\/?p=22851#breadcrumb","itemListElement":[{"@type":"ListItem","position":1,"name":"Accueil","item":"https:\/\/www.latribunedufaso.net\/"},{"@type":"ListItem","position":2,"name":"Burkina : Des journalistes outill\u00e9s pour mieux lutter contre les fausses informations"}]},{"@type":"WebSite","@id":"https:\/\/www.latribunedufaso.net\/#website","url":"https:\/\/www.latribunedufaso.net\/","name":"La Tribune du Faso","description":"L&#039;information du monde rural en un clic","publisher":{"@id":"https:\/\/www.latribunedufaso.net\/#organization"},"potentialAction":[{"@type":"SearchAction","target":{"@type":"EntryPoint","urlTemplate":"https:\/\/www.latribunedufaso.net\/?s={search_term_string}"},"query-input":{"@type":"PropertyValueSpecification","valueRequired":true,"valueName":"search_term_string"}}],"inLanguage":"fr-FR"},{"@type":"Organization","@id":"https:\/\/www.latribunedufaso.net\/#organization","name":"La Tribune du Faso","url":"https:\/\/www.latribunedufaso.net\/","logo":{"@type":"ImageObject","inLanguage":"fr-FR","@id":"https:\/\/www.latribunedufaso.net\/#\/schema\/logo\/image\/","url":"https:\/\/www.latribunedufaso.net\/wp-content\/uploads\/2020\/08\/Logo-Tribune-du-Faso-final-scaled.jpg","contentUrl":"https:\/\/www.latribunedufaso.net\/wp-content\/uploads\/2020\/08\/Logo-Tribune-du-Faso-final-scaled.jpg","width":2560,"height":1856,"caption":"La Tribune du Faso"},"image":{"@id":"https:\/\/www.latribunedufaso.net\/#\/schema\/logo\/image\/"},"sameAs":["https:\/\/www.facebook.com\/LatribuneduFaso\/"]},{"@type":"Person","@id":"https:\/\/www.latribunedufaso.net\/#\/schema\/person\/e54e64c5778a7e72cf80a318b7a622b0","name":"Issouf Tapsoba","image":{"@type":"ImageObject","inLanguage":"fr-FR","@id":"https:\/\/secure.gravatar.com\/avatar\/5e6c05150ce3230247d167f5b94d678eb05936197436d69b7921e3a95c9107ac?s=96&d=mm&r=g","url":"https:\/\/secure.gravatar.com\/avatar\/5e6c05150ce3230247d167f5b94d678eb05936197436d69b7921e3a95c9107ac?s=96&d=mm&r=g","contentUrl":"https:\/\/secure.gravatar.com\/avatar\/5e6c05150ce3230247d167f5b94d678eb05936197436d69b7921e3a95c9107ac?s=96&d=mm&r=g","caption":"Issouf Tapsoba"},"url":"https:\/\/www.latribunedufaso.net\/?author=5"}]}},"_links":{"self":[{"href":"https:\/\/www.latribunedufaso.net\/index.php?rest_route=\/wp\/v2\/posts\/22851","targetHints":{"allow":["GET"]}}],"collection":[{"href":"https:\/\/www.latribunedufaso.net\/index.php?rest_route=\/wp\/v2\/posts"}],"about":[{"href":"https:\/\/www.latribunedufaso.net\/index.php?rest_route=\/wp\/v2\/types\/post"}],"author":[{"embeddable":true,"href":"https:\/\/www.latribunedufaso.net\/index.php?rest_route=\/wp\/v2\/users\/5"}],"replies":[{"embeddable":true,"href":"https:\/\/www.latribunedufaso.net\/index.php?rest_route=%2Fwp%2Fv2%2Fcomments&post=22851"}],"version-history":[{"count":4,"href":"https:\/\/www.latribunedufaso.net\/index.php?rest_route=\/wp\/v2\/posts\/22851\/revisions"}],"predecessor-version":[{"id":22859,"href":"https:\/\/www.latribunedufaso.net\/index.php?rest_route=\/wp\/v2\/posts\/22851\/revisions\/22859"}],"wp:featuredmedia":[{"embeddable":true,"href":"https:\/\/www.latribunedufaso.net\/index.php?rest_route=\/wp\/v2\/media\/22854"}],"wp:attachment":[{"href":"https:\/\/www.latribunedufaso.net\/index.php?rest_route=%2Fwp%2Fv2%2Fmedia&parent=22851"}],"wp:term":[{"taxonomy":"category","embeddable":true,"href":"https:\/\/www.latribunedufaso.net\/index.php?rest_route=%2Fwp%2Fv2%2Fcategories&post=22851"},{"taxonomy":"post_tag","embeddable":true,"href":"https:\/\/www.latribunedufaso.net\/index.php?rest_route=%2Fwp%2Fv2%2Ftags&post=22851"}],"curies":[{"name":"wp","href":"https:\/\/api.w.org\/{rel}","templated":true}]}}