{"id":22839,"date":"2025-08-20T15:28:52","date_gmt":"2025-08-20T15:28:52","guid":{"rendered":"https:\/\/www.latribunedufaso.net\/?p=22839"},"modified":"2025-09-17T18:13:04","modified_gmt":"2025-09-17T18:13:04","slug":"photos-or-bf-2025-un-vernissage-a-ouagadougou-pour-clore-une-edition-dediee-au-patrimoine","status":"publish","type":"post","link":"https:\/\/www.latribunedufaso.net\/?p=22839","title":{"rendered":"PHOTO&rsquo;S OR BF 2025 : Un vernissage \u00e0 Ouagadougou pour clore une \u00e9dition d\u00e9di\u00e9e au patrimoine"},"content":{"rendered":"<p><strong>A l\u2019occasion de la Journ\u00e9e mondiale de la photographie, DTO PICTURES DESIGN a organis\u00e9, le 19 ao\u00fbt 2025 \u00e0 Ouagadougou, un vernissage d&rsquo;exposition photographique. Cet \u00e9v\u00e9nement vient clore les activit\u00e9s de la 3e \u00e9dition de la Randonn\u00e9e photographique du Burkina (PHOTOS\u2019OR BF). Une initiative visant \u00e0 promouvoir le patrimoine culturel, touristique et h\u00f4telier du pays. <\/strong><!--more--><\/p>\n<p>Les rideaux sont tomb\u00e9s sur la 3e \u00e9dition de la Randonn\u00e9e photographique du Burkina (PHOTOS\u2019OR BF). Organis\u00e9e par DTO PICTURES DESIGN, la c\u00e9r\u00e9monie de cl\u00f4ture s\u2019est tenue ce 19 ao\u00fbt 2025 \u00e0 Ouagadougou. Cette activit\u00e9 se tient \u00e9galement dans le cadre de la journ\u00e9e mondiale de la photographie.<\/p>\n<h3>Un bilan positif pour la promotion du patrimoine<\/h3>\n<p>Au total, <a href=\"https:\/\/www.latribunedufaso.net\/?p=22804\">53 photographes, professionnels et amateurs, ont particip\u00e9 \u00e0 cette \u00e9dition<\/a>. Selon le promoteur, Dieudonn\u00e9 Woba, leur objectif \u00e9tait de promouvoir le patrimoine culturel burkinab\u00e8 \u00e0 travers leurs \u0153uvres.<\/p>\n<figure id=\"attachment_22843\" aria-describedby=\"caption-attachment-22843\" style=\"width: 2560px\" class=\"wp-caption aligncenter\"><a href=\"https:\/\/www.latribunedufaso.net\/wp-content\/uploads\/2025\/08\/IMG_20250819_114354_634-scaled.jpg\"><img loading=\"lazy\" decoding=\"async\" class=\"size-full wp-image-22843\" src=\"https:\/\/www.latribunedufaso.net\/wp-content\/uploads\/2025\/08\/IMG_20250819_114354_634-scaled.jpg\" alt=\"A l\u2019occasion de la Journ\u00e9e mondiale de la photographie, DTO PICTURES DESIGN a organis\u00e9, le 19 ao\u00fbt 2025 \u00e0 Ouagadougou, un vernissage d'exposition photographique.\" width=\"2560\" height=\"1920\" srcset=\"https:\/\/www.latribunedufaso.net\/wp-content\/uploads\/2025\/08\/IMG_20250819_114354_634-scaled.jpg 2560w, https:\/\/www.latribunedufaso.net\/wp-content\/uploads\/2025\/08\/IMG_20250819_114354_634-300x225.jpg 300w, https:\/\/www.latribunedufaso.net\/wp-content\/uploads\/2025\/08\/IMG_20250819_114354_634-1024x768.jpg 1024w, https:\/\/www.latribunedufaso.net\/wp-content\/uploads\/2025\/08\/IMG_20250819_114354_634-768x576.jpg 768w, https:\/\/www.latribunedufaso.net\/wp-content\/uploads\/2025\/08\/IMG_20250819_114354_634-1536x1152.jpg 1536w, https:\/\/www.latribunedufaso.net\/wp-content\/uploads\/2025\/08\/IMG_20250819_114354_634-2048x1536.jpg 2048w\" sizes=\"auto, (max-width: 2560px) 100vw, 2560px\" \/><\/a><figcaption id=\"caption-attachment-22843\" class=\"wp-caption-text\">Le repr\u00e9sentant du ministre charg\u00e9 des Arts et de la Culture, Aim\u00e9 Ky, pr\u00e9sident de la c\u00e9r\u00e9monie &#8211; Ph. I. Tapsoba<\/figcaption><\/figure>\n<p>Les randonneurs ont visit\u00e9 plusieurs sites \u00e0 Sapon\u00e9, Koubri et Ouagadougou. Une trentaine de leurs clich\u00e9s ont \u00e9t\u00e9 expos\u00e9s lors du vernissage. M. Woba a dress\u00e9 un bilan tr\u00e8s satisfaisant de l&rsquo;\u00e9v\u00e9nement.<\/p>\n<p><iframe loading=\"lazy\" width=\"560\" height=\"315\" src=\"https:\/\/www.youtube.com\/embed\/SQ0KEOkjg4I?si=DLZzuPb9hwxkNP0j\" title=\"YouTube video player\" frameborder=\"0\" allow=\"accelerometer; autoplay; clipboard-write; encrypted-media; gyroscope; picture-in-picture; web-share\" referrerpolicy=\"strict-origin-when-cross-origin\" allowfullscreen><\/iframe><\/p>\n<p>La c\u00e9r\u00e9monie est plac\u00e9e sous la pr\u00e9sidence du ministre charg\u00e9 des Arts et de la Culture, repr\u00e9sent\u00e9 par Aim\u00e9 Ky. Il a salu\u00e9 l&rsquo;initiative et a assur\u00e9 les organisateurs du soutien du gouvernement. Le repr\u00e9sentant a invit\u00e9 les photographes \u00e0 utiliser leur talent pour <em><strong>\u00ab la coh\u00e9sion sociale et le vivre-ensemble \u00bb<\/strong><\/em> et \u00e0 promouvoir le tourisme interne, un concept cher aux autorit\u00e9s du pays.<\/p>\n<figure id=\"attachment_22841\" aria-describedby=\"caption-attachment-22841\" style=\"width: 2560px\" class=\"wp-caption aligncenter\"><a href=\"https:\/\/www.latribunedufaso.net\/wp-content\/uploads\/2025\/08\/IMG_20250819_122640_347-scaled.jpg\"><img loading=\"lazy\" decoding=\"async\" class=\"size-full wp-image-22841\" src=\"https:\/\/www.latribunedufaso.net\/wp-content\/uploads\/2025\/08\/IMG_20250819_122640_347-scaled.jpg\" alt=\"A l\u2019occasion de la Journ\u00e9e mondiale de la photographie, DTO PICTURES DESIGN a organis\u00e9, le 19 ao\u00fbt 2025 \u00e0 Ouagadougou, un vernissage d'exposition photographique.\" width=\"2560\" height=\"1920\" srcset=\"https:\/\/www.latribunedufaso.net\/wp-content\/uploads\/2025\/08\/IMG_20250819_122640_347-scaled.jpg 2560w, https:\/\/www.latribunedufaso.net\/wp-content\/uploads\/2025\/08\/IMG_20250819_122640_347-300x225.jpg 300w, https:\/\/www.latribunedufaso.net\/wp-content\/uploads\/2025\/08\/IMG_20250819_122640_347-1024x768.jpg 1024w, https:\/\/www.latribunedufaso.net\/wp-content\/uploads\/2025\/08\/IMG_20250819_122640_347-768x576.jpg 768w, https:\/\/www.latribunedufaso.net\/wp-content\/uploads\/2025\/08\/IMG_20250819_122640_347-1536x1152.jpg 1536w, https:\/\/www.latribunedufaso.net\/wp-content\/uploads\/2025\/08\/IMG_20250819_122640_347-2048x1536.jpg 2048w\" sizes=\"auto, (max-width: 2560px) 100vw, 2560px\" \/><\/a><figcaption id=\"caption-attachment-22841\" class=\"wp-caption-text\">Le parrain de cette \u00e9dition, Moumouni Compaor\u00e9, PDG de Artex Industrie &#8211; Ph. I. Tapsoba<\/figcaption><\/figure>\n<h3>Une c\u00e9l\u00e9bration de la photographie et de l&rsquo;art<\/h3>\n<p>Le parrain de cette \u00e9dition, Moumouni Compaor\u00e9, PDG de Artex Industrie, a soulign\u00e9 la pertinence du th\u00e8me,<em><strong> \u00ab Reflets du Burkina : culture, tourisme, h\u00f4tellerie \u00bb<\/strong><\/em>. Il a \u00e9galement \u00e9tabli un parall\u00e8le entre la photographie et la mode vestimentaire, son propre m\u00e9tier : <em><strong>\u00ab Tout comme un styliste qui compose des tissus, des couleurs, des coupes pour r\u00e9v\u00e9ler l\u2019\u00e9l\u00e9gance, le photographe compose avec la lumi\u00e8re, les ombres, les cadrages pour r\u00e9v\u00e9ler la beaut\u00e9 \u00bb.<\/strong><\/em><\/p>\n<figure id=\"attachment_22844\" aria-describedby=\"caption-attachment-22844\" style=\"width: 2560px\" class=\"wp-caption aligncenter\"><a href=\"https:\/\/www.latribunedufaso.net\/wp-content\/uploads\/2025\/08\/IMG_20250819_111003_699-scaled.jpg\"><img loading=\"lazy\" decoding=\"async\" class=\"size-full wp-image-22844\" src=\"https:\/\/www.latribunedufaso.net\/wp-content\/uploads\/2025\/08\/IMG_20250819_111003_699-scaled.jpg\" alt=\"A l\u2019occasion de la Journ\u00e9e mondiale de la photographie, DTO PICTURES DESIGN a organis\u00e9, le 19 ao\u00fbt 2025 \u00e0 Ouagadougou, un vernissage d'exposition photographique.\" width=\"2560\" height=\"1920\" srcset=\"https:\/\/www.latribunedufaso.net\/wp-content\/uploads\/2025\/08\/IMG_20250819_111003_699-scaled.jpg 2560w, https:\/\/www.latribunedufaso.net\/wp-content\/uploads\/2025\/08\/IMG_20250819_111003_699-300x225.jpg 300w, https:\/\/www.latribunedufaso.net\/wp-content\/uploads\/2025\/08\/IMG_20250819_111003_699-1024x768.jpg 1024w, https:\/\/www.latribunedufaso.net\/wp-content\/uploads\/2025\/08\/IMG_20250819_111003_699-768x576.jpg 768w, https:\/\/www.latribunedufaso.net\/wp-content\/uploads\/2025\/08\/IMG_20250819_111003_699-1536x1152.jpg 1536w, https:\/\/www.latribunedufaso.net\/wp-content\/uploads\/2025\/08\/IMG_20250819_111003_699-2048x1536.jpg 2048w\" sizes=\"auto, (max-width: 2560px) 100vw, 2560px\" \/><\/a><figcaption id=\"caption-attachment-22844\" class=\"wp-caption-text\">Une vue des participants \u00e0 la c\u00e9r\u00e9monie &#8211; Ph. I. Tapsoba<\/figcaption><\/figure>\n<p>La c\u00e9r\u00e9monie a \u00e9t\u00e9 marqu\u00e9e par la remise d&rsquo;attestations \u00e0 une dizaine de jeunes photographes qui ont b\u00e9n\u00e9fici\u00e9 d&rsquo;un renforcement de capacit\u00e9s. Des photographes plus anciens ont \u00e9galement re\u00e7u des attestations en reconnaissance de leur contribution.<\/p>\n<p><strong>Issouf TAPSOBA\u00a0<\/strong><\/p>\n<p><strong>Latribunedufaso.net<\/strong><\/p>\n<p><a href=\"https:\/\/www.latribunedufaso.net\/wp-content\/uploads\/2025\/08\/IMG-20250819-WA0056.jpg\"><img loading=\"lazy\" decoding=\"async\" class=\"aligncenter size-full wp-image-22846\" src=\"https:\/\/www.latribunedufaso.net\/wp-content\/uploads\/2025\/08\/IMG-20250819-WA0056.jpg\" alt=\"A l\u2019occasion de la Journ\u00e9e mondiale de la photographie, DTO PICTURES DESIGN a organis\u00e9, le 19 ao\u00fbt 2025 \u00e0 Ouagadougou, un vernissage d'exposition photographique.\" width=\"1080\" height=\"607\" srcset=\"https:\/\/www.latribunedufaso.net\/wp-content\/uploads\/2025\/08\/IMG-20250819-WA0056.jpg 1080w, https:\/\/www.latribunedufaso.net\/wp-content\/uploads\/2025\/08\/IMG-20250819-WA0056-300x169.jpg 300w, https:\/\/www.latribunedufaso.net\/wp-content\/uploads\/2025\/08\/IMG-20250819-WA0056-1024x576.jpg 1024w, https:\/\/www.latribunedufaso.net\/wp-content\/uploads\/2025\/08\/IMG-20250819-WA0056-768x432.jpg 768w\" sizes=\"auto, (max-width: 1080px) 100vw, 1080px\" \/><\/a><a href=\"https:\/\/www.latribunedufaso.net\/wp-content\/uploads\/2025\/08\/IMG-20250819-WA0057.jpg\"><img loading=\"lazy\" decoding=\"async\" class=\"aligncenter size-full wp-image-22845\" src=\"https:\/\/www.latribunedufaso.net\/wp-content\/uploads\/2025\/08\/IMG-20250819-WA0057.jpg\" alt=\"A l\u2019occasion de la Journ\u00e9e mondiale de la photographie, DTO PICTURES DESIGN a organis\u00e9, le 19 ao\u00fbt 2025 \u00e0 Ouagadougou, un vernissage d'exposition photographique.\" width=\"1080\" height=\"607\" srcset=\"https:\/\/www.latribunedufaso.net\/wp-content\/uploads\/2025\/08\/IMG-20250819-WA0057.jpg 1080w, https:\/\/www.latribunedufaso.net\/wp-content\/uploads\/2025\/08\/IMG-20250819-WA0057-300x169.jpg 300w, https:\/\/www.latribunedufaso.net\/wp-content\/uploads\/2025\/08\/IMG-20250819-WA0057-1024x576.jpg 1024w, https:\/\/www.latribunedufaso.net\/wp-content\/uploads\/2025\/08\/IMG-20250819-WA0057-768x432.jpg 768w\" sizes=\"auto, (max-width: 1080px) 100vw, 1080px\" \/><\/a><\/p>\n","protected":false},"excerpt":{"rendered":"<p>A l\u2019occasion de la Journ\u00e9e mondiale de la photographie, DTO PICTURES DESIGN a organis\u00e9, le 19 ao\u00fbt 2025 \u00e0 Ouagadougou, un vernissage d&rsquo;exposition photographique. Cet \u00e9v\u00e9nement vient clore les activit\u00e9s de la 3e \u00e9dition de la Randonn\u00e9e photographique du Burkina (PHOTOS\u2019OR BF). Une initiative visant \u00e0 promouvoir le patrimoine culturel, touristique et h\u00f4telier du pays.<\/p>\n","protected":false},"author":5,"featured_media":22842,"comment_status":"open","ping_status":"open","sticky":false,"template":"","format":"standard","meta":{"footnotes":""},"categories":[13,1,30],"tags":[1484,39,1478],"class_list":["post-22839","post","type-post","status-publish","format-standard","has-post-thumbnail","hentry","category-une","category-actu","category-art-et-culture","tag-dto-design-photo","tag-latribunedufaso-net","tag-randonnee-photographique-du-burkina-photos-or-bf"],"yoast_head":"<!-- This site is optimized with the Yoast SEO plugin v27.4 - https:\/\/yoast.com\/product\/yoast-seo-wordpress\/ -->\n<title>PHOTO&#039;S OR BF 2025 : Un vernissage \u00e0 Ouagadougou pour clore une \u00e9dition d\u00e9di\u00e9e au patrimoine - La Tribune du Faso<\/title>\n<meta name=\"robots\" content=\"index, follow, max-snippet:-1, max-image-preview:large, max-video-preview:-1\" \/>\n<link rel=\"canonical\" href=\"https:\/\/www.latribunedufaso.net\/?p=22839\" \/>\n<meta property=\"og:locale\" content=\"fr_FR\" \/>\n<meta property=\"og:type\" content=\"article\" \/>\n<meta property=\"og:title\" content=\"PHOTO&#039;S OR BF 2025 : Un vernissage \u00e0 Ouagadougou pour clore une \u00e9dition d\u00e9di\u00e9e au patrimoine - La Tribune du Faso\" \/>\n<meta property=\"og:description\" content=\"A l\u2019occasion de la Journ\u00e9e mondiale de la photographie, DTO PICTURES DESIGN a organis\u00e9, le 19 ao\u00fbt 2025 \u00e0 Ouagadougou, un vernissage d&rsquo;exposition photographique. Cet \u00e9v\u00e9nement vient clore les activit\u00e9s de la 3e \u00e9dition de la Randonn\u00e9e photographique du Burkina (PHOTOS\u2019OR BF). Une initiative visant \u00e0 promouvoir le patrimoine culturel, touristique et h\u00f4telier du pays.\" \/>\n<meta property=\"og:url\" content=\"https:\/\/www.latribunedufaso.net\/?p=22839\" \/>\n<meta property=\"og:site_name\" content=\"La Tribune du Faso\" \/>\n<meta property=\"article:publisher\" content=\"https:\/\/www.facebook.com\/LatribuneduFaso\/\" \/>\n<meta property=\"article:published_time\" content=\"2025-08-20T15:28:52+00:00\" \/>\n<meta property=\"article:modified_time\" content=\"2025-09-17T18:13:04+00:00\" \/>\n<meta property=\"og:image\" content=\"https:\/\/www.latribunedufaso.net\/wp-content\/uploads\/2025\/08\/IMG_20250819_115059_852-scaled.jpg\" \/>\n\t<meta property=\"og:image:width\" content=\"2560\" \/>\n\t<meta property=\"og:image:height\" content=\"1920\" \/>\n\t<meta property=\"og:image:type\" content=\"image\/jpeg\" \/>\n<meta name=\"author\" content=\"Issouf Tapsoba\" \/>\n<meta name=\"twitter:label1\" content=\"\u00c9crit par\" \/>\n\t<meta name=\"twitter:data1\" content=\"Issouf Tapsoba\" \/>\n\t<meta name=\"twitter:label2\" content=\"Dur\u00e9e de lecture estim\u00e9e\" \/>\n\t<meta name=\"twitter:data2\" content=\"2 minutes\" \/>\n<script type=\"application\/ld+json\" class=\"yoast-schema-graph\">{\"@context\":\"https:\\\/\\\/schema.org\",\"@graph\":[{\"@type\":\"Article\",\"@id\":\"https:\\\/\\\/www.latribunedufaso.net\\\/?p=22839#article\",\"isPartOf\":{\"@id\":\"https:\\\/\\\/www.latribunedufaso.net\\\/?p=22839\"},\"author\":{\"name\":\"Issouf Tapsoba\",\"@id\":\"https:\\\/\\\/www.latribunedufaso.net\\\/#\\\/schema\\\/person\\\/e54e64c5778a7e72cf80a318b7a622b0\"},\"headline\":\"PHOTO&rsquo;S OR BF 2025 : Un vernissage \u00e0 Ouagadougou pour clore une \u00e9dition d\u00e9di\u00e9e au patrimoine\",\"datePublished\":\"2025-08-20T15:28:52+00:00\",\"dateModified\":\"2025-09-17T18:13:04+00:00\",\"mainEntityOfPage\":{\"@id\":\"https:\\\/\\\/www.latribunedufaso.net\\\/?p=22839\"},\"wordCount\":483,\"commentCount\":0,\"publisher\":{\"@id\":\"https:\\\/\\\/www.latribunedufaso.net\\\/#organization\"},\"image\":{\"@id\":\"https:\\\/\\\/www.latribunedufaso.net\\\/?p=22839#primaryimage\"},\"thumbnailUrl\":\"https:\\\/\\\/www.latribunedufaso.net\\\/wp-content\\\/uploads\\\/2025\\\/08\\\/IMG_20250819_115059_852-scaled.jpg\",\"keywords\":[\"DTO DESIGN PHOTO\",\"latribunedufaso.net\",\"Randonn\u00e9e photographique du Burkina (PHOTO\u2019S OR BF)\"],\"articleSection\":[\"A la une\",\"Actualit\u00e9\",\"Art et Culture\"],\"inLanguage\":\"fr-FR\",\"potentialAction\":[{\"@type\":\"CommentAction\",\"name\":\"Comment\",\"target\":[\"https:\\\/\\\/www.latribunedufaso.net\\\/?p=22839#respond\"]}]},{\"@type\":\"WebPage\",\"@id\":\"https:\\\/\\\/www.latribunedufaso.net\\\/?p=22839\",\"url\":\"https:\\\/\\\/www.latribunedufaso.net\\\/?p=22839\",\"name\":\"PHOTO'S OR BF 2025 : Un vernissage \u00e0 Ouagadougou pour clore une \u00e9dition d\u00e9di\u00e9e au patrimoine - La Tribune du Faso\",\"isPartOf\":{\"@id\":\"https:\\\/\\\/www.latribunedufaso.net\\\/#website\"},\"primaryImageOfPage\":{\"@id\":\"https:\\\/\\\/www.latribunedufaso.net\\\/?p=22839#primaryimage\"},\"image\":{\"@id\":\"https:\\\/\\\/www.latribunedufaso.net\\\/?p=22839#primaryimage\"},\"thumbnailUrl\":\"https:\\\/\\\/www.latribunedufaso.net\\\/wp-content\\\/uploads\\\/2025\\\/08\\\/IMG_20250819_115059_852-scaled.jpg\",\"datePublished\":\"2025-08-20T15:28:52+00:00\",\"dateModified\":\"2025-09-17T18:13:04+00:00\",\"breadcrumb\":{\"@id\":\"https:\\\/\\\/www.latribunedufaso.net\\\/?p=22839#breadcrumb\"},\"inLanguage\":\"fr-FR\",\"potentialAction\":[{\"@type\":\"ReadAction\",\"target\":[\"https:\\\/\\\/www.latribunedufaso.net\\\/?p=22839\"]}]},{\"@type\":\"ImageObject\",\"inLanguage\":\"fr-FR\",\"@id\":\"https:\\\/\\\/www.latribunedufaso.net\\\/?p=22839#primaryimage\",\"url\":\"https:\\\/\\\/www.latribunedufaso.net\\\/wp-content\\\/uploads\\\/2025\\\/08\\\/IMG_20250819_115059_852-scaled.jpg\",\"contentUrl\":\"https:\\\/\\\/www.latribunedufaso.net\\\/wp-content\\\/uploads\\\/2025\\\/08\\\/IMG_20250819_115059_852-scaled.jpg\",\"width\":2560,\"height\":1920,\"caption\":\"A l\u2019occasion de la Journ\u00e9e mondiale de la photographie, DTO PICTURES DESIGN a organis\u00e9, le 19 ao\u00fbt 2025 \u00e0 Ouagadougou, un vernissage d'exposition photographique.\"},{\"@type\":\"BreadcrumbList\",\"@id\":\"https:\\\/\\\/www.latribunedufaso.net\\\/?p=22839#breadcrumb\",\"itemListElement\":[{\"@type\":\"ListItem\",\"position\":1,\"name\":\"Accueil\",\"item\":\"https:\\\/\\\/www.latribunedufaso.net\\\/\"},{\"@type\":\"ListItem\",\"position\":2,\"name\":\"PHOTO&rsquo;S OR BF 2025 : Un vernissage \u00e0 Ouagadougou pour clore une \u00e9dition d\u00e9di\u00e9e au patrimoine\"}]},{\"@type\":\"WebSite\",\"@id\":\"https:\\\/\\\/www.latribunedufaso.net\\\/#website\",\"url\":\"https:\\\/\\\/www.latribunedufaso.net\\\/\",\"name\":\"La Tribune du Faso\",\"description\":\"L&#039;information du monde rural en un clic\",\"publisher\":{\"@id\":\"https:\\\/\\\/www.latribunedufaso.net\\\/#organization\"},\"potentialAction\":[{\"@type\":\"SearchAction\",\"target\":{\"@type\":\"EntryPoint\",\"urlTemplate\":\"https:\\\/\\\/www.latribunedufaso.net\\\/?s={search_term_string}\"},\"query-input\":{\"@type\":\"PropertyValueSpecification\",\"valueRequired\":true,\"valueName\":\"search_term_string\"}}],\"inLanguage\":\"fr-FR\"},{\"@type\":\"Organization\",\"@id\":\"https:\\\/\\\/www.latribunedufaso.net\\\/#organization\",\"name\":\"La Tribune du Faso\",\"url\":\"https:\\\/\\\/www.latribunedufaso.net\\\/\",\"logo\":{\"@type\":\"ImageObject\",\"inLanguage\":\"fr-FR\",\"@id\":\"https:\\\/\\\/www.latribunedufaso.net\\\/#\\\/schema\\\/logo\\\/image\\\/\",\"url\":\"https:\\\/\\\/www.latribunedufaso.net\\\/wp-content\\\/uploads\\\/2020\\\/08\\\/Logo-Tribune-du-Faso-final-scaled.jpg\",\"contentUrl\":\"https:\\\/\\\/www.latribunedufaso.net\\\/wp-content\\\/uploads\\\/2020\\\/08\\\/Logo-Tribune-du-Faso-final-scaled.jpg\",\"width\":2560,\"height\":1856,\"caption\":\"La Tribune du Faso\"},\"image\":{\"@id\":\"https:\\\/\\\/www.latribunedufaso.net\\\/#\\\/schema\\\/logo\\\/image\\\/\"},\"sameAs\":[\"https:\\\/\\\/www.facebook.com\\\/LatribuneduFaso\\\/\"]},{\"@type\":\"Person\",\"@id\":\"https:\\\/\\\/www.latribunedufaso.net\\\/#\\\/schema\\\/person\\\/e54e64c5778a7e72cf80a318b7a622b0\",\"name\":\"Issouf Tapsoba\",\"image\":{\"@type\":\"ImageObject\",\"inLanguage\":\"fr-FR\",\"@id\":\"https:\\\/\\\/secure.gravatar.com\\\/avatar\\\/5e6c05150ce3230247d167f5b94d678eb05936197436d69b7921e3a95c9107ac?s=96&d=mm&r=g\",\"url\":\"https:\\\/\\\/secure.gravatar.com\\\/avatar\\\/5e6c05150ce3230247d167f5b94d678eb05936197436d69b7921e3a95c9107ac?s=96&d=mm&r=g\",\"contentUrl\":\"https:\\\/\\\/secure.gravatar.com\\\/avatar\\\/5e6c05150ce3230247d167f5b94d678eb05936197436d69b7921e3a95c9107ac?s=96&d=mm&r=g\",\"caption\":\"Issouf Tapsoba\"},\"url\":\"https:\\\/\\\/www.latribunedufaso.net\\\/?author=5\"}]}<\/script>\n<!-- \/ Yoast SEO plugin. -->","yoast_head_json":{"title":"PHOTO'S OR BF 2025 : Un vernissage \u00e0 Ouagadougou pour clore une \u00e9dition d\u00e9di\u00e9e au patrimoine - La Tribune du Faso","robots":{"index":"index","follow":"follow","max-snippet":"max-snippet:-1","max-image-preview":"max-image-preview:large","max-video-preview":"max-video-preview:-1"},"canonical":"https:\/\/www.latribunedufaso.net\/?p=22839","og_locale":"fr_FR","og_type":"article","og_title":"PHOTO'S OR BF 2025 : Un vernissage \u00e0 Ouagadougou pour clore une \u00e9dition d\u00e9di\u00e9e au patrimoine - La Tribune du Faso","og_description":"A l\u2019occasion de la Journ\u00e9e mondiale de la photographie, DTO PICTURES DESIGN a organis\u00e9, le 19 ao\u00fbt 2025 \u00e0 Ouagadougou, un vernissage d&rsquo;exposition photographique. Cet \u00e9v\u00e9nement vient clore les activit\u00e9s de la 3e \u00e9dition de la Randonn\u00e9e photographique du Burkina (PHOTOS\u2019OR BF). Une initiative visant \u00e0 promouvoir le patrimoine culturel, touristique et h\u00f4telier du pays.","og_url":"https:\/\/www.latribunedufaso.net\/?p=22839","og_site_name":"La Tribune du Faso","article_publisher":"https:\/\/www.facebook.com\/LatribuneduFaso\/","article_published_time":"2025-08-20T15:28:52+00:00","article_modified_time":"2025-09-17T18:13:04+00:00","og_image":[{"width":2560,"height":1920,"url":"https:\/\/www.latribunedufaso.net\/wp-content\/uploads\/2025\/08\/IMG_20250819_115059_852-scaled.jpg","type":"image\/jpeg"}],"author":"Issouf Tapsoba","twitter_misc":{"\u00c9crit par":"Issouf Tapsoba","Dur\u00e9e de lecture estim\u00e9e":"2 minutes"},"schema":{"@context":"https:\/\/schema.org","@graph":[{"@type":"Article","@id":"https:\/\/www.latribunedufaso.net\/?p=22839#article","isPartOf":{"@id":"https:\/\/www.latribunedufaso.net\/?p=22839"},"author":{"name":"Issouf Tapsoba","@id":"https:\/\/www.latribunedufaso.net\/#\/schema\/person\/e54e64c5778a7e72cf80a318b7a622b0"},"headline":"PHOTO&rsquo;S OR BF 2025 : Un vernissage \u00e0 Ouagadougou pour clore une \u00e9dition d\u00e9di\u00e9e au patrimoine","datePublished":"2025-08-20T15:28:52+00:00","dateModified":"2025-09-17T18:13:04+00:00","mainEntityOfPage":{"@id":"https:\/\/www.latribunedufaso.net\/?p=22839"},"wordCount":483,"commentCount":0,"publisher":{"@id":"https:\/\/www.latribunedufaso.net\/#organization"},"image":{"@id":"https:\/\/www.latribunedufaso.net\/?p=22839#primaryimage"},"thumbnailUrl":"https:\/\/www.latribunedufaso.net\/wp-content\/uploads\/2025\/08\/IMG_20250819_115059_852-scaled.jpg","keywords":["DTO DESIGN PHOTO","latribunedufaso.net","Randonn\u00e9e photographique du Burkina (PHOTO\u2019S OR BF)"],"articleSection":["A la une","Actualit\u00e9","Art et Culture"],"inLanguage":"fr-FR","potentialAction":[{"@type":"CommentAction","name":"Comment","target":["https:\/\/www.latribunedufaso.net\/?p=22839#respond"]}]},{"@type":"WebPage","@id":"https:\/\/www.latribunedufaso.net\/?p=22839","url":"https:\/\/www.latribunedufaso.net\/?p=22839","name":"PHOTO'S OR BF 2025 : Un vernissage \u00e0 Ouagadougou pour clore une \u00e9dition d\u00e9di\u00e9e au patrimoine - La Tribune du Faso","isPartOf":{"@id":"https:\/\/www.latribunedufaso.net\/#website"},"primaryImageOfPage":{"@id":"https:\/\/www.latribunedufaso.net\/?p=22839#primaryimage"},"image":{"@id":"https:\/\/www.latribunedufaso.net\/?p=22839#primaryimage"},"thumbnailUrl":"https:\/\/www.latribunedufaso.net\/wp-content\/uploads\/2025\/08\/IMG_20250819_115059_852-scaled.jpg","datePublished":"2025-08-20T15:28:52+00:00","dateModified":"2025-09-17T18:13:04+00:00","breadcrumb":{"@id":"https:\/\/www.latribunedufaso.net\/?p=22839#breadcrumb"},"inLanguage":"fr-FR","potentialAction":[{"@type":"ReadAction","target":["https:\/\/www.latribunedufaso.net\/?p=22839"]}]},{"@type":"ImageObject","inLanguage":"fr-FR","@id":"https:\/\/www.latribunedufaso.net\/?p=22839#primaryimage","url":"https:\/\/www.latribunedufaso.net\/wp-content\/uploads\/2025\/08\/IMG_20250819_115059_852-scaled.jpg","contentUrl":"https:\/\/www.latribunedufaso.net\/wp-content\/uploads\/2025\/08\/IMG_20250819_115059_852-scaled.jpg","width":2560,"height":1920,"caption":"A l\u2019occasion de la Journ\u00e9e mondiale de la photographie, DTO PICTURES DESIGN a organis\u00e9, le 19 ao\u00fbt 2025 \u00e0 Ouagadougou, un vernissage d'exposition photographique."},{"@type":"BreadcrumbList","@id":"https:\/\/www.latribunedufaso.net\/?p=22839#breadcrumb","itemListElement":[{"@type":"ListItem","position":1,"name":"Accueil","item":"https:\/\/www.latribunedufaso.net\/"},{"@type":"ListItem","position":2,"name":"PHOTO&rsquo;S OR BF 2025 : Un vernissage \u00e0 Ouagadougou pour clore une \u00e9dition d\u00e9di\u00e9e au patrimoine"}]},{"@type":"WebSite","@id":"https:\/\/www.latribunedufaso.net\/#website","url":"https:\/\/www.latribunedufaso.net\/","name":"La Tribune du Faso","description":"L&#039;information du monde rural en un clic","publisher":{"@id":"https:\/\/www.latribunedufaso.net\/#organization"},"potentialAction":[{"@type":"SearchAction","target":{"@type":"EntryPoint","urlTemplate":"https:\/\/www.latribunedufaso.net\/?s={search_term_string}"},"query-input":{"@type":"PropertyValueSpecification","valueRequired":true,"valueName":"search_term_string"}}],"inLanguage":"fr-FR"},{"@type":"Organization","@id":"https:\/\/www.latribunedufaso.net\/#organization","name":"La Tribune du Faso","url":"https:\/\/www.latribunedufaso.net\/","logo":{"@type":"ImageObject","inLanguage":"fr-FR","@id":"https:\/\/www.latribunedufaso.net\/#\/schema\/logo\/image\/","url":"https:\/\/www.latribunedufaso.net\/wp-content\/uploads\/2020\/08\/Logo-Tribune-du-Faso-final-scaled.jpg","contentUrl":"https:\/\/www.latribunedufaso.net\/wp-content\/uploads\/2020\/08\/Logo-Tribune-du-Faso-final-scaled.jpg","width":2560,"height":1856,"caption":"La Tribune du Faso"},"image":{"@id":"https:\/\/www.latribunedufaso.net\/#\/schema\/logo\/image\/"},"sameAs":["https:\/\/www.facebook.com\/LatribuneduFaso\/"]},{"@type":"Person","@id":"https:\/\/www.latribunedufaso.net\/#\/schema\/person\/e54e64c5778a7e72cf80a318b7a622b0","name":"Issouf Tapsoba","image":{"@type":"ImageObject","inLanguage":"fr-FR","@id":"https:\/\/secure.gravatar.com\/avatar\/5e6c05150ce3230247d167f5b94d678eb05936197436d69b7921e3a95c9107ac?s=96&d=mm&r=g","url":"https:\/\/secure.gravatar.com\/avatar\/5e6c05150ce3230247d167f5b94d678eb05936197436d69b7921e3a95c9107ac?s=96&d=mm&r=g","contentUrl":"https:\/\/secure.gravatar.com\/avatar\/5e6c05150ce3230247d167f5b94d678eb05936197436d69b7921e3a95c9107ac?s=96&d=mm&r=g","caption":"Issouf Tapsoba"},"url":"https:\/\/www.latribunedufaso.net\/?author=5"}]}},"_links":{"self":[{"href":"https:\/\/www.latribunedufaso.net\/index.php?rest_route=\/wp\/v2\/posts\/22839","targetHints":{"allow":["GET"]}}],"collection":[{"href":"https:\/\/www.latribunedufaso.net\/index.php?rest_route=\/wp\/v2\/posts"}],"about":[{"href":"https:\/\/www.latribunedufaso.net\/index.php?rest_route=\/wp\/v2\/types\/post"}],"author":[{"embeddable":true,"href":"https:\/\/www.latribunedufaso.net\/index.php?rest_route=\/wp\/v2\/users\/5"}],"replies":[{"embeddable":true,"href":"https:\/\/www.latribunedufaso.net\/index.php?rest_route=%2Fwp%2Fv2%2Fcomments&post=22839"}],"version-history":[{"count":4,"href":"https:\/\/www.latribunedufaso.net\/index.php?rest_route=\/wp\/v2\/posts\/22839\/revisions"}],"predecessor-version":[{"id":23625,"href":"https:\/\/www.latribunedufaso.net\/index.php?rest_route=\/wp\/v2\/posts\/22839\/revisions\/23625"}],"wp:featuredmedia":[{"embeddable":true,"href":"https:\/\/www.latribunedufaso.net\/index.php?rest_route=\/wp\/v2\/media\/22842"}],"wp:attachment":[{"href":"https:\/\/www.latribunedufaso.net\/index.php?rest_route=%2Fwp%2Fv2%2Fmedia&parent=22839"}],"wp:term":[{"taxonomy":"category","embeddable":true,"href":"https:\/\/www.latribunedufaso.net\/index.php?rest_route=%2Fwp%2Fv2%2Fcategories&post=22839"},{"taxonomy":"post_tag","embeddable":true,"href":"https:\/\/www.latribunedufaso.net\/index.php?rest_route=%2Fwp%2Fv2%2Ftags&post=22839"}],"curies":[{"name":"wp","href":"https:\/\/api.w.org\/{rel}","templated":true}]}}