{"id":22804,"date":"2025-08-18T19:41:02","date_gmt":"2025-08-18T19:41:02","guid":{"rendered":"https:\/\/www.latribunedufaso.net\/?p=22804"},"modified":"2025-09-17T18:10:22","modified_gmt":"2025-09-17T18:10:22","slug":"photos-or-bf-2025-des-photographes-en-randonnee-pour-promouvoir-le-patrimoine-burkinabe","status":"publish","type":"post","link":"https:\/\/www.latribunedufaso.net\/?p=22804","title":{"rendered":"PHOTO&rsquo;S OR BF 2025 : Des photographes en randonn\u00e9e pour promouvoir le patrimoine burkinab\u00e8"},"content":{"rendered":"<p><strong>Le 17 ao\u00fbt 2025, une soixantaine de photographes, professionnels et amateurs, ont pris part \u00e0 une randonn\u00e9e photographique pour immortaliser des sites culturels et touristiques du Burkina Faso. Cette initiative s\u2019inscrit dans le cadre de la 3e \u00e9dition de la Randonn\u00e9e photographique du Burkina (PHOTO&rsquo;S OR BF). Organis\u00e9e par DTO PICTURES DESIGN, elle vise \u00e0 promouvoir le patrimoine culturel et touristique du pays.\u00a0<\/strong><!--more--><\/p>\n<p><em><strong>\u00ab Reflets du Burkina : culture, tourisme, h\u00f4tellerie \u00bb,<\/strong> <\/em>c\u2019est sous ce th\u00e8me que se tient la 3e \u00e9dition de la Randonn\u00e9e photographique du Burkina (PHOTO\u2019S OR BF). A l\u2019occasion, les randonneurs ont visit\u00e9, le 17 ao\u00fbt 2025, plusieurs sites. Objectif, immortaliser et promouvoir le patrimoine culturel ainsi que le potentiel touristique du Burkina.<\/p>\n<figure id=\"attachment_22807\" aria-describedby=\"caption-attachment-22807\" style=\"width: 2560px\" class=\"wp-caption aligncenter\"><a href=\"https:\/\/www.latribunedufaso.net\/wp-content\/uploads\/2025\/08\/IMG_20250817_085354_520-scaled.jpg\"><img loading=\"lazy\" decoding=\"async\" class=\"size-full wp-image-22807\" src=\"https:\/\/www.latribunedufaso.net\/wp-content\/uploads\/2025\/08\/IMG_20250817_085354_520-scaled.jpg\" alt=\"3e \u00e9dition de la Randonn\u00e9e photographique du Burkina, 17 ao\u00fbt 2025\" width=\"2560\" height=\"1920\" srcset=\"https:\/\/www.latribunedufaso.net\/wp-content\/uploads\/2025\/08\/IMG_20250817_085354_520-scaled.jpg 2560w, https:\/\/www.latribunedufaso.net\/wp-content\/uploads\/2025\/08\/IMG_20250817_085354_520-300x225.jpg 300w, https:\/\/www.latribunedufaso.net\/wp-content\/uploads\/2025\/08\/IMG_20250817_085354_520-1024x768.jpg 1024w, https:\/\/www.latribunedufaso.net\/wp-content\/uploads\/2025\/08\/IMG_20250817_085354_520-768x576.jpg 768w, https:\/\/www.latribunedufaso.net\/wp-content\/uploads\/2025\/08\/IMG_20250817_085354_520-1536x1152.jpg 1536w, https:\/\/www.latribunedufaso.net\/wp-content\/uploads\/2025\/08\/IMG_20250817_085354_520-2048x1536.jpg 2048w\" sizes=\"auto, (max-width: 2560px) 100vw, 2560px\" \/><\/a><figcaption id=\"caption-attachment-22807\" class=\"wp-caption-text\">Une vue des randonneurs lors de l&rsquo;audience avec Naaba Siguiri, chef de canton de Sapon\u00e9 &#8211; Ph. I. Tapsoba<\/figcaption><\/figure>\n<h3>Le Chapeau de Sapon\u00e9, un symbole de paix et de coh\u00e9sion<\/h3>\n<p>La randonn\u00e9e a d\u00e9but\u00e9 \u00e0 Sapon\u00e9, une commune rurale situ\u00e9e \u00e0 30 km au sud de Ouagadougou. Les participants ont \u00e9t\u00e9 re\u00e7us par le Naaba Siguiri, Chef de canton de Sapon\u00e9 qui leur a cont\u00e9 l\u2019histoire du Chapeau de Sapon\u00e9. C&rsquo;est un patrimoine culturel dont l\u2019origine remonte \u00e0 1358.<\/p>\n<figure id=\"attachment_22806\" aria-describedby=\"caption-attachment-22806\" style=\"width: 2560px\" class=\"wp-caption aligncenter\"><a href=\"https:\/\/www.latribunedufaso.net\/wp-content\/uploads\/2025\/08\/IMG_20250817_092612_154-scaled.jpg\"><img loading=\"lazy\" decoding=\"async\" class=\"size-full wp-image-22806\" src=\"https:\/\/www.latribunedufaso.net\/wp-content\/uploads\/2025\/08\/IMG_20250817_092612_154-scaled.jpg\" alt=\"3e \u00e9dition de la Randonn\u00e9e photographique du Burkina, 17 ao\u00fbt 2025\" width=\"2560\" height=\"1920\" srcset=\"https:\/\/www.latribunedufaso.net\/wp-content\/uploads\/2025\/08\/IMG_20250817_092612_154-scaled.jpg 2560w, https:\/\/www.latribunedufaso.net\/wp-content\/uploads\/2025\/08\/IMG_20250817_092612_154-300x225.jpg 300w, https:\/\/www.latribunedufaso.net\/wp-content\/uploads\/2025\/08\/IMG_20250817_092612_154-1024x768.jpg 1024w, https:\/\/www.latribunedufaso.net\/wp-content\/uploads\/2025\/08\/IMG_20250817_092612_154-768x576.jpg 768w, https:\/\/www.latribunedufaso.net\/wp-content\/uploads\/2025\/08\/IMG_20250817_092612_154-1536x1152.jpg 1536w, https:\/\/www.latribunedufaso.net\/wp-content\/uploads\/2025\/08\/IMG_20250817_092612_154-2048x1536.jpg 2048w\" sizes=\"auto, (max-width: 2560px) 100vw, 2560px\" \/><\/a><figcaption id=\"caption-attachment-22806\" class=\"wp-caption-text\">Naaba Siguiri, chef de canton de Sapon\u00e9, a cont\u00e9 l&rsquo;histoire du chapeau de Sapon\u00e9 aux randonneurs &#8211; Ph. I. Tapsoba<\/figcaption><\/figure>\n<p>L&rsquo;on retient de l&rsquo;histoire que le Chapeau de Sapon\u00e9 a \u00e9t\u00e9 invent\u00e9 par un individu pour prot\u00e9ger la t\u00eate de Naaba Kouda, ras\u00e9e apr\u00e8s un rite coutumier pendant qu\u2019il \u00e9tait au front. <em><strong>\u00ab Naaba Kouda a b\u00e9ni le chapeau et l\u2019a transform\u00e9 en symbole de paix, de pardon, de tol\u00e9rance, d\u2019amiti\u00e9 et de coh\u00e9sion \u00bb,<\/strong><\/em> nous a confi\u00e9 Naaba Siguiri.<\/p>\n<figure id=\"attachment_22808\" aria-describedby=\"caption-attachment-22808\" style=\"width: 2560px\" class=\"wp-caption aligncenter\"><a href=\"https:\/\/www.latribunedufaso.net\/wp-content\/uploads\/2025\/08\/IMG_20250817_110742_152-scaled.jpg\"><img loading=\"lazy\" decoding=\"async\" class=\"size-full wp-image-22808\" src=\"https:\/\/www.latribunedufaso.net\/wp-content\/uploads\/2025\/08\/IMG_20250817_110742_152-scaled.jpg\" alt=\"3e \u00e9dition de la Randonn\u00e9e photographique du Burkina, 17 ao\u00fbt 2025\" width=\"2560\" height=\"1920\" srcset=\"https:\/\/www.latribunedufaso.net\/wp-content\/uploads\/2025\/08\/IMG_20250817_110742_152-scaled.jpg 2560w, https:\/\/www.latribunedufaso.net\/wp-content\/uploads\/2025\/08\/IMG_20250817_110742_152-300x225.jpg 300w, https:\/\/www.latribunedufaso.net\/wp-content\/uploads\/2025\/08\/IMG_20250817_110742_152-1024x768.jpg 1024w, https:\/\/www.latribunedufaso.net\/wp-content\/uploads\/2025\/08\/IMG_20250817_110742_152-768x576.jpg 768w, https:\/\/www.latribunedufaso.net\/wp-content\/uploads\/2025\/08\/IMG_20250817_110742_152-1536x1152.jpg 1536w, https:\/\/www.latribunedufaso.net\/wp-content\/uploads\/2025\/08\/IMG_20250817_110742_152-2048x1536.jpg 2048w\" sizes=\"auto, (max-width: 2560px) 100vw, 2560px\" \/><\/a><figcaption id=\"caption-attachment-22808\" class=\"wp-caption-text\">Une vue de l&rsquo;atelier confection du chapeau de Sapon\u00e9 &#8211; Ph. I. Tapsoba<\/figcaption><\/figure>\n<p>Apr\u00e8s cette rencontre, les photographes ont visit\u00e9 un atelier local pour capturer le processus de fabrication de ce chapeau.<\/p>\n<h3>De Koubri \u00e0 Ouagadougou, un circuit riche<\/h3>\n<p>Apr\u00e8s Sapon\u00e9, les randonneurs se sont dirig\u00e9s vers Koubri (un village situ\u00e9 \u00e0 35 km au Nord-Ouest de Ouagadougou), o\u00f9 ils ont visit\u00e9 un complexe h\u00f4telier particulier : <em><strong>\u00ab La vo\u00fbte nubienne \u00bb.<\/strong><\/em> Construit \u00e0 partir de mat\u00e9riaux locaux, cet h\u00f4tel se veut un exemple de destination touristique que les organisateurs souhaitent mettre en lumi\u00e8re pour inciter les Burkinab\u00e8 \u00e0 la d\u00e9couvrir.<\/p>\n<figure id=\"attachment_22810\" aria-describedby=\"caption-attachment-22810\" style=\"width: 1080px\" class=\"wp-caption aligncenter\"><a href=\"https:\/\/www.latribunedufaso.net\/wp-content\/uploads\/2025\/08\/IMG-20250818-WA0089.jpg\"><img loading=\"lazy\" decoding=\"async\" class=\"size-full wp-image-22810\" src=\"https:\/\/www.latribunedufaso.net\/wp-content\/uploads\/2025\/08\/IMG-20250818-WA0089.jpg\" alt=\"3e \u00e9dition de la Randonn\u00e9e photographique du Burkina, 17 ao\u00fbt 2025\" width=\"1080\" height=\"607\" srcset=\"https:\/\/www.latribunedufaso.net\/wp-content\/uploads\/2025\/08\/IMG-20250818-WA0089.jpg 1080w, https:\/\/www.latribunedufaso.net\/wp-content\/uploads\/2025\/08\/IMG-20250818-WA0089-300x169.jpg 300w, https:\/\/www.latribunedufaso.net\/wp-content\/uploads\/2025\/08\/IMG-20250818-WA0089-1024x576.jpg 1024w, https:\/\/www.latribunedufaso.net\/wp-content\/uploads\/2025\/08\/IMG-20250818-WA0089-768x432.jpg 768w\" sizes=\"auto, (max-width: 1080px) 100vw, 1080px\" \/><\/a><figcaption id=\"caption-attachment-22810\" class=\"wp-caption-text\">Les participants ont termin\u00e9 la randonn\u00e9e au Monument aux h\u00e9ros nationaux \u00e0 Ouagadougou &#8211; Ph. I. Tapsoba<\/figcaption><\/figure>\n<p>La randonn\u00e9e s\u2019est ensuite termin\u00e9e \u00e0 Ouagadougou par la visite d\u2019un mus\u00e9e de la photographie, o\u00f9 les participants ont pu retracer l\u2019histoire de leur m\u00e9tier en observant l\u2019\u00e9volution des appareils photo. L&rsquo;\u00e9v\u00e9nement s&rsquo;est achev\u00e9 au Monument des h\u00e9ros nationaux, un lieu embl\u00e9matique du pays.<\/p>\n<blockquote>\n<p><iframe loading=\"lazy\" title=\"YouTube video player\" src=\"https:\/\/www.youtube.com\/embed\/by2-MbjiQlw?si=Lt8YOey9FzH-n1-g\" width=\"560\" height=\"315\" frameborder=\"0\" allowfullscreen=\"allowfullscreen\"><\/iframe><\/p>\n<p>Lire aussi &gt;&gt; <a href=\"https:\/\/www.latribunedufaso.net\/?p=22043\">Lancement de la 3e \u00e9dition de la Grande saison du tourisme interne \u00e0 Tenkodogo : Un appel \u00e0 la (re)d\u00e9couverte du Burkina Faso<\/a><\/p>\n<\/blockquote>\n<h3>Un engagement pour la promotion durable du patrimoine<\/h3>\n<p>Selon Dieudonn\u00e9 Woba, promoteur de l&rsquo;initiative, d&rsquo;autres activit\u00e9s sont pr\u00e9vues, dont une masterclass pour les professionnels, ax\u00e9e sur le m\u00e9tier de photographe et le droit d&rsquo;auteur.<\/p>\n<figure id=\"attachment_22811\" aria-describedby=\"caption-attachment-22811\" style=\"width: 1080px\" class=\"wp-caption aligncenter\"><a href=\"https:\/\/www.latribunedufaso.net\/wp-content\/uploads\/2025\/08\/IMG-20250818-WA0092.jpg\"><img loading=\"lazy\" decoding=\"async\" class=\"size-full wp-image-22811\" src=\"https:\/\/www.latribunedufaso.net\/wp-content\/uploads\/2025\/08\/IMG-20250818-WA0092.jpg\" alt=\"3e \u00e9dition de la Randonn\u00e9e photographique du Burkina, 17 ao\u00fbt 2025\" width=\"1080\" height=\"607\" srcset=\"https:\/\/www.latribunedufaso.net\/wp-content\/uploads\/2025\/08\/IMG-20250818-WA0092.jpg 1080w, https:\/\/www.latribunedufaso.net\/wp-content\/uploads\/2025\/08\/IMG-20250818-WA0092-300x169.jpg 300w, https:\/\/www.latribunedufaso.net\/wp-content\/uploads\/2025\/08\/IMG-20250818-WA0092-1024x576.jpg 1024w, https:\/\/www.latribunedufaso.net\/wp-content\/uploads\/2025\/08\/IMG-20250818-WA0092-768x432.jpg 768w\" sizes=\"auto, (max-width: 1080px) 100vw, 1080px\" \/><\/a><figcaption id=\"caption-attachment-22811\" class=\"wp-caption-text\">Le promoteur de la Randonn\u00e9e photographique du Burkina (PHOTO&rsquo;S OR BF), Dieudonn\u00e9 Woba &#8211; Ph. I. Tapsoba<\/figcaption><\/figure>\n<p>Les photos prises feront l&rsquo;objet d&rsquo;une exposition et d&rsquo;une diffusion sur des plateformes num\u00e9riques. L&rsquo;objectif final est de cr\u00e9er un catalogue num\u00e9rique et physique qui mettra en valeur les sites immortalis\u00e9s depuis la premi\u00e8re \u00e9dition de PHOTO&rsquo;S OR BF.<\/p>\n<p><strong>Issouf TAPSOBA\u00a0<\/strong><\/p>\n<p><strong>Latribunedufaso.net<\/strong><\/p>\n<p><iframe loading=\"lazy\" width=\"560\" height=\"315\" src=\"https:\/\/www.youtube.com\/embed\/PVP1uNDpqV0?si=Nl-U6fHsSc_zD8ke\" title=\"YouTube video player\" frameborder=\"0\" allow=\"accelerometer; autoplay; clipboard-write; encrypted-media; gyroscope; picture-in-picture; web-share\" referrerpolicy=\"strict-origin-when-cross-origin\" allowfullscreen><\/iframe><\/p>\n","protected":false},"excerpt":{"rendered":"<p>Le 17 ao\u00fbt 2025, une soixantaine de photographes, professionnels et amateurs, ont pris part \u00e0 une randonn\u00e9e photographique pour immortaliser des sites culturels et touristiques du Burkina Faso. Cette initiative s\u2019inscrit dans le cadre de la 3e \u00e9dition de la Randonn\u00e9e photographique du Burkina (PHOTO&rsquo;S OR BF). Organis\u00e9e par DTO PICTURES DESIGN, elle vise \u00e0 promouvoir le patrimoine culturel et touristique du pays.\u00a0<\/p>\n","protected":false},"author":5,"featured_media":22809,"comment_status":"open","ping_status":"open","sticky":false,"template":"","format":"standard","meta":{"footnotes":""},"categories":[13,1,30],"tags":[1479,39,936,1478,129,1480],"class_list":["post-22804","post","type-post","status-publish","format-standard","has-post-thumbnail","hentry","category-une","category-actu","category-art-et-culture","tag-chapeau-de-sapone","tag-latribunedufaso-net","tag-patrimoine-culturel","tag-randonnee-photographique-du-burkina-photos-or-bf","tag-tourisme","tag-voute-nubienne-koubri"],"yoast_head":"<!-- This site is optimized with the Yoast SEO plugin v27.4 - https:\/\/yoast.com\/product\/yoast-seo-wordpress\/ -->\n<title>PHOTO&#039;S OR BF 2025 : Des photographes en randonn\u00e9e pour promouvoir le patrimoine burkinab\u00e8 - La Tribune du Faso<\/title>\n<meta name=\"robots\" content=\"index, follow, max-snippet:-1, max-image-preview:large, max-video-preview:-1\" \/>\n<link rel=\"canonical\" href=\"https:\/\/www.latribunedufaso.net\/?p=22804\" \/>\n<meta property=\"og:locale\" content=\"fr_FR\" \/>\n<meta property=\"og:type\" content=\"article\" \/>\n<meta property=\"og:title\" content=\"PHOTO&#039;S OR BF 2025 : Des photographes en randonn\u00e9e pour promouvoir le patrimoine burkinab\u00e8 - La Tribune du Faso\" \/>\n<meta property=\"og:description\" content=\"Le 17 ao\u00fbt 2025, une soixantaine de photographes, professionnels et amateurs, ont pris part \u00e0 une randonn\u00e9e photographique pour immortaliser des sites culturels et touristiques du Burkina Faso. Cette initiative s\u2019inscrit dans le cadre de la 3e \u00e9dition de la Randonn\u00e9e photographique du Burkina (PHOTO&rsquo;S OR BF). Organis\u00e9e par DTO PICTURES DESIGN, elle vise \u00e0 promouvoir le patrimoine culturel et touristique du pays.\u00a0\" \/>\n<meta property=\"og:url\" content=\"https:\/\/www.latribunedufaso.net\/?p=22804\" \/>\n<meta property=\"og:site_name\" content=\"La Tribune du Faso\" \/>\n<meta property=\"article:publisher\" content=\"https:\/\/www.facebook.com\/LatribuneduFaso\/\" \/>\n<meta property=\"article:published_time\" content=\"2025-08-18T19:41:02+00:00\" \/>\n<meta property=\"article:modified_time\" content=\"2025-09-17T18:10:22+00:00\" \/>\n<meta property=\"og:image\" content=\"https:\/\/www.latribunedufaso.net\/wp-content\/uploads\/2025\/08\/IMG-20250818-WA0091.jpg\" \/>\n\t<meta property=\"og:image:width\" content=\"1080\" \/>\n\t<meta property=\"og:image:height\" content=\"607\" \/>\n\t<meta property=\"og:image:type\" content=\"image\/jpeg\" \/>\n<meta name=\"author\" content=\"Issouf Tapsoba\" \/>\n<meta name=\"twitter:label1\" content=\"\u00c9crit par\" \/>\n\t<meta name=\"twitter:data1\" content=\"Issouf Tapsoba\" \/>\n\t<meta name=\"twitter:label2\" content=\"Dur\u00e9e de lecture estim\u00e9e\" \/>\n\t<meta name=\"twitter:data2\" content=\"3 minutes\" \/>\n<script type=\"application\/ld+json\" class=\"yoast-schema-graph\">{\"@context\":\"https:\\\/\\\/schema.org\",\"@graph\":[{\"@type\":\"Article\",\"@id\":\"https:\\\/\\\/www.latribunedufaso.net\\\/?p=22804#article\",\"isPartOf\":{\"@id\":\"https:\\\/\\\/www.latribunedufaso.net\\\/?p=22804\"},\"author\":{\"name\":\"Issouf Tapsoba\",\"@id\":\"https:\\\/\\\/www.latribunedufaso.net\\\/#\\\/schema\\\/person\\\/e54e64c5778a7e72cf80a318b7a622b0\"},\"headline\":\"PHOTO&rsquo;S OR BF 2025 : Des photographes en randonn\u00e9e pour promouvoir le patrimoine burkinab\u00e8\",\"datePublished\":\"2025-08-18T19:41:02+00:00\",\"dateModified\":\"2025-09-17T18:10:22+00:00\",\"mainEntityOfPage\":{\"@id\":\"https:\\\/\\\/www.latribunedufaso.net\\\/?p=22804\"},\"wordCount\":660,\"commentCount\":0,\"publisher\":{\"@id\":\"https:\\\/\\\/www.latribunedufaso.net\\\/#organization\"},\"image\":{\"@id\":\"https:\\\/\\\/www.latribunedufaso.net\\\/?p=22804#primaryimage\"},\"thumbnailUrl\":\"https:\\\/\\\/www.latribunedufaso.net\\\/wp-content\\\/uploads\\\/2025\\\/08\\\/IMG-20250818-WA0091.jpg\",\"keywords\":[\"Chapeau de Sapon\u00e9\",\"latribunedufaso.net\",\"patrimoine culturel\",\"Randonn\u00e9e photographique du Burkina (PHOTO\u2019S OR BF)\",\"tourisme\",\"Vo\u00fbte nubienne Koubri\"],\"articleSection\":[\"A la une\",\"Actualit\u00e9\",\"Art et Culture\"],\"inLanguage\":\"fr-FR\",\"potentialAction\":[{\"@type\":\"CommentAction\",\"name\":\"Comment\",\"target\":[\"https:\\\/\\\/www.latribunedufaso.net\\\/?p=22804#respond\"]}]},{\"@type\":\"WebPage\",\"@id\":\"https:\\\/\\\/www.latribunedufaso.net\\\/?p=22804\",\"url\":\"https:\\\/\\\/www.latribunedufaso.net\\\/?p=22804\",\"name\":\"PHOTO'S OR BF 2025 : Des photographes en randonn\u00e9e pour promouvoir le patrimoine burkinab\u00e8 - La Tribune du Faso\",\"isPartOf\":{\"@id\":\"https:\\\/\\\/www.latribunedufaso.net\\\/#website\"},\"primaryImageOfPage\":{\"@id\":\"https:\\\/\\\/www.latribunedufaso.net\\\/?p=22804#primaryimage\"},\"image\":{\"@id\":\"https:\\\/\\\/www.latribunedufaso.net\\\/?p=22804#primaryimage\"},\"thumbnailUrl\":\"https:\\\/\\\/www.latribunedufaso.net\\\/wp-content\\\/uploads\\\/2025\\\/08\\\/IMG-20250818-WA0091.jpg\",\"datePublished\":\"2025-08-18T19:41:02+00:00\",\"dateModified\":\"2025-09-17T18:10:22+00:00\",\"breadcrumb\":{\"@id\":\"https:\\\/\\\/www.latribunedufaso.net\\\/?p=22804#breadcrumb\"},\"inLanguage\":\"fr-FR\",\"potentialAction\":[{\"@type\":\"ReadAction\",\"target\":[\"https:\\\/\\\/www.latribunedufaso.net\\\/?p=22804\"]}]},{\"@type\":\"ImageObject\",\"inLanguage\":\"fr-FR\",\"@id\":\"https:\\\/\\\/www.latribunedufaso.net\\\/?p=22804#primaryimage\",\"url\":\"https:\\\/\\\/www.latribunedufaso.net\\\/wp-content\\\/uploads\\\/2025\\\/08\\\/IMG-20250818-WA0091.jpg\",\"contentUrl\":\"https:\\\/\\\/www.latribunedufaso.net\\\/wp-content\\\/uploads\\\/2025\\\/08\\\/IMG-20250818-WA0091.jpg\",\"width\":1080,\"height\":607,\"caption\":\"3e \u00e9dition de la Randonn\u00e9e photographique du Burkina, 17 ao\u00fbt 2025\"},{\"@type\":\"BreadcrumbList\",\"@id\":\"https:\\\/\\\/www.latribunedufaso.net\\\/?p=22804#breadcrumb\",\"itemListElement\":[{\"@type\":\"ListItem\",\"position\":1,\"name\":\"Accueil\",\"item\":\"https:\\\/\\\/www.latribunedufaso.net\\\/\"},{\"@type\":\"ListItem\",\"position\":2,\"name\":\"PHOTO&rsquo;S OR BF 2025 : Des photographes en randonn\u00e9e pour promouvoir le patrimoine burkinab\u00e8\"}]},{\"@type\":\"WebSite\",\"@id\":\"https:\\\/\\\/www.latribunedufaso.net\\\/#website\",\"url\":\"https:\\\/\\\/www.latribunedufaso.net\\\/\",\"name\":\"La Tribune du Faso\",\"description\":\"L&#039;information du monde rural en un clic\",\"publisher\":{\"@id\":\"https:\\\/\\\/www.latribunedufaso.net\\\/#organization\"},\"potentialAction\":[{\"@type\":\"SearchAction\",\"target\":{\"@type\":\"EntryPoint\",\"urlTemplate\":\"https:\\\/\\\/www.latribunedufaso.net\\\/?s={search_term_string}\"},\"query-input\":{\"@type\":\"PropertyValueSpecification\",\"valueRequired\":true,\"valueName\":\"search_term_string\"}}],\"inLanguage\":\"fr-FR\"},{\"@type\":\"Organization\",\"@id\":\"https:\\\/\\\/www.latribunedufaso.net\\\/#organization\",\"name\":\"La Tribune du Faso\",\"url\":\"https:\\\/\\\/www.latribunedufaso.net\\\/\",\"logo\":{\"@type\":\"ImageObject\",\"inLanguage\":\"fr-FR\",\"@id\":\"https:\\\/\\\/www.latribunedufaso.net\\\/#\\\/schema\\\/logo\\\/image\\\/\",\"url\":\"https:\\\/\\\/www.latribunedufaso.net\\\/wp-content\\\/uploads\\\/2020\\\/08\\\/Logo-Tribune-du-Faso-final-scaled.jpg\",\"contentUrl\":\"https:\\\/\\\/www.latribunedufaso.net\\\/wp-content\\\/uploads\\\/2020\\\/08\\\/Logo-Tribune-du-Faso-final-scaled.jpg\",\"width\":2560,\"height\":1856,\"caption\":\"La Tribune du Faso\"},\"image\":{\"@id\":\"https:\\\/\\\/www.latribunedufaso.net\\\/#\\\/schema\\\/logo\\\/image\\\/\"},\"sameAs\":[\"https:\\\/\\\/www.facebook.com\\\/LatribuneduFaso\\\/\"]},{\"@type\":\"Person\",\"@id\":\"https:\\\/\\\/www.latribunedufaso.net\\\/#\\\/schema\\\/person\\\/e54e64c5778a7e72cf80a318b7a622b0\",\"name\":\"Issouf Tapsoba\",\"image\":{\"@type\":\"ImageObject\",\"inLanguage\":\"fr-FR\",\"@id\":\"https:\\\/\\\/secure.gravatar.com\\\/avatar\\\/5e6c05150ce3230247d167f5b94d678eb05936197436d69b7921e3a95c9107ac?s=96&d=mm&r=g\",\"url\":\"https:\\\/\\\/secure.gravatar.com\\\/avatar\\\/5e6c05150ce3230247d167f5b94d678eb05936197436d69b7921e3a95c9107ac?s=96&d=mm&r=g\",\"contentUrl\":\"https:\\\/\\\/secure.gravatar.com\\\/avatar\\\/5e6c05150ce3230247d167f5b94d678eb05936197436d69b7921e3a95c9107ac?s=96&d=mm&r=g\",\"caption\":\"Issouf Tapsoba\"},\"url\":\"https:\\\/\\\/www.latribunedufaso.net\\\/?author=5\"}]}<\/script>\n<!-- \/ Yoast SEO plugin. -->","yoast_head_json":{"title":"PHOTO'S OR BF 2025 : Des photographes en randonn\u00e9e pour promouvoir le patrimoine burkinab\u00e8 - La Tribune du Faso","robots":{"index":"index","follow":"follow","max-snippet":"max-snippet:-1","max-image-preview":"max-image-preview:large","max-video-preview":"max-video-preview:-1"},"canonical":"https:\/\/www.latribunedufaso.net\/?p=22804","og_locale":"fr_FR","og_type":"article","og_title":"PHOTO'S OR BF 2025 : Des photographes en randonn\u00e9e pour promouvoir le patrimoine burkinab\u00e8 - La Tribune du Faso","og_description":"Le 17 ao\u00fbt 2025, une soixantaine de photographes, professionnels et amateurs, ont pris part \u00e0 une randonn\u00e9e photographique pour immortaliser des sites culturels et touristiques du Burkina Faso. Cette initiative s\u2019inscrit dans le cadre de la 3e \u00e9dition de la Randonn\u00e9e photographique du Burkina (PHOTO&rsquo;S OR BF). Organis\u00e9e par DTO PICTURES DESIGN, elle vise \u00e0 promouvoir le patrimoine culturel et touristique du pays.\u00a0","og_url":"https:\/\/www.latribunedufaso.net\/?p=22804","og_site_name":"La Tribune du Faso","article_publisher":"https:\/\/www.facebook.com\/LatribuneduFaso\/","article_published_time":"2025-08-18T19:41:02+00:00","article_modified_time":"2025-09-17T18:10:22+00:00","og_image":[{"width":1080,"height":607,"url":"https:\/\/www.latribunedufaso.net\/wp-content\/uploads\/2025\/08\/IMG-20250818-WA0091.jpg","type":"image\/jpeg"}],"author":"Issouf Tapsoba","twitter_misc":{"\u00c9crit par":"Issouf Tapsoba","Dur\u00e9e de lecture estim\u00e9e":"3 minutes"},"schema":{"@context":"https:\/\/schema.org","@graph":[{"@type":"Article","@id":"https:\/\/www.latribunedufaso.net\/?p=22804#article","isPartOf":{"@id":"https:\/\/www.latribunedufaso.net\/?p=22804"},"author":{"name":"Issouf Tapsoba","@id":"https:\/\/www.latribunedufaso.net\/#\/schema\/person\/e54e64c5778a7e72cf80a318b7a622b0"},"headline":"PHOTO&rsquo;S OR BF 2025 : Des photographes en randonn\u00e9e pour promouvoir le patrimoine burkinab\u00e8","datePublished":"2025-08-18T19:41:02+00:00","dateModified":"2025-09-17T18:10:22+00:00","mainEntityOfPage":{"@id":"https:\/\/www.latribunedufaso.net\/?p=22804"},"wordCount":660,"commentCount":0,"publisher":{"@id":"https:\/\/www.latribunedufaso.net\/#organization"},"image":{"@id":"https:\/\/www.latribunedufaso.net\/?p=22804#primaryimage"},"thumbnailUrl":"https:\/\/www.latribunedufaso.net\/wp-content\/uploads\/2025\/08\/IMG-20250818-WA0091.jpg","keywords":["Chapeau de Sapon\u00e9","latribunedufaso.net","patrimoine culturel","Randonn\u00e9e photographique du Burkina (PHOTO\u2019S OR BF)","tourisme","Vo\u00fbte nubienne Koubri"],"articleSection":["A la une","Actualit\u00e9","Art et Culture"],"inLanguage":"fr-FR","potentialAction":[{"@type":"CommentAction","name":"Comment","target":["https:\/\/www.latribunedufaso.net\/?p=22804#respond"]}]},{"@type":"WebPage","@id":"https:\/\/www.latribunedufaso.net\/?p=22804","url":"https:\/\/www.latribunedufaso.net\/?p=22804","name":"PHOTO'S OR BF 2025 : Des photographes en randonn\u00e9e pour promouvoir le patrimoine burkinab\u00e8 - La Tribune du Faso","isPartOf":{"@id":"https:\/\/www.latribunedufaso.net\/#website"},"primaryImageOfPage":{"@id":"https:\/\/www.latribunedufaso.net\/?p=22804#primaryimage"},"image":{"@id":"https:\/\/www.latribunedufaso.net\/?p=22804#primaryimage"},"thumbnailUrl":"https:\/\/www.latribunedufaso.net\/wp-content\/uploads\/2025\/08\/IMG-20250818-WA0091.jpg","datePublished":"2025-08-18T19:41:02+00:00","dateModified":"2025-09-17T18:10:22+00:00","breadcrumb":{"@id":"https:\/\/www.latribunedufaso.net\/?p=22804#breadcrumb"},"inLanguage":"fr-FR","potentialAction":[{"@type":"ReadAction","target":["https:\/\/www.latribunedufaso.net\/?p=22804"]}]},{"@type":"ImageObject","inLanguage":"fr-FR","@id":"https:\/\/www.latribunedufaso.net\/?p=22804#primaryimage","url":"https:\/\/www.latribunedufaso.net\/wp-content\/uploads\/2025\/08\/IMG-20250818-WA0091.jpg","contentUrl":"https:\/\/www.latribunedufaso.net\/wp-content\/uploads\/2025\/08\/IMG-20250818-WA0091.jpg","width":1080,"height":607,"caption":"3e \u00e9dition de la Randonn\u00e9e photographique du Burkina, 17 ao\u00fbt 2025"},{"@type":"BreadcrumbList","@id":"https:\/\/www.latribunedufaso.net\/?p=22804#breadcrumb","itemListElement":[{"@type":"ListItem","position":1,"name":"Accueil","item":"https:\/\/www.latribunedufaso.net\/"},{"@type":"ListItem","position":2,"name":"PHOTO&rsquo;S OR BF 2025 : Des photographes en randonn\u00e9e pour promouvoir le patrimoine burkinab\u00e8"}]},{"@type":"WebSite","@id":"https:\/\/www.latribunedufaso.net\/#website","url":"https:\/\/www.latribunedufaso.net\/","name":"La Tribune du Faso","description":"L&#039;information du monde rural en un clic","publisher":{"@id":"https:\/\/www.latribunedufaso.net\/#organization"},"potentialAction":[{"@type":"SearchAction","target":{"@type":"EntryPoint","urlTemplate":"https:\/\/www.latribunedufaso.net\/?s={search_term_string}"},"query-input":{"@type":"PropertyValueSpecification","valueRequired":true,"valueName":"search_term_string"}}],"inLanguage":"fr-FR"},{"@type":"Organization","@id":"https:\/\/www.latribunedufaso.net\/#organization","name":"La Tribune du Faso","url":"https:\/\/www.latribunedufaso.net\/","logo":{"@type":"ImageObject","inLanguage":"fr-FR","@id":"https:\/\/www.latribunedufaso.net\/#\/schema\/logo\/image\/","url":"https:\/\/www.latribunedufaso.net\/wp-content\/uploads\/2020\/08\/Logo-Tribune-du-Faso-final-scaled.jpg","contentUrl":"https:\/\/www.latribunedufaso.net\/wp-content\/uploads\/2020\/08\/Logo-Tribune-du-Faso-final-scaled.jpg","width":2560,"height":1856,"caption":"La Tribune du Faso"},"image":{"@id":"https:\/\/www.latribunedufaso.net\/#\/schema\/logo\/image\/"},"sameAs":["https:\/\/www.facebook.com\/LatribuneduFaso\/"]},{"@type":"Person","@id":"https:\/\/www.latribunedufaso.net\/#\/schema\/person\/e54e64c5778a7e72cf80a318b7a622b0","name":"Issouf Tapsoba","image":{"@type":"ImageObject","inLanguage":"fr-FR","@id":"https:\/\/secure.gravatar.com\/avatar\/5e6c05150ce3230247d167f5b94d678eb05936197436d69b7921e3a95c9107ac?s=96&d=mm&r=g","url":"https:\/\/secure.gravatar.com\/avatar\/5e6c05150ce3230247d167f5b94d678eb05936197436d69b7921e3a95c9107ac?s=96&d=mm&r=g","contentUrl":"https:\/\/secure.gravatar.com\/avatar\/5e6c05150ce3230247d167f5b94d678eb05936197436d69b7921e3a95c9107ac?s=96&d=mm&r=g","caption":"Issouf Tapsoba"},"url":"https:\/\/www.latribunedufaso.net\/?author=5"}]}},"_links":{"self":[{"href":"https:\/\/www.latribunedufaso.net\/index.php?rest_route=\/wp\/v2\/posts\/22804","targetHints":{"allow":["GET"]}}],"collection":[{"href":"https:\/\/www.latribunedufaso.net\/index.php?rest_route=\/wp\/v2\/posts"}],"about":[{"href":"https:\/\/www.latribunedufaso.net\/index.php?rest_route=\/wp\/v2\/types\/post"}],"author":[{"embeddable":true,"href":"https:\/\/www.latribunedufaso.net\/index.php?rest_route=\/wp\/v2\/users\/5"}],"replies":[{"embeddable":true,"href":"https:\/\/www.latribunedufaso.net\/index.php?rest_route=%2Fwp%2Fv2%2Fcomments&post=22804"}],"version-history":[{"count":5,"href":"https:\/\/www.latribunedufaso.net\/index.php?rest_route=\/wp\/v2\/posts\/22804\/revisions"}],"predecessor-version":[{"id":23623,"href":"https:\/\/www.latribunedufaso.net\/index.php?rest_route=\/wp\/v2\/posts\/22804\/revisions\/23623"}],"wp:featuredmedia":[{"embeddable":true,"href":"https:\/\/www.latribunedufaso.net\/index.php?rest_route=\/wp\/v2\/media\/22809"}],"wp:attachment":[{"href":"https:\/\/www.latribunedufaso.net\/index.php?rest_route=%2Fwp%2Fv2%2Fmedia&parent=22804"}],"wp:term":[{"taxonomy":"category","embeddable":true,"href":"https:\/\/www.latribunedufaso.net\/index.php?rest_route=%2Fwp%2Fv2%2Fcategories&post=22804"},{"taxonomy":"post_tag","embeddable":true,"href":"https:\/\/www.latribunedufaso.net\/index.php?rest_route=%2Fwp%2Fv2%2Ftags&post=22804"}],"curies":[{"name":"wp","href":"https:\/\/api.w.org\/{rel}","templated":true}]}}