{"id":22785,"date":"2025-08-18T14:56:42","date_gmt":"2025-08-18T14:56:42","guid":{"rendered":"https:\/\/www.latribunedufaso.net\/?p=22785"},"modified":"2025-08-18T14:56:42","modified_gmt":"2025-08-18T14:56:42","slug":"burkina-faso-le-gouvernement-rejette-un-rapport-de-lonu-sur-les-enfants-et-le-conflit-arme-et-expulse-une-responsable","status":"publish","type":"post","link":"https:\/\/www.latribunedufaso.net\/?p=22785","title":{"rendered":"Burkina Faso : Le Gouvernement rejette un rapport de l\u2019ONU sur les enfants et le conflit arm\u00e9 et expulse une responsable"},"content":{"rendered":"<p><strong>Le Gouvernement burkinab\u00e8 rejette le dernier rapport du Secr\u00e9taire g\u00e9n\u00e9ral de l\u2019ONU sur les enfants et le conflit arm\u00e9 au Burkina Faso, qu\u2019il qualifie de <em>\u00ab partial et non document\u00e9 \u00bb. <\/em>Il d\u00e9nonce le manque de collaboration des agences onusiennes et annonce que Mme Carol Flore-SMERECZNIAK, Coordonnatrice r\u00e9sidente du Syst\u00e8me des Nations Unies, est d\u00e9clar\u00e9e persona non grata sur le territoire national.\u00a0<\/strong><!--more--><\/p>\n<p>Le Burkina Faso r\u00e9affirme toutefois son attachement aux id\u00e9aux des Nations Unies et sa volont\u00e9 de poursuivre la coop\u00e9ration avec des repr\u00e9sentants jug\u00e9s cr\u00e9dibles et engag\u00e9s.<\/p>\n<p>C&rsquo;est ce qu&rsquo;on peut lire dans le communiqu\u00e9 de presse sign\u00e9 ce 18 ao\u00fbt 2025 \u00e0 Ouagadougou par le ministre en charge de la Communication, Pingwend\u00e9 Gilbert Ou\u00e9draogo.<\/p>\n<p>Lire le communiqu\u00e9 \ud83d\udc47<\/p>\n<p>\u00ab Le Gouvernement du Burkina Faso, apr\u00e8s avoir d\u00e9couvert le rapport du Secr\u00e9taire\u00a0<\/p>\n<p>G\u00e9n\u00e9ral des Nations Unies adress\u00e9 au Conseil de S\u00e9curit\u00e9, intitul\u00e9 \u201cLes enfants et le conflit arm\u00e9 au Burkina Faso\u201d, s\u2019indigne du total m\u00e9pris \u00e0 l\u2019endroit des autorit\u00e9s et institutions burkinab\u00e8 qui n\u2019ont \u00e9t\u00e9 ni associ\u00e9es \u00e0 son \u00e9laboration, encore moins inform\u00e9es des conclusions de l\u2019\u00e9tude.<\/p>\n<p>En effet, il ressort que ce rapport a \u00e9t\u00e9 \u00e9labor\u00e9 par une \u00e9quipe sp\u00e9ciale pays, copr\u00e9sid\u00e9e par la Coordonnatrice R\u00e9sidente du Syst\u00e8me des Nations Unies au Burkina Faso. Les informations consign\u00e9es dans ledit document abordent plusieurs points, notamment l\u2019analyse de la situation politique, militaire et s\u00e9curitaire, les violations graves commises contre les enfants en application des dispositions de la r\u00e9solution 1612 (2005).\u00a0<\/p>\n<p>Dans un style narratif citant indistinctement les terroristes et les institutions de d\u00e9fense et de s\u00e9curit\u00e9 du Burkina Faso, ce rapport qui ressemble \u00e0 une compilation d\u2019affirmations sans fondements et de contre-v\u00e9rit\u00e9s ne comporte en annexe, ni copies de rapports d&rsquo;enqu\u00eates, ni arr\u00eats de justice pour \u00e9tayer les cas pr\u00e9tendus de violations contre des enfants attribu\u00e9s aux vaillants combattants burkinab\u00e8.\u00a0<\/p>\n<p>Le Gouvernement regrette profond\u00e9ment que ces informations aient \u00e9t\u00e9 compil\u00e9es et publi\u00e9es par l&rsquo;\u00e9quipe sp\u00e9ciale pays, sans m\u00eame associer les structures comp\u00e9tentes burkinab\u00e8, toute chose qui aurait permis d&rsquo;avoir une lecture plus compl\u00e8te et non-biais\u00e9e de la situation des enfants dans les zones \u00e0 fort d\u00e9fi s\u00e9curitaire au Burkina Faso.<\/p>\n<p>Le Gouvernement s&rsquo;\u00e9tonne de la persistance de certaines agences du Syst\u00e8me des Nations Unies au Burkina Faso dans l\u2019utilisation avec l\u00e9g\u00e8ret\u00e9 et \u00e0 dessein des terminologies \u00e9quivoques cachant une volont\u00e9 manifeste de l\u00e9gitimation ou de\u00a0<\/p>\n<p>requalification de la barbarie dont le peuple burkinab\u00e8 est victime depuis une d\u00e9cennie.\u00a0<\/p>\n<p>Une mise au clair officielle sans \u00e9quivoque avait pourtant \u00e9t\u00e9 faite le 25 mars 2025 suite \u00e0 une convocation des Repr\u00e9sentants desdites agences.<\/p>\n<p>Pour sa responsabilit\u00e9 dans la copr\u00e9sidence de l\u2019\u00e9laboration d\u2019un rapport compilant des donn\u00e9es sans sources objectives, sans preuves ni justificatifs, v\u00e9hiculant des informations graves et mensong\u00e8res, le Gouvernement porte \u00e0 la connaissance de l\u2019opinion nationale et internationale que Madame Carol Flore-SMERECZNIAK, Coordonnatrice R\u00e9sidente du Syst\u00e8me des Nations Unies est d\u00e9clar\u00e9e \u00ab persona non grata \u00bb sur le territoire du Burkina Faso.\u00a0<\/p>\n<p>En confirmant des informations de mani\u00e8re unilat\u00e9rale, sans les documenter par des preuves juridiquement acceptables, \u00e0 travers un rapport port\u00e9 devant une instance aussi strat\u00e9gique que le Conseil de s\u00e9curit\u00e9 des Nations Unies, le Gouvernement estime au regard de tous les graves \u00e9carts constat\u00e9s, et pour pr\u00e9server et renforcer les acquis importants de la Coop\u00e9ration entre le Burkina Faso et les Nations Unies, que Madame Carol Flore- SMERECZNIAK n&rsquo;est plus une interlocutrice cr\u00e9dible.<\/p>\n<p>Le Gouvernement du Burkina Faso r\u00e9affirme son adh\u00e9sion aux id\u00e9aux de l\u2019Organisation des Nations Unies dont il salue les apports dans le contexte de d\u00e9fis s\u00e9curitaires et humanitaires. Il r\u00e9it\u00e8re sa totale disponibilit\u00e9 \u00e0 coop\u00e9rer avec l\u2019Organisation des Nations Unies, \u00e0 travers des repr\u00e9sentants et des \u00e9quipes pays r\u00e9solument engag\u00e9s dans un accompagnement vrai et sinc\u00e8re. \u00bb<\/p>\n<p><strong>Latribunedufaso.net<\/strong><\/p>\n","protected":false},"excerpt":{"rendered":"<p>Le Gouvernement burkinab\u00e8 rejette le dernier rapport du Secr\u00e9taire g\u00e9n\u00e9ral de l\u2019ONU sur les enfants et le conflit arm\u00e9 au Burkina Faso, qu\u2019il qualifie de \u00ab partial et non document\u00e9 \u00bb. Il d\u00e9nonce le manque de collaboration des agences onusiennes et annonce que Mme Carol Flore-SMERECZNIAK, Coordonnatrice r\u00e9sidente du Syst\u00e8me des Nations Unies, est d\u00e9clar\u00e9e persona non grata sur le territoire national.\u00a0<\/p>\n","protected":false},"author":5,"featured_media":21418,"comment_status":"open","ping_status":"open","sticky":false,"template":"","format":"standard","meta":{"footnotes":""},"categories":[13,1,17],"tags":[39,1256],"class_list":["post-22785","post","type-post","status-publish","format-standard","has-post-thumbnail","hentry","category-une","category-actu","category-sport","tag-latribunedufaso-net","tag-onu"],"yoast_head":"<!-- This site is optimized with the Yoast SEO plugin v27.5 - https:\/\/yoast.com\/product\/yoast-seo-wordpress\/ -->\n<title>Burkina Faso : Le Gouvernement rejette un rapport de l\u2019ONU sur les enfants et le conflit arm\u00e9 et expulse une responsable - La Tribune du Faso<\/title>\n<meta name=\"robots\" content=\"index, follow, max-snippet:-1, max-image-preview:large, max-video-preview:-1\" \/>\n<link rel=\"canonical\" href=\"https:\/\/www.latribunedufaso.net\/?p=22785\" \/>\n<meta property=\"og:locale\" content=\"fr_FR\" \/>\n<meta property=\"og:type\" content=\"article\" \/>\n<meta property=\"og:title\" content=\"Burkina Faso : Le Gouvernement rejette un rapport de l\u2019ONU sur les enfants et le conflit arm\u00e9 et expulse une responsable - La Tribune du Faso\" \/>\n<meta property=\"og:description\" content=\"Le Gouvernement burkinab\u00e8 rejette le dernier rapport du Secr\u00e9taire g\u00e9n\u00e9ral de l\u2019ONU sur les enfants et le conflit arm\u00e9 au Burkina Faso, qu\u2019il qualifie de \u00ab partial et non document\u00e9 \u00bb. Il d\u00e9nonce le manque de collaboration des agences onusiennes et annonce que Mme Carol Flore-SMERECZNIAK, Coordonnatrice r\u00e9sidente du Syst\u00e8me des Nations Unies, est d\u00e9clar\u00e9e persona non grata sur le territoire national.\u00a0\" \/>\n<meta property=\"og:url\" content=\"https:\/\/www.latribunedufaso.net\/?p=22785\" \/>\n<meta property=\"og:site_name\" content=\"La Tribune du Faso\" \/>\n<meta property=\"article:publisher\" content=\"https:\/\/www.facebook.com\/LatribuneduFaso\/\" \/>\n<meta property=\"article:published_time\" content=\"2025-08-18T14:56:42+00:00\" \/>\n<meta property=\"og:image\" content=\"https:\/\/www.latribunedufaso.net\/wp-content\/uploads\/2025\/06\/FB_IMG_1750530588504.jpg\" \/>\n\t<meta property=\"og:image:width\" content=\"2048\" \/>\n\t<meta property=\"og:image:height\" content=\"1365\" \/>\n\t<meta property=\"og:image:type\" content=\"image\/jpeg\" \/>\n<meta name=\"author\" content=\"Issouf Tapsoba\" \/>\n<meta name=\"twitter:label1\" content=\"\u00c9crit par\" \/>\n\t<meta name=\"twitter:data1\" content=\"Issouf Tapsoba\" \/>\n\t<meta name=\"twitter:label2\" content=\"Dur\u00e9e de lecture estim\u00e9e\" \/>\n\t<meta name=\"twitter:data2\" content=\"3 minutes\" \/>\n<script type=\"application\/ld+json\" class=\"yoast-schema-graph\">{\"@context\":\"https:\\\/\\\/schema.org\",\"@graph\":[{\"@type\":\"Article\",\"@id\":\"https:\\\/\\\/www.latribunedufaso.net\\\/?p=22785#article\",\"isPartOf\":{\"@id\":\"https:\\\/\\\/www.latribunedufaso.net\\\/?p=22785\"},\"author\":{\"name\":\"Issouf Tapsoba\",\"@id\":\"https:\\\/\\\/www.latribunedufaso.net\\\/#\\\/schema\\\/person\\\/e54e64c5778a7e72cf80a318b7a622b0\"},\"headline\":\"Burkina Faso : Le Gouvernement rejette un rapport de l\u2019ONU sur les enfants et le conflit arm\u00e9 et expulse une responsable\",\"datePublished\":\"2025-08-18T14:56:42+00:00\",\"mainEntityOfPage\":{\"@id\":\"https:\\\/\\\/www.latribunedufaso.net\\\/?p=22785\"},\"wordCount\":719,\"commentCount\":0,\"publisher\":{\"@id\":\"https:\\\/\\\/www.latribunedufaso.net\\\/#organization\"},\"image\":{\"@id\":\"https:\\\/\\\/www.latribunedufaso.net\\\/?p=22785#primaryimage\"},\"thumbnailUrl\":\"https:\\\/\\\/www.latribunedufaso.net\\\/wp-content\\\/uploads\\\/2025\\\/06\\\/FB_IMG_1750530588504.jpg\",\"keywords\":[\"latribunedufaso.net\",\"ONU\"],\"articleSection\":[\"A la une\",\"Actualit\u00e9\",\"Sport\"],\"inLanguage\":\"fr-FR\",\"potentialAction\":[{\"@type\":\"CommentAction\",\"name\":\"Comment\",\"target\":[\"https:\\\/\\\/www.latribunedufaso.net\\\/?p=22785#respond\"]}]},{\"@type\":\"WebPage\",\"@id\":\"https:\\\/\\\/www.latribunedufaso.net\\\/?p=22785\",\"url\":\"https:\\\/\\\/www.latribunedufaso.net\\\/?p=22785\",\"name\":\"Burkina Faso : Le Gouvernement rejette un rapport de l\u2019ONU sur les enfants et le conflit arm\u00e9 et expulse une responsable - La Tribune du Faso\",\"isPartOf\":{\"@id\":\"https:\\\/\\\/www.latribunedufaso.net\\\/#website\"},\"primaryImageOfPage\":{\"@id\":\"https:\\\/\\\/www.latribunedufaso.net\\\/?p=22785#primaryimage\"},\"image\":{\"@id\":\"https:\\\/\\\/www.latribunedufaso.net\\\/?p=22785#primaryimage\"},\"thumbnailUrl\":\"https:\\\/\\\/www.latribunedufaso.net\\\/wp-content\\\/uploads\\\/2025\\\/06\\\/FB_IMG_1750530588504.jpg\",\"datePublished\":\"2025-08-18T14:56:42+00:00\",\"breadcrumb\":{\"@id\":\"https:\\\/\\\/www.latribunedufaso.net\\\/?p=22785#breadcrumb\"},\"inLanguage\":\"fr-FR\",\"potentialAction\":[{\"@type\":\"ReadAction\",\"target\":[\"https:\\\/\\\/www.latribunedufaso.net\\\/?p=22785\"]}]},{\"@type\":\"ImageObject\",\"inLanguage\":\"fr-FR\",\"@id\":\"https:\\\/\\\/www.latribunedufaso.net\\\/?p=22785#primaryimage\",\"url\":\"https:\\\/\\\/www.latribunedufaso.net\\\/wp-content\\\/uploads\\\/2025\\\/06\\\/FB_IMG_1750530588504.jpg\",\"contentUrl\":\"https:\\\/\\\/www.latribunedufaso.net\\\/wp-content\\\/uploads\\\/2025\\\/06\\\/FB_IMG_1750530588504.jpg\",\"width\":2048,\"height\":1365,\"caption\":\"Le ministre Gilbert Ou\u00e9draogo a invit\u00e9 tout un chacun \u00e0 entretenir les plants qu'il a mis en terre - Ph. DR\"},{\"@type\":\"BreadcrumbList\",\"@id\":\"https:\\\/\\\/www.latribunedufaso.net\\\/?p=22785#breadcrumb\",\"itemListElement\":[{\"@type\":\"ListItem\",\"position\":1,\"name\":\"Accueil\",\"item\":\"https:\\\/\\\/www.latribunedufaso.net\\\/\"},{\"@type\":\"ListItem\",\"position\":2,\"name\":\"Burkina Faso : Le Gouvernement rejette un rapport de l\u2019ONU sur les enfants et le conflit arm\u00e9 et expulse une responsable\"}]},{\"@type\":\"WebSite\",\"@id\":\"https:\\\/\\\/www.latribunedufaso.net\\\/#website\",\"url\":\"https:\\\/\\\/www.latribunedufaso.net\\\/\",\"name\":\"La Tribune du Faso\",\"description\":\"L&#039;information du monde rural en un clic\",\"publisher\":{\"@id\":\"https:\\\/\\\/www.latribunedufaso.net\\\/#organization\"},\"potentialAction\":[{\"@type\":\"SearchAction\",\"target\":{\"@type\":\"EntryPoint\",\"urlTemplate\":\"https:\\\/\\\/www.latribunedufaso.net\\\/?s={search_term_string}\"},\"query-input\":{\"@type\":\"PropertyValueSpecification\",\"valueRequired\":true,\"valueName\":\"search_term_string\"}}],\"inLanguage\":\"fr-FR\"},{\"@type\":\"Organization\",\"@id\":\"https:\\\/\\\/www.latribunedufaso.net\\\/#organization\",\"name\":\"La Tribune du Faso\",\"url\":\"https:\\\/\\\/www.latribunedufaso.net\\\/\",\"logo\":{\"@type\":\"ImageObject\",\"inLanguage\":\"fr-FR\",\"@id\":\"https:\\\/\\\/www.latribunedufaso.net\\\/#\\\/schema\\\/logo\\\/image\\\/\",\"url\":\"https:\\\/\\\/www.latribunedufaso.net\\\/wp-content\\\/uploads\\\/2020\\\/08\\\/Logo-Tribune-du-Faso-final-scaled.jpg\",\"contentUrl\":\"https:\\\/\\\/www.latribunedufaso.net\\\/wp-content\\\/uploads\\\/2020\\\/08\\\/Logo-Tribune-du-Faso-final-scaled.jpg\",\"width\":2560,\"height\":1856,\"caption\":\"La Tribune du Faso\"},\"image\":{\"@id\":\"https:\\\/\\\/www.latribunedufaso.net\\\/#\\\/schema\\\/logo\\\/image\\\/\"},\"sameAs\":[\"https:\\\/\\\/www.facebook.com\\\/LatribuneduFaso\\\/\"]},{\"@type\":\"Person\",\"@id\":\"https:\\\/\\\/www.latribunedufaso.net\\\/#\\\/schema\\\/person\\\/e54e64c5778a7e72cf80a318b7a622b0\",\"name\":\"Issouf Tapsoba\",\"image\":{\"@type\":\"ImageObject\",\"inLanguage\":\"fr-FR\",\"@id\":\"https:\\\/\\\/secure.gravatar.com\\\/avatar\\\/5e6c05150ce3230247d167f5b94d678eb05936197436d69b7921e3a95c9107ac?s=96&d=mm&r=g\",\"url\":\"https:\\\/\\\/secure.gravatar.com\\\/avatar\\\/5e6c05150ce3230247d167f5b94d678eb05936197436d69b7921e3a95c9107ac?s=96&d=mm&r=g\",\"contentUrl\":\"https:\\\/\\\/secure.gravatar.com\\\/avatar\\\/5e6c05150ce3230247d167f5b94d678eb05936197436d69b7921e3a95c9107ac?s=96&d=mm&r=g\",\"caption\":\"Issouf Tapsoba\"},\"url\":\"https:\\\/\\\/www.latribunedufaso.net\\\/?author=5\"}]}<\/script>\n<!-- \/ Yoast SEO plugin. -->","yoast_head_json":{"title":"Burkina Faso : Le Gouvernement rejette un rapport de l\u2019ONU sur les enfants et le conflit arm\u00e9 et expulse une responsable - La Tribune du Faso","robots":{"index":"index","follow":"follow","max-snippet":"max-snippet:-1","max-image-preview":"max-image-preview:large","max-video-preview":"max-video-preview:-1"},"canonical":"https:\/\/www.latribunedufaso.net\/?p=22785","og_locale":"fr_FR","og_type":"article","og_title":"Burkina Faso : Le Gouvernement rejette un rapport de l\u2019ONU sur les enfants et le conflit arm\u00e9 et expulse une responsable - La Tribune du Faso","og_description":"Le Gouvernement burkinab\u00e8 rejette le dernier rapport du Secr\u00e9taire g\u00e9n\u00e9ral de l\u2019ONU sur les enfants et le conflit arm\u00e9 au Burkina Faso, qu\u2019il qualifie de \u00ab partial et non document\u00e9 \u00bb. Il d\u00e9nonce le manque de collaboration des agences onusiennes et annonce que Mme Carol Flore-SMERECZNIAK, Coordonnatrice r\u00e9sidente du Syst\u00e8me des Nations Unies, est d\u00e9clar\u00e9e persona non grata sur le territoire national.\u00a0","og_url":"https:\/\/www.latribunedufaso.net\/?p=22785","og_site_name":"La Tribune du Faso","article_publisher":"https:\/\/www.facebook.com\/LatribuneduFaso\/","article_published_time":"2025-08-18T14:56:42+00:00","og_image":[{"width":2048,"height":1365,"url":"https:\/\/www.latribunedufaso.net\/wp-content\/uploads\/2025\/06\/FB_IMG_1750530588504.jpg","type":"image\/jpeg"}],"author":"Issouf Tapsoba","twitter_misc":{"\u00c9crit par":"Issouf Tapsoba","Dur\u00e9e de lecture estim\u00e9e":"3 minutes"},"schema":{"@context":"https:\/\/schema.org","@graph":[{"@type":"Article","@id":"https:\/\/www.latribunedufaso.net\/?p=22785#article","isPartOf":{"@id":"https:\/\/www.latribunedufaso.net\/?p=22785"},"author":{"name":"Issouf Tapsoba","@id":"https:\/\/www.latribunedufaso.net\/#\/schema\/person\/e54e64c5778a7e72cf80a318b7a622b0"},"headline":"Burkina Faso : Le Gouvernement rejette un rapport de l\u2019ONU sur les enfants et le conflit arm\u00e9 et expulse une responsable","datePublished":"2025-08-18T14:56:42+00:00","mainEntityOfPage":{"@id":"https:\/\/www.latribunedufaso.net\/?p=22785"},"wordCount":719,"commentCount":0,"publisher":{"@id":"https:\/\/www.latribunedufaso.net\/#organization"},"image":{"@id":"https:\/\/www.latribunedufaso.net\/?p=22785#primaryimage"},"thumbnailUrl":"https:\/\/www.latribunedufaso.net\/wp-content\/uploads\/2025\/06\/FB_IMG_1750530588504.jpg","keywords":["latribunedufaso.net","ONU"],"articleSection":["A la une","Actualit\u00e9","Sport"],"inLanguage":"fr-FR","potentialAction":[{"@type":"CommentAction","name":"Comment","target":["https:\/\/www.latribunedufaso.net\/?p=22785#respond"]}]},{"@type":"WebPage","@id":"https:\/\/www.latribunedufaso.net\/?p=22785","url":"https:\/\/www.latribunedufaso.net\/?p=22785","name":"Burkina Faso : Le Gouvernement rejette un rapport de l\u2019ONU sur les enfants et le conflit arm\u00e9 et expulse une responsable - La Tribune du Faso","isPartOf":{"@id":"https:\/\/www.latribunedufaso.net\/#website"},"primaryImageOfPage":{"@id":"https:\/\/www.latribunedufaso.net\/?p=22785#primaryimage"},"image":{"@id":"https:\/\/www.latribunedufaso.net\/?p=22785#primaryimage"},"thumbnailUrl":"https:\/\/www.latribunedufaso.net\/wp-content\/uploads\/2025\/06\/FB_IMG_1750530588504.jpg","datePublished":"2025-08-18T14:56:42+00:00","breadcrumb":{"@id":"https:\/\/www.latribunedufaso.net\/?p=22785#breadcrumb"},"inLanguage":"fr-FR","potentialAction":[{"@type":"ReadAction","target":["https:\/\/www.latribunedufaso.net\/?p=22785"]}]},{"@type":"ImageObject","inLanguage":"fr-FR","@id":"https:\/\/www.latribunedufaso.net\/?p=22785#primaryimage","url":"https:\/\/www.latribunedufaso.net\/wp-content\/uploads\/2025\/06\/FB_IMG_1750530588504.jpg","contentUrl":"https:\/\/www.latribunedufaso.net\/wp-content\/uploads\/2025\/06\/FB_IMG_1750530588504.jpg","width":2048,"height":1365,"caption":"Le ministre Gilbert Ou\u00e9draogo a invit\u00e9 tout un chacun \u00e0 entretenir les plants qu'il a mis en terre - Ph. DR"},{"@type":"BreadcrumbList","@id":"https:\/\/www.latribunedufaso.net\/?p=22785#breadcrumb","itemListElement":[{"@type":"ListItem","position":1,"name":"Accueil","item":"https:\/\/www.latribunedufaso.net\/"},{"@type":"ListItem","position":2,"name":"Burkina Faso : Le Gouvernement rejette un rapport de l\u2019ONU sur les enfants et le conflit arm\u00e9 et expulse une responsable"}]},{"@type":"WebSite","@id":"https:\/\/www.latribunedufaso.net\/#website","url":"https:\/\/www.latribunedufaso.net\/","name":"La Tribune du Faso","description":"L&#039;information du monde rural en un clic","publisher":{"@id":"https:\/\/www.latribunedufaso.net\/#organization"},"potentialAction":[{"@type":"SearchAction","target":{"@type":"EntryPoint","urlTemplate":"https:\/\/www.latribunedufaso.net\/?s={search_term_string}"},"query-input":{"@type":"PropertyValueSpecification","valueRequired":true,"valueName":"search_term_string"}}],"inLanguage":"fr-FR"},{"@type":"Organization","@id":"https:\/\/www.latribunedufaso.net\/#organization","name":"La Tribune du Faso","url":"https:\/\/www.latribunedufaso.net\/","logo":{"@type":"ImageObject","inLanguage":"fr-FR","@id":"https:\/\/www.latribunedufaso.net\/#\/schema\/logo\/image\/","url":"https:\/\/www.latribunedufaso.net\/wp-content\/uploads\/2020\/08\/Logo-Tribune-du-Faso-final-scaled.jpg","contentUrl":"https:\/\/www.latribunedufaso.net\/wp-content\/uploads\/2020\/08\/Logo-Tribune-du-Faso-final-scaled.jpg","width":2560,"height":1856,"caption":"La Tribune du Faso"},"image":{"@id":"https:\/\/www.latribunedufaso.net\/#\/schema\/logo\/image\/"},"sameAs":["https:\/\/www.facebook.com\/LatribuneduFaso\/"]},{"@type":"Person","@id":"https:\/\/www.latribunedufaso.net\/#\/schema\/person\/e54e64c5778a7e72cf80a318b7a622b0","name":"Issouf Tapsoba","image":{"@type":"ImageObject","inLanguage":"fr-FR","@id":"https:\/\/secure.gravatar.com\/avatar\/5e6c05150ce3230247d167f5b94d678eb05936197436d69b7921e3a95c9107ac?s=96&d=mm&r=g","url":"https:\/\/secure.gravatar.com\/avatar\/5e6c05150ce3230247d167f5b94d678eb05936197436d69b7921e3a95c9107ac?s=96&d=mm&r=g","contentUrl":"https:\/\/secure.gravatar.com\/avatar\/5e6c05150ce3230247d167f5b94d678eb05936197436d69b7921e3a95c9107ac?s=96&d=mm&r=g","caption":"Issouf Tapsoba"},"url":"https:\/\/www.latribunedufaso.net\/?author=5"}]}},"_links":{"self":[{"href":"https:\/\/www.latribunedufaso.net\/index.php?rest_route=\/wp\/v2\/posts\/22785","targetHints":{"allow":["GET"]}}],"collection":[{"href":"https:\/\/www.latribunedufaso.net\/index.php?rest_route=\/wp\/v2\/posts"}],"about":[{"href":"https:\/\/www.latribunedufaso.net\/index.php?rest_route=\/wp\/v2\/types\/post"}],"author":[{"embeddable":true,"href":"https:\/\/www.latribunedufaso.net\/index.php?rest_route=\/wp\/v2\/users\/5"}],"replies":[{"embeddable":true,"href":"https:\/\/www.latribunedufaso.net\/index.php?rest_route=%2Fwp%2Fv2%2Fcomments&post=22785"}],"version-history":[{"count":1,"href":"https:\/\/www.latribunedufaso.net\/index.php?rest_route=\/wp\/v2\/posts\/22785\/revisions"}],"predecessor-version":[{"id":22786,"href":"https:\/\/www.latribunedufaso.net\/index.php?rest_route=\/wp\/v2\/posts\/22785\/revisions\/22786"}],"wp:featuredmedia":[{"embeddable":true,"href":"https:\/\/www.latribunedufaso.net\/index.php?rest_route=\/wp\/v2\/media\/21418"}],"wp:attachment":[{"href":"https:\/\/www.latribunedufaso.net\/index.php?rest_route=%2Fwp%2Fv2%2Fmedia&parent=22785"}],"wp:term":[{"taxonomy":"category","embeddable":true,"href":"https:\/\/www.latribunedufaso.net\/index.php?rest_route=%2Fwp%2Fv2%2Fcategories&post=22785"},{"taxonomy":"post_tag","embeddable":true,"href":"https:\/\/www.latribunedufaso.net\/index.php?rest_route=%2Fwp%2Fv2%2Ftags&post=22785"}],"curies":[{"name":"wp","href":"https:\/\/api.w.org\/{rel}","templated":true}]}}