{"id":22780,"date":"2025-08-16T09:34:16","date_gmt":"2025-08-16T09:34:16","guid":{"rendered":"https:\/\/www.latribunedufaso.net\/?p=22780"},"modified":"2025-08-16T09:40:10","modified_gmt":"2025-08-16T09:40:10","slug":"a-la-barre-il-vole-un-velomoteur-avant-de-le-demonter","status":"publish","type":"post","link":"https:\/\/www.latribunedufaso.net\/?p=22780","title":{"rendered":"A la barre : Il vole un v\u00e9lomoteur avant de le d\u00e9monter\u00a0"},"content":{"rendered":"<p><strong>Le lundi 16 juin 2025, dans le cadre d\u2019une audience foraine tenue \u00e0 la Maison d\u2019arr\u00eat et de correction de Ouagadougou (MACO), la chambre correctionnelle du Tribunal de grande instance de Ouaga I a jug\u00e9 Zougou (nom d\u2019emprunt), moniteur d\u2019auto-\u00e9cole \u00e2g\u00e9 de 26 ans, pour vol de v\u00e9lomoteur.<\/strong><!--more--><\/p>\n<p>Les faits remontent au 31 mai 2025, \u00e0 Ouagadougou. Ce jour-l\u00e0, Zougou s\u2019est frauduleusement empar\u00e9 d\u2019un v\u00e9lomoteur appartenant \u00e0 Ben (nom d\u2019emprunt), son propri\u00e9taire l\u00e9gitime. \u00c0 la barre, le pr\u00e9venu a reconnu les faits, affirmant avoir pris possession de l\u2019engin sans le consentement de son propri\u00e9taire. Pour dissimuler son forfait, il a proc\u00e9d\u00e9 au d\u00e9montage des capots et autres garnitures du v\u00e9lomoteur, dans le but d\u2019en emp\u00eacher toute reconnaissance.<\/p>\n<p>Le Tribunal a estim\u00e9 que Zougou avait agi en pleine conscience du caract\u00e8re r\u00e9pr\u00e9hensible de son acte. Le minist\u00e8re public, consid\u00e9rant que les \u00e9l\u00e9ments constitutifs du vol \u00e9taient r\u00e9unis, a requis une peine d\u2019emprisonnement de douze mois avec sursis, assortie d\u2019une amende ferme de 300 000 FCFA. Le parquet a \u00e9galement tenu compte du fait que le pr\u00e9venu est un d\u00e9linquant primaire.<\/p>\n<p>Suivant les r\u00e9quisitions du minist\u00e8re public, le Tribunal a d\u00e9clar\u00e9 Zougou coupable des faits de vol. Il l\u2019a condamn\u00e9 \u00e0 douze mois de prison avec sursis et au paiement d\u2019une amende ferme de 300 000 FCFA. En cas de non-paiement, une contrainte judiciaire de trois mois a \u00e9t\u00e9 fix\u00e9e.<\/p>\n<blockquote>\n<p>Lire aussi &gt;&gt; \u200e<a href=\"https:\/\/www.latribunedufaso.net\/?p=22638\">Repression des actes terroristes au Burkina : 65 dossiers impliquant 125 pr\u00e9venus jug\u00e9s<\/a>\u00a0<\/p>\n<\/blockquote>\n<p>Pour rappel, l\u2019infraction de vol est d\u00e9finie et r\u00e9prim\u00e9e par les articles 611-1 et 611-2 du Code p\u00e9nal. Selon ces dispositions, est coupable de vol toute personne qui soustrait frauduleusement une chose appartenant \u00e0 autrui. Sa constitution repose sur deux \u00e9l\u00e9ments : un acte mat\u00e9riel de soustraction portant sur un bien mobilier appartenant \u00e0 autrui, et une intention coupable.<\/p>\n<p><strong>Latribunedufaso.net<\/strong><\/p>\n<p><strong>Source : DCRP-MJDHRI\u00a0<\/strong><\/p>\n","protected":false},"excerpt":{"rendered":"<p>Le lundi 16 juin 2025, dans le cadre d\u2019une audience foraine tenue \u00e0 la Maison d\u2019arr\u00eat et de correction de Ouagadougou (MACO), la chambre correctionnelle du Tribunal de grande instance de Ouaga I a jug\u00e9 Zougou (nom d\u2019emprunt), moniteur d\u2019auto-\u00e9cole \u00e2g\u00e9 de 26 ans, pour vol de v\u00e9lomoteur.<\/p>\n","protected":false},"author":5,"featured_media":22641,"comment_status":"open","ping_status":"open","sticky":false,"template":"","format":"standard","meta":{"footnotes":""},"categories":[13,1,8],"tags":[208,39],"class_list":["post-22780","post","type-post","status-publish","format-standard","has-post-thumbnail","hentry","category-une","category-actu","category-societe","tag-justice","tag-latribunedufaso-net"],"yoast_head":"<!-- This site is optimized with the Yoast SEO plugin v27.4 - https:\/\/yoast.com\/product\/yoast-seo-wordpress\/ -->\n<title>A la barre : Il vole un v\u00e9lomoteur avant de le d\u00e9monter\u00a0 - La Tribune du Faso<\/title>\n<meta name=\"robots\" content=\"index, follow, max-snippet:-1, max-image-preview:large, max-video-preview:-1\" \/>\n<link rel=\"canonical\" href=\"https:\/\/www.latribunedufaso.net\/?p=22780\" \/>\n<meta property=\"og:locale\" content=\"fr_FR\" \/>\n<meta property=\"og:type\" content=\"article\" \/>\n<meta property=\"og:title\" content=\"A la barre : Il vole un v\u00e9lomoteur avant de le d\u00e9monter\u00a0 - La Tribune du Faso\" \/>\n<meta property=\"og:description\" content=\"Le lundi 16 juin 2025, dans le cadre d\u2019une audience foraine tenue \u00e0 la Maison d\u2019arr\u00eat et de correction de Ouagadougou (MACO), la chambre correctionnelle du Tribunal de grande instance de Ouaga I a jug\u00e9 Zougou (nom d\u2019emprunt), moniteur d\u2019auto-\u00e9cole \u00e2g\u00e9 de 26 ans, pour vol de v\u00e9lomoteur.\" \/>\n<meta property=\"og:url\" content=\"https:\/\/www.latribunedufaso.net\/?p=22780\" \/>\n<meta property=\"og:site_name\" content=\"La Tribune du Faso\" \/>\n<meta property=\"article:publisher\" content=\"https:\/\/www.facebook.com\/LatribuneduFaso\/\" \/>\n<meta property=\"article:published_time\" content=\"2025-08-16T09:34:16+00:00\" \/>\n<meta property=\"article:modified_time\" content=\"2025-08-16T09:40:10+00:00\" \/>\n<meta property=\"og:image\" content=\"https:\/\/www.latribunedufaso.net\/wp-content\/uploads\/2025\/08\/glaive-de-la-justice.jpg\" \/>\n\t<meta property=\"og:image:width\" content=\"640\" \/>\n\t<meta property=\"og:image:height\" content=\"429\" \/>\n\t<meta property=\"og:image:type\" content=\"image\/jpeg\" \/>\n<meta name=\"author\" content=\"Issouf Tapsoba\" \/>\n<meta name=\"twitter:label1\" content=\"\u00c9crit par\" \/>\n\t<meta name=\"twitter:data1\" content=\"Issouf Tapsoba\" \/>\n\t<meta name=\"twitter:label2\" content=\"Dur\u00e9e de lecture estim\u00e9e\" \/>\n\t<meta name=\"twitter:data2\" content=\"2 minutes\" \/>\n<script type=\"application\/ld+json\" class=\"yoast-schema-graph\">{\"@context\":\"https:\\\/\\\/schema.org\",\"@graph\":[{\"@type\":\"Article\",\"@id\":\"https:\\\/\\\/www.latribunedufaso.net\\\/?p=22780#article\",\"isPartOf\":{\"@id\":\"https:\\\/\\\/www.latribunedufaso.net\\\/?p=22780\"},\"author\":{\"name\":\"Issouf Tapsoba\",\"@id\":\"https:\\\/\\\/www.latribunedufaso.net\\\/#\\\/schema\\\/person\\\/e54e64c5778a7e72cf80a318b7a622b0\"},\"headline\":\"A la barre : Il vole un v\u00e9lomoteur avant de le d\u00e9monter\u00a0\",\"datePublished\":\"2025-08-16T09:34:16+00:00\",\"dateModified\":\"2025-08-16T09:40:10+00:00\",\"mainEntityOfPage\":{\"@id\":\"https:\\\/\\\/www.latribunedufaso.net\\\/?p=22780\"},\"wordCount\":348,\"commentCount\":0,\"publisher\":{\"@id\":\"https:\\\/\\\/www.latribunedufaso.net\\\/#organization\"},\"image\":{\"@id\":\"https:\\\/\\\/www.latribunedufaso.net\\\/?p=22780#primaryimage\"},\"thumbnailUrl\":\"https:\\\/\\\/www.latribunedufaso.net\\\/wp-content\\\/uploads\\\/2025\\\/08\\\/glaive-de-la-justice.jpg\",\"keywords\":[\"justice\",\"latribunedufaso.net\"],\"articleSection\":[\"A la une\",\"Actualit\u00e9\",\"Soci\u00e9t\u00e9\"],\"inLanguage\":\"fr-FR\",\"potentialAction\":[{\"@type\":\"CommentAction\",\"name\":\"Comment\",\"target\":[\"https:\\\/\\\/www.latribunedufaso.net\\\/?p=22780#respond\"]}]},{\"@type\":\"WebPage\",\"@id\":\"https:\\\/\\\/www.latribunedufaso.net\\\/?p=22780\",\"url\":\"https:\\\/\\\/www.latribunedufaso.net\\\/?p=22780\",\"name\":\"A la barre : Il vole un v\u00e9lomoteur avant de le d\u00e9monter\u00a0 - La Tribune du Faso\",\"isPartOf\":{\"@id\":\"https:\\\/\\\/www.latribunedufaso.net\\\/#website\"},\"primaryImageOfPage\":{\"@id\":\"https:\\\/\\\/www.latribunedufaso.net\\\/?p=22780#primaryimage\"},\"image\":{\"@id\":\"https:\\\/\\\/www.latribunedufaso.net\\\/?p=22780#primaryimage\"},\"thumbnailUrl\":\"https:\\\/\\\/www.latribunedufaso.net\\\/wp-content\\\/uploads\\\/2025\\\/08\\\/glaive-de-la-justice.jpg\",\"datePublished\":\"2025-08-16T09:34:16+00:00\",\"dateModified\":\"2025-08-16T09:40:10+00:00\",\"breadcrumb\":{\"@id\":\"https:\\\/\\\/www.latribunedufaso.net\\\/?p=22780#breadcrumb\"},\"inLanguage\":\"fr-FR\",\"potentialAction\":[{\"@type\":\"ReadAction\",\"target\":[\"https:\\\/\\\/www.latribunedufaso.net\\\/?p=22780\"]}]},{\"@type\":\"ImageObject\",\"inLanguage\":\"fr-FR\",\"@id\":\"https:\\\/\\\/www.latribunedufaso.net\\\/?p=22780#primaryimage\",\"url\":\"https:\\\/\\\/www.latribunedufaso.net\\\/wp-content\\\/uploads\\\/2025\\\/08\\\/glaive-de-la-justice.jpg\",\"contentUrl\":\"https:\\\/\\\/www.latribunedufaso.net\\\/wp-content\\\/uploads\\\/2025\\\/08\\\/glaive-de-la-justice.jpg\",\"width\":640,\"height\":429,\"caption\":\"Image illustrative justice\"},{\"@type\":\"BreadcrumbList\",\"@id\":\"https:\\\/\\\/www.latribunedufaso.net\\\/?p=22780#breadcrumb\",\"itemListElement\":[{\"@type\":\"ListItem\",\"position\":1,\"name\":\"Accueil\",\"item\":\"https:\\\/\\\/www.latribunedufaso.net\\\/\"},{\"@type\":\"ListItem\",\"position\":2,\"name\":\"A la barre : Il vole un v\u00e9lomoteur avant de le d\u00e9monter\u00a0\"}]},{\"@type\":\"WebSite\",\"@id\":\"https:\\\/\\\/www.latribunedufaso.net\\\/#website\",\"url\":\"https:\\\/\\\/www.latribunedufaso.net\\\/\",\"name\":\"La Tribune du Faso\",\"description\":\"L&#039;information du monde rural en un clic\",\"publisher\":{\"@id\":\"https:\\\/\\\/www.latribunedufaso.net\\\/#organization\"},\"potentialAction\":[{\"@type\":\"SearchAction\",\"target\":{\"@type\":\"EntryPoint\",\"urlTemplate\":\"https:\\\/\\\/www.latribunedufaso.net\\\/?s={search_term_string}\"},\"query-input\":{\"@type\":\"PropertyValueSpecification\",\"valueRequired\":true,\"valueName\":\"search_term_string\"}}],\"inLanguage\":\"fr-FR\"},{\"@type\":\"Organization\",\"@id\":\"https:\\\/\\\/www.latribunedufaso.net\\\/#organization\",\"name\":\"La Tribune du Faso\",\"url\":\"https:\\\/\\\/www.latribunedufaso.net\\\/\",\"logo\":{\"@type\":\"ImageObject\",\"inLanguage\":\"fr-FR\",\"@id\":\"https:\\\/\\\/www.latribunedufaso.net\\\/#\\\/schema\\\/logo\\\/image\\\/\",\"url\":\"https:\\\/\\\/www.latribunedufaso.net\\\/wp-content\\\/uploads\\\/2020\\\/08\\\/Logo-Tribune-du-Faso-final-scaled.jpg\",\"contentUrl\":\"https:\\\/\\\/www.latribunedufaso.net\\\/wp-content\\\/uploads\\\/2020\\\/08\\\/Logo-Tribune-du-Faso-final-scaled.jpg\",\"width\":2560,\"height\":1856,\"caption\":\"La Tribune du Faso\"},\"image\":{\"@id\":\"https:\\\/\\\/www.latribunedufaso.net\\\/#\\\/schema\\\/logo\\\/image\\\/\"},\"sameAs\":[\"https:\\\/\\\/www.facebook.com\\\/LatribuneduFaso\\\/\"]},{\"@type\":\"Person\",\"@id\":\"https:\\\/\\\/www.latribunedufaso.net\\\/#\\\/schema\\\/person\\\/e54e64c5778a7e72cf80a318b7a622b0\",\"name\":\"Issouf Tapsoba\",\"image\":{\"@type\":\"ImageObject\",\"inLanguage\":\"fr-FR\",\"@id\":\"https:\\\/\\\/secure.gravatar.com\\\/avatar\\\/5e6c05150ce3230247d167f5b94d678eb05936197436d69b7921e3a95c9107ac?s=96&d=mm&r=g\",\"url\":\"https:\\\/\\\/secure.gravatar.com\\\/avatar\\\/5e6c05150ce3230247d167f5b94d678eb05936197436d69b7921e3a95c9107ac?s=96&d=mm&r=g\",\"contentUrl\":\"https:\\\/\\\/secure.gravatar.com\\\/avatar\\\/5e6c05150ce3230247d167f5b94d678eb05936197436d69b7921e3a95c9107ac?s=96&d=mm&r=g\",\"caption\":\"Issouf Tapsoba\"},\"url\":\"https:\\\/\\\/www.latribunedufaso.net\\\/?author=5\"}]}<\/script>\n<!-- \/ Yoast SEO plugin. -->","yoast_head_json":{"title":"A la barre : Il vole un v\u00e9lomoteur avant de le d\u00e9monter\u00a0 - La Tribune du Faso","robots":{"index":"index","follow":"follow","max-snippet":"max-snippet:-1","max-image-preview":"max-image-preview:large","max-video-preview":"max-video-preview:-1"},"canonical":"https:\/\/www.latribunedufaso.net\/?p=22780","og_locale":"fr_FR","og_type":"article","og_title":"A la barre : Il vole un v\u00e9lomoteur avant de le d\u00e9monter\u00a0 - La Tribune du Faso","og_description":"Le lundi 16 juin 2025, dans le cadre d\u2019une audience foraine tenue \u00e0 la Maison d\u2019arr\u00eat et de correction de Ouagadougou (MACO), la chambre correctionnelle du Tribunal de grande instance de Ouaga I a jug\u00e9 Zougou (nom d\u2019emprunt), moniteur d\u2019auto-\u00e9cole \u00e2g\u00e9 de 26 ans, pour vol de v\u00e9lomoteur.","og_url":"https:\/\/www.latribunedufaso.net\/?p=22780","og_site_name":"La Tribune du Faso","article_publisher":"https:\/\/www.facebook.com\/LatribuneduFaso\/","article_published_time":"2025-08-16T09:34:16+00:00","article_modified_time":"2025-08-16T09:40:10+00:00","og_image":[{"width":640,"height":429,"url":"https:\/\/www.latribunedufaso.net\/wp-content\/uploads\/2025\/08\/glaive-de-la-justice.jpg","type":"image\/jpeg"}],"author":"Issouf Tapsoba","twitter_misc":{"\u00c9crit par":"Issouf Tapsoba","Dur\u00e9e de lecture estim\u00e9e":"2 minutes"},"schema":{"@context":"https:\/\/schema.org","@graph":[{"@type":"Article","@id":"https:\/\/www.latribunedufaso.net\/?p=22780#article","isPartOf":{"@id":"https:\/\/www.latribunedufaso.net\/?p=22780"},"author":{"name":"Issouf Tapsoba","@id":"https:\/\/www.latribunedufaso.net\/#\/schema\/person\/e54e64c5778a7e72cf80a318b7a622b0"},"headline":"A la barre : Il vole un v\u00e9lomoteur avant de le d\u00e9monter\u00a0","datePublished":"2025-08-16T09:34:16+00:00","dateModified":"2025-08-16T09:40:10+00:00","mainEntityOfPage":{"@id":"https:\/\/www.latribunedufaso.net\/?p=22780"},"wordCount":348,"commentCount":0,"publisher":{"@id":"https:\/\/www.latribunedufaso.net\/#organization"},"image":{"@id":"https:\/\/www.latribunedufaso.net\/?p=22780#primaryimage"},"thumbnailUrl":"https:\/\/www.latribunedufaso.net\/wp-content\/uploads\/2025\/08\/glaive-de-la-justice.jpg","keywords":["justice","latribunedufaso.net"],"articleSection":["A la une","Actualit\u00e9","Soci\u00e9t\u00e9"],"inLanguage":"fr-FR","potentialAction":[{"@type":"CommentAction","name":"Comment","target":["https:\/\/www.latribunedufaso.net\/?p=22780#respond"]}]},{"@type":"WebPage","@id":"https:\/\/www.latribunedufaso.net\/?p=22780","url":"https:\/\/www.latribunedufaso.net\/?p=22780","name":"A la barre : Il vole un v\u00e9lomoteur avant de le d\u00e9monter\u00a0 - La Tribune du Faso","isPartOf":{"@id":"https:\/\/www.latribunedufaso.net\/#website"},"primaryImageOfPage":{"@id":"https:\/\/www.latribunedufaso.net\/?p=22780#primaryimage"},"image":{"@id":"https:\/\/www.latribunedufaso.net\/?p=22780#primaryimage"},"thumbnailUrl":"https:\/\/www.latribunedufaso.net\/wp-content\/uploads\/2025\/08\/glaive-de-la-justice.jpg","datePublished":"2025-08-16T09:34:16+00:00","dateModified":"2025-08-16T09:40:10+00:00","breadcrumb":{"@id":"https:\/\/www.latribunedufaso.net\/?p=22780#breadcrumb"},"inLanguage":"fr-FR","potentialAction":[{"@type":"ReadAction","target":["https:\/\/www.latribunedufaso.net\/?p=22780"]}]},{"@type":"ImageObject","inLanguage":"fr-FR","@id":"https:\/\/www.latribunedufaso.net\/?p=22780#primaryimage","url":"https:\/\/www.latribunedufaso.net\/wp-content\/uploads\/2025\/08\/glaive-de-la-justice.jpg","contentUrl":"https:\/\/www.latribunedufaso.net\/wp-content\/uploads\/2025\/08\/glaive-de-la-justice.jpg","width":640,"height":429,"caption":"Image illustrative justice"},{"@type":"BreadcrumbList","@id":"https:\/\/www.latribunedufaso.net\/?p=22780#breadcrumb","itemListElement":[{"@type":"ListItem","position":1,"name":"Accueil","item":"https:\/\/www.latribunedufaso.net\/"},{"@type":"ListItem","position":2,"name":"A la barre : Il vole un v\u00e9lomoteur avant de le d\u00e9monter\u00a0"}]},{"@type":"WebSite","@id":"https:\/\/www.latribunedufaso.net\/#website","url":"https:\/\/www.latribunedufaso.net\/","name":"La Tribune du Faso","description":"L&#039;information du monde rural en un clic","publisher":{"@id":"https:\/\/www.latribunedufaso.net\/#organization"},"potentialAction":[{"@type":"SearchAction","target":{"@type":"EntryPoint","urlTemplate":"https:\/\/www.latribunedufaso.net\/?s={search_term_string}"},"query-input":{"@type":"PropertyValueSpecification","valueRequired":true,"valueName":"search_term_string"}}],"inLanguage":"fr-FR"},{"@type":"Organization","@id":"https:\/\/www.latribunedufaso.net\/#organization","name":"La Tribune du Faso","url":"https:\/\/www.latribunedufaso.net\/","logo":{"@type":"ImageObject","inLanguage":"fr-FR","@id":"https:\/\/www.latribunedufaso.net\/#\/schema\/logo\/image\/","url":"https:\/\/www.latribunedufaso.net\/wp-content\/uploads\/2020\/08\/Logo-Tribune-du-Faso-final-scaled.jpg","contentUrl":"https:\/\/www.latribunedufaso.net\/wp-content\/uploads\/2020\/08\/Logo-Tribune-du-Faso-final-scaled.jpg","width":2560,"height":1856,"caption":"La Tribune du Faso"},"image":{"@id":"https:\/\/www.latribunedufaso.net\/#\/schema\/logo\/image\/"},"sameAs":["https:\/\/www.facebook.com\/LatribuneduFaso\/"]},{"@type":"Person","@id":"https:\/\/www.latribunedufaso.net\/#\/schema\/person\/e54e64c5778a7e72cf80a318b7a622b0","name":"Issouf Tapsoba","image":{"@type":"ImageObject","inLanguage":"fr-FR","@id":"https:\/\/secure.gravatar.com\/avatar\/5e6c05150ce3230247d167f5b94d678eb05936197436d69b7921e3a95c9107ac?s=96&d=mm&r=g","url":"https:\/\/secure.gravatar.com\/avatar\/5e6c05150ce3230247d167f5b94d678eb05936197436d69b7921e3a95c9107ac?s=96&d=mm&r=g","contentUrl":"https:\/\/secure.gravatar.com\/avatar\/5e6c05150ce3230247d167f5b94d678eb05936197436d69b7921e3a95c9107ac?s=96&d=mm&r=g","caption":"Issouf Tapsoba"},"url":"https:\/\/www.latribunedufaso.net\/?author=5"}]}},"_links":{"self":[{"href":"https:\/\/www.latribunedufaso.net\/index.php?rest_route=\/wp\/v2\/posts\/22780","targetHints":{"allow":["GET"]}}],"collection":[{"href":"https:\/\/www.latribunedufaso.net\/index.php?rest_route=\/wp\/v2\/posts"}],"about":[{"href":"https:\/\/www.latribunedufaso.net\/index.php?rest_route=\/wp\/v2\/types\/post"}],"author":[{"embeddable":true,"href":"https:\/\/www.latribunedufaso.net\/index.php?rest_route=\/wp\/v2\/users\/5"}],"replies":[{"embeddable":true,"href":"https:\/\/www.latribunedufaso.net\/index.php?rest_route=%2Fwp%2Fv2%2Fcomments&post=22780"}],"version-history":[{"count":3,"href":"https:\/\/www.latribunedufaso.net\/index.php?rest_route=\/wp\/v2\/posts\/22780\/revisions"}],"predecessor-version":[{"id":22783,"href":"https:\/\/www.latribunedufaso.net\/index.php?rest_route=\/wp\/v2\/posts\/22780\/revisions\/22783"}],"wp:featuredmedia":[{"embeddable":true,"href":"https:\/\/www.latribunedufaso.net\/index.php?rest_route=\/wp\/v2\/media\/22641"}],"wp:attachment":[{"href":"https:\/\/www.latribunedufaso.net\/index.php?rest_route=%2Fwp%2Fv2%2Fmedia&parent=22780"}],"wp:term":[{"taxonomy":"category","embeddable":true,"href":"https:\/\/www.latribunedufaso.net\/index.php?rest_route=%2Fwp%2Fv2%2Fcategories&post=22780"},{"taxonomy":"post_tag","embeddable":true,"href":"https:\/\/www.latribunedufaso.net\/index.php?rest_route=%2Fwp%2Fv2%2Ftags&post=22780"}],"curies":[{"name":"wp","href":"https:\/\/api.w.org\/{rel}","templated":true}]}}