{"id":22777,"date":"2025-08-16T09:14:21","date_gmt":"2025-08-16T09:14:21","guid":{"rendered":"https:\/\/www.latribunedufaso.net\/?p=22777"},"modified":"2025-08-16T09:14:21","modified_gmt":"2025-08-16T09:14:21","slug":"feu-vert-a-lintegration-des-enseignants-communautaires-le-gouvernement-reconnait-des-vdp-de-leducation","status":"publish","type":"post","link":"https:\/\/www.latribunedufaso.net\/?p=22777","title":{"rendered":"Feu vert \u00e0 l\u2019int\u00e9gration des enseignants communautaires : Le gouvernement reconna\u00eet des VDP de l\u2019\u00e9ducation"},"content":{"rendered":"<p><strong>Le Conseil des ministres du 13 ao\u00fbt 2025 a valid\u00e9 l\u2019int\u00e9gration de centaines d\u2019enseignants communautaires, v\u00e9ritables <em>\u00ab Volontaires pour la D\u00e9fense de l\u2019\u00c9ducation \u00bb<\/em> qui, dans les zones \u00e0 forts d\u00e9fis s\u00e9curitaires, ont maintenu ouverte la voie du savoir.<\/strong><!--more--><\/p>\n<p>Au total, 300 \u00e9ducateurs de la petite enfance et 479 enseignants du primaire, tous titulaires du certificat d\u2019aptitude p\u00e9dagogique (CAP), rejoindront officiellement la fonction publique. Leur int\u00e9gration s\u2019effectue sur la base de titres de capacit\u00e9, conform\u00e9ment aux dispositions en vigueur.<\/p>\n<p>Cette d\u00e9cision s\u2019inscrit dans un recrutement exceptionnel de 1 367 agents pour 2025, dont 778 par concours directs sans formation et 589 par s\u00e9lection sur dossiers.<\/p>\n<p>L\u2019int\u00e9gration des 300 \u00e9ducateurs de la petite enfance vient renforcer le pr\u00e9scolaire, un maillon essentiel dans la pr\u00e9paration des tout-petits \u00e0 l\u2019apprentissage formel. Leur reconnaissance institutionnelle permettra d\u2019am\u00e9liorer l\u2019encadrement p\u00e9dagogique et d\u2019offrir un meilleur d\u00e9part \u00e9ducatif aux enfants.<\/p>\n<p>Le passage des 479 enseignants communautaires du primaire au statut d\u2019agents publics est une marque de reconnaissance pour des hommes et des femmes qui ont, malgr\u00e9 l\u2019ins\u00e9curit\u00e9, assur\u00e9 la continuit\u00e9 p\u00e9dagogique.\u00a0<\/p>\n<p>Leur int\u00e9gration contribue \u00e0 stabiliser le corps enseignant du primaire et \u00e0 am\u00e9liorer durablement la qualit\u00e9 de l\u2019enseignement dans les zones les plus vuln\u00e9rables.<\/p>\n<blockquote>\n<p>Lire aussi &gt;&gt; <a href=\"https:\/\/www.latribunedufaso.net\/?p=22337\">Fonction publique : Le Conseil des ministres adopte un rapport pour r\u00e9gulariser la dette sociale\u00a0<\/a><\/p>\n<\/blockquote>\n<p>En int\u00e9grant ces enseignants, le gouvernement traduit sa volont\u00e9 de r\u00e9compenser un engagement et un sacrifice exemplaires, aussi, de consolider l\u2019offre \u00e9ducative nationale face aux d\u00e9fis s\u00e9curitaires et sociaux.<\/p>\n<p><strong>Latribunedufaso.net<\/strong><\/p>\n<p><strong>Source : DCRP\/MEBAPLN<\/strong><\/p>\n","protected":false},"excerpt":{"rendered":"<p>Le Conseil des ministres du 13 ao\u00fbt 2025 a valid\u00e9 l\u2019int\u00e9gration de centaines d\u2019enseignants communautaires, v\u00e9ritables \u00ab Volontaires pour la D\u00e9fense de l\u2019\u00c9ducation \u00bb qui, dans les zones \u00e0 forts d\u00e9fis s\u00e9curitaires, ont maintenu ouverte la voie du savoir.<\/p>\n","protected":false},"author":5,"featured_media":22778,"comment_status":"open","ping_status":"open","sticky":false,"template":"","format":"standard","meta":{"footnotes":""},"categories":[13,1,31],"tags":[1325,1474,39],"class_list":["post-22777","post","type-post","status-publish","format-standard","has-post-thumbnail","hentry","category-une","category-actu","category-education","tag-fonction-publique","tag-integration-enseignant-communautaire","tag-latribunedufaso-net"],"yoast_head":"<!-- This site is optimized with the Yoast SEO plugin v27.4 - https:\/\/yoast.com\/product\/yoast-seo-wordpress\/ -->\n<title>Feu vert \u00e0 l\u2019int\u00e9gration des enseignants communautaires : Le gouvernement reconna\u00eet des VDP de l\u2019\u00e9ducation - La Tribune du Faso<\/title>\n<meta name=\"robots\" content=\"index, follow, max-snippet:-1, max-image-preview:large, max-video-preview:-1\" \/>\n<link rel=\"canonical\" href=\"https:\/\/www.latribunedufaso.net\/?p=22777\" \/>\n<meta property=\"og:locale\" content=\"fr_FR\" \/>\n<meta property=\"og:type\" content=\"article\" \/>\n<meta property=\"og:title\" content=\"Feu vert \u00e0 l\u2019int\u00e9gration des enseignants communautaires : Le gouvernement reconna\u00eet des VDP de l\u2019\u00e9ducation - La Tribune du Faso\" \/>\n<meta property=\"og:description\" content=\"Le Conseil des ministres du 13 ao\u00fbt 2025 a valid\u00e9 l\u2019int\u00e9gration de centaines d\u2019enseignants communautaires, v\u00e9ritables \u00ab Volontaires pour la D\u00e9fense de l\u2019\u00c9ducation \u00bb qui, dans les zones \u00e0 forts d\u00e9fis s\u00e9curitaires, ont maintenu ouverte la voie du savoir.\" \/>\n<meta property=\"og:url\" content=\"https:\/\/www.latribunedufaso.net\/?p=22777\" \/>\n<meta property=\"og:site_name\" content=\"La Tribune du Faso\" \/>\n<meta property=\"article:publisher\" content=\"https:\/\/www.facebook.com\/LatribuneduFaso\/\" \/>\n<meta property=\"article:published_time\" content=\"2025-08-16T09:14:21+00:00\" \/>\n<meta property=\"og:image\" content=\"https:\/\/www.latribunedufaso.net\/wp-content\/uploads\/2025\/08\/ecole-primaire.jpg\" \/>\n\t<meta property=\"og:image:width\" content=\"996\" \/>\n\t<meta property=\"og:image:height\" content=\"567\" \/>\n\t<meta property=\"og:image:type\" content=\"image\/jpeg\" \/>\n<meta name=\"author\" content=\"Issouf Tapsoba\" \/>\n<meta name=\"twitter:label1\" content=\"\u00c9crit par\" \/>\n\t<meta name=\"twitter:data1\" content=\"Issouf Tapsoba\" \/>\n\t<meta name=\"twitter:label2\" content=\"Dur\u00e9e de lecture estim\u00e9e\" \/>\n\t<meta name=\"twitter:data2\" content=\"1 minute\" \/>\n<script type=\"application\/ld+json\" class=\"yoast-schema-graph\">{\"@context\":\"https:\\\/\\\/schema.org\",\"@graph\":[{\"@type\":\"Article\",\"@id\":\"https:\\\/\\\/www.latribunedufaso.net\\\/?p=22777#article\",\"isPartOf\":{\"@id\":\"https:\\\/\\\/www.latribunedufaso.net\\\/?p=22777\"},\"author\":{\"name\":\"Issouf Tapsoba\",\"@id\":\"https:\\\/\\\/www.latribunedufaso.net\\\/#\\\/schema\\\/person\\\/e54e64c5778a7e72cf80a318b7a622b0\"},\"headline\":\"Feu vert \u00e0 l\u2019int\u00e9gration des enseignants communautaires : Le gouvernement reconna\u00eet des VDP de l\u2019\u00e9ducation\",\"datePublished\":\"2025-08-16T09:14:21+00:00\",\"mainEntityOfPage\":{\"@id\":\"https:\\\/\\\/www.latribunedufaso.net\\\/?p=22777\"},\"wordCount\":292,\"commentCount\":0,\"publisher\":{\"@id\":\"https:\\\/\\\/www.latribunedufaso.net\\\/#organization\"},\"image\":{\"@id\":\"https:\\\/\\\/www.latribunedufaso.net\\\/?p=22777#primaryimage\"},\"thumbnailUrl\":\"https:\\\/\\\/www.latribunedufaso.net\\\/wp-content\\\/uploads\\\/2025\\\/08\\\/ecole-primaire.jpg\",\"keywords\":[\"Fonction publique\",\"Int\u00e9gration enseignant communautaire\",\"latribunedufaso.net\"],\"articleSection\":[\"A la une\",\"Actualit\u00e9\",\"\u00c9ducation\"],\"inLanguage\":\"fr-FR\",\"potentialAction\":[{\"@type\":\"CommentAction\",\"name\":\"Comment\",\"target\":[\"https:\\\/\\\/www.latribunedufaso.net\\\/?p=22777#respond\"]}]},{\"@type\":\"WebPage\",\"@id\":\"https:\\\/\\\/www.latribunedufaso.net\\\/?p=22777\",\"url\":\"https:\\\/\\\/www.latribunedufaso.net\\\/?p=22777\",\"name\":\"Feu vert \u00e0 l\u2019int\u00e9gration des enseignants communautaires : Le gouvernement reconna\u00eet des VDP de l\u2019\u00e9ducation - La Tribune du Faso\",\"isPartOf\":{\"@id\":\"https:\\\/\\\/www.latribunedufaso.net\\\/#website\"},\"primaryImageOfPage\":{\"@id\":\"https:\\\/\\\/www.latribunedufaso.net\\\/?p=22777#primaryimage\"},\"image\":{\"@id\":\"https:\\\/\\\/www.latribunedufaso.net\\\/?p=22777#primaryimage\"},\"thumbnailUrl\":\"https:\\\/\\\/www.latribunedufaso.net\\\/wp-content\\\/uploads\\\/2025\\\/08\\\/ecole-primaire.jpg\",\"datePublished\":\"2025-08-16T09:14:21+00:00\",\"breadcrumb\":{\"@id\":\"https:\\\/\\\/www.latribunedufaso.net\\\/?p=22777#breadcrumb\"},\"inLanguage\":\"fr-FR\",\"potentialAction\":[{\"@type\":\"ReadAction\",\"target\":[\"https:\\\/\\\/www.latribunedufaso.net\\\/?p=22777\"]}]},{\"@type\":\"ImageObject\",\"inLanguage\":\"fr-FR\",\"@id\":\"https:\\\/\\\/www.latribunedufaso.net\\\/?p=22777#primaryimage\",\"url\":\"https:\\\/\\\/www.latribunedufaso.net\\\/wp-content\\\/uploads\\\/2025\\\/08\\\/ecole-primaire.jpg\",\"contentUrl\":\"https:\\\/\\\/www.latribunedufaso.net\\\/wp-content\\\/uploads\\\/2025\\\/08\\\/ecole-primaire.jpg\",\"width\":996,\"height\":567,\"caption\":\"Image illustrative enseignant\"},{\"@type\":\"BreadcrumbList\",\"@id\":\"https:\\\/\\\/www.latribunedufaso.net\\\/?p=22777#breadcrumb\",\"itemListElement\":[{\"@type\":\"ListItem\",\"position\":1,\"name\":\"Accueil\",\"item\":\"https:\\\/\\\/www.latribunedufaso.net\\\/\"},{\"@type\":\"ListItem\",\"position\":2,\"name\":\"Feu vert \u00e0 l\u2019int\u00e9gration des enseignants communautaires : Le gouvernement reconna\u00eet des VDP de l\u2019\u00e9ducation\"}]},{\"@type\":\"WebSite\",\"@id\":\"https:\\\/\\\/www.latribunedufaso.net\\\/#website\",\"url\":\"https:\\\/\\\/www.latribunedufaso.net\\\/\",\"name\":\"La Tribune du Faso\",\"description\":\"L&#039;information du monde rural en un clic\",\"publisher\":{\"@id\":\"https:\\\/\\\/www.latribunedufaso.net\\\/#organization\"},\"potentialAction\":[{\"@type\":\"SearchAction\",\"target\":{\"@type\":\"EntryPoint\",\"urlTemplate\":\"https:\\\/\\\/www.latribunedufaso.net\\\/?s={search_term_string}\"},\"query-input\":{\"@type\":\"PropertyValueSpecification\",\"valueRequired\":true,\"valueName\":\"search_term_string\"}}],\"inLanguage\":\"fr-FR\"},{\"@type\":\"Organization\",\"@id\":\"https:\\\/\\\/www.latribunedufaso.net\\\/#organization\",\"name\":\"La Tribune du Faso\",\"url\":\"https:\\\/\\\/www.latribunedufaso.net\\\/\",\"logo\":{\"@type\":\"ImageObject\",\"inLanguage\":\"fr-FR\",\"@id\":\"https:\\\/\\\/www.latribunedufaso.net\\\/#\\\/schema\\\/logo\\\/image\\\/\",\"url\":\"https:\\\/\\\/www.latribunedufaso.net\\\/wp-content\\\/uploads\\\/2020\\\/08\\\/Logo-Tribune-du-Faso-final-scaled.jpg\",\"contentUrl\":\"https:\\\/\\\/www.latribunedufaso.net\\\/wp-content\\\/uploads\\\/2020\\\/08\\\/Logo-Tribune-du-Faso-final-scaled.jpg\",\"width\":2560,\"height\":1856,\"caption\":\"La Tribune du Faso\"},\"image\":{\"@id\":\"https:\\\/\\\/www.latribunedufaso.net\\\/#\\\/schema\\\/logo\\\/image\\\/\"},\"sameAs\":[\"https:\\\/\\\/www.facebook.com\\\/LatribuneduFaso\\\/\"]},{\"@type\":\"Person\",\"@id\":\"https:\\\/\\\/www.latribunedufaso.net\\\/#\\\/schema\\\/person\\\/e54e64c5778a7e72cf80a318b7a622b0\",\"name\":\"Issouf Tapsoba\",\"image\":{\"@type\":\"ImageObject\",\"inLanguage\":\"fr-FR\",\"@id\":\"https:\\\/\\\/secure.gravatar.com\\\/avatar\\\/5e6c05150ce3230247d167f5b94d678eb05936197436d69b7921e3a95c9107ac?s=96&d=mm&r=g\",\"url\":\"https:\\\/\\\/secure.gravatar.com\\\/avatar\\\/5e6c05150ce3230247d167f5b94d678eb05936197436d69b7921e3a95c9107ac?s=96&d=mm&r=g\",\"contentUrl\":\"https:\\\/\\\/secure.gravatar.com\\\/avatar\\\/5e6c05150ce3230247d167f5b94d678eb05936197436d69b7921e3a95c9107ac?s=96&d=mm&r=g\",\"caption\":\"Issouf Tapsoba\"},\"url\":\"https:\\\/\\\/www.latribunedufaso.net\\\/?author=5\"}]}<\/script>\n<!-- \/ Yoast SEO plugin. -->","yoast_head_json":{"title":"Feu vert \u00e0 l\u2019int\u00e9gration des enseignants communautaires : Le gouvernement reconna\u00eet des VDP de l\u2019\u00e9ducation - La Tribune du Faso","robots":{"index":"index","follow":"follow","max-snippet":"max-snippet:-1","max-image-preview":"max-image-preview:large","max-video-preview":"max-video-preview:-1"},"canonical":"https:\/\/www.latribunedufaso.net\/?p=22777","og_locale":"fr_FR","og_type":"article","og_title":"Feu vert \u00e0 l\u2019int\u00e9gration des enseignants communautaires : Le gouvernement reconna\u00eet des VDP de l\u2019\u00e9ducation - La Tribune du Faso","og_description":"Le Conseil des ministres du 13 ao\u00fbt 2025 a valid\u00e9 l\u2019int\u00e9gration de centaines d\u2019enseignants communautaires, v\u00e9ritables \u00ab Volontaires pour la D\u00e9fense de l\u2019\u00c9ducation \u00bb qui, dans les zones \u00e0 forts d\u00e9fis s\u00e9curitaires, ont maintenu ouverte la voie du savoir.","og_url":"https:\/\/www.latribunedufaso.net\/?p=22777","og_site_name":"La Tribune du Faso","article_publisher":"https:\/\/www.facebook.com\/LatribuneduFaso\/","article_published_time":"2025-08-16T09:14:21+00:00","og_image":[{"width":996,"height":567,"url":"https:\/\/www.latribunedufaso.net\/wp-content\/uploads\/2025\/08\/ecole-primaire.jpg","type":"image\/jpeg"}],"author":"Issouf Tapsoba","twitter_misc":{"\u00c9crit par":"Issouf Tapsoba","Dur\u00e9e de lecture estim\u00e9e":"1 minute"},"schema":{"@context":"https:\/\/schema.org","@graph":[{"@type":"Article","@id":"https:\/\/www.latribunedufaso.net\/?p=22777#article","isPartOf":{"@id":"https:\/\/www.latribunedufaso.net\/?p=22777"},"author":{"name":"Issouf Tapsoba","@id":"https:\/\/www.latribunedufaso.net\/#\/schema\/person\/e54e64c5778a7e72cf80a318b7a622b0"},"headline":"Feu vert \u00e0 l\u2019int\u00e9gration des enseignants communautaires : Le gouvernement reconna\u00eet des VDP de l\u2019\u00e9ducation","datePublished":"2025-08-16T09:14:21+00:00","mainEntityOfPage":{"@id":"https:\/\/www.latribunedufaso.net\/?p=22777"},"wordCount":292,"commentCount":0,"publisher":{"@id":"https:\/\/www.latribunedufaso.net\/#organization"},"image":{"@id":"https:\/\/www.latribunedufaso.net\/?p=22777#primaryimage"},"thumbnailUrl":"https:\/\/www.latribunedufaso.net\/wp-content\/uploads\/2025\/08\/ecole-primaire.jpg","keywords":["Fonction publique","Int\u00e9gration enseignant communautaire","latribunedufaso.net"],"articleSection":["A la une","Actualit\u00e9","\u00c9ducation"],"inLanguage":"fr-FR","potentialAction":[{"@type":"CommentAction","name":"Comment","target":["https:\/\/www.latribunedufaso.net\/?p=22777#respond"]}]},{"@type":"WebPage","@id":"https:\/\/www.latribunedufaso.net\/?p=22777","url":"https:\/\/www.latribunedufaso.net\/?p=22777","name":"Feu vert \u00e0 l\u2019int\u00e9gration des enseignants communautaires : Le gouvernement reconna\u00eet des VDP de l\u2019\u00e9ducation - La Tribune du Faso","isPartOf":{"@id":"https:\/\/www.latribunedufaso.net\/#website"},"primaryImageOfPage":{"@id":"https:\/\/www.latribunedufaso.net\/?p=22777#primaryimage"},"image":{"@id":"https:\/\/www.latribunedufaso.net\/?p=22777#primaryimage"},"thumbnailUrl":"https:\/\/www.latribunedufaso.net\/wp-content\/uploads\/2025\/08\/ecole-primaire.jpg","datePublished":"2025-08-16T09:14:21+00:00","breadcrumb":{"@id":"https:\/\/www.latribunedufaso.net\/?p=22777#breadcrumb"},"inLanguage":"fr-FR","potentialAction":[{"@type":"ReadAction","target":["https:\/\/www.latribunedufaso.net\/?p=22777"]}]},{"@type":"ImageObject","inLanguage":"fr-FR","@id":"https:\/\/www.latribunedufaso.net\/?p=22777#primaryimage","url":"https:\/\/www.latribunedufaso.net\/wp-content\/uploads\/2025\/08\/ecole-primaire.jpg","contentUrl":"https:\/\/www.latribunedufaso.net\/wp-content\/uploads\/2025\/08\/ecole-primaire.jpg","width":996,"height":567,"caption":"Image illustrative enseignant"},{"@type":"BreadcrumbList","@id":"https:\/\/www.latribunedufaso.net\/?p=22777#breadcrumb","itemListElement":[{"@type":"ListItem","position":1,"name":"Accueil","item":"https:\/\/www.latribunedufaso.net\/"},{"@type":"ListItem","position":2,"name":"Feu vert \u00e0 l\u2019int\u00e9gration des enseignants communautaires : Le gouvernement reconna\u00eet des VDP de l\u2019\u00e9ducation"}]},{"@type":"WebSite","@id":"https:\/\/www.latribunedufaso.net\/#website","url":"https:\/\/www.latribunedufaso.net\/","name":"La Tribune du Faso","description":"L&#039;information du monde rural en un clic","publisher":{"@id":"https:\/\/www.latribunedufaso.net\/#organization"},"potentialAction":[{"@type":"SearchAction","target":{"@type":"EntryPoint","urlTemplate":"https:\/\/www.latribunedufaso.net\/?s={search_term_string}"},"query-input":{"@type":"PropertyValueSpecification","valueRequired":true,"valueName":"search_term_string"}}],"inLanguage":"fr-FR"},{"@type":"Organization","@id":"https:\/\/www.latribunedufaso.net\/#organization","name":"La Tribune du Faso","url":"https:\/\/www.latribunedufaso.net\/","logo":{"@type":"ImageObject","inLanguage":"fr-FR","@id":"https:\/\/www.latribunedufaso.net\/#\/schema\/logo\/image\/","url":"https:\/\/www.latribunedufaso.net\/wp-content\/uploads\/2020\/08\/Logo-Tribune-du-Faso-final-scaled.jpg","contentUrl":"https:\/\/www.latribunedufaso.net\/wp-content\/uploads\/2020\/08\/Logo-Tribune-du-Faso-final-scaled.jpg","width":2560,"height":1856,"caption":"La Tribune du Faso"},"image":{"@id":"https:\/\/www.latribunedufaso.net\/#\/schema\/logo\/image\/"},"sameAs":["https:\/\/www.facebook.com\/LatribuneduFaso\/"]},{"@type":"Person","@id":"https:\/\/www.latribunedufaso.net\/#\/schema\/person\/e54e64c5778a7e72cf80a318b7a622b0","name":"Issouf Tapsoba","image":{"@type":"ImageObject","inLanguage":"fr-FR","@id":"https:\/\/secure.gravatar.com\/avatar\/5e6c05150ce3230247d167f5b94d678eb05936197436d69b7921e3a95c9107ac?s=96&d=mm&r=g","url":"https:\/\/secure.gravatar.com\/avatar\/5e6c05150ce3230247d167f5b94d678eb05936197436d69b7921e3a95c9107ac?s=96&d=mm&r=g","contentUrl":"https:\/\/secure.gravatar.com\/avatar\/5e6c05150ce3230247d167f5b94d678eb05936197436d69b7921e3a95c9107ac?s=96&d=mm&r=g","caption":"Issouf Tapsoba"},"url":"https:\/\/www.latribunedufaso.net\/?author=5"}]}},"_links":{"self":[{"href":"https:\/\/www.latribunedufaso.net\/index.php?rest_route=\/wp\/v2\/posts\/22777","targetHints":{"allow":["GET"]}}],"collection":[{"href":"https:\/\/www.latribunedufaso.net\/index.php?rest_route=\/wp\/v2\/posts"}],"about":[{"href":"https:\/\/www.latribunedufaso.net\/index.php?rest_route=\/wp\/v2\/types\/post"}],"author":[{"embeddable":true,"href":"https:\/\/www.latribunedufaso.net\/index.php?rest_route=\/wp\/v2\/users\/5"}],"replies":[{"embeddable":true,"href":"https:\/\/www.latribunedufaso.net\/index.php?rest_route=%2Fwp%2Fv2%2Fcomments&post=22777"}],"version-history":[{"count":1,"href":"https:\/\/www.latribunedufaso.net\/index.php?rest_route=\/wp\/v2\/posts\/22777\/revisions"}],"predecessor-version":[{"id":22779,"href":"https:\/\/www.latribunedufaso.net\/index.php?rest_route=\/wp\/v2\/posts\/22777\/revisions\/22779"}],"wp:featuredmedia":[{"embeddable":true,"href":"https:\/\/www.latribunedufaso.net\/index.php?rest_route=\/wp\/v2\/media\/22778"}],"wp:attachment":[{"href":"https:\/\/www.latribunedufaso.net\/index.php?rest_route=%2Fwp%2Fv2%2Fmedia&parent=22777"}],"wp:term":[{"taxonomy":"category","embeddable":true,"href":"https:\/\/www.latribunedufaso.net\/index.php?rest_route=%2Fwp%2Fv2%2Fcategories&post=22777"},{"taxonomy":"post_tag","embeddable":true,"href":"https:\/\/www.latribunedufaso.net\/index.php?rest_route=%2Fwp%2Fv2%2Ftags&post=22777"}],"curies":[{"name":"wp","href":"https:\/\/api.w.org\/{rel}","templated":true}]}}