{"id":22705,"date":"2025-08-13T20:31:01","date_gmt":"2025-08-13T20:31:01","guid":{"rendered":"https:\/\/www.latribunedufaso.net\/?p=22705"},"modified":"2025-08-13T20:31:44","modified_gmt":"2025-08-13T20:31:44","slug":"conseil-des-ministres-1-367-agents-a-recruter-par-concours-directs-sans-formation-et-par-selection-sur-dossier-au-titre-de-lannee-2025","status":"publish","type":"post","link":"https:\/\/www.latribunedufaso.net\/?p=22705","title":{"rendered":"Conseil des Ministres : 1 367 agents \u00e0 recruter par concours directs sans formation et par s\u00e9lection sur dossier au titre de l\u2019ann\u00e9e 2025"},"content":{"rendered":"<p><strong>Le Pr\u00e9sident du Faso, Chef de l\u2019\u00c9tat, le Capitaine Ibrahim TRAOR\u00c9 a pr\u00e9sid\u00e9 le 13 ao\u00fbt 2025 \u00e0 Ouagadougou, l\u2019hebdomadaire Conseil des ministres. Cette session ordinaire a examin\u00e9 et adopt\u00e9 plusieurs dossiers inscrits \u00e0 son ordre du jour, selon le Porte-parole du Gouvernement, Pingdwend\u00e9 Gilbert OU\u00c9DRAOGO.<\/strong><!--more--><\/p>\n<p>Au titre du minist\u00e8re de l\u2019Urbanisme et de l\u2019Habitat, le Conseil a adopt\u00e9 un projet de d\u00e9cret portant conditions d\u2019\u00e9ligibilit\u00e9 et proc\u00e9dure d\u2019acc\u00e8s au logement social au Burkina Faso. Le ministre Mika\u00eflou SIDIB\u00c9 d\u00e9clare qu\u2019il s\u2019agit d\u2019un d\u00e9cret d\u2019application de la loi portant promotion immobili\u00e8re au Burkina Faso, qui dispose que les conditions et les modalit\u00e9s d\u2019acc\u00e8s au logement social sont pr\u00e9cis\u00e9es par voie r\u00e9glementaire.\u00a0<\/p>\n<p>Ce d\u00e9cret instaure des principes clairs suivant les orientations du Pr\u00e9sident du Faso. <em><strong>\u00ab Dor\u00e9navant, le logement social est construit en hauteur, les villas pavillonnaires ne seront qu\u2019une exception et seront autoris\u00e9es apr\u00e8s examen minutieux et approfondi. Pour b\u00e9n\u00e9ficier d\u2019un logement social, il faut avoir un revenu inf\u00e9rieur \u00e0 huit fois le SMIG au Burkina Faso (360 000 F CFA) \u00bb<\/strong><\/em>, explique le ministre charg\u00e9 de l\u2019Habitat.\u00a0<\/p>\n<figure id=\"attachment_22707\" aria-describedby=\"caption-attachment-22707\" style=\"width: 1066px\" class=\"wp-caption aligncenter\"><a href=\"https:\/\/www.latribunedufaso.net\/wp-content\/uploads\/2025\/08\/IMG-20250813-WA0100.jpg\"><img loading=\"lazy\" decoding=\"async\" class=\"size-full wp-image-22707\" src=\"https:\/\/www.latribunedufaso.net\/wp-content\/uploads\/2025\/08\/IMG-20250813-WA0100.jpg\" alt=\"Point de presse du Conseil des ministres du 13 ao\u00fbt 2025\" width=\"1066\" height=\"1600\" srcset=\"https:\/\/www.latribunedufaso.net\/wp-content\/uploads\/2025\/08\/IMG-20250813-WA0100.jpg 1066w, https:\/\/www.latribunedufaso.net\/wp-content\/uploads\/2025\/08\/IMG-20250813-WA0100-200x300.jpg 200w, https:\/\/www.latribunedufaso.net\/wp-content\/uploads\/2025\/08\/IMG-20250813-WA0100-682x1024.jpg 682w, https:\/\/www.latribunedufaso.net\/wp-content\/uploads\/2025\/08\/IMG-20250813-WA0100-768x1153.jpg 768w, https:\/\/www.latribunedufaso.net\/wp-content\/uploads\/2025\/08\/IMG-20250813-WA0100-1023x1536.jpg 1023w\" sizes=\"auto, (max-width: 1066px) 100vw, 1066px\" \/><\/a><figcaption id=\"caption-attachment-22707\" class=\"wp-caption-text\">Selon le Ministre de l\u2019Urbanisme et de l\u2019Habitat, Mika\u00eflou SIDIB\u00c9, les logements sociaux seront d\u00e9sormais construits en hauteur &#8211; Ph. DR<\/figcaption><\/figure>\n<p>Il pr\u00e9cise que les modalit\u00e9s d\u2019acc\u00e8s sont les locations, les locations ventes mais aussi des octrois \u00e0 titre gracieux pour les personnes indigentes et celles d\u00e9clar\u00e9es pupilles de la Nation selon les textes en vigueur. Les personnes d\u00e9j\u00e0 attributaires de logement sont exclues, et les sous-locations sont interdites.<\/p>\n<p>Le Ministre SIDIB\u00c9 souligne que pour assurer la transparence et \u00e9viter les attributions multiples des logements sociaux, une plateforme num\u00e9rique sera mise en place pour le suivi.<\/p>\n<p>Il soutient qu\u2019un arr\u00eat\u00e9 conjoint avec le ministre de l\u2019\u00c9conomie et des Finances viendra pr\u00e9ciser les co\u00fbts et toutes les conditions.<\/p>\n<h3>Recrutement par concours directs sans formation et par s\u00e9lection sur dossiers<\/h3>\n<p>Pour le compte du minist\u00e8re de la Fonction publique, du Travail et de la Protection sociale, le Conseil a adopt\u00e9 un rapport autorisant le recrutement par concours direct sans formation et par s\u00e9lection sur dossiers pour l\u2019ann\u00e9e 2025, \u00e0 titre exceptionnel.<\/p>\n<figure id=\"attachment_22708\" aria-describedby=\"caption-attachment-22708\" style=\"width: 1173px\" class=\"wp-caption aligncenter\"><a href=\"https:\/\/www.latribunedufaso.net\/wp-content\/uploads\/2025\/08\/IMG-20250813-WA0099.jpg\"><img loading=\"lazy\" decoding=\"async\" class=\"size-full wp-image-22708\" src=\"https:\/\/www.latribunedufaso.net\/wp-content\/uploads\/2025\/08\/IMG-20250813-WA0099.jpg\" alt=\"Point de presse du Conseil des ministres du 13 ao\u00fbt 2025\" width=\"1173\" height=\"1600\" srcset=\"https:\/\/www.latribunedufaso.net\/wp-content\/uploads\/2025\/08\/IMG-20250813-WA0099.jpg 1173w, https:\/\/www.latribunedufaso.net\/wp-content\/uploads\/2025\/08\/IMG-20250813-WA0099-220x300.jpg 220w, https:\/\/www.latribunedufaso.net\/wp-content\/uploads\/2025\/08\/IMG-20250813-WA0099-751x1024.jpg 751w, https:\/\/www.latribunedufaso.net\/wp-content\/uploads\/2025\/08\/IMG-20250813-WA0099-768x1048.jpg 768w, https:\/\/www.latribunedufaso.net\/wp-content\/uploads\/2025\/08\/IMG-20250813-WA0099-1126x1536.jpg 1126w\" sizes=\"auto, (max-width: 1173px) 100vw, 1173px\" \/><\/a><figcaption id=\"caption-attachment-22708\" class=\"wp-caption-text\">Le ministre charg\u00e9 de la Fonction publique, Mathias TRAOR\u00c9 a soulign\u00e9 que l\u2019incidence financi\u00e8re annuelle de la d\u00e9cision de recrutement est estim\u00e9e \u00e0 3 757 544 987 FCFA en termes de salaire &#8211; Ph. DR<\/figcaption><\/figure>\n<p><em><strong>\u00ab Pour le compte de l\u2019ann\u00e9e 2025, 1 367 fonctionnaires seront recrut\u00e9s pour l\u2019op\u00e9rationnalisation d\u2019actions en cours soit 778 par concours directs sans formation et 589 par s\u00e9lection sur dossiers. L\u2019incidence financi\u00e8re annuelle des salaires est estim\u00e9e \u00e0 3 757 544 987 FCFA. Pour l&rsquo;exercice de 2025, cette incidence est de 627 457 498 F CFA \u00bb,<\/strong><\/em> explique le ministre Mathias TRAOR\u00c9.\u00a0<\/p>\n<p><strong>Latribunedufaso.net<\/strong><\/p>\n<p><strong>Source : Direction de la Communication de la Pr\u00e9sidence du Faso<\/strong><\/p>\n","protected":false},"excerpt":{"rendered":"<p>Le Pr\u00e9sident du Faso, Chef de l\u2019\u00c9tat, le Capitaine Ibrahim TRAOR\u00c9 a pr\u00e9sid\u00e9 le 13 ao\u00fbt 2025 \u00e0 Ouagadougou, l\u2019hebdomadaire Conseil des ministres. Cette session ordinaire a examin\u00e9 et adopt\u00e9 plusieurs dossiers inscrits \u00e0 son ordre du jour, selon le Porte-parole du Gouvernement, Pingdwend\u00e9 Gilbert OU\u00c9DRAOGO.<\/p>\n","protected":false},"author":5,"featured_media":22706,"comment_status":"open","ping_status":"open","sticky":false,"template":"","format":"standard","meta":{"footnotes":""},"categories":[13,21,8],"tags":[999,79,1325,39],"class_list":["post-22705","post","type-post","status-publish","format-standard","has-post-thumbnail","hentry","category-une","category-conseil-des-ministres","category-societe","tag-acces-au-logement","tag-conseil-des-ministres","tag-fonction-publique","tag-latribunedufaso-net"],"yoast_head":"<!-- This site is optimized with the Yoast SEO plugin v27.5 - https:\/\/yoast.com\/product\/yoast-seo-wordpress\/ -->\n<title>Conseil des Ministres : 1 367 agents \u00e0 recruter par concours directs sans formation et par s\u00e9lection sur dossier au titre de l\u2019ann\u00e9e 2025 - La Tribune du Faso<\/title>\n<meta name=\"robots\" content=\"index, follow, max-snippet:-1, max-image-preview:large, max-video-preview:-1\" \/>\n<link rel=\"canonical\" href=\"https:\/\/www.latribunedufaso.net\/?p=22705\" \/>\n<meta property=\"og:locale\" content=\"fr_FR\" \/>\n<meta property=\"og:type\" content=\"article\" \/>\n<meta property=\"og:title\" content=\"Conseil des Ministres : 1 367 agents \u00e0 recruter par concours directs sans formation et par s\u00e9lection sur dossier au titre de l\u2019ann\u00e9e 2025 - La Tribune du Faso\" \/>\n<meta property=\"og:description\" content=\"Le Pr\u00e9sident du Faso, Chef de l\u2019\u00c9tat, le Capitaine Ibrahim TRAOR\u00c9 a pr\u00e9sid\u00e9 le 13 ao\u00fbt 2025 \u00e0 Ouagadougou, l\u2019hebdomadaire Conseil des ministres. Cette session ordinaire a examin\u00e9 et adopt\u00e9 plusieurs dossiers inscrits \u00e0 son ordre du jour, selon le Porte-parole du Gouvernement, Pingdwend\u00e9 Gilbert OU\u00c9DRAOGO.\" \/>\n<meta property=\"og:url\" content=\"https:\/\/www.latribunedufaso.net\/?p=22705\" \/>\n<meta property=\"og:site_name\" content=\"La Tribune du Faso\" \/>\n<meta property=\"article:publisher\" content=\"https:\/\/www.facebook.com\/LatribuneduFaso\/\" \/>\n<meta property=\"article:published_time\" content=\"2025-08-13T20:31:01+00:00\" \/>\n<meta property=\"article:modified_time\" content=\"2025-08-13T20:31:44+00:00\" \/>\n<meta property=\"og:image\" content=\"https:\/\/www.latribunedufaso.net\/wp-content\/uploads\/2025\/08\/IMG-20250813-WA0101.jpg\" \/>\n\t<meta property=\"og:image:width\" content=\"1600\" \/>\n\t<meta property=\"og:image:height\" content=\"1066\" \/>\n\t<meta property=\"og:image:type\" content=\"image\/jpeg\" \/>\n<meta name=\"author\" content=\"Issouf Tapsoba\" \/>\n<meta name=\"twitter:label1\" content=\"\u00c9crit par\" \/>\n\t<meta name=\"twitter:data1\" content=\"Issouf Tapsoba\" \/>\n\t<meta name=\"twitter:label2\" content=\"Dur\u00e9e de lecture estim\u00e9e\" \/>\n\t<meta name=\"twitter:data2\" content=\"3 minutes\" \/>\n<script type=\"application\/ld+json\" class=\"yoast-schema-graph\">{\"@context\":\"https:\\\/\\\/schema.org\",\"@graph\":[{\"@type\":\"Article\",\"@id\":\"https:\\\/\\\/www.latribunedufaso.net\\\/?p=22705#article\",\"isPartOf\":{\"@id\":\"https:\\\/\\\/www.latribunedufaso.net\\\/?p=22705\"},\"author\":{\"name\":\"Issouf Tapsoba\",\"@id\":\"https:\\\/\\\/www.latribunedufaso.net\\\/#\\\/schema\\\/person\\\/e54e64c5778a7e72cf80a318b7a622b0\"},\"headline\":\"Conseil des Ministres : 1 367 agents \u00e0 recruter par concours directs sans formation et par s\u00e9lection sur dossier au titre de l\u2019ann\u00e9e 2025\",\"datePublished\":\"2025-08-13T20:31:01+00:00\",\"dateModified\":\"2025-08-13T20:31:44+00:00\",\"mainEntityOfPage\":{\"@id\":\"https:\\\/\\\/www.latribunedufaso.net\\\/?p=22705\"},\"wordCount\":536,\"commentCount\":0,\"publisher\":{\"@id\":\"https:\\\/\\\/www.latribunedufaso.net\\\/#organization\"},\"image\":{\"@id\":\"https:\\\/\\\/www.latribunedufaso.net\\\/?p=22705#primaryimage\"},\"thumbnailUrl\":\"https:\\\/\\\/www.latribunedufaso.net\\\/wp-content\\\/uploads\\\/2025\\\/08\\\/IMG-20250813-WA0101.jpg\",\"keywords\":[\"Acc\u00e8s au logement\",\"conseil des ministres\",\"Fonction publique\",\"latribunedufaso.net\"],\"articleSection\":[\"A la une\",\"Conseil des ministres\",\"Soci\u00e9t\u00e9\"],\"inLanguage\":\"fr-FR\",\"potentialAction\":[{\"@type\":\"CommentAction\",\"name\":\"Comment\",\"target\":[\"https:\\\/\\\/www.latribunedufaso.net\\\/?p=22705#respond\"]}]},{\"@type\":\"WebPage\",\"@id\":\"https:\\\/\\\/www.latribunedufaso.net\\\/?p=22705\",\"url\":\"https:\\\/\\\/www.latribunedufaso.net\\\/?p=22705\",\"name\":\"Conseil des Ministres : 1 367 agents \u00e0 recruter par concours directs sans formation et par s\u00e9lection sur dossier au titre de l\u2019ann\u00e9e 2025 - La Tribune du Faso\",\"isPartOf\":{\"@id\":\"https:\\\/\\\/www.latribunedufaso.net\\\/#website\"},\"primaryImageOfPage\":{\"@id\":\"https:\\\/\\\/www.latribunedufaso.net\\\/?p=22705#primaryimage\"},\"image\":{\"@id\":\"https:\\\/\\\/www.latribunedufaso.net\\\/?p=22705#primaryimage\"},\"thumbnailUrl\":\"https:\\\/\\\/www.latribunedufaso.net\\\/wp-content\\\/uploads\\\/2025\\\/08\\\/IMG-20250813-WA0101.jpg\",\"datePublished\":\"2025-08-13T20:31:01+00:00\",\"dateModified\":\"2025-08-13T20:31:44+00:00\",\"breadcrumb\":{\"@id\":\"https:\\\/\\\/www.latribunedufaso.net\\\/?p=22705#breadcrumb\"},\"inLanguage\":\"fr-FR\",\"potentialAction\":[{\"@type\":\"ReadAction\",\"target\":[\"https:\\\/\\\/www.latribunedufaso.net\\\/?p=22705\"]}]},{\"@type\":\"ImageObject\",\"inLanguage\":\"fr-FR\",\"@id\":\"https:\\\/\\\/www.latribunedufaso.net\\\/?p=22705#primaryimage\",\"url\":\"https:\\\/\\\/www.latribunedufaso.net\\\/wp-content\\\/uploads\\\/2025\\\/08\\\/IMG-20250813-WA0101.jpg\",\"contentUrl\":\"https:\\\/\\\/www.latribunedufaso.net\\\/wp-content\\\/uploads\\\/2025\\\/08\\\/IMG-20250813-WA0101.jpg\",\"width\":1600,\"height\":1066,\"caption\":\"Point de presse du Conseil des ministres du 13 ao\u00fbt 2025\"},{\"@type\":\"BreadcrumbList\",\"@id\":\"https:\\\/\\\/www.latribunedufaso.net\\\/?p=22705#breadcrumb\",\"itemListElement\":[{\"@type\":\"ListItem\",\"position\":1,\"name\":\"Accueil\",\"item\":\"https:\\\/\\\/www.latribunedufaso.net\\\/\"},{\"@type\":\"ListItem\",\"position\":2,\"name\":\"Conseil des Ministres : 1 367 agents \u00e0 recruter par concours directs sans formation et par s\u00e9lection sur dossier au titre de l\u2019ann\u00e9e 2025\"}]},{\"@type\":\"WebSite\",\"@id\":\"https:\\\/\\\/www.latribunedufaso.net\\\/#website\",\"url\":\"https:\\\/\\\/www.latribunedufaso.net\\\/\",\"name\":\"La Tribune du Faso\",\"description\":\"L&#039;information du monde rural en un clic\",\"publisher\":{\"@id\":\"https:\\\/\\\/www.latribunedufaso.net\\\/#organization\"},\"potentialAction\":[{\"@type\":\"SearchAction\",\"target\":{\"@type\":\"EntryPoint\",\"urlTemplate\":\"https:\\\/\\\/www.latribunedufaso.net\\\/?s={search_term_string}\"},\"query-input\":{\"@type\":\"PropertyValueSpecification\",\"valueRequired\":true,\"valueName\":\"search_term_string\"}}],\"inLanguage\":\"fr-FR\"},{\"@type\":\"Organization\",\"@id\":\"https:\\\/\\\/www.latribunedufaso.net\\\/#organization\",\"name\":\"La Tribune du Faso\",\"url\":\"https:\\\/\\\/www.latribunedufaso.net\\\/\",\"logo\":{\"@type\":\"ImageObject\",\"inLanguage\":\"fr-FR\",\"@id\":\"https:\\\/\\\/www.latribunedufaso.net\\\/#\\\/schema\\\/logo\\\/image\\\/\",\"url\":\"https:\\\/\\\/www.latribunedufaso.net\\\/wp-content\\\/uploads\\\/2020\\\/08\\\/Logo-Tribune-du-Faso-final-scaled.jpg\",\"contentUrl\":\"https:\\\/\\\/www.latribunedufaso.net\\\/wp-content\\\/uploads\\\/2020\\\/08\\\/Logo-Tribune-du-Faso-final-scaled.jpg\",\"width\":2560,\"height\":1856,\"caption\":\"La Tribune du Faso\"},\"image\":{\"@id\":\"https:\\\/\\\/www.latribunedufaso.net\\\/#\\\/schema\\\/logo\\\/image\\\/\"},\"sameAs\":[\"https:\\\/\\\/www.facebook.com\\\/LatribuneduFaso\\\/\"]},{\"@type\":\"Person\",\"@id\":\"https:\\\/\\\/www.latribunedufaso.net\\\/#\\\/schema\\\/person\\\/e54e64c5778a7e72cf80a318b7a622b0\",\"name\":\"Issouf Tapsoba\",\"image\":{\"@type\":\"ImageObject\",\"inLanguage\":\"fr-FR\",\"@id\":\"https:\\\/\\\/secure.gravatar.com\\\/avatar\\\/5e6c05150ce3230247d167f5b94d678eb05936197436d69b7921e3a95c9107ac?s=96&d=mm&r=g\",\"url\":\"https:\\\/\\\/secure.gravatar.com\\\/avatar\\\/5e6c05150ce3230247d167f5b94d678eb05936197436d69b7921e3a95c9107ac?s=96&d=mm&r=g\",\"contentUrl\":\"https:\\\/\\\/secure.gravatar.com\\\/avatar\\\/5e6c05150ce3230247d167f5b94d678eb05936197436d69b7921e3a95c9107ac?s=96&d=mm&r=g\",\"caption\":\"Issouf Tapsoba\"},\"url\":\"https:\\\/\\\/www.latribunedufaso.net\\\/?author=5\"}]}<\/script>\n<!-- \/ Yoast SEO plugin. -->","yoast_head_json":{"title":"Conseil des Ministres : 1 367 agents \u00e0 recruter par concours directs sans formation et par s\u00e9lection sur dossier au titre de l\u2019ann\u00e9e 2025 - La Tribune du Faso","robots":{"index":"index","follow":"follow","max-snippet":"max-snippet:-1","max-image-preview":"max-image-preview:large","max-video-preview":"max-video-preview:-1"},"canonical":"https:\/\/www.latribunedufaso.net\/?p=22705","og_locale":"fr_FR","og_type":"article","og_title":"Conseil des Ministres : 1 367 agents \u00e0 recruter par concours directs sans formation et par s\u00e9lection sur dossier au titre de l\u2019ann\u00e9e 2025 - La Tribune du Faso","og_description":"Le Pr\u00e9sident du Faso, Chef de l\u2019\u00c9tat, le Capitaine Ibrahim TRAOR\u00c9 a pr\u00e9sid\u00e9 le 13 ao\u00fbt 2025 \u00e0 Ouagadougou, l\u2019hebdomadaire Conseil des ministres. Cette session ordinaire a examin\u00e9 et adopt\u00e9 plusieurs dossiers inscrits \u00e0 son ordre du jour, selon le Porte-parole du Gouvernement, Pingdwend\u00e9 Gilbert OU\u00c9DRAOGO.","og_url":"https:\/\/www.latribunedufaso.net\/?p=22705","og_site_name":"La Tribune du Faso","article_publisher":"https:\/\/www.facebook.com\/LatribuneduFaso\/","article_published_time":"2025-08-13T20:31:01+00:00","article_modified_time":"2025-08-13T20:31:44+00:00","og_image":[{"width":1600,"height":1066,"url":"https:\/\/www.latribunedufaso.net\/wp-content\/uploads\/2025\/08\/IMG-20250813-WA0101.jpg","type":"image\/jpeg"}],"author":"Issouf Tapsoba","twitter_misc":{"\u00c9crit par":"Issouf Tapsoba","Dur\u00e9e de lecture estim\u00e9e":"3 minutes"},"schema":{"@context":"https:\/\/schema.org","@graph":[{"@type":"Article","@id":"https:\/\/www.latribunedufaso.net\/?p=22705#article","isPartOf":{"@id":"https:\/\/www.latribunedufaso.net\/?p=22705"},"author":{"name":"Issouf Tapsoba","@id":"https:\/\/www.latribunedufaso.net\/#\/schema\/person\/e54e64c5778a7e72cf80a318b7a622b0"},"headline":"Conseil des Ministres : 1 367 agents \u00e0 recruter par concours directs sans formation et par s\u00e9lection sur dossier au titre de l\u2019ann\u00e9e 2025","datePublished":"2025-08-13T20:31:01+00:00","dateModified":"2025-08-13T20:31:44+00:00","mainEntityOfPage":{"@id":"https:\/\/www.latribunedufaso.net\/?p=22705"},"wordCount":536,"commentCount":0,"publisher":{"@id":"https:\/\/www.latribunedufaso.net\/#organization"},"image":{"@id":"https:\/\/www.latribunedufaso.net\/?p=22705#primaryimage"},"thumbnailUrl":"https:\/\/www.latribunedufaso.net\/wp-content\/uploads\/2025\/08\/IMG-20250813-WA0101.jpg","keywords":["Acc\u00e8s au logement","conseil des ministres","Fonction publique","latribunedufaso.net"],"articleSection":["A la une","Conseil des ministres","Soci\u00e9t\u00e9"],"inLanguage":"fr-FR","potentialAction":[{"@type":"CommentAction","name":"Comment","target":["https:\/\/www.latribunedufaso.net\/?p=22705#respond"]}]},{"@type":"WebPage","@id":"https:\/\/www.latribunedufaso.net\/?p=22705","url":"https:\/\/www.latribunedufaso.net\/?p=22705","name":"Conseil des Ministres : 1 367 agents \u00e0 recruter par concours directs sans formation et par s\u00e9lection sur dossier au titre de l\u2019ann\u00e9e 2025 - La Tribune du Faso","isPartOf":{"@id":"https:\/\/www.latribunedufaso.net\/#website"},"primaryImageOfPage":{"@id":"https:\/\/www.latribunedufaso.net\/?p=22705#primaryimage"},"image":{"@id":"https:\/\/www.latribunedufaso.net\/?p=22705#primaryimage"},"thumbnailUrl":"https:\/\/www.latribunedufaso.net\/wp-content\/uploads\/2025\/08\/IMG-20250813-WA0101.jpg","datePublished":"2025-08-13T20:31:01+00:00","dateModified":"2025-08-13T20:31:44+00:00","breadcrumb":{"@id":"https:\/\/www.latribunedufaso.net\/?p=22705#breadcrumb"},"inLanguage":"fr-FR","potentialAction":[{"@type":"ReadAction","target":["https:\/\/www.latribunedufaso.net\/?p=22705"]}]},{"@type":"ImageObject","inLanguage":"fr-FR","@id":"https:\/\/www.latribunedufaso.net\/?p=22705#primaryimage","url":"https:\/\/www.latribunedufaso.net\/wp-content\/uploads\/2025\/08\/IMG-20250813-WA0101.jpg","contentUrl":"https:\/\/www.latribunedufaso.net\/wp-content\/uploads\/2025\/08\/IMG-20250813-WA0101.jpg","width":1600,"height":1066,"caption":"Point de presse du Conseil des ministres du 13 ao\u00fbt 2025"},{"@type":"BreadcrumbList","@id":"https:\/\/www.latribunedufaso.net\/?p=22705#breadcrumb","itemListElement":[{"@type":"ListItem","position":1,"name":"Accueil","item":"https:\/\/www.latribunedufaso.net\/"},{"@type":"ListItem","position":2,"name":"Conseil des Ministres : 1 367 agents \u00e0 recruter par concours directs sans formation et par s\u00e9lection sur dossier au titre de l\u2019ann\u00e9e 2025"}]},{"@type":"WebSite","@id":"https:\/\/www.latribunedufaso.net\/#website","url":"https:\/\/www.latribunedufaso.net\/","name":"La Tribune du Faso","description":"L&#039;information du monde rural en un clic","publisher":{"@id":"https:\/\/www.latribunedufaso.net\/#organization"},"potentialAction":[{"@type":"SearchAction","target":{"@type":"EntryPoint","urlTemplate":"https:\/\/www.latribunedufaso.net\/?s={search_term_string}"},"query-input":{"@type":"PropertyValueSpecification","valueRequired":true,"valueName":"search_term_string"}}],"inLanguage":"fr-FR"},{"@type":"Organization","@id":"https:\/\/www.latribunedufaso.net\/#organization","name":"La Tribune du Faso","url":"https:\/\/www.latribunedufaso.net\/","logo":{"@type":"ImageObject","inLanguage":"fr-FR","@id":"https:\/\/www.latribunedufaso.net\/#\/schema\/logo\/image\/","url":"https:\/\/www.latribunedufaso.net\/wp-content\/uploads\/2020\/08\/Logo-Tribune-du-Faso-final-scaled.jpg","contentUrl":"https:\/\/www.latribunedufaso.net\/wp-content\/uploads\/2020\/08\/Logo-Tribune-du-Faso-final-scaled.jpg","width":2560,"height":1856,"caption":"La Tribune du Faso"},"image":{"@id":"https:\/\/www.latribunedufaso.net\/#\/schema\/logo\/image\/"},"sameAs":["https:\/\/www.facebook.com\/LatribuneduFaso\/"]},{"@type":"Person","@id":"https:\/\/www.latribunedufaso.net\/#\/schema\/person\/e54e64c5778a7e72cf80a318b7a622b0","name":"Issouf Tapsoba","image":{"@type":"ImageObject","inLanguage":"fr-FR","@id":"https:\/\/secure.gravatar.com\/avatar\/5e6c05150ce3230247d167f5b94d678eb05936197436d69b7921e3a95c9107ac?s=96&d=mm&r=g","url":"https:\/\/secure.gravatar.com\/avatar\/5e6c05150ce3230247d167f5b94d678eb05936197436d69b7921e3a95c9107ac?s=96&d=mm&r=g","contentUrl":"https:\/\/secure.gravatar.com\/avatar\/5e6c05150ce3230247d167f5b94d678eb05936197436d69b7921e3a95c9107ac?s=96&d=mm&r=g","caption":"Issouf Tapsoba"},"url":"https:\/\/www.latribunedufaso.net\/?author=5"}]}},"_links":{"self":[{"href":"https:\/\/www.latribunedufaso.net\/index.php?rest_route=\/wp\/v2\/posts\/22705","targetHints":{"allow":["GET"]}}],"collection":[{"href":"https:\/\/www.latribunedufaso.net\/index.php?rest_route=\/wp\/v2\/posts"}],"about":[{"href":"https:\/\/www.latribunedufaso.net\/index.php?rest_route=\/wp\/v2\/types\/post"}],"author":[{"embeddable":true,"href":"https:\/\/www.latribunedufaso.net\/index.php?rest_route=\/wp\/v2\/users\/5"}],"replies":[{"embeddable":true,"href":"https:\/\/www.latribunedufaso.net\/index.php?rest_route=%2Fwp%2Fv2%2Fcomments&post=22705"}],"version-history":[{"count":1,"href":"https:\/\/www.latribunedufaso.net\/index.php?rest_route=\/wp\/v2\/posts\/22705\/revisions"}],"predecessor-version":[{"id":22709,"href":"https:\/\/www.latribunedufaso.net\/index.php?rest_route=\/wp\/v2\/posts\/22705\/revisions\/22709"}],"wp:featuredmedia":[{"embeddable":true,"href":"https:\/\/www.latribunedufaso.net\/index.php?rest_route=\/wp\/v2\/media\/22706"}],"wp:attachment":[{"href":"https:\/\/www.latribunedufaso.net\/index.php?rest_route=%2Fwp%2Fv2%2Fmedia&parent=22705"}],"wp:term":[{"taxonomy":"category","embeddable":true,"href":"https:\/\/www.latribunedufaso.net\/index.php?rest_route=%2Fwp%2Fv2%2Fcategories&post=22705"},{"taxonomy":"post_tag","embeddable":true,"href":"https:\/\/www.latribunedufaso.net\/index.php?rest_route=%2Fwp%2Fv2%2Ftags&post=22705"}],"curies":[{"name":"wp","href":"https:\/\/api.w.org\/{rel}","templated":true}]}}