{"id":2268,"date":"2021-01-09T17:03:00","date_gmt":"2021-01-09T17:03:00","guid":{"rendered":"https:\/\/www.latribunedufaso.net\/?p=2268"},"modified":"2021-01-09T17:03:00","modified_gmt":"2021-01-09T17:03:00","slug":"scrutin-du-22-novembre-au-burkina-faso-la-france-felicite-de-vive-voix-le-president-kabore","status":"publish","type":"post","link":"https:\/\/www.latribunedufaso.net\/?p=2268","title":{"rendered":"Scrutin du 22 novembre au Burkina Faso : La France \u00ab f\u00e9licite de vive voix le pr\u00e9sident Kabor\u00e9 \u00bb"},"content":{"rendered":"<p><strong><span style=\"font-size: 1.0625rem;\">(Ouagadougou, 8 janvier 2021). Le pr\u00e9sident du Faso, Roch Marc Christian Kabor\u00e9 a re\u00e7u en audience cet apr\u00e8s-midi, le ministre fran\u00e7ais de l\u2019Europe et des Affaires \u00e9trang\u00e8res, Jean-Yves Le Drian.<\/span><\/strong><br \/>\n<!--more--><\/p>\n<p><span style=\"font-size: 1.0625rem;\"><a href=\"https:\/\/latribunedufaso.net\/wp-content\/uploads\/2021\/01\/IMG-20210108-WA0022.jpg\"><img loading=\"lazy\" decoding=\"async\" class=\"size-medium wp-image-2271 aligncenter\" src=\"https:\/\/latribunedufaso.net\/wp-content\/uploads\/2021\/01\/IMG-20210108-WA0022-300x200.jpg\" alt=\"\" width=\"300\" height=\"200\" srcset=\"https:\/\/www.latribunedufaso.net\/wp-content\/uploads\/2021\/01\/IMG-20210108-WA0022-300x200.jpg 300w, https:\/\/www.latribunedufaso.net\/wp-content\/uploads\/2021\/01\/IMG-20210108-WA0022-768x512.jpg 768w, https:\/\/www.latribunedufaso.net\/wp-content\/uploads\/2021\/01\/IMG-20210108-WA0022-840x560.jpg 840w, https:\/\/www.latribunedufaso.net\/wp-content\/uploads\/2021\/01\/IMG-20210108-WA0022-120x80.jpg 120w, https:\/\/www.latribunedufaso.net\/wp-content\/uploads\/2021\/01\/IMG-20210108-WA0022-360x240.jpg 360w, https:\/\/www.latribunedufaso.net\/wp-content\/uploads\/2021\/01\/IMG-20210108-WA0022-600x400.jpg 600w, https:\/\/www.latribunedufaso.net\/wp-content\/uploads\/2021\/01\/IMG-20210108-WA0022.jpg 960w\" sizes=\"auto, (max-width: 300px) 100vw, 300px\" \/><\/a> La France, par la voix de son ministre, a f\u00e9licit\u00e9 le pr\u00e9sident Kabor\u00e9 pour sa r\u00e9\u00e9lection et salu\u00e9 \u00ab l\u2019encrage d\u00e9mocratique exemplaire \u00bb dans notre pays.\u00a0<\/span><\/p>\n<p>Selon Jean-Yves Le Drian, sa visite au Burkina Faso, apr\u00e8s la participation d\u2019une d\u00e9l\u00e9gation fran\u00e7aise \u00e0 l\u2019investiture du pr\u00e9sident du Faso, d\u00e9montre les liens solides d\u2019amiti\u00e9 qui existent entre les deux pays. \u00ab Ce d\u00e9placement m\u2019a permis de f\u00e9liciter de vive voix, le pr\u00e9sident Kabor\u00e9 pour sa r\u00e9\u00e9lection et lui souhaiter tous mes v\u0153ux de succ\u00e8s dans la haute mission qui lui a \u00e9t\u00e9 confi\u00e9e \u00e0 nouveau par le peuple burkinab\u00e8 \u00bb, a indiqu\u00e9 le ministre fran\u00e7ais \u00e0 sa sortie d\u2019audience.<\/p>\n<p>Il a salu\u00e9 l\u2019engagement de Roch Marc Christian Kabor\u00e9 \u00e0 \u00eatre le pr\u00e9sident de tous les Burkinab\u00e8 sans exclusion, et sa volont\u00e9 exprim\u00e9e dans son discours d\u2019investiture de travailler pour la promotion du vivre-ensemble, pour la coh\u00e9sion nationale et le d\u00e9veloppement durable au Burkina Faso.<\/p>\n<p>\u00ab Le dialogue et l\u2019esprit de responsabilit\u00e9 qui ont pr\u00e9valu au sein de la classe politique ont permis aussi de faire aboutir le processus \u00e9lectoral dans des bonnes conditions, malgr\u00e9 le contexte s\u00e9curitaire difficile. Cet esprit de consensus et l\u2019ancrage d\u00e9mocratique du Burkina Faso sont exemplaires \u00bb, a soutenu le ministre fran\u00e7ais de l\u2019Europe et des Affaires \u00e9trang\u00e8res.<\/p>\n<p>Jean-Yves Le Drian a rappel\u00e9 la d\u00e9termination de son pays \u00e0 accompagner le Burkina Faso dans le domaine de la s\u00e9curit\u00e9 et dans sa politique de d\u00e9veloppement \u00e9conomique et social. Il en veut d\u00e9j\u00e0 pour preuve les interventions de la France dans le cadre du Programme d&rsquo;urgence pour le Sahel (PUS), dans l\u2019humanitaire et les appuis budg\u00e9taires en soutien \u00e0 divers secteurs qui seront, selon lui, maintenues.<\/p>\n<p>\u00ab Je me r\u00e9jouis enfin que le Burkina Faso ait pu b\u00e9n\u00e9ficier de l\u2019initiative sur la suspension du service de la dette. Les \u00e9changes avec le pr\u00e9sident Kabor\u00e9 ont permis d\u2019aborder aussi des sujets de coop\u00e9ration r\u00e9gionale et de s\u00e9curit\u00e9 au Sahel \u00bb, a affirm\u00e9 le ministre Le Drian.<\/p>\n<p><strong>Direction de la communication de la pr\u00e9sidence du Faso<\/strong><\/p>\n","protected":false},"excerpt":{"rendered":"<p>(Ouagadougou, 8 janvier 2021). Le pr\u00e9sident du Faso, Roch Marc Christian Kabor\u00e9 a re\u00e7u en audience cet apr\u00e8s-midi, le ministre fran\u00e7ais de l\u2019Europe et des Affaires \u00e9trang\u00e8res, Jean-Yves Le Drian.<\/p>\n","protected":false},"author":2,"featured_media":2272,"comment_status":"open","ping_status":"open","sticky":false,"template":"","format":"standard","meta":{"footnotes":""},"categories":[13,1,8],"tags":[],"class_list":["post-2268","post","type-post","status-publish","format-standard","has-post-thumbnail","hentry","category-une","category-actu","category-societe"],"yoast_head":"<!-- This site is optimized with the Yoast SEO plugin v27.4 - https:\/\/yoast.com\/product\/yoast-seo-wordpress\/ -->\n<title>Scrutin du 22 novembre au Burkina Faso : La France \u00ab f\u00e9licite de vive voix le pr\u00e9sident Kabor\u00e9 \u00bb - La Tribune du Faso<\/title>\n<meta name=\"robots\" content=\"index, follow, max-snippet:-1, max-image-preview:large, max-video-preview:-1\" \/>\n<link rel=\"canonical\" href=\"https:\/\/www.latribunedufaso.net\/?p=2268\" \/>\n<meta property=\"og:locale\" content=\"fr_FR\" \/>\n<meta property=\"og:type\" content=\"article\" \/>\n<meta property=\"og:title\" content=\"Scrutin du 22 novembre au Burkina Faso : La France \u00ab f\u00e9licite de vive voix le pr\u00e9sident Kabor\u00e9 \u00bb - La Tribune du Faso\" \/>\n<meta property=\"og:description\" content=\"(Ouagadougou, 8 janvier 2021). Le pr\u00e9sident du Faso, Roch Marc Christian Kabor\u00e9 a re\u00e7u en audience cet apr\u00e8s-midi, le ministre fran\u00e7ais de l\u2019Europe et des Affaires \u00e9trang\u00e8res, Jean-Yves Le Drian.\" \/>\n<meta property=\"og:url\" content=\"https:\/\/www.latribunedufaso.net\/?p=2268\" \/>\n<meta property=\"og:site_name\" content=\"La Tribune du Faso\" \/>\n<meta property=\"article:publisher\" content=\"https:\/\/www.facebook.com\/LatribuneduFaso\/\" \/>\n<meta property=\"article:published_time\" content=\"2021-01-09T17:03:00+00:00\" \/>\n<meta property=\"og:image\" content=\"https:\/\/latribunedufaso.net\/wp-content\/uploads\/2021\/01\/IMG-20210108-WA0024.jpg\" \/>\n\t<meta property=\"og:image:width\" content=\"960\" \/>\n\t<meta property=\"og:image:height\" content=\"640\" \/>\n\t<meta property=\"og:image:type\" content=\"image\/jpeg\" \/>\n<meta name=\"author\" content=\"Administrateur\" \/>\n<meta name=\"twitter:label1\" content=\"\u00c9crit par\" \/>\n\t<meta name=\"twitter:data1\" content=\"Administrateur\" \/>\n\t<meta name=\"twitter:label2\" content=\"Dur\u00e9e de lecture estim\u00e9e\" \/>\n\t<meta name=\"twitter:data2\" content=\"2 minutes\" \/>\n<script type=\"application\/ld+json\" class=\"yoast-schema-graph\">{\"@context\":\"https:\\\/\\\/schema.org\",\"@graph\":[{\"@type\":\"Article\",\"@id\":\"https:\\\/\\\/www.latribunedufaso.net\\\/?p=2268#article\",\"isPartOf\":{\"@id\":\"https:\\\/\\\/www.latribunedufaso.net\\\/?p=2268\"},\"author\":{\"name\":\"Administrateur\",\"@id\":\"https:\\\/\\\/www.latribunedufaso.net\\\/#\\\/schema\\\/person\\\/a380782d0605bb8aae27c40ea93b35b1\"},\"headline\":\"Scrutin du 22 novembre au Burkina Faso : La France \u00ab f\u00e9licite de vive voix le pr\u00e9sident Kabor\u00e9 \u00bb\",\"datePublished\":\"2021-01-09T17:03:00+00:00\",\"mainEntityOfPage\":{\"@id\":\"https:\\\/\\\/www.latribunedufaso.net\\\/?p=2268\"},\"wordCount\":427,\"commentCount\":0,\"publisher\":{\"@id\":\"https:\\\/\\\/www.latribunedufaso.net\\\/#organization\"},\"image\":{\"@id\":\"https:\\\/\\\/www.latribunedufaso.net\\\/?p=2268#primaryimage\"},\"thumbnailUrl\":\"https:\\\/\\\/www.latribunedufaso.net\\\/wp-content\\\/uploads\\\/2021\\\/01\\\/IMG-20210108-WA0024.jpg\",\"articleSection\":[\"A la une\",\"Actualit\u00e9\",\"Soci\u00e9t\u00e9\"],\"inLanguage\":\"fr-FR\",\"potentialAction\":[{\"@type\":\"CommentAction\",\"name\":\"Comment\",\"target\":[\"https:\\\/\\\/www.latribunedufaso.net\\\/?p=2268#respond\"]}]},{\"@type\":\"WebPage\",\"@id\":\"https:\\\/\\\/www.latribunedufaso.net\\\/?p=2268\",\"url\":\"https:\\\/\\\/www.latribunedufaso.net\\\/?p=2268\",\"name\":\"Scrutin du 22 novembre au Burkina Faso : La France \u00ab f\u00e9licite de vive voix le pr\u00e9sident Kabor\u00e9 \u00bb - La Tribune du Faso\",\"isPartOf\":{\"@id\":\"https:\\\/\\\/www.latribunedufaso.net\\\/#website\"},\"primaryImageOfPage\":{\"@id\":\"https:\\\/\\\/www.latribunedufaso.net\\\/?p=2268#primaryimage\"},\"image\":{\"@id\":\"https:\\\/\\\/www.latribunedufaso.net\\\/?p=2268#primaryimage\"},\"thumbnailUrl\":\"https:\\\/\\\/www.latribunedufaso.net\\\/wp-content\\\/uploads\\\/2021\\\/01\\\/IMG-20210108-WA0024.jpg\",\"datePublished\":\"2021-01-09T17:03:00+00:00\",\"breadcrumb\":{\"@id\":\"https:\\\/\\\/www.latribunedufaso.net\\\/?p=2268#breadcrumb\"},\"inLanguage\":\"fr-FR\",\"potentialAction\":[{\"@type\":\"ReadAction\",\"target\":[\"https:\\\/\\\/www.latribunedufaso.net\\\/?p=2268\"]}]},{\"@type\":\"ImageObject\",\"inLanguage\":\"fr-FR\",\"@id\":\"https:\\\/\\\/www.latribunedufaso.net\\\/?p=2268#primaryimage\",\"url\":\"https:\\\/\\\/www.latribunedufaso.net\\\/wp-content\\\/uploads\\\/2021\\\/01\\\/IMG-20210108-WA0024.jpg\",\"contentUrl\":\"https:\\\/\\\/www.latribunedufaso.net\\\/wp-content\\\/uploads\\\/2021\\\/01\\\/IMG-20210108-WA0024.jpg\",\"width\":960,\"height\":640},{\"@type\":\"BreadcrumbList\",\"@id\":\"https:\\\/\\\/www.latribunedufaso.net\\\/?p=2268#breadcrumb\",\"itemListElement\":[{\"@type\":\"ListItem\",\"position\":1,\"name\":\"Accueil\",\"item\":\"https:\\\/\\\/www.latribunedufaso.net\\\/\"},{\"@type\":\"ListItem\",\"position\":2,\"name\":\"Scrutin du 22 novembre au Burkina Faso : La France \u00ab f\u00e9licite de vive voix le pr\u00e9sident Kabor\u00e9 \u00bb\"}]},{\"@type\":\"WebSite\",\"@id\":\"https:\\\/\\\/www.latribunedufaso.net\\\/#website\",\"url\":\"https:\\\/\\\/www.latribunedufaso.net\\\/\",\"name\":\"La Tribune du Faso\",\"description\":\"L&#039;information du monde rural en un clic\",\"publisher\":{\"@id\":\"https:\\\/\\\/www.latribunedufaso.net\\\/#organization\"},\"potentialAction\":[{\"@type\":\"SearchAction\",\"target\":{\"@type\":\"EntryPoint\",\"urlTemplate\":\"https:\\\/\\\/www.latribunedufaso.net\\\/?s={search_term_string}\"},\"query-input\":{\"@type\":\"PropertyValueSpecification\",\"valueRequired\":true,\"valueName\":\"search_term_string\"}}],\"inLanguage\":\"fr-FR\"},{\"@type\":\"Organization\",\"@id\":\"https:\\\/\\\/www.latribunedufaso.net\\\/#organization\",\"name\":\"La Tribune du Faso\",\"url\":\"https:\\\/\\\/www.latribunedufaso.net\\\/\",\"logo\":{\"@type\":\"ImageObject\",\"inLanguage\":\"fr-FR\",\"@id\":\"https:\\\/\\\/www.latribunedufaso.net\\\/#\\\/schema\\\/logo\\\/image\\\/\",\"url\":\"https:\\\/\\\/www.latribunedufaso.net\\\/wp-content\\\/uploads\\\/2020\\\/08\\\/Logo-Tribune-du-Faso-final-scaled.jpg\",\"contentUrl\":\"https:\\\/\\\/www.latribunedufaso.net\\\/wp-content\\\/uploads\\\/2020\\\/08\\\/Logo-Tribune-du-Faso-final-scaled.jpg\",\"width\":2560,\"height\":1856,\"caption\":\"La Tribune du Faso\"},\"image\":{\"@id\":\"https:\\\/\\\/www.latribunedufaso.net\\\/#\\\/schema\\\/logo\\\/image\\\/\"},\"sameAs\":[\"https:\\\/\\\/www.facebook.com\\\/LatribuneduFaso\\\/\"]},{\"@type\":\"Person\",\"@id\":\"https:\\\/\\\/www.latribunedufaso.net\\\/#\\\/schema\\\/person\\\/a380782d0605bb8aae27c40ea93b35b1\",\"name\":\"Administrateur\",\"image\":{\"@type\":\"ImageObject\",\"inLanguage\":\"fr-FR\",\"@id\":\"https:\\\/\\\/secure.gravatar.com\\\/avatar\\\/e20266f97d741f0e80ba1f60283074a9b3317fd7bfb727e0d95b51dafbf854a1?s=96&d=mm&r=g\",\"url\":\"https:\\\/\\\/secure.gravatar.com\\\/avatar\\\/e20266f97d741f0e80ba1f60283074a9b3317fd7bfb727e0d95b51dafbf854a1?s=96&d=mm&r=g\",\"contentUrl\":\"https:\\\/\\\/secure.gravatar.com\\\/avatar\\\/e20266f97d741f0e80ba1f60283074a9b3317fd7bfb727e0d95b51dafbf854a1?s=96&d=mm&r=g\",\"caption\":\"Administrateur\"},\"url\":\"https:\\\/\\\/www.latribunedufaso.net\\\/?author=2\"}]}<\/script>\n<!-- \/ Yoast SEO plugin. -->","yoast_head_json":{"title":"Scrutin du 22 novembre au Burkina Faso : La France \u00ab f\u00e9licite de vive voix le pr\u00e9sident Kabor\u00e9 \u00bb - La Tribune du Faso","robots":{"index":"index","follow":"follow","max-snippet":"max-snippet:-1","max-image-preview":"max-image-preview:large","max-video-preview":"max-video-preview:-1"},"canonical":"https:\/\/www.latribunedufaso.net\/?p=2268","og_locale":"fr_FR","og_type":"article","og_title":"Scrutin du 22 novembre au Burkina Faso : La France \u00ab f\u00e9licite de vive voix le pr\u00e9sident Kabor\u00e9 \u00bb - La Tribune du Faso","og_description":"(Ouagadougou, 8 janvier 2021). Le pr\u00e9sident du Faso, Roch Marc Christian Kabor\u00e9 a re\u00e7u en audience cet apr\u00e8s-midi, le ministre fran\u00e7ais de l\u2019Europe et des Affaires \u00e9trang\u00e8res, Jean-Yves Le Drian.","og_url":"https:\/\/www.latribunedufaso.net\/?p=2268","og_site_name":"La Tribune du Faso","article_publisher":"https:\/\/www.facebook.com\/LatribuneduFaso\/","article_published_time":"2021-01-09T17:03:00+00:00","og_image":[{"width":960,"height":640,"url":"https:\/\/latribunedufaso.net\/wp-content\/uploads\/2021\/01\/IMG-20210108-WA0024.jpg","type":"image\/jpeg"}],"author":"Administrateur","twitter_misc":{"\u00c9crit par":"Administrateur","Dur\u00e9e de lecture estim\u00e9e":"2 minutes"},"schema":{"@context":"https:\/\/schema.org","@graph":[{"@type":"Article","@id":"https:\/\/www.latribunedufaso.net\/?p=2268#article","isPartOf":{"@id":"https:\/\/www.latribunedufaso.net\/?p=2268"},"author":{"name":"Administrateur","@id":"https:\/\/www.latribunedufaso.net\/#\/schema\/person\/a380782d0605bb8aae27c40ea93b35b1"},"headline":"Scrutin du 22 novembre au Burkina Faso : La France \u00ab f\u00e9licite de vive voix le pr\u00e9sident Kabor\u00e9 \u00bb","datePublished":"2021-01-09T17:03:00+00:00","mainEntityOfPage":{"@id":"https:\/\/www.latribunedufaso.net\/?p=2268"},"wordCount":427,"commentCount":0,"publisher":{"@id":"https:\/\/www.latribunedufaso.net\/#organization"},"image":{"@id":"https:\/\/www.latribunedufaso.net\/?p=2268#primaryimage"},"thumbnailUrl":"https:\/\/www.latribunedufaso.net\/wp-content\/uploads\/2021\/01\/IMG-20210108-WA0024.jpg","articleSection":["A la une","Actualit\u00e9","Soci\u00e9t\u00e9"],"inLanguage":"fr-FR","potentialAction":[{"@type":"CommentAction","name":"Comment","target":["https:\/\/www.latribunedufaso.net\/?p=2268#respond"]}]},{"@type":"WebPage","@id":"https:\/\/www.latribunedufaso.net\/?p=2268","url":"https:\/\/www.latribunedufaso.net\/?p=2268","name":"Scrutin du 22 novembre au Burkina Faso : La France \u00ab f\u00e9licite de vive voix le pr\u00e9sident Kabor\u00e9 \u00bb - La Tribune du Faso","isPartOf":{"@id":"https:\/\/www.latribunedufaso.net\/#website"},"primaryImageOfPage":{"@id":"https:\/\/www.latribunedufaso.net\/?p=2268#primaryimage"},"image":{"@id":"https:\/\/www.latribunedufaso.net\/?p=2268#primaryimage"},"thumbnailUrl":"https:\/\/www.latribunedufaso.net\/wp-content\/uploads\/2021\/01\/IMG-20210108-WA0024.jpg","datePublished":"2021-01-09T17:03:00+00:00","breadcrumb":{"@id":"https:\/\/www.latribunedufaso.net\/?p=2268#breadcrumb"},"inLanguage":"fr-FR","potentialAction":[{"@type":"ReadAction","target":["https:\/\/www.latribunedufaso.net\/?p=2268"]}]},{"@type":"ImageObject","inLanguage":"fr-FR","@id":"https:\/\/www.latribunedufaso.net\/?p=2268#primaryimage","url":"https:\/\/www.latribunedufaso.net\/wp-content\/uploads\/2021\/01\/IMG-20210108-WA0024.jpg","contentUrl":"https:\/\/www.latribunedufaso.net\/wp-content\/uploads\/2021\/01\/IMG-20210108-WA0024.jpg","width":960,"height":640},{"@type":"BreadcrumbList","@id":"https:\/\/www.latribunedufaso.net\/?p=2268#breadcrumb","itemListElement":[{"@type":"ListItem","position":1,"name":"Accueil","item":"https:\/\/www.latribunedufaso.net\/"},{"@type":"ListItem","position":2,"name":"Scrutin du 22 novembre au Burkina Faso : La France \u00ab f\u00e9licite de vive voix le pr\u00e9sident Kabor\u00e9 \u00bb"}]},{"@type":"WebSite","@id":"https:\/\/www.latribunedufaso.net\/#website","url":"https:\/\/www.latribunedufaso.net\/","name":"La Tribune du Faso","description":"L&#039;information du monde rural en un clic","publisher":{"@id":"https:\/\/www.latribunedufaso.net\/#organization"},"potentialAction":[{"@type":"SearchAction","target":{"@type":"EntryPoint","urlTemplate":"https:\/\/www.latribunedufaso.net\/?s={search_term_string}"},"query-input":{"@type":"PropertyValueSpecification","valueRequired":true,"valueName":"search_term_string"}}],"inLanguage":"fr-FR"},{"@type":"Organization","@id":"https:\/\/www.latribunedufaso.net\/#organization","name":"La Tribune du Faso","url":"https:\/\/www.latribunedufaso.net\/","logo":{"@type":"ImageObject","inLanguage":"fr-FR","@id":"https:\/\/www.latribunedufaso.net\/#\/schema\/logo\/image\/","url":"https:\/\/www.latribunedufaso.net\/wp-content\/uploads\/2020\/08\/Logo-Tribune-du-Faso-final-scaled.jpg","contentUrl":"https:\/\/www.latribunedufaso.net\/wp-content\/uploads\/2020\/08\/Logo-Tribune-du-Faso-final-scaled.jpg","width":2560,"height":1856,"caption":"La Tribune du Faso"},"image":{"@id":"https:\/\/www.latribunedufaso.net\/#\/schema\/logo\/image\/"},"sameAs":["https:\/\/www.facebook.com\/LatribuneduFaso\/"]},{"@type":"Person","@id":"https:\/\/www.latribunedufaso.net\/#\/schema\/person\/a380782d0605bb8aae27c40ea93b35b1","name":"Administrateur","image":{"@type":"ImageObject","inLanguage":"fr-FR","@id":"https:\/\/secure.gravatar.com\/avatar\/e20266f97d741f0e80ba1f60283074a9b3317fd7bfb727e0d95b51dafbf854a1?s=96&d=mm&r=g","url":"https:\/\/secure.gravatar.com\/avatar\/e20266f97d741f0e80ba1f60283074a9b3317fd7bfb727e0d95b51dafbf854a1?s=96&d=mm&r=g","contentUrl":"https:\/\/secure.gravatar.com\/avatar\/e20266f97d741f0e80ba1f60283074a9b3317fd7bfb727e0d95b51dafbf854a1?s=96&d=mm&r=g","caption":"Administrateur"},"url":"https:\/\/www.latribunedufaso.net\/?author=2"}]}},"_links":{"self":[{"href":"https:\/\/www.latribunedufaso.net\/index.php?rest_route=\/wp\/v2\/posts\/2268","targetHints":{"allow":["GET"]}}],"collection":[{"href":"https:\/\/www.latribunedufaso.net\/index.php?rest_route=\/wp\/v2\/posts"}],"about":[{"href":"https:\/\/www.latribunedufaso.net\/index.php?rest_route=\/wp\/v2\/types\/post"}],"author":[{"embeddable":true,"href":"https:\/\/www.latribunedufaso.net\/index.php?rest_route=\/wp\/v2\/users\/2"}],"replies":[{"embeddable":true,"href":"https:\/\/www.latribunedufaso.net\/index.php?rest_route=%2Fwp%2Fv2%2Fcomments&post=2268"}],"version-history":[{"count":1,"href":"https:\/\/www.latribunedufaso.net\/index.php?rest_route=\/wp\/v2\/posts\/2268\/revisions"}],"predecessor-version":[{"id":2274,"href":"https:\/\/www.latribunedufaso.net\/index.php?rest_route=\/wp\/v2\/posts\/2268\/revisions\/2274"}],"wp:featuredmedia":[{"embeddable":true,"href":"https:\/\/www.latribunedufaso.net\/index.php?rest_route=\/wp\/v2\/media\/2272"}],"wp:attachment":[{"href":"https:\/\/www.latribunedufaso.net\/index.php?rest_route=%2Fwp%2Fv2%2Fmedia&parent=2268"}],"wp:term":[{"taxonomy":"category","embeddable":true,"href":"https:\/\/www.latribunedufaso.net\/index.php?rest_route=%2Fwp%2Fv2%2Fcategories&post=2268"},{"taxonomy":"post_tag","embeddable":true,"href":"https:\/\/www.latribunedufaso.net\/index.php?rest_route=%2Fwp%2Fv2%2Ftags&post=2268"}],"curies":[{"name":"wp","href":"https:\/\/api.w.org\/{rel}","templated":true}]}}