{"id":22653,"date":"2025-08-12T18:36:51","date_gmt":"2025-08-12T18:36:51","guid":{"rendered":"https:\/\/www.latribunedufaso.net\/?p=22653"},"modified":"2025-09-17T17:46:47","modified_gmt":"2025-09-17T17:46:47","slug":"rackets-et-tracasseries-sur-les-axes-routiers-la-conacfp-presente-son-bilan-a-mi-parcours","status":"publish","type":"post","link":"https:\/\/www.latribunedufaso.net\/?p=22653","title":{"rendered":"Rackets et tracasseries sur les axes routiers : La CONACFP pr\u00e9sente son bilan \u00e0 mi-parcours"},"content":{"rendered":"<p><strong>Le Colonel Kanou Coulibaly, Coordonnateur national de la Coordination Nationale de Contr\u00f4le des Forces de Police (CONACFP), a anim\u00e9 ce 12 ao\u00fbt 2025 \u00e0 Ouagadougou, une conf\u00e9rence de presse visant \u00e0 mieux faire conna\u00eetre la structure au grand public et, en particulier, aux usagers du r\u00e9seau routier. Cette rencontre a \u00e9galement permis de pr\u00e9senter un bilan \u00e0 mi-parcours d\u2019un point cl\u00e9 du contrat d\u2019objectifs de la CONACFP.<\/strong><!--more--><\/p>\n<p>Cr\u00e9\u00e9e en 2016, la CONACFP a pour mission de lutter contre les pratiques corruptives, les rackets et les tracasseries dont sont victimes les usagers sur les axes routiers. Elle contr\u00f4le la qualit\u00e9 des prestations des forces de s\u00e9curit\u00e9 int\u00e9rieure, notamment la Gendarmerie nationale, la Police nationale, la Police municipale et l\u2019Office national de la s\u00e9curit\u00e9 routi\u00e8re (ONASER).<\/p>\n<p>Au cours de son allocution liminaire, le colonel Kanou Coulibaly a d\u2019abord salu\u00e9 la pr\u00e9sence des partenaires du secteur du transport routier, remerciant tous ceux qui \u0153uvrent \u00e0 la promotion des bonnes pratiques et \u00e0 la lutte contre la corruption. Il a aussi rendu hommage aux victimes des attaques terroristes qui affectent le pays, soulignant la difficile situation s\u00e9curitaire nationale.<\/p>\n<figure id=\"attachment_22656\" aria-describedby=\"caption-attachment-22656\" style=\"width: 2560px\" class=\"wp-caption aligncenter\"><a href=\"https:\/\/www.latribunedufaso.net\/wp-content\/uploads\/2025\/08\/IMG-20250812-WA0063.jpg\"><img loading=\"lazy\" decoding=\"async\" class=\"size-full wp-image-22656\" src=\"https:\/\/www.latribunedufaso.net\/wp-content\/uploads\/2025\/08\/IMG-20250812-WA0063.jpg\" alt=\"Conf\u00e9rence de presse de la Coordination Nationale de Contr\u00f4le des Forces de Police (CONACFP),  12 ao\u00fbt 2025\" width=\"2560\" height=\"1920\" srcset=\"https:\/\/www.latribunedufaso.net\/wp-content\/uploads\/2025\/08\/IMG-20250812-WA0063.jpg 2560w, https:\/\/www.latribunedufaso.net\/wp-content\/uploads\/2025\/08\/IMG-20250812-WA0063-300x225.jpg 300w, https:\/\/www.latribunedufaso.net\/wp-content\/uploads\/2025\/08\/IMG-20250812-WA0063-1024x768.jpg 1024w, https:\/\/www.latribunedufaso.net\/wp-content\/uploads\/2025\/08\/IMG-20250812-WA0063-768x576.jpg 768w, https:\/\/www.latribunedufaso.net\/wp-content\/uploads\/2025\/08\/IMG-20250812-WA0063-1536x1152.jpg 1536w, https:\/\/www.latribunedufaso.net\/wp-content\/uploads\/2025\/08\/IMG-20250812-WA0063-2048x1536.jpg 2048w\" sizes=\"auto, (max-width: 2560px) 100vw, 2560px\" \/><\/a><figcaption id=\"caption-attachment-22656\" class=\"wp-caption-text\">Le Coordonnateur national de la CONACFP, le Colonel Kanou Coulibaly (en bleu) &#8211; Ph. N. Ouattara<\/figcaption><\/figure>\n<p>Le Coordonnateur national a d\u00e9taill\u00e9 les missions de la CONACFP, class\u00e9es en trois volets : op\u00e9rationnelles (lutte contre la corruption, rackets et tracasseries, contr\u00f4le de la qualit\u00e9 des services de s\u00e9curit\u00e9 et contribution \u00e0 la lutte contre le terrorisme), \u00e9ducatives (sensibilisation et formation des acteurs) et d\u2019assistance (r\u00e9ception et traitement des plaintes des usagers).<\/p>\n<p>Pour faciliter la saisine, la CONACFP a mis en place plusieurs canaux, notamment un contact physique \u00e0 Ouagadougou, un num\u00e9ro vert gratuit (1020), un service WhatsApp (70 20 07 32), et un courrier postal.<\/p>\n<figure id=\"attachment_22657\" aria-describedby=\"caption-attachment-22657\" style=\"width: 2560px\" class=\"wp-caption aligncenter\"><a href=\"https:\/\/www.latribunedufaso.net\/wp-content\/uploads\/2025\/08\/IMG-20250812-WA0067.jpg\"><img loading=\"lazy\" decoding=\"async\" class=\"size-full wp-image-22657\" src=\"https:\/\/www.latribunedufaso.net\/wp-content\/uploads\/2025\/08\/IMG-20250812-WA0067.jpg\" alt=\"Conf\u00e9rence de presse de la Coordination Nationale de Contr\u00f4le des Forces de Police (CONACFP),  12 ao\u00fbt 2025\" width=\"2560\" height=\"1920\" srcset=\"https:\/\/www.latribunedufaso.net\/wp-content\/uploads\/2025\/08\/IMG-20250812-WA0067.jpg 2560w, https:\/\/www.latribunedufaso.net\/wp-content\/uploads\/2025\/08\/IMG-20250812-WA0067-300x225.jpg 300w, https:\/\/www.latribunedufaso.net\/wp-content\/uploads\/2025\/08\/IMG-20250812-WA0067-1024x768.jpg 1024w, https:\/\/www.latribunedufaso.net\/wp-content\/uploads\/2025\/08\/IMG-20250812-WA0067-768x576.jpg 768w, https:\/\/www.latribunedufaso.net\/wp-content\/uploads\/2025\/08\/IMG-20250812-WA0067-1536x1152.jpg 1536w, https:\/\/www.latribunedufaso.net\/wp-content\/uploads\/2025\/08\/IMG-20250812-WA0067-2048x1536.jpg 2048w\" sizes=\"auto, (max-width: 2560px) 100vw, 2560px\" \/><\/a><figcaption id=\"caption-attachment-22657\" class=\"wp-caption-text\">Une vue des journalistes \u00e0 la conf\u00e9rence de presse &#8211; Ph. N. Ouattara<\/figcaption><\/figure>\n<p>Le bilan \u00e0 mi-parcours est jug\u00e9 <em><strong>\u00ab encourageant \u00bb<\/strong><\/em>. Sur un objectif de r\u00e9duction de 25% des plaintes et d\u00e9nonciations en 2025, la CONACFP a enregistr\u00e9 une baisse de 81,5% des appels au premier semestre, avec 111 appels contre 600 en 2024. Le taux de pr\u00e9valence des appels par rapport aux postes de contr\u00f4le est \u00e9galement pass\u00e9 de 52,93% \u00e0 28,24% sur la m\u00eame p\u00e9riode.<\/p>\n<p>Toutefois, certaines difficult\u00e9s persistent, notamment le fonctionnement non optimal du num\u00e9ro vert 24h\/7j, la difficult\u00e9 pour certains usagers d\u2019identifier la force de police en cause, et la barri\u00e8re linguistique avec certains usagers \u00e9trangers.<\/p>\n<p>En termes de perspectives, la CONACFP envisage une relecture de son d\u00e9cret fondateur pour \u00e9tendre ses pouvoirs et la mise en place d\u2019une plateforme de contact permanente.<\/p>\n<p>Le colonel Kanou Coulibaly a conclu en rappelant que la lutte contre la corruption, notamment sur les axes routiers, est une responsabilit\u00e9 collective, et que seule une prise de conscience g\u00e9n\u00e9rale pourra contribuer \u00e0 r\u00e9duire durablement ce fl\u00e9au.<\/p>\n<blockquote><p>\n<iframe loading=\"lazy\" width=\"560\" height=\"315\" src=\"https:\/\/www.youtube.com\/embed\/OXW3qMlvw8E?si=T1hXcREiW8tg1xm8\" title=\"YouTube video player\" frameborder=\"0\" allow=\"accelerometer; autoplay; clipboard-write; encrypted-media; gyroscope; picture-in-picture; web-share\" referrerpolicy=\"strict-origin-when-cross-origin\" allowfullscreen><\/iframe><\/p>\n<p>Lire aussi &gt;&gt; <a href=\"https:\/\/www.latribunedufaso.net\/?p=17985\">Contr\u00f4le du port du casque : Une \u00e9quipe de l\u2019ONASER sur le terrain \u00e0 Ouagadougou<\/a><\/p>\n<\/blockquote>\n<p>Par ailleurs, il a salu\u00e9 la pr\u00e9sence des partenaires du secteur du transport routier \u00e0 la conf\u00e9rence de presse, remerciant tous ceux qui \u0153uvrent \u00e0 la promotion des bonnes pratiques et \u00e0 la lutte contre la corruption. Il a aussi rendu hommage aux victimes des attaques terroristes qui affectent le pays, soulignant la difficile situation s\u00e9curitaire nationale.<\/p>\n<p><strong>Nabintou OUATTARA\u00a0<\/strong><\/p>\n<p><strong>Latribunedufaso.net\u00a0<\/strong><\/p>\n","protected":false},"excerpt":{"rendered":"<p>Le Colonel Kanou Coulibaly, Coordonnateur national de la Coordination Nationale de Contr\u00f4le des Forces de Police (CONACFP), a anim\u00e9 ce 12 ao\u00fbt 2025 \u00e0 Ouagadougou, une conf\u00e9rence de presse visant \u00e0 mieux faire conna\u00eetre la structure au grand public et, en particulier, aux usagers du r\u00e9seau routier. Cette rencontre a \u00e9galement permis de pr\u00e9senter un bilan \u00e0 mi-parcours d\u2019un point cl\u00e9 du contrat d\u2019objectifs de la CONACFP.<\/p>\n","protected":false},"author":5,"featured_media":22656,"comment_status":"open","ping_status":"open","sticky":false,"template":"","format":"standard","meta":{"footnotes":""},"categories":[13,1,8],"tags":[1459,1456,39,543,1460,1457,1458],"class_list":["post-22653","post","type-post","status-publish","format-standard","has-post-thumbnail","hentry","category-une","category-actu","category-societe","tag-controle-forces-de-police-burkina","tag-coordination-nationale-de-controle-des-forces-de-police-conacfp","tag-latribunedufaso-net","tag-lutte-contre-la-corruption","tag-numero-vert-conacfp","tag-rackets-sur-les-axes-routiers","tag-tracasseries-policieres"],"yoast_head":"<!-- This site is optimized with the Yoast SEO plugin v27.5 - https:\/\/yoast.com\/product\/yoast-seo-wordpress\/ -->\n<title>Rackets et tracasseries sur les axes routiers : La CONACFP pr\u00e9sente son bilan \u00e0 mi-parcours - La Tribune du Faso<\/title>\n<meta name=\"robots\" content=\"index, follow, max-snippet:-1, max-image-preview:large, max-video-preview:-1\" \/>\n<link rel=\"canonical\" href=\"https:\/\/www.latribunedufaso.net\/?p=22653\" \/>\n<meta property=\"og:locale\" content=\"fr_FR\" \/>\n<meta property=\"og:type\" content=\"article\" \/>\n<meta property=\"og:title\" content=\"Rackets et tracasseries sur les axes routiers : La CONACFP pr\u00e9sente son bilan \u00e0 mi-parcours - La Tribune du Faso\" \/>\n<meta property=\"og:description\" content=\"Le Colonel Kanou Coulibaly, Coordonnateur national de la Coordination Nationale de Contr\u00f4le des Forces de Police (CONACFP), a anim\u00e9 ce 12 ao\u00fbt 2025 \u00e0 Ouagadougou, une conf\u00e9rence de presse visant \u00e0 mieux faire conna\u00eetre la structure au grand public et, en particulier, aux usagers du r\u00e9seau routier. Cette rencontre a \u00e9galement permis de pr\u00e9senter un bilan \u00e0 mi-parcours d\u2019un point cl\u00e9 du contrat d\u2019objectifs de la CONACFP.\" \/>\n<meta property=\"og:url\" content=\"https:\/\/www.latribunedufaso.net\/?p=22653\" \/>\n<meta property=\"og:site_name\" content=\"La Tribune du Faso\" \/>\n<meta property=\"article:publisher\" content=\"https:\/\/www.facebook.com\/LatribuneduFaso\/\" \/>\n<meta property=\"article:published_time\" content=\"2025-08-12T18:36:51+00:00\" \/>\n<meta property=\"article:modified_time\" content=\"2025-09-17T17:46:47+00:00\" \/>\n<meta property=\"og:image\" content=\"https:\/\/www.latribunedufaso.net\/wp-content\/uploads\/2025\/08\/IMG-20250812-WA0063.jpg\" \/>\n\t<meta property=\"og:image:width\" content=\"2560\" \/>\n\t<meta property=\"og:image:height\" content=\"1920\" \/>\n\t<meta property=\"og:image:type\" content=\"image\/jpeg\" \/>\n<meta name=\"author\" content=\"Issouf Tapsoba\" \/>\n<meta name=\"twitter:label1\" content=\"\u00c9crit par\" \/>\n\t<meta name=\"twitter:data1\" content=\"Issouf Tapsoba\" \/>\n\t<meta name=\"twitter:label2\" content=\"Dur\u00e9e de lecture estim\u00e9e\" \/>\n\t<meta name=\"twitter:data2\" content=\"3 minutes\" \/>\n<script type=\"application\/ld+json\" class=\"yoast-schema-graph\">{\"@context\":\"https:\\\/\\\/schema.org\",\"@graph\":[{\"@type\":\"Article\",\"@id\":\"https:\\\/\\\/www.latribunedufaso.net\\\/?p=22653#article\",\"isPartOf\":{\"@id\":\"https:\\\/\\\/www.latribunedufaso.net\\\/?p=22653\"},\"author\":{\"name\":\"Issouf Tapsoba\",\"@id\":\"https:\\\/\\\/www.latribunedufaso.net\\\/#\\\/schema\\\/person\\\/e54e64c5778a7e72cf80a318b7a622b0\"},\"headline\":\"Rackets et tracasseries sur les axes routiers : La CONACFP pr\u00e9sente son bilan \u00e0 mi-parcours\",\"datePublished\":\"2025-08-12T18:36:51+00:00\",\"dateModified\":\"2025-09-17T17:46:47+00:00\",\"mainEntityOfPage\":{\"@id\":\"https:\\\/\\\/www.latribunedufaso.net\\\/?p=22653\"},\"wordCount\":586,\"commentCount\":0,\"publisher\":{\"@id\":\"https:\\\/\\\/www.latribunedufaso.net\\\/#organization\"},\"image\":{\"@id\":\"https:\\\/\\\/www.latribunedufaso.net\\\/?p=22653#primaryimage\"},\"thumbnailUrl\":\"https:\\\/\\\/www.latribunedufaso.net\\\/wp-content\\\/uploads\\\/2025\\\/08\\\/IMG-20250812-WA0063.jpg\",\"keywords\":[\"contr\u00f4le forces de police Burkina\",\"Coordination Nationale de Contr\u00f4le des Forces de Police (CONACFP)\",\"latribunedufaso.net\",\"lutte contre la corruption\",\"num\u00e9ro vert CONACFP\",\"rackets sur les axes routiers\",\"tracasseries polici\u00e8res\"],\"articleSection\":[\"A la une\",\"Actualit\u00e9\",\"Soci\u00e9t\u00e9\"],\"inLanguage\":\"fr-FR\",\"potentialAction\":[{\"@type\":\"CommentAction\",\"name\":\"Comment\",\"target\":[\"https:\\\/\\\/www.latribunedufaso.net\\\/?p=22653#respond\"]}]},{\"@type\":\"WebPage\",\"@id\":\"https:\\\/\\\/www.latribunedufaso.net\\\/?p=22653\",\"url\":\"https:\\\/\\\/www.latribunedufaso.net\\\/?p=22653\",\"name\":\"Rackets et tracasseries sur les axes routiers : La CONACFP pr\u00e9sente son bilan \u00e0 mi-parcours - La Tribune du Faso\",\"isPartOf\":{\"@id\":\"https:\\\/\\\/www.latribunedufaso.net\\\/#website\"},\"primaryImageOfPage\":{\"@id\":\"https:\\\/\\\/www.latribunedufaso.net\\\/?p=22653#primaryimage\"},\"image\":{\"@id\":\"https:\\\/\\\/www.latribunedufaso.net\\\/?p=22653#primaryimage\"},\"thumbnailUrl\":\"https:\\\/\\\/www.latribunedufaso.net\\\/wp-content\\\/uploads\\\/2025\\\/08\\\/IMG-20250812-WA0063.jpg\",\"datePublished\":\"2025-08-12T18:36:51+00:00\",\"dateModified\":\"2025-09-17T17:46:47+00:00\",\"breadcrumb\":{\"@id\":\"https:\\\/\\\/www.latribunedufaso.net\\\/?p=22653#breadcrumb\"},\"inLanguage\":\"fr-FR\",\"potentialAction\":[{\"@type\":\"ReadAction\",\"target\":[\"https:\\\/\\\/www.latribunedufaso.net\\\/?p=22653\"]}]},{\"@type\":\"ImageObject\",\"inLanguage\":\"fr-FR\",\"@id\":\"https:\\\/\\\/www.latribunedufaso.net\\\/?p=22653#primaryimage\",\"url\":\"https:\\\/\\\/www.latribunedufaso.net\\\/wp-content\\\/uploads\\\/2025\\\/08\\\/IMG-20250812-WA0063.jpg\",\"contentUrl\":\"https:\\\/\\\/www.latribunedufaso.net\\\/wp-content\\\/uploads\\\/2025\\\/08\\\/IMG-20250812-WA0063.jpg\",\"width\":2560,\"height\":1920,\"caption\":\"Le Coordonnateur national de la CONACFP, le Colonel Kanou Coulibaly (en bleu) - Ph. N. Ouattara\"},{\"@type\":\"BreadcrumbList\",\"@id\":\"https:\\\/\\\/www.latribunedufaso.net\\\/?p=22653#breadcrumb\",\"itemListElement\":[{\"@type\":\"ListItem\",\"position\":1,\"name\":\"Accueil\",\"item\":\"https:\\\/\\\/www.latribunedufaso.net\\\/\"},{\"@type\":\"ListItem\",\"position\":2,\"name\":\"Rackets et tracasseries sur les axes routiers : La CONACFP pr\u00e9sente son bilan \u00e0 mi-parcours\"}]},{\"@type\":\"WebSite\",\"@id\":\"https:\\\/\\\/www.latribunedufaso.net\\\/#website\",\"url\":\"https:\\\/\\\/www.latribunedufaso.net\\\/\",\"name\":\"La Tribune du Faso\",\"description\":\"L&#039;information du monde rural en un clic\",\"publisher\":{\"@id\":\"https:\\\/\\\/www.latribunedufaso.net\\\/#organization\"},\"potentialAction\":[{\"@type\":\"SearchAction\",\"target\":{\"@type\":\"EntryPoint\",\"urlTemplate\":\"https:\\\/\\\/www.latribunedufaso.net\\\/?s={search_term_string}\"},\"query-input\":{\"@type\":\"PropertyValueSpecification\",\"valueRequired\":true,\"valueName\":\"search_term_string\"}}],\"inLanguage\":\"fr-FR\"},{\"@type\":\"Organization\",\"@id\":\"https:\\\/\\\/www.latribunedufaso.net\\\/#organization\",\"name\":\"La Tribune du Faso\",\"url\":\"https:\\\/\\\/www.latribunedufaso.net\\\/\",\"logo\":{\"@type\":\"ImageObject\",\"inLanguage\":\"fr-FR\",\"@id\":\"https:\\\/\\\/www.latribunedufaso.net\\\/#\\\/schema\\\/logo\\\/image\\\/\",\"url\":\"https:\\\/\\\/www.latribunedufaso.net\\\/wp-content\\\/uploads\\\/2020\\\/08\\\/Logo-Tribune-du-Faso-final-scaled.jpg\",\"contentUrl\":\"https:\\\/\\\/www.latribunedufaso.net\\\/wp-content\\\/uploads\\\/2020\\\/08\\\/Logo-Tribune-du-Faso-final-scaled.jpg\",\"width\":2560,\"height\":1856,\"caption\":\"La Tribune du Faso\"},\"image\":{\"@id\":\"https:\\\/\\\/www.latribunedufaso.net\\\/#\\\/schema\\\/logo\\\/image\\\/\"},\"sameAs\":[\"https:\\\/\\\/www.facebook.com\\\/LatribuneduFaso\\\/\"]},{\"@type\":\"Person\",\"@id\":\"https:\\\/\\\/www.latribunedufaso.net\\\/#\\\/schema\\\/person\\\/e54e64c5778a7e72cf80a318b7a622b0\",\"name\":\"Issouf Tapsoba\",\"image\":{\"@type\":\"ImageObject\",\"inLanguage\":\"fr-FR\",\"@id\":\"https:\\\/\\\/secure.gravatar.com\\\/avatar\\\/5e6c05150ce3230247d167f5b94d678eb05936197436d69b7921e3a95c9107ac?s=96&d=mm&r=g\",\"url\":\"https:\\\/\\\/secure.gravatar.com\\\/avatar\\\/5e6c05150ce3230247d167f5b94d678eb05936197436d69b7921e3a95c9107ac?s=96&d=mm&r=g\",\"contentUrl\":\"https:\\\/\\\/secure.gravatar.com\\\/avatar\\\/5e6c05150ce3230247d167f5b94d678eb05936197436d69b7921e3a95c9107ac?s=96&d=mm&r=g\",\"caption\":\"Issouf Tapsoba\"},\"url\":\"https:\\\/\\\/www.latribunedufaso.net\\\/?author=5\"}]}<\/script>\n<!-- \/ Yoast SEO plugin. -->","yoast_head_json":{"title":"Rackets et tracasseries sur les axes routiers : La CONACFP pr\u00e9sente son bilan \u00e0 mi-parcours - La Tribune du Faso","robots":{"index":"index","follow":"follow","max-snippet":"max-snippet:-1","max-image-preview":"max-image-preview:large","max-video-preview":"max-video-preview:-1"},"canonical":"https:\/\/www.latribunedufaso.net\/?p=22653","og_locale":"fr_FR","og_type":"article","og_title":"Rackets et tracasseries sur les axes routiers : La CONACFP pr\u00e9sente son bilan \u00e0 mi-parcours - La Tribune du Faso","og_description":"Le Colonel Kanou Coulibaly, Coordonnateur national de la Coordination Nationale de Contr\u00f4le des Forces de Police (CONACFP), a anim\u00e9 ce 12 ao\u00fbt 2025 \u00e0 Ouagadougou, une conf\u00e9rence de presse visant \u00e0 mieux faire conna\u00eetre la structure au grand public et, en particulier, aux usagers du r\u00e9seau routier. Cette rencontre a \u00e9galement permis de pr\u00e9senter un bilan \u00e0 mi-parcours d\u2019un point cl\u00e9 du contrat d\u2019objectifs de la CONACFP.","og_url":"https:\/\/www.latribunedufaso.net\/?p=22653","og_site_name":"La Tribune du Faso","article_publisher":"https:\/\/www.facebook.com\/LatribuneduFaso\/","article_published_time":"2025-08-12T18:36:51+00:00","article_modified_time":"2025-09-17T17:46:47+00:00","og_image":[{"width":2560,"height":1920,"url":"https:\/\/www.latribunedufaso.net\/wp-content\/uploads\/2025\/08\/IMG-20250812-WA0063.jpg","type":"image\/jpeg"}],"author":"Issouf Tapsoba","twitter_misc":{"\u00c9crit par":"Issouf Tapsoba","Dur\u00e9e de lecture estim\u00e9e":"3 minutes"},"schema":{"@context":"https:\/\/schema.org","@graph":[{"@type":"Article","@id":"https:\/\/www.latribunedufaso.net\/?p=22653#article","isPartOf":{"@id":"https:\/\/www.latribunedufaso.net\/?p=22653"},"author":{"name":"Issouf Tapsoba","@id":"https:\/\/www.latribunedufaso.net\/#\/schema\/person\/e54e64c5778a7e72cf80a318b7a622b0"},"headline":"Rackets et tracasseries sur les axes routiers : La CONACFP pr\u00e9sente son bilan \u00e0 mi-parcours","datePublished":"2025-08-12T18:36:51+00:00","dateModified":"2025-09-17T17:46:47+00:00","mainEntityOfPage":{"@id":"https:\/\/www.latribunedufaso.net\/?p=22653"},"wordCount":586,"commentCount":0,"publisher":{"@id":"https:\/\/www.latribunedufaso.net\/#organization"},"image":{"@id":"https:\/\/www.latribunedufaso.net\/?p=22653#primaryimage"},"thumbnailUrl":"https:\/\/www.latribunedufaso.net\/wp-content\/uploads\/2025\/08\/IMG-20250812-WA0063.jpg","keywords":["contr\u00f4le forces de police Burkina","Coordination Nationale de Contr\u00f4le des Forces de Police (CONACFP)","latribunedufaso.net","lutte contre la corruption","num\u00e9ro vert CONACFP","rackets sur les axes routiers","tracasseries polici\u00e8res"],"articleSection":["A la une","Actualit\u00e9","Soci\u00e9t\u00e9"],"inLanguage":"fr-FR","potentialAction":[{"@type":"CommentAction","name":"Comment","target":["https:\/\/www.latribunedufaso.net\/?p=22653#respond"]}]},{"@type":"WebPage","@id":"https:\/\/www.latribunedufaso.net\/?p=22653","url":"https:\/\/www.latribunedufaso.net\/?p=22653","name":"Rackets et tracasseries sur les axes routiers : La CONACFP pr\u00e9sente son bilan \u00e0 mi-parcours - La Tribune du Faso","isPartOf":{"@id":"https:\/\/www.latribunedufaso.net\/#website"},"primaryImageOfPage":{"@id":"https:\/\/www.latribunedufaso.net\/?p=22653#primaryimage"},"image":{"@id":"https:\/\/www.latribunedufaso.net\/?p=22653#primaryimage"},"thumbnailUrl":"https:\/\/www.latribunedufaso.net\/wp-content\/uploads\/2025\/08\/IMG-20250812-WA0063.jpg","datePublished":"2025-08-12T18:36:51+00:00","dateModified":"2025-09-17T17:46:47+00:00","breadcrumb":{"@id":"https:\/\/www.latribunedufaso.net\/?p=22653#breadcrumb"},"inLanguage":"fr-FR","potentialAction":[{"@type":"ReadAction","target":["https:\/\/www.latribunedufaso.net\/?p=22653"]}]},{"@type":"ImageObject","inLanguage":"fr-FR","@id":"https:\/\/www.latribunedufaso.net\/?p=22653#primaryimage","url":"https:\/\/www.latribunedufaso.net\/wp-content\/uploads\/2025\/08\/IMG-20250812-WA0063.jpg","contentUrl":"https:\/\/www.latribunedufaso.net\/wp-content\/uploads\/2025\/08\/IMG-20250812-WA0063.jpg","width":2560,"height":1920,"caption":"Le Coordonnateur national de la CONACFP, le Colonel Kanou Coulibaly (en bleu) - Ph. N. Ouattara"},{"@type":"BreadcrumbList","@id":"https:\/\/www.latribunedufaso.net\/?p=22653#breadcrumb","itemListElement":[{"@type":"ListItem","position":1,"name":"Accueil","item":"https:\/\/www.latribunedufaso.net\/"},{"@type":"ListItem","position":2,"name":"Rackets et tracasseries sur les axes routiers : La CONACFP pr\u00e9sente son bilan \u00e0 mi-parcours"}]},{"@type":"WebSite","@id":"https:\/\/www.latribunedufaso.net\/#website","url":"https:\/\/www.latribunedufaso.net\/","name":"La Tribune du Faso","description":"L&#039;information du monde rural en un clic","publisher":{"@id":"https:\/\/www.latribunedufaso.net\/#organization"},"potentialAction":[{"@type":"SearchAction","target":{"@type":"EntryPoint","urlTemplate":"https:\/\/www.latribunedufaso.net\/?s={search_term_string}"},"query-input":{"@type":"PropertyValueSpecification","valueRequired":true,"valueName":"search_term_string"}}],"inLanguage":"fr-FR"},{"@type":"Organization","@id":"https:\/\/www.latribunedufaso.net\/#organization","name":"La Tribune du Faso","url":"https:\/\/www.latribunedufaso.net\/","logo":{"@type":"ImageObject","inLanguage":"fr-FR","@id":"https:\/\/www.latribunedufaso.net\/#\/schema\/logo\/image\/","url":"https:\/\/www.latribunedufaso.net\/wp-content\/uploads\/2020\/08\/Logo-Tribune-du-Faso-final-scaled.jpg","contentUrl":"https:\/\/www.latribunedufaso.net\/wp-content\/uploads\/2020\/08\/Logo-Tribune-du-Faso-final-scaled.jpg","width":2560,"height":1856,"caption":"La Tribune du Faso"},"image":{"@id":"https:\/\/www.latribunedufaso.net\/#\/schema\/logo\/image\/"},"sameAs":["https:\/\/www.facebook.com\/LatribuneduFaso\/"]},{"@type":"Person","@id":"https:\/\/www.latribunedufaso.net\/#\/schema\/person\/e54e64c5778a7e72cf80a318b7a622b0","name":"Issouf Tapsoba","image":{"@type":"ImageObject","inLanguage":"fr-FR","@id":"https:\/\/secure.gravatar.com\/avatar\/5e6c05150ce3230247d167f5b94d678eb05936197436d69b7921e3a95c9107ac?s=96&d=mm&r=g","url":"https:\/\/secure.gravatar.com\/avatar\/5e6c05150ce3230247d167f5b94d678eb05936197436d69b7921e3a95c9107ac?s=96&d=mm&r=g","contentUrl":"https:\/\/secure.gravatar.com\/avatar\/5e6c05150ce3230247d167f5b94d678eb05936197436d69b7921e3a95c9107ac?s=96&d=mm&r=g","caption":"Issouf Tapsoba"},"url":"https:\/\/www.latribunedufaso.net\/?author=5"}]}},"_links":{"self":[{"href":"https:\/\/www.latribunedufaso.net\/index.php?rest_route=\/wp\/v2\/posts\/22653","targetHints":{"allow":["GET"]}}],"collection":[{"href":"https:\/\/www.latribunedufaso.net\/index.php?rest_route=\/wp\/v2\/posts"}],"about":[{"href":"https:\/\/www.latribunedufaso.net\/index.php?rest_route=\/wp\/v2\/types\/post"}],"author":[{"embeddable":true,"href":"https:\/\/www.latribunedufaso.net\/index.php?rest_route=\/wp\/v2\/users\/5"}],"replies":[{"embeddable":true,"href":"https:\/\/www.latribunedufaso.net\/index.php?rest_route=%2Fwp%2Fv2%2Fcomments&post=22653"}],"version-history":[{"count":4,"href":"https:\/\/www.latribunedufaso.net\/index.php?rest_route=\/wp\/v2\/posts\/22653\/revisions"}],"predecessor-version":[{"id":23612,"href":"https:\/\/www.latribunedufaso.net\/index.php?rest_route=\/wp\/v2\/posts\/22653\/revisions\/23612"}],"wp:featuredmedia":[{"embeddable":true,"href":"https:\/\/www.latribunedufaso.net\/index.php?rest_route=\/wp\/v2\/media\/22656"}],"wp:attachment":[{"href":"https:\/\/www.latribunedufaso.net\/index.php?rest_route=%2Fwp%2Fv2%2Fmedia&parent=22653"}],"wp:term":[{"taxonomy":"category","embeddable":true,"href":"https:\/\/www.latribunedufaso.net\/index.php?rest_route=%2Fwp%2Fv2%2Fcategories&post=22653"},{"taxonomy":"post_tag","embeddable":true,"href":"https:\/\/www.latribunedufaso.net\/index.php?rest_route=%2Fwp%2Fv2%2Ftags&post=22653"}],"curies":[{"name":"wp","href":"https:\/\/api.w.org\/{rel}","templated":true}]}}