{"id":22622,"date":"2025-08-11T15:07:15","date_gmt":"2025-08-11T15:07:15","guid":{"rendered":"https:\/\/www.latribunedufaso.net\/?p=22622"},"modified":"2025-08-11T15:07:15","modified_gmt":"2025-08-11T15:07:15","slug":"acces-aux-soins-de-qualite-pour-tous-lips-realise-un-centre-de-sante-moderne-a-bobo","status":"publish","type":"post","link":"https:\/\/www.latribunedufaso.net\/?p=22622","title":{"rendered":"Acc\u00e8s aux soins de qualit\u00e9 pour tous : L&rsquo;IPS r\u00e9alise un centre de sant\u00e9 moderne \u00e0 Bobo\u00a0"},"content":{"rendered":"<p><strong>Des journalistes et communicateurs, participant \u00e0 un atelier sur les initiatives pr\u00e9sidentielles du 6 au 10 ao\u00fbt 2025 \u00e0 Bobo-Dioulasso, ont visit\u00e9 le chantier de construction du Centre m\u00e9dical communal (CMC) du quartier Belle-ville. Organis\u00e9 par la Pr\u00e9sidence du Faso en collaboration avec le Bureau national des grands projets du Burkina Faso (BN-GP), l&rsquo;\u00e9v\u00e9nement comprenait une caravane de presse pour \u00e9valuer l&rsquo;avancement des projets sur le terrain.<\/strong><!--more--><\/p>\n<p>Seydou Dao, charg\u00e9 du suivi de la construction, a guid\u00e9 la visite et a pr\u00e9sent\u00e9 le projet aux visiteurs du jour. Ce futur Centre m\u00e9dical communal (CMC) sera un b\u00e2timent moderne de type R+1. Le rez-de-chauss\u00e9e abritera 5 blocs : une zone de consultation, l&rsquo;imagerie m\u00e9dicale, le service des urgences, une unit\u00e9 d&rsquo;hospitalisation et un bloc op\u00e9ratoire. Le premier \u00e9tage sera quant \u00e0 lui d\u00e9di\u00e9 au laboratoire, \u00e0 la banque de sang et \u00e0 l&rsquo;administration. Le centre aura une capacit\u00e9 d&rsquo;accueil de 60 personnes.<\/p>\n<figure id=\"attachment_22626\" aria-describedby=\"caption-attachment-22626\" style=\"width: 1080px\" class=\"wp-caption aligncenter\"><a href=\"https:\/\/www.latribunedufaso.net\/wp-content\/uploads\/2025\/08\/IMG-20250811-WA0049.jpg\"><img loading=\"lazy\" decoding=\"async\" class=\"size-full wp-image-22626\" src=\"https:\/\/www.latribunedufaso.net\/wp-content\/uploads\/2025\/08\/IMG-20250811-WA0049.jpg\" alt=\"Visite d'une caravane de presse sur le chantier du Centre m\u00e9dical communal de Bobo, 8 ao\u00fbt 2025, organis\u00e9 par le BN-GP \" width=\"1080\" height=\"607\" srcset=\"https:\/\/www.latribunedufaso.net\/wp-content\/uploads\/2025\/08\/IMG-20250811-WA0049.jpg 1080w, https:\/\/www.latribunedufaso.net\/wp-content\/uploads\/2025\/08\/IMG-20250811-WA0049-300x169.jpg 300w, https:\/\/www.latribunedufaso.net\/wp-content\/uploads\/2025\/08\/IMG-20250811-WA0049-1024x576.jpg 1024w, https:\/\/www.latribunedufaso.net\/wp-content\/uploads\/2025\/08\/IMG-20250811-WA0049-768x432.jpg 768w\" sizes=\"auto, (max-width: 1080px) 100vw, 1080px\" \/><\/a><figcaption id=\"caption-attachment-22626\" class=\"wp-caption-text\">Seydou Dao, charg\u00e9 du suivi du chantier &#8211; Ph. I. Tapsoba<\/figcaption><\/figure>\n<p>Malgr\u00e9 l&rsquo;ambition du projet, un d\u00e9calage a \u00e9t\u00e9 constat\u00e9 entre le temps \u00e9coul\u00e9 et l&rsquo;avancement des travaux. Selon Seydou Dao, l&rsquo;entreprise a \u00e9t\u00e9 install\u00e9e le 1er mars 2025. Cependant, c&rsquo;est \u00e0 mi-mai que les travaux ont effectivement d\u00e9but\u00e9.<\/p>\n<p>Sur un d\u00e9lai de 10 mois, 52% du temps a \u00e9t\u00e9 consomm\u00e9 pour seulement 11% d&rsquo;ex\u00e9cution des travaux, selon M. Dao. L&rsquo;entreprise a promis de faire <em><strong>\u00ab tout son possible \u00bb<\/strong><\/em> pour rattraper ce retard.<\/p>\n<h3>Un appel au patriotisme et \u00e0 la diligence<\/h3>\n<p>Notons que ce projet est inscrit dans les r\u00e9alisations de l&rsquo;Initiative pr\u00e9sidentielle pour la sant\u00e9 (IPS). A l&rsquo;issue de la visite, le coordonnateur national, Issa Traor\u00e9, s&rsquo;est montr\u00e9 ferme face \u00e0 ce constat. <em><strong>\u00ab Le taux qu&rsquo;on nous a donn\u00e9 n&rsquo;est pas satisfaisant \u00bb<\/strong><\/em>, a-t-il d\u00e9clar\u00e9.<\/p>\n<figure id=\"attachment_22625\" aria-describedby=\"caption-attachment-22625\" style=\"width: 2560px\" class=\"wp-caption aligncenter\"><a href=\"https:\/\/www.latribunedufaso.net\/wp-content\/uploads\/2025\/08\/IMG_20250808_161712_855-scaled.jpg\"><img loading=\"lazy\" decoding=\"async\" class=\"size-full wp-image-22625\" src=\"https:\/\/www.latribunedufaso.net\/wp-content\/uploads\/2025\/08\/IMG_20250808_161712_855-scaled.jpg\" alt=\"Visite d'une caravane de presse sur le chantier du Centre m\u00e9dical communal de Bobo, 8 ao\u00fbt 2025, organis\u00e9 par le BN-GP \" width=\"2560\" height=\"1920\" srcset=\"https:\/\/www.latribunedufaso.net\/wp-content\/uploads\/2025\/08\/IMG_20250808_161712_855-scaled.jpg 2560w, https:\/\/www.latribunedufaso.net\/wp-content\/uploads\/2025\/08\/IMG_20250808_161712_855-300x225.jpg 300w, https:\/\/www.latribunedufaso.net\/wp-content\/uploads\/2025\/08\/IMG_20250808_161712_855-1024x768.jpg 1024w, https:\/\/www.latribunedufaso.net\/wp-content\/uploads\/2025\/08\/IMG_20250808_161712_855-768x576.jpg 768w, https:\/\/www.latribunedufaso.net\/wp-content\/uploads\/2025\/08\/IMG_20250808_161712_855-1536x1152.jpg 1536w, https:\/\/www.latribunedufaso.net\/wp-content\/uploads\/2025\/08\/IMG_20250808_161712_855-2048x1536.jpg 2048w\" sizes=\"auto, (max-width: 2560px) 100vw, 2560px\" \/><\/a><figcaption id=\"caption-attachment-22625\" class=\"wp-caption-text\">Le coordonnateur national de l&rsquo;Initiative pr\u00e9sidentielle pour la sant\u00e9, Issa Traor\u00e9 &#8211; Ph. I. Tapsoba<\/figcaption><\/figure>\n<p>Il a demand\u00e9 \u00e0 l&rsquo;entreprise d&rsquo;augmenter ses effectifs pour acc\u00e9l\u00e9rer les travaux. <em><strong>\u00ab L&rsquo;entreprise tente de justifier ce retard par un certain nombre de facteurs qui ne nous concernent pas. C&rsquo;est un programme d&rsquo;urgence du Chef de l&rsquo;Etat, au b\u00e9n\u00e9fice de la population pour leur permettre d&rsquo;am\u00e9liorer l&rsquo;offre et la qualit\u00e9 des soins \u00bb,\u00a0<\/strong><\/em>a-t-il poursuivi.\u00a0<\/p>\n<p>En plus, il a rappel\u00e9 que ce projet fait partie d&rsquo;un ensemble de 25 Centres m\u00e9dicaux communaux dont la construction a \u00e9t\u00e9 lanc\u00e9e en 2025 dans tout le pays. La pr\u00e9sente infrastructures est construite sur le site du Centre de sant\u00e9 et de promotion sociale (CSPS) du quartier Belle-ville de Bobo-Dioulasso.<\/p>\n<figure id=\"attachment_22627\" aria-describedby=\"caption-attachment-22627\" style=\"width: 1080px\" class=\"wp-caption aligncenter\"><a href=\"https:\/\/www.latribunedufaso.net\/wp-content\/uploads\/2025\/08\/IMG-20250811-WA0048.jpg\"><img loading=\"lazy\" decoding=\"async\" class=\"size-full wp-image-22627\" src=\"https:\/\/www.latribunedufaso.net\/wp-content\/uploads\/2025\/08\/IMG-20250811-WA0048.jpg\" alt=\"Visite d'une caravane de presse sur le chantier du Centre m\u00e9dical communal de Bobo, 8 ao\u00fbt 2025, organis\u00e9 par le BN-GP \" width=\"1080\" height=\"607\" srcset=\"https:\/\/www.latribunedufaso.net\/wp-content\/uploads\/2025\/08\/IMG-20250811-WA0048.jpg 1080w, https:\/\/www.latribunedufaso.net\/wp-content\/uploads\/2025\/08\/IMG-20250811-WA0048-300x169.jpg 300w, https:\/\/www.latribunedufaso.net\/wp-content\/uploads\/2025\/08\/IMG-20250811-WA0048-1024x576.jpg 1024w, https:\/\/www.latribunedufaso.net\/wp-content\/uploads\/2025\/08\/IMG-20250811-WA0048-768x432.jpg 768w\" sizes=\"auto, (max-width: 1080px) 100vw, 1080px\" \/><\/a><figcaption id=\"caption-attachment-22627\" class=\"wp-caption-text\">Une vue de l&rsquo;\u00e9tat d&rsquo;avancement du chantier &#8211; Ph. I. Tapsoba<\/figcaption><\/figure>\n<p>Issa Traor\u00e9 a lanc\u00e9 un avertissement \u00e0 toutes les entreprises impliqu\u00e9es dans les initiatives pr\u00e9sidentielles : <em><strong>\u00ab \u00c0 la fin du d\u00e9lai, nous ne viendrons plus pour constater l&rsquo;\u00e9tat d&rsquo;avancement des travaux, mais pour la r\u00e9ception de l&rsquo;infrastructure \u00bb.<\/strong><\/em><\/p>\n<p>Le coordonnateur a insist\u00e9 sur l&rsquo;importance de l&rsquo;engagement et du patriotisme des prestataires. Il a \u00e9galement soulign\u00e9 l&rsquo;innovation majeure de ce projet qui est la dotation du CMC d&rsquo;un bloc op\u00e9ratoire. <em><strong>\u00ab C&rsquo;est une innovation car \u00e7a fait partie des priorit\u00e9s du Pr\u00e9sident du Faso \u00bb,<\/strong><\/em> a-t-il pr\u00e9cis\u00e9.<\/p>\n<blockquote>\n<p>Lire aussi &gt;&gt; <a href=\"https:\/\/www.latribunedufaso.net\/?p=22531\">Une r\u00e9ponse aux d\u00e9fis sanitaires : Voici le plan de l\u2019Initiative pr\u00e9sidentielle pour la sant\u00e9\u00a0<\/a><\/p>\n<\/blockquote>\n<p>L&rsquo;objectif est de permettre aux populations de b\u00e9n\u00e9ficier de chirurgies essentielles sur place, \u00e9vitant ainsi les \u00e9vacuations co\u00fbteuses et risqu\u00e9es vers des centres plus grands. Ce projet incarne la volont\u00e9 de rendre l&rsquo;acc\u00e8s aux soins de qualit\u00e9 plus \u00e9quitable et plus s\u00fbr pour tous les Burkinab\u00e8.<\/p>\n<p><strong>Issouf TAPSOBA\u00a0<\/strong><\/p>\n<p><strong>Latribunedufaso.net<\/strong><\/p>\n","protected":false},"excerpt":{"rendered":"<p>Des journalistes et communicateurs, participant \u00e0 un atelier sur les initiatives pr\u00e9sidentielles du 6 au 10 ao\u00fbt 2025 \u00e0 Bobo-Dioulasso, ont visit\u00e9 le chantier de construction du Centre m\u00e9dical communal (CMC) du quartier Belle-ville. Organis\u00e9 par la Pr\u00e9sidence du Faso en collaboration avec le Bureau national des grands projets du Burkina Faso (BN-GP), l&rsquo;\u00e9v\u00e9nement comprenait une caravane de presse pour \u00e9valuer l&rsquo;avancement des projets sur le terrain.<\/p>\n","protected":false},"author":5,"featured_media":22628,"comment_status":"open","ping_status":"open","sticky":false,"template":"","format":"standard","meta":{"footnotes":""},"categories":[13,1,7],"tags":[1439,1453,665,39,191],"class_list":["post-22622","post","type-post","status-publish","format-standard","has-post-thumbnail","hentry","category-une","category-actu","category-sante","tag-bureau-national-des-grands-projets-du-burkina-bn-gp","tag-centre-medical-communal-cmc","tag-initiative-presidentielle-pour-la-sante","tag-latribunedufaso-net","tag-sante"],"yoast_head":"<!-- This site is optimized with the Yoast SEO plugin v27.5 - https:\/\/yoast.com\/product\/yoast-seo-wordpress\/ -->\n<title>Acc\u00e8s aux soins de qualit\u00e9 pour tous : L&#039;IPS r\u00e9alise un centre de sant\u00e9 moderne \u00e0 Bobo\u00a0 - La Tribune du Faso<\/title>\n<meta name=\"robots\" content=\"index, follow, max-snippet:-1, max-image-preview:large, max-video-preview:-1\" \/>\n<link rel=\"canonical\" href=\"https:\/\/www.latribunedufaso.net\/?p=22622\" \/>\n<meta property=\"og:locale\" content=\"fr_FR\" \/>\n<meta property=\"og:type\" content=\"article\" \/>\n<meta property=\"og:title\" content=\"Acc\u00e8s aux soins de qualit\u00e9 pour tous : L&#039;IPS r\u00e9alise un centre de sant\u00e9 moderne \u00e0 Bobo\u00a0 - La Tribune du Faso\" \/>\n<meta property=\"og:description\" content=\"Des journalistes et communicateurs, participant \u00e0 un atelier sur les initiatives pr\u00e9sidentielles du 6 au 10 ao\u00fbt 2025 \u00e0 Bobo-Dioulasso, ont visit\u00e9 le chantier de construction du Centre m\u00e9dical communal (CMC) du quartier Belle-ville. Organis\u00e9 par la Pr\u00e9sidence du Faso en collaboration avec le Bureau national des grands projets du Burkina Faso (BN-GP), l&rsquo;\u00e9v\u00e9nement comprenait une caravane de presse pour \u00e9valuer l&rsquo;avancement des projets sur le terrain.\" \/>\n<meta property=\"og:url\" content=\"https:\/\/www.latribunedufaso.net\/?p=22622\" \/>\n<meta property=\"og:site_name\" content=\"La Tribune du Faso\" \/>\n<meta property=\"article:publisher\" content=\"https:\/\/www.facebook.com\/LatribuneduFaso\/\" \/>\n<meta property=\"article:published_time\" content=\"2025-08-11T15:07:15+00:00\" \/>\n<meta property=\"og:image\" content=\"https:\/\/www.latribunedufaso.net\/wp-content\/uploads\/2025\/08\/IMG-20250811-WA0047.jpg\" \/>\n\t<meta property=\"og:image:width\" content=\"1080\" \/>\n\t<meta property=\"og:image:height\" content=\"607\" \/>\n\t<meta property=\"og:image:type\" content=\"image\/jpeg\" \/>\n<meta name=\"author\" content=\"Issouf Tapsoba\" \/>\n<meta name=\"twitter:label1\" content=\"\u00c9crit par\" \/>\n\t<meta name=\"twitter:data1\" content=\"Issouf Tapsoba\" \/>\n\t<meta name=\"twitter:label2\" content=\"Dur\u00e9e de lecture estim\u00e9e\" \/>\n\t<meta name=\"twitter:data2\" content=\"3 minutes\" \/>\n<script type=\"application\/ld+json\" class=\"yoast-schema-graph\">{\"@context\":\"https:\\\/\\\/schema.org\",\"@graph\":[{\"@type\":\"Article\",\"@id\":\"https:\\\/\\\/www.latribunedufaso.net\\\/?p=22622#article\",\"isPartOf\":{\"@id\":\"https:\\\/\\\/www.latribunedufaso.net\\\/?p=22622\"},\"author\":{\"name\":\"Issouf Tapsoba\",\"@id\":\"https:\\\/\\\/www.latribunedufaso.net\\\/#\\\/schema\\\/person\\\/e54e64c5778a7e72cf80a318b7a622b0\"},\"headline\":\"Acc\u00e8s aux soins de qualit\u00e9 pour tous : L&rsquo;IPS r\u00e9alise un centre de sant\u00e9 moderne \u00e0 Bobo\u00a0\",\"datePublished\":\"2025-08-11T15:07:15+00:00\",\"mainEntityOfPage\":{\"@id\":\"https:\\\/\\\/www.latribunedufaso.net\\\/?p=22622\"},\"wordCount\":668,\"commentCount\":0,\"publisher\":{\"@id\":\"https:\\\/\\\/www.latribunedufaso.net\\\/#organization\"},\"image\":{\"@id\":\"https:\\\/\\\/www.latribunedufaso.net\\\/?p=22622#primaryimage\"},\"thumbnailUrl\":\"https:\\\/\\\/www.latribunedufaso.net\\\/wp-content\\\/uploads\\\/2025\\\/08\\\/IMG-20250811-WA0047.jpg\",\"keywords\":[\"Bureau national des grands projets du Burkina (BN-GP)\",\"Centre m\u00e9dical communal (CMC)\",\"Initiative pr\u00e9sidentielle pour la sant\u00e9\",\"latribunedufaso.net\",\"Sant\u00e9\"],\"articleSection\":[\"A la une\",\"Actualit\u00e9\",\"Sant\u00e9\"],\"inLanguage\":\"fr-FR\",\"potentialAction\":[{\"@type\":\"CommentAction\",\"name\":\"Comment\",\"target\":[\"https:\\\/\\\/www.latribunedufaso.net\\\/?p=22622#respond\"]}]},{\"@type\":\"WebPage\",\"@id\":\"https:\\\/\\\/www.latribunedufaso.net\\\/?p=22622\",\"url\":\"https:\\\/\\\/www.latribunedufaso.net\\\/?p=22622\",\"name\":\"Acc\u00e8s aux soins de qualit\u00e9 pour tous : L'IPS r\u00e9alise un centre de sant\u00e9 moderne \u00e0 Bobo\u00a0 - La Tribune du Faso\",\"isPartOf\":{\"@id\":\"https:\\\/\\\/www.latribunedufaso.net\\\/#website\"},\"primaryImageOfPage\":{\"@id\":\"https:\\\/\\\/www.latribunedufaso.net\\\/?p=22622#primaryimage\"},\"image\":{\"@id\":\"https:\\\/\\\/www.latribunedufaso.net\\\/?p=22622#primaryimage\"},\"thumbnailUrl\":\"https:\\\/\\\/www.latribunedufaso.net\\\/wp-content\\\/uploads\\\/2025\\\/08\\\/IMG-20250811-WA0047.jpg\",\"datePublished\":\"2025-08-11T15:07:15+00:00\",\"breadcrumb\":{\"@id\":\"https:\\\/\\\/www.latribunedufaso.net\\\/?p=22622#breadcrumb\"},\"inLanguage\":\"fr-FR\",\"potentialAction\":[{\"@type\":\"ReadAction\",\"target\":[\"https:\\\/\\\/www.latribunedufaso.net\\\/?p=22622\"]}]},{\"@type\":\"ImageObject\",\"inLanguage\":\"fr-FR\",\"@id\":\"https:\\\/\\\/www.latribunedufaso.net\\\/?p=22622#primaryimage\",\"url\":\"https:\\\/\\\/www.latribunedufaso.net\\\/wp-content\\\/uploads\\\/2025\\\/08\\\/IMG-20250811-WA0047.jpg\",\"contentUrl\":\"https:\\\/\\\/www.latribunedufaso.net\\\/wp-content\\\/uploads\\\/2025\\\/08\\\/IMG-20250811-WA0047.jpg\",\"width\":1080,\"height\":607,\"caption\":\"Visite d'une caravane de presse sur le chantier du Centre m\u00e9dical communal de Bobo, 8 ao\u00fbt 2025, organis\u00e9 par le BN-GP\"},{\"@type\":\"BreadcrumbList\",\"@id\":\"https:\\\/\\\/www.latribunedufaso.net\\\/?p=22622#breadcrumb\",\"itemListElement\":[{\"@type\":\"ListItem\",\"position\":1,\"name\":\"Accueil\",\"item\":\"https:\\\/\\\/www.latribunedufaso.net\\\/\"},{\"@type\":\"ListItem\",\"position\":2,\"name\":\"Acc\u00e8s aux soins de qualit\u00e9 pour tous : L&rsquo;IPS r\u00e9alise un centre de sant\u00e9 moderne \u00e0 Bobo\u00a0\"}]},{\"@type\":\"WebSite\",\"@id\":\"https:\\\/\\\/www.latribunedufaso.net\\\/#website\",\"url\":\"https:\\\/\\\/www.latribunedufaso.net\\\/\",\"name\":\"La Tribune du Faso\",\"description\":\"L&#039;information du monde rural en un clic\",\"publisher\":{\"@id\":\"https:\\\/\\\/www.latribunedufaso.net\\\/#organization\"},\"potentialAction\":[{\"@type\":\"SearchAction\",\"target\":{\"@type\":\"EntryPoint\",\"urlTemplate\":\"https:\\\/\\\/www.latribunedufaso.net\\\/?s={search_term_string}\"},\"query-input\":{\"@type\":\"PropertyValueSpecification\",\"valueRequired\":true,\"valueName\":\"search_term_string\"}}],\"inLanguage\":\"fr-FR\"},{\"@type\":\"Organization\",\"@id\":\"https:\\\/\\\/www.latribunedufaso.net\\\/#organization\",\"name\":\"La Tribune du Faso\",\"url\":\"https:\\\/\\\/www.latribunedufaso.net\\\/\",\"logo\":{\"@type\":\"ImageObject\",\"inLanguage\":\"fr-FR\",\"@id\":\"https:\\\/\\\/www.latribunedufaso.net\\\/#\\\/schema\\\/logo\\\/image\\\/\",\"url\":\"https:\\\/\\\/www.latribunedufaso.net\\\/wp-content\\\/uploads\\\/2020\\\/08\\\/Logo-Tribune-du-Faso-final-scaled.jpg\",\"contentUrl\":\"https:\\\/\\\/www.latribunedufaso.net\\\/wp-content\\\/uploads\\\/2020\\\/08\\\/Logo-Tribune-du-Faso-final-scaled.jpg\",\"width\":2560,\"height\":1856,\"caption\":\"La Tribune du Faso\"},\"image\":{\"@id\":\"https:\\\/\\\/www.latribunedufaso.net\\\/#\\\/schema\\\/logo\\\/image\\\/\"},\"sameAs\":[\"https:\\\/\\\/www.facebook.com\\\/LatribuneduFaso\\\/\"]},{\"@type\":\"Person\",\"@id\":\"https:\\\/\\\/www.latribunedufaso.net\\\/#\\\/schema\\\/person\\\/e54e64c5778a7e72cf80a318b7a622b0\",\"name\":\"Issouf Tapsoba\",\"image\":{\"@type\":\"ImageObject\",\"inLanguage\":\"fr-FR\",\"@id\":\"https:\\\/\\\/secure.gravatar.com\\\/avatar\\\/5e6c05150ce3230247d167f5b94d678eb05936197436d69b7921e3a95c9107ac?s=96&d=mm&r=g\",\"url\":\"https:\\\/\\\/secure.gravatar.com\\\/avatar\\\/5e6c05150ce3230247d167f5b94d678eb05936197436d69b7921e3a95c9107ac?s=96&d=mm&r=g\",\"contentUrl\":\"https:\\\/\\\/secure.gravatar.com\\\/avatar\\\/5e6c05150ce3230247d167f5b94d678eb05936197436d69b7921e3a95c9107ac?s=96&d=mm&r=g\",\"caption\":\"Issouf Tapsoba\"},\"url\":\"https:\\\/\\\/www.latribunedufaso.net\\\/?author=5\"}]}<\/script>\n<!-- \/ Yoast SEO plugin. -->","yoast_head_json":{"title":"Acc\u00e8s aux soins de qualit\u00e9 pour tous : L'IPS r\u00e9alise un centre de sant\u00e9 moderne \u00e0 Bobo\u00a0 - La Tribune du Faso","robots":{"index":"index","follow":"follow","max-snippet":"max-snippet:-1","max-image-preview":"max-image-preview:large","max-video-preview":"max-video-preview:-1"},"canonical":"https:\/\/www.latribunedufaso.net\/?p=22622","og_locale":"fr_FR","og_type":"article","og_title":"Acc\u00e8s aux soins de qualit\u00e9 pour tous : L'IPS r\u00e9alise un centre de sant\u00e9 moderne \u00e0 Bobo\u00a0 - La Tribune du Faso","og_description":"Des journalistes et communicateurs, participant \u00e0 un atelier sur les initiatives pr\u00e9sidentielles du 6 au 10 ao\u00fbt 2025 \u00e0 Bobo-Dioulasso, ont visit\u00e9 le chantier de construction du Centre m\u00e9dical communal (CMC) du quartier Belle-ville. Organis\u00e9 par la Pr\u00e9sidence du Faso en collaboration avec le Bureau national des grands projets du Burkina Faso (BN-GP), l&rsquo;\u00e9v\u00e9nement comprenait une caravane de presse pour \u00e9valuer l&rsquo;avancement des projets sur le terrain.","og_url":"https:\/\/www.latribunedufaso.net\/?p=22622","og_site_name":"La Tribune du Faso","article_publisher":"https:\/\/www.facebook.com\/LatribuneduFaso\/","article_published_time":"2025-08-11T15:07:15+00:00","og_image":[{"width":1080,"height":607,"url":"https:\/\/www.latribunedufaso.net\/wp-content\/uploads\/2025\/08\/IMG-20250811-WA0047.jpg","type":"image\/jpeg"}],"author":"Issouf Tapsoba","twitter_misc":{"\u00c9crit par":"Issouf Tapsoba","Dur\u00e9e de lecture estim\u00e9e":"3 minutes"},"schema":{"@context":"https:\/\/schema.org","@graph":[{"@type":"Article","@id":"https:\/\/www.latribunedufaso.net\/?p=22622#article","isPartOf":{"@id":"https:\/\/www.latribunedufaso.net\/?p=22622"},"author":{"name":"Issouf Tapsoba","@id":"https:\/\/www.latribunedufaso.net\/#\/schema\/person\/e54e64c5778a7e72cf80a318b7a622b0"},"headline":"Acc\u00e8s aux soins de qualit\u00e9 pour tous : L&rsquo;IPS r\u00e9alise un centre de sant\u00e9 moderne \u00e0 Bobo\u00a0","datePublished":"2025-08-11T15:07:15+00:00","mainEntityOfPage":{"@id":"https:\/\/www.latribunedufaso.net\/?p=22622"},"wordCount":668,"commentCount":0,"publisher":{"@id":"https:\/\/www.latribunedufaso.net\/#organization"},"image":{"@id":"https:\/\/www.latribunedufaso.net\/?p=22622#primaryimage"},"thumbnailUrl":"https:\/\/www.latribunedufaso.net\/wp-content\/uploads\/2025\/08\/IMG-20250811-WA0047.jpg","keywords":["Bureau national des grands projets du Burkina (BN-GP)","Centre m\u00e9dical communal (CMC)","Initiative pr\u00e9sidentielle pour la sant\u00e9","latribunedufaso.net","Sant\u00e9"],"articleSection":["A la une","Actualit\u00e9","Sant\u00e9"],"inLanguage":"fr-FR","potentialAction":[{"@type":"CommentAction","name":"Comment","target":["https:\/\/www.latribunedufaso.net\/?p=22622#respond"]}]},{"@type":"WebPage","@id":"https:\/\/www.latribunedufaso.net\/?p=22622","url":"https:\/\/www.latribunedufaso.net\/?p=22622","name":"Acc\u00e8s aux soins de qualit\u00e9 pour tous : L'IPS r\u00e9alise un centre de sant\u00e9 moderne \u00e0 Bobo\u00a0 - La Tribune du Faso","isPartOf":{"@id":"https:\/\/www.latribunedufaso.net\/#website"},"primaryImageOfPage":{"@id":"https:\/\/www.latribunedufaso.net\/?p=22622#primaryimage"},"image":{"@id":"https:\/\/www.latribunedufaso.net\/?p=22622#primaryimage"},"thumbnailUrl":"https:\/\/www.latribunedufaso.net\/wp-content\/uploads\/2025\/08\/IMG-20250811-WA0047.jpg","datePublished":"2025-08-11T15:07:15+00:00","breadcrumb":{"@id":"https:\/\/www.latribunedufaso.net\/?p=22622#breadcrumb"},"inLanguage":"fr-FR","potentialAction":[{"@type":"ReadAction","target":["https:\/\/www.latribunedufaso.net\/?p=22622"]}]},{"@type":"ImageObject","inLanguage":"fr-FR","@id":"https:\/\/www.latribunedufaso.net\/?p=22622#primaryimage","url":"https:\/\/www.latribunedufaso.net\/wp-content\/uploads\/2025\/08\/IMG-20250811-WA0047.jpg","contentUrl":"https:\/\/www.latribunedufaso.net\/wp-content\/uploads\/2025\/08\/IMG-20250811-WA0047.jpg","width":1080,"height":607,"caption":"Visite d'une caravane de presse sur le chantier du Centre m\u00e9dical communal de Bobo, 8 ao\u00fbt 2025, organis\u00e9 par le BN-GP"},{"@type":"BreadcrumbList","@id":"https:\/\/www.latribunedufaso.net\/?p=22622#breadcrumb","itemListElement":[{"@type":"ListItem","position":1,"name":"Accueil","item":"https:\/\/www.latribunedufaso.net\/"},{"@type":"ListItem","position":2,"name":"Acc\u00e8s aux soins de qualit\u00e9 pour tous : L&rsquo;IPS r\u00e9alise un centre de sant\u00e9 moderne \u00e0 Bobo\u00a0"}]},{"@type":"WebSite","@id":"https:\/\/www.latribunedufaso.net\/#website","url":"https:\/\/www.latribunedufaso.net\/","name":"La Tribune du Faso","description":"L&#039;information du monde rural en un clic","publisher":{"@id":"https:\/\/www.latribunedufaso.net\/#organization"},"potentialAction":[{"@type":"SearchAction","target":{"@type":"EntryPoint","urlTemplate":"https:\/\/www.latribunedufaso.net\/?s={search_term_string}"},"query-input":{"@type":"PropertyValueSpecification","valueRequired":true,"valueName":"search_term_string"}}],"inLanguage":"fr-FR"},{"@type":"Organization","@id":"https:\/\/www.latribunedufaso.net\/#organization","name":"La Tribune du Faso","url":"https:\/\/www.latribunedufaso.net\/","logo":{"@type":"ImageObject","inLanguage":"fr-FR","@id":"https:\/\/www.latribunedufaso.net\/#\/schema\/logo\/image\/","url":"https:\/\/www.latribunedufaso.net\/wp-content\/uploads\/2020\/08\/Logo-Tribune-du-Faso-final-scaled.jpg","contentUrl":"https:\/\/www.latribunedufaso.net\/wp-content\/uploads\/2020\/08\/Logo-Tribune-du-Faso-final-scaled.jpg","width":2560,"height":1856,"caption":"La Tribune du Faso"},"image":{"@id":"https:\/\/www.latribunedufaso.net\/#\/schema\/logo\/image\/"},"sameAs":["https:\/\/www.facebook.com\/LatribuneduFaso\/"]},{"@type":"Person","@id":"https:\/\/www.latribunedufaso.net\/#\/schema\/person\/e54e64c5778a7e72cf80a318b7a622b0","name":"Issouf Tapsoba","image":{"@type":"ImageObject","inLanguage":"fr-FR","@id":"https:\/\/secure.gravatar.com\/avatar\/5e6c05150ce3230247d167f5b94d678eb05936197436d69b7921e3a95c9107ac?s=96&d=mm&r=g","url":"https:\/\/secure.gravatar.com\/avatar\/5e6c05150ce3230247d167f5b94d678eb05936197436d69b7921e3a95c9107ac?s=96&d=mm&r=g","contentUrl":"https:\/\/secure.gravatar.com\/avatar\/5e6c05150ce3230247d167f5b94d678eb05936197436d69b7921e3a95c9107ac?s=96&d=mm&r=g","caption":"Issouf Tapsoba"},"url":"https:\/\/www.latribunedufaso.net\/?author=5"}]}},"_links":{"self":[{"href":"https:\/\/www.latribunedufaso.net\/index.php?rest_route=\/wp\/v2\/posts\/22622","targetHints":{"allow":["GET"]}}],"collection":[{"href":"https:\/\/www.latribunedufaso.net\/index.php?rest_route=\/wp\/v2\/posts"}],"about":[{"href":"https:\/\/www.latribunedufaso.net\/index.php?rest_route=\/wp\/v2\/types\/post"}],"author":[{"embeddable":true,"href":"https:\/\/www.latribunedufaso.net\/index.php?rest_route=\/wp\/v2\/users\/5"}],"replies":[{"embeddable":true,"href":"https:\/\/www.latribunedufaso.net\/index.php?rest_route=%2Fwp%2Fv2%2Fcomments&post=22622"}],"version-history":[{"count":2,"href":"https:\/\/www.latribunedufaso.net\/index.php?rest_route=\/wp\/v2\/posts\/22622\/revisions"}],"predecessor-version":[{"id":22629,"href":"https:\/\/www.latribunedufaso.net\/index.php?rest_route=\/wp\/v2\/posts\/22622\/revisions\/22629"}],"wp:featuredmedia":[{"embeddable":true,"href":"https:\/\/www.latribunedufaso.net\/index.php?rest_route=\/wp\/v2\/media\/22628"}],"wp:attachment":[{"href":"https:\/\/www.latribunedufaso.net\/index.php?rest_route=%2Fwp%2Fv2%2Fmedia&parent=22622"}],"wp:term":[{"taxonomy":"category","embeddable":true,"href":"https:\/\/www.latribunedufaso.net\/index.php?rest_route=%2Fwp%2Fv2%2Fcategories&post=22622"},{"taxonomy":"post_tag","embeddable":true,"href":"https:\/\/www.latribunedufaso.net\/index.php?rest_route=%2Fwp%2Fv2%2Ftags&post=22622"}],"curies":[{"name":"wp","href":"https:\/\/api.w.org\/{rel}","templated":true}]}}