{"id":22588,"date":"2025-08-10T23:00:52","date_gmt":"2025-08-10T23:00:52","guid":{"rendered":"https:\/\/www.latribunedufaso.net\/?p=22588"},"modified":"2025-09-17T18:05:20","modified_gmt":"2025-09-17T18:05:20","slug":"initiative-presidentielle-faso-mebo-des-journalistes-et-communicateurs-constatent-lavancement-des-chantiers-a-bobo","status":"publish","type":"post","link":"https:\/\/www.latribunedufaso.net\/?p=22588","title":{"rendered":"Initiative pr\u00e9sidentielle Faso M\u00eabo : Des journalistes et communicateurs constatent l&rsquo;avancement des chantiers \u00e0 Bobo"},"content":{"rendered":"<p><strong>Pr\u00e9sents \u00e0 Bobo-Dioulasso dans le cadre d&rsquo;un atelier sur les initiatives pr\u00e9sidentielles, des journalistes et communicateurs ont visit\u00e9 le 08 ao\u00fbt 2025, les r\u00e9alisations de l&rsquo;Initiative pr\u00e9sidentielle Faso M\u00eabo. La visite a permis de constater l&rsquo;avancement des travaux sur le si\u00e8ge de l&rsquo;initiative et sur le chantier de la voie d&rsquo;acc\u00e8s au Centre hospitalier universitaire (CHU) de Pala.. <\/strong><!--more--><\/p>\n<p>L\u2019initiative pr\u00e9sidentielle Faso M\u00eabo vise notamment \u00e0 construire le Burkina Faso\u00a0\u200e\u00e0 travers l\u2019am\u00e9nagement, le d\u00e9senclavement du territoire ainsi que la modernisation urbaine et la mobilisation citoyenne. Dans ce cadre, elle a fait des r\u00e9alisations \u00e0 Bobo Dioulasso. Le 8 ao\u00fbt 2025, une caravane de presse est all\u00e9e visiter l&rsquo;\u00e9tat d&rsquo;avancement des travaux.<\/p>\n<p><strong>Production de pav\u00e9s et assainissement<\/strong><\/p>\n<p>La premi\u00e8re \u00e9tape de la visite a men\u00e9 la caravane de presse au si\u00e8ge de Faso M\u00eabo \u00e0 Bobo-Dioulasso, dans le quartier de Bindougousso. Le responsable du volet assainissement et embellissement de l&rsquo;initiative, le Capitaine Mamadou Hema, a accueilli les visiteurs. Il a expliqu\u00e9 que le site regroupe les deux composantes principales de l&rsquo;initiative : l&rsquo;infrastructure routi\u00e8re et l&rsquo;assainissement urbain.<\/p>\n<figure id=\"attachment_22601\" aria-describedby=\"caption-attachment-22601\" style=\"width: 2560px\" class=\"wp-caption aligncenter\"><a href=\"https:\/\/www.latribunedufaso.net\/wp-content\/uploads\/2025\/08\/IMG-20250810-WA0182.jpg\"><img loading=\"lazy\" decoding=\"async\" class=\"size-full wp-image-22601\" src=\"https:\/\/www.latribunedufaso.net\/wp-content\/uploads\/2025\/08\/IMG-20250810-WA0182.jpg\" alt=\"Visite de la caravane de presse sur le chantier de Faso M\u00eabo \u00e0 Bobo, 8 ao\u00fbt 2025\" width=\"2560\" height=\"1435\" srcset=\"https:\/\/www.latribunedufaso.net\/wp-content\/uploads\/2025\/08\/IMG-20250810-WA0182.jpg 2560w, https:\/\/www.latribunedufaso.net\/wp-content\/uploads\/2025\/08\/IMG-20250810-WA0182-300x168.jpg 300w, https:\/\/www.latribunedufaso.net\/wp-content\/uploads\/2025\/08\/IMG-20250810-WA0182-1024x574.jpg 1024w, https:\/\/www.latribunedufaso.net\/wp-content\/uploads\/2025\/08\/IMG-20250810-WA0182-768x431.jpg 768w, https:\/\/www.latribunedufaso.net\/wp-content\/uploads\/2025\/08\/IMG-20250810-WA0182-1536x861.jpg 1536w, https:\/\/www.latribunedufaso.net\/wp-content\/uploads\/2025\/08\/IMG-20250810-WA0182-2048x1148.jpg 2048w\" sizes=\"auto, (max-width: 2560px) 100vw, 2560px\" \/><\/a><figcaption id=\"caption-attachment-22601\" class=\"wp-caption-text\">Une vue de la production de pav\u00e9s de Faso M\u00eabo \u00e0 Bobo-Dioulasso &#8211; Ph. DR<\/figcaption><\/figure>\n<p><em><strong>\u00ab Nous confectionnons les pav\u00e9s pour les acheminer vers les art\u00e8res de la ville de Bobo et ainsi embellir la cit\u00e9 \u00bb<\/strong><\/em>, a d\u00e9clar\u00e9 le Capitaine Hema. Malgr\u00e9 la saison des pluies qui ralentit les travaux, l&rsquo;\u00e9quipe s&rsquo;efforce de livrer les infrastructures dans les meilleurs d\u00e9lais. La production actuelle atteint 800 m\u00b2 de pav\u00e9s par jour, selon le Capitaine. Cela, gr\u00e2ce \u00e0 deux ateliers fonctionnant \u00e0 plein temps et \u00e9quip\u00e9s de pr\u00e8s de 15 000 moules.<\/p>\n<figure id=\"attachment_22602\" aria-describedby=\"caption-attachment-22602\" style=\"width: 2560px\" class=\"wp-caption aligncenter\"><a href=\"https:\/\/www.latribunedufaso.net\/wp-content\/uploads\/2025\/08\/IMG-20250810-WA0168.jpg\"><img loading=\"lazy\" decoding=\"async\" class=\"size-full wp-image-22602\" src=\"https:\/\/www.latribunedufaso.net\/wp-content\/uploads\/2025\/08\/IMG-20250810-WA0168.jpg\" alt=\"Visite de la caravane de presse sur le chantier de Faso M\u00eabo \u00e0 Bobo, 8 ao\u00fbt 2025\" width=\"2560\" height=\"1828\" srcset=\"https:\/\/www.latribunedufaso.net\/wp-content\/uploads\/2025\/08\/IMG-20250810-WA0168.jpg 2560w, https:\/\/www.latribunedufaso.net\/wp-content\/uploads\/2025\/08\/IMG-20250810-WA0168-300x214.jpg 300w, https:\/\/www.latribunedufaso.net\/wp-content\/uploads\/2025\/08\/IMG-20250810-WA0168-1024x731.jpg 1024w, https:\/\/www.latribunedufaso.net\/wp-content\/uploads\/2025\/08\/IMG-20250810-WA0168-768x548.jpg 768w, https:\/\/www.latribunedufaso.net\/wp-content\/uploads\/2025\/08\/IMG-20250810-WA0168-1536x1097.jpg 1536w, https:\/\/www.latribunedufaso.net\/wp-content\/uploads\/2025\/08\/IMG-20250810-WA0168-2048x1462.jpg 2048w, https:\/\/www.latribunedufaso.net\/wp-content\/uploads\/2025\/08\/IMG-20250810-WA0168-90x65.jpg 90w\" sizes=\"auto, (max-width: 2560px) 100vw, 2560px\" \/><\/a><figcaption id=\"caption-attachment-22602\" class=\"wp-caption-text\">Le charg\u00e9 du volet assainissement et embellissement de l&rsquo;initiative Faso M\u00eabo \u00e0 Bobo-Dioulasso, le Capitaine Mamadou Hema &#8211; Ph. DR<\/figcaption><\/figure>\n<p>Le Capitaine Hema a \u00e9galement soulign\u00e9 l&rsquo;enthousiasme de la population.<em><strong> \u00ab Il y a beaucoup d&rsquo;engouement. La population a adh\u00e9r\u00e9 \u00e0 l&rsquo;initiative \u00bb,<\/strong><\/em> a-t-il affirm\u00e9, pr\u00e9cisant que de nombreux volontaires pr\u00eatent main-forte aux travaux.<\/p>\n<p>De plus, un partenariat avec la Maison d&rsquo;arr\u00eat et de correction de Bobo-Dioulasso (MACB) permet aussi de b\u00e9n\u00e9ficier de la main-d&rsquo;\u0153uvre de d\u00e9tenus. Un appui pr\u00e9cieux, selon le Capitaine Mamadou Hema, pour le bon fonctionnement des ateliers.<\/p>\n<h3>Les travaux de la voie d&rsquo;acc\u00e8s au CHU de Pala\u00a0<\/h3>\n<p>La caravane s&rsquo;est ensuite rendue sur le chantier de la voie d&rsquo;acc\u00e8s de l&rsquo;h\u00f4pital de Pala. Sur place, le Commandant des Brigades routi\u00e8res de Faso M\u00eabo \u00e0 Bobo-Dioulasso, le Lieutenant Elvis Kapioko, a fourni des d\u00e9tails sur ce projet.<\/p>\n<figure id=\"attachment_22604\" aria-describedby=\"caption-attachment-22604\" style=\"width: 2560px\" class=\"wp-caption aligncenter\"><a href=\"https:\/\/www.latribunedufaso.net\/wp-content\/uploads\/2025\/08\/IMG-20250810-WA0200.jpg\"><img loading=\"lazy\" decoding=\"async\" class=\"size-full wp-image-22604\" src=\"https:\/\/www.latribunedufaso.net\/wp-content\/uploads\/2025\/08\/IMG-20250810-WA0200.jpg\" alt=\"Visite de la caravane de presse sur le chantier de Faso M\u00eabo \u00e0 Bobo, 8 ao\u00fbt 2025\" width=\"2560\" height=\"1820\" srcset=\"https:\/\/www.latribunedufaso.net\/wp-content\/uploads\/2025\/08\/IMG-20250810-WA0200.jpg 2560w, https:\/\/www.latribunedufaso.net\/wp-content\/uploads\/2025\/08\/IMG-20250810-WA0200-300x213.jpg 300w, https:\/\/www.latribunedufaso.net\/wp-content\/uploads\/2025\/08\/IMG-20250810-WA0200-1024x728.jpg 1024w, https:\/\/www.latribunedufaso.net\/wp-content\/uploads\/2025\/08\/IMG-20250810-WA0200-768x546.jpg 768w, https:\/\/www.latribunedufaso.net\/wp-content\/uploads\/2025\/08\/IMG-20250810-WA0200-1536x1092.jpg 1536w, https:\/\/www.latribunedufaso.net\/wp-content\/uploads\/2025\/08\/IMG-20250810-WA0200-2048x1456.jpg 2048w, https:\/\/www.latribunedufaso.net\/wp-content\/uploads\/2025\/08\/IMG-20250810-WA0200-90x65.jpg 90w\" sizes=\"auto, (max-width: 2560px) 100vw, 2560px\" \/><\/a><figcaption id=\"caption-attachment-22604\" class=\"wp-caption-text\">Une vue de la caravane de presse, conduite par le Commandant des Brigades routi\u00e8res de Faso M\u00eabo \u00e0 Bobo-Dioulasso, le Lieutenant Elvis Kapioko (en treillis) &#8211; Ph. DR<\/figcaption><\/figure>\n<p><em><strong>\u00ab Nous sommes sur le site du CHU de Pala, o\u00f9 Faso M\u00eabo r\u00e9alise la bretelle d&rsquo;acc\u00e8s \u00e0 l&rsquo;h\u00f4pital \u00bb<\/strong><\/em>, a-t-il expliqu\u00e9. Le projet consiste en une chauss\u00e9e de trois voies, incluant une voie express \u00e0 deux voies pour les diff\u00e9rents usages. Un giratoire sera \u00e9galement construit pour faciliter la connexion avec la route nationale num\u00e9ro 1. Un parking est \u00e9galement pr\u00e9vu.<\/p>\n<figure id=\"attachment_22603\" aria-describedby=\"caption-attachment-22603\" style=\"width: 2560px\" class=\"wp-caption aligncenter\"><a href=\"https:\/\/www.latribunedufaso.net\/wp-content\/uploads\/2025\/08\/IMG-20250810-WA0186.jpg\"><img loading=\"lazy\" decoding=\"async\" class=\"size-full wp-image-22603\" src=\"https:\/\/www.latribunedufaso.net\/wp-content\/uploads\/2025\/08\/IMG-20250810-WA0186.jpg\" alt=\"Visite de la caravane de presse sur le chantier de Faso M\u00eabo \u00e0 Bobo, 8 ao\u00fbt 2025\" width=\"2560\" height=\"1435\" srcset=\"https:\/\/www.latribunedufaso.net\/wp-content\/uploads\/2025\/08\/IMG-20250810-WA0186.jpg 2560w, https:\/\/www.latribunedufaso.net\/wp-content\/uploads\/2025\/08\/IMG-20250810-WA0186-300x168.jpg 300w, https:\/\/www.latribunedufaso.net\/wp-content\/uploads\/2025\/08\/IMG-20250810-WA0186-1024x574.jpg 1024w, https:\/\/www.latribunedufaso.net\/wp-content\/uploads\/2025\/08\/IMG-20250810-WA0186-768x431.jpg 768w, https:\/\/www.latribunedufaso.net\/wp-content\/uploads\/2025\/08\/IMG-20250810-WA0186-1536x861.jpg 1536w, https:\/\/www.latribunedufaso.net\/wp-content\/uploads\/2025\/08\/IMG-20250810-WA0186-2048x1148.jpg 2048w\" sizes=\"auto, (max-width: 2560px) 100vw, 2560px\" \/><\/a><figcaption id=\"caption-attachment-22603\" class=\"wp-caption-text\">Une vue du CHU de Pala &#8211; Ph. DR<\/figcaption><\/figure>\n<p>Lanc\u00e9 le 2 juin 2025, le projet, qui s&rsquo;\u00e9tend sur environ 2,3 km, est actuellement en phase de terrassement. Le Lieutenant Kapioko s&rsquo;est dit satisfait de l&rsquo;avancement des travaux malgr\u00e9 la saison des pluies.<\/p>\n<blockquote>\n<p>Lire aussi &gt;&gt; <a href=\"https:\/\/www.latribunedufaso.net\/?p=22536\">D\u00e9veloppement endog\u00e8ne : \u00ab Faso M\u00eabo n\u2019est pas en concurrence avec le secteur priv\u00e9 \u00bb<\/a><\/p>\n<\/blockquote>\n<p>Il a tenu \u00e0 pr\u00e9ciser que ce projet est ind\u00e9pendant de l&rsquo;autoroute Ouaga-Bobo. <em><strong>\u00ab Ce projet n&rsquo;est pas li\u00e9 au projet de l&rsquo;autoroute Ouaga-Bobo \u00bb,<\/strong><\/em> a-t-il affirm\u00e9. A l&rsquo;\u00e9couter, d&rsquo;autres travaux ont \u00e9galement \u00e9t\u00e9 r\u00e9alis\u00e9s dans la ville de Bobo Dioulasso. Il s&rsquo;agit des travaux de reprofilage de plusieurs routes, en coordination avec des entreprises priv\u00e9es.<\/p>\n<figure id=\"attachment_22606\" aria-describedby=\"caption-attachment-22606\" style=\"width: 2560px\" class=\"wp-caption aligncenter\"><a href=\"https:\/\/www.latribunedufaso.net\/wp-content\/uploads\/2025\/08\/IMG-20250810-WA0212.jpg\"><img loading=\"lazy\" decoding=\"async\" class=\"size-full wp-image-22606\" src=\"https:\/\/www.latribunedufaso.net\/wp-content\/uploads\/2025\/08\/IMG-20250810-WA0212.jpg\" alt=\"Visite de la caravane de presse sur le chantier de Faso M\u00eabo \u00e0 Bobo, 8 ao\u00fbt 2025\" width=\"2560\" height=\"1513\" srcset=\"https:\/\/www.latribunedufaso.net\/wp-content\/uploads\/2025\/08\/IMG-20250810-WA0212.jpg 2560w, https:\/\/www.latribunedufaso.net\/wp-content\/uploads\/2025\/08\/IMG-20250810-WA0212-300x177.jpg 300w, https:\/\/www.latribunedufaso.net\/wp-content\/uploads\/2025\/08\/IMG-20250810-WA0212-1024x605.jpg 1024w, https:\/\/www.latribunedufaso.net\/wp-content\/uploads\/2025\/08\/IMG-20250810-WA0212-768x454.jpg 768w, https:\/\/www.latribunedufaso.net\/wp-content\/uploads\/2025\/08\/IMG-20250810-WA0212-1536x908.jpg 1536w, https:\/\/www.latribunedufaso.net\/wp-content\/uploads\/2025\/08\/IMG-20250810-WA0212-2048x1210.jpg 2048w\" sizes=\"auto, (max-width: 2560px) 100vw, 2560px\" \/><\/a><figcaption id=\"caption-attachment-22606\" class=\"wp-caption-text\">Une vue des machines de Faso M\u00eabo en plein travaux sur le chantier de la voie d&rsquo;acc\u00e8s du CHU de Pala &#8211; Ph. DR<\/figcaption><\/figure>\n<p>En rappel cette caravane de presse se tient dans le cadre d&rsquo;un atelier d&rsquo;information des journalistes et communicateurs sur les initiatives pr\u00e9sidentielles. Il s&rsquo;est tenu du 6 au 10 ao\u00fbt 2025 \u00e0 Bobo-Dioulasso. L&rsquo;atelier a \u00e9t\u00e9 organis\u00e9 par la Pr\u00e9sidence du Faso, en collaboration avec le Bureau national des grands projets du Burkina (BN-GP).<\/p>\n<p><strong>Issouf TAPSOBA\u00a0<\/strong><\/p>\n<p><strong>Latribunedufaso.net<\/strong><\/p>\n<p><iframe loading=\"lazy\" width=\"560\" height=\"315\" src=\"https:\/\/www.youtube.com\/embed\/lSPfjbn7oB8?si=0CHs1t5nuspRPwiz\" title=\"YouTube video player\" frameborder=\"0\" allow=\"accelerometer; autoplay; clipboard-write; encrypted-media; gyroscope; picture-in-picture; web-share\" referrerpolicy=\"strict-origin-when-cross-origin\" allowfullscreen><\/iframe><\/p>\n","protected":false},"excerpt":{"rendered":"<p>Pr\u00e9sents \u00e0 Bobo-Dioulasso dans le cadre d&rsquo;un atelier sur les initiatives pr\u00e9sidentielles, des journalistes et communicateurs ont visit\u00e9 le 08 ao\u00fbt 2025, les r\u00e9alisations de l&rsquo;Initiative pr\u00e9sidentielle Faso M\u00eabo. La visite a permis de constater l&rsquo;avancement des travaux sur le si\u00e8ge de l&rsquo;initiative et sur le chantier de la voie d&rsquo;acc\u00e8s au Centre hospitalier universitaire (CHU) de Pala..<\/p>\n","protected":false},"author":5,"featured_media":22604,"comment_status":"open","ping_status":"open","sticky":false,"template":"","format":"standard","meta":{"footnotes":""},"categories":[13,1,8],"tags":[216,847,39],"class_list":["post-22588","post","type-post","status-publish","format-standard","has-post-thumbnail","hentry","category-une","category-actu","category-societe","tag-bobo-dioulasso","tag-initiative-presidentielle-faso-mebo","tag-latribunedufaso-net"],"yoast_head":"<!-- This site is optimized with the Yoast SEO plugin v27.5 - https:\/\/yoast.com\/product\/yoast-seo-wordpress\/ -->\n<title>Initiative pr\u00e9sidentielle Faso M\u00eabo : Des journalistes et communicateurs constatent l&#039;avancement des chantiers \u00e0 Bobo - La Tribune du Faso<\/title>\n<meta name=\"robots\" content=\"index, follow, max-snippet:-1, max-image-preview:large, max-video-preview:-1\" \/>\n<link rel=\"canonical\" href=\"https:\/\/www.latribunedufaso.net\/?p=22588\" \/>\n<meta property=\"og:locale\" content=\"fr_FR\" \/>\n<meta property=\"og:type\" content=\"article\" \/>\n<meta property=\"og:title\" content=\"Initiative pr\u00e9sidentielle Faso M\u00eabo : Des journalistes et communicateurs constatent l&#039;avancement des chantiers \u00e0 Bobo - La Tribune du Faso\" \/>\n<meta property=\"og:description\" content=\"Pr\u00e9sents \u00e0 Bobo-Dioulasso dans le cadre d&rsquo;un atelier sur les initiatives pr\u00e9sidentielles, des journalistes et communicateurs ont visit\u00e9 le 08 ao\u00fbt 2025, les r\u00e9alisations de l&rsquo;Initiative pr\u00e9sidentielle Faso M\u00eabo. La visite a permis de constater l&rsquo;avancement des travaux sur le si\u00e8ge de l&rsquo;initiative et sur le chantier de la voie d&rsquo;acc\u00e8s au Centre hospitalier universitaire (CHU) de Pala..\" \/>\n<meta property=\"og:url\" content=\"https:\/\/www.latribunedufaso.net\/?p=22588\" \/>\n<meta property=\"og:site_name\" content=\"La Tribune du Faso\" \/>\n<meta property=\"article:publisher\" content=\"https:\/\/www.facebook.com\/LatribuneduFaso\/\" \/>\n<meta property=\"article:published_time\" content=\"2025-08-10T23:00:52+00:00\" \/>\n<meta property=\"article:modified_time\" content=\"2025-09-17T18:05:20+00:00\" \/>\n<meta property=\"og:image\" content=\"https:\/\/www.latribunedufaso.net\/wp-content\/uploads\/2025\/08\/IMG-20250810-WA0200.jpg\" \/>\n\t<meta property=\"og:image:width\" content=\"2560\" \/>\n\t<meta property=\"og:image:height\" content=\"1820\" \/>\n\t<meta property=\"og:image:type\" content=\"image\/jpeg\" \/>\n<meta name=\"author\" content=\"Issouf Tapsoba\" \/>\n<meta name=\"twitter:label1\" content=\"\u00c9crit par\" \/>\n\t<meta name=\"twitter:data1\" content=\"Issouf Tapsoba\" \/>\n\t<meta name=\"twitter:label2\" content=\"Dur\u00e9e de lecture estim\u00e9e\" \/>\n\t<meta name=\"twitter:data2\" content=\"4 minutes\" \/>\n<script type=\"application\/ld+json\" class=\"yoast-schema-graph\">{\"@context\":\"https:\\\/\\\/schema.org\",\"@graph\":[{\"@type\":\"Article\",\"@id\":\"https:\\\/\\\/www.latribunedufaso.net\\\/?p=22588#article\",\"isPartOf\":{\"@id\":\"https:\\\/\\\/www.latribunedufaso.net\\\/?p=22588\"},\"author\":{\"name\":\"Issouf Tapsoba\",\"@id\":\"https:\\\/\\\/www.latribunedufaso.net\\\/#\\\/schema\\\/person\\\/e54e64c5778a7e72cf80a318b7a622b0\"},\"headline\":\"Initiative pr\u00e9sidentielle Faso M\u00eabo : Des journalistes et communicateurs constatent l&rsquo;avancement des chantiers \u00e0 Bobo\",\"datePublished\":\"2025-08-10T23:00:52+00:00\",\"dateModified\":\"2025-09-17T18:05:20+00:00\",\"mainEntityOfPage\":{\"@id\":\"https:\\\/\\\/www.latribunedufaso.net\\\/?p=22588\"},\"wordCount\":816,\"commentCount\":0,\"publisher\":{\"@id\":\"https:\\\/\\\/www.latribunedufaso.net\\\/#organization\"},\"image\":{\"@id\":\"https:\\\/\\\/www.latribunedufaso.net\\\/?p=22588#primaryimage\"},\"thumbnailUrl\":\"https:\\\/\\\/www.latribunedufaso.net\\\/wp-content\\\/uploads\\\/2025\\\/08\\\/IMG-20250810-WA0200.jpg\",\"keywords\":[\"Bobo Dioulasso\",\"Initiative pr\u00e9sidentielle Faso M\u00eabo\",\"latribunedufaso.net\"],\"articleSection\":[\"A la une\",\"Actualit\u00e9\",\"Soci\u00e9t\u00e9\"],\"inLanguage\":\"fr-FR\",\"potentialAction\":[{\"@type\":\"CommentAction\",\"name\":\"Comment\",\"target\":[\"https:\\\/\\\/www.latribunedufaso.net\\\/?p=22588#respond\"]}]},{\"@type\":\"WebPage\",\"@id\":\"https:\\\/\\\/www.latribunedufaso.net\\\/?p=22588\",\"url\":\"https:\\\/\\\/www.latribunedufaso.net\\\/?p=22588\",\"name\":\"Initiative pr\u00e9sidentielle Faso M\u00eabo : Des journalistes et communicateurs constatent l'avancement des chantiers \u00e0 Bobo - La Tribune du Faso\",\"isPartOf\":{\"@id\":\"https:\\\/\\\/www.latribunedufaso.net\\\/#website\"},\"primaryImageOfPage\":{\"@id\":\"https:\\\/\\\/www.latribunedufaso.net\\\/?p=22588#primaryimage\"},\"image\":{\"@id\":\"https:\\\/\\\/www.latribunedufaso.net\\\/?p=22588#primaryimage\"},\"thumbnailUrl\":\"https:\\\/\\\/www.latribunedufaso.net\\\/wp-content\\\/uploads\\\/2025\\\/08\\\/IMG-20250810-WA0200.jpg\",\"datePublished\":\"2025-08-10T23:00:52+00:00\",\"dateModified\":\"2025-09-17T18:05:20+00:00\",\"breadcrumb\":{\"@id\":\"https:\\\/\\\/www.latribunedufaso.net\\\/?p=22588#breadcrumb\"},\"inLanguage\":\"fr-FR\",\"potentialAction\":[{\"@type\":\"ReadAction\",\"target\":[\"https:\\\/\\\/www.latribunedufaso.net\\\/?p=22588\"]}]},{\"@type\":\"ImageObject\",\"inLanguage\":\"fr-FR\",\"@id\":\"https:\\\/\\\/www.latribunedufaso.net\\\/?p=22588#primaryimage\",\"url\":\"https:\\\/\\\/www.latribunedufaso.net\\\/wp-content\\\/uploads\\\/2025\\\/08\\\/IMG-20250810-WA0200.jpg\",\"contentUrl\":\"https:\\\/\\\/www.latribunedufaso.net\\\/wp-content\\\/uploads\\\/2025\\\/08\\\/IMG-20250810-WA0200.jpg\",\"width\":2560,\"height\":1820,\"caption\":\"Une vue de la caravane de presse, conduite par le Commandant des Brigades routi\u00e8res de Faso M\u00eabo \u00e0 Bobo-Dioulasso, le Lieutenant Elvis Kapioko (en treillis) - Ph. DR\"},{\"@type\":\"BreadcrumbList\",\"@id\":\"https:\\\/\\\/www.latribunedufaso.net\\\/?p=22588#breadcrumb\",\"itemListElement\":[{\"@type\":\"ListItem\",\"position\":1,\"name\":\"Accueil\",\"item\":\"https:\\\/\\\/www.latribunedufaso.net\\\/\"},{\"@type\":\"ListItem\",\"position\":2,\"name\":\"Initiative pr\u00e9sidentielle Faso M\u00eabo : Des journalistes et communicateurs constatent l&rsquo;avancement des chantiers \u00e0 Bobo\"}]},{\"@type\":\"WebSite\",\"@id\":\"https:\\\/\\\/www.latribunedufaso.net\\\/#website\",\"url\":\"https:\\\/\\\/www.latribunedufaso.net\\\/\",\"name\":\"La Tribune du Faso\",\"description\":\"L&#039;information du monde rural en un clic\",\"publisher\":{\"@id\":\"https:\\\/\\\/www.latribunedufaso.net\\\/#organization\"},\"potentialAction\":[{\"@type\":\"SearchAction\",\"target\":{\"@type\":\"EntryPoint\",\"urlTemplate\":\"https:\\\/\\\/www.latribunedufaso.net\\\/?s={search_term_string}\"},\"query-input\":{\"@type\":\"PropertyValueSpecification\",\"valueRequired\":true,\"valueName\":\"search_term_string\"}}],\"inLanguage\":\"fr-FR\"},{\"@type\":\"Organization\",\"@id\":\"https:\\\/\\\/www.latribunedufaso.net\\\/#organization\",\"name\":\"La Tribune du Faso\",\"url\":\"https:\\\/\\\/www.latribunedufaso.net\\\/\",\"logo\":{\"@type\":\"ImageObject\",\"inLanguage\":\"fr-FR\",\"@id\":\"https:\\\/\\\/www.latribunedufaso.net\\\/#\\\/schema\\\/logo\\\/image\\\/\",\"url\":\"https:\\\/\\\/www.latribunedufaso.net\\\/wp-content\\\/uploads\\\/2020\\\/08\\\/Logo-Tribune-du-Faso-final-scaled.jpg\",\"contentUrl\":\"https:\\\/\\\/www.latribunedufaso.net\\\/wp-content\\\/uploads\\\/2020\\\/08\\\/Logo-Tribune-du-Faso-final-scaled.jpg\",\"width\":2560,\"height\":1856,\"caption\":\"La Tribune du Faso\"},\"image\":{\"@id\":\"https:\\\/\\\/www.latribunedufaso.net\\\/#\\\/schema\\\/logo\\\/image\\\/\"},\"sameAs\":[\"https:\\\/\\\/www.facebook.com\\\/LatribuneduFaso\\\/\"]},{\"@type\":\"Person\",\"@id\":\"https:\\\/\\\/www.latribunedufaso.net\\\/#\\\/schema\\\/person\\\/e54e64c5778a7e72cf80a318b7a622b0\",\"name\":\"Issouf Tapsoba\",\"image\":{\"@type\":\"ImageObject\",\"inLanguage\":\"fr-FR\",\"@id\":\"https:\\\/\\\/secure.gravatar.com\\\/avatar\\\/5e6c05150ce3230247d167f5b94d678eb05936197436d69b7921e3a95c9107ac?s=96&d=mm&r=g\",\"url\":\"https:\\\/\\\/secure.gravatar.com\\\/avatar\\\/5e6c05150ce3230247d167f5b94d678eb05936197436d69b7921e3a95c9107ac?s=96&d=mm&r=g\",\"contentUrl\":\"https:\\\/\\\/secure.gravatar.com\\\/avatar\\\/5e6c05150ce3230247d167f5b94d678eb05936197436d69b7921e3a95c9107ac?s=96&d=mm&r=g\",\"caption\":\"Issouf Tapsoba\"},\"url\":\"https:\\\/\\\/www.latribunedufaso.net\\\/?author=5\"}]}<\/script>\n<!-- \/ Yoast SEO plugin. -->","yoast_head_json":{"title":"Initiative pr\u00e9sidentielle Faso M\u00eabo : Des journalistes et communicateurs constatent l'avancement des chantiers \u00e0 Bobo - La Tribune du Faso","robots":{"index":"index","follow":"follow","max-snippet":"max-snippet:-1","max-image-preview":"max-image-preview:large","max-video-preview":"max-video-preview:-1"},"canonical":"https:\/\/www.latribunedufaso.net\/?p=22588","og_locale":"fr_FR","og_type":"article","og_title":"Initiative pr\u00e9sidentielle Faso M\u00eabo : Des journalistes et communicateurs constatent l'avancement des chantiers \u00e0 Bobo - La Tribune du Faso","og_description":"Pr\u00e9sents \u00e0 Bobo-Dioulasso dans le cadre d&rsquo;un atelier sur les initiatives pr\u00e9sidentielles, des journalistes et communicateurs ont visit\u00e9 le 08 ao\u00fbt 2025, les r\u00e9alisations de l&rsquo;Initiative pr\u00e9sidentielle Faso M\u00eabo. La visite a permis de constater l&rsquo;avancement des travaux sur le si\u00e8ge de l&rsquo;initiative et sur le chantier de la voie d&rsquo;acc\u00e8s au Centre hospitalier universitaire (CHU) de Pala..","og_url":"https:\/\/www.latribunedufaso.net\/?p=22588","og_site_name":"La Tribune du Faso","article_publisher":"https:\/\/www.facebook.com\/LatribuneduFaso\/","article_published_time":"2025-08-10T23:00:52+00:00","article_modified_time":"2025-09-17T18:05:20+00:00","og_image":[{"width":2560,"height":1820,"url":"https:\/\/www.latribunedufaso.net\/wp-content\/uploads\/2025\/08\/IMG-20250810-WA0200.jpg","type":"image\/jpeg"}],"author":"Issouf Tapsoba","twitter_misc":{"\u00c9crit par":"Issouf Tapsoba","Dur\u00e9e de lecture estim\u00e9e":"4 minutes"},"schema":{"@context":"https:\/\/schema.org","@graph":[{"@type":"Article","@id":"https:\/\/www.latribunedufaso.net\/?p=22588#article","isPartOf":{"@id":"https:\/\/www.latribunedufaso.net\/?p=22588"},"author":{"name":"Issouf Tapsoba","@id":"https:\/\/www.latribunedufaso.net\/#\/schema\/person\/e54e64c5778a7e72cf80a318b7a622b0"},"headline":"Initiative pr\u00e9sidentielle Faso M\u00eabo : Des journalistes et communicateurs constatent l&rsquo;avancement des chantiers \u00e0 Bobo","datePublished":"2025-08-10T23:00:52+00:00","dateModified":"2025-09-17T18:05:20+00:00","mainEntityOfPage":{"@id":"https:\/\/www.latribunedufaso.net\/?p=22588"},"wordCount":816,"commentCount":0,"publisher":{"@id":"https:\/\/www.latribunedufaso.net\/#organization"},"image":{"@id":"https:\/\/www.latribunedufaso.net\/?p=22588#primaryimage"},"thumbnailUrl":"https:\/\/www.latribunedufaso.net\/wp-content\/uploads\/2025\/08\/IMG-20250810-WA0200.jpg","keywords":["Bobo Dioulasso","Initiative pr\u00e9sidentielle Faso M\u00eabo","latribunedufaso.net"],"articleSection":["A la une","Actualit\u00e9","Soci\u00e9t\u00e9"],"inLanguage":"fr-FR","potentialAction":[{"@type":"CommentAction","name":"Comment","target":["https:\/\/www.latribunedufaso.net\/?p=22588#respond"]}]},{"@type":"WebPage","@id":"https:\/\/www.latribunedufaso.net\/?p=22588","url":"https:\/\/www.latribunedufaso.net\/?p=22588","name":"Initiative pr\u00e9sidentielle Faso M\u00eabo : Des journalistes et communicateurs constatent l'avancement des chantiers \u00e0 Bobo - La Tribune du Faso","isPartOf":{"@id":"https:\/\/www.latribunedufaso.net\/#website"},"primaryImageOfPage":{"@id":"https:\/\/www.latribunedufaso.net\/?p=22588#primaryimage"},"image":{"@id":"https:\/\/www.latribunedufaso.net\/?p=22588#primaryimage"},"thumbnailUrl":"https:\/\/www.latribunedufaso.net\/wp-content\/uploads\/2025\/08\/IMG-20250810-WA0200.jpg","datePublished":"2025-08-10T23:00:52+00:00","dateModified":"2025-09-17T18:05:20+00:00","breadcrumb":{"@id":"https:\/\/www.latribunedufaso.net\/?p=22588#breadcrumb"},"inLanguage":"fr-FR","potentialAction":[{"@type":"ReadAction","target":["https:\/\/www.latribunedufaso.net\/?p=22588"]}]},{"@type":"ImageObject","inLanguage":"fr-FR","@id":"https:\/\/www.latribunedufaso.net\/?p=22588#primaryimage","url":"https:\/\/www.latribunedufaso.net\/wp-content\/uploads\/2025\/08\/IMG-20250810-WA0200.jpg","contentUrl":"https:\/\/www.latribunedufaso.net\/wp-content\/uploads\/2025\/08\/IMG-20250810-WA0200.jpg","width":2560,"height":1820,"caption":"Une vue de la caravane de presse, conduite par le Commandant des Brigades routi\u00e8res de Faso M\u00eabo \u00e0 Bobo-Dioulasso, le Lieutenant Elvis Kapioko (en treillis) - Ph. DR"},{"@type":"BreadcrumbList","@id":"https:\/\/www.latribunedufaso.net\/?p=22588#breadcrumb","itemListElement":[{"@type":"ListItem","position":1,"name":"Accueil","item":"https:\/\/www.latribunedufaso.net\/"},{"@type":"ListItem","position":2,"name":"Initiative pr\u00e9sidentielle Faso M\u00eabo : Des journalistes et communicateurs constatent l&rsquo;avancement des chantiers \u00e0 Bobo"}]},{"@type":"WebSite","@id":"https:\/\/www.latribunedufaso.net\/#website","url":"https:\/\/www.latribunedufaso.net\/","name":"La Tribune du Faso","description":"L&#039;information du monde rural en un clic","publisher":{"@id":"https:\/\/www.latribunedufaso.net\/#organization"},"potentialAction":[{"@type":"SearchAction","target":{"@type":"EntryPoint","urlTemplate":"https:\/\/www.latribunedufaso.net\/?s={search_term_string}"},"query-input":{"@type":"PropertyValueSpecification","valueRequired":true,"valueName":"search_term_string"}}],"inLanguage":"fr-FR"},{"@type":"Organization","@id":"https:\/\/www.latribunedufaso.net\/#organization","name":"La Tribune du Faso","url":"https:\/\/www.latribunedufaso.net\/","logo":{"@type":"ImageObject","inLanguage":"fr-FR","@id":"https:\/\/www.latribunedufaso.net\/#\/schema\/logo\/image\/","url":"https:\/\/www.latribunedufaso.net\/wp-content\/uploads\/2020\/08\/Logo-Tribune-du-Faso-final-scaled.jpg","contentUrl":"https:\/\/www.latribunedufaso.net\/wp-content\/uploads\/2020\/08\/Logo-Tribune-du-Faso-final-scaled.jpg","width":2560,"height":1856,"caption":"La Tribune du Faso"},"image":{"@id":"https:\/\/www.latribunedufaso.net\/#\/schema\/logo\/image\/"},"sameAs":["https:\/\/www.facebook.com\/LatribuneduFaso\/"]},{"@type":"Person","@id":"https:\/\/www.latribunedufaso.net\/#\/schema\/person\/e54e64c5778a7e72cf80a318b7a622b0","name":"Issouf Tapsoba","image":{"@type":"ImageObject","inLanguage":"fr-FR","@id":"https:\/\/secure.gravatar.com\/avatar\/5e6c05150ce3230247d167f5b94d678eb05936197436d69b7921e3a95c9107ac?s=96&d=mm&r=g","url":"https:\/\/secure.gravatar.com\/avatar\/5e6c05150ce3230247d167f5b94d678eb05936197436d69b7921e3a95c9107ac?s=96&d=mm&r=g","contentUrl":"https:\/\/secure.gravatar.com\/avatar\/5e6c05150ce3230247d167f5b94d678eb05936197436d69b7921e3a95c9107ac?s=96&d=mm&r=g","caption":"Issouf Tapsoba"},"url":"https:\/\/www.latribunedufaso.net\/?author=5"}]}},"_links":{"self":[{"href":"https:\/\/www.latribunedufaso.net\/index.php?rest_route=\/wp\/v2\/posts\/22588","targetHints":{"allow":["GET"]}}],"collection":[{"href":"https:\/\/www.latribunedufaso.net\/index.php?rest_route=\/wp\/v2\/posts"}],"about":[{"href":"https:\/\/www.latribunedufaso.net\/index.php?rest_route=\/wp\/v2\/types\/post"}],"author":[{"embeddable":true,"href":"https:\/\/www.latribunedufaso.net\/index.php?rest_route=\/wp\/v2\/users\/5"}],"replies":[{"embeddable":true,"href":"https:\/\/www.latribunedufaso.net\/index.php?rest_route=%2Fwp%2Fv2%2Fcomments&post=22588"}],"version-history":[{"count":4,"href":"https:\/\/www.latribunedufaso.net\/index.php?rest_route=\/wp\/v2\/posts\/22588\/revisions"}],"predecessor-version":[{"id":23619,"href":"https:\/\/www.latribunedufaso.net\/index.php?rest_route=\/wp\/v2\/posts\/22588\/revisions\/23619"}],"wp:featuredmedia":[{"embeddable":true,"href":"https:\/\/www.latribunedufaso.net\/index.php?rest_route=\/wp\/v2\/media\/22604"}],"wp:attachment":[{"href":"https:\/\/www.latribunedufaso.net\/index.php?rest_route=%2Fwp%2Fv2%2Fmedia&parent=22588"}],"wp:term":[{"taxonomy":"category","embeddable":true,"href":"https:\/\/www.latribunedufaso.net\/index.php?rest_route=%2Fwp%2Fv2%2Fcategories&post=22588"},{"taxonomy":"post_tag","embeddable":true,"href":"https:\/\/www.latribunedufaso.net\/index.php?rest_route=%2Fwp%2Fv2%2Ftags&post=22588"}],"curies":[{"name":"wp","href":"https:\/\/api.w.org\/{rel}","templated":true}]}}