{"id":22574,"date":"2025-08-09T10:55:34","date_gmt":"2025-08-09T10:55:34","guid":{"rendered":"https:\/\/www.latribunedufaso.net\/?p=22574"},"modified":"2025-09-17T17:45:45","modified_gmt":"2025-09-17T17:45:45","slug":"22574","status":"publish","type":"post","link":"https:\/\/www.latribunedufaso.net\/?p=22574","title":{"rendered":"Burkina\/reboisement : Le secteur minier mobilis\u00e9 pour reverdir la ceinture verte de Zongo"},"content":{"rendered":"<p style=\"text-align: left;\"><strong>Le minist\u00e8re de l\u2019\u00c9nergie, des Mines et des Carri\u00e8res a organis\u00e9, le 9 ao\u00fbt 2025, une journ\u00e9e de reboisement \u00e0 la ceinture verte de Zongo, un quartier situ\u00e9 dans l\u2019arrondissement 3 de Ouagadougou. L\u2019initiative, plac\u00e9e sous le th\u00e8me : <em>\u00ab Un engagement citoyen du secteur minier \u00bb<\/em>, a rassembl\u00e9 autorit\u00e9s, populations et acteurs du secteur autour de la cause environnementale.<\/strong><!--more--><\/p>\n<p>Le ministre Yacouba Zabr\u00e9 Gouba, accompagn\u00e9 de son homologue de l\u2019Environnement, Roger Barro, a conduit cette op\u00e9ration qui s\u2019inscrit dans la dynamique lanc\u00e9e par le Pr\u00e9sident du Faso, le 21 juin 2025, \u00e0 l\u2019occasion de la 7e \u00e9dition de la journ\u00e9e nationale d\u00e9di\u00e9e \u00e0 la reforestation. Cette ann\u00e9e, l\u2019accent est mis sur les plantes m\u00e9dicinales, \u00ab<em><strong> source de r\u00e9silience sanitaire et pr\u00e9ventive pour les communaut\u00e9s \u00bb.<\/strong><\/em><\/p>\n<figure id=\"attachment_22578\" aria-describedby=\"caption-attachment-22578\" style=\"width: 2560px\" class=\"wp-caption aligncenter\"><a href=\"https:\/\/www.latribunedufaso.net\/wp-content\/uploads\/2025\/08\/IMG-20250810-WA0036.jpg\"><img loading=\"lazy\" decoding=\"async\" class=\"size-full wp-image-22578\" src=\"https:\/\/www.latribunedufaso.net\/wp-content\/uploads\/2025\/08\/IMG-20250810-WA0036.jpg\" alt=\"La journ\u00e9e de reboisement du minist\u00e8re des Mines \u00e0 la ceinture verte de Zongo, un quartier de Ouaga, 9 ao\u00fbt 2025\" width=\"2560\" height=\"1920\" srcset=\"https:\/\/www.latribunedufaso.net\/wp-content\/uploads\/2025\/08\/IMG-20250810-WA0036.jpg 2560w, https:\/\/www.latribunedufaso.net\/wp-content\/uploads\/2025\/08\/IMG-20250810-WA0036-300x225.jpg 300w, https:\/\/www.latribunedufaso.net\/wp-content\/uploads\/2025\/08\/IMG-20250810-WA0036-1024x768.jpg 1024w, https:\/\/www.latribunedufaso.net\/wp-content\/uploads\/2025\/08\/IMG-20250810-WA0036-768x576.jpg 768w, https:\/\/www.latribunedufaso.net\/wp-content\/uploads\/2025\/08\/IMG-20250810-WA0036-1536x1152.jpg 1536w, https:\/\/www.latribunedufaso.net\/wp-content\/uploads\/2025\/08\/IMG-20250810-WA0036-2048x1536.jpg 2048w\" sizes=\"auto, (max-width: 2560px) 100vw, 2560px\" \/><\/a><figcaption id=\"caption-attachment-22578\" class=\"wp-caption-text\">Les ministres Yacouba Zabr\u00e9 Gouba (gauche) et Roger Barro (droite) lors de la c\u00e9r\u00e9monie de reboisement &#8211; Ph. N. Ouattara<\/figcaption><\/figure>\n<p><em><strong>\u00ab L\u2019objectif, c\u2019est de valoriser le r\u00f4le crucial des plantes m\u00e9dicinales pour la sant\u00e9 des populations, mais aussi pour l\u2019adaptation au changement climatique et la protection de l\u2019environnement \u00bb<\/strong><\/em>, a soulign\u00e9 le ministre Gouba. Aussi, a t- il rappel\u00e9, que l\u2019activit\u00e9 mini\u00e8re, bien que contributrice au d\u00e9veloppement \u00e9conomique, doit int\u00e9grer des pratiques responsables, incluant la r\u00e9habilitation syst\u00e9matique des sites d\u2019exploitation.<\/p>\n<figure id=\"attachment_22579\" aria-describedby=\"caption-attachment-22579\" style=\"width: 2560px\" class=\"wp-caption aligncenter\"><a href=\"https:\/\/www.latribunedufaso.net\/wp-content\/uploads\/2025\/08\/IMG-20250810-WA0032.jpg\"><img loading=\"lazy\" decoding=\"async\" class=\"size-full wp-image-22579\" src=\"https:\/\/www.latribunedufaso.net\/wp-content\/uploads\/2025\/08\/IMG-20250810-WA0032.jpg\" alt=\"La journ\u00e9e de reboisement du minist\u00e8re des Mines \u00e0 la ceinture verte de Zongo, un quartier de Ouaga, 9 ao\u00fbt 2025\" width=\"2560\" height=\"1798\" srcset=\"https:\/\/www.latribunedufaso.net\/wp-content\/uploads\/2025\/08\/IMG-20250810-WA0032.jpg 2560w, https:\/\/www.latribunedufaso.net\/wp-content\/uploads\/2025\/08\/IMG-20250810-WA0032-300x211.jpg 300w, https:\/\/www.latribunedufaso.net\/wp-content\/uploads\/2025\/08\/IMG-20250810-WA0032-1024x719.jpg 1024w, https:\/\/www.latribunedufaso.net\/wp-content\/uploads\/2025\/08\/IMG-20250810-WA0032-768x539.jpg 768w, https:\/\/www.latribunedufaso.net\/wp-content\/uploads\/2025\/08\/IMG-20250810-WA0032-1536x1079.jpg 1536w, https:\/\/www.latribunedufaso.net\/wp-content\/uploads\/2025\/08\/IMG-20250810-WA0032-2048x1438.jpg 2048w\" sizes=\"auto, (max-width: 2560px) 100vw, 2560px\" \/><\/a><figcaption id=\"caption-attachment-22579\" class=\"wp-caption-text\">Photo des ministres et des partenaires pr\u00e9sents \u00e0 la journ\u00e9e de reboisement &#8211; Ph. N. Ouattara<\/figcaption><\/figure>\n<p>Pour sa part, le ministre Roger Barro a salu\u00e9 l\u2019engagement du secteur minier avant de pr\u00e9venir. <em><strong>\u00ab Tous ceux qui occupent la ceinture verte sans document officiel doivent plier bagages. Sa vocation premi\u00e8re, c\u2019est la verdure \u00bb, <\/strong><\/em>a t&rsquo;il insist\u00e9, en expliquant la n\u00e9cessit\u00e9 de prot\u00e9ger cet espace strat\u00e9gique pour Ouagadougou.<\/p>\n<figure id=\"attachment_22581\" aria-describedby=\"caption-attachment-22581\" style=\"width: 2560px\" class=\"wp-caption aligncenter\"><a href=\"https:\/\/www.latribunedufaso.net\/wp-content\/uploads\/2025\/08\/IMG-20250810-WA0038.jpg\"><img loading=\"lazy\" decoding=\"async\" class=\"size-full wp-image-22581\" src=\"https:\/\/www.latribunedufaso.net\/wp-content\/uploads\/2025\/08\/IMG-20250810-WA0038.jpg\" alt=\"La journ\u00e9e de reboisement du minist\u00e8re des Mines \u00e0 la ceinture verte de Zongo, un quartier de Ouaga, 9 ao\u00fbt 2025\" width=\"2560\" height=\"2077\" srcset=\"https:\/\/www.latribunedufaso.net\/wp-content\/uploads\/2025\/08\/IMG-20250810-WA0038.jpg 2560w, https:\/\/www.latribunedufaso.net\/wp-content\/uploads\/2025\/08\/IMG-20250810-WA0038-300x243.jpg 300w, https:\/\/www.latribunedufaso.net\/wp-content\/uploads\/2025\/08\/IMG-20250810-WA0038-1024x831.jpg 1024w, https:\/\/www.latribunedufaso.net\/wp-content\/uploads\/2025\/08\/IMG-20250810-WA0038-768x623.jpg 768w, https:\/\/www.latribunedufaso.net\/wp-content\/uploads\/2025\/08\/IMG-20250810-WA0038-1536x1246.jpg 1536w, https:\/\/www.latribunedufaso.net\/wp-content\/uploads\/2025\/08\/IMG-20250810-WA0038-2048x1662.jpg 2048w\" sizes=\"auto, (max-width: 2560px) 100vw, 2560px\" \/><\/a><figcaption id=\"caption-attachment-22581\" class=\"wp-caption-text\">Le PDS de l&rsquo;arrondissement 3 de Ouagadougou Christophe Kabor\u00e9 &#8211; Ph. N. Ouattara<\/figcaption><\/figure>\n<p>Le Pr\u00e9sident de la d\u00e9l\u00e9gation sp\u00e9ciale (PDS) de l\u2019arrondissement 3, Christophe Kabor\u00e9, a exprim\u00e9 la gratitude des populations pour le choix de Zongo comme site d\u2019implantation du bosquet du minist\u00e8re des Mines et des Carri\u00e8res. Il a pris l\u2019engagement, au nom de la commune, d\u2019assurer l\u2019entretien et la pr\u00e9servation de la bande verte.<\/p>\n<blockquote>\n<p>Lire aussi &gt;&gt; <a href=\"https:\/\/www.latribunedufaso.net\/?p=21415\">Initiative \u00ab Une heure patriotique pour reverdir le Faso \u00bb : 800 plants mis en terre par les acteurs du MCCAT<\/a><\/p>\n<\/blockquote>\n<p>A travers leur bosquet, autorit\u00e9s et acteurs du minist\u00e8re de l&rsquo;\u00e9nergie, des mines et des carri\u00e8res, entendent jeter les bases d\u2019un avenir o\u00f9 d\u00e9veloppement \u00e9conomique et pr\u00e9servation de l\u2019environnement vont de pair, dans la perspective d\u2019un Burkina Faso durable.<\/p>\n<p><strong>Nabintou OUATTARA<\/strong><\/p>\n<p><strong>Latribunedufaso.net<\/strong><\/p>\n<p><iframe loading=\"lazy\" width=\"560\" height=\"315\" src=\"https:\/\/www.youtube.com\/embed\/aEUzwShKpYw?si=rrr2tC3YpecHG-Np\" title=\"YouTube video player\" frameborder=\"0\" allow=\"accelerometer; autoplay; clipboard-write; encrypted-media; gyroscope; picture-in-picture; web-share\" referrerpolicy=\"strict-origin-when-cross-origin\" allowfullscreen><\/iframe><\/p>\n","protected":false},"excerpt":{"rendered":"<p>Le minist\u00e8re de l\u2019\u00c9nergie, des Mines et des Carri\u00e8res a organis\u00e9, le 9 ao\u00fbt 2025, une journ\u00e9e de reboisement \u00e0 la ceinture verte de Zongo, un quartier situ\u00e9 dans l\u2019arrondissement 3 de Ouagadougou. L\u2019initiative, plac\u00e9e sous le th\u00e8me : \u00ab Un engagement citoyen du secteur minier \u00bb, a rassembl\u00e9 autorit\u00e9s, populations et acteurs du secteur autour de la cause environnementale.<\/p>\n","protected":false},"author":5,"featured_media":22580,"comment_status":"open","ping_status":"open","sticky":false,"template":"","format":"standard","meta":{"footnotes":""},"categories":[13,1,19],"tags":[40,39,52],"class_list":["post-22574","post","type-post","status-publish","format-standard","has-post-thumbnail","hentry","category-une","category-actu","category-mines-et-carrieres","tag-environnement","tag-latribunedufaso-net","tag-mines-et-carrieres"],"yoast_head":"<!-- This site is optimized with the Yoast SEO plugin v27.4 - https:\/\/yoast.com\/product\/yoast-seo-wordpress\/ -->\n<title>Burkina\/reboisement : Le secteur minier mobilis\u00e9 pour reverdir la ceinture verte de Zongo - La Tribune du Faso<\/title>\n<meta name=\"robots\" content=\"index, follow, max-snippet:-1, max-image-preview:large, max-video-preview:-1\" \/>\n<link rel=\"canonical\" href=\"https:\/\/www.latribunedufaso.net\/?p=22574\" \/>\n<meta property=\"og:locale\" content=\"fr_FR\" \/>\n<meta property=\"og:type\" content=\"article\" \/>\n<meta property=\"og:title\" content=\"Burkina\/reboisement : Le secteur minier mobilis\u00e9 pour reverdir la ceinture verte de Zongo - La Tribune du Faso\" \/>\n<meta property=\"og:description\" content=\"Le minist\u00e8re de l\u2019\u00c9nergie, des Mines et des Carri\u00e8res a organis\u00e9, le 9 ao\u00fbt 2025, une journ\u00e9e de reboisement \u00e0 la ceinture verte de Zongo, un quartier situ\u00e9 dans l\u2019arrondissement 3 de Ouagadougou. L\u2019initiative, plac\u00e9e sous le th\u00e8me : \u00ab Un engagement citoyen du secteur minier \u00bb, a rassembl\u00e9 autorit\u00e9s, populations et acteurs du secteur autour de la cause environnementale.\" \/>\n<meta property=\"og:url\" content=\"https:\/\/www.latribunedufaso.net\/?p=22574\" \/>\n<meta property=\"og:site_name\" content=\"La Tribune du Faso\" \/>\n<meta property=\"article:publisher\" content=\"https:\/\/www.facebook.com\/LatribuneduFaso\/\" \/>\n<meta property=\"article:published_time\" content=\"2025-08-09T10:55:34+00:00\" \/>\n<meta property=\"article:modified_time\" content=\"2025-09-17T17:45:45+00:00\" \/>\n<meta property=\"og:image\" content=\"https:\/\/www.latribunedufaso.net\/wp-content\/uploads\/2025\/08\/IMG-20250810-WA0034.jpg\" \/>\n\t<meta property=\"og:image:width\" content=\"2560\" \/>\n\t<meta property=\"og:image:height\" content=\"2526\" \/>\n\t<meta property=\"og:image:type\" content=\"image\/jpeg\" \/>\n<meta name=\"author\" content=\"Issouf Tapsoba\" \/>\n<meta name=\"twitter:label1\" content=\"\u00c9crit par\" \/>\n\t<meta name=\"twitter:data1\" content=\"Issouf Tapsoba\" \/>\n\t<meta name=\"twitter:label2\" content=\"Dur\u00e9e de lecture estim\u00e9e\" \/>\n\t<meta name=\"twitter:data2\" content=\"2 minutes\" \/>\n<script type=\"application\/ld+json\" class=\"yoast-schema-graph\">{\"@context\":\"https:\\\/\\\/schema.org\",\"@graph\":[{\"@type\":\"Article\",\"@id\":\"https:\\\/\\\/www.latribunedufaso.net\\\/?p=22574#article\",\"isPartOf\":{\"@id\":\"https:\\\/\\\/www.latribunedufaso.net\\\/?p=22574\"},\"author\":{\"name\":\"Issouf Tapsoba\",\"@id\":\"https:\\\/\\\/www.latribunedufaso.net\\\/#\\\/schema\\\/person\\\/e54e64c5778a7e72cf80a318b7a622b0\"},\"headline\":\"Burkina\\\/reboisement : Le secteur minier mobilis\u00e9 pour reverdir la ceinture verte de Zongo\",\"datePublished\":\"2025-08-09T10:55:34+00:00\",\"dateModified\":\"2025-09-17T17:45:45+00:00\",\"mainEntityOfPage\":{\"@id\":\"https:\\\/\\\/www.latribunedufaso.net\\\/?p=22574\"},\"wordCount\":489,\"commentCount\":0,\"publisher\":{\"@id\":\"https:\\\/\\\/www.latribunedufaso.net\\\/#organization\"},\"image\":{\"@id\":\"https:\\\/\\\/www.latribunedufaso.net\\\/?p=22574#primaryimage\"},\"thumbnailUrl\":\"https:\\\/\\\/www.latribunedufaso.net\\\/wp-content\\\/uploads\\\/2025\\\/08\\\/IMG-20250810-WA0034.jpg\",\"keywords\":[\"environnement\",\"latribunedufaso.net\",\"mines et carri\u00e8res\"],\"articleSection\":[\"A la une\",\"Actualit\u00e9\",\"Mines et Carri\u00e8res\"],\"inLanguage\":\"fr-FR\",\"potentialAction\":[{\"@type\":\"CommentAction\",\"name\":\"Comment\",\"target\":[\"https:\\\/\\\/www.latribunedufaso.net\\\/?p=22574#respond\"]}]},{\"@type\":\"WebPage\",\"@id\":\"https:\\\/\\\/www.latribunedufaso.net\\\/?p=22574\",\"url\":\"https:\\\/\\\/www.latribunedufaso.net\\\/?p=22574\",\"name\":\"Burkina\\\/reboisement : Le secteur minier mobilis\u00e9 pour reverdir la ceinture verte de Zongo - La Tribune du Faso\",\"isPartOf\":{\"@id\":\"https:\\\/\\\/www.latribunedufaso.net\\\/#website\"},\"primaryImageOfPage\":{\"@id\":\"https:\\\/\\\/www.latribunedufaso.net\\\/?p=22574#primaryimage\"},\"image\":{\"@id\":\"https:\\\/\\\/www.latribunedufaso.net\\\/?p=22574#primaryimage\"},\"thumbnailUrl\":\"https:\\\/\\\/www.latribunedufaso.net\\\/wp-content\\\/uploads\\\/2025\\\/08\\\/IMG-20250810-WA0034.jpg\",\"datePublished\":\"2025-08-09T10:55:34+00:00\",\"dateModified\":\"2025-09-17T17:45:45+00:00\",\"breadcrumb\":{\"@id\":\"https:\\\/\\\/www.latribunedufaso.net\\\/?p=22574#breadcrumb\"},\"inLanguage\":\"fr-FR\",\"potentialAction\":[{\"@type\":\"ReadAction\",\"target\":[\"https:\\\/\\\/www.latribunedufaso.net\\\/?p=22574\"]}]},{\"@type\":\"ImageObject\",\"inLanguage\":\"fr-FR\",\"@id\":\"https:\\\/\\\/www.latribunedufaso.net\\\/?p=22574#primaryimage\",\"url\":\"https:\\\/\\\/www.latribunedufaso.net\\\/wp-content\\\/uploads\\\/2025\\\/08\\\/IMG-20250810-WA0034.jpg\",\"contentUrl\":\"https:\\\/\\\/www.latribunedufaso.net\\\/wp-content\\\/uploads\\\/2025\\\/08\\\/IMG-20250810-WA0034.jpg\",\"width\":2560,\"height\":2526,\"caption\":\"Le ministre Yacouba Zabr\u00e9 Gouba proc\u00e9dant \u00e0 la mise en terre d\u2019un plant \u00e0 la ceinture verte de Zongo - Ph. N. Ouattara\"},{\"@type\":\"BreadcrumbList\",\"@id\":\"https:\\\/\\\/www.latribunedufaso.net\\\/?p=22574#breadcrumb\",\"itemListElement\":[{\"@type\":\"ListItem\",\"position\":1,\"name\":\"Accueil\",\"item\":\"https:\\\/\\\/www.latribunedufaso.net\\\/\"},{\"@type\":\"ListItem\",\"position\":2,\"name\":\"Burkina\\\/reboisement : Le secteur minier mobilis\u00e9 pour reverdir la ceinture verte de Zongo\"}]},{\"@type\":\"WebSite\",\"@id\":\"https:\\\/\\\/www.latribunedufaso.net\\\/#website\",\"url\":\"https:\\\/\\\/www.latribunedufaso.net\\\/\",\"name\":\"La Tribune du Faso\",\"description\":\"L&#039;information du monde rural en un clic\",\"publisher\":{\"@id\":\"https:\\\/\\\/www.latribunedufaso.net\\\/#organization\"},\"potentialAction\":[{\"@type\":\"SearchAction\",\"target\":{\"@type\":\"EntryPoint\",\"urlTemplate\":\"https:\\\/\\\/www.latribunedufaso.net\\\/?s={search_term_string}\"},\"query-input\":{\"@type\":\"PropertyValueSpecification\",\"valueRequired\":true,\"valueName\":\"search_term_string\"}}],\"inLanguage\":\"fr-FR\"},{\"@type\":\"Organization\",\"@id\":\"https:\\\/\\\/www.latribunedufaso.net\\\/#organization\",\"name\":\"La Tribune du Faso\",\"url\":\"https:\\\/\\\/www.latribunedufaso.net\\\/\",\"logo\":{\"@type\":\"ImageObject\",\"inLanguage\":\"fr-FR\",\"@id\":\"https:\\\/\\\/www.latribunedufaso.net\\\/#\\\/schema\\\/logo\\\/image\\\/\",\"url\":\"https:\\\/\\\/www.latribunedufaso.net\\\/wp-content\\\/uploads\\\/2020\\\/08\\\/Logo-Tribune-du-Faso-final-scaled.jpg\",\"contentUrl\":\"https:\\\/\\\/www.latribunedufaso.net\\\/wp-content\\\/uploads\\\/2020\\\/08\\\/Logo-Tribune-du-Faso-final-scaled.jpg\",\"width\":2560,\"height\":1856,\"caption\":\"La Tribune du Faso\"},\"image\":{\"@id\":\"https:\\\/\\\/www.latribunedufaso.net\\\/#\\\/schema\\\/logo\\\/image\\\/\"},\"sameAs\":[\"https:\\\/\\\/www.facebook.com\\\/LatribuneduFaso\\\/\"]},{\"@type\":\"Person\",\"@id\":\"https:\\\/\\\/www.latribunedufaso.net\\\/#\\\/schema\\\/person\\\/e54e64c5778a7e72cf80a318b7a622b0\",\"name\":\"Issouf Tapsoba\",\"image\":{\"@type\":\"ImageObject\",\"inLanguage\":\"fr-FR\",\"@id\":\"https:\\\/\\\/secure.gravatar.com\\\/avatar\\\/5e6c05150ce3230247d167f5b94d678eb05936197436d69b7921e3a95c9107ac?s=96&d=mm&r=g\",\"url\":\"https:\\\/\\\/secure.gravatar.com\\\/avatar\\\/5e6c05150ce3230247d167f5b94d678eb05936197436d69b7921e3a95c9107ac?s=96&d=mm&r=g\",\"contentUrl\":\"https:\\\/\\\/secure.gravatar.com\\\/avatar\\\/5e6c05150ce3230247d167f5b94d678eb05936197436d69b7921e3a95c9107ac?s=96&d=mm&r=g\",\"caption\":\"Issouf Tapsoba\"},\"url\":\"https:\\\/\\\/www.latribunedufaso.net\\\/?author=5\"}]}<\/script>\n<!-- \/ Yoast SEO plugin. -->","yoast_head_json":{"title":"Burkina\/reboisement : Le secteur minier mobilis\u00e9 pour reverdir la ceinture verte de Zongo - La Tribune du Faso","robots":{"index":"index","follow":"follow","max-snippet":"max-snippet:-1","max-image-preview":"max-image-preview:large","max-video-preview":"max-video-preview:-1"},"canonical":"https:\/\/www.latribunedufaso.net\/?p=22574","og_locale":"fr_FR","og_type":"article","og_title":"Burkina\/reboisement : Le secteur minier mobilis\u00e9 pour reverdir la ceinture verte de Zongo - La Tribune du Faso","og_description":"Le minist\u00e8re de l\u2019\u00c9nergie, des Mines et des Carri\u00e8res a organis\u00e9, le 9 ao\u00fbt 2025, une journ\u00e9e de reboisement \u00e0 la ceinture verte de Zongo, un quartier situ\u00e9 dans l\u2019arrondissement 3 de Ouagadougou. L\u2019initiative, plac\u00e9e sous le th\u00e8me : \u00ab Un engagement citoyen du secteur minier \u00bb, a rassembl\u00e9 autorit\u00e9s, populations et acteurs du secteur autour de la cause environnementale.","og_url":"https:\/\/www.latribunedufaso.net\/?p=22574","og_site_name":"La Tribune du Faso","article_publisher":"https:\/\/www.facebook.com\/LatribuneduFaso\/","article_published_time":"2025-08-09T10:55:34+00:00","article_modified_time":"2025-09-17T17:45:45+00:00","og_image":[{"width":2560,"height":2526,"url":"https:\/\/www.latribunedufaso.net\/wp-content\/uploads\/2025\/08\/IMG-20250810-WA0034.jpg","type":"image\/jpeg"}],"author":"Issouf Tapsoba","twitter_misc":{"\u00c9crit par":"Issouf Tapsoba","Dur\u00e9e de lecture estim\u00e9e":"2 minutes"},"schema":{"@context":"https:\/\/schema.org","@graph":[{"@type":"Article","@id":"https:\/\/www.latribunedufaso.net\/?p=22574#article","isPartOf":{"@id":"https:\/\/www.latribunedufaso.net\/?p=22574"},"author":{"name":"Issouf Tapsoba","@id":"https:\/\/www.latribunedufaso.net\/#\/schema\/person\/e54e64c5778a7e72cf80a318b7a622b0"},"headline":"Burkina\/reboisement : Le secteur minier mobilis\u00e9 pour reverdir la ceinture verte de Zongo","datePublished":"2025-08-09T10:55:34+00:00","dateModified":"2025-09-17T17:45:45+00:00","mainEntityOfPage":{"@id":"https:\/\/www.latribunedufaso.net\/?p=22574"},"wordCount":489,"commentCount":0,"publisher":{"@id":"https:\/\/www.latribunedufaso.net\/#organization"},"image":{"@id":"https:\/\/www.latribunedufaso.net\/?p=22574#primaryimage"},"thumbnailUrl":"https:\/\/www.latribunedufaso.net\/wp-content\/uploads\/2025\/08\/IMG-20250810-WA0034.jpg","keywords":["environnement","latribunedufaso.net","mines et carri\u00e8res"],"articleSection":["A la une","Actualit\u00e9","Mines et Carri\u00e8res"],"inLanguage":"fr-FR","potentialAction":[{"@type":"CommentAction","name":"Comment","target":["https:\/\/www.latribunedufaso.net\/?p=22574#respond"]}]},{"@type":"WebPage","@id":"https:\/\/www.latribunedufaso.net\/?p=22574","url":"https:\/\/www.latribunedufaso.net\/?p=22574","name":"Burkina\/reboisement : Le secteur minier mobilis\u00e9 pour reverdir la ceinture verte de Zongo - La Tribune du Faso","isPartOf":{"@id":"https:\/\/www.latribunedufaso.net\/#website"},"primaryImageOfPage":{"@id":"https:\/\/www.latribunedufaso.net\/?p=22574#primaryimage"},"image":{"@id":"https:\/\/www.latribunedufaso.net\/?p=22574#primaryimage"},"thumbnailUrl":"https:\/\/www.latribunedufaso.net\/wp-content\/uploads\/2025\/08\/IMG-20250810-WA0034.jpg","datePublished":"2025-08-09T10:55:34+00:00","dateModified":"2025-09-17T17:45:45+00:00","breadcrumb":{"@id":"https:\/\/www.latribunedufaso.net\/?p=22574#breadcrumb"},"inLanguage":"fr-FR","potentialAction":[{"@type":"ReadAction","target":["https:\/\/www.latribunedufaso.net\/?p=22574"]}]},{"@type":"ImageObject","inLanguage":"fr-FR","@id":"https:\/\/www.latribunedufaso.net\/?p=22574#primaryimage","url":"https:\/\/www.latribunedufaso.net\/wp-content\/uploads\/2025\/08\/IMG-20250810-WA0034.jpg","contentUrl":"https:\/\/www.latribunedufaso.net\/wp-content\/uploads\/2025\/08\/IMG-20250810-WA0034.jpg","width":2560,"height":2526,"caption":"Le ministre Yacouba Zabr\u00e9 Gouba proc\u00e9dant \u00e0 la mise en terre d\u2019un plant \u00e0 la ceinture verte de Zongo - Ph. N. Ouattara"},{"@type":"BreadcrumbList","@id":"https:\/\/www.latribunedufaso.net\/?p=22574#breadcrumb","itemListElement":[{"@type":"ListItem","position":1,"name":"Accueil","item":"https:\/\/www.latribunedufaso.net\/"},{"@type":"ListItem","position":2,"name":"Burkina\/reboisement : Le secteur minier mobilis\u00e9 pour reverdir la ceinture verte de Zongo"}]},{"@type":"WebSite","@id":"https:\/\/www.latribunedufaso.net\/#website","url":"https:\/\/www.latribunedufaso.net\/","name":"La Tribune du Faso","description":"L&#039;information du monde rural en un clic","publisher":{"@id":"https:\/\/www.latribunedufaso.net\/#organization"},"potentialAction":[{"@type":"SearchAction","target":{"@type":"EntryPoint","urlTemplate":"https:\/\/www.latribunedufaso.net\/?s={search_term_string}"},"query-input":{"@type":"PropertyValueSpecification","valueRequired":true,"valueName":"search_term_string"}}],"inLanguage":"fr-FR"},{"@type":"Organization","@id":"https:\/\/www.latribunedufaso.net\/#organization","name":"La Tribune du Faso","url":"https:\/\/www.latribunedufaso.net\/","logo":{"@type":"ImageObject","inLanguage":"fr-FR","@id":"https:\/\/www.latribunedufaso.net\/#\/schema\/logo\/image\/","url":"https:\/\/www.latribunedufaso.net\/wp-content\/uploads\/2020\/08\/Logo-Tribune-du-Faso-final-scaled.jpg","contentUrl":"https:\/\/www.latribunedufaso.net\/wp-content\/uploads\/2020\/08\/Logo-Tribune-du-Faso-final-scaled.jpg","width":2560,"height":1856,"caption":"La Tribune du Faso"},"image":{"@id":"https:\/\/www.latribunedufaso.net\/#\/schema\/logo\/image\/"},"sameAs":["https:\/\/www.facebook.com\/LatribuneduFaso\/"]},{"@type":"Person","@id":"https:\/\/www.latribunedufaso.net\/#\/schema\/person\/e54e64c5778a7e72cf80a318b7a622b0","name":"Issouf Tapsoba","image":{"@type":"ImageObject","inLanguage":"fr-FR","@id":"https:\/\/secure.gravatar.com\/avatar\/5e6c05150ce3230247d167f5b94d678eb05936197436d69b7921e3a95c9107ac?s=96&d=mm&r=g","url":"https:\/\/secure.gravatar.com\/avatar\/5e6c05150ce3230247d167f5b94d678eb05936197436d69b7921e3a95c9107ac?s=96&d=mm&r=g","contentUrl":"https:\/\/secure.gravatar.com\/avatar\/5e6c05150ce3230247d167f5b94d678eb05936197436d69b7921e3a95c9107ac?s=96&d=mm&r=g","caption":"Issouf Tapsoba"},"url":"https:\/\/www.latribunedufaso.net\/?author=5"}]}},"_links":{"self":[{"href":"https:\/\/www.latribunedufaso.net\/index.php?rest_route=\/wp\/v2\/posts\/22574","targetHints":{"allow":["GET"]}}],"collection":[{"href":"https:\/\/www.latribunedufaso.net\/index.php?rest_route=\/wp\/v2\/posts"}],"about":[{"href":"https:\/\/www.latribunedufaso.net\/index.php?rest_route=\/wp\/v2\/types\/post"}],"author":[{"embeddable":true,"href":"https:\/\/www.latribunedufaso.net\/index.php?rest_route=\/wp\/v2\/users\/5"}],"replies":[{"embeddable":true,"href":"https:\/\/www.latribunedufaso.net\/index.php?rest_route=%2Fwp%2Fv2%2Fcomments&post=22574"}],"version-history":[{"count":4,"href":"https:\/\/www.latribunedufaso.net\/index.php?rest_route=\/wp\/v2\/posts\/22574\/revisions"}],"predecessor-version":[{"id":23611,"href":"https:\/\/www.latribunedufaso.net\/index.php?rest_route=\/wp\/v2\/posts\/22574\/revisions\/23611"}],"wp:featuredmedia":[{"embeddable":true,"href":"https:\/\/www.latribunedufaso.net\/index.php?rest_route=\/wp\/v2\/media\/22580"}],"wp:attachment":[{"href":"https:\/\/www.latribunedufaso.net\/index.php?rest_route=%2Fwp%2Fv2%2Fmedia&parent=22574"}],"wp:term":[{"taxonomy":"category","embeddable":true,"href":"https:\/\/www.latribunedufaso.net\/index.php?rest_route=%2Fwp%2Fv2%2Fcategories&post=22574"},{"taxonomy":"post_tag","embeddable":true,"href":"https:\/\/www.latribunedufaso.net\/index.php?rest_route=%2Fwp%2Fv2%2Ftags&post=22574"}],"curies":[{"name":"wp","href":"https:\/\/api.w.org\/{rel}","templated":true}]}}