{"id":22552,"date":"2025-08-08T16:47:29","date_gmt":"2025-08-08T16:47:29","guid":{"rendered":"https:\/\/www.latribunedufaso.net\/?p=22552"},"modified":"2025-08-08T16:52:08","modified_gmt":"2025-08-08T16:52:08","slug":"protection-de-lenvironnement-une-usine-de-production-des-emballages-et-sachets-plastique-fermee","status":"publish","type":"post","link":"https:\/\/www.latribunedufaso.net\/?p=22552","title":{"rendered":"Protection de l&rsquo;environnement : Une usine de production des emballages et sachets plastique ferm\u00e9e"},"content":{"rendered":"<p><strong>La loi 045 sur les emballages et sachets en plastique est en vigueur depuis le 9 juillet 2025. Depuis cette date, les \u00e9quipes de la Direction G\u00e9n\u00e9rale de la Pr\u00e9servation de l\u2019Environnement sont sur le terrain pour sensibiliser et rappeler les dispositions de la nouvelle loi qui interdit un certain type de sachets plastiques \u00e0 usage unique. Grande f\u00fbt leur surprise de constater le mercredi 6 ao\u00fbt 2025, une usine qui tourne \u00e0 plein r\u00e9gime pour produire et vendre les sachets plastiques. L\u2019alerte f\u00fbt donn\u00e9e, le Procureur du Faso saisit, il faut fermer l\u2019usine. Les portes de l\u2019usine ont \u00e9t\u00e9 scell\u00e9es et le responsable technique mis aux arr\u00eats et conduit Protection de l&rsquo;environnement : Une usine de production des emballages et sachets plastique ferm\u00e9e au commissariat de police. Il \u00e9tait 23 heures.<\/strong><!--more--><\/p>\n<p>Il \u00e9tait \u00e0 peu pr\u00e8s 19 heures, lorsque l\u2019\u00e9quipe de Hamadou Ou\u00e9draogo, chef de service coordination de la police environnementale fait son entr\u00e9e \u00e0 Kossodo dans la zone industrielle \u00e0 Ouagadougou. L\u2019air grave, le t\u00e9l\u00e9phone coll\u00e9 \u00e0 l\u2019oreille prenant les orientations du Procureur du Faso, le chef de service coordination de la police environnementale mart\u00e8le <em><strong>\u00ab c\u2019est inadmissible \u00bb.<\/strong><\/em><\/p>\n<figure id=\"attachment_22553\" aria-describedby=\"caption-attachment-22553\" style=\"width: 1080px\" class=\"wp-caption aligncenter\"><a href=\"https:\/\/www.latribunedufaso.net\/wp-content\/uploads\/2025\/08\/FB_IMG_1754660451862.jpg\"><img loading=\"lazy\" decoding=\"async\" class=\"size-full wp-image-22553\" src=\"https:\/\/www.latribunedufaso.net\/wp-content\/uploads\/2025\/08\/FB_IMG_1754660451862.jpg\" alt=\"Fermeture d'une usine de production de sachets plastiques violant la loi 045, ferm\u00e9 par la DGPE 6 ao\u00fbt 2025 \u00e0 Ouagadougou\" width=\"1080\" height=\"720\" srcset=\"https:\/\/www.latribunedufaso.net\/wp-content\/uploads\/2025\/08\/FB_IMG_1754660451862.jpg 1080w, https:\/\/www.latribunedufaso.net\/wp-content\/uploads\/2025\/08\/FB_IMG_1754660451862-300x200.jpg 300w, https:\/\/www.latribunedufaso.net\/wp-content\/uploads\/2025\/08\/FB_IMG_1754660451862-1024x683.jpg 1024w, https:\/\/www.latribunedufaso.net\/wp-content\/uploads\/2025\/08\/FB_IMG_1754660451862-768x512.jpg 768w, https:\/\/www.latribunedufaso.net\/wp-content\/uploads\/2025\/08\/FB_IMG_1754660451862-840x560.jpg 840w, https:\/\/www.latribunedufaso.net\/wp-content\/uploads\/2025\/08\/FB_IMG_1754660451862-120x80.jpg 120w, https:\/\/www.latribunedufaso.net\/wp-content\/uploads\/2025\/08\/FB_IMG_1754660451862-360x240.jpg 360w, https:\/\/www.latribunedufaso.net\/wp-content\/uploads\/2025\/08\/FB_IMG_1754660451862-600x400.jpg 600w\" sizes=\"auto, (max-width: 1080px) 100vw, 1080px\" \/><\/a><figcaption id=\"caption-attachment-22553\" class=\"wp-caption-text\">Le chef de service coordination de la police environnementale, Hamadou Ou\u00e9draogo &#8211; Ph. DR<\/figcaption><\/figure>\n<p>Nous mesurons \u00e0 notre tour, la gravit\u00e9 de la situation, d\u00e8s que nous faisons notre entr\u00e9e dans l\u2019enceinte de l\u2019unit\u00e9 de production de sachets plastiques. Une activit\u00e9 interdite au Burkina Faso. Partout le bruit des machines. Des femmes et des jeunes sont \u00e0 la t\u00e2che, c\u2019est un v\u00e9ritable travail \u00e0 cha\u00eene en foulant au pied la l\u00e9gislation.\u00a0<\/p>\n<p>Surpris et visiblement choqu\u00e9 par ce qu\u2019il voit, le Directeur G\u00e9n\u00e9ral de la Pr\u00e9servation de l\u2019Environnement, Dramane Sawadogo s\u2019\u00e9clate :<\/p>\n<p><em><strong>\u00ab pour nous, c\u2019est une d\u00e9fiance vis-\u00e0-vis de la loi, et m\u00eame c\u2019est un m\u00e9pris par rapport \u00e0 tout ce qui est entrepris, en termes de sensibilisation, en termes d\u2019\u00e9change avec les diff\u00e9rents acteurs.\u00a0<\/strong><\/em><\/p>\n<p><em><strong>Pour nous, la question ne se pose pas, dans ce cadre, nous allons scell\u00e9 le magasin, et les acteurs que nous avons trouv\u00e9s sur place, iront faire face \u00e0 la loi.<\/strong><\/em><\/p>\n<p><em><strong>Tout individu, ou tout acteur que nous allons trouver, toutes les usines qui sont en marche, dans la clandestinit\u00e9, nous avons les informations, nous allons les sceller, et les acteurs vont faire face \u00e0 la loi.\u00bb\u00a0<\/strong><\/em><\/p>\n<figure id=\"attachment_22556\" aria-describedby=\"caption-attachment-22556\" style=\"width: 1080px\" class=\"wp-caption aligncenter\"><a href=\"https:\/\/www.latribunedufaso.net\/wp-content\/uploads\/2025\/08\/FB_IMG_1754660472210.jpg\"><img loading=\"lazy\" decoding=\"async\" class=\"size-full wp-image-22556\" src=\"https:\/\/www.latribunedufaso.net\/wp-content\/uploads\/2025\/08\/FB_IMG_1754660472210.jpg\" alt=\"Fermeture d'une usine de production de sachets plastiques violant la loi 045, ferm\u00e9 par la DGPE 6 ao\u00fbt 2025 \u00e0 Ouagadougou\" width=\"1080\" height=\"720\" srcset=\"https:\/\/www.latribunedufaso.net\/wp-content\/uploads\/2025\/08\/FB_IMG_1754660472210.jpg 1080w, https:\/\/www.latribunedufaso.net\/wp-content\/uploads\/2025\/08\/FB_IMG_1754660472210-300x200.jpg 300w, https:\/\/www.latribunedufaso.net\/wp-content\/uploads\/2025\/08\/FB_IMG_1754660472210-1024x683.jpg 1024w, https:\/\/www.latribunedufaso.net\/wp-content\/uploads\/2025\/08\/FB_IMG_1754660472210-768x512.jpg 768w, https:\/\/www.latribunedufaso.net\/wp-content\/uploads\/2025\/08\/FB_IMG_1754660472210-840x560.jpg 840w, https:\/\/www.latribunedufaso.net\/wp-content\/uploads\/2025\/08\/FB_IMG_1754660472210-120x80.jpg 120w, https:\/\/www.latribunedufaso.net\/wp-content\/uploads\/2025\/08\/FB_IMG_1754660472210-360x240.jpg 360w, https:\/\/www.latribunedufaso.net\/wp-content\/uploads\/2025\/08\/FB_IMG_1754660472210-600x400.jpg 600w\" sizes=\"auto, (max-width: 1080px) 100vw, 1080px\" \/><\/a><figcaption id=\"caption-attachment-22556\" class=\"wp-caption-text\">Une vue des employ\u00e9s de l&rsquo;usine en pleine production sans \u00e9quipements de protection &#8211; Ph. DR<\/figcaption><\/figure>\n<p>L\u2019\u00e9quipe du minist\u00e8re demande \u00e0 voir le responsable de l\u2019usine, il ne semble pas pr\u00e9sent. Personne ne veut assumer. Les discussions s\u2019engagent, certains employ\u00e9s profitent pour s\u2019\u00e9clipser. L\u2019\u00e9quipe demande d\u2019arr\u00eater les machines. Apr\u00e8s moultes tractations, le responsable s\u00e9curit\u00e9 apr\u00e8s quelques coups de fil, arr\u00eate toutes les machines.<\/p>\n<p><em><strong>\u00ab Il faut se dire que c\u2019est une d\u00e9fiance vis-\u00e0-vis de la loi. Ce sont des acteurs que nous avons sensibilis\u00e9s. Depuis le 9 juillet 2025 que la loi est entr\u00e9e en vigueur, nous les avons sensibilis\u00e9s. Nous sommes venus trouver que l\u2019unit\u00e9 est en pleine production, c\u2019est inadmissible aujourd\u2019hui. Une unit\u00e9 qui produit et distribue des sachets plastiques qui ne sont pas conformes \u00e0 la loi.<\/strong><\/em><\/p>\n<p><em><strong>\u00a0Il y a une suite \u00e0 donner parce que le procureur est d\u00e9j\u00e0 inform\u00e9. Les acteurs seront face \u00e0 la loi et une sanction sera donn\u00e9e pour la suite. Je pense que les auteurs seront gard\u00e9s \u00e0 vue pour qu\u2019on puisse les \u00e9couter dans nos locaux \u00bb, <\/strong><\/em>a affirm\u00e9 Hamadou Ou\u00e9draogo chef de service coordination de la police environnementale.\u00a0<\/p>\n<figure id=\"attachment_22555\" aria-describedby=\"caption-attachment-22555\" style=\"width: 1080px\" class=\"wp-caption aligncenter\"><a href=\"https:\/\/www.latribunedufaso.net\/wp-content\/uploads\/2025\/08\/FB_IMG_1754660440975.jpg\"><img loading=\"lazy\" decoding=\"async\" class=\"size-full wp-image-22555\" src=\"https:\/\/www.latribunedufaso.net\/wp-content\/uploads\/2025\/08\/FB_IMG_1754660440975.jpg\" alt=\"Fermeture d'une usine de production de sachets plastiques violant la loi 045, ferm\u00e9 par la DGPE 6 ao\u00fbt 2025 \u00e0 Ouagadougou\" width=\"1080\" height=\"720\" srcset=\"https:\/\/www.latribunedufaso.net\/wp-content\/uploads\/2025\/08\/FB_IMG_1754660440975.jpg 1080w, https:\/\/www.latribunedufaso.net\/wp-content\/uploads\/2025\/08\/FB_IMG_1754660440975-300x200.jpg 300w, https:\/\/www.latribunedufaso.net\/wp-content\/uploads\/2025\/08\/FB_IMG_1754660440975-1024x683.jpg 1024w, https:\/\/www.latribunedufaso.net\/wp-content\/uploads\/2025\/08\/FB_IMG_1754660440975-768x512.jpg 768w, https:\/\/www.latribunedufaso.net\/wp-content\/uploads\/2025\/08\/FB_IMG_1754660440975-840x560.jpg 840w, https:\/\/www.latribunedufaso.net\/wp-content\/uploads\/2025\/08\/FB_IMG_1754660440975-120x80.jpg 120w, https:\/\/www.latribunedufaso.net\/wp-content\/uploads\/2025\/08\/FB_IMG_1754660440975-360x240.jpg 360w, https:\/\/www.latribunedufaso.net\/wp-content\/uploads\/2025\/08\/FB_IMG_1754660440975-600x400.jpg 600w\" sizes=\"auto, (max-width: 1080px) 100vw, 1080px\" \/><\/a><figcaption id=\"caption-attachment-22555\" class=\"wp-caption-text\">Une vue de la production des sachets dans l&rsquo;usine &#8211; Ph. DR<\/figcaption><\/figure>\n<p>\u00a0Il faut se dire que le minist\u00e8re a commenc\u00e9 une campagne de contr\u00f4le depuis un certain moment. Et le chef de service coordination de la police environnementale de poursuivre : <em><strong>\u00ab Il y a huit unit\u00e9s de production qui ont \u00e9t\u00e9 contr\u00f4l\u00e9es. Sur les huit unit\u00e9s de production, nous avons les sept qui se sont d\u00e9j\u00e0 conform\u00e9es. Ils sont en train d\u2019utiliser leurs stocks pour pouvoir produire d\u2019autres articles qui sont conformes \u00e0 la loi. C\u2019est l\u2019usine dans laquelle nous sommes actuellement qui veut d\u00e9fier la loi. Je pense que nous allons appliquer la loi dans sa rigueur.<\/strong><\/em><\/p>\n<p><em><strong>Tous les stocks seront saisis. C\u2019est pour cela que nous allons sceller les magasins.\u00bb<\/strong><\/em><\/p>\n<blockquote>\n<p>Lire aussi &gt;&gt; <a href=\"https:\/\/www.latribunedufaso.net\/?p=16046\">Emballages et sachets plastiques au Burkina Faso : Le gouvernement d\u00e9cide de l\u2019interdiction totale<\/a><\/p>\n<\/blockquote>\n<p>L\u2019\u00e9quipe proc\u00e8de \u00e0 l\u2019arr\u00eat des machines, les travailleurs ont \u00e9t\u00e9 mis dehors, l\u2019usine scell\u00e9e et le responsable technique conduit au commissariat de police pour suite \u00e0 donner<\/p>\n<p><strong>Latribunedufaso.net\u00a0<\/strong><\/p>\n<p><strong>Source : DCRP\/ MEEA<\/strong><\/p>\n","protected":false},"excerpt":{"rendered":"<p>La loi 045 sur les emballages et sachets en plastique est en vigueur depuis le 9 juillet 2025. Depuis cette date, les \u00e9quipes de la Direction G\u00e9n\u00e9rale de la Pr\u00e9servation de l\u2019Environnement sont sur le terrain pour sensibiliser et rappeler les dispositions de la nouvelle loi qui interdit un certain type de sachets plastiques \u00e0 usage unique. Grande f\u00fbt leur surprise de constater le mercredi 6 ao\u00fbt 2025, une usine qui tourne \u00e0 plein r\u00e9gime pour produire et vendre les sachets plastiques. L\u2019alerte f\u00fbt donn\u00e9e, le Procureur du Faso saisit, il faut fermer l\u2019usine. Les portes de l\u2019usine ont \u00e9t\u00e9 scell\u00e9es et le responsable technique mis aux arr\u00eats et conduit Protection de l&rsquo;environnement : Une usine de production des emballages et sachets plastique ferm\u00e9e au commissariat de police. Il \u00e9tait 23 heures.<\/p>\n","protected":false},"author":5,"featured_media":22554,"comment_status":"open","ping_status":"open","sticky":false,"template":"","format":"standard","meta":{"footnotes":""},"categories":[13,1,5],"tags":[39,260],"class_list":["post-22552","post","type-post","status-publish","format-standard","has-post-thumbnail","hentry","category-une","category-actu","category-envir","tag-latribunedufaso-net","tag-sachet-plastique"],"yoast_head":"<!-- This site is optimized with the Yoast SEO plugin v27.4 - https:\/\/yoast.com\/product\/yoast-seo-wordpress\/ -->\n<title>Protection de l&#039;environnement : Une usine de production des emballages et sachets plastique ferm\u00e9e - La Tribune du Faso<\/title>\n<meta name=\"robots\" content=\"index, follow, max-snippet:-1, max-image-preview:large, max-video-preview:-1\" \/>\n<link rel=\"canonical\" href=\"https:\/\/www.latribunedufaso.net\/?p=22552\" \/>\n<meta property=\"og:locale\" content=\"fr_FR\" \/>\n<meta property=\"og:type\" content=\"article\" \/>\n<meta property=\"og:title\" content=\"Protection de l&#039;environnement : Une usine de production des emballages et sachets plastique ferm\u00e9e - La Tribune du Faso\" \/>\n<meta property=\"og:description\" content=\"La loi 045 sur les emballages et sachets en plastique est en vigueur depuis le 9 juillet 2025. Depuis cette date, les \u00e9quipes de la Direction G\u00e9n\u00e9rale de la Pr\u00e9servation de l\u2019Environnement sont sur le terrain pour sensibiliser et rappeler les dispositions de la nouvelle loi qui interdit un certain type de sachets plastiques \u00e0 usage unique. Grande f\u00fbt leur surprise de constater le mercredi 6 ao\u00fbt 2025, une usine qui tourne \u00e0 plein r\u00e9gime pour produire et vendre les sachets plastiques. L\u2019alerte f\u00fbt donn\u00e9e, le Procureur du Faso saisit, il faut fermer l\u2019usine. Les portes de l\u2019usine ont \u00e9t\u00e9 scell\u00e9es et le responsable technique mis aux arr\u00eats et conduit Protection de l&rsquo;environnement : Une usine de production des emballages et sachets plastique ferm\u00e9e au commissariat de police. Il \u00e9tait 23 heures.\" \/>\n<meta property=\"og:url\" content=\"https:\/\/www.latribunedufaso.net\/?p=22552\" \/>\n<meta property=\"og:site_name\" content=\"La Tribune du Faso\" \/>\n<meta property=\"article:publisher\" content=\"https:\/\/www.facebook.com\/LatribuneduFaso\/\" \/>\n<meta property=\"article:published_time\" content=\"2025-08-08T16:47:29+00:00\" \/>\n<meta property=\"article:modified_time\" content=\"2025-08-08T16:52:08+00:00\" \/>\n<meta property=\"og:image\" content=\"https:\/\/www.latribunedufaso.net\/wp-content\/uploads\/2025\/08\/FB_IMG_1754660432649.jpg\" \/>\n\t<meta property=\"og:image:width\" content=\"1280\" \/>\n\t<meta property=\"og:image:height\" content=\"853\" \/>\n\t<meta property=\"og:image:type\" content=\"image\/jpeg\" \/>\n<meta name=\"author\" content=\"Issouf Tapsoba\" \/>\n<meta name=\"twitter:label1\" content=\"\u00c9crit par\" \/>\n\t<meta name=\"twitter:data1\" content=\"Issouf Tapsoba\" \/>\n\t<meta name=\"twitter:label2\" content=\"Dur\u00e9e de lecture estim\u00e9e\" \/>\n\t<meta name=\"twitter:data2\" content=\"4 minutes\" \/>\n<script type=\"application\/ld+json\" class=\"yoast-schema-graph\">{\"@context\":\"https:\\\/\\\/schema.org\",\"@graph\":[{\"@type\":\"Article\",\"@id\":\"https:\\\/\\\/www.latribunedufaso.net\\\/?p=22552#article\",\"isPartOf\":{\"@id\":\"https:\\\/\\\/www.latribunedufaso.net\\\/?p=22552\"},\"author\":{\"name\":\"Issouf Tapsoba\",\"@id\":\"https:\\\/\\\/www.latribunedufaso.net\\\/#\\\/schema\\\/person\\\/e54e64c5778a7e72cf80a318b7a622b0\"},\"headline\":\"Protection de l&rsquo;environnement : Une usine de production des emballages et sachets plastique ferm\u00e9e\",\"datePublished\":\"2025-08-08T16:47:29+00:00\",\"dateModified\":\"2025-08-08T16:52:08+00:00\",\"mainEntityOfPage\":{\"@id\":\"https:\\\/\\\/www.latribunedufaso.net\\\/?p=22552\"},\"wordCount\":847,\"commentCount\":0,\"publisher\":{\"@id\":\"https:\\\/\\\/www.latribunedufaso.net\\\/#organization\"},\"image\":{\"@id\":\"https:\\\/\\\/www.latribunedufaso.net\\\/?p=22552#primaryimage\"},\"thumbnailUrl\":\"https:\\\/\\\/www.latribunedufaso.net\\\/wp-content\\\/uploads\\\/2025\\\/08\\\/FB_IMG_1754660432649.jpg\",\"keywords\":[\"latribunedufaso.net\",\"sachet plastique\"],\"articleSection\":[\"A la une\",\"Actualit\u00e9\",\"Environnement\"],\"inLanguage\":\"fr-FR\",\"potentialAction\":[{\"@type\":\"CommentAction\",\"name\":\"Comment\",\"target\":[\"https:\\\/\\\/www.latribunedufaso.net\\\/?p=22552#respond\"]}]},{\"@type\":\"WebPage\",\"@id\":\"https:\\\/\\\/www.latribunedufaso.net\\\/?p=22552\",\"url\":\"https:\\\/\\\/www.latribunedufaso.net\\\/?p=22552\",\"name\":\"Protection de l'environnement : Une usine de production des emballages et sachets plastique ferm\u00e9e - La Tribune du Faso\",\"isPartOf\":{\"@id\":\"https:\\\/\\\/www.latribunedufaso.net\\\/#website\"},\"primaryImageOfPage\":{\"@id\":\"https:\\\/\\\/www.latribunedufaso.net\\\/?p=22552#primaryimage\"},\"image\":{\"@id\":\"https:\\\/\\\/www.latribunedufaso.net\\\/?p=22552#primaryimage\"},\"thumbnailUrl\":\"https:\\\/\\\/www.latribunedufaso.net\\\/wp-content\\\/uploads\\\/2025\\\/08\\\/FB_IMG_1754660432649.jpg\",\"datePublished\":\"2025-08-08T16:47:29+00:00\",\"dateModified\":\"2025-08-08T16:52:08+00:00\",\"breadcrumb\":{\"@id\":\"https:\\\/\\\/www.latribunedufaso.net\\\/?p=22552#breadcrumb\"},\"inLanguage\":\"fr-FR\",\"potentialAction\":[{\"@type\":\"ReadAction\",\"target\":[\"https:\\\/\\\/www.latribunedufaso.net\\\/?p=22552\"]}]},{\"@type\":\"ImageObject\",\"inLanguage\":\"fr-FR\",\"@id\":\"https:\\\/\\\/www.latribunedufaso.net\\\/?p=22552#primaryimage\",\"url\":\"https:\\\/\\\/www.latribunedufaso.net\\\/wp-content\\\/uploads\\\/2025\\\/08\\\/FB_IMG_1754660432649.jpg\",\"contentUrl\":\"https:\\\/\\\/www.latribunedufaso.net\\\/wp-content\\\/uploads\\\/2025\\\/08\\\/FB_IMG_1754660432649.jpg\",\"width\":1280,\"height\":853,\"caption\":\"Fermeture d'une usine de production de sachets plastiques violant la loi 045, ferm\u00e9 par la DGPE 6 ao\u00fbt 2025 \u00e0 Ouagadougou\"},{\"@type\":\"BreadcrumbList\",\"@id\":\"https:\\\/\\\/www.latribunedufaso.net\\\/?p=22552#breadcrumb\",\"itemListElement\":[{\"@type\":\"ListItem\",\"position\":1,\"name\":\"Accueil\",\"item\":\"https:\\\/\\\/www.latribunedufaso.net\\\/\"},{\"@type\":\"ListItem\",\"position\":2,\"name\":\"Protection de l&rsquo;environnement : Une usine de production des emballages et sachets plastique ferm\u00e9e\"}]},{\"@type\":\"WebSite\",\"@id\":\"https:\\\/\\\/www.latribunedufaso.net\\\/#website\",\"url\":\"https:\\\/\\\/www.latribunedufaso.net\\\/\",\"name\":\"La Tribune du Faso\",\"description\":\"L&#039;information du monde rural en un clic\",\"publisher\":{\"@id\":\"https:\\\/\\\/www.latribunedufaso.net\\\/#organization\"},\"potentialAction\":[{\"@type\":\"SearchAction\",\"target\":{\"@type\":\"EntryPoint\",\"urlTemplate\":\"https:\\\/\\\/www.latribunedufaso.net\\\/?s={search_term_string}\"},\"query-input\":{\"@type\":\"PropertyValueSpecification\",\"valueRequired\":true,\"valueName\":\"search_term_string\"}}],\"inLanguage\":\"fr-FR\"},{\"@type\":\"Organization\",\"@id\":\"https:\\\/\\\/www.latribunedufaso.net\\\/#organization\",\"name\":\"La Tribune du Faso\",\"url\":\"https:\\\/\\\/www.latribunedufaso.net\\\/\",\"logo\":{\"@type\":\"ImageObject\",\"inLanguage\":\"fr-FR\",\"@id\":\"https:\\\/\\\/www.latribunedufaso.net\\\/#\\\/schema\\\/logo\\\/image\\\/\",\"url\":\"https:\\\/\\\/www.latribunedufaso.net\\\/wp-content\\\/uploads\\\/2020\\\/08\\\/Logo-Tribune-du-Faso-final-scaled.jpg\",\"contentUrl\":\"https:\\\/\\\/www.latribunedufaso.net\\\/wp-content\\\/uploads\\\/2020\\\/08\\\/Logo-Tribune-du-Faso-final-scaled.jpg\",\"width\":2560,\"height\":1856,\"caption\":\"La Tribune du Faso\"},\"image\":{\"@id\":\"https:\\\/\\\/www.latribunedufaso.net\\\/#\\\/schema\\\/logo\\\/image\\\/\"},\"sameAs\":[\"https:\\\/\\\/www.facebook.com\\\/LatribuneduFaso\\\/\"]},{\"@type\":\"Person\",\"@id\":\"https:\\\/\\\/www.latribunedufaso.net\\\/#\\\/schema\\\/person\\\/e54e64c5778a7e72cf80a318b7a622b0\",\"name\":\"Issouf Tapsoba\",\"image\":{\"@type\":\"ImageObject\",\"inLanguage\":\"fr-FR\",\"@id\":\"https:\\\/\\\/secure.gravatar.com\\\/avatar\\\/5e6c05150ce3230247d167f5b94d678eb05936197436d69b7921e3a95c9107ac?s=96&d=mm&r=g\",\"url\":\"https:\\\/\\\/secure.gravatar.com\\\/avatar\\\/5e6c05150ce3230247d167f5b94d678eb05936197436d69b7921e3a95c9107ac?s=96&d=mm&r=g\",\"contentUrl\":\"https:\\\/\\\/secure.gravatar.com\\\/avatar\\\/5e6c05150ce3230247d167f5b94d678eb05936197436d69b7921e3a95c9107ac?s=96&d=mm&r=g\",\"caption\":\"Issouf Tapsoba\"},\"url\":\"https:\\\/\\\/www.latribunedufaso.net\\\/?author=5\"}]}<\/script>\n<!-- \/ Yoast SEO plugin. -->","yoast_head_json":{"title":"Protection de l'environnement : Une usine de production des emballages et sachets plastique ferm\u00e9e - La Tribune du Faso","robots":{"index":"index","follow":"follow","max-snippet":"max-snippet:-1","max-image-preview":"max-image-preview:large","max-video-preview":"max-video-preview:-1"},"canonical":"https:\/\/www.latribunedufaso.net\/?p=22552","og_locale":"fr_FR","og_type":"article","og_title":"Protection de l'environnement : Une usine de production des emballages et sachets plastique ferm\u00e9e - La Tribune du Faso","og_description":"La loi 045 sur les emballages et sachets en plastique est en vigueur depuis le 9 juillet 2025. Depuis cette date, les \u00e9quipes de la Direction G\u00e9n\u00e9rale de la Pr\u00e9servation de l\u2019Environnement sont sur le terrain pour sensibiliser et rappeler les dispositions de la nouvelle loi qui interdit un certain type de sachets plastiques \u00e0 usage unique. Grande f\u00fbt leur surprise de constater le mercredi 6 ao\u00fbt 2025, une usine qui tourne \u00e0 plein r\u00e9gime pour produire et vendre les sachets plastiques. L\u2019alerte f\u00fbt donn\u00e9e, le Procureur du Faso saisit, il faut fermer l\u2019usine. Les portes de l\u2019usine ont \u00e9t\u00e9 scell\u00e9es et le responsable technique mis aux arr\u00eats et conduit Protection de l&rsquo;environnement : Une usine de production des emballages et sachets plastique ferm\u00e9e au commissariat de police. Il \u00e9tait 23 heures.","og_url":"https:\/\/www.latribunedufaso.net\/?p=22552","og_site_name":"La Tribune du Faso","article_publisher":"https:\/\/www.facebook.com\/LatribuneduFaso\/","article_published_time":"2025-08-08T16:47:29+00:00","article_modified_time":"2025-08-08T16:52:08+00:00","og_image":[{"width":1280,"height":853,"url":"https:\/\/www.latribunedufaso.net\/wp-content\/uploads\/2025\/08\/FB_IMG_1754660432649.jpg","type":"image\/jpeg"}],"author":"Issouf Tapsoba","twitter_misc":{"\u00c9crit par":"Issouf Tapsoba","Dur\u00e9e de lecture estim\u00e9e":"4 minutes"},"schema":{"@context":"https:\/\/schema.org","@graph":[{"@type":"Article","@id":"https:\/\/www.latribunedufaso.net\/?p=22552#article","isPartOf":{"@id":"https:\/\/www.latribunedufaso.net\/?p=22552"},"author":{"name":"Issouf Tapsoba","@id":"https:\/\/www.latribunedufaso.net\/#\/schema\/person\/e54e64c5778a7e72cf80a318b7a622b0"},"headline":"Protection de l&rsquo;environnement : Une usine de production des emballages et sachets plastique ferm\u00e9e","datePublished":"2025-08-08T16:47:29+00:00","dateModified":"2025-08-08T16:52:08+00:00","mainEntityOfPage":{"@id":"https:\/\/www.latribunedufaso.net\/?p=22552"},"wordCount":847,"commentCount":0,"publisher":{"@id":"https:\/\/www.latribunedufaso.net\/#organization"},"image":{"@id":"https:\/\/www.latribunedufaso.net\/?p=22552#primaryimage"},"thumbnailUrl":"https:\/\/www.latribunedufaso.net\/wp-content\/uploads\/2025\/08\/FB_IMG_1754660432649.jpg","keywords":["latribunedufaso.net","sachet plastique"],"articleSection":["A la une","Actualit\u00e9","Environnement"],"inLanguage":"fr-FR","potentialAction":[{"@type":"CommentAction","name":"Comment","target":["https:\/\/www.latribunedufaso.net\/?p=22552#respond"]}]},{"@type":"WebPage","@id":"https:\/\/www.latribunedufaso.net\/?p=22552","url":"https:\/\/www.latribunedufaso.net\/?p=22552","name":"Protection de l'environnement : Une usine de production des emballages et sachets plastique ferm\u00e9e - La Tribune du Faso","isPartOf":{"@id":"https:\/\/www.latribunedufaso.net\/#website"},"primaryImageOfPage":{"@id":"https:\/\/www.latribunedufaso.net\/?p=22552#primaryimage"},"image":{"@id":"https:\/\/www.latribunedufaso.net\/?p=22552#primaryimage"},"thumbnailUrl":"https:\/\/www.latribunedufaso.net\/wp-content\/uploads\/2025\/08\/FB_IMG_1754660432649.jpg","datePublished":"2025-08-08T16:47:29+00:00","dateModified":"2025-08-08T16:52:08+00:00","breadcrumb":{"@id":"https:\/\/www.latribunedufaso.net\/?p=22552#breadcrumb"},"inLanguage":"fr-FR","potentialAction":[{"@type":"ReadAction","target":["https:\/\/www.latribunedufaso.net\/?p=22552"]}]},{"@type":"ImageObject","inLanguage":"fr-FR","@id":"https:\/\/www.latribunedufaso.net\/?p=22552#primaryimage","url":"https:\/\/www.latribunedufaso.net\/wp-content\/uploads\/2025\/08\/FB_IMG_1754660432649.jpg","contentUrl":"https:\/\/www.latribunedufaso.net\/wp-content\/uploads\/2025\/08\/FB_IMG_1754660432649.jpg","width":1280,"height":853,"caption":"Fermeture d'une usine de production de sachets plastiques violant la loi 045, ferm\u00e9 par la DGPE 6 ao\u00fbt 2025 \u00e0 Ouagadougou"},{"@type":"BreadcrumbList","@id":"https:\/\/www.latribunedufaso.net\/?p=22552#breadcrumb","itemListElement":[{"@type":"ListItem","position":1,"name":"Accueil","item":"https:\/\/www.latribunedufaso.net\/"},{"@type":"ListItem","position":2,"name":"Protection de l&rsquo;environnement : Une usine de production des emballages et sachets plastique ferm\u00e9e"}]},{"@type":"WebSite","@id":"https:\/\/www.latribunedufaso.net\/#website","url":"https:\/\/www.latribunedufaso.net\/","name":"La Tribune du Faso","description":"L&#039;information du monde rural en un clic","publisher":{"@id":"https:\/\/www.latribunedufaso.net\/#organization"},"potentialAction":[{"@type":"SearchAction","target":{"@type":"EntryPoint","urlTemplate":"https:\/\/www.latribunedufaso.net\/?s={search_term_string}"},"query-input":{"@type":"PropertyValueSpecification","valueRequired":true,"valueName":"search_term_string"}}],"inLanguage":"fr-FR"},{"@type":"Organization","@id":"https:\/\/www.latribunedufaso.net\/#organization","name":"La Tribune du Faso","url":"https:\/\/www.latribunedufaso.net\/","logo":{"@type":"ImageObject","inLanguage":"fr-FR","@id":"https:\/\/www.latribunedufaso.net\/#\/schema\/logo\/image\/","url":"https:\/\/www.latribunedufaso.net\/wp-content\/uploads\/2020\/08\/Logo-Tribune-du-Faso-final-scaled.jpg","contentUrl":"https:\/\/www.latribunedufaso.net\/wp-content\/uploads\/2020\/08\/Logo-Tribune-du-Faso-final-scaled.jpg","width":2560,"height":1856,"caption":"La Tribune du Faso"},"image":{"@id":"https:\/\/www.latribunedufaso.net\/#\/schema\/logo\/image\/"},"sameAs":["https:\/\/www.facebook.com\/LatribuneduFaso\/"]},{"@type":"Person","@id":"https:\/\/www.latribunedufaso.net\/#\/schema\/person\/e54e64c5778a7e72cf80a318b7a622b0","name":"Issouf Tapsoba","image":{"@type":"ImageObject","inLanguage":"fr-FR","@id":"https:\/\/secure.gravatar.com\/avatar\/5e6c05150ce3230247d167f5b94d678eb05936197436d69b7921e3a95c9107ac?s=96&d=mm&r=g","url":"https:\/\/secure.gravatar.com\/avatar\/5e6c05150ce3230247d167f5b94d678eb05936197436d69b7921e3a95c9107ac?s=96&d=mm&r=g","contentUrl":"https:\/\/secure.gravatar.com\/avatar\/5e6c05150ce3230247d167f5b94d678eb05936197436d69b7921e3a95c9107ac?s=96&d=mm&r=g","caption":"Issouf Tapsoba"},"url":"https:\/\/www.latribunedufaso.net\/?author=5"}]}},"_links":{"self":[{"href":"https:\/\/www.latribunedufaso.net\/index.php?rest_route=\/wp\/v2\/posts\/22552","targetHints":{"allow":["GET"]}}],"collection":[{"href":"https:\/\/www.latribunedufaso.net\/index.php?rest_route=\/wp\/v2\/posts"}],"about":[{"href":"https:\/\/www.latribunedufaso.net\/index.php?rest_route=\/wp\/v2\/types\/post"}],"author":[{"embeddable":true,"href":"https:\/\/www.latribunedufaso.net\/index.php?rest_route=\/wp\/v2\/users\/5"}],"replies":[{"embeddable":true,"href":"https:\/\/www.latribunedufaso.net\/index.php?rest_route=%2Fwp%2Fv2%2Fcomments&post=22552"}],"version-history":[{"count":3,"href":"https:\/\/www.latribunedufaso.net\/index.php?rest_route=\/wp\/v2\/posts\/22552\/revisions"}],"predecessor-version":[{"id":22560,"href":"https:\/\/www.latribunedufaso.net\/index.php?rest_route=\/wp\/v2\/posts\/22552\/revisions\/22560"}],"wp:featuredmedia":[{"embeddable":true,"href":"https:\/\/www.latribunedufaso.net\/index.php?rest_route=\/wp\/v2\/media\/22554"}],"wp:attachment":[{"href":"https:\/\/www.latribunedufaso.net\/index.php?rest_route=%2Fwp%2Fv2%2Fmedia&parent=22552"}],"wp:term":[{"taxonomy":"category","embeddable":true,"href":"https:\/\/www.latribunedufaso.net\/index.php?rest_route=%2Fwp%2Fv2%2Fcategories&post=22552"},{"taxonomy":"post_tag","embeddable":true,"href":"https:\/\/www.latribunedufaso.net\/index.php?rest_route=%2Fwp%2Fv2%2Ftags&post=22552"}],"curies":[{"name":"wp","href":"https:\/\/api.w.org\/{rel}","templated":true}]}}