{"id":22545,"date":"2025-08-08T13:28:48","date_gmt":"2025-08-08T13:28:48","guid":{"rendered":"https:\/\/www.latribunedufaso.net\/?p=22545"},"modified":"2025-08-08T13:29:27","modified_gmt":"2025-08-08T13:29:27","slug":"22545","status":"publish","type":"post","link":"https:\/\/www.latribunedufaso.net\/?p=22545","title":{"rendered":"Burkina\/Sant\u00e9 : Tenue de la 3\u00e8me session 2025 de l\u2019Alliance nationale pour la fortification des aliments\u00a0"},"content":{"rendered":"<p><strong>Le minist\u00e8re de la Sant\u00e9, \u00e0 travers l\u2019Alliance nationale pour la fortification des aliments (ANF), sous l\u2019\u00e9gide de la Direction de la nutrition (DN), tient sa troisi\u00e8me rencontre annuelle du 6 au 8 ao\u00fbt 2025 \u00e0 Bobo-Dioulasso.<\/strong><!--more--><\/p>\n<p>Pr\u00e9sid\u00e9e par Dissan Boureima Gnoumou, repr\u00e9sentant le Directeur g\u00e9n\u00e9ral de la Sant\u00e9 publique, la rencontre s\u2019inscrit dans le cadre du suivi et de la coordination des interventions en mati\u00e8re de fortification \u00e0 grande \u00e9chelle des aliments et vise \u00e0 pr\u00e9senter le bilan \u00e0 mi-parcours des activit\u00e9s de l\u2019ann\u00e9e 2025 et \u00e0 d\u00e9finir les perspectives pour les mois \u00e0 venir.<\/p>\n<p>Le pr\u00e9sident des travaux a soulign\u00e9 que les sessions de l\u2019ANF constituent un cadre strat\u00e9gique de concertation permettant de prendre des d\u00e9cisions majeures pour l\u2019avanc\u00e9e de la fortification des aliments de grande consommation au Burkina Faso. Cette occasion dit-il, est un levier important dans la lutte contre les carences en micronutriments au Burkina Faso.<\/p>\n<figure id=\"attachment_22546\" aria-describedby=\"caption-attachment-22546\" style=\"width: 1080px\" class=\"wp-caption aligncenter\"><a href=\"https:\/\/www.latribunedufaso.net\/wp-content\/uploads\/2025\/08\/FB_IMG_1754654929081.jpg\"><img loading=\"lazy\" decoding=\"async\" class=\"size-full wp-image-22546\" src=\"https:\/\/www.latribunedufaso.net\/wp-content\/uploads\/2025\/08\/FB_IMG_1754654929081.jpg\" alt=\"Tenue de la 3\u00e8me session 2025 de l\u2019Alliance nationale pour la fortification des aliments\u00a0 par le minist\u00e8re de la Sant\u00e9, 6 au 8 \u00e0 Bobo\" width=\"1080\" height=\"591\" srcset=\"https:\/\/www.latribunedufaso.net\/wp-content\/uploads\/2025\/08\/FB_IMG_1754654929081.jpg 1080w, https:\/\/www.latribunedufaso.net\/wp-content\/uploads\/2025\/08\/FB_IMG_1754654929081-300x164.jpg 300w, https:\/\/www.latribunedufaso.net\/wp-content\/uploads\/2025\/08\/FB_IMG_1754654929081-1024x560.jpg 1024w, https:\/\/www.latribunedufaso.net\/wp-content\/uploads\/2025\/08\/FB_IMG_1754654929081-768x420.jpg 768w\" sizes=\"auto, (max-width: 1080px) 100vw, 1080px\" \/><\/a><figcaption id=\"caption-attachment-22546\" class=\"wp-caption-text\">Une vue des participants lors des travaux &#8211; Ph. DR<\/figcaption><\/figure>\n<p>&nbsp;<\/p>\n<p>Le repr\u00e9sentant de la coop\u00e9ration allemande GIZ, Rom\u00e9o Ouili, a salu\u00e9 les efforts de l\u2019ANF \u00e0 travers les activit\u00e9s r\u00e9alis\u00e9es dans la production d\u2019un film documentaire qui illustre les progr\u00e8s accomplis sur le terrain, tout en mettant en exergue la cr\u00e9ation de la plateforme digitale \u00ab<em><strong> Forti Burkina \u00bb<\/strong><\/em> d\u00e9di\u00e9e \u00e0 la gestion des donn\u00e9es de fortification.<\/p>\n<p>Abdoulaye Gueye, chef de service fortification et s\u00e9curit\u00e9 sanitaire des aliments repr\u00e9sentant la pr\u00e9sidente de l\u2019Alliance nationale pour la fortification, par ailleurs Directrice de la nutrition, a pour sa part pr\u00e9sent\u00e9 le bilan des activit\u00e9s \u00e0 mi-parcours, mettant en avant la mise en place de la plateforme <em><strong>\u00ab Forti Burkina \u00bb<\/strong><\/em>, qui permet la collecte digitale des donn\u00e9es, la dotation des acteurs de production et de contr\u00f4le en tablettes pour faciliter la collecte d\u2019informations fiables, et la redynamisation des cadres d\u2019\u00e9change entre acteurs de production et de contr\u00f4le afin de garantir la qualit\u00e9 des aliments mis \u00e0 la disposition des populations.<\/p>\n<figure id=\"attachment_22547\" aria-describedby=\"caption-attachment-22547\" style=\"width: 1080px\" class=\"wp-caption aligncenter\"><a href=\"https:\/\/www.latribunedufaso.net\/wp-content\/uploads\/2025\/08\/FB_IMG_1754654919163.jpg\"><img loading=\"lazy\" decoding=\"async\" class=\"size-full wp-image-22547\" src=\"https:\/\/www.latribunedufaso.net\/wp-content\/uploads\/2025\/08\/FB_IMG_1754654919163.jpg\" alt=\"Tenue de la 3\u00e8me session 2025 de l\u2019Alliance nationale pour la fortification des aliments\u00a0 par le minist\u00e8re de la Sant\u00e9, 6 au 8 \u00e0 Bobo\" width=\"1080\" height=\"558\" srcset=\"https:\/\/www.latribunedufaso.net\/wp-content\/uploads\/2025\/08\/FB_IMG_1754654919163.jpg 1080w, https:\/\/www.latribunedufaso.net\/wp-content\/uploads\/2025\/08\/FB_IMG_1754654919163-300x155.jpg 300w, https:\/\/www.latribunedufaso.net\/wp-content\/uploads\/2025\/08\/FB_IMG_1754654919163-1024x529.jpg 1024w, https:\/\/www.latribunedufaso.net\/wp-content\/uploads\/2025\/08\/FB_IMG_1754654919163-768x397.jpg 768w\" sizes=\"auto, (max-width: 1080px) 100vw, 1080px\" \/><\/a><figcaption id=\"caption-attachment-22547\" class=\"wp-caption-text\">Photo de famille des participants &#8211; Ph. DR<\/figcaption><\/figure>\n<p>Concernant les perspectives, M. Gueye a indiqu\u00e9 qu\u2019il sera prioritaire de garantir la disponibilit\u00e9 d\u2019aliments fortifi\u00e9s de qualit\u00e9, de renforcer les m\u00e9canismes de suivi et de supervision, et de disposer de donn\u00e9es factuelles pour orienter les d\u00e9cisions strat\u00e9giques dans la lutte contre les carences nutritionnelles.<\/p>\n<p>Les travaux ont \u00e9galement permis de faire ressortir les principales contraintes auxquelles les acteurs font face. Ce sont la disponibilit\u00e9 et l\u2019accessibilit\u00e9 des mati\u00e8res premi\u00e8res comme les graines de coton, le premix utilis\u00e9 dans l\u2019enrichissement des aliments, les ruptures de certains r\u00e9actifs de contr\u00f4le.<\/p>\n<blockquote>\n<p>Lire aussi &gt;&gt; <a href=\"https:\/\/www.latribunedufaso.net\/?p=22531\">Une r\u00e9ponse aux d\u00e9fis sanitaires : Voici le plan de l\u2019Initiative pr\u00e9sidentielle pour la sant\u00e9\u00a0<\/a><\/p>\n<\/blockquote>\n<p>Pour rappel, les produits de grande consommation concern\u00e9s par la fortification au Burkina Faso sont le sel enrichi en iode, la farine de bl\u00e9 tendre enrichie en fer et l\u2019huile enrichie en vitamine A. Cette rencontre b\u00e9n\u00e9ficie de l\u2019appui de la coop\u00e9ration allemande GIZ.<\/p>\n<p><strong>Latribunedufaso.net<\/strong><\/p>\n<p><strong>Source : MS\u00a0<\/strong><\/p>\n","protected":false},"excerpt":{"rendered":"<p>Le minist\u00e8re de la Sant\u00e9, \u00e0 travers l\u2019Alliance nationale pour la fortification des aliments (ANF), sous l\u2019\u00e9gide de la Direction de la nutrition (DN), tient sa troisi\u00e8me rencontre annuelle du 6 au 8 ao\u00fbt 2025 \u00e0 Bobo-Dioulasso.<\/p>\n","protected":false},"author":5,"featured_media":22548,"comment_status":"open","ping_status":"open","sticky":false,"template":"","format":"standard","meta":{"footnotes":""},"categories":[13,1,7],"tags":[1447,39,1185,1026,191],"class_list":["post-22545","post","type-post","status-publish","format-standard","has-post-thumbnail","hentry","category-une","category-actu","category-sante","tag-alliance-nationale-pour-la-fortification-des-aliments-anf","tag-latribunedufaso-net","tag-lutte-contre-la-malnutrition","tag-nutrition","tag-sante"],"yoast_head":"<!-- This site is optimized with the Yoast SEO plugin v27.4 - https:\/\/yoast.com\/product\/yoast-seo-wordpress\/ -->\n<title>Burkina\/Sant\u00e9 : Tenue de la 3\u00e8me session 2025 de l\u2019Alliance nationale pour la fortification des aliments\u00a0 - La Tribune du Faso<\/title>\n<meta name=\"robots\" content=\"index, follow, max-snippet:-1, max-image-preview:large, max-video-preview:-1\" \/>\n<link rel=\"canonical\" href=\"https:\/\/www.latribunedufaso.net\/?p=22545\" \/>\n<meta property=\"og:locale\" content=\"fr_FR\" \/>\n<meta property=\"og:type\" content=\"article\" \/>\n<meta property=\"og:title\" content=\"Burkina\/Sant\u00e9 : Tenue de la 3\u00e8me session 2025 de l\u2019Alliance nationale pour la fortification des aliments\u00a0 - La Tribune du Faso\" \/>\n<meta property=\"og:description\" content=\"Le minist\u00e8re de la Sant\u00e9, \u00e0 travers l\u2019Alliance nationale pour la fortification des aliments (ANF), sous l\u2019\u00e9gide de la Direction de la nutrition (DN), tient sa troisi\u00e8me rencontre annuelle du 6 au 8 ao\u00fbt 2025 \u00e0 Bobo-Dioulasso.\" \/>\n<meta property=\"og:url\" content=\"https:\/\/www.latribunedufaso.net\/?p=22545\" \/>\n<meta property=\"og:site_name\" content=\"La Tribune du Faso\" \/>\n<meta property=\"article:publisher\" content=\"https:\/\/www.facebook.com\/LatribuneduFaso\/\" \/>\n<meta property=\"article:published_time\" content=\"2025-08-08T13:28:48+00:00\" \/>\n<meta property=\"article:modified_time\" content=\"2025-08-08T13:29:27+00:00\" \/>\n<meta property=\"og:image\" content=\"https:\/\/www.latribunedufaso.net\/wp-content\/uploads\/2025\/08\/FB_IMG_1754654900201.jpg\" \/>\n\t<meta property=\"og:image:width\" content=\"1080\" \/>\n\t<meta property=\"og:image:height\" content=\"708\" \/>\n\t<meta property=\"og:image:type\" content=\"image\/jpeg\" \/>\n<meta name=\"author\" content=\"Issouf Tapsoba\" \/>\n<meta name=\"twitter:label1\" content=\"\u00c9crit par\" \/>\n\t<meta name=\"twitter:data1\" content=\"Issouf Tapsoba\" \/>\n\t<meta name=\"twitter:label2\" content=\"Dur\u00e9e de lecture estim\u00e9e\" \/>\n\t<meta name=\"twitter:data2\" content=\"3 minutes\" \/>\n<script type=\"application\/ld+json\" class=\"yoast-schema-graph\">{\"@context\":\"https:\\\/\\\/schema.org\",\"@graph\":[{\"@type\":\"Article\",\"@id\":\"https:\\\/\\\/www.latribunedufaso.net\\\/?p=22545#article\",\"isPartOf\":{\"@id\":\"https:\\\/\\\/www.latribunedufaso.net\\\/?p=22545\"},\"author\":{\"name\":\"Issouf Tapsoba\",\"@id\":\"https:\\\/\\\/www.latribunedufaso.net\\\/#\\\/schema\\\/person\\\/e54e64c5778a7e72cf80a318b7a622b0\"},\"headline\":\"Burkina\\\/Sant\u00e9 : Tenue de la 3\u00e8me session 2025 de l\u2019Alliance nationale pour la fortification des aliments\u00a0\",\"datePublished\":\"2025-08-08T13:28:48+00:00\",\"dateModified\":\"2025-08-08T13:29:27+00:00\",\"mainEntityOfPage\":{\"@id\":\"https:\\\/\\\/www.latribunedufaso.net\\\/?p=22545\"},\"wordCount\":563,\"commentCount\":0,\"publisher\":{\"@id\":\"https:\\\/\\\/www.latribunedufaso.net\\\/#organization\"},\"image\":{\"@id\":\"https:\\\/\\\/www.latribunedufaso.net\\\/?p=22545#primaryimage\"},\"thumbnailUrl\":\"https:\\\/\\\/www.latribunedufaso.net\\\/wp-content\\\/uploads\\\/2025\\\/08\\\/FB_IMG_1754654900201.jpg\",\"keywords\":[\"Alliance nationale pour la fortification des aliments (ANF)\",\"latribunedufaso.net\",\"lutte contre la malnutrition\",\"nutrition\",\"Sant\u00e9\"],\"articleSection\":[\"A la une\",\"Actualit\u00e9\",\"Sant\u00e9\"],\"inLanguage\":\"fr-FR\",\"potentialAction\":[{\"@type\":\"CommentAction\",\"name\":\"Comment\",\"target\":[\"https:\\\/\\\/www.latribunedufaso.net\\\/?p=22545#respond\"]}]},{\"@type\":\"WebPage\",\"@id\":\"https:\\\/\\\/www.latribunedufaso.net\\\/?p=22545\",\"url\":\"https:\\\/\\\/www.latribunedufaso.net\\\/?p=22545\",\"name\":\"Burkina\\\/Sant\u00e9 : Tenue de la 3\u00e8me session 2025 de l\u2019Alliance nationale pour la fortification des aliments\u00a0 - La Tribune du Faso\",\"isPartOf\":{\"@id\":\"https:\\\/\\\/www.latribunedufaso.net\\\/#website\"},\"primaryImageOfPage\":{\"@id\":\"https:\\\/\\\/www.latribunedufaso.net\\\/?p=22545#primaryimage\"},\"image\":{\"@id\":\"https:\\\/\\\/www.latribunedufaso.net\\\/?p=22545#primaryimage\"},\"thumbnailUrl\":\"https:\\\/\\\/www.latribunedufaso.net\\\/wp-content\\\/uploads\\\/2025\\\/08\\\/FB_IMG_1754654900201.jpg\",\"datePublished\":\"2025-08-08T13:28:48+00:00\",\"dateModified\":\"2025-08-08T13:29:27+00:00\",\"breadcrumb\":{\"@id\":\"https:\\\/\\\/www.latribunedufaso.net\\\/?p=22545#breadcrumb\"},\"inLanguage\":\"fr-FR\",\"potentialAction\":[{\"@type\":\"ReadAction\",\"target\":[\"https:\\\/\\\/www.latribunedufaso.net\\\/?p=22545\"]}]},{\"@type\":\"ImageObject\",\"inLanguage\":\"fr-FR\",\"@id\":\"https:\\\/\\\/www.latribunedufaso.net\\\/?p=22545#primaryimage\",\"url\":\"https:\\\/\\\/www.latribunedufaso.net\\\/wp-content\\\/uploads\\\/2025\\\/08\\\/FB_IMG_1754654900201.jpg\",\"contentUrl\":\"https:\\\/\\\/www.latribunedufaso.net\\\/wp-content\\\/uploads\\\/2025\\\/08\\\/FB_IMG_1754654900201.jpg\",\"width\":1080,\"height\":708,\"caption\":\"Tenue de la 3\u00e8me session 2025 de l\u2019Alliance nationale pour la fortification des aliments\u00a0 par le minist\u00e8re de la Sant\u00e9, 6 au 8 \u00e0 Bobo\"},{\"@type\":\"BreadcrumbList\",\"@id\":\"https:\\\/\\\/www.latribunedufaso.net\\\/?p=22545#breadcrumb\",\"itemListElement\":[{\"@type\":\"ListItem\",\"position\":1,\"name\":\"Accueil\",\"item\":\"https:\\\/\\\/www.latribunedufaso.net\\\/\"},{\"@type\":\"ListItem\",\"position\":2,\"name\":\"Burkina\\\/Sant\u00e9 : Tenue de la 3\u00e8me session 2025 de l\u2019Alliance nationale pour la fortification des aliments\u00a0\"}]},{\"@type\":\"WebSite\",\"@id\":\"https:\\\/\\\/www.latribunedufaso.net\\\/#website\",\"url\":\"https:\\\/\\\/www.latribunedufaso.net\\\/\",\"name\":\"La Tribune du Faso\",\"description\":\"L&#039;information du monde rural en un clic\",\"publisher\":{\"@id\":\"https:\\\/\\\/www.latribunedufaso.net\\\/#organization\"},\"potentialAction\":[{\"@type\":\"SearchAction\",\"target\":{\"@type\":\"EntryPoint\",\"urlTemplate\":\"https:\\\/\\\/www.latribunedufaso.net\\\/?s={search_term_string}\"},\"query-input\":{\"@type\":\"PropertyValueSpecification\",\"valueRequired\":true,\"valueName\":\"search_term_string\"}}],\"inLanguage\":\"fr-FR\"},{\"@type\":\"Organization\",\"@id\":\"https:\\\/\\\/www.latribunedufaso.net\\\/#organization\",\"name\":\"La Tribune du Faso\",\"url\":\"https:\\\/\\\/www.latribunedufaso.net\\\/\",\"logo\":{\"@type\":\"ImageObject\",\"inLanguage\":\"fr-FR\",\"@id\":\"https:\\\/\\\/www.latribunedufaso.net\\\/#\\\/schema\\\/logo\\\/image\\\/\",\"url\":\"https:\\\/\\\/www.latribunedufaso.net\\\/wp-content\\\/uploads\\\/2020\\\/08\\\/Logo-Tribune-du-Faso-final-scaled.jpg\",\"contentUrl\":\"https:\\\/\\\/www.latribunedufaso.net\\\/wp-content\\\/uploads\\\/2020\\\/08\\\/Logo-Tribune-du-Faso-final-scaled.jpg\",\"width\":2560,\"height\":1856,\"caption\":\"La Tribune du Faso\"},\"image\":{\"@id\":\"https:\\\/\\\/www.latribunedufaso.net\\\/#\\\/schema\\\/logo\\\/image\\\/\"},\"sameAs\":[\"https:\\\/\\\/www.facebook.com\\\/LatribuneduFaso\\\/\"]},{\"@type\":\"Person\",\"@id\":\"https:\\\/\\\/www.latribunedufaso.net\\\/#\\\/schema\\\/person\\\/e54e64c5778a7e72cf80a318b7a622b0\",\"name\":\"Issouf Tapsoba\",\"image\":{\"@type\":\"ImageObject\",\"inLanguage\":\"fr-FR\",\"@id\":\"https:\\\/\\\/secure.gravatar.com\\\/avatar\\\/5e6c05150ce3230247d167f5b94d678eb05936197436d69b7921e3a95c9107ac?s=96&d=mm&r=g\",\"url\":\"https:\\\/\\\/secure.gravatar.com\\\/avatar\\\/5e6c05150ce3230247d167f5b94d678eb05936197436d69b7921e3a95c9107ac?s=96&d=mm&r=g\",\"contentUrl\":\"https:\\\/\\\/secure.gravatar.com\\\/avatar\\\/5e6c05150ce3230247d167f5b94d678eb05936197436d69b7921e3a95c9107ac?s=96&d=mm&r=g\",\"caption\":\"Issouf Tapsoba\"},\"url\":\"https:\\\/\\\/www.latribunedufaso.net\\\/?author=5\"}]}<\/script>\n<!-- \/ Yoast SEO plugin. -->","yoast_head_json":{"title":"Burkina\/Sant\u00e9 : Tenue de la 3\u00e8me session 2025 de l\u2019Alliance nationale pour la fortification des aliments\u00a0 - La Tribune du Faso","robots":{"index":"index","follow":"follow","max-snippet":"max-snippet:-1","max-image-preview":"max-image-preview:large","max-video-preview":"max-video-preview:-1"},"canonical":"https:\/\/www.latribunedufaso.net\/?p=22545","og_locale":"fr_FR","og_type":"article","og_title":"Burkina\/Sant\u00e9 : Tenue de la 3\u00e8me session 2025 de l\u2019Alliance nationale pour la fortification des aliments\u00a0 - La Tribune du Faso","og_description":"Le minist\u00e8re de la Sant\u00e9, \u00e0 travers l\u2019Alliance nationale pour la fortification des aliments (ANF), sous l\u2019\u00e9gide de la Direction de la nutrition (DN), tient sa troisi\u00e8me rencontre annuelle du 6 au 8 ao\u00fbt 2025 \u00e0 Bobo-Dioulasso.","og_url":"https:\/\/www.latribunedufaso.net\/?p=22545","og_site_name":"La Tribune du Faso","article_publisher":"https:\/\/www.facebook.com\/LatribuneduFaso\/","article_published_time":"2025-08-08T13:28:48+00:00","article_modified_time":"2025-08-08T13:29:27+00:00","og_image":[{"width":1080,"height":708,"url":"https:\/\/www.latribunedufaso.net\/wp-content\/uploads\/2025\/08\/FB_IMG_1754654900201.jpg","type":"image\/jpeg"}],"author":"Issouf Tapsoba","twitter_misc":{"\u00c9crit par":"Issouf Tapsoba","Dur\u00e9e de lecture estim\u00e9e":"3 minutes"},"schema":{"@context":"https:\/\/schema.org","@graph":[{"@type":"Article","@id":"https:\/\/www.latribunedufaso.net\/?p=22545#article","isPartOf":{"@id":"https:\/\/www.latribunedufaso.net\/?p=22545"},"author":{"name":"Issouf Tapsoba","@id":"https:\/\/www.latribunedufaso.net\/#\/schema\/person\/e54e64c5778a7e72cf80a318b7a622b0"},"headline":"Burkina\/Sant\u00e9 : Tenue de la 3\u00e8me session 2025 de l\u2019Alliance nationale pour la fortification des aliments\u00a0","datePublished":"2025-08-08T13:28:48+00:00","dateModified":"2025-08-08T13:29:27+00:00","mainEntityOfPage":{"@id":"https:\/\/www.latribunedufaso.net\/?p=22545"},"wordCount":563,"commentCount":0,"publisher":{"@id":"https:\/\/www.latribunedufaso.net\/#organization"},"image":{"@id":"https:\/\/www.latribunedufaso.net\/?p=22545#primaryimage"},"thumbnailUrl":"https:\/\/www.latribunedufaso.net\/wp-content\/uploads\/2025\/08\/FB_IMG_1754654900201.jpg","keywords":["Alliance nationale pour la fortification des aliments (ANF)","latribunedufaso.net","lutte contre la malnutrition","nutrition","Sant\u00e9"],"articleSection":["A la une","Actualit\u00e9","Sant\u00e9"],"inLanguage":"fr-FR","potentialAction":[{"@type":"CommentAction","name":"Comment","target":["https:\/\/www.latribunedufaso.net\/?p=22545#respond"]}]},{"@type":"WebPage","@id":"https:\/\/www.latribunedufaso.net\/?p=22545","url":"https:\/\/www.latribunedufaso.net\/?p=22545","name":"Burkina\/Sant\u00e9 : Tenue de la 3\u00e8me session 2025 de l\u2019Alliance nationale pour la fortification des aliments\u00a0 - La Tribune du Faso","isPartOf":{"@id":"https:\/\/www.latribunedufaso.net\/#website"},"primaryImageOfPage":{"@id":"https:\/\/www.latribunedufaso.net\/?p=22545#primaryimage"},"image":{"@id":"https:\/\/www.latribunedufaso.net\/?p=22545#primaryimage"},"thumbnailUrl":"https:\/\/www.latribunedufaso.net\/wp-content\/uploads\/2025\/08\/FB_IMG_1754654900201.jpg","datePublished":"2025-08-08T13:28:48+00:00","dateModified":"2025-08-08T13:29:27+00:00","breadcrumb":{"@id":"https:\/\/www.latribunedufaso.net\/?p=22545#breadcrumb"},"inLanguage":"fr-FR","potentialAction":[{"@type":"ReadAction","target":["https:\/\/www.latribunedufaso.net\/?p=22545"]}]},{"@type":"ImageObject","inLanguage":"fr-FR","@id":"https:\/\/www.latribunedufaso.net\/?p=22545#primaryimage","url":"https:\/\/www.latribunedufaso.net\/wp-content\/uploads\/2025\/08\/FB_IMG_1754654900201.jpg","contentUrl":"https:\/\/www.latribunedufaso.net\/wp-content\/uploads\/2025\/08\/FB_IMG_1754654900201.jpg","width":1080,"height":708,"caption":"Tenue de la 3\u00e8me session 2025 de l\u2019Alliance nationale pour la fortification des aliments\u00a0 par le minist\u00e8re de la Sant\u00e9, 6 au 8 \u00e0 Bobo"},{"@type":"BreadcrumbList","@id":"https:\/\/www.latribunedufaso.net\/?p=22545#breadcrumb","itemListElement":[{"@type":"ListItem","position":1,"name":"Accueil","item":"https:\/\/www.latribunedufaso.net\/"},{"@type":"ListItem","position":2,"name":"Burkina\/Sant\u00e9 : Tenue de la 3\u00e8me session 2025 de l\u2019Alliance nationale pour la fortification des aliments\u00a0"}]},{"@type":"WebSite","@id":"https:\/\/www.latribunedufaso.net\/#website","url":"https:\/\/www.latribunedufaso.net\/","name":"La Tribune du Faso","description":"L&#039;information du monde rural en un clic","publisher":{"@id":"https:\/\/www.latribunedufaso.net\/#organization"},"potentialAction":[{"@type":"SearchAction","target":{"@type":"EntryPoint","urlTemplate":"https:\/\/www.latribunedufaso.net\/?s={search_term_string}"},"query-input":{"@type":"PropertyValueSpecification","valueRequired":true,"valueName":"search_term_string"}}],"inLanguage":"fr-FR"},{"@type":"Organization","@id":"https:\/\/www.latribunedufaso.net\/#organization","name":"La Tribune du Faso","url":"https:\/\/www.latribunedufaso.net\/","logo":{"@type":"ImageObject","inLanguage":"fr-FR","@id":"https:\/\/www.latribunedufaso.net\/#\/schema\/logo\/image\/","url":"https:\/\/www.latribunedufaso.net\/wp-content\/uploads\/2020\/08\/Logo-Tribune-du-Faso-final-scaled.jpg","contentUrl":"https:\/\/www.latribunedufaso.net\/wp-content\/uploads\/2020\/08\/Logo-Tribune-du-Faso-final-scaled.jpg","width":2560,"height":1856,"caption":"La Tribune du Faso"},"image":{"@id":"https:\/\/www.latribunedufaso.net\/#\/schema\/logo\/image\/"},"sameAs":["https:\/\/www.facebook.com\/LatribuneduFaso\/"]},{"@type":"Person","@id":"https:\/\/www.latribunedufaso.net\/#\/schema\/person\/e54e64c5778a7e72cf80a318b7a622b0","name":"Issouf Tapsoba","image":{"@type":"ImageObject","inLanguage":"fr-FR","@id":"https:\/\/secure.gravatar.com\/avatar\/5e6c05150ce3230247d167f5b94d678eb05936197436d69b7921e3a95c9107ac?s=96&d=mm&r=g","url":"https:\/\/secure.gravatar.com\/avatar\/5e6c05150ce3230247d167f5b94d678eb05936197436d69b7921e3a95c9107ac?s=96&d=mm&r=g","contentUrl":"https:\/\/secure.gravatar.com\/avatar\/5e6c05150ce3230247d167f5b94d678eb05936197436d69b7921e3a95c9107ac?s=96&d=mm&r=g","caption":"Issouf Tapsoba"},"url":"https:\/\/www.latribunedufaso.net\/?author=5"}]}},"_links":{"self":[{"href":"https:\/\/www.latribunedufaso.net\/index.php?rest_route=\/wp\/v2\/posts\/22545","targetHints":{"allow":["GET"]}}],"collection":[{"href":"https:\/\/www.latribunedufaso.net\/index.php?rest_route=\/wp\/v2\/posts"}],"about":[{"href":"https:\/\/www.latribunedufaso.net\/index.php?rest_route=\/wp\/v2\/types\/post"}],"author":[{"embeddable":true,"href":"https:\/\/www.latribunedufaso.net\/index.php?rest_route=\/wp\/v2\/users\/5"}],"replies":[{"embeddable":true,"href":"https:\/\/www.latribunedufaso.net\/index.php?rest_route=%2Fwp%2Fv2%2Fcomments&post=22545"}],"version-history":[{"count":3,"href":"https:\/\/www.latribunedufaso.net\/index.php?rest_route=\/wp\/v2\/posts\/22545\/revisions"}],"predecessor-version":[{"id":22551,"href":"https:\/\/www.latribunedufaso.net\/index.php?rest_route=\/wp\/v2\/posts\/22545\/revisions\/22551"}],"wp:featuredmedia":[{"embeddable":true,"href":"https:\/\/www.latribunedufaso.net\/index.php?rest_route=\/wp\/v2\/media\/22548"}],"wp:attachment":[{"href":"https:\/\/www.latribunedufaso.net\/index.php?rest_route=%2Fwp%2Fv2%2Fmedia&parent=22545"}],"wp:term":[{"taxonomy":"category","embeddable":true,"href":"https:\/\/www.latribunedufaso.net\/index.php?rest_route=%2Fwp%2Fv2%2Fcategories&post=22545"},{"taxonomy":"post_tag","embeddable":true,"href":"https:\/\/www.latribunedufaso.net\/index.php?rest_route=%2Fwp%2Fv2%2Ftags&post=22545"}],"curies":[{"name":"wp","href":"https:\/\/api.w.org\/{rel}","templated":true}]}}