{"id":22512,"date":"2025-08-07T12:22:04","date_gmt":"2025-08-07T12:22:04","guid":{"rendered":"https:\/\/www.latribunedufaso.net\/?p=22512"},"modified":"2025-08-07T12:22:04","modified_gmt":"2025-08-07T12:22:04","slug":"cooperation-burkina-faso-turkmenistan-un-accord-signe-pour-renforcer-laxe-ouagadougou-achgabat","status":"publish","type":"post","link":"https:\/\/www.latribunedufaso.net\/?p=22512","title":{"rendered":"Coop\u00e9ration Burkina Faso-Turkm\u00e9nistan : un Accord sign\u00e9 pour renforcer l&rsquo;axe Ouagadougou-Achgabat"},"content":{"rendered":"<p><strong>Le 05 ao\u00fbt 2025, en marge des travaux de la 3e conf\u00e9rence sur les Pays en d\u00e9veloppement sans littoral (PDSL) qui se tient en Turkm\u00e9nistan, le ministre des Affaires \u00e9trang\u00e8res de ce pays et son homologue du Burkina Faso, ont proc\u00e9d\u00e9 \u00e0 la signature.<\/strong><!--more--><\/p>\n<p>Il s&rsquo;agit d&rsquo;un accord sur les consultations politiques entre les minist\u00e8res des Affaires \u00e9trang\u00e8res de ces deux pays, d\u00e9sireux de d\u00e9velopper davantage leurs relations dans l\u2019int\u00e9r\u00eat de leurs peuples.<\/p>\n<p>Avec la signature de cet accord, les deux parties tiendront d\u00e9sormais des consultations politiques sur leurs relations bilat\u00e9rales, ainsi que sur les sujets d\u2019int\u00e9r\u00eats commun r\u00e9gionaux et internationaux.\u00a0<\/p>\n<figure id=\"attachment_22514\" aria-describedby=\"caption-attachment-22514\" style=\"width: 1216px\" class=\"wp-caption aligncenter\"><a href=\"https:\/\/www.latribunedufaso.net\/wp-content\/uploads\/2025\/08\/FB_IMG_1754568584152.jpg\"><img loading=\"lazy\" decoding=\"async\" class=\"size-full wp-image-22514\" src=\"https:\/\/www.latribunedufaso.net\/wp-content\/uploads\/2025\/08\/FB_IMG_1754568584152.jpg\" alt=\"Signature d'un accord de coop\u00e9ration entre le Burkina Faso et le Turkm\u00e9nistan, 5 ao\u00fbt 2025\" width=\"1216\" height=\"947\" srcset=\"https:\/\/www.latribunedufaso.net\/wp-content\/uploads\/2025\/08\/FB_IMG_1754568584152.jpg 1216w, https:\/\/www.latribunedufaso.net\/wp-content\/uploads\/2025\/08\/FB_IMG_1754568584152-300x234.jpg 300w, https:\/\/www.latribunedufaso.net\/wp-content\/uploads\/2025\/08\/FB_IMG_1754568584152-1024x797.jpg 1024w, https:\/\/www.latribunedufaso.net\/wp-content\/uploads\/2025\/08\/FB_IMG_1754568584152-768x598.jpg 768w\" sizes=\"auto, (max-width: 1216px) 100vw, 1216px\" \/><\/a><figcaption id=\"caption-attachment-22514\" class=\"wp-caption-text\">Une vue de la signature de convention &#8211; Ph. DR<\/figcaption><\/figure>\n<p>Mais c&rsquo;est \u00e0 travers la signature d&rsquo;un Accord-cadre, que les domaines prioritaires de coop\u00e9ration pourront \u00eatre bien d\u00e9finis entre ce pays et le Burkina Faso, qui ont \u00e9tabli leurs relations diplomatiques en 2016.\u00a0<\/p>\n<p>Le Turkm\u00e9nistan est pr\u00e9sent\u00e9 comme un pays qui a une position strat\u00e9gique en Asie centrale, entre la Chine, d\u2019une part, et la Russie et l\u2019Europe, via la mer Caspienne, d\u2019autre part.\u00a0<\/p>\n<figure id=\"attachment_22515\" aria-describedby=\"caption-attachment-22515\" style=\"width: 801px\" class=\"wp-caption aligncenter\"><a href=\"https:\/\/www.latribunedufaso.net\/wp-content\/uploads\/2025\/08\/FB_IMG_1754568710300_1.jpg\"><img loading=\"lazy\" decoding=\"async\" class=\"size-full wp-image-22515\" src=\"https:\/\/www.latribunedufaso.net\/wp-content\/uploads\/2025\/08\/FB_IMG_1754568710300_1.jpg\" alt=\"Signature d'un accord de coop\u00e9ration entre le Burkina Faso et le Turkm\u00e9nistan, 5 ao\u00fbt 2025\" width=\"801\" height=\"601\" srcset=\"https:\/\/www.latribunedufaso.net\/wp-content\/uploads\/2025\/08\/FB_IMG_1754568710300_1.jpg 801w, https:\/\/www.latribunedufaso.net\/wp-content\/uploads\/2025\/08\/FB_IMG_1754568710300_1-300x225.jpg 300w, https:\/\/www.latribunedufaso.net\/wp-content\/uploads\/2025\/08\/FB_IMG_1754568710300_1-768x576.jpg 768w\" sizes=\"auto, (max-width: 801px) 100vw, 801px\" \/><\/a><figcaption id=\"caption-attachment-22515\" class=\"wp-caption-text\">Une vue de la partie Burkinab\u00e8 &#8211; Ph. DR<\/figcaption><\/figure>\n<p>Son \u00e9conomie est fortement d\u00e9pendante de l&rsquo;exploitation de son gaz naturel, le pays disposant de la 5e plus importante r\u00e9serve au monde, ainsi que de son p\u00e9trole qui repr\u00e9sente 60 % de ses exportations.<\/p>\n<blockquote>\n<p>Lire aussi &gt;&gt; <a href=\"https:\/\/www.latribunedufaso.net\/?p=22458\">Pays en d\u00e9veloppement sans littoral: Forger des partenariats pour un avenir plus \u00e9quitable et plus prosp\u00e8re<\/a><\/p>\n<\/blockquote>\n<p>Les hydrocarbures pourraient donc \u00eatre l&rsquo;un des secteurs de coop\u00e9ration entre le Burkina Faso et le Turkm\u00e9nistan.<\/p>\n<p><strong>Latribunedufaso.net\u00a0<\/strong><\/p>\n<p><strong>Source : DCRP\/MAECR-BE<\/strong><\/p>\n","protected":false},"excerpt":{"rendered":"<p>Le 05 ao\u00fbt 2025, en marge des travaux de la 3e conf\u00e9rence sur les Pays en d\u00e9veloppement sans littoral (PDSL) qui se tient en Turkm\u00e9nistan, le ministre des Affaires \u00e9trang\u00e8res de ce pays et son homologue du Burkina Faso, ont proc\u00e9d\u00e9 \u00e0 la signature.<\/p>\n","protected":false},"author":5,"featured_media":22513,"comment_status":"open","ping_status":"open","sticky":false,"template":"","format":"standard","meta":{"footnotes":""},"categories":[13,1,8],"tags":[1443,39,1436],"class_list":["post-22512","post","type-post","status-publish","format-standard","has-post-thumbnail","hentry","category-une","category-actu","category-societe","tag-cooperation-burkina-faso-et-turkmenistan","tag-latribunedufaso-net","tag-pays-en-developpement-sans-littoral-pdsl"],"yoast_head":"<!-- This site is optimized with the Yoast SEO plugin v27.5 - https:\/\/yoast.com\/product\/yoast-seo-wordpress\/ -->\n<title>Coop\u00e9ration Burkina Faso-Turkm\u00e9nistan : un Accord sign\u00e9 pour renforcer l&#039;axe Ouagadougou-Achgabat - La Tribune du Faso<\/title>\n<meta name=\"robots\" content=\"index, follow, max-snippet:-1, max-image-preview:large, max-video-preview:-1\" \/>\n<link rel=\"canonical\" href=\"https:\/\/www.latribunedufaso.net\/?p=22512\" \/>\n<meta property=\"og:locale\" content=\"fr_FR\" \/>\n<meta property=\"og:type\" content=\"article\" \/>\n<meta property=\"og:title\" content=\"Coop\u00e9ration Burkina Faso-Turkm\u00e9nistan : un Accord sign\u00e9 pour renforcer l&#039;axe Ouagadougou-Achgabat - La Tribune du Faso\" \/>\n<meta property=\"og:description\" content=\"Le 05 ao\u00fbt 2025, en marge des travaux de la 3e conf\u00e9rence sur les Pays en d\u00e9veloppement sans littoral (PDSL) qui se tient en Turkm\u00e9nistan, le ministre des Affaires \u00e9trang\u00e8res de ce pays et son homologue du Burkina Faso, ont proc\u00e9d\u00e9 \u00e0 la signature.\" \/>\n<meta property=\"og:url\" content=\"https:\/\/www.latribunedufaso.net\/?p=22512\" \/>\n<meta property=\"og:site_name\" content=\"La Tribune du Faso\" \/>\n<meta property=\"article:publisher\" content=\"https:\/\/www.facebook.com\/LatribuneduFaso\/\" \/>\n<meta property=\"article:published_time\" content=\"2025-08-07T12:22:04+00:00\" \/>\n<meta property=\"og:image\" content=\"https:\/\/www.latribunedufaso.net\/wp-content\/uploads\/2025\/08\/FB_IMG_1754568612090_1.jpg\" \/>\n\t<meta property=\"og:image:width\" content=\"1080\" \/>\n\t<meta property=\"og:image:height\" content=\"810\" \/>\n\t<meta property=\"og:image:type\" content=\"image\/jpeg\" \/>\n<meta name=\"author\" content=\"Issouf Tapsoba\" \/>\n<meta name=\"twitter:label1\" content=\"\u00c9crit par\" \/>\n\t<meta name=\"twitter:data1\" content=\"Issouf Tapsoba\" \/>\n\t<meta name=\"twitter:label2\" content=\"Dur\u00e9e de lecture estim\u00e9e\" \/>\n\t<meta name=\"twitter:data2\" content=\"2 minutes\" \/>\n<script type=\"application\/ld+json\" class=\"yoast-schema-graph\">{\"@context\":\"https:\\\/\\\/schema.org\",\"@graph\":[{\"@type\":\"Article\",\"@id\":\"https:\\\/\\\/www.latribunedufaso.net\\\/?p=22512#article\",\"isPartOf\":{\"@id\":\"https:\\\/\\\/www.latribunedufaso.net\\\/?p=22512\"},\"author\":{\"name\":\"Issouf Tapsoba\",\"@id\":\"https:\\\/\\\/www.latribunedufaso.net\\\/#\\\/schema\\\/person\\\/e54e64c5778a7e72cf80a318b7a622b0\"},\"headline\":\"Coop\u00e9ration Burkina Faso-Turkm\u00e9nistan : un Accord sign\u00e9 pour renforcer l&rsquo;axe Ouagadougou-Achgabat\",\"datePublished\":\"2025-08-07T12:22:04+00:00\",\"mainEntityOfPage\":{\"@id\":\"https:\\\/\\\/www.latribunedufaso.net\\\/?p=22512\"},\"wordCount\":321,\"commentCount\":0,\"publisher\":{\"@id\":\"https:\\\/\\\/www.latribunedufaso.net\\\/#organization\"},\"image\":{\"@id\":\"https:\\\/\\\/www.latribunedufaso.net\\\/?p=22512#primaryimage\"},\"thumbnailUrl\":\"https:\\\/\\\/www.latribunedufaso.net\\\/wp-content\\\/uploads\\\/2025\\\/08\\\/FB_IMG_1754568612090_1.jpg\",\"keywords\":[\"Coop\u00e9ration Burkina Faso et Turkm\u00e9nistan\",\"latribunedufaso.net\",\"Pays en d\u00e9veloppement sans littoral (PDSL)\"],\"articleSection\":[\"A la une\",\"Actualit\u00e9\",\"Soci\u00e9t\u00e9\"],\"inLanguage\":\"fr-FR\",\"potentialAction\":[{\"@type\":\"CommentAction\",\"name\":\"Comment\",\"target\":[\"https:\\\/\\\/www.latribunedufaso.net\\\/?p=22512#respond\"]}]},{\"@type\":\"WebPage\",\"@id\":\"https:\\\/\\\/www.latribunedufaso.net\\\/?p=22512\",\"url\":\"https:\\\/\\\/www.latribunedufaso.net\\\/?p=22512\",\"name\":\"Coop\u00e9ration Burkina Faso-Turkm\u00e9nistan : un Accord sign\u00e9 pour renforcer l'axe Ouagadougou-Achgabat - La Tribune du Faso\",\"isPartOf\":{\"@id\":\"https:\\\/\\\/www.latribunedufaso.net\\\/#website\"},\"primaryImageOfPage\":{\"@id\":\"https:\\\/\\\/www.latribunedufaso.net\\\/?p=22512#primaryimage\"},\"image\":{\"@id\":\"https:\\\/\\\/www.latribunedufaso.net\\\/?p=22512#primaryimage\"},\"thumbnailUrl\":\"https:\\\/\\\/www.latribunedufaso.net\\\/wp-content\\\/uploads\\\/2025\\\/08\\\/FB_IMG_1754568612090_1.jpg\",\"datePublished\":\"2025-08-07T12:22:04+00:00\",\"breadcrumb\":{\"@id\":\"https:\\\/\\\/www.latribunedufaso.net\\\/?p=22512#breadcrumb\"},\"inLanguage\":\"fr-FR\",\"potentialAction\":[{\"@type\":\"ReadAction\",\"target\":[\"https:\\\/\\\/www.latribunedufaso.net\\\/?p=22512\"]}]},{\"@type\":\"ImageObject\",\"inLanguage\":\"fr-FR\",\"@id\":\"https:\\\/\\\/www.latribunedufaso.net\\\/?p=22512#primaryimage\",\"url\":\"https:\\\/\\\/www.latribunedufaso.net\\\/wp-content\\\/uploads\\\/2025\\\/08\\\/FB_IMG_1754568612090_1.jpg\",\"contentUrl\":\"https:\\\/\\\/www.latribunedufaso.net\\\/wp-content\\\/uploads\\\/2025\\\/08\\\/FB_IMG_1754568612090_1.jpg\",\"width\":1080,\"height\":810,\"caption\":\"Signature d'un accord de coop\u00e9ration entre le Burkina Faso et le Turkm\u00e9nistan, 5 ao\u00fbt 2025\"},{\"@type\":\"BreadcrumbList\",\"@id\":\"https:\\\/\\\/www.latribunedufaso.net\\\/?p=22512#breadcrumb\",\"itemListElement\":[{\"@type\":\"ListItem\",\"position\":1,\"name\":\"Accueil\",\"item\":\"https:\\\/\\\/www.latribunedufaso.net\\\/\"},{\"@type\":\"ListItem\",\"position\":2,\"name\":\"Coop\u00e9ration Burkina Faso-Turkm\u00e9nistan : un Accord sign\u00e9 pour renforcer l&rsquo;axe Ouagadougou-Achgabat\"}]},{\"@type\":\"WebSite\",\"@id\":\"https:\\\/\\\/www.latribunedufaso.net\\\/#website\",\"url\":\"https:\\\/\\\/www.latribunedufaso.net\\\/\",\"name\":\"La Tribune du Faso\",\"description\":\"L&#039;information du monde rural en un clic\",\"publisher\":{\"@id\":\"https:\\\/\\\/www.latribunedufaso.net\\\/#organization\"},\"potentialAction\":[{\"@type\":\"SearchAction\",\"target\":{\"@type\":\"EntryPoint\",\"urlTemplate\":\"https:\\\/\\\/www.latribunedufaso.net\\\/?s={search_term_string}\"},\"query-input\":{\"@type\":\"PropertyValueSpecification\",\"valueRequired\":true,\"valueName\":\"search_term_string\"}}],\"inLanguage\":\"fr-FR\"},{\"@type\":\"Organization\",\"@id\":\"https:\\\/\\\/www.latribunedufaso.net\\\/#organization\",\"name\":\"La Tribune du Faso\",\"url\":\"https:\\\/\\\/www.latribunedufaso.net\\\/\",\"logo\":{\"@type\":\"ImageObject\",\"inLanguage\":\"fr-FR\",\"@id\":\"https:\\\/\\\/www.latribunedufaso.net\\\/#\\\/schema\\\/logo\\\/image\\\/\",\"url\":\"https:\\\/\\\/www.latribunedufaso.net\\\/wp-content\\\/uploads\\\/2020\\\/08\\\/Logo-Tribune-du-Faso-final-scaled.jpg\",\"contentUrl\":\"https:\\\/\\\/www.latribunedufaso.net\\\/wp-content\\\/uploads\\\/2020\\\/08\\\/Logo-Tribune-du-Faso-final-scaled.jpg\",\"width\":2560,\"height\":1856,\"caption\":\"La Tribune du Faso\"},\"image\":{\"@id\":\"https:\\\/\\\/www.latribunedufaso.net\\\/#\\\/schema\\\/logo\\\/image\\\/\"},\"sameAs\":[\"https:\\\/\\\/www.facebook.com\\\/LatribuneduFaso\\\/\"]},{\"@type\":\"Person\",\"@id\":\"https:\\\/\\\/www.latribunedufaso.net\\\/#\\\/schema\\\/person\\\/e54e64c5778a7e72cf80a318b7a622b0\",\"name\":\"Issouf Tapsoba\",\"image\":{\"@type\":\"ImageObject\",\"inLanguage\":\"fr-FR\",\"@id\":\"https:\\\/\\\/secure.gravatar.com\\\/avatar\\\/5e6c05150ce3230247d167f5b94d678eb05936197436d69b7921e3a95c9107ac?s=96&d=mm&r=g\",\"url\":\"https:\\\/\\\/secure.gravatar.com\\\/avatar\\\/5e6c05150ce3230247d167f5b94d678eb05936197436d69b7921e3a95c9107ac?s=96&d=mm&r=g\",\"contentUrl\":\"https:\\\/\\\/secure.gravatar.com\\\/avatar\\\/5e6c05150ce3230247d167f5b94d678eb05936197436d69b7921e3a95c9107ac?s=96&d=mm&r=g\",\"caption\":\"Issouf Tapsoba\"},\"url\":\"https:\\\/\\\/www.latribunedufaso.net\\\/?author=5\"}]}<\/script>\n<!-- \/ Yoast SEO plugin. -->","yoast_head_json":{"title":"Coop\u00e9ration Burkina Faso-Turkm\u00e9nistan : un Accord sign\u00e9 pour renforcer l'axe Ouagadougou-Achgabat - La Tribune du Faso","robots":{"index":"index","follow":"follow","max-snippet":"max-snippet:-1","max-image-preview":"max-image-preview:large","max-video-preview":"max-video-preview:-1"},"canonical":"https:\/\/www.latribunedufaso.net\/?p=22512","og_locale":"fr_FR","og_type":"article","og_title":"Coop\u00e9ration Burkina Faso-Turkm\u00e9nistan : un Accord sign\u00e9 pour renforcer l'axe Ouagadougou-Achgabat - La Tribune du Faso","og_description":"Le 05 ao\u00fbt 2025, en marge des travaux de la 3e conf\u00e9rence sur les Pays en d\u00e9veloppement sans littoral (PDSL) qui se tient en Turkm\u00e9nistan, le ministre des Affaires \u00e9trang\u00e8res de ce pays et son homologue du Burkina Faso, ont proc\u00e9d\u00e9 \u00e0 la signature.","og_url":"https:\/\/www.latribunedufaso.net\/?p=22512","og_site_name":"La Tribune du Faso","article_publisher":"https:\/\/www.facebook.com\/LatribuneduFaso\/","article_published_time":"2025-08-07T12:22:04+00:00","og_image":[{"width":1080,"height":810,"url":"https:\/\/www.latribunedufaso.net\/wp-content\/uploads\/2025\/08\/FB_IMG_1754568612090_1.jpg","type":"image\/jpeg"}],"author":"Issouf Tapsoba","twitter_misc":{"\u00c9crit par":"Issouf Tapsoba","Dur\u00e9e de lecture estim\u00e9e":"2 minutes"},"schema":{"@context":"https:\/\/schema.org","@graph":[{"@type":"Article","@id":"https:\/\/www.latribunedufaso.net\/?p=22512#article","isPartOf":{"@id":"https:\/\/www.latribunedufaso.net\/?p=22512"},"author":{"name":"Issouf Tapsoba","@id":"https:\/\/www.latribunedufaso.net\/#\/schema\/person\/e54e64c5778a7e72cf80a318b7a622b0"},"headline":"Coop\u00e9ration Burkina Faso-Turkm\u00e9nistan : un Accord sign\u00e9 pour renforcer l&rsquo;axe Ouagadougou-Achgabat","datePublished":"2025-08-07T12:22:04+00:00","mainEntityOfPage":{"@id":"https:\/\/www.latribunedufaso.net\/?p=22512"},"wordCount":321,"commentCount":0,"publisher":{"@id":"https:\/\/www.latribunedufaso.net\/#organization"},"image":{"@id":"https:\/\/www.latribunedufaso.net\/?p=22512#primaryimage"},"thumbnailUrl":"https:\/\/www.latribunedufaso.net\/wp-content\/uploads\/2025\/08\/FB_IMG_1754568612090_1.jpg","keywords":["Coop\u00e9ration Burkina Faso et Turkm\u00e9nistan","latribunedufaso.net","Pays en d\u00e9veloppement sans littoral (PDSL)"],"articleSection":["A la une","Actualit\u00e9","Soci\u00e9t\u00e9"],"inLanguage":"fr-FR","potentialAction":[{"@type":"CommentAction","name":"Comment","target":["https:\/\/www.latribunedufaso.net\/?p=22512#respond"]}]},{"@type":"WebPage","@id":"https:\/\/www.latribunedufaso.net\/?p=22512","url":"https:\/\/www.latribunedufaso.net\/?p=22512","name":"Coop\u00e9ration Burkina Faso-Turkm\u00e9nistan : un Accord sign\u00e9 pour renforcer l'axe Ouagadougou-Achgabat - La Tribune du Faso","isPartOf":{"@id":"https:\/\/www.latribunedufaso.net\/#website"},"primaryImageOfPage":{"@id":"https:\/\/www.latribunedufaso.net\/?p=22512#primaryimage"},"image":{"@id":"https:\/\/www.latribunedufaso.net\/?p=22512#primaryimage"},"thumbnailUrl":"https:\/\/www.latribunedufaso.net\/wp-content\/uploads\/2025\/08\/FB_IMG_1754568612090_1.jpg","datePublished":"2025-08-07T12:22:04+00:00","breadcrumb":{"@id":"https:\/\/www.latribunedufaso.net\/?p=22512#breadcrumb"},"inLanguage":"fr-FR","potentialAction":[{"@type":"ReadAction","target":["https:\/\/www.latribunedufaso.net\/?p=22512"]}]},{"@type":"ImageObject","inLanguage":"fr-FR","@id":"https:\/\/www.latribunedufaso.net\/?p=22512#primaryimage","url":"https:\/\/www.latribunedufaso.net\/wp-content\/uploads\/2025\/08\/FB_IMG_1754568612090_1.jpg","contentUrl":"https:\/\/www.latribunedufaso.net\/wp-content\/uploads\/2025\/08\/FB_IMG_1754568612090_1.jpg","width":1080,"height":810,"caption":"Signature d'un accord de coop\u00e9ration entre le Burkina Faso et le Turkm\u00e9nistan, 5 ao\u00fbt 2025"},{"@type":"BreadcrumbList","@id":"https:\/\/www.latribunedufaso.net\/?p=22512#breadcrumb","itemListElement":[{"@type":"ListItem","position":1,"name":"Accueil","item":"https:\/\/www.latribunedufaso.net\/"},{"@type":"ListItem","position":2,"name":"Coop\u00e9ration Burkina Faso-Turkm\u00e9nistan : un Accord sign\u00e9 pour renforcer l&rsquo;axe Ouagadougou-Achgabat"}]},{"@type":"WebSite","@id":"https:\/\/www.latribunedufaso.net\/#website","url":"https:\/\/www.latribunedufaso.net\/","name":"La Tribune du Faso","description":"L&#039;information du monde rural en un clic","publisher":{"@id":"https:\/\/www.latribunedufaso.net\/#organization"},"potentialAction":[{"@type":"SearchAction","target":{"@type":"EntryPoint","urlTemplate":"https:\/\/www.latribunedufaso.net\/?s={search_term_string}"},"query-input":{"@type":"PropertyValueSpecification","valueRequired":true,"valueName":"search_term_string"}}],"inLanguage":"fr-FR"},{"@type":"Organization","@id":"https:\/\/www.latribunedufaso.net\/#organization","name":"La Tribune du Faso","url":"https:\/\/www.latribunedufaso.net\/","logo":{"@type":"ImageObject","inLanguage":"fr-FR","@id":"https:\/\/www.latribunedufaso.net\/#\/schema\/logo\/image\/","url":"https:\/\/www.latribunedufaso.net\/wp-content\/uploads\/2020\/08\/Logo-Tribune-du-Faso-final-scaled.jpg","contentUrl":"https:\/\/www.latribunedufaso.net\/wp-content\/uploads\/2020\/08\/Logo-Tribune-du-Faso-final-scaled.jpg","width":2560,"height":1856,"caption":"La Tribune du Faso"},"image":{"@id":"https:\/\/www.latribunedufaso.net\/#\/schema\/logo\/image\/"},"sameAs":["https:\/\/www.facebook.com\/LatribuneduFaso\/"]},{"@type":"Person","@id":"https:\/\/www.latribunedufaso.net\/#\/schema\/person\/e54e64c5778a7e72cf80a318b7a622b0","name":"Issouf Tapsoba","image":{"@type":"ImageObject","inLanguage":"fr-FR","@id":"https:\/\/secure.gravatar.com\/avatar\/5e6c05150ce3230247d167f5b94d678eb05936197436d69b7921e3a95c9107ac?s=96&d=mm&r=g","url":"https:\/\/secure.gravatar.com\/avatar\/5e6c05150ce3230247d167f5b94d678eb05936197436d69b7921e3a95c9107ac?s=96&d=mm&r=g","contentUrl":"https:\/\/secure.gravatar.com\/avatar\/5e6c05150ce3230247d167f5b94d678eb05936197436d69b7921e3a95c9107ac?s=96&d=mm&r=g","caption":"Issouf Tapsoba"},"url":"https:\/\/www.latribunedufaso.net\/?author=5"}]}},"_links":{"self":[{"href":"https:\/\/www.latribunedufaso.net\/index.php?rest_route=\/wp\/v2\/posts\/22512","targetHints":{"allow":["GET"]}}],"collection":[{"href":"https:\/\/www.latribunedufaso.net\/index.php?rest_route=\/wp\/v2\/posts"}],"about":[{"href":"https:\/\/www.latribunedufaso.net\/index.php?rest_route=\/wp\/v2\/types\/post"}],"author":[{"embeddable":true,"href":"https:\/\/www.latribunedufaso.net\/index.php?rest_route=\/wp\/v2\/users\/5"}],"replies":[{"embeddable":true,"href":"https:\/\/www.latribunedufaso.net\/index.php?rest_route=%2Fwp%2Fv2%2Fcomments&post=22512"}],"version-history":[{"count":1,"href":"https:\/\/www.latribunedufaso.net\/index.php?rest_route=\/wp\/v2\/posts\/22512\/revisions"}],"predecessor-version":[{"id":22516,"href":"https:\/\/www.latribunedufaso.net\/index.php?rest_route=\/wp\/v2\/posts\/22512\/revisions\/22516"}],"wp:featuredmedia":[{"embeddable":true,"href":"https:\/\/www.latribunedufaso.net\/index.php?rest_route=\/wp\/v2\/media\/22513"}],"wp:attachment":[{"href":"https:\/\/www.latribunedufaso.net\/index.php?rest_route=%2Fwp%2Fv2%2Fmedia&parent=22512"}],"wp:term":[{"taxonomy":"category","embeddable":true,"href":"https:\/\/www.latribunedufaso.net\/index.php?rest_route=%2Fwp%2Fv2%2Fcategories&post=22512"},{"taxonomy":"post_tag","embeddable":true,"href":"https:\/\/www.latribunedufaso.net\/index.php?rest_route=%2Fwp%2Fv2%2Ftags&post=22512"}],"curies":[{"name":"wp","href":"https:\/\/api.w.org\/{rel}","templated":true}]}}