{"id":22506,"date":"2025-08-06T15:59:22","date_gmt":"2025-08-06T15:59:22","guid":{"rendered":"https:\/\/www.latribunedufaso.net\/?p=22506"},"modified":"2025-09-17T17:37:19","modified_gmt":"2025-09-17T17:37:19","slug":"examens-scolaires-2025-et-immersion-patriotique-le-ministre-aboubacar-savadogo-donne-des-details","status":"publish","type":"post","link":"https:\/\/www.latribunedufaso.net\/?p=22506","title":{"rendered":"Examens scolaires 2025 et immersion patriotique : Le ministre Aboubacar Savadogo donne des d\u00e9tails\u00a0"},"content":{"rendered":"<p><strong>Le minist\u00e8re de l\u2019Enseignement secondaire et de la Formation professionnelle et technique (MESFPT) a tenu une conf\u00e9rence de presse, le 06 ao\u00fbt 2025 \u00e0 Ouagadougou. L&rsquo;objectif de cette conf\u00e9rence selon le ministre de l&rsquo;Enseignement secondaire et de la Formation professionnelle et technique, Boubakar Savadogo est de donner plus d\u2019information et d\u2019\u00e9clairage sur le bilan des examens scolaires de l\u2019ann\u00e9e 2025, la tenue de l\u2019immersion patriotique obligatoire et les perspectives du minist\u00e8re. <\/strong><!--more--><\/p>\n<p>Au BEPC, le taux d\u2019admission s\u2019\u00e9tablit \u00e0 48,23 %, contre 47,19 % en 2024. Le BEP\/CAP enregistre 71,91 % de succ\u00e8s (contre 68,73 %), tandis que le Baccalaur\u00e9at franchit la barre des 56,61 % (contre 52,61 %). Le Certificat de qualification professionnelle (CQP) atteint pour sa part 86,03 % d\u2019admis, soit une hausse de plus de 4 points. Les r\u00e9sultats du BQP, du BPT et du BPTS seront connus fin septembre 2025.<\/p>\n<p>Pour le ministre Boubacar Savadogo, ces performances sont le fruit des efforts conjoints du corps enseignant, des parents, des \u00e9l\u00e8ves, mais aussi de l\u2019am\u00e9lioration du syst\u00e8me informatique de gestion des examens (SIGEC). Il n\u2019a pas manqu\u00e9 de saluer l\u2019appui des Forces de d\u00e9fense et de s\u00e9curit\u00e9, gr\u00e2ce \u00e0 qui les \u00e9preuves ont pu se tenir dans un contexte s\u00e9curitaire ma\u00eetris\u00e9.<\/p>\n<figure id=\"attachment_22509\" aria-describedby=\"caption-attachment-22509\" style=\"width: 2560px\" class=\"wp-caption aligncenter\"><a href=\"https:\/\/www.latribunedufaso.net\/wp-content\/uploads\/2025\/08\/IMG-20250807-WA0019.jpg\"><img loading=\"lazy\" decoding=\"async\" class=\"size-full wp-image-22509\" src=\"https:\/\/www.latribunedufaso.net\/wp-content\/uploads\/2025\/08\/IMG-20250807-WA0019.jpg\" alt=\"Conf\u00e9rence de presse du minist\u00e8re en charge de l'Enseignement secondaire sur les r\u00e9sultats des examens et concours scolaires 2025 et l'immersion patriotique, 6 ao\u00fbt 2025\" width=\"2560\" height=\"1440\" srcset=\"https:\/\/www.latribunedufaso.net\/wp-content\/uploads\/2025\/08\/IMG-20250807-WA0019.jpg 2560w, https:\/\/www.latribunedufaso.net\/wp-content\/uploads\/2025\/08\/IMG-20250807-WA0019-300x169.jpg 300w, https:\/\/www.latribunedufaso.net\/wp-content\/uploads\/2025\/08\/IMG-20250807-WA0019-1024x576.jpg 1024w, https:\/\/www.latribunedufaso.net\/wp-content\/uploads\/2025\/08\/IMG-20250807-WA0019-768x432.jpg 768w, https:\/\/www.latribunedufaso.net\/wp-content\/uploads\/2025\/08\/IMG-20250807-WA0019-1536x864.jpg 1536w, https:\/\/www.latribunedufaso.net\/wp-content\/uploads\/2025\/08\/IMG-20250807-WA0019-2048x1152.jpg 2048w\" sizes=\"auto, (max-width: 2560px) 100vw, 2560px\" \/><\/a><figcaption id=\"caption-attachment-22509\" class=\"wp-caption-text\">Le ministre de l&rsquo;Enseignement secondaire et de la Formation professionnelle et technique, Boubakar Savadogo &#8211; Ph. N. Ouattara<\/figcaption><\/figure>\n<p>Cependant, sous ces <em><strong>\u00ab bons \u00bb<\/strong><\/em> r\u00e9sultats demeurent des disparit\u00e9s. En effet, si les filles repr\u00e9sentent 60 % des candidats au BEPC, elles ne comptent que pour 44 % des admis contre 54,5 % chez les gar\u00e7ons. Au Baccalaur\u00e9at, la s\u00e9rie D totalise 52 % des laur\u00e9ats, suivie de la s\u00e9rie A (33 %) et des s\u00e9ries techniques, scientifiques et professionnelles (25 %).<\/p>\n<p>Adopt\u00e9e en Conseil des ministres le 2 mai 2025, l\u2019immersion patriotique obligatoire cible pour cette premi\u00e8re \u00e9dition les nouveaux bacheliers. Ils sont plus de 60 000 jeunes \u00e0 \u00eatre attendus \u00e0 partir du 11 ao\u00fbt 2025 dans les treize chefs-lieux de r\u00e9gion et certaines provinces pour suivre un programme de formation articul\u00e9 autour de modules li\u00e9s \u00e0 l\u2019identit\u00e9 nationale, au civisme, \u00e0 la coh\u00e9sion sociale, \u00e0 la s\u00e9curit\u00e9 num\u00e9rique ou encore \u00e0 l\u2019entrepreneuriat.<\/p>\n<figure id=\"attachment_22510\" aria-describedby=\"caption-attachment-22510\" style=\"width: 2560px\" class=\"wp-caption aligncenter\"><a href=\"https:\/\/www.latribunedufaso.net\/wp-content\/uploads\/2025\/08\/IMG-20250807-WA0020.jpg\"><img loading=\"lazy\" decoding=\"async\" class=\"size-full wp-image-22510\" src=\"https:\/\/www.latribunedufaso.net\/wp-content\/uploads\/2025\/08\/IMG-20250807-WA0020.jpg\" alt=\"Conf\u00e9rence de presse du minist\u00e8re en charge de l'Enseignement secondaire sur les r\u00e9sultats des examens et concours scolaires 2025 et l'immersion patriotique, 6 ao\u00fbt 2025\" width=\"2560\" height=\"1440\" srcset=\"https:\/\/www.latribunedufaso.net\/wp-content\/uploads\/2025\/08\/IMG-20250807-WA0020.jpg 2560w, https:\/\/www.latribunedufaso.net\/wp-content\/uploads\/2025\/08\/IMG-20250807-WA0020-300x169.jpg 300w, https:\/\/www.latribunedufaso.net\/wp-content\/uploads\/2025\/08\/IMG-20250807-WA0020-1024x576.jpg 1024w, https:\/\/www.latribunedufaso.net\/wp-content\/uploads\/2025\/08\/IMG-20250807-WA0020-768x432.jpg 768w, https:\/\/www.latribunedufaso.net\/wp-content\/uploads\/2025\/08\/IMG-20250807-WA0020-1536x864.jpg 1536w, https:\/\/www.latribunedufaso.net\/wp-content\/uploads\/2025\/08\/IMG-20250807-WA0020-2048x1152.jpg 2048w\" sizes=\"auto, (max-width: 2560px) 100vw, 2560px\" \/><\/a><figcaption id=\"caption-attachment-22510\" class=\"wp-caption-text\">Une vue des journalistes \u00e0 la conf\u00e9rence de presse &#8211; Ph. N. Ouattara<\/figcaption><\/figure>\n<p>S\u2019inscrivant dans la vision du Pr\u00e9sident du Faso, le MESFPT pr\u00e9voit, \u00e0 l\u2019horizon 2050, de faire passer le taux d\u2019orientation vers l\u2019Enseignement et la Formation techniques et professionnels (EFTP) de 5 % en 2025 \u00e0 60 %. \u00c0 court terme, il annonce entre l\u2019initiation aux m\u00e9tiers pour les \u00e9l\u00e8ves de la 6e \u00e0 la Terminale pendant les vacances scolaires ; l\u2019ouverture de fili\u00e8res technologiques et professionnelles dans toutes les r\u00e9gions d\u00e8s la rentr\u00e9e 2025-2026 ; l\u2019\u00e9laboration d\u2019une strat\u00e9gie nationale de promotion des fili\u00e8res scientifiques et technologiques.<\/p>\n<blockquote><p>\n<iframe loading=\"lazy\" width=\"560\" height=\"315\" src=\"https:\/\/www.youtube.com\/embed\/zle08sJ-W2E?si=X3_7Ikp_tWC5zunq\" title=\"YouTube video player\" frameborder=\"0\" allow=\"accelerometer; autoplay; clipboard-write; encrypted-media; gyroscope; picture-in-picture; web-share\" referrerpolicy=\"strict-origin-when-cross-origin\" allowfullscreen><\/iframe><\/p>\n<p>Lire aussi &gt;&gt; <a href=\"https:\/\/www.latribunedufaso.net\/?p=20862\">Immersion patriotique obligatoire pour les \u00e9l\u00e8ves : Le ministre Boubacar Savadogo explique les modalit\u00e9s de mise en \u0153uvre\u00a0<\/a><\/p>\n<\/blockquote>\n<p>Tout en remerciant les acteurs de l\u2019\u00e9ducation, le ministre Boubakar Savadogo a r\u00e9affirm\u00e9 l\u2019engagement de son d\u00e9partement \u00e0 faire de la jeunesse burkinab\u00e8 un capital humain patriote et les doter de comp\u00e9tences n\u00e9cessaires pour participer activement au d\u00e9veloppement de la nation.<\/p>\n<p><strong>Nabintou OUATTARA<\/strong><\/p>\n<p><strong>Latribunedufaso.net\u00a0<\/strong><\/p>\n","protected":false},"excerpt":{"rendered":"<p>Le minist\u00e8re de l\u2019Enseignement secondaire et de la Formation professionnelle et technique (MESFPT) a tenu une conf\u00e9rence de presse, le 06 ao\u00fbt 2025 \u00e0 Ouagadougou. L&rsquo;objectif de cette conf\u00e9rence selon le ministre de l&rsquo;Enseignement secondaire et de la Formation professionnelle et technique, Boubakar Savadogo est de donner plus d\u2019information et d\u2019\u00e9clairage sur le bilan des examens scolaires de l\u2019ann\u00e9e 2025, la tenue de l\u2019immersion patriotique obligatoire et les perspectives du minist\u00e8re.<\/p>\n","protected":false},"author":5,"featured_media":22508,"comment_status":"open","ping_status":"open","sticky":false,"template":"","format":"standard","meta":{"footnotes":""},"categories":[13,1,31],"tags":[1442,1109,1101,39],"class_list":["post-22506","post","type-post","status-publish","format-standard","has-post-thumbnail","hentry","category-une","category-actu","category-education","tag-enseignement-secondaire","tag-examen-session-2025-burkina","tag-immersion-patriotique-obligatoire-pour-les-eleves","tag-latribunedufaso-net"],"yoast_head":"<!-- This site is optimized with the Yoast SEO plugin v27.4 - https:\/\/yoast.com\/product\/yoast-seo-wordpress\/ -->\n<title>Examens scolaires 2025 et immersion patriotique : Le ministre Aboubacar Savadogo donne des d\u00e9tails\u00a0 - La Tribune du Faso<\/title>\n<meta name=\"robots\" content=\"index, follow, max-snippet:-1, max-image-preview:large, max-video-preview:-1\" \/>\n<link rel=\"canonical\" href=\"https:\/\/www.latribunedufaso.net\/?p=22506\" \/>\n<meta property=\"og:locale\" content=\"fr_FR\" \/>\n<meta property=\"og:type\" content=\"article\" \/>\n<meta property=\"og:title\" content=\"Examens scolaires 2025 et immersion patriotique : Le ministre Aboubacar Savadogo donne des d\u00e9tails\u00a0 - La Tribune du Faso\" \/>\n<meta property=\"og:description\" content=\"Le minist\u00e8re de l\u2019Enseignement secondaire et de la Formation professionnelle et technique (MESFPT) a tenu une conf\u00e9rence de presse, le 06 ao\u00fbt 2025 \u00e0 Ouagadougou. L&rsquo;objectif de cette conf\u00e9rence selon le ministre de l&rsquo;Enseignement secondaire et de la Formation professionnelle et technique, Boubakar Savadogo est de donner plus d\u2019information et d\u2019\u00e9clairage sur le bilan des examens scolaires de l\u2019ann\u00e9e 2025, la tenue de l\u2019immersion patriotique obligatoire et les perspectives du minist\u00e8re.\" \/>\n<meta property=\"og:url\" content=\"https:\/\/www.latribunedufaso.net\/?p=22506\" \/>\n<meta property=\"og:site_name\" content=\"La Tribune du Faso\" \/>\n<meta property=\"article:publisher\" content=\"https:\/\/www.facebook.com\/LatribuneduFaso\/\" \/>\n<meta property=\"article:published_time\" content=\"2025-08-06T15:59:22+00:00\" \/>\n<meta property=\"article:modified_time\" content=\"2025-09-17T17:37:19+00:00\" \/>\n<meta property=\"og:image\" content=\"https:\/\/www.latribunedufaso.net\/wp-content\/uploads\/2025\/08\/IMG-20250806-WA0093.jpg\" \/>\n\t<meta property=\"og:image:width\" content=\"2560\" \/>\n\t<meta property=\"og:image:height\" content=\"1440\" \/>\n\t<meta property=\"og:image:type\" content=\"image\/jpeg\" \/>\n<meta name=\"author\" content=\"Issouf Tapsoba\" \/>\n<meta name=\"twitter:label1\" content=\"\u00c9crit par\" \/>\n\t<meta name=\"twitter:data1\" content=\"Issouf Tapsoba\" \/>\n\t<meta name=\"twitter:label2\" content=\"Dur\u00e9e de lecture estim\u00e9e\" \/>\n\t<meta name=\"twitter:data2\" content=\"3 minutes\" \/>\n<script type=\"application\/ld+json\" class=\"yoast-schema-graph\">{\"@context\":\"https:\\\/\\\/schema.org\",\"@graph\":[{\"@type\":\"Article\",\"@id\":\"https:\\\/\\\/www.latribunedufaso.net\\\/?p=22506#article\",\"isPartOf\":{\"@id\":\"https:\\\/\\\/www.latribunedufaso.net\\\/?p=22506\"},\"author\":{\"name\":\"Issouf Tapsoba\",\"@id\":\"https:\\\/\\\/www.latribunedufaso.net\\\/#\\\/schema\\\/person\\\/e54e64c5778a7e72cf80a318b7a622b0\"},\"headline\":\"Examens scolaires 2025 et immersion patriotique : Le ministre Aboubacar Savadogo donne des d\u00e9tails\u00a0\",\"datePublished\":\"2025-08-06T15:59:22+00:00\",\"dateModified\":\"2025-09-17T17:37:19+00:00\",\"mainEntityOfPage\":{\"@id\":\"https:\\\/\\\/www.latribunedufaso.net\\\/?p=22506\"},\"wordCount\":566,\"commentCount\":0,\"publisher\":{\"@id\":\"https:\\\/\\\/www.latribunedufaso.net\\\/#organization\"},\"image\":{\"@id\":\"https:\\\/\\\/www.latribunedufaso.net\\\/?p=22506#primaryimage\"},\"thumbnailUrl\":\"https:\\\/\\\/www.latribunedufaso.net\\\/wp-content\\\/uploads\\\/2025\\\/08\\\/IMG-20250806-WA0093.jpg\",\"keywords\":[\"Enseignement secondaire\",\"Examen session 2025 Burkina\",\"immersion patriotique obligatoire pour les \u00e9l\u00e8ves\",\"latribunedufaso.net\"],\"articleSection\":[\"A la une\",\"Actualit\u00e9\",\"\u00c9ducation\"],\"inLanguage\":\"fr-FR\",\"potentialAction\":[{\"@type\":\"CommentAction\",\"name\":\"Comment\",\"target\":[\"https:\\\/\\\/www.latribunedufaso.net\\\/?p=22506#respond\"]}]},{\"@type\":\"WebPage\",\"@id\":\"https:\\\/\\\/www.latribunedufaso.net\\\/?p=22506\",\"url\":\"https:\\\/\\\/www.latribunedufaso.net\\\/?p=22506\",\"name\":\"Examens scolaires 2025 et immersion patriotique : Le ministre Aboubacar Savadogo donne des d\u00e9tails\u00a0 - La Tribune du Faso\",\"isPartOf\":{\"@id\":\"https:\\\/\\\/www.latribunedufaso.net\\\/#website\"},\"primaryImageOfPage\":{\"@id\":\"https:\\\/\\\/www.latribunedufaso.net\\\/?p=22506#primaryimage\"},\"image\":{\"@id\":\"https:\\\/\\\/www.latribunedufaso.net\\\/?p=22506#primaryimage\"},\"thumbnailUrl\":\"https:\\\/\\\/www.latribunedufaso.net\\\/wp-content\\\/uploads\\\/2025\\\/08\\\/IMG-20250806-WA0093.jpg\",\"datePublished\":\"2025-08-06T15:59:22+00:00\",\"dateModified\":\"2025-09-17T17:37:19+00:00\",\"breadcrumb\":{\"@id\":\"https:\\\/\\\/www.latribunedufaso.net\\\/?p=22506#breadcrumb\"},\"inLanguage\":\"fr-FR\",\"potentialAction\":[{\"@type\":\"ReadAction\",\"target\":[\"https:\\\/\\\/www.latribunedufaso.net\\\/?p=22506\"]}]},{\"@type\":\"ImageObject\",\"inLanguage\":\"fr-FR\",\"@id\":\"https:\\\/\\\/www.latribunedufaso.net\\\/?p=22506#primaryimage\",\"url\":\"https:\\\/\\\/www.latribunedufaso.net\\\/wp-content\\\/uploads\\\/2025\\\/08\\\/IMG-20250806-WA0093.jpg\",\"contentUrl\":\"https:\\\/\\\/www.latribunedufaso.net\\\/wp-content\\\/uploads\\\/2025\\\/08\\\/IMG-20250806-WA0093.jpg\",\"width\":2560,\"height\":1440,\"caption\":\"Conf\u00e9rence de presse du minist\u00e8re en charge de l'Enseignement secondaire sur les r\u00e9sultats des examens et concours scolaires 2025 et l'immersion patriotique, 6 ao\u00fbt 2025\"},{\"@type\":\"BreadcrumbList\",\"@id\":\"https:\\\/\\\/www.latribunedufaso.net\\\/?p=22506#breadcrumb\",\"itemListElement\":[{\"@type\":\"ListItem\",\"position\":1,\"name\":\"Accueil\",\"item\":\"https:\\\/\\\/www.latribunedufaso.net\\\/\"},{\"@type\":\"ListItem\",\"position\":2,\"name\":\"Examens scolaires 2025 et immersion patriotique : Le ministre Aboubacar Savadogo donne des d\u00e9tails\u00a0\"}]},{\"@type\":\"WebSite\",\"@id\":\"https:\\\/\\\/www.latribunedufaso.net\\\/#website\",\"url\":\"https:\\\/\\\/www.latribunedufaso.net\\\/\",\"name\":\"La Tribune du Faso\",\"description\":\"L&#039;information du monde rural en un clic\",\"publisher\":{\"@id\":\"https:\\\/\\\/www.latribunedufaso.net\\\/#organization\"},\"potentialAction\":[{\"@type\":\"SearchAction\",\"target\":{\"@type\":\"EntryPoint\",\"urlTemplate\":\"https:\\\/\\\/www.latribunedufaso.net\\\/?s={search_term_string}\"},\"query-input\":{\"@type\":\"PropertyValueSpecification\",\"valueRequired\":true,\"valueName\":\"search_term_string\"}}],\"inLanguage\":\"fr-FR\"},{\"@type\":\"Organization\",\"@id\":\"https:\\\/\\\/www.latribunedufaso.net\\\/#organization\",\"name\":\"La Tribune du Faso\",\"url\":\"https:\\\/\\\/www.latribunedufaso.net\\\/\",\"logo\":{\"@type\":\"ImageObject\",\"inLanguage\":\"fr-FR\",\"@id\":\"https:\\\/\\\/www.latribunedufaso.net\\\/#\\\/schema\\\/logo\\\/image\\\/\",\"url\":\"https:\\\/\\\/www.latribunedufaso.net\\\/wp-content\\\/uploads\\\/2020\\\/08\\\/Logo-Tribune-du-Faso-final-scaled.jpg\",\"contentUrl\":\"https:\\\/\\\/www.latribunedufaso.net\\\/wp-content\\\/uploads\\\/2020\\\/08\\\/Logo-Tribune-du-Faso-final-scaled.jpg\",\"width\":2560,\"height\":1856,\"caption\":\"La Tribune du Faso\"},\"image\":{\"@id\":\"https:\\\/\\\/www.latribunedufaso.net\\\/#\\\/schema\\\/logo\\\/image\\\/\"},\"sameAs\":[\"https:\\\/\\\/www.facebook.com\\\/LatribuneduFaso\\\/\"]},{\"@type\":\"Person\",\"@id\":\"https:\\\/\\\/www.latribunedufaso.net\\\/#\\\/schema\\\/person\\\/e54e64c5778a7e72cf80a318b7a622b0\",\"name\":\"Issouf Tapsoba\",\"image\":{\"@type\":\"ImageObject\",\"inLanguage\":\"fr-FR\",\"@id\":\"https:\\\/\\\/secure.gravatar.com\\\/avatar\\\/5e6c05150ce3230247d167f5b94d678eb05936197436d69b7921e3a95c9107ac?s=96&d=mm&r=g\",\"url\":\"https:\\\/\\\/secure.gravatar.com\\\/avatar\\\/5e6c05150ce3230247d167f5b94d678eb05936197436d69b7921e3a95c9107ac?s=96&d=mm&r=g\",\"contentUrl\":\"https:\\\/\\\/secure.gravatar.com\\\/avatar\\\/5e6c05150ce3230247d167f5b94d678eb05936197436d69b7921e3a95c9107ac?s=96&d=mm&r=g\",\"caption\":\"Issouf Tapsoba\"},\"url\":\"https:\\\/\\\/www.latribunedufaso.net\\\/?author=5\"}]}<\/script>\n<!-- \/ Yoast SEO plugin. -->","yoast_head_json":{"title":"Examens scolaires 2025 et immersion patriotique : Le ministre Aboubacar Savadogo donne des d\u00e9tails\u00a0 - La Tribune du Faso","robots":{"index":"index","follow":"follow","max-snippet":"max-snippet:-1","max-image-preview":"max-image-preview:large","max-video-preview":"max-video-preview:-1"},"canonical":"https:\/\/www.latribunedufaso.net\/?p=22506","og_locale":"fr_FR","og_type":"article","og_title":"Examens scolaires 2025 et immersion patriotique : Le ministre Aboubacar Savadogo donne des d\u00e9tails\u00a0 - La Tribune du Faso","og_description":"Le minist\u00e8re de l\u2019Enseignement secondaire et de la Formation professionnelle et technique (MESFPT) a tenu une conf\u00e9rence de presse, le 06 ao\u00fbt 2025 \u00e0 Ouagadougou. L&rsquo;objectif de cette conf\u00e9rence selon le ministre de l&rsquo;Enseignement secondaire et de la Formation professionnelle et technique, Boubakar Savadogo est de donner plus d\u2019information et d\u2019\u00e9clairage sur le bilan des examens scolaires de l\u2019ann\u00e9e 2025, la tenue de l\u2019immersion patriotique obligatoire et les perspectives du minist\u00e8re.","og_url":"https:\/\/www.latribunedufaso.net\/?p=22506","og_site_name":"La Tribune du Faso","article_publisher":"https:\/\/www.facebook.com\/LatribuneduFaso\/","article_published_time":"2025-08-06T15:59:22+00:00","article_modified_time":"2025-09-17T17:37:19+00:00","og_image":[{"width":2560,"height":1440,"url":"https:\/\/www.latribunedufaso.net\/wp-content\/uploads\/2025\/08\/IMG-20250806-WA0093.jpg","type":"image\/jpeg"}],"author":"Issouf Tapsoba","twitter_misc":{"\u00c9crit par":"Issouf Tapsoba","Dur\u00e9e de lecture estim\u00e9e":"3 minutes"},"schema":{"@context":"https:\/\/schema.org","@graph":[{"@type":"Article","@id":"https:\/\/www.latribunedufaso.net\/?p=22506#article","isPartOf":{"@id":"https:\/\/www.latribunedufaso.net\/?p=22506"},"author":{"name":"Issouf Tapsoba","@id":"https:\/\/www.latribunedufaso.net\/#\/schema\/person\/e54e64c5778a7e72cf80a318b7a622b0"},"headline":"Examens scolaires 2025 et immersion patriotique : Le ministre Aboubacar Savadogo donne des d\u00e9tails\u00a0","datePublished":"2025-08-06T15:59:22+00:00","dateModified":"2025-09-17T17:37:19+00:00","mainEntityOfPage":{"@id":"https:\/\/www.latribunedufaso.net\/?p=22506"},"wordCount":566,"commentCount":0,"publisher":{"@id":"https:\/\/www.latribunedufaso.net\/#organization"},"image":{"@id":"https:\/\/www.latribunedufaso.net\/?p=22506#primaryimage"},"thumbnailUrl":"https:\/\/www.latribunedufaso.net\/wp-content\/uploads\/2025\/08\/IMG-20250806-WA0093.jpg","keywords":["Enseignement secondaire","Examen session 2025 Burkina","immersion patriotique obligatoire pour les \u00e9l\u00e8ves","latribunedufaso.net"],"articleSection":["A la une","Actualit\u00e9","\u00c9ducation"],"inLanguage":"fr-FR","potentialAction":[{"@type":"CommentAction","name":"Comment","target":["https:\/\/www.latribunedufaso.net\/?p=22506#respond"]}]},{"@type":"WebPage","@id":"https:\/\/www.latribunedufaso.net\/?p=22506","url":"https:\/\/www.latribunedufaso.net\/?p=22506","name":"Examens scolaires 2025 et immersion patriotique : Le ministre Aboubacar Savadogo donne des d\u00e9tails\u00a0 - La Tribune du Faso","isPartOf":{"@id":"https:\/\/www.latribunedufaso.net\/#website"},"primaryImageOfPage":{"@id":"https:\/\/www.latribunedufaso.net\/?p=22506#primaryimage"},"image":{"@id":"https:\/\/www.latribunedufaso.net\/?p=22506#primaryimage"},"thumbnailUrl":"https:\/\/www.latribunedufaso.net\/wp-content\/uploads\/2025\/08\/IMG-20250806-WA0093.jpg","datePublished":"2025-08-06T15:59:22+00:00","dateModified":"2025-09-17T17:37:19+00:00","breadcrumb":{"@id":"https:\/\/www.latribunedufaso.net\/?p=22506#breadcrumb"},"inLanguage":"fr-FR","potentialAction":[{"@type":"ReadAction","target":["https:\/\/www.latribunedufaso.net\/?p=22506"]}]},{"@type":"ImageObject","inLanguage":"fr-FR","@id":"https:\/\/www.latribunedufaso.net\/?p=22506#primaryimage","url":"https:\/\/www.latribunedufaso.net\/wp-content\/uploads\/2025\/08\/IMG-20250806-WA0093.jpg","contentUrl":"https:\/\/www.latribunedufaso.net\/wp-content\/uploads\/2025\/08\/IMG-20250806-WA0093.jpg","width":2560,"height":1440,"caption":"Conf\u00e9rence de presse du minist\u00e8re en charge de l'Enseignement secondaire sur les r\u00e9sultats des examens et concours scolaires 2025 et l'immersion patriotique, 6 ao\u00fbt 2025"},{"@type":"BreadcrumbList","@id":"https:\/\/www.latribunedufaso.net\/?p=22506#breadcrumb","itemListElement":[{"@type":"ListItem","position":1,"name":"Accueil","item":"https:\/\/www.latribunedufaso.net\/"},{"@type":"ListItem","position":2,"name":"Examens scolaires 2025 et immersion patriotique : Le ministre Aboubacar Savadogo donne des d\u00e9tails\u00a0"}]},{"@type":"WebSite","@id":"https:\/\/www.latribunedufaso.net\/#website","url":"https:\/\/www.latribunedufaso.net\/","name":"La Tribune du Faso","description":"L&#039;information du monde rural en un clic","publisher":{"@id":"https:\/\/www.latribunedufaso.net\/#organization"},"potentialAction":[{"@type":"SearchAction","target":{"@type":"EntryPoint","urlTemplate":"https:\/\/www.latribunedufaso.net\/?s={search_term_string}"},"query-input":{"@type":"PropertyValueSpecification","valueRequired":true,"valueName":"search_term_string"}}],"inLanguage":"fr-FR"},{"@type":"Organization","@id":"https:\/\/www.latribunedufaso.net\/#organization","name":"La Tribune du Faso","url":"https:\/\/www.latribunedufaso.net\/","logo":{"@type":"ImageObject","inLanguage":"fr-FR","@id":"https:\/\/www.latribunedufaso.net\/#\/schema\/logo\/image\/","url":"https:\/\/www.latribunedufaso.net\/wp-content\/uploads\/2020\/08\/Logo-Tribune-du-Faso-final-scaled.jpg","contentUrl":"https:\/\/www.latribunedufaso.net\/wp-content\/uploads\/2020\/08\/Logo-Tribune-du-Faso-final-scaled.jpg","width":2560,"height":1856,"caption":"La Tribune du Faso"},"image":{"@id":"https:\/\/www.latribunedufaso.net\/#\/schema\/logo\/image\/"},"sameAs":["https:\/\/www.facebook.com\/LatribuneduFaso\/"]},{"@type":"Person","@id":"https:\/\/www.latribunedufaso.net\/#\/schema\/person\/e54e64c5778a7e72cf80a318b7a622b0","name":"Issouf Tapsoba","image":{"@type":"ImageObject","inLanguage":"fr-FR","@id":"https:\/\/secure.gravatar.com\/avatar\/5e6c05150ce3230247d167f5b94d678eb05936197436d69b7921e3a95c9107ac?s=96&d=mm&r=g","url":"https:\/\/secure.gravatar.com\/avatar\/5e6c05150ce3230247d167f5b94d678eb05936197436d69b7921e3a95c9107ac?s=96&d=mm&r=g","contentUrl":"https:\/\/secure.gravatar.com\/avatar\/5e6c05150ce3230247d167f5b94d678eb05936197436d69b7921e3a95c9107ac?s=96&d=mm&r=g","caption":"Issouf Tapsoba"},"url":"https:\/\/www.latribunedufaso.net\/?author=5"}]}},"_links":{"self":[{"href":"https:\/\/www.latribunedufaso.net\/index.php?rest_route=\/wp\/v2\/posts\/22506","targetHints":{"allow":["GET"]}}],"collection":[{"href":"https:\/\/www.latribunedufaso.net\/index.php?rest_route=\/wp\/v2\/posts"}],"about":[{"href":"https:\/\/www.latribunedufaso.net\/index.php?rest_route=\/wp\/v2\/types\/post"}],"author":[{"embeddable":true,"href":"https:\/\/www.latribunedufaso.net\/index.php?rest_route=\/wp\/v2\/users\/5"}],"replies":[{"embeddable":true,"href":"https:\/\/www.latribunedufaso.net\/index.php?rest_route=%2Fwp%2Fv2%2Fcomments&post=22506"}],"version-history":[{"count":3,"href":"https:\/\/www.latribunedufaso.net\/index.php?rest_route=\/wp\/v2\/posts\/22506\/revisions"}],"predecessor-version":[{"id":23607,"href":"https:\/\/www.latribunedufaso.net\/index.php?rest_route=\/wp\/v2\/posts\/22506\/revisions\/23607"}],"wp:featuredmedia":[{"embeddable":true,"href":"https:\/\/www.latribunedufaso.net\/index.php?rest_route=\/wp\/v2\/media\/22508"}],"wp:attachment":[{"href":"https:\/\/www.latribunedufaso.net\/index.php?rest_route=%2Fwp%2Fv2%2Fmedia&parent=22506"}],"wp:term":[{"taxonomy":"category","embeddable":true,"href":"https:\/\/www.latribunedufaso.net\/index.php?rest_route=%2Fwp%2Fv2%2Fcategories&post=22506"},{"taxonomy":"post_tag","embeddable":true,"href":"https:\/\/www.latribunedufaso.net\/index.php?rest_route=%2Fwp%2Fv2%2Ftags&post=22506"}],"curies":[{"name":"wp","href":"https:\/\/api.w.org\/{rel}","templated":true}]}}