{"id":22499,"date":"2025-08-05T18:35:04","date_gmt":"2025-08-05T18:35:04","guid":{"rendered":"https:\/\/www.latribunedufaso.net\/?p=22499"},"modified":"2025-09-17T17:41:07","modified_gmt":"2025-09-17T17:41:07","slug":"burkina-la-guitare-rouge-de-sankara-refait-surface","status":"publish","type":"post","link":"https:\/\/www.latribunedufaso.net\/?p=22499","title":{"rendered":"Burkina : La guitare rouge de Sankara refait surface\u00a0"},"content":{"rendered":"<p><strong>La guitare rouge <em>\u00ab embl\u00e9matique \u00bb<\/em> du Pr\u00e9sident Thomas Sankara, figure de la R\u00e9volution d\u2019ao\u00fbt 1983, a \u00e9t\u00e9 remise \u00e0 l\u2019\u00c9tat burkinab\u00e8 ce 05 ao\u00fbt 2025 \u00e0 Ouagadougou, dans le quartier Pissy. Un geste symbolique qui marque une nouvelle \u00e9tape dans la reconstitution de la m\u00e9moire de l\u2019ancien Chef de l\u2019\u00c9tat, \u00e0 travers le projet du M\u00e9morial Thomas Sankara.<\/strong><!--more--><\/p>\n<p>Symbole fort de la m\u00e9moire r\u00e9volutionnaire du Burkina Faso, la guitare rouge ayant appartenu au Pr\u00e9sident Thomas Sankara a \u00e9t\u00e9 remise dans la matin\u00e9e de ce 05 ao\u00fbt 2025 au ministre de la Communication, de la Culture, des Arts et du Tourisme, Gilbert Ou\u00e9draogo. Pour cette r\u00e9ception, le ministre et une d\u00e9l\u00e9gation s\u2019est rendu dans la famille Louari \u00e0 Ouagadougou, dans le quartier Pissy.<\/p>\n<figure id=\"attachment_22504\" aria-describedby=\"caption-attachment-22504\" style=\"width: 1186px\" class=\"wp-caption aligncenter\"><a href=\"https:\/\/www.latribunedufaso.net\/wp-content\/uploads\/2025\/08\/IMG-20250807-WA0015.jpg\"><img loading=\"lazy\" decoding=\"async\" class=\"size-full wp-image-22504\" src=\"https:\/\/www.latribunedufaso.net\/wp-content\/uploads\/2025\/08\/IMG-20250807-WA0015.jpg\" alt=\"La guitare rouge \u00ab embl\u00e9matique \u00bb du Pr\u00e9sident Thomas Sankara, remis par un citoyen \u00e0 l'Etat, 5 ao\u00fbt 2025\" width=\"1186\" height=\"1140\" srcset=\"https:\/\/www.latribunedufaso.net\/wp-content\/uploads\/2025\/08\/IMG-20250807-WA0015.jpg 1186w, https:\/\/www.latribunedufaso.net\/wp-content\/uploads\/2025\/08\/IMG-20250807-WA0015-300x288.jpg 300w, https:\/\/www.latribunedufaso.net\/wp-content\/uploads\/2025\/08\/IMG-20250807-WA0015-1024x984.jpg 1024w, https:\/\/www.latribunedufaso.net\/wp-content\/uploads\/2025\/08\/IMG-20250807-WA0015-768x738.jpg 768w\" sizes=\"auto, (max-width: 1186px) 100vw, 1186px\" \/><\/a><figcaption id=\"caption-attachment-22504\" class=\"wp-caption-text\">Jean Herv\u00e9 Louari, donateur de la guitare, l&rsquo;avait h\u00e9rit\u00e9 il y a 15 ans &#8211; Ph. A. Kiendrebeogo<\/figcaption><\/figure>\n<p>En effet, l\u2019instrument<em><strong> \u00ab mythique \u00bb<\/strong><\/em> a \u00e9t\u00e9 offert par Jean Herv\u00e9 Louari, ing\u00e9nieur t\u00e9l\u00e9com \u00e0 la retraite, qui en avait h\u00e9rit\u00e9 il y a une quinzaine d\u2019ann\u00e9es. Il raconte :<em><strong> \u00ab C\u2019est un de mes grands fr\u00e8res de quartier, Fran\u00e7ois Tapsoba, ancien soliste de l\u2019Harmonie Volta\u00efque, qui me l\u2019a donn\u00e9e. Il savait que j\u2019\u00e9tais un grand admirateur de Thomas Sankara. Un jour, il m\u2019a dit , \u00a0\u00bb Je fais don de la guitare de Thomas Sankara \u00e0 mon petit fr\u00e8re&rsquo;<\/strong><\/em><strong>&lsquo;.<\/strong><strong> Il m\u2019a racont\u00e9 que le Pr\u00e9sident aimait jouer avec lui de temps en temps et que cette guitare \u00e9tait un cadeau du Pr\u00e9sident Omar Bongo. \u00bb.<\/strong><\/p>\n<p>Quand j\u2019ai entendu, poursuit-il, qu\u2019une collecte des d\u2019objets li\u00e9s \u00e0 Sankara \u00e9tait en cours pour le M\u00e9morial, je n\u2019ai pas h\u00e9sit\u00e9. Ce n\u2019est pas un bien \u00e0 garder pour soi. C\u2019est un patrimoine national.\u00a0<\/p>\n<figure id=\"attachment_22503\" aria-describedby=\"caption-attachment-22503\" style=\"width: 1008px\" class=\"wp-caption aligncenter\"><a href=\"https:\/\/www.latribunedufaso.net\/wp-content\/uploads\/2025\/08\/FB_IMG_1754565772072.jpg\"><img loading=\"lazy\" decoding=\"async\" class=\"size-full wp-image-22503\" src=\"https:\/\/www.latribunedufaso.net\/wp-content\/uploads\/2025\/08\/FB_IMG_1754565772072.jpg\" alt=\"La guitare rouge \u00ab embl\u00e9matique \u00bb du Pr\u00e9sident Thomas Sankara, remis par un citoyen \u00e0 l'Etat, 5 ao\u00fbt 2025\" width=\"1008\" height=\"746\" srcset=\"https:\/\/www.latribunedufaso.net\/wp-content\/uploads\/2025\/08\/FB_IMG_1754565772072.jpg 1008w, https:\/\/www.latribunedufaso.net\/wp-content\/uploads\/2025\/08\/FB_IMG_1754565772072-300x222.jpg 300w, https:\/\/www.latribunedufaso.net\/wp-content\/uploads\/2025\/08\/FB_IMG_1754565772072-768x568.jpg 768w\" sizes=\"auto, (max-width: 1008px) 100vw, 1008px\" \/><\/a><figcaption id=\"caption-attachment-22503\" class=\"wp-caption-text\">Une vue du ministre en charge de la Culture, Gilbert Ou\u00e9draogo avec la guitare &#8211; Ph. DR<\/figcaption><\/figure>\n<p>Sa d\u00e9marche a \u00e9t\u00e9 salu\u00e9e par le ministre Ou\u00e9draogo, qui a qualifi\u00e9 ce geste de <em><strong>\u00ab hautement patriotique \u00bb<\/strong> <\/em>et d\u2019exemple \u00e0 suivre.\u00a0<\/p>\n<p><em><strong>\u00ab Vous auriez pu garder ce bien pr\u00e9cieux jalousement, mais vous avez r\u00e9pondu \u00e0 l\u2019appel de la Nation. C\u2019est un geste g\u00e9n\u00e9reux et historique. Nous allons en prendre grand soin. Le Pr\u00e9sident du Faso a instruit que des investissements majeurs soient r\u00e9alis\u00e9s pour faire du M\u00e9morial Thomas Sankara un lieu de r\u00e9f\u00e9rence \u00bb<\/strong><\/em>, a-t-il signifi\u00e9.<\/p>\n<p>Le ministre a rappel\u00e9 les efforts engag\u00e9s par le gouvernement pour reconstituer et pr\u00e9server l\u2019h\u00e9ritage du leader de la R\u00e9volution d\u2019ao\u00fbt 1983. Apr\u00e8s l\u2019inauguration du mausol\u00e9e le 17 mai 2025, d\u2019autres infrastructures sont en cours, notamment un mus\u00e9e et une biblioth\u00e8que num\u00e9rique, qui accueilleront cette guitare.<\/p>\n<p><em><strong>\u00ab Thomas Sankara \u00e9tait un homme de culture, et la guitare rouge est l\u2019un de ses symboles les plus embl\u00e9matiques. Lorsqu\u2019on recherche ses photos en ligne, l\u2019une des plus r\u00e9currentes le montre avec cette guitare. Elle sera expos\u00e9e dans le mus\u00e9e, \u00e0 une place de choix \u00bb<\/strong><\/em>, a indiqu\u00e9 le ministre.<\/p>\n<p><iframe loading=\"lazy\" width=\"560\" height=\"315\" src=\"https:\/\/www.youtube.com\/embed\/A7vAM7y9fIE?si=ZFpK3wRII9AKkS25\" title=\"YouTube video player\" frameborder=\"0\" allow=\"accelerometer; autoplay; clipboard-write; encrypted-media; gyroscope; picture-in-picture; web-share\" referrerpolicy=\"strict-origin-when-cross-origin\" allowfullscreen><\/iframe><\/p>\n<p>La campagne de collecte lanc\u00e9e depuis 2024 a d\u00e9j\u00e0 permis de r\u00e9cup\u00e9rer plusieurs objets et archives \u00e0 travers le pays et au sein de la diaspora. Mais d\u2019autres artefacts restent activement recherch\u00e9s, selon le ministre, sa bague en or, son pistolet \u00e0 crosse d\u2019ivoire, ses cahiers de notes, ses tenues militaires, ses v\u00e9hicules de fonction, des objets de son bureau et des photographies diverses.<\/p>\n<blockquote>\n<p>Lire aussi &gt;&gt; <a href=\"https:\/\/www.latribunedufaso.net\/?p=20543\">Pr\u00e9servation de la m\u00e9moire de Thomas Sankara : Le gouvernement invite les anciens de la R\u00e9volution \u00e0 partager les archives et t\u00e9moignages<\/a><\/p>\n<\/blockquote>\n<p><em><strong>\u00ab Si nous ne le faisons pas, nous aurons trahi l\u2019histoire. Thomas Sankara a jou\u00e9 sa partition. \u00c0 nous aujourd\u2019hui de jouer la n\u00f4tre, et d\u2019inscrire en lettres d\u2019or notre action dans l\u2019histoire du Burkina Faso<\/strong> <\/em>\u00bb, a conclu le ministre, lan\u00e7ant un appel solennel \u00e0 toutes les bonnes volont\u00e9s, au Burkina Faso comme \u00e0 l\u2019\u00e9tranger.<\/p>\n<p><strong>Rosana Astride KIENDREBEOGO\u00a0<\/strong><\/p>\n<p><strong>Latribunedufaso.net<\/strong><\/p>\n","protected":false},"excerpt":{"rendered":"<p>La guitare rouge \u00ab embl\u00e9matique \u00bb du Pr\u00e9sident Thomas Sankara, figure de la R\u00e9volution d\u2019ao\u00fbt 1983, a \u00e9t\u00e9 remise \u00e0 l\u2019\u00c9tat burkinab\u00e8 ce 05 ao\u00fbt 2025 \u00e0 Ouagadougou, dans le quartier Pissy. Un geste symbolique qui marque une nouvelle \u00e9tape dans la reconstitution de la m\u00e9moire de l\u2019ancien Chef de l\u2019\u00c9tat, \u00e0 travers le projet du M\u00e9morial Thomas Sankara.<\/p>\n","protected":false},"author":5,"featured_media":22501,"comment_status":"open","ping_status":"open","sticky":false,"template":"","format":"standard","meta":{"footnotes":""},"categories":[13,1,30],"tags":[1441,39,870,1440],"class_list":["post-22499","post","type-post","status-publish","format-standard","has-post-thumbnail","hentry","category-une","category-actu","category-art-et-culture","tag-guitare-rouge-de-thomas-sankara","tag-latribunedufaso-net","tag-mausolee-thomas-sankara","tag-reconstitution-de-la-memoire-de-thomas-sankara"],"yoast_head":"<!-- This site is optimized with the Yoast SEO plugin v27.5 - https:\/\/yoast.com\/product\/yoast-seo-wordpress\/ -->\n<title>Burkina : La guitare rouge de Sankara refait surface\u00a0 - La Tribune du Faso<\/title>\n<meta name=\"robots\" content=\"index, follow, max-snippet:-1, max-image-preview:large, max-video-preview:-1\" \/>\n<link rel=\"canonical\" href=\"https:\/\/www.latribunedufaso.net\/?p=22499\" \/>\n<meta property=\"og:locale\" content=\"fr_FR\" \/>\n<meta property=\"og:type\" content=\"article\" \/>\n<meta property=\"og:title\" content=\"Burkina : La guitare rouge de Sankara refait surface\u00a0 - La Tribune du Faso\" \/>\n<meta property=\"og:description\" content=\"La guitare rouge \u00ab embl\u00e9matique \u00bb du Pr\u00e9sident Thomas Sankara, figure de la R\u00e9volution d\u2019ao\u00fbt 1983, a \u00e9t\u00e9 remise \u00e0 l\u2019\u00c9tat burkinab\u00e8 ce 05 ao\u00fbt 2025 \u00e0 Ouagadougou, dans le quartier Pissy. Un geste symbolique qui marque une nouvelle \u00e9tape dans la reconstitution de la m\u00e9moire de l\u2019ancien Chef de l\u2019\u00c9tat, \u00e0 travers le projet du M\u00e9morial Thomas Sankara.\" \/>\n<meta property=\"og:url\" content=\"https:\/\/www.latribunedufaso.net\/?p=22499\" \/>\n<meta property=\"og:site_name\" content=\"La Tribune du Faso\" \/>\n<meta property=\"article:publisher\" content=\"https:\/\/www.facebook.com\/LatribuneduFaso\/\" \/>\n<meta property=\"article:published_time\" content=\"2025-08-05T18:35:04+00:00\" \/>\n<meta property=\"article:modified_time\" content=\"2025-09-17T17:41:07+00:00\" \/>\n<meta property=\"og:image\" content=\"https:\/\/www.latribunedufaso.net\/wp-content\/uploads\/2025\/08\/FB_IMG_1754565759705.jpg\" \/>\n\t<meta property=\"og:image:width\" content=\"2048\" \/>\n\t<meta property=\"og:image:height\" content=\"1845\" \/>\n\t<meta property=\"og:image:type\" content=\"image\/jpeg\" \/>\n<meta name=\"author\" content=\"Issouf Tapsoba\" \/>\n<meta name=\"twitter:label1\" content=\"\u00c9crit par\" \/>\n\t<meta name=\"twitter:data1\" content=\"Issouf Tapsoba\" \/>\n\t<meta name=\"twitter:label2\" content=\"Dur\u00e9e de lecture estim\u00e9e\" \/>\n\t<meta name=\"twitter:data2\" content=\"4 minutes\" \/>\n<script type=\"application\/ld+json\" class=\"yoast-schema-graph\">{\"@context\":\"https:\\\/\\\/schema.org\",\"@graph\":[{\"@type\":\"Article\",\"@id\":\"https:\\\/\\\/www.latribunedufaso.net\\\/?p=22499#article\",\"isPartOf\":{\"@id\":\"https:\\\/\\\/www.latribunedufaso.net\\\/?p=22499\"},\"author\":{\"name\":\"Issouf Tapsoba\",\"@id\":\"https:\\\/\\\/www.latribunedufaso.net\\\/#\\\/schema\\\/person\\\/e54e64c5778a7e72cf80a318b7a622b0\"},\"headline\":\"Burkina : La guitare rouge de Sankara refait surface\u00a0\",\"datePublished\":\"2025-08-05T18:35:04+00:00\",\"dateModified\":\"2025-09-17T17:41:07+00:00\",\"mainEntityOfPage\":{\"@id\":\"https:\\\/\\\/www.latribunedufaso.net\\\/?p=22499\"},\"wordCount\":713,\"commentCount\":0,\"publisher\":{\"@id\":\"https:\\\/\\\/www.latribunedufaso.net\\\/#organization\"},\"image\":{\"@id\":\"https:\\\/\\\/www.latribunedufaso.net\\\/?p=22499#primaryimage\"},\"thumbnailUrl\":\"https:\\\/\\\/www.latribunedufaso.net\\\/wp-content\\\/uploads\\\/2025\\\/08\\\/FB_IMG_1754565759705.jpg\",\"keywords\":[\"Guitare rouge de Thomas Sankara\",\"latribunedufaso.net\",\"Mausol\u00e9e Thomas Sankara\",\"reconstitution de la m\u00e9moire de Thomas Sankara\"],\"articleSection\":[\"A la une\",\"Actualit\u00e9\",\"Art et Culture\"],\"inLanguage\":\"fr-FR\",\"potentialAction\":[{\"@type\":\"CommentAction\",\"name\":\"Comment\",\"target\":[\"https:\\\/\\\/www.latribunedufaso.net\\\/?p=22499#respond\"]}]},{\"@type\":\"WebPage\",\"@id\":\"https:\\\/\\\/www.latribunedufaso.net\\\/?p=22499\",\"url\":\"https:\\\/\\\/www.latribunedufaso.net\\\/?p=22499\",\"name\":\"Burkina : La guitare rouge de Sankara refait surface\u00a0 - La Tribune du Faso\",\"isPartOf\":{\"@id\":\"https:\\\/\\\/www.latribunedufaso.net\\\/#website\"},\"primaryImageOfPage\":{\"@id\":\"https:\\\/\\\/www.latribunedufaso.net\\\/?p=22499#primaryimage\"},\"image\":{\"@id\":\"https:\\\/\\\/www.latribunedufaso.net\\\/?p=22499#primaryimage\"},\"thumbnailUrl\":\"https:\\\/\\\/www.latribunedufaso.net\\\/wp-content\\\/uploads\\\/2025\\\/08\\\/FB_IMG_1754565759705.jpg\",\"datePublished\":\"2025-08-05T18:35:04+00:00\",\"dateModified\":\"2025-09-17T17:41:07+00:00\",\"breadcrumb\":{\"@id\":\"https:\\\/\\\/www.latribunedufaso.net\\\/?p=22499#breadcrumb\"},\"inLanguage\":\"fr-FR\",\"potentialAction\":[{\"@type\":\"ReadAction\",\"target\":[\"https:\\\/\\\/www.latribunedufaso.net\\\/?p=22499\"]}]},{\"@type\":\"ImageObject\",\"inLanguage\":\"fr-FR\",\"@id\":\"https:\\\/\\\/www.latribunedufaso.net\\\/?p=22499#primaryimage\",\"url\":\"https:\\\/\\\/www.latribunedufaso.net\\\/wp-content\\\/uploads\\\/2025\\\/08\\\/FB_IMG_1754565759705.jpg\",\"contentUrl\":\"https:\\\/\\\/www.latribunedufaso.net\\\/wp-content\\\/uploads\\\/2025\\\/08\\\/FB_IMG_1754565759705.jpg\",\"width\":2048,\"height\":1845,\"caption\":\"La guitare rouge \u00ab embl\u00e9matique \u00bb du Pr\u00e9sident Thomas Sankara, remis par un citoyen \u00e0 l'Etat, 5 ao\u00fbt 2025\"},{\"@type\":\"BreadcrumbList\",\"@id\":\"https:\\\/\\\/www.latribunedufaso.net\\\/?p=22499#breadcrumb\",\"itemListElement\":[{\"@type\":\"ListItem\",\"position\":1,\"name\":\"Accueil\",\"item\":\"https:\\\/\\\/www.latribunedufaso.net\\\/\"},{\"@type\":\"ListItem\",\"position\":2,\"name\":\"Burkina : La guitare rouge de Sankara refait surface\u00a0\"}]},{\"@type\":\"WebSite\",\"@id\":\"https:\\\/\\\/www.latribunedufaso.net\\\/#website\",\"url\":\"https:\\\/\\\/www.latribunedufaso.net\\\/\",\"name\":\"La Tribune du Faso\",\"description\":\"L&#039;information du monde rural en un clic\",\"publisher\":{\"@id\":\"https:\\\/\\\/www.latribunedufaso.net\\\/#organization\"},\"potentialAction\":[{\"@type\":\"SearchAction\",\"target\":{\"@type\":\"EntryPoint\",\"urlTemplate\":\"https:\\\/\\\/www.latribunedufaso.net\\\/?s={search_term_string}\"},\"query-input\":{\"@type\":\"PropertyValueSpecification\",\"valueRequired\":true,\"valueName\":\"search_term_string\"}}],\"inLanguage\":\"fr-FR\"},{\"@type\":\"Organization\",\"@id\":\"https:\\\/\\\/www.latribunedufaso.net\\\/#organization\",\"name\":\"La Tribune du Faso\",\"url\":\"https:\\\/\\\/www.latribunedufaso.net\\\/\",\"logo\":{\"@type\":\"ImageObject\",\"inLanguage\":\"fr-FR\",\"@id\":\"https:\\\/\\\/www.latribunedufaso.net\\\/#\\\/schema\\\/logo\\\/image\\\/\",\"url\":\"https:\\\/\\\/www.latribunedufaso.net\\\/wp-content\\\/uploads\\\/2020\\\/08\\\/Logo-Tribune-du-Faso-final-scaled.jpg\",\"contentUrl\":\"https:\\\/\\\/www.latribunedufaso.net\\\/wp-content\\\/uploads\\\/2020\\\/08\\\/Logo-Tribune-du-Faso-final-scaled.jpg\",\"width\":2560,\"height\":1856,\"caption\":\"La Tribune du Faso\"},\"image\":{\"@id\":\"https:\\\/\\\/www.latribunedufaso.net\\\/#\\\/schema\\\/logo\\\/image\\\/\"},\"sameAs\":[\"https:\\\/\\\/www.facebook.com\\\/LatribuneduFaso\\\/\"]},{\"@type\":\"Person\",\"@id\":\"https:\\\/\\\/www.latribunedufaso.net\\\/#\\\/schema\\\/person\\\/e54e64c5778a7e72cf80a318b7a622b0\",\"name\":\"Issouf Tapsoba\",\"image\":{\"@type\":\"ImageObject\",\"inLanguage\":\"fr-FR\",\"@id\":\"https:\\\/\\\/secure.gravatar.com\\\/avatar\\\/5e6c05150ce3230247d167f5b94d678eb05936197436d69b7921e3a95c9107ac?s=96&d=mm&r=g\",\"url\":\"https:\\\/\\\/secure.gravatar.com\\\/avatar\\\/5e6c05150ce3230247d167f5b94d678eb05936197436d69b7921e3a95c9107ac?s=96&d=mm&r=g\",\"contentUrl\":\"https:\\\/\\\/secure.gravatar.com\\\/avatar\\\/5e6c05150ce3230247d167f5b94d678eb05936197436d69b7921e3a95c9107ac?s=96&d=mm&r=g\",\"caption\":\"Issouf Tapsoba\"},\"url\":\"https:\\\/\\\/www.latribunedufaso.net\\\/?author=5\"}]}<\/script>\n<!-- \/ Yoast SEO plugin. -->","yoast_head_json":{"title":"Burkina : La guitare rouge de Sankara refait surface\u00a0 - La Tribune du Faso","robots":{"index":"index","follow":"follow","max-snippet":"max-snippet:-1","max-image-preview":"max-image-preview:large","max-video-preview":"max-video-preview:-1"},"canonical":"https:\/\/www.latribunedufaso.net\/?p=22499","og_locale":"fr_FR","og_type":"article","og_title":"Burkina : La guitare rouge de Sankara refait surface\u00a0 - La Tribune du Faso","og_description":"La guitare rouge \u00ab embl\u00e9matique \u00bb du Pr\u00e9sident Thomas Sankara, figure de la R\u00e9volution d\u2019ao\u00fbt 1983, a \u00e9t\u00e9 remise \u00e0 l\u2019\u00c9tat burkinab\u00e8 ce 05 ao\u00fbt 2025 \u00e0 Ouagadougou, dans le quartier Pissy. Un geste symbolique qui marque une nouvelle \u00e9tape dans la reconstitution de la m\u00e9moire de l\u2019ancien Chef de l\u2019\u00c9tat, \u00e0 travers le projet du M\u00e9morial Thomas Sankara.","og_url":"https:\/\/www.latribunedufaso.net\/?p=22499","og_site_name":"La Tribune du Faso","article_publisher":"https:\/\/www.facebook.com\/LatribuneduFaso\/","article_published_time":"2025-08-05T18:35:04+00:00","article_modified_time":"2025-09-17T17:41:07+00:00","og_image":[{"width":2048,"height":1845,"url":"https:\/\/www.latribunedufaso.net\/wp-content\/uploads\/2025\/08\/FB_IMG_1754565759705.jpg","type":"image\/jpeg"}],"author":"Issouf Tapsoba","twitter_misc":{"\u00c9crit par":"Issouf Tapsoba","Dur\u00e9e de lecture estim\u00e9e":"4 minutes"},"schema":{"@context":"https:\/\/schema.org","@graph":[{"@type":"Article","@id":"https:\/\/www.latribunedufaso.net\/?p=22499#article","isPartOf":{"@id":"https:\/\/www.latribunedufaso.net\/?p=22499"},"author":{"name":"Issouf Tapsoba","@id":"https:\/\/www.latribunedufaso.net\/#\/schema\/person\/e54e64c5778a7e72cf80a318b7a622b0"},"headline":"Burkina : La guitare rouge de Sankara refait surface\u00a0","datePublished":"2025-08-05T18:35:04+00:00","dateModified":"2025-09-17T17:41:07+00:00","mainEntityOfPage":{"@id":"https:\/\/www.latribunedufaso.net\/?p=22499"},"wordCount":713,"commentCount":0,"publisher":{"@id":"https:\/\/www.latribunedufaso.net\/#organization"},"image":{"@id":"https:\/\/www.latribunedufaso.net\/?p=22499#primaryimage"},"thumbnailUrl":"https:\/\/www.latribunedufaso.net\/wp-content\/uploads\/2025\/08\/FB_IMG_1754565759705.jpg","keywords":["Guitare rouge de Thomas Sankara","latribunedufaso.net","Mausol\u00e9e Thomas Sankara","reconstitution de la m\u00e9moire de Thomas Sankara"],"articleSection":["A la une","Actualit\u00e9","Art et Culture"],"inLanguage":"fr-FR","potentialAction":[{"@type":"CommentAction","name":"Comment","target":["https:\/\/www.latribunedufaso.net\/?p=22499#respond"]}]},{"@type":"WebPage","@id":"https:\/\/www.latribunedufaso.net\/?p=22499","url":"https:\/\/www.latribunedufaso.net\/?p=22499","name":"Burkina : La guitare rouge de Sankara refait surface\u00a0 - La Tribune du Faso","isPartOf":{"@id":"https:\/\/www.latribunedufaso.net\/#website"},"primaryImageOfPage":{"@id":"https:\/\/www.latribunedufaso.net\/?p=22499#primaryimage"},"image":{"@id":"https:\/\/www.latribunedufaso.net\/?p=22499#primaryimage"},"thumbnailUrl":"https:\/\/www.latribunedufaso.net\/wp-content\/uploads\/2025\/08\/FB_IMG_1754565759705.jpg","datePublished":"2025-08-05T18:35:04+00:00","dateModified":"2025-09-17T17:41:07+00:00","breadcrumb":{"@id":"https:\/\/www.latribunedufaso.net\/?p=22499#breadcrumb"},"inLanguage":"fr-FR","potentialAction":[{"@type":"ReadAction","target":["https:\/\/www.latribunedufaso.net\/?p=22499"]}]},{"@type":"ImageObject","inLanguage":"fr-FR","@id":"https:\/\/www.latribunedufaso.net\/?p=22499#primaryimage","url":"https:\/\/www.latribunedufaso.net\/wp-content\/uploads\/2025\/08\/FB_IMG_1754565759705.jpg","contentUrl":"https:\/\/www.latribunedufaso.net\/wp-content\/uploads\/2025\/08\/FB_IMG_1754565759705.jpg","width":2048,"height":1845,"caption":"La guitare rouge \u00ab embl\u00e9matique \u00bb du Pr\u00e9sident Thomas Sankara, remis par un citoyen \u00e0 l'Etat, 5 ao\u00fbt 2025"},{"@type":"BreadcrumbList","@id":"https:\/\/www.latribunedufaso.net\/?p=22499#breadcrumb","itemListElement":[{"@type":"ListItem","position":1,"name":"Accueil","item":"https:\/\/www.latribunedufaso.net\/"},{"@type":"ListItem","position":2,"name":"Burkina : La guitare rouge de Sankara refait surface\u00a0"}]},{"@type":"WebSite","@id":"https:\/\/www.latribunedufaso.net\/#website","url":"https:\/\/www.latribunedufaso.net\/","name":"La Tribune du Faso","description":"L&#039;information du monde rural en un clic","publisher":{"@id":"https:\/\/www.latribunedufaso.net\/#organization"},"potentialAction":[{"@type":"SearchAction","target":{"@type":"EntryPoint","urlTemplate":"https:\/\/www.latribunedufaso.net\/?s={search_term_string}"},"query-input":{"@type":"PropertyValueSpecification","valueRequired":true,"valueName":"search_term_string"}}],"inLanguage":"fr-FR"},{"@type":"Organization","@id":"https:\/\/www.latribunedufaso.net\/#organization","name":"La Tribune du Faso","url":"https:\/\/www.latribunedufaso.net\/","logo":{"@type":"ImageObject","inLanguage":"fr-FR","@id":"https:\/\/www.latribunedufaso.net\/#\/schema\/logo\/image\/","url":"https:\/\/www.latribunedufaso.net\/wp-content\/uploads\/2020\/08\/Logo-Tribune-du-Faso-final-scaled.jpg","contentUrl":"https:\/\/www.latribunedufaso.net\/wp-content\/uploads\/2020\/08\/Logo-Tribune-du-Faso-final-scaled.jpg","width":2560,"height":1856,"caption":"La Tribune du Faso"},"image":{"@id":"https:\/\/www.latribunedufaso.net\/#\/schema\/logo\/image\/"},"sameAs":["https:\/\/www.facebook.com\/LatribuneduFaso\/"]},{"@type":"Person","@id":"https:\/\/www.latribunedufaso.net\/#\/schema\/person\/e54e64c5778a7e72cf80a318b7a622b0","name":"Issouf Tapsoba","image":{"@type":"ImageObject","inLanguage":"fr-FR","@id":"https:\/\/secure.gravatar.com\/avatar\/5e6c05150ce3230247d167f5b94d678eb05936197436d69b7921e3a95c9107ac?s=96&d=mm&r=g","url":"https:\/\/secure.gravatar.com\/avatar\/5e6c05150ce3230247d167f5b94d678eb05936197436d69b7921e3a95c9107ac?s=96&d=mm&r=g","contentUrl":"https:\/\/secure.gravatar.com\/avatar\/5e6c05150ce3230247d167f5b94d678eb05936197436d69b7921e3a95c9107ac?s=96&d=mm&r=g","caption":"Issouf Tapsoba"},"url":"https:\/\/www.latribunedufaso.net\/?author=5"}]}},"_links":{"self":[{"href":"https:\/\/www.latribunedufaso.net\/index.php?rest_route=\/wp\/v2\/posts\/22499","targetHints":{"allow":["GET"]}}],"collection":[{"href":"https:\/\/www.latribunedufaso.net\/index.php?rest_route=\/wp\/v2\/posts"}],"about":[{"href":"https:\/\/www.latribunedufaso.net\/index.php?rest_route=\/wp\/v2\/types\/post"}],"author":[{"embeddable":true,"href":"https:\/\/www.latribunedufaso.net\/index.php?rest_route=\/wp\/v2\/users\/5"}],"replies":[{"embeddable":true,"href":"https:\/\/www.latribunedufaso.net\/index.php?rest_route=%2Fwp%2Fv2%2Fcomments&post=22499"}],"version-history":[{"count":3,"href":"https:\/\/www.latribunedufaso.net\/index.php?rest_route=\/wp\/v2\/posts\/22499\/revisions"}],"predecessor-version":[{"id":23608,"href":"https:\/\/www.latribunedufaso.net\/index.php?rest_route=\/wp\/v2\/posts\/22499\/revisions\/23608"}],"wp:featuredmedia":[{"embeddable":true,"href":"https:\/\/www.latribunedufaso.net\/index.php?rest_route=\/wp\/v2\/media\/22501"}],"wp:attachment":[{"href":"https:\/\/www.latribunedufaso.net\/index.php?rest_route=%2Fwp%2Fv2%2Fmedia&parent=22499"}],"wp:term":[{"taxonomy":"category","embeddable":true,"href":"https:\/\/www.latribunedufaso.net\/index.php?rest_route=%2Fwp%2Fv2%2Fcategories&post=22499"},{"taxonomy":"post_tag","embeddable":true,"href":"https:\/\/www.latribunedufaso.net\/index.php?rest_route=%2Fwp%2Fv2%2Ftags&post=22499"}],"curies":[{"name":"wp","href":"https:\/\/api.w.org\/{rel}","templated":true}]}}