{"id":22490,"date":"2025-08-06T15:46:23","date_gmt":"2025-08-06T15:46:23","guid":{"rendered":"https:\/\/www.latribunedufaso.net\/?p=22490"},"modified":"2025-09-17T18:06:14","modified_gmt":"2025-09-17T18:06:14","slug":"developpement-endogene-des-journalistes-et-communicateurs-formes-pour-mieux-communiquer-sur-les-initiatives-de-developpement","status":"publish","type":"post","link":"https:\/\/www.latribunedufaso.net\/?p=22490","title":{"rendered":"D\u00e9veloppement endog\u00e8ne : Des journalistes et communicateurs form\u00e9s pour mieux communiquer sur les initiatives de d\u00e9veloppement"},"content":{"rendered":"<p><strong>La Pr\u00e9sidence du Faso, en collaboration avec le Bureau national des grands projets du Burkina (BN-GP), a lanc\u00e9 un atelier de formation pour les journalistes et communicateurs, du 6 au 10 ao\u00fbt 2025 \u00e0 Bobo-Dioulasso. L&rsquo;objectif est de les informer sur les initiatives pr\u00e9sidentielles et de les outiller pour mieux sensibiliser la population. La c\u00e9r\u00e9monie d\u2019ouverture s&rsquo;est d\u00e9roul\u00e9e en pr\u00e9sence du ministre de la Communication, Gilbert Ou\u00e9draogo, et du Secr\u00e9taire g\u00e9n\u00e9ral du Gouvernement, Ousmane Ouattara.<\/strong><!--more--><\/p>\n<p>Les initiatives pr\u00e9sidentielles sont g\u00e9r\u00e9es par le Bureau national des grands projets du Burkina (BN-GP). Elles visent \u00e0 stimuler le d\u00e9veloppement dans des secteurs cl\u00e9s tels que l&rsquo;agriculture, les infrastructures, la sant\u00e9, le sport et l&rsquo;\u00e9ducation. Ces programmes sont coordonn\u00e9s par des \u00e9quipes techniques du bureau.<\/p>\n<figure id=\"attachment_22494\" aria-describedby=\"caption-attachment-22494\" style=\"width: 2560px\" class=\"wp-caption aligncenter\"><a href=\"https:\/\/www.latribunedufaso.net\/wp-content\/uploads\/2025\/08\/IMG_20250806_094807_795-scaled.jpg\"><img loading=\"lazy\" decoding=\"async\" class=\"size-full wp-image-22494\" src=\"https:\/\/www.latribunedufaso.net\/wp-content\/uploads\/2025\/08\/IMG_20250806_094807_795-scaled.jpg\" alt=\"Atelier de formation des journalistes et communicateurs sur les initiatives pr\u00e9sidentielles suivie de caravane de presse, 6 au 10 ao\u00fbt 2025 \u00e0 Bobo\" width=\"2560\" height=\"1920\" srcset=\"https:\/\/www.latribunedufaso.net\/wp-content\/uploads\/2025\/08\/IMG_20250806_094807_795-scaled.jpg 2560w, https:\/\/www.latribunedufaso.net\/wp-content\/uploads\/2025\/08\/IMG_20250806_094807_795-300x225.jpg 300w, https:\/\/www.latribunedufaso.net\/wp-content\/uploads\/2025\/08\/IMG_20250806_094807_795-1024x768.jpg 1024w, https:\/\/www.latribunedufaso.net\/wp-content\/uploads\/2025\/08\/IMG_20250806_094807_795-768x576.jpg 768w, https:\/\/www.latribunedufaso.net\/wp-content\/uploads\/2025\/08\/IMG_20250806_094807_795-1536x1152.jpg 1536w, https:\/\/www.latribunedufaso.net\/wp-content\/uploads\/2025\/08\/IMG_20250806_094807_795-2048x1536.jpg 2048w\" sizes=\"auto, (max-width: 2560px) 100vw, 2560px\" \/><\/a><figcaption id=\"caption-attachment-22494\" class=\"wp-caption-text\">L&rsquo;atelier a connu la pr\u00e9sence du ministre de la Communication, Gilbert Ou\u00e9draogo, et du Secr\u00e9taire g\u00e9n\u00e9ral du Gouvernement, Ousmane Ouattara &#8211; Ph. I. Tapsoba<\/figcaption><\/figure>\n<p>Actuellement, il existe six initiatives :<\/p>\n<p>&#8211; L\u2019Initiative Pr\u00e9sidentielle pour la Production Agricole et l&rsquo;Autosuffisance Alimentaire (IP-P3A);<\/p>\n<p>&#8211; L\u2019Initiative Pr\u00e9sidentielle pour le D\u00e9veloppement Communautaire (IPDC);<\/p>\n<p>&#8211; L\u2019Initiative Pr\u00e9sidentielle pour la Rel\u00e8ve Sportive (IP-RELIS);<\/p>\n<p>&#8211; L\u2019Initiative Pr\u00e9sidentielle pour la Sant\u00e9 (IPS);<\/p>\n<p>&#8211; L\u2019Initiative Pr\u00e9sidentielle pour une \u00c9ducation de Qualit\u00e9 pour tous (IPEQ);<\/p>\n<p>&#8211; L\u2019Initiative Pr\u00e9sidentielle \u00ab Faso M\u00eabo \u00bb (FASO M\u00cbBO).<\/p>\n<figure id=\"attachment_22493\" aria-describedby=\"caption-attachment-22493\" style=\"width: 2560px\" class=\"wp-caption aligncenter\"><a href=\"https:\/\/www.latribunedufaso.net\/wp-content\/uploads\/2025\/08\/IMG_20250806_095830_897-scaled.jpg\"><img loading=\"lazy\" decoding=\"async\" class=\"size-full wp-image-22493\" src=\"https:\/\/www.latribunedufaso.net\/wp-content\/uploads\/2025\/08\/IMG_20250806_095830_897-scaled.jpg\" alt=\"Atelier de formation des journalistes et communicateurs sur les initiatives pr\u00e9sidentielles suivie de caravane de presse, 6 au 10 ao\u00fbt 2025 \u00e0 Bobo\" width=\"2560\" height=\"1920\" srcset=\"https:\/\/www.latribunedufaso.net\/wp-content\/uploads\/2025\/08\/IMG_20250806_095830_897-scaled.jpg 2560w, https:\/\/www.latribunedufaso.net\/wp-content\/uploads\/2025\/08\/IMG_20250806_095830_897-300x225.jpg 300w, https:\/\/www.latribunedufaso.net\/wp-content\/uploads\/2025\/08\/IMG_20250806_095830_897-1024x768.jpg 1024w, https:\/\/www.latribunedufaso.net\/wp-content\/uploads\/2025\/08\/IMG_20250806_095830_897-768x576.jpg 768w, https:\/\/www.latribunedufaso.net\/wp-content\/uploads\/2025\/08\/IMG_20250806_095830_897-1536x1152.jpg 1536w, https:\/\/www.latribunedufaso.net\/wp-content\/uploads\/2025\/08\/IMG_20250806_095830_897-2048x1536.jpg 2048w\" sizes=\"auto, (max-width: 2560px) 100vw, 2560px\" \/><\/a><figcaption id=\"caption-attachment-22493\" class=\"wp-caption-text\">Le conseiller technique du BN-GP, Michel Congo, repr\u00e9sentant le Directeur ex\u00e9cutif &#8211; Ph. I. Tapsoba<\/figcaption><\/figure>\n<p>Selon Michel Congo, conseiller technique au BN-GP, ces initiatives ont d\u00e9j\u00e0 produit des r\u00e9sultats concrets, comme l\u2019am\u00e9lioration des centres de production agricole et des zones urbaines. Toutefois, il a d\u00e9plor\u00e9 que ces succ\u00e8s soient encore trop peu connus du grand public burkinab\u00e8. Cet atelier a donc pour but de rem\u00e9dier \u00e0 ce manque d&rsquo;information et de mobiliser le soutien de la population.<\/p>\n<blockquote><p>\n<iframe loading=\"lazy\" width=\"560\" height=\"315\" src=\"https:\/\/www.youtube.com\/embed\/lSPfjbn7oB8?si=0CHs1t5nuspRPwiz\" title=\"YouTube video player\" frameborder=\"0\" allow=\"accelerometer; autoplay; clipboard-write; encrypted-media; gyroscope; picture-in-picture; web-share\" referrerpolicy=\"strict-origin-when-cross-origin\" allowfullscreen><\/iframe><\/p>\n<p>Lire aussi &gt;&gt; <a href=\"https:\/\/www.latribunedufaso.net\/?p=21682\">Initiative pr\u00e9sidentielle pour la production agricole : De l\u2019alloco 100% burkinab\u00e8 d\u00e9j\u00e0 dans nos assiettes<\/a><\/p>\n<\/blockquote>\n<p>Il faut noter que cet atelier est suivie d&rsquo;une caravane de presse sur les grands chantiers. L&rsquo;objectif est de permettre aux participants de constater de visu les r\u00e9sultats des initiatives pr\u00e9sidentielles sur le terrain.<\/p>\n<h3>La R\u00e9volution Progressiste Populaire en marche<\/h3>\n<p>Dans son discours, le ministre de la Communication, Gilbert Ou\u00e9draogo, a rappel\u00e9 que le Burkina Faso est engag\u00e9 dans une R\u00e9volution Progressiste Populaire (RPP), qu&rsquo;il a pr\u00e9sent\u00e9e comme un <em><strong>\u00ab prolongement de la R\u00e9volution D\u00e9mocratique Populaire (RDP) \u00bb<\/strong> <\/em>du Capitaine Thomas Sankara.<\/p>\n<figure id=\"attachment_22492\" aria-describedby=\"caption-attachment-22492\" style=\"width: 2560px\" class=\"wp-caption aligncenter\"><a href=\"https:\/\/www.latribunedufaso.net\/wp-content\/uploads\/2025\/08\/IMG_20250806_100413_099-scaled.jpg\"><img loading=\"lazy\" decoding=\"async\" class=\"size-full wp-image-22492\" src=\"https:\/\/www.latribunedufaso.net\/wp-content\/uploads\/2025\/08\/IMG_20250806_100413_099-scaled.jpg\" alt=\"Atelier de formation des journalistes et communicateurs sur les initiatives pr\u00e9sidentielles suivie de caravane de presse, 6 au 10 ao\u00fbt 2025 \u00e0 Bobo\" width=\"2560\" height=\"1920\" srcset=\"https:\/\/www.latribunedufaso.net\/wp-content\/uploads\/2025\/08\/IMG_20250806_100413_099-scaled.jpg 2560w, https:\/\/www.latribunedufaso.net\/wp-content\/uploads\/2025\/08\/IMG_20250806_100413_099-300x225.jpg 300w, https:\/\/www.latribunedufaso.net\/wp-content\/uploads\/2025\/08\/IMG_20250806_100413_099-1024x768.jpg 1024w, https:\/\/www.latribunedufaso.net\/wp-content\/uploads\/2025\/08\/IMG_20250806_100413_099-768x576.jpg 768w, https:\/\/www.latribunedufaso.net\/wp-content\/uploads\/2025\/08\/IMG_20250806_100413_099-1536x1152.jpg 1536w, https:\/\/www.latribunedufaso.net\/wp-content\/uploads\/2025\/08\/IMG_20250806_100413_099-2048x1536.jpg 2048w\" sizes=\"auto, (max-width: 2560px) 100vw, 2560px\" \/><\/a><figcaption id=\"caption-attachment-22492\" class=\"wp-caption-text\">Le ministre en charge de la Communication, Gilbert Ou\u00e9draogo &#8211; Ph. I. Tapsoba<\/figcaption><\/figure>\n<p>Le ministre a \u00e9galement annonc\u00e9 qu&rsquo;une nouvelle initiative pr\u00e9sidentielle pourrait voir le jour, cette fois-ci d\u00e9di\u00e9e \u00e0 la culture. <em><strong>\u00ab C\u2019est le substrat qui va maintenir et faire vivre la flamme de la RPP \u00bb<\/strong><\/em>, a-t-il d\u00e9clar\u00e9. Il a enfin appel\u00e9 les journalistes \u00e0 rester mobilis\u00e9s et \u00e0 accompagner activement les efforts du gouvernement pour le d\u00e9veloppement du pays.<\/p>\n<p><strong>Issouf TAPSOBA\u00a0<\/strong><\/p>\n<p><strong>Latribunedufaso.net<\/strong><\/p>\n","protected":false},"excerpt":{"rendered":"<p>La Pr\u00e9sidence du Faso, en collaboration avec le Bureau national des grands projets du Burkina (BN-GP), a lanc\u00e9 un atelier de formation pour les journalistes et communicateurs, du 6 au 10 ao\u00fbt 2025 \u00e0 Bobo-Dioulasso. L&rsquo;objectif est de les informer sur les initiatives pr\u00e9sidentielles et de les outiller pour mieux sensibiliser la population. La c\u00e9r\u00e9monie d\u2019ouverture s&rsquo;est d\u00e9roul\u00e9e en pr\u00e9sence du ministre de la Communication, Gilbert Ou\u00e9draogo, et du Secr\u00e9taire g\u00e9n\u00e9ral du Gouvernement, Ousmane Ouattara.<\/p>\n","protected":false},"author":5,"featured_media":22495,"comment_status":"open","ping_status":"open","sticky":false,"template":"","format":"standard","meta":{"footnotes":""},"categories":[13,1,8],"tags":[1439,602,39],"class_list":["post-22490","post","type-post","status-publish","format-standard","has-post-thumbnail","hentry","category-une","category-actu","category-societe","tag-bureau-national-des-grands-projets-du-burkina-bn-gp","tag-initiative-presidentielle","tag-latribunedufaso-net"],"yoast_head":"<!-- This site is optimized with the Yoast SEO plugin v27.5 - https:\/\/yoast.com\/product\/yoast-seo-wordpress\/ -->\n<title>D\u00e9veloppement endog\u00e8ne : Des journalistes et communicateurs form\u00e9s pour mieux communiquer sur les initiatives de d\u00e9veloppement - La Tribune du Faso<\/title>\n<meta name=\"robots\" content=\"index, follow, max-snippet:-1, max-image-preview:large, max-video-preview:-1\" \/>\n<link rel=\"canonical\" href=\"https:\/\/www.latribunedufaso.net\/?p=22490\" \/>\n<meta property=\"og:locale\" content=\"fr_FR\" \/>\n<meta property=\"og:type\" content=\"article\" \/>\n<meta property=\"og:title\" content=\"D\u00e9veloppement endog\u00e8ne : Des journalistes et communicateurs form\u00e9s pour mieux communiquer sur les initiatives de d\u00e9veloppement - La Tribune du Faso\" \/>\n<meta property=\"og:description\" content=\"La Pr\u00e9sidence du Faso, en collaboration avec le Bureau national des grands projets du Burkina (BN-GP), a lanc\u00e9 un atelier de formation pour les journalistes et communicateurs, du 6 au 10 ao\u00fbt 2025 \u00e0 Bobo-Dioulasso. L&rsquo;objectif est de les informer sur les initiatives pr\u00e9sidentielles et de les outiller pour mieux sensibiliser la population. La c\u00e9r\u00e9monie d\u2019ouverture s&rsquo;est d\u00e9roul\u00e9e en pr\u00e9sence du ministre de la Communication, Gilbert Ou\u00e9draogo, et du Secr\u00e9taire g\u00e9n\u00e9ral du Gouvernement, Ousmane Ouattara.\" \/>\n<meta property=\"og:url\" content=\"https:\/\/www.latribunedufaso.net\/?p=22490\" \/>\n<meta property=\"og:site_name\" content=\"La Tribune du Faso\" \/>\n<meta property=\"article:publisher\" content=\"https:\/\/www.facebook.com\/LatribuneduFaso\/\" \/>\n<meta property=\"article:published_time\" content=\"2025-08-06T15:46:23+00:00\" \/>\n<meta property=\"article:modified_time\" content=\"2025-09-17T18:06:14+00:00\" \/>\n<meta property=\"og:image\" content=\"https:\/\/www.latribunedufaso.net\/wp-content\/uploads\/2025\/08\/IMG_20250806_092706_222-scaled.jpg\" \/>\n\t<meta property=\"og:image:width\" content=\"2560\" \/>\n\t<meta property=\"og:image:height\" content=\"1920\" \/>\n\t<meta property=\"og:image:type\" content=\"image\/jpeg\" \/>\n<meta name=\"author\" content=\"Issouf Tapsoba\" \/>\n<meta name=\"twitter:label1\" content=\"\u00c9crit par\" \/>\n\t<meta name=\"twitter:data1\" content=\"Issouf Tapsoba\" \/>\n\t<meta name=\"twitter:label2\" content=\"Dur\u00e9e de lecture estim\u00e9e\" \/>\n\t<meta name=\"twitter:data2\" content=\"3 minutes\" \/>\n<script type=\"application\/ld+json\" class=\"yoast-schema-graph\">{\"@context\":\"https:\\\/\\\/schema.org\",\"@graph\":[{\"@type\":\"Article\",\"@id\":\"https:\\\/\\\/www.latribunedufaso.net\\\/?p=22490#article\",\"isPartOf\":{\"@id\":\"https:\\\/\\\/www.latribunedufaso.net\\\/?p=22490\"},\"author\":{\"name\":\"Issouf Tapsoba\",\"@id\":\"https:\\\/\\\/www.latribunedufaso.net\\\/#\\\/schema\\\/person\\\/e54e64c5778a7e72cf80a318b7a622b0\"},\"headline\":\"D\u00e9veloppement endog\u00e8ne : Des journalistes et communicateurs form\u00e9s pour mieux communiquer sur les initiatives de d\u00e9veloppement\",\"datePublished\":\"2025-08-06T15:46:23+00:00\",\"dateModified\":\"2025-09-17T18:06:14+00:00\",\"mainEntityOfPage\":{\"@id\":\"https:\\\/\\\/www.latribunedufaso.net\\\/?p=22490\"},\"wordCount\":562,\"commentCount\":0,\"publisher\":{\"@id\":\"https:\\\/\\\/www.latribunedufaso.net\\\/#organization\"},\"image\":{\"@id\":\"https:\\\/\\\/www.latribunedufaso.net\\\/?p=22490#primaryimage\"},\"thumbnailUrl\":\"https:\\\/\\\/www.latribunedufaso.net\\\/wp-content\\\/uploads\\\/2025\\\/08\\\/IMG_20250806_092706_222-scaled.jpg\",\"keywords\":[\"Bureau national des grands projets du Burkina (BN-GP)\",\"initiative pr\u00e9sidentielle\",\"latribunedufaso.net\"],\"articleSection\":[\"A la une\",\"Actualit\u00e9\",\"Soci\u00e9t\u00e9\"],\"inLanguage\":\"fr-FR\",\"potentialAction\":[{\"@type\":\"CommentAction\",\"name\":\"Comment\",\"target\":[\"https:\\\/\\\/www.latribunedufaso.net\\\/?p=22490#respond\"]}]},{\"@type\":\"WebPage\",\"@id\":\"https:\\\/\\\/www.latribunedufaso.net\\\/?p=22490\",\"url\":\"https:\\\/\\\/www.latribunedufaso.net\\\/?p=22490\",\"name\":\"D\u00e9veloppement endog\u00e8ne : Des journalistes et communicateurs form\u00e9s pour mieux communiquer sur les initiatives de d\u00e9veloppement - La Tribune du Faso\",\"isPartOf\":{\"@id\":\"https:\\\/\\\/www.latribunedufaso.net\\\/#website\"},\"primaryImageOfPage\":{\"@id\":\"https:\\\/\\\/www.latribunedufaso.net\\\/?p=22490#primaryimage\"},\"image\":{\"@id\":\"https:\\\/\\\/www.latribunedufaso.net\\\/?p=22490#primaryimage\"},\"thumbnailUrl\":\"https:\\\/\\\/www.latribunedufaso.net\\\/wp-content\\\/uploads\\\/2025\\\/08\\\/IMG_20250806_092706_222-scaled.jpg\",\"datePublished\":\"2025-08-06T15:46:23+00:00\",\"dateModified\":\"2025-09-17T18:06:14+00:00\",\"breadcrumb\":{\"@id\":\"https:\\\/\\\/www.latribunedufaso.net\\\/?p=22490#breadcrumb\"},\"inLanguage\":\"fr-FR\",\"potentialAction\":[{\"@type\":\"ReadAction\",\"target\":[\"https:\\\/\\\/www.latribunedufaso.net\\\/?p=22490\"]}]},{\"@type\":\"ImageObject\",\"inLanguage\":\"fr-FR\",\"@id\":\"https:\\\/\\\/www.latribunedufaso.net\\\/?p=22490#primaryimage\",\"url\":\"https:\\\/\\\/www.latribunedufaso.net\\\/wp-content\\\/uploads\\\/2025\\\/08\\\/IMG_20250806_092706_222-scaled.jpg\",\"contentUrl\":\"https:\\\/\\\/www.latribunedufaso.net\\\/wp-content\\\/uploads\\\/2025\\\/08\\\/IMG_20250806_092706_222-scaled.jpg\",\"width\":2560,\"height\":1920,\"caption\":\"Une vue des participants lors des travaux - Ph. I. Tapsoba\"},{\"@type\":\"BreadcrumbList\",\"@id\":\"https:\\\/\\\/www.latribunedufaso.net\\\/?p=22490#breadcrumb\",\"itemListElement\":[{\"@type\":\"ListItem\",\"position\":1,\"name\":\"Accueil\",\"item\":\"https:\\\/\\\/www.latribunedufaso.net\\\/\"},{\"@type\":\"ListItem\",\"position\":2,\"name\":\"D\u00e9veloppement endog\u00e8ne : Des journalistes et communicateurs form\u00e9s pour mieux communiquer sur les initiatives de d\u00e9veloppement\"}]},{\"@type\":\"WebSite\",\"@id\":\"https:\\\/\\\/www.latribunedufaso.net\\\/#website\",\"url\":\"https:\\\/\\\/www.latribunedufaso.net\\\/\",\"name\":\"La Tribune du Faso\",\"description\":\"L&#039;information du monde rural en un clic\",\"publisher\":{\"@id\":\"https:\\\/\\\/www.latribunedufaso.net\\\/#organization\"},\"potentialAction\":[{\"@type\":\"SearchAction\",\"target\":{\"@type\":\"EntryPoint\",\"urlTemplate\":\"https:\\\/\\\/www.latribunedufaso.net\\\/?s={search_term_string}\"},\"query-input\":{\"@type\":\"PropertyValueSpecification\",\"valueRequired\":true,\"valueName\":\"search_term_string\"}}],\"inLanguage\":\"fr-FR\"},{\"@type\":\"Organization\",\"@id\":\"https:\\\/\\\/www.latribunedufaso.net\\\/#organization\",\"name\":\"La Tribune du Faso\",\"url\":\"https:\\\/\\\/www.latribunedufaso.net\\\/\",\"logo\":{\"@type\":\"ImageObject\",\"inLanguage\":\"fr-FR\",\"@id\":\"https:\\\/\\\/www.latribunedufaso.net\\\/#\\\/schema\\\/logo\\\/image\\\/\",\"url\":\"https:\\\/\\\/www.latribunedufaso.net\\\/wp-content\\\/uploads\\\/2020\\\/08\\\/Logo-Tribune-du-Faso-final-scaled.jpg\",\"contentUrl\":\"https:\\\/\\\/www.latribunedufaso.net\\\/wp-content\\\/uploads\\\/2020\\\/08\\\/Logo-Tribune-du-Faso-final-scaled.jpg\",\"width\":2560,\"height\":1856,\"caption\":\"La Tribune du Faso\"},\"image\":{\"@id\":\"https:\\\/\\\/www.latribunedufaso.net\\\/#\\\/schema\\\/logo\\\/image\\\/\"},\"sameAs\":[\"https:\\\/\\\/www.facebook.com\\\/LatribuneduFaso\\\/\"]},{\"@type\":\"Person\",\"@id\":\"https:\\\/\\\/www.latribunedufaso.net\\\/#\\\/schema\\\/person\\\/e54e64c5778a7e72cf80a318b7a622b0\",\"name\":\"Issouf Tapsoba\",\"image\":{\"@type\":\"ImageObject\",\"inLanguage\":\"fr-FR\",\"@id\":\"https:\\\/\\\/secure.gravatar.com\\\/avatar\\\/5e6c05150ce3230247d167f5b94d678eb05936197436d69b7921e3a95c9107ac?s=96&d=mm&r=g\",\"url\":\"https:\\\/\\\/secure.gravatar.com\\\/avatar\\\/5e6c05150ce3230247d167f5b94d678eb05936197436d69b7921e3a95c9107ac?s=96&d=mm&r=g\",\"contentUrl\":\"https:\\\/\\\/secure.gravatar.com\\\/avatar\\\/5e6c05150ce3230247d167f5b94d678eb05936197436d69b7921e3a95c9107ac?s=96&d=mm&r=g\",\"caption\":\"Issouf Tapsoba\"},\"url\":\"https:\\\/\\\/www.latribunedufaso.net\\\/?author=5\"}]}<\/script>\n<!-- \/ Yoast SEO plugin. -->","yoast_head_json":{"title":"D\u00e9veloppement endog\u00e8ne : Des journalistes et communicateurs form\u00e9s pour mieux communiquer sur les initiatives de d\u00e9veloppement - La Tribune du Faso","robots":{"index":"index","follow":"follow","max-snippet":"max-snippet:-1","max-image-preview":"max-image-preview:large","max-video-preview":"max-video-preview:-1"},"canonical":"https:\/\/www.latribunedufaso.net\/?p=22490","og_locale":"fr_FR","og_type":"article","og_title":"D\u00e9veloppement endog\u00e8ne : Des journalistes et communicateurs form\u00e9s pour mieux communiquer sur les initiatives de d\u00e9veloppement - La Tribune du Faso","og_description":"La Pr\u00e9sidence du Faso, en collaboration avec le Bureau national des grands projets du Burkina (BN-GP), a lanc\u00e9 un atelier de formation pour les journalistes et communicateurs, du 6 au 10 ao\u00fbt 2025 \u00e0 Bobo-Dioulasso. L&rsquo;objectif est de les informer sur les initiatives pr\u00e9sidentielles et de les outiller pour mieux sensibiliser la population. La c\u00e9r\u00e9monie d\u2019ouverture s&rsquo;est d\u00e9roul\u00e9e en pr\u00e9sence du ministre de la Communication, Gilbert Ou\u00e9draogo, et du Secr\u00e9taire g\u00e9n\u00e9ral du Gouvernement, Ousmane Ouattara.","og_url":"https:\/\/www.latribunedufaso.net\/?p=22490","og_site_name":"La Tribune du Faso","article_publisher":"https:\/\/www.facebook.com\/LatribuneduFaso\/","article_published_time":"2025-08-06T15:46:23+00:00","article_modified_time":"2025-09-17T18:06:14+00:00","og_image":[{"width":2560,"height":1920,"url":"https:\/\/www.latribunedufaso.net\/wp-content\/uploads\/2025\/08\/IMG_20250806_092706_222-scaled.jpg","type":"image\/jpeg"}],"author":"Issouf Tapsoba","twitter_misc":{"\u00c9crit par":"Issouf Tapsoba","Dur\u00e9e de lecture estim\u00e9e":"3 minutes"},"schema":{"@context":"https:\/\/schema.org","@graph":[{"@type":"Article","@id":"https:\/\/www.latribunedufaso.net\/?p=22490#article","isPartOf":{"@id":"https:\/\/www.latribunedufaso.net\/?p=22490"},"author":{"name":"Issouf Tapsoba","@id":"https:\/\/www.latribunedufaso.net\/#\/schema\/person\/e54e64c5778a7e72cf80a318b7a622b0"},"headline":"D\u00e9veloppement endog\u00e8ne : Des journalistes et communicateurs form\u00e9s pour mieux communiquer sur les initiatives de d\u00e9veloppement","datePublished":"2025-08-06T15:46:23+00:00","dateModified":"2025-09-17T18:06:14+00:00","mainEntityOfPage":{"@id":"https:\/\/www.latribunedufaso.net\/?p=22490"},"wordCount":562,"commentCount":0,"publisher":{"@id":"https:\/\/www.latribunedufaso.net\/#organization"},"image":{"@id":"https:\/\/www.latribunedufaso.net\/?p=22490#primaryimage"},"thumbnailUrl":"https:\/\/www.latribunedufaso.net\/wp-content\/uploads\/2025\/08\/IMG_20250806_092706_222-scaled.jpg","keywords":["Bureau national des grands projets du Burkina (BN-GP)","initiative pr\u00e9sidentielle","latribunedufaso.net"],"articleSection":["A la une","Actualit\u00e9","Soci\u00e9t\u00e9"],"inLanguage":"fr-FR","potentialAction":[{"@type":"CommentAction","name":"Comment","target":["https:\/\/www.latribunedufaso.net\/?p=22490#respond"]}]},{"@type":"WebPage","@id":"https:\/\/www.latribunedufaso.net\/?p=22490","url":"https:\/\/www.latribunedufaso.net\/?p=22490","name":"D\u00e9veloppement endog\u00e8ne : Des journalistes et communicateurs form\u00e9s pour mieux communiquer sur les initiatives de d\u00e9veloppement - La Tribune du Faso","isPartOf":{"@id":"https:\/\/www.latribunedufaso.net\/#website"},"primaryImageOfPage":{"@id":"https:\/\/www.latribunedufaso.net\/?p=22490#primaryimage"},"image":{"@id":"https:\/\/www.latribunedufaso.net\/?p=22490#primaryimage"},"thumbnailUrl":"https:\/\/www.latribunedufaso.net\/wp-content\/uploads\/2025\/08\/IMG_20250806_092706_222-scaled.jpg","datePublished":"2025-08-06T15:46:23+00:00","dateModified":"2025-09-17T18:06:14+00:00","breadcrumb":{"@id":"https:\/\/www.latribunedufaso.net\/?p=22490#breadcrumb"},"inLanguage":"fr-FR","potentialAction":[{"@type":"ReadAction","target":["https:\/\/www.latribunedufaso.net\/?p=22490"]}]},{"@type":"ImageObject","inLanguage":"fr-FR","@id":"https:\/\/www.latribunedufaso.net\/?p=22490#primaryimage","url":"https:\/\/www.latribunedufaso.net\/wp-content\/uploads\/2025\/08\/IMG_20250806_092706_222-scaled.jpg","contentUrl":"https:\/\/www.latribunedufaso.net\/wp-content\/uploads\/2025\/08\/IMG_20250806_092706_222-scaled.jpg","width":2560,"height":1920,"caption":"Une vue des participants lors des travaux - Ph. I. Tapsoba"},{"@type":"BreadcrumbList","@id":"https:\/\/www.latribunedufaso.net\/?p=22490#breadcrumb","itemListElement":[{"@type":"ListItem","position":1,"name":"Accueil","item":"https:\/\/www.latribunedufaso.net\/"},{"@type":"ListItem","position":2,"name":"D\u00e9veloppement endog\u00e8ne : Des journalistes et communicateurs form\u00e9s pour mieux communiquer sur les initiatives de d\u00e9veloppement"}]},{"@type":"WebSite","@id":"https:\/\/www.latribunedufaso.net\/#website","url":"https:\/\/www.latribunedufaso.net\/","name":"La Tribune du Faso","description":"L&#039;information du monde rural en un clic","publisher":{"@id":"https:\/\/www.latribunedufaso.net\/#organization"},"potentialAction":[{"@type":"SearchAction","target":{"@type":"EntryPoint","urlTemplate":"https:\/\/www.latribunedufaso.net\/?s={search_term_string}"},"query-input":{"@type":"PropertyValueSpecification","valueRequired":true,"valueName":"search_term_string"}}],"inLanguage":"fr-FR"},{"@type":"Organization","@id":"https:\/\/www.latribunedufaso.net\/#organization","name":"La Tribune du Faso","url":"https:\/\/www.latribunedufaso.net\/","logo":{"@type":"ImageObject","inLanguage":"fr-FR","@id":"https:\/\/www.latribunedufaso.net\/#\/schema\/logo\/image\/","url":"https:\/\/www.latribunedufaso.net\/wp-content\/uploads\/2020\/08\/Logo-Tribune-du-Faso-final-scaled.jpg","contentUrl":"https:\/\/www.latribunedufaso.net\/wp-content\/uploads\/2020\/08\/Logo-Tribune-du-Faso-final-scaled.jpg","width":2560,"height":1856,"caption":"La Tribune du Faso"},"image":{"@id":"https:\/\/www.latribunedufaso.net\/#\/schema\/logo\/image\/"},"sameAs":["https:\/\/www.facebook.com\/LatribuneduFaso\/"]},{"@type":"Person","@id":"https:\/\/www.latribunedufaso.net\/#\/schema\/person\/e54e64c5778a7e72cf80a318b7a622b0","name":"Issouf Tapsoba","image":{"@type":"ImageObject","inLanguage":"fr-FR","@id":"https:\/\/secure.gravatar.com\/avatar\/5e6c05150ce3230247d167f5b94d678eb05936197436d69b7921e3a95c9107ac?s=96&d=mm&r=g","url":"https:\/\/secure.gravatar.com\/avatar\/5e6c05150ce3230247d167f5b94d678eb05936197436d69b7921e3a95c9107ac?s=96&d=mm&r=g","contentUrl":"https:\/\/secure.gravatar.com\/avatar\/5e6c05150ce3230247d167f5b94d678eb05936197436d69b7921e3a95c9107ac?s=96&d=mm&r=g","caption":"Issouf Tapsoba"},"url":"https:\/\/www.latribunedufaso.net\/?author=5"}]}},"_links":{"self":[{"href":"https:\/\/www.latribunedufaso.net\/index.php?rest_route=\/wp\/v2\/posts\/22490","targetHints":{"allow":["GET"]}}],"collection":[{"href":"https:\/\/www.latribunedufaso.net\/index.php?rest_route=\/wp\/v2\/posts"}],"about":[{"href":"https:\/\/www.latribunedufaso.net\/index.php?rest_route=\/wp\/v2\/types\/post"}],"author":[{"embeddable":true,"href":"https:\/\/www.latribunedufaso.net\/index.php?rest_route=\/wp\/v2\/users\/5"}],"replies":[{"embeddable":true,"href":"https:\/\/www.latribunedufaso.net\/index.php?rest_route=%2Fwp%2Fv2%2Fcomments&post=22490"}],"version-history":[{"count":5,"href":"https:\/\/www.latribunedufaso.net\/index.php?rest_route=\/wp\/v2\/posts\/22490\/revisions"}],"predecessor-version":[{"id":23620,"href":"https:\/\/www.latribunedufaso.net\/index.php?rest_route=\/wp\/v2\/posts\/22490\/revisions\/23620"}],"wp:featuredmedia":[{"embeddable":true,"href":"https:\/\/www.latribunedufaso.net\/index.php?rest_route=\/wp\/v2\/media\/22495"}],"wp:attachment":[{"href":"https:\/\/www.latribunedufaso.net\/index.php?rest_route=%2Fwp%2Fv2%2Fmedia&parent=22490"}],"wp:term":[{"taxonomy":"category","embeddable":true,"href":"https:\/\/www.latribunedufaso.net\/index.php?rest_route=%2Fwp%2Fv2%2Fcategories&post=22490"},{"taxonomy":"post_tag","embeddable":true,"href":"https:\/\/www.latribunedufaso.net\/index.php?rest_route=%2Fwp%2Fv2%2Ftags&post=22490"}],"curies":[{"name":"wp","href":"https:\/\/api.w.org\/{rel}","templated":true}]}}