{"id":22463,"date":"2025-08-05T18:37:09","date_gmt":"2025-08-05T18:37:09","guid":{"rendered":"https:\/\/www.latribunedufaso.net\/?p=22463"},"modified":"2025-08-05T18:37:09","modified_gmt":"2025-08-05T18:37:09","slug":"evaluation-contrat-dobjectifs-2025-ministere-transition-digitale-la-dematerialisation-de-75-procedure-administrative-identifiee","status":"publish","type":"post","link":"https:\/\/www.latribunedufaso.net\/?p=22463","title":{"rendered":"\u200eEvaluation contrat d&rsquo;objectifs 2025 \/Minist\u00e8re Transition digitale : La d\u00e9mat\u00e9rialisation de 75 proc\u00e9dure administrative identifi\u00e9e"},"content":{"rendered":"<p><strong>\u200eL\u2019\u00e9valuation du contrat d\u2019objectifs de la ministre de la Transition digitale, des Postes et des Communications \u00e9lectroniques, Dr Aminata Zerbo\/Saban\u00e9, s\u2019est tenue ce\u00a0 5 ao\u00fbt 2025, sous la pr\u00e9sidence du Premier ministre, Jean Emmanuel Ou\u00e9draogo. Au 30 juin 2025, la mise en \u0153uvre de son contrat d\u2019objectifs affiche un taux de r\u00e9alisation physique de 53%.<\/strong><!--more--><\/p>\n<p>\u200eSelon la ministre, plusieurs acquis ont contribu\u00e9 \u00e0 ce r\u00e9sultat satisfaisant. Au niveau des infrastructures, il s\u2019agit notamment de la poursuite de la couverture des zones blanches, de l\u2019\u00e9laboration des sp\u00e9cifications pour le lancement des march\u00e9s destin\u00e9s \u00e0 couvrir 750 nouvelles localit\u00e9s cette ann\u00e9e, de l\u2019interconnexion de 38 nouveaux b\u00e2timents au RESINA, ainsi que d\u2019avanc\u00e9es significatives dans la construction des deux mini Data centers.<\/p>\n<figure id=\"attachment_22464\" aria-describedby=\"caption-attachment-22464\" style=\"width: 2048px\" class=\"wp-caption aligncenter\"><a href=\"https:\/\/www.latribunedufaso.net\/wp-content\/uploads\/2025\/08\/FB_IMG_1754416282082.jpg\"><img loading=\"lazy\" decoding=\"async\" class=\"size-full wp-image-22464\" src=\"https:\/\/www.latribunedufaso.net\/wp-content\/uploads\/2025\/08\/FB_IMG_1754416282082.jpg\" alt=\"\u00c9valuation du contrat d'objectifs du ministre en charge de la Transition digitale, 5 ao\u00fbt 2025\" width=\"2048\" height=\"1298\" srcset=\"https:\/\/www.latribunedufaso.net\/wp-content\/uploads\/2025\/08\/FB_IMG_1754416282082.jpg 2048w, https:\/\/www.latribunedufaso.net\/wp-content\/uploads\/2025\/08\/FB_IMG_1754416282082-300x190.jpg 300w, https:\/\/www.latribunedufaso.net\/wp-content\/uploads\/2025\/08\/FB_IMG_1754416282082-1024x649.jpg 1024w, https:\/\/www.latribunedufaso.net\/wp-content\/uploads\/2025\/08\/FB_IMG_1754416282082-768x487.jpg 768w, https:\/\/www.latribunedufaso.net\/wp-content\/uploads\/2025\/08\/FB_IMG_1754416282082-1536x974.jpg 1536w\" sizes=\"auto, (max-width: 2048px) 100vw, 2048px\" \/><\/a><figcaption id=\"caption-attachment-22464\" class=\"wp-caption-text\">Le Premier ministre a pr\u00e9sid\u00e9 la session d&rsquo;\u00e9valuation du contrat d&rsquo;objectifs &#8211; Ph. DR<\/figcaption><\/figure>\n<p>Concernant le renforcement des capacit\u00e9s op\u00e9rationnelles de l\u2019administration, la ministre a soulign\u00e9 le recrutement de 214 nouveaux agents. En mati\u00e8re de d\u00e9mat\u00e9rialisation de l\u2019administration, la feuille de route 2025 a \u00e9t\u00e9 finalis\u00e9e avec l\u2019identification de 75 proc\u00e9dures.<\/p>\n<p>\u200eS\u2019agissant de la signature \u00e9lectronique, Dr Aminata Zerbo\/Saban\u00e9 a indiqu\u00e9 qu\u2019une phase d\u2019exp\u00e9rimentation a d\u00e9but\u00e9 avec l\u2019int\u00e9gration de trois plateformes : le circuit int\u00e9gr\u00e9 des missions internes, le circuit int\u00e9gr\u00e9 des missions externes, et le circuit int\u00e9gr\u00e9 de gestion des courriers, en attendant la mise en place de l\u2019infrastructure compl\u00e8te d\u2019ici la fin de l\u2019ann\u00e9e.<\/p>\n<figure id=\"attachment_22465\" aria-describedby=\"caption-attachment-22465\" style=\"width: 2048px\" class=\"wp-caption aligncenter\"><a href=\"https:\/\/www.latribunedufaso.net\/wp-content\/uploads\/2025\/08\/FB_IMG_1754416278822.jpg\"><img loading=\"lazy\" decoding=\"async\" class=\"size-full wp-image-22465\" src=\"https:\/\/www.latribunedufaso.net\/wp-content\/uploads\/2025\/08\/FB_IMG_1754416278822.jpg\" alt=\"\u00c9valuation du contrat d'objectifs du ministre en charge de la Transition digitale, 5 ao\u00fbt 2025\" width=\"2048\" height=\"1348\" srcset=\"https:\/\/www.latribunedufaso.net\/wp-content\/uploads\/2025\/08\/FB_IMG_1754416278822.jpg 2048w, https:\/\/www.latribunedufaso.net\/wp-content\/uploads\/2025\/08\/FB_IMG_1754416278822-300x197.jpg 300w, https:\/\/www.latribunedufaso.net\/wp-content\/uploads\/2025\/08\/FB_IMG_1754416278822-1024x674.jpg 1024w, https:\/\/www.latribunedufaso.net\/wp-content\/uploads\/2025\/08\/FB_IMG_1754416278822-768x506.jpg 768w, https:\/\/www.latribunedufaso.net\/wp-content\/uploads\/2025\/08\/FB_IMG_1754416278822-1536x1011.jpg 1536w, https:\/\/www.latribunedufaso.net\/wp-content\/uploads\/2025\/08\/FB_IMG_1754416278822-120x80.jpg 120w\" sizes=\"auto, (max-width: 2048px) 100vw, 2048px\" \/><\/a><figcaption id=\"caption-attachment-22465\" class=\"wp-caption-text\">La ministre de la Transition digitale, des Postes et des Communications \u00e9lectroniques, Dr Aminata Zerbo\/Saban\u00e9 &#8211; Ph. DR<\/figcaption><\/figure>\n<p>\u200eDes progr\u00e8s ont \u00e9galement \u00e9t\u00e9 not\u00e9s au niveau de l\u2019identifiant unique \u00e9lectronique, avec la finalisation de la plateforme d\u2019enr\u00f4lement interne, en attente du recrutement du prestataire pour le syst\u00e8me final.<\/p>\n<p>\u200eSur le plan juridique, plusieurs d\u00e9crets importants ont \u00e9t\u00e9 adopt\u00e9s, notamment ceux relatifs \u00e0 la d\u00e9livrance de l\u2019identifiant unique et \u00e0 la gestion de l\u2019agr\u00e9ment technique des syst\u00e8mes d\u2019information en mati\u00e8re de s\u00e9curit\u00e9, ainsi qu\u2019un avant-projet de loi sur les activit\u00e9s postales.<\/p>\n<p>\u200eLa ministre a cependant relev\u00e9 des difficult\u00e9s rencontr\u00e9es, telles que la d\u00e9faillance de certains prestataires et l\u2019inaccessibilit\u00e9 de certaines zones.<\/p>\n<blockquote>\n<p>Lire aussi &gt;&gt; <a href=\"https:\/\/www.latribunedufaso.net\/?p=22454\">\u00c9valuation du contrat d\u2019objectifs 2025\/Minist\u00e8re S\u00e9curit\u00e9 : Un projet de carte nationale d\u2019identit\u00e9 biom\u00e9trique AES en polycarbonate en pr\u00e9paration<\/a><\/p>\n<\/blockquote>\n<p>\u200ePour le second semestre, elle pr\u00e9voit de poursuivre les travaux de r\u00e9ception des deux mini Data centers, d\u2019engager la couverture des 750 nouvelles localit\u00e9s et de lancer l\u2019enr\u00f4lement pour l\u2019identifiant unique.<\/p>\n<p><strong>\u200eLatribunedufaso.net<\/strong><\/p>\n<p><strong>Source : DCRP\/Primature<\/strong><\/p>\n","protected":false},"excerpt":{"rendered":"<p>\u200eL\u2019\u00e9valuation du contrat d\u2019objectifs de la ministre de la Transition digitale, des Postes et des Communications \u00e9lectroniques, Dr Aminata Zerbo\/Saban\u00e9, s\u2019est tenue ce\u00a0 5 ao\u00fbt 2025, sous la pr\u00e9sidence du Premier ministre, Jean Emmanuel Ou\u00e9draogo. Au 30 juin 2025, la mise en \u0153uvre de son contrat d\u2019objectifs affiche un taux de r\u00e9alisation physique de 53%.<\/p>\n","protected":false},"author":5,"featured_media":22465,"comment_status":"open","ping_status":"open","sticky":false,"template":"","format":"standard","meta":{"footnotes":""},"categories":[13,1,8],"tags":[174,220],"class_list":["post-22463","post","type-post","status-publish","format-standard","has-post-thumbnail","hentry","category-une","category-actu","category-societe","tag-dematerialisation-des-procedures-administratives","tag-transition-digitale"],"yoast_head":"<!-- This site is optimized with the Yoast SEO plugin v27.5 - https:\/\/yoast.com\/product\/yoast-seo-wordpress\/ -->\n<title>\u200eEvaluation contrat d&#039;objectifs 2025 \/Minist\u00e8re Transition digitale : La d\u00e9mat\u00e9rialisation de 75 proc\u00e9dure administrative identifi\u00e9e - La Tribune du Faso<\/title>\n<meta name=\"robots\" content=\"index, follow, max-snippet:-1, max-image-preview:large, max-video-preview:-1\" \/>\n<link rel=\"canonical\" href=\"https:\/\/www.latribunedufaso.net\/?p=22463\" \/>\n<meta property=\"og:locale\" content=\"fr_FR\" \/>\n<meta property=\"og:type\" content=\"article\" \/>\n<meta property=\"og:title\" content=\"\u200eEvaluation contrat d&#039;objectifs 2025 \/Minist\u00e8re Transition digitale : La d\u00e9mat\u00e9rialisation de 75 proc\u00e9dure administrative identifi\u00e9e - La Tribune du Faso\" \/>\n<meta property=\"og:description\" content=\"\u200eL\u2019\u00e9valuation du contrat d\u2019objectifs de la ministre de la Transition digitale, des Postes et des Communications \u00e9lectroniques, Dr Aminata Zerbo\/Saban\u00e9, s\u2019est tenue ce\u00a0 5 ao\u00fbt 2025, sous la pr\u00e9sidence du Premier ministre, Jean Emmanuel Ou\u00e9draogo. Au 30 juin 2025, la mise en \u0153uvre de son contrat d\u2019objectifs affiche un taux de r\u00e9alisation physique de 53%.\" \/>\n<meta property=\"og:url\" content=\"https:\/\/www.latribunedufaso.net\/?p=22463\" \/>\n<meta property=\"og:site_name\" content=\"La Tribune du Faso\" \/>\n<meta property=\"article:publisher\" content=\"https:\/\/www.facebook.com\/LatribuneduFaso\/\" \/>\n<meta property=\"article:published_time\" content=\"2025-08-05T18:37:09+00:00\" \/>\n<meta property=\"og:image\" content=\"https:\/\/www.latribunedufaso.net\/wp-content\/uploads\/2025\/08\/FB_IMG_1754416278822.jpg\" \/>\n\t<meta property=\"og:image:width\" content=\"2048\" \/>\n\t<meta property=\"og:image:height\" content=\"1348\" \/>\n\t<meta property=\"og:image:type\" content=\"image\/jpeg\" \/>\n<meta name=\"author\" content=\"Issouf Tapsoba\" \/>\n<meta name=\"twitter:label1\" content=\"\u00c9crit par\" \/>\n\t<meta name=\"twitter:data1\" content=\"Issouf Tapsoba\" \/>\n\t<meta name=\"twitter:label2\" content=\"Dur\u00e9e de lecture estim\u00e9e\" \/>\n\t<meta name=\"twitter:data2\" content=\"2 minutes\" \/>\n<script type=\"application\/ld+json\" class=\"yoast-schema-graph\">{\"@context\":\"https:\\\/\\\/schema.org\",\"@graph\":[{\"@type\":\"Article\",\"@id\":\"https:\\\/\\\/www.latribunedufaso.net\\\/?p=22463#article\",\"isPartOf\":{\"@id\":\"https:\\\/\\\/www.latribunedufaso.net\\\/?p=22463\"},\"author\":{\"name\":\"Issouf Tapsoba\",\"@id\":\"https:\\\/\\\/www.latribunedufaso.net\\\/#\\\/schema\\\/person\\\/e54e64c5778a7e72cf80a318b7a622b0\"},\"headline\":\"\u200eEvaluation contrat d&rsquo;objectifs 2025 \\\/Minist\u00e8re Transition digitale : La d\u00e9mat\u00e9rialisation de 75 proc\u00e9dure administrative identifi\u00e9e\",\"datePublished\":\"2025-08-05T18:37:09+00:00\",\"mainEntityOfPage\":{\"@id\":\"https:\\\/\\\/www.latribunedufaso.net\\\/?p=22463\"},\"wordCount\":495,\"commentCount\":0,\"publisher\":{\"@id\":\"https:\\\/\\\/www.latribunedufaso.net\\\/#organization\"},\"image\":{\"@id\":\"https:\\\/\\\/www.latribunedufaso.net\\\/?p=22463#primaryimage\"},\"thumbnailUrl\":\"https:\\\/\\\/www.latribunedufaso.net\\\/wp-content\\\/uploads\\\/2025\\\/08\\\/FB_IMG_1754416278822.jpg\",\"keywords\":[\"d\u00e9mat\u00e9rialisation des proc\u00e9dures administratives\",\"transition digitale\"],\"articleSection\":[\"A la une\",\"Actualit\u00e9\",\"Soci\u00e9t\u00e9\"],\"inLanguage\":\"fr-FR\",\"potentialAction\":[{\"@type\":\"CommentAction\",\"name\":\"Comment\",\"target\":[\"https:\\\/\\\/www.latribunedufaso.net\\\/?p=22463#respond\"]}]},{\"@type\":\"WebPage\",\"@id\":\"https:\\\/\\\/www.latribunedufaso.net\\\/?p=22463\",\"url\":\"https:\\\/\\\/www.latribunedufaso.net\\\/?p=22463\",\"name\":\"\u200eEvaluation contrat d'objectifs 2025 \\\/Minist\u00e8re Transition digitale : La d\u00e9mat\u00e9rialisation de 75 proc\u00e9dure administrative identifi\u00e9e - La Tribune du Faso\",\"isPartOf\":{\"@id\":\"https:\\\/\\\/www.latribunedufaso.net\\\/#website\"},\"primaryImageOfPage\":{\"@id\":\"https:\\\/\\\/www.latribunedufaso.net\\\/?p=22463#primaryimage\"},\"image\":{\"@id\":\"https:\\\/\\\/www.latribunedufaso.net\\\/?p=22463#primaryimage\"},\"thumbnailUrl\":\"https:\\\/\\\/www.latribunedufaso.net\\\/wp-content\\\/uploads\\\/2025\\\/08\\\/FB_IMG_1754416278822.jpg\",\"datePublished\":\"2025-08-05T18:37:09+00:00\",\"breadcrumb\":{\"@id\":\"https:\\\/\\\/www.latribunedufaso.net\\\/?p=22463#breadcrumb\"},\"inLanguage\":\"fr-FR\",\"potentialAction\":[{\"@type\":\"ReadAction\",\"target\":[\"https:\\\/\\\/www.latribunedufaso.net\\\/?p=22463\"]}]},{\"@type\":\"ImageObject\",\"inLanguage\":\"fr-FR\",\"@id\":\"https:\\\/\\\/www.latribunedufaso.net\\\/?p=22463#primaryimage\",\"url\":\"https:\\\/\\\/www.latribunedufaso.net\\\/wp-content\\\/uploads\\\/2025\\\/08\\\/FB_IMG_1754416278822.jpg\",\"contentUrl\":\"https:\\\/\\\/www.latribunedufaso.net\\\/wp-content\\\/uploads\\\/2025\\\/08\\\/FB_IMG_1754416278822.jpg\",\"width\":2048,\"height\":1348,\"caption\":\"La ministre de la Transition digitale, des Postes et des Communications \u00e9lectroniques, Dr Aminata Zerbo\\\/Saban\u00e9 - Ph. DR\"},{\"@type\":\"BreadcrumbList\",\"@id\":\"https:\\\/\\\/www.latribunedufaso.net\\\/?p=22463#breadcrumb\",\"itemListElement\":[{\"@type\":\"ListItem\",\"position\":1,\"name\":\"Accueil\",\"item\":\"https:\\\/\\\/www.latribunedufaso.net\\\/\"},{\"@type\":\"ListItem\",\"position\":2,\"name\":\"\u200eEvaluation contrat d&rsquo;objectifs 2025 \\\/Minist\u00e8re Transition digitale : La d\u00e9mat\u00e9rialisation de 75 proc\u00e9dure administrative identifi\u00e9e\"}]},{\"@type\":\"WebSite\",\"@id\":\"https:\\\/\\\/www.latribunedufaso.net\\\/#website\",\"url\":\"https:\\\/\\\/www.latribunedufaso.net\\\/\",\"name\":\"La Tribune du Faso\",\"description\":\"L&#039;information du monde rural en un clic\",\"publisher\":{\"@id\":\"https:\\\/\\\/www.latribunedufaso.net\\\/#organization\"},\"potentialAction\":[{\"@type\":\"SearchAction\",\"target\":{\"@type\":\"EntryPoint\",\"urlTemplate\":\"https:\\\/\\\/www.latribunedufaso.net\\\/?s={search_term_string}\"},\"query-input\":{\"@type\":\"PropertyValueSpecification\",\"valueRequired\":true,\"valueName\":\"search_term_string\"}}],\"inLanguage\":\"fr-FR\"},{\"@type\":\"Organization\",\"@id\":\"https:\\\/\\\/www.latribunedufaso.net\\\/#organization\",\"name\":\"La Tribune du Faso\",\"url\":\"https:\\\/\\\/www.latribunedufaso.net\\\/\",\"logo\":{\"@type\":\"ImageObject\",\"inLanguage\":\"fr-FR\",\"@id\":\"https:\\\/\\\/www.latribunedufaso.net\\\/#\\\/schema\\\/logo\\\/image\\\/\",\"url\":\"https:\\\/\\\/www.latribunedufaso.net\\\/wp-content\\\/uploads\\\/2020\\\/08\\\/Logo-Tribune-du-Faso-final-scaled.jpg\",\"contentUrl\":\"https:\\\/\\\/www.latribunedufaso.net\\\/wp-content\\\/uploads\\\/2020\\\/08\\\/Logo-Tribune-du-Faso-final-scaled.jpg\",\"width\":2560,\"height\":1856,\"caption\":\"La Tribune du Faso\"},\"image\":{\"@id\":\"https:\\\/\\\/www.latribunedufaso.net\\\/#\\\/schema\\\/logo\\\/image\\\/\"},\"sameAs\":[\"https:\\\/\\\/www.facebook.com\\\/LatribuneduFaso\\\/\"]},{\"@type\":\"Person\",\"@id\":\"https:\\\/\\\/www.latribunedufaso.net\\\/#\\\/schema\\\/person\\\/e54e64c5778a7e72cf80a318b7a622b0\",\"name\":\"Issouf Tapsoba\",\"image\":{\"@type\":\"ImageObject\",\"inLanguage\":\"fr-FR\",\"@id\":\"https:\\\/\\\/secure.gravatar.com\\\/avatar\\\/5e6c05150ce3230247d167f5b94d678eb05936197436d69b7921e3a95c9107ac?s=96&d=mm&r=g\",\"url\":\"https:\\\/\\\/secure.gravatar.com\\\/avatar\\\/5e6c05150ce3230247d167f5b94d678eb05936197436d69b7921e3a95c9107ac?s=96&d=mm&r=g\",\"contentUrl\":\"https:\\\/\\\/secure.gravatar.com\\\/avatar\\\/5e6c05150ce3230247d167f5b94d678eb05936197436d69b7921e3a95c9107ac?s=96&d=mm&r=g\",\"caption\":\"Issouf Tapsoba\"},\"url\":\"https:\\\/\\\/www.latribunedufaso.net\\\/?author=5\"}]}<\/script>\n<!-- \/ Yoast SEO plugin. -->","yoast_head_json":{"title":"\u200eEvaluation contrat d'objectifs 2025 \/Minist\u00e8re Transition digitale : La d\u00e9mat\u00e9rialisation de 75 proc\u00e9dure administrative identifi\u00e9e - La Tribune du Faso","robots":{"index":"index","follow":"follow","max-snippet":"max-snippet:-1","max-image-preview":"max-image-preview:large","max-video-preview":"max-video-preview:-1"},"canonical":"https:\/\/www.latribunedufaso.net\/?p=22463","og_locale":"fr_FR","og_type":"article","og_title":"\u200eEvaluation contrat d'objectifs 2025 \/Minist\u00e8re Transition digitale : La d\u00e9mat\u00e9rialisation de 75 proc\u00e9dure administrative identifi\u00e9e - La Tribune du Faso","og_description":"\u200eL\u2019\u00e9valuation du contrat d\u2019objectifs de la ministre de la Transition digitale, des Postes et des Communications \u00e9lectroniques, Dr Aminata Zerbo\/Saban\u00e9, s\u2019est tenue ce\u00a0 5 ao\u00fbt 2025, sous la pr\u00e9sidence du Premier ministre, Jean Emmanuel Ou\u00e9draogo. Au 30 juin 2025, la mise en \u0153uvre de son contrat d\u2019objectifs affiche un taux de r\u00e9alisation physique de 53%.","og_url":"https:\/\/www.latribunedufaso.net\/?p=22463","og_site_name":"La Tribune du Faso","article_publisher":"https:\/\/www.facebook.com\/LatribuneduFaso\/","article_published_time":"2025-08-05T18:37:09+00:00","og_image":[{"width":2048,"height":1348,"url":"https:\/\/www.latribunedufaso.net\/wp-content\/uploads\/2025\/08\/FB_IMG_1754416278822.jpg","type":"image\/jpeg"}],"author":"Issouf Tapsoba","twitter_misc":{"\u00c9crit par":"Issouf Tapsoba","Dur\u00e9e de lecture estim\u00e9e":"2 minutes"},"schema":{"@context":"https:\/\/schema.org","@graph":[{"@type":"Article","@id":"https:\/\/www.latribunedufaso.net\/?p=22463#article","isPartOf":{"@id":"https:\/\/www.latribunedufaso.net\/?p=22463"},"author":{"name":"Issouf Tapsoba","@id":"https:\/\/www.latribunedufaso.net\/#\/schema\/person\/e54e64c5778a7e72cf80a318b7a622b0"},"headline":"\u200eEvaluation contrat d&rsquo;objectifs 2025 \/Minist\u00e8re Transition digitale : La d\u00e9mat\u00e9rialisation de 75 proc\u00e9dure administrative identifi\u00e9e","datePublished":"2025-08-05T18:37:09+00:00","mainEntityOfPage":{"@id":"https:\/\/www.latribunedufaso.net\/?p=22463"},"wordCount":495,"commentCount":0,"publisher":{"@id":"https:\/\/www.latribunedufaso.net\/#organization"},"image":{"@id":"https:\/\/www.latribunedufaso.net\/?p=22463#primaryimage"},"thumbnailUrl":"https:\/\/www.latribunedufaso.net\/wp-content\/uploads\/2025\/08\/FB_IMG_1754416278822.jpg","keywords":["d\u00e9mat\u00e9rialisation des proc\u00e9dures administratives","transition digitale"],"articleSection":["A la une","Actualit\u00e9","Soci\u00e9t\u00e9"],"inLanguage":"fr-FR","potentialAction":[{"@type":"CommentAction","name":"Comment","target":["https:\/\/www.latribunedufaso.net\/?p=22463#respond"]}]},{"@type":"WebPage","@id":"https:\/\/www.latribunedufaso.net\/?p=22463","url":"https:\/\/www.latribunedufaso.net\/?p=22463","name":"\u200eEvaluation contrat d'objectifs 2025 \/Minist\u00e8re Transition digitale : La d\u00e9mat\u00e9rialisation de 75 proc\u00e9dure administrative identifi\u00e9e - La Tribune du Faso","isPartOf":{"@id":"https:\/\/www.latribunedufaso.net\/#website"},"primaryImageOfPage":{"@id":"https:\/\/www.latribunedufaso.net\/?p=22463#primaryimage"},"image":{"@id":"https:\/\/www.latribunedufaso.net\/?p=22463#primaryimage"},"thumbnailUrl":"https:\/\/www.latribunedufaso.net\/wp-content\/uploads\/2025\/08\/FB_IMG_1754416278822.jpg","datePublished":"2025-08-05T18:37:09+00:00","breadcrumb":{"@id":"https:\/\/www.latribunedufaso.net\/?p=22463#breadcrumb"},"inLanguage":"fr-FR","potentialAction":[{"@type":"ReadAction","target":["https:\/\/www.latribunedufaso.net\/?p=22463"]}]},{"@type":"ImageObject","inLanguage":"fr-FR","@id":"https:\/\/www.latribunedufaso.net\/?p=22463#primaryimage","url":"https:\/\/www.latribunedufaso.net\/wp-content\/uploads\/2025\/08\/FB_IMG_1754416278822.jpg","contentUrl":"https:\/\/www.latribunedufaso.net\/wp-content\/uploads\/2025\/08\/FB_IMG_1754416278822.jpg","width":2048,"height":1348,"caption":"La ministre de la Transition digitale, des Postes et des Communications \u00e9lectroniques, Dr Aminata Zerbo\/Saban\u00e9 - Ph. DR"},{"@type":"BreadcrumbList","@id":"https:\/\/www.latribunedufaso.net\/?p=22463#breadcrumb","itemListElement":[{"@type":"ListItem","position":1,"name":"Accueil","item":"https:\/\/www.latribunedufaso.net\/"},{"@type":"ListItem","position":2,"name":"\u200eEvaluation contrat d&rsquo;objectifs 2025 \/Minist\u00e8re Transition digitale : La d\u00e9mat\u00e9rialisation de 75 proc\u00e9dure administrative identifi\u00e9e"}]},{"@type":"WebSite","@id":"https:\/\/www.latribunedufaso.net\/#website","url":"https:\/\/www.latribunedufaso.net\/","name":"La Tribune du Faso","description":"L&#039;information du monde rural en un clic","publisher":{"@id":"https:\/\/www.latribunedufaso.net\/#organization"},"potentialAction":[{"@type":"SearchAction","target":{"@type":"EntryPoint","urlTemplate":"https:\/\/www.latribunedufaso.net\/?s={search_term_string}"},"query-input":{"@type":"PropertyValueSpecification","valueRequired":true,"valueName":"search_term_string"}}],"inLanguage":"fr-FR"},{"@type":"Organization","@id":"https:\/\/www.latribunedufaso.net\/#organization","name":"La Tribune du Faso","url":"https:\/\/www.latribunedufaso.net\/","logo":{"@type":"ImageObject","inLanguage":"fr-FR","@id":"https:\/\/www.latribunedufaso.net\/#\/schema\/logo\/image\/","url":"https:\/\/www.latribunedufaso.net\/wp-content\/uploads\/2020\/08\/Logo-Tribune-du-Faso-final-scaled.jpg","contentUrl":"https:\/\/www.latribunedufaso.net\/wp-content\/uploads\/2020\/08\/Logo-Tribune-du-Faso-final-scaled.jpg","width":2560,"height":1856,"caption":"La Tribune du Faso"},"image":{"@id":"https:\/\/www.latribunedufaso.net\/#\/schema\/logo\/image\/"},"sameAs":["https:\/\/www.facebook.com\/LatribuneduFaso\/"]},{"@type":"Person","@id":"https:\/\/www.latribunedufaso.net\/#\/schema\/person\/e54e64c5778a7e72cf80a318b7a622b0","name":"Issouf Tapsoba","image":{"@type":"ImageObject","inLanguage":"fr-FR","@id":"https:\/\/secure.gravatar.com\/avatar\/5e6c05150ce3230247d167f5b94d678eb05936197436d69b7921e3a95c9107ac?s=96&d=mm&r=g","url":"https:\/\/secure.gravatar.com\/avatar\/5e6c05150ce3230247d167f5b94d678eb05936197436d69b7921e3a95c9107ac?s=96&d=mm&r=g","contentUrl":"https:\/\/secure.gravatar.com\/avatar\/5e6c05150ce3230247d167f5b94d678eb05936197436d69b7921e3a95c9107ac?s=96&d=mm&r=g","caption":"Issouf Tapsoba"},"url":"https:\/\/www.latribunedufaso.net\/?author=5"}]}},"_links":{"self":[{"href":"https:\/\/www.latribunedufaso.net\/index.php?rest_route=\/wp\/v2\/posts\/22463","targetHints":{"allow":["GET"]}}],"collection":[{"href":"https:\/\/www.latribunedufaso.net\/index.php?rest_route=\/wp\/v2\/posts"}],"about":[{"href":"https:\/\/www.latribunedufaso.net\/index.php?rest_route=\/wp\/v2\/types\/post"}],"author":[{"embeddable":true,"href":"https:\/\/www.latribunedufaso.net\/index.php?rest_route=\/wp\/v2\/users\/5"}],"replies":[{"embeddable":true,"href":"https:\/\/www.latribunedufaso.net\/index.php?rest_route=%2Fwp%2Fv2%2Fcomments&post=22463"}],"version-history":[{"count":2,"href":"https:\/\/www.latribunedufaso.net\/index.php?rest_route=\/wp\/v2\/posts\/22463\/revisions"}],"predecessor-version":[{"id":22467,"href":"https:\/\/www.latribunedufaso.net\/index.php?rest_route=\/wp\/v2\/posts\/22463\/revisions\/22467"}],"wp:featuredmedia":[{"embeddable":true,"href":"https:\/\/www.latribunedufaso.net\/index.php?rest_route=\/wp\/v2\/media\/22465"}],"wp:attachment":[{"href":"https:\/\/www.latribunedufaso.net\/index.php?rest_route=%2Fwp%2Fv2%2Fmedia&parent=22463"}],"wp:term":[{"taxonomy":"category","embeddable":true,"href":"https:\/\/www.latribunedufaso.net\/index.php?rest_route=%2Fwp%2Fv2%2Fcategories&post=22463"},{"taxonomy":"post_tag","embeddable":true,"href":"https:\/\/www.latribunedufaso.net\/index.php?rest_route=%2Fwp%2Fv2%2Ftags&post=22463"}],"curies":[{"name":"wp","href":"https:\/\/api.w.org\/{rel}","templated":true}]}}