{"id":22458,"date":"2025-08-05T17:14:29","date_gmt":"2025-08-05T17:14:29","guid":{"rendered":"https:\/\/www.latribunedufaso.net\/?p=22458"},"modified":"2025-08-05T17:14:29","modified_gmt":"2025-08-05T17:14:29","slug":"pays-en-developpement-sans-littoral-forger-des-partenariats-pour-un-avenir-plus-equitable-et-plus-prospere","status":"publish","type":"post","link":"https:\/\/www.latribunedufaso.net\/?p=22458","title":{"rendered":"Pays en d\u00e9veloppement sans littoral: Forger des partenariats pour un avenir plus \u00e9quitable et plus prosp\u00e8re"},"content":{"rendered":"<p><strong>A l&rsquo;initiative de l&rsquo;Organisation des Nations Unies, les pays en d\u00e9veloppement sans littoral (PDSL), se r\u00e9unissent du 5 au 8 ao\u00fbt 2025 \u00e0 Awaza en Turkm\u00e9nistan, pour leur 3e conf\u00e9rence plac\u00e9e sous le th\u00e8me <em>\u00ab Progresser gr\u00e2ce aux partenariats \u00bb.\u00a0<\/em><\/strong><!--more--><\/p>\n<p>Cette conf\u00e9rence offre l\u2019occasion aux pays du monde qui n&rsquo;ont pas un acc\u00e8s direct \u00e0 la mer, d\u2019explorer des solutions et de forger des partenariats, en vue de lib\u00e9rer leur plein potentiel pour un avenir plus \u00e9quitable et plus prosp\u00e8re.<\/p>\n<p>Partant du constat que les \u00e9conomies de ces pays restent souvent marginalis\u00e9es faute d&rsquo;acc\u00e8s \u00e0 la mer, la conf\u00e9rence d&rsquo;Awaza est donc le lieu pour repenser le syst\u00e8me \u00e9conomique mondial, en vue de soutenir les PDSL, qui malgr\u00e9 les d\u00e9fis, comptent des communaut\u00e9s dynamiques au potentiel inexploit\u00e9.<\/p>\n<p><em><strong>\u00ab La g\u00e9ographie ne devrait pas d\u00e9finir la destin\u00e9e d&rsquo;un pays \u00bb<\/strong><\/em> a lanc\u00e9 le Secr\u00e9taire g\u00e9n\u00e9ral de l&rsquo;ONU \u00e0 l&rsquo;ouverture de la rencontre, avant de faire remarquer que les PDSL repr\u00e9sentent 7% de la population mondiale, mais seulement un peu plus de 1% de l\u2019\u00e9conomie mondiale.\u00a0<\/p>\n<p>Le Secr\u00e9taire g\u00e9n\u00e9ral de l&rsquo;ONU et les autres intervenants \u00e0 la tribune, ont toutefois estim\u00e9 que les in\u00e9galit\u00e9s que subissent les PDSL ne sont pas une fatalit\u00e9, mais plut\u00f4t le r\u00e9sultat d\u2019une architecture \u00e9conomique et financi\u00e8re mondiale injuste, qui est inadapt\u00e9e aux r\u00e9alit\u00e9s du monde actuel.<\/p>\n<p>En vue de relever les d\u00e9fis qui se pr\u00e9sentent aux pays qui n&rsquo;ont pas un acc\u00e8s direct \u00e0 la mer, cette conf\u00e9rence marquera le lancement d&rsquo;une nouvelle d\u00e9cennie d\u2019ambitions, par le biais du Programme d\u2019actions d\u2019Awaza, qui devrait permettre de lib\u00e9rer pleinement le potentiel de d\u00e9veloppement des PDSL.<\/p>\n<p>Pour y arriver, quatre priorit\u00e9s ont \u00e9t\u00e9 identifi\u00e9es pour ces pays, \u00e0 savoir le renforcement du commerce, du transit et de la connectivit\u00e9 r\u00e9gionale, l&rsquo;acc\u00e9l\u00e9ration de la transformation structurelle et de la diversification \u00e9conomique, l&rsquo;appui \u00e0 l\u2019action climatique, et enfin la mobilisation des fonds et des partenariats.\u00a0<\/p>\n<p>Le Burkina Faso prend part \u00e0 cette conf\u00e9rence, \u00e0 travers une d\u00e9l\u00e9gation conduite par le ministre d&rsquo;Etat ministre, ministre de l&rsquo;Administration territoriale et de la Mobilit\u00e9, Emile Zerbo, accompagn\u00e9 du ministre en charge des Affaires \u00e9trang\u00e8res, Karamoko Jean Marie Traor\u00e9, et des experts.<\/p>\n<p>Le Burkina Faso et les autres pays de la Conf\u00e9d\u00e9ration des Etats du Sahel, prononceront des d\u00e9clarations lors du d\u00e9bat g\u00e9n\u00e9ral, et prendront part aux tables rondes et \u00e0 d&rsquo;autres \u00e9v\u00e9nements parall\u00e8les, en vue de partager leurs positions et leurs visions pour un meilleur devenir des PDSL.<\/p>\n<blockquote>\n<p>Lire aussi &gt;&gt; <a href=\"https:\/\/www.latribunedufaso.net\/?p=14188\">112e conf\u00e9rence internationale du Travail : Les pays de l\u2019AES partagent leurs exp\u00e9riences<\/a><\/p>\n<\/blockquote>\n<p>En rappel, le groupe des pays en d\u00e9veloppement sans littoral (PDSL) comprend 32 Nations , dont 15 sont situ\u00e9es en Afrique.\u00a0<\/p>\n<p>La conf\u00e9rence sur les PDSL est organis\u00e9e tous les dix ans par les Nations Unies.<\/p>\n<p><strong>Latribunedufaso.net<\/strong><\/p>\n<p><strong>Source : DCRP\/MAECR-BE<\/strong><\/p>\n","protected":false},"excerpt":{"rendered":"<p>A l&rsquo;initiative de l&rsquo;Organisation des Nations Unies, les pays en d\u00e9veloppement sans littoral (PDSL), se r\u00e9unissent du 5 au 8 ao\u00fbt 2025 \u00e0 Awaza en Turkm\u00e9nistan, pour leur 3e conf\u00e9rence plac\u00e9e sous le th\u00e8me \u00ab Progresser gr\u00e2ce aux partenariats \u00bb.\u00a0<\/p>\n","protected":false},"author":5,"featured_media":22460,"comment_status":"open","ping_status":"open","sticky":false,"template":"","format":"standard","meta":{"footnotes":""},"categories":[13,1,10],"tags":[39,1256,1436],"class_list":["post-22458","post","type-post","status-publish","format-standard","has-post-thumbnail","hentry","category-une","category-actu","category-eco","tag-latribunedufaso-net","tag-onu","tag-pays-en-developpement-sans-littoral-pdsl"],"yoast_head":"<!-- This site is optimized with the Yoast SEO plugin v27.5 - https:\/\/yoast.com\/product\/yoast-seo-wordpress\/ -->\n<title>Pays en d\u00e9veloppement sans littoral: Forger des partenariats pour un avenir plus \u00e9quitable et plus prosp\u00e8re - La Tribune du Faso<\/title>\n<meta name=\"robots\" content=\"index, follow, max-snippet:-1, max-image-preview:large, max-video-preview:-1\" \/>\n<link rel=\"canonical\" href=\"https:\/\/www.latribunedufaso.net\/?p=22458\" \/>\n<meta property=\"og:locale\" content=\"fr_FR\" \/>\n<meta property=\"og:type\" content=\"article\" \/>\n<meta property=\"og:title\" content=\"Pays en d\u00e9veloppement sans littoral: Forger des partenariats pour un avenir plus \u00e9quitable et plus prosp\u00e8re - La Tribune du Faso\" \/>\n<meta property=\"og:description\" content=\"A l&rsquo;initiative de l&rsquo;Organisation des Nations Unies, les pays en d\u00e9veloppement sans littoral (PDSL), se r\u00e9unissent du 5 au 8 ao\u00fbt 2025 \u00e0 Awaza en Turkm\u00e9nistan, pour leur 3e conf\u00e9rence plac\u00e9e sous le th\u00e8me \u00ab Progresser gr\u00e2ce aux partenariats \u00bb.\u00a0\" \/>\n<meta property=\"og:url\" content=\"https:\/\/www.latribunedufaso.net\/?p=22458\" \/>\n<meta property=\"og:site_name\" content=\"La Tribune du Faso\" \/>\n<meta property=\"article:publisher\" content=\"https:\/\/www.facebook.com\/LatribuneduFaso\/\" \/>\n<meta property=\"article:published_time\" content=\"2025-08-05T17:14:29+00:00\" \/>\n<meta property=\"og:image\" content=\"https:\/\/www.latribunedufaso.net\/wp-content\/uploads\/2025\/08\/FB_IMG_1754409091389.jpg\" \/>\n\t<meta property=\"og:image:width\" content=\"1836\" \/>\n\t<meta property=\"og:image:height\" content=\"1053\" \/>\n\t<meta property=\"og:image:type\" content=\"image\/jpeg\" \/>\n<meta name=\"author\" content=\"Issouf Tapsoba\" \/>\n<meta name=\"twitter:label1\" content=\"\u00c9crit par\" \/>\n\t<meta name=\"twitter:data1\" content=\"Issouf Tapsoba\" \/>\n\t<meta name=\"twitter:label2\" content=\"Dur\u00e9e de lecture estim\u00e9e\" \/>\n\t<meta name=\"twitter:data2\" content=\"3 minutes\" \/>\n<script type=\"application\/ld+json\" class=\"yoast-schema-graph\">{\"@context\":\"https:\\\/\\\/schema.org\",\"@graph\":[{\"@type\":\"Article\",\"@id\":\"https:\\\/\\\/www.latribunedufaso.net\\\/?p=22458#article\",\"isPartOf\":{\"@id\":\"https:\\\/\\\/www.latribunedufaso.net\\\/?p=22458\"},\"author\":{\"name\":\"Issouf Tapsoba\",\"@id\":\"https:\\\/\\\/www.latribunedufaso.net\\\/#\\\/schema\\\/person\\\/e54e64c5778a7e72cf80a318b7a622b0\"},\"headline\":\"Pays en d\u00e9veloppement sans littoral: Forger des partenariats pour un avenir plus \u00e9quitable et plus prosp\u00e8re\",\"datePublished\":\"2025-08-05T17:14:29+00:00\",\"mainEntityOfPage\":{\"@id\":\"https:\\\/\\\/www.latribunedufaso.net\\\/?p=22458\"},\"wordCount\":548,\"commentCount\":0,\"publisher\":{\"@id\":\"https:\\\/\\\/www.latribunedufaso.net\\\/#organization\"},\"image\":{\"@id\":\"https:\\\/\\\/www.latribunedufaso.net\\\/?p=22458#primaryimage\"},\"thumbnailUrl\":\"https:\\\/\\\/www.latribunedufaso.net\\\/wp-content\\\/uploads\\\/2025\\\/08\\\/FB_IMG_1754409091389.jpg\",\"keywords\":[\"latribunedufaso.net\",\"ONU\",\"Pays en d\u00e9veloppement sans littoral (PDSL)\"],\"articleSection\":[\"A la une\",\"Actualit\u00e9\",\"Economie\"],\"inLanguage\":\"fr-FR\",\"potentialAction\":[{\"@type\":\"CommentAction\",\"name\":\"Comment\",\"target\":[\"https:\\\/\\\/www.latribunedufaso.net\\\/?p=22458#respond\"]}]},{\"@type\":\"WebPage\",\"@id\":\"https:\\\/\\\/www.latribunedufaso.net\\\/?p=22458\",\"url\":\"https:\\\/\\\/www.latribunedufaso.net\\\/?p=22458\",\"name\":\"Pays en d\u00e9veloppement sans littoral: Forger des partenariats pour un avenir plus \u00e9quitable et plus prosp\u00e8re - La Tribune du Faso\",\"isPartOf\":{\"@id\":\"https:\\\/\\\/www.latribunedufaso.net\\\/#website\"},\"primaryImageOfPage\":{\"@id\":\"https:\\\/\\\/www.latribunedufaso.net\\\/?p=22458#primaryimage\"},\"image\":{\"@id\":\"https:\\\/\\\/www.latribunedufaso.net\\\/?p=22458#primaryimage\"},\"thumbnailUrl\":\"https:\\\/\\\/www.latribunedufaso.net\\\/wp-content\\\/uploads\\\/2025\\\/08\\\/FB_IMG_1754409091389.jpg\",\"datePublished\":\"2025-08-05T17:14:29+00:00\",\"breadcrumb\":{\"@id\":\"https:\\\/\\\/www.latribunedufaso.net\\\/?p=22458#breadcrumb\"},\"inLanguage\":\"fr-FR\",\"potentialAction\":[{\"@type\":\"ReadAction\",\"target\":[\"https:\\\/\\\/www.latribunedufaso.net\\\/?p=22458\"]}]},{\"@type\":\"ImageObject\",\"inLanguage\":\"fr-FR\",\"@id\":\"https:\\\/\\\/www.latribunedufaso.net\\\/?p=22458#primaryimage\",\"url\":\"https:\\\/\\\/www.latribunedufaso.net\\\/wp-content\\\/uploads\\\/2025\\\/08\\\/FB_IMG_1754409091389.jpg\",\"contentUrl\":\"https:\\\/\\\/www.latribunedufaso.net\\\/wp-content\\\/uploads\\\/2025\\\/08\\\/FB_IMG_1754409091389.jpg\",\"width\":1836,\"height\":1053,\"caption\":\"Repr\u00e9sent\u00e9 par les ministres de l'Administration territoriale et des Affaires \u00e9trang\u00e8res, le Burkina Faso participe \u00e0 la conf\u00e9rence des Pays en d\u00e9veloppement sans littoral (PDSL), 5 au 8 ao\u00fbt 2025 \u00e0 Awaza en Turkm\u00e9nistan\"},{\"@type\":\"BreadcrumbList\",\"@id\":\"https:\\\/\\\/www.latribunedufaso.net\\\/?p=22458#breadcrumb\",\"itemListElement\":[{\"@type\":\"ListItem\",\"position\":1,\"name\":\"Accueil\",\"item\":\"https:\\\/\\\/www.latribunedufaso.net\\\/\"},{\"@type\":\"ListItem\",\"position\":2,\"name\":\"Pays en d\u00e9veloppement sans littoral: Forger des partenariats pour un avenir plus \u00e9quitable et plus prosp\u00e8re\"}]},{\"@type\":\"WebSite\",\"@id\":\"https:\\\/\\\/www.latribunedufaso.net\\\/#website\",\"url\":\"https:\\\/\\\/www.latribunedufaso.net\\\/\",\"name\":\"La Tribune du Faso\",\"description\":\"L&#039;information du monde rural en un clic\",\"publisher\":{\"@id\":\"https:\\\/\\\/www.latribunedufaso.net\\\/#organization\"},\"potentialAction\":[{\"@type\":\"SearchAction\",\"target\":{\"@type\":\"EntryPoint\",\"urlTemplate\":\"https:\\\/\\\/www.latribunedufaso.net\\\/?s={search_term_string}\"},\"query-input\":{\"@type\":\"PropertyValueSpecification\",\"valueRequired\":true,\"valueName\":\"search_term_string\"}}],\"inLanguage\":\"fr-FR\"},{\"@type\":\"Organization\",\"@id\":\"https:\\\/\\\/www.latribunedufaso.net\\\/#organization\",\"name\":\"La Tribune du Faso\",\"url\":\"https:\\\/\\\/www.latribunedufaso.net\\\/\",\"logo\":{\"@type\":\"ImageObject\",\"inLanguage\":\"fr-FR\",\"@id\":\"https:\\\/\\\/www.latribunedufaso.net\\\/#\\\/schema\\\/logo\\\/image\\\/\",\"url\":\"https:\\\/\\\/www.latribunedufaso.net\\\/wp-content\\\/uploads\\\/2020\\\/08\\\/Logo-Tribune-du-Faso-final-scaled.jpg\",\"contentUrl\":\"https:\\\/\\\/www.latribunedufaso.net\\\/wp-content\\\/uploads\\\/2020\\\/08\\\/Logo-Tribune-du-Faso-final-scaled.jpg\",\"width\":2560,\"height\":1856,\"caption\":\"La Tribune du Faso\"},\"image\":{\"@id\":\"https:\\\/\\\/www.latribunedufaso.net\\\/#\\\/schema\\\/logo\\\/image\\\/\"},\"sameAs\":[\"https:\\\/\\\/www.facebook.com\\\/LatribuneduFaso\\\/\"]},{\"@type\":\"Person\",\"@id\":\"https:\\\/\\\/www.latribunedufaso.net\\\/#\\\/schema\\\/person\\\/e54e64c5778a7e72cf80a318b7a622b0\",\"name\":\"Issouf Tapsoba\",\"image\":{\"@type\":\"ImageObject\",\"inLanguage\":\"fr-FR\",\"@id\":\"https:\\\/\\\/secure.gravatar.com\\\/avatar\\\/5e6c05150ce3230247d167f5b94d678eb05936197436d69b7921e3a95c9107ac?s=96&d=mm&r=g\",\"url\":\"https:\\\/\\\/secure.gravatar.com\\\/avatar\\\/5e6c05150ce3230247d167f5b94d678eb05936197436d69b7921e3a95c9107ac?s=96&d=mm&r=g\",\"contentUrl\":\"https:\\\/\\\/secure.gravatar.com\\\/avatar\\\/5e6c05150ce3230247d167f5b94d678eb05936197436d69b7921e3a95c9107ac?s=96&d=mm&r=g\",\"caption\":\"Issouf Tapsoba\"},\"url\":\"https:\\\/\\\/www.latribunedufaso.net\\\/?author=5\"}]}<\/script>\n<!-- \/ Yoast SEO plugin. -->","yoast_head_json":{"title":"Pays en d\u00e9veloppement sans littoral: Forger des partenariats pour un avenir plus \u00e9quitable et plus prosp\u00e8re - La Tribune du Faso","robots":{"index":"index","follow":"follow","max-snippet":"max-snippet:-1","max-image-preview":"max-image-preview:large","max-video-preview":"max-video-preview:-1"},"canonical":"https:\/\/www.latribunedufaso.net\/?p=22458","og_locale":"fr_FR","og_type":"article","og_title":"Pays en d\u00e9veloppement sans littoral: Forger des partenariats pour un avenir plus \u00e9quitable et plus prosp\u00e8re - La Tribune du Faso","og_description":"A l&rsquo;initiative de l&rsquo;Organisation des Nations Unies, les pays en d\u00e9veloppement sans littoral (PDSL), se r\u00e9unissent du 5 au 8 ao\u00fbt 2025 \u00e0 Awaza en Turkm\u00e9nistan, pour leur 3e conf\u00e9rence plac\u00e9e sous le th\u00e8me \u00ab Progresser gr\u00e2ce aux partenariats \u00bb.\u00a0","og_url":"https:\/\/www.latribunedufaso.net\/?p=22458","og_site_name":"La Tribune du Faso","article_publisher":"https:\/\/www.facebook.com\/LatribuneduFaso\/","article_published_time":"2025-08-05T17:14:29+00:00","og_image":[{"width":1836,"height":1053,"url":"https:\/\/www.latribunedufaso.net\/wp-content\/uploads\/2025\/08\/FB_IMG_1754409091389.jpg","type":"image\/jpeg"}],"author":"Issouf Tapsoba","twitter_misc":{"\u00c9crit par":"Issouf Tapsoba","Dur\u00e9e de lecture estim\u00e9e":"3 minutes"},"schema":{"@context":"https:\/\/schema.org","@graph":[{"@type":"Article","@id":"https:\/\/www.latribunedufaso.net\/?p=22458#article","isPartOf":{"@id":"https:\/\/www.latribunedufaso.net\/?p=22458"},"author":{"name":"Issouf Tapsoba","@id":"https:\/\/www.latribunedufaso.net\/#\/schema\/person\/e54e64c5778a7e72cf80a318b7a622b0"},"headline":"Pays en d\u00e9veloppement sans littoral: Forger des partenariats pour un avenir plus \u00e9quitable et plus prosp\u00e8re","datePublished":"2025-08-05T17:14:29+00:00","mainEntityOfPage":{"@id":"https:\/\/www.latribunedufaso.net\/?p=22458"},"wordCount":548,"commentCount":0,"publisher":{"@id":"https:\/\/www.latribunedufaso.net\/#organization"},"image":{"@id":"https:\/\/www.latribunedufaso.net\/?p=22458#primaryimage"},"thumbnailUrl":"https:\/\/www.latribunedufaso.net\/wp-content\/uploads\/2025\/08\/FB_IMG_1754409091389.jpg","keywords":["latribunedufaso.net","ONU","Pays en d\u00e9veloppement sans littoral (PDSL)"],"articleSection":["A la une","Actualit\u00e9","Economie"],"inLanguage":"fr-FR","potentialAction":[{"@type":"CommentAction","name":"Comment","target":["https:\/\/www.latribunedufaso.net\/?p=22458#respond"]}]},{"@type":"WebPage","@id":"https:\/\/www.latribunedufaso.net\/?p=22458","url":"https:\/\/www.latribunedufaso.net\/?p=22458","name":"Pays en d\u00e9veloppement sans littoral: Forger des partenariats pour un avenir plus \u00e9quitable et plus prosp\u00e8re - La Tribune du Faso","isPartOf":{"@id":"https:\/\/www.latribunedufaso.net\/#website"},"primaryImageOfPage":{"@id":"https:\/\/www.latribunedufaso.net\/?p=22458#primaryimage"},"image":{"@id":"https:\/\/www.latribunedufaso.net\/?p=22458#primaryimage"},"thumbnailUrl":"https:\/\/www.latribunedufaso.net\/wp-content\/uploads\/2025\/08\/FB_IMG_1754409091389.jpg","datePublished":"2025-08-05T17:14:29+00:00","breadcrumb":{"@id":"https:\/\/www.latribunedufaso.net\/?p=22458#breadcrumb"},"inLanguage":"fr-FR","potentialAction":[{"@type":"ReadAction","target":["https:\/\/www.latribunedufaso.net\/?p=22458"]}]},{"@type":"ImageObject","inLanguage":"fr-FR","@id":"https:\/\/www.latribunedufaso.net\/?p=22458#primaryimage","url":"https:\/\/www.latribunedufaso.net\/wp-content\/uploads\/2025\/08\/FB_IMG_1754409091389.jpg","contentUrl":"https:\/\/www.latribunedufaso.net\/wp-content\/uploads\/2025\/08\/FB_IMG_1754409091389.jpg","width":1836,"height":1053,"caption":"Repr\u00e9sent\u00e9 par les ministres de l'Administration territoriale et des Affaires \u00e9trang\u00e8res, le Burkina Faso participe \u00e0 la conf\u00e9rence des Pays en d\u00e9veloppement sans littoral (PDSL), 5 au 8 ao\u00fbt 2025 \u00e0 Awaza en Turkm\u00e9nistan"},{"@type":"BreadcrumbList","@id":"https:\/\/www.latribunedufaso.net\/?p=22458#breadcrumb","itemListElement":[{"@type":"ListItem","position":1,"name":"Accueil","item":"https:\/\/www.latribunedufaso.net\/"},{"@type":"ListItem","position":2,"name":"Pays en d\u00e9veloppement sans littoral: Forger des partenariats pour un avenir plus \u00e9quitable et plus prosp\u00e8re"}]},{"@type":"WebSite","@id":"https:\/\/www.latribunedufaso.net\/#website","url":"https:\/\/www.latribunedufaso.net\/","name":"La Tribune du Faso","description":"L&#039;information du monde rural en un clic","publisher":{"@id":"https:\/\/www.latribunedufaso.net\/#organization"},"potentialAction":[{"@type":"SearchAction","target":{"@type":"EntryPoint","urlTemplate":"https:\/\/www.latribunedufaso.net\/?s={search_term_string}"},"query-input":{"@type":"PropertyValueSpecification","valueRequired":true,"valueName":"search_term_string"}}],"inLanguage":"fr-FR"},{"@type":"Organization","@id":"https:\/\/www.latribunedufaso.net\/#organization","name":"La Tribune du Faso","url":"https:\/\/www.latribunedufaso.net\/","logo":{"@type":"ImageObject","inLanguage":"fr-FR","@id":"https:\/\/www.latribunedufaso.net\/#\/schema\/logo\/image\/","url":"https:\/\/www.latribunedufaso.net\/wp-content\/uploads\/2020\/08\/Logo-Tribune-du-Faso-final-scaled.jpg","contentUrl":"https:\/\/www.latribunedufaso.net\/wp-content\/uploads\/2020\/08\/Logo-Tribune-du-Faso-final-scaled.jpg","width":2560,"height":1856,"caption":"La Tribune du Faso"},"image":{"@id":"https:\/\/www.latribunedufaso.net\/#\/schema\/logo\/image\/"},"sameAs":["https:\/\/www.facebook.com\/LatribuneduFaso\/"]},{"@type":"Person","@id":"https:\/\/www.latribunedufaso.net\/#\/schema\/person\/e54e64c5778a7e72cf80a318b7a622b0","name":"Issouf Tapsoba","image":{"@type":"ImageObject","inLanguage":"fr-FR","@id":"https:\/\/secure.gravatar.com\/avatar\/5e6c05150ce3230247d167f5b94d678eb05936197436d69b7921e3a95c9107ac?s=96&d=mm&r=g","url":"https:\/\/secure.gravatar.com\/avatar\/5e6c05150ce3230247d167f5b94d678eb05936197436d69b7921e3a95c9107ac?s=96&d=mm&r=g","contentUrl":"https:\/\/secure.gravatar.com\/avatar\/5e6c05150ce3230247d167f5b94d678eb05936197436d69b7921e3a95c9107ac?s=96&d=mm&r=g","caption":"Issouf Tapsoba"},"url":"https:\/\/www.latribunedufaso.net\/?author=5"}]}},"_links":{"self":[{"href":"https:\/\/www.latribunedufaso.net\/index.php?rest_route=\/wp\/v2\/posts\/22458","targetHints":{"allow":["GET"]}}],"collection":[{"href":"https:\/\/www.latribunedufaso.net\/index.php?rest_route=\/wp\/v2\/posts"}],"about":[{"href":"https:\/\/www.latribunedufaso.net\/index.php?rest_route=\/wp\/v2\/types\/post"}],"author":[{"embeddable":true,"href":"https:\/\/www.latribunedufaso.net\/index.php?rest_route=\/wp\/v2\/users\/5"}],"replies":[{"embeddable":true,"href":"https:\/\/www.latribunedufaso.net\/index.php?rest_route=%2Fwp%2Fv2%2Fcomments&post=22458"}],"version-history":[{"count":1,"href":"https:\/\/www.latribunedufaso.net\/index.php?rest_route=\/wp\/v2\/posts\/22458\/revisions"}],"predecessor-version":[{"id":22462,"href":"https:\/\/www.latribunedufaso.net\/index.php?rest_route=\/wp\/v2\/posts\/22458\/revisions\/22462"}],"wp:featuredmedia":[{"embeddable":true,"href":"https:\/\/www.latribunedufaso.net\/index.php?rest_route=\/wp\/v2\/media\/22460"}],"wp:attachment":[{"href":"https:\/\/www.latribunedufaso.net\/index.php?rest_route=%2Fwp%2Fv2%2Fmedia&parent=22458"}],"wp:term":[{"taxonomy":"category","embeddable":true,"href":"https:\/\/www.latribunedufaso.net\/index.php?rest_route=%2Fwp%2Fv2%2Fcategories&post=22458"},{"taxonomy":"post_tag","embeddable":true,"href":"https:\/\/www.latribunedufaso.net\/index.php?rest_route=%2Fwp%2Fv2%2Ftags&post=22458"}],"curies":[{"name":"wp","href":"https:\/\/api.w.org\/{rel}","templated":true}]}}