{"id":22437,"date":"2025-08-05T14:06:02","date_gmt":"2025-08-05T14:06:02","guid":{"rendered":"https:\/\/www.latribunedufaso.net\/?p=22437"},"modified":"2025-09-17T17:32:09","modified_gmt":"2025-09-17T17:32:09","slug":"football-le-stade-du-4-aout-officiellement-reouvert","status":"publish","type":"post","link":"https:\/\/www.latribunedufaso.net\/?p=22437","title":{"rendered":"Football: Le stade du 4-Ao\u00fbt officiellement r\u00e9ouvert"},"content":{"rendered":"<p><strong>Le Pr\u00e9sident du Faso, Chef de l\u2019\u00c9tat, le Capitaine Ibrahim TRAOR\u00c9 a pr\u00e9sid\u00e9, le 04 ao\u00fbt 2025 \u00e0 Ouagadougou, la c\u00e9r\u00e9monie officielle de r\u00e9ouverture du stade du 4-Ao\u00fbt r\u00e9nov\u00e9.<\/strong><!--more--><\/p>\n<p>Engag\u00e9s depuis plus de quatre ans, les travaux de r\u00e9novation ont connu une acc\u00e9l\u00e9ration sous le leadership du Capitaine Ibrahim TRAOR\u00c9, Pr\u00e9sident du Faso, Chef de l&rsquo;\u00c9tat. Selon le ministre des Sports, de la Jeunesse et de l\u2019Emploi, Roland SOMDA, c\u2019est gr\u00e2ce \u00e0 la vision \u00e9clair\u00e9e et aux instructions fermes du Chef de l\u2019\u00c9tat que la r\u00e9novation de ce \u00ab<em><strong> joyau embl\u00e9matique de notre sport national \u00bb<\/strong> <\/em>a pris un tournant d\u00e9cisif.<\/p>\n<figure id=\"attachment_22438\" aria-describedby=\"caption-attachment-22438\" style=\"width: 1600px\" class=\"wp-caption aligncenter\"><a href=\"https:\/\/www.latribunedufaso.net\/wp-content\/uploads\/2025\/08\/IMG-20250805-WA0061.jpg\"><img loading=\"lazy\" decoding=\"async\" class=\"size-full wp-image-22438\" src=\"https:\/\/www.latribunedufaso.net\/wp-content\/uploads\/2025\/08\/IMG-20250805-WA0061.jpg\" alt=\"C\u00e9r\u00e9monie de r\u00e9ouverture du stade du 4-ao\u00fbt, 4 ao\u00fbt 2025\" width=\"1600\" height=\"1412\" srcset=\"https:\/\/www.latribunedufaso.net\/wp-content\/uploads\/2025\/08\/IMG-20250805-WA0061.jpg 1600w, https:\/\/www.latribunedufaso.net\/wp-content\/uploads\/2025\/08\/IMG-20250805-WA0061-300x265.jpg 300w, https:\/\/www.latribunedufaso.net\/wp-content\/uploads\/2025\/08\/IMG-20250805-WA0061-1024x904.jpg 1024w, https:\/\/www.latribunedufaso.net\/wp-content\/uploads\/2025\/08\/IMG-20250805-WA0061-768x678.jpg 768w, https:\/\/www.latribunedufaso.net\/wp-content\/uploads\/2025\/08\/IMG-20250805-WA0061-1536x1356.jpg 1536w\" sizes=\"auto, (max-width: 1600px) 100vw, 1600px\" \/><\/a><figcaption id=\"caption-attachment-22438\" class=\"wp-caption-text\">Le Pr\u00e9sident du Faso, le Capitaine Ibrahim TRAOR\u00c9 a pr\u00e9sid\u00e9 la c\u00e9r\u00e9monie de r\u00e9ouverture du Stade du 4-Ao\u00fbt &#8211; Ph. DR<\/figcaption><\/figure>\n<p>Les travaux ont concern\u00e9 la pelouse, les tribunes, les vestiaires, l\u2019\u00e9clairage et la sonorisation. Selon le ministre charg\u00e9 des Sports, le stade du 4-Ao\u00fbt r\u00e9nov\u00e9, r\u00e9pond d\u00e9sormais aux normes internationales. Et cette r\u00e9novation du stade, s\u2019inscrit dans la volont\u00e9 des plus hautes autorit\u00e9s de <em><strong>\u00ab redonner ses lettres de noblesse au secteur sportif de notre pays \u00bb.<\/strong><\/em><\/p>\n<figure id=\"attachment_22440\" aria-describedby=\"caption-attachment-22440\" style=\"width: 1600px\" class=\"wp-caption aligncenter\"><a href=\"https:\/\/www.latribunedufaso.net\/wp-content\/uploads\/2025\/08\/IMG-20250805-WA0064.jpg\"><img loading=\"lazy\" decoding=\"async\" class=\"size-full wp-image-22440\" src=\"https:\/\/www.latribunedufaso.net\/wp-content\/uploads\/2025\/08\/IMG-20250805-WA0064.jpg\" alt=\"R\u00c9OUVERTURE DU STADE DU 4-AO\u00dbT R\u00c9NOV\u00c9 : &quot; Au nom de Son Excellence le Capitaine Ibrahim TRAOR\u00c9, Pr\u00e9sident du Faso, Chef de l'\u00c9tat, premier supporteur des \u00c9talons toutes disciplines confondues...&quot; \n\n(Ouagadougou, 4 ao\u00fbt 2025). Le Pr\u00e9sident du Faso, Chef de l\u2019\u00c9tat, le Capitaine Ibrahim TRAOR\u00c9 a pr\u00e9sid\u00e9, ce lundi 04 ao\u00fbt, la c\u00e9r\u00e9monie officielle de r\u00e9ouverture du stade du 4-Ao\u00fbt r\u00e9nov\u00e9.\nEngag\u00e9s depuis plus de quatre ans, les travaux de r\u00e9novation ont connu une acc\u00e9l\u00e9ration sous le leadership du Capitaine Ibrahim TRAOR\u00c9, Pr\u00e9sident du Faso, Chef de l'\u00c9tat. Selon le ministre des Sports, de la Jeunesse et de l\u2019Emploi, Roland SOMDA, c\u2019est gr\u00e2ce \u00e0 la vision \u00e9clair\u00e9e et aux instructions fermes du Chef de l\u2019\u00c9tat que la r\u00e9novation de ce \u00ab joyau embl\u00e9matique de notre sport national \u00bb a pris un tournant d\u00e9cisif.\nLes travaux ont concern\u00e9 la pelouse, les tribunes, les vestiaires, l\u2019\u00e9clairage et la sonorisation. Selon le ministre charg\u00e9 des Sports, le stade du 4-Ao\u00fbt r\u00e9nov\u00e9, r\u00e9pond d\u00e9sormais aux normes internationales. Et cette r\u00e9novation du stade, s\u2019inscrit dans la volont\u00e9 des plus hautes autorit\u00e9s de \u00ab redonner ses lettres de noblesse au secteur sportif de notre pays\u00bb.\nAu menu de cette c\u00e9r\u00e9monie marquant la renaissance \u00ab de notre patrimoine sportif national \u00bb, des sauts parachutistes, des prestations d\u2019artistes, la pr\u00e9sentation du nouveau maillot officiel des \u00c9talons. D\u00e9nomm\u00e9 \u00ab Victory Ditany\u00e8 \u00bb, c\u2019est un maillot inspir\u00e9 des couleurs du drapeau national et qui c\u00e9l\u00e8bre les 65 ans de l\u2019ind\u00e9pendance de notre pays \u00e0 travers les 65 \u00e9toiles estampill\u00e9es sur le dos et \u00e0 l\u2019avant.\nPour marquer d\u2019une pierre blanche la r\u00e9ouverture officielle de ce \u00ab symbole de notre unit\u00e9, de notre r\u00e9silience \u00bb, un match de gala a oppos\u00e9 une \u00e9quipe d\u2019anciens internationaux du football africain et une \u00e9quipe des Forces de d\u00e9fense et s\u00e9curit\u00e9. Ce spectacle s\u2019est sold\u00e9 par un score paritaire d\u2019un but partout.\nLe Stade du 4 Ao\u00fbt pr\u00e9sente maintenant un nouveau visage que le public sportif et l\u2019ensemble de la population burkinab\u00e8 sont appel\u00e9s \u00e0 pr\u00e9server. \u00ab Ce qui est construit par l\u2019effort commun doit \u00eatre pr\u00e9serv\u00e9 par la conscience collective \u00bb, soutient le ministre SOMDA, avant de d\u00e9clarer le stade du 04 ao\u00fbt r\u00e9ouvert \u00ab au nom de Son Excellence le Capitaine Ibrahim TRAOR\u00c9, Pr\u00e9sident du Faso, Chef de l'\u00c9tat, premier supporteur des \u00c9talons toutes disciplines confondues \u00bb.\n \nDirection de la communication de la Pr\u00e9sidence du Faso\" width=\"1600\" height=\"1085\" srcset=\"https:\/\/www.latribunedufaso.net\/wp-content\/uploads\/2025\/08\/IMG-20250805-WA0064.jpg 1600w, https:\/\/www.latribunedufaso.net\/wp-content\/uploads\/2025\/08\/IMG-20250805-WA0064-300x203.jpg 300w, https:\/\/www.latribunedufaso.net\/wp-content\/uploads\/2025\/08\/IMG-20250805-WA0064-1024x694.jpg 1024w, https:\/\/www.latribunedufaso.net\/wp-content\/uploads\/2025\/08\/IMG-20250805-WA0064-768x521.jpg 768w, https:\/\/www.latribunedufaso.net\/wp-content\/uploads\/2025\/08\/IMG-20250805-WA0064-1536x1042.jpg 1536w, https:\/\/www.latribunedufaso.net\/wp-content\/uploads\/2025\/08\/IMG-20250805-WA0064-120x80.jpg 120w\" sizes=\"auto, (max-width: 1600px) 100vw, 1600px\" \/><\/a><figcaption id=\"caption-attachment-22440\" class=\"wp-caption-text\">A cette occasion, les l\u00e9gendes du football africain ont jou\u00e9 un match amical contre une \u00e9quipe des Forces de d\u00e9fense et de s\u00e9curit\u00e9 nationales &#8211; Ph. DR<\/figcaption><\/figure>\n<p>Au menu de cette c\u00e9r\u00e9monie marquant la renaissance <em><strong>\u00ab de notre patrimoine sportif national \u00bb<\/strong><\/em>, des sauts parachutistes, des prestations d\u2019artistes, la pr\u00e9sentation du nouveau maillot officiel des \u00c9talons. D\u00e9nomm\u00e9 <em><strong>\u00ab Victory Ditany\u00e8 \u00bb,<\/strong><\/em> c\u2019est un maillot inspir\u00e9 des couleurs du drapeau national et qui c\u00e9l\u00e8bre les 65 ans de l\u2019ind\u00e9pendance de notre pays \u00e0 travers les 65 \u00e9toiles estampill\u00e9es sur le dos et \u00e0 l\u2019avant.<\/p>\n<figure id=\"attachment_22439\" aria-describedby=\"caption-attachment-22439\" style=\"width: 1600px\" class=\"wp-caption aligncenter\"><a href=\"https:\/\/www.latribunedufaso.net\/wp-content\/uploads\/2025\/08\/IMG-20250805-WA0063.jpg\"><img loading=\"lazy\" decoding=\"async\" class=\"size-full wp-image-22439\" src=\"https:\/\/www.latribunedufaso.net\/wp-content\/uploads\/2025\/08\/IMG-20250805-WA0063.jpg\" alt=\"R\u00c9OUVERTURE DU STADE DU 4-AO\u00dbT R\u00c9NOV\u00c9 : &quot; Au nom de Son Excellence le Capitaine Ibrahim TRAOR\u00c9, Pr\u00e9sident du Faso, Chef de l'\u00c9tat, premier supporteur des \u00c9talons toutes disciplines confondues...&quot; \n\n(Ouagadougou, 4 ao\u00fbt 2025). Le Pr\u00e9sident du Faso, Chef de l\u2019\u00c9tat, le Capitaine Ibrahim TRAOR\u00c9 a pr\u00e9sid\u00e9, ce lundi 04 ao\u00fbt, la c\u00e9r\u00e9monie officielle de r\u00e9ouverture du stade du 4-Ao\u00fbt r\u00e9nov\u00e9.\nEngag\u00e9s depuis plus de quatre ans, les travaux de r\u00e9novation ont connu une acc\u00e9l\u00e9ration sous le leadership du Capitaine Ibrahim TRAOR\u00c9, Pr\u00e9sident du Faso, Chef de l'\u00c9tat. Selon le ministre des Sports, de la Jeunesse et de l\u2019Emploi, Roland SOMDA, c\u2019est gr\u00e2ce \u00e0 la vision \u00e9clair\u00e9e et aux instructions fermes du Chef de l\u2019\u00c9tat que la r\u00e9novation de ce \u00ab joyau embl\u00e9matique de notre sport national \u00bb a pris un tournant d\u00e9cisif.\nLes travaux ont concern\u00e9 la pelouse, les tribunes, les vestiaires, l\u2019\u00e9clairage et la sonorisation. Selon le ministre charg\u00e9 des Sports, le stade du 4-Ao\u00fbt r\u00e9nov\u00e9, r\u00e9pond d\u00e9sormais aux normes internationales. Et cette r\u00e9novation du stade, s\u2019inscrit dans la volont\u00e9 des plus hautes autorit\u00e9s de \u00ab redonner ses lettres de noblesse au secteur sportif de notre pays\u00bb.\nAu menu de cette c\u00e9r\u00e9monie marquant la renaissance \u00ab de notre patrimoine sportif national \u00bb, des sauts parachutistes, des prestations d\u2019artistes, la pr\u00e9sentation du nouveau maillot officiel des \u00c9talons. D\u00e9nomm\u00e9 \u00ab Victory Ditany\u00e8 \u00bb, c\u2019est un maillot inspir\u00e9 des couleurs du drapeau national et qui c\u00e9l\u00e8bre les 65 ans de l\u2019ind\u00e9pendance de notre pays \u00e0 travers les 65 \u00e9toiles estampill\u00e9es sur le dos et \u00e0 l\u2019avant.\nPour marquer d\u2019une pierre blanche la r\u00e9ouverture officielle de ce \u00ab symbole de notre unit\u00e9, de notre r\u00e9silience \u00bb, un match de gala a oppos\u00e9 une \u00e9quipe d\u2019anciens internationaux du football africain et une \u00e9quipe des Forces de d\u00e9fense et s\u00e9curit\u00e9. Ce spectacle s\u2019est sold\u00e9 par un score paritaire d\u2019un but partout.\nLe Stade du 4 Ao\u00fbt pr\u00e9sente maintenant un nouveau visage que le public sportif et l\u2019ensemble de la population burkinab\u00e8 sont appel\u00e9s \u00e0 pr\u00e9server. \u00ab Ce qui est construit par l\u2019effort commun doit \u00eatre pr\u00e9serv\u00e9 par la conscience collective \u00bb, soutient le ministre SOMDA, avant de d\u00e9clarer le stade du 04 ao\u00fbt r\u00e9ouvert \u00ab au nom de Son Excellence le Capitaine Ibrahim TRAOR\u00c9, Pr\u00e9sident du Faso, Chef de l'\u00c9tat, premier supporteur des \u00c9talons toutes disciplines confondues \u00bb.\n \nDirection de la communication de la Pr\u00e9sidence du Faso\" width=\"1600\" height=\"1066\" srcset=\"https:\/\/www.latribunedufaso.net\/wp-content\/uploads\/2025\/08\/IMG-20250805-WA0063.jpg 1600w, https:\/\/www.latribunedufaso.net\/wp-content\/uploads\/2025\/08\/IMG-20250805-WA0063-300x200.jpg 300w, https:\/\/www.latribunedufaso.net\/wp-content\/uploads\/2025\/08\/IMG-20250805-WA0063-1024x682.jpg 1024w, https:\/\/www.latribunedufaso.net\/wp-content\/uploads\/2025\/08\/IMG-20250805-WA0063-768x512.jpg 768w, https:\/\/www.latribunedufaso.net\/wp-content\/uploads\/2025\/08\/IMG-20250805-WA0063-1536x1023.jpg 1536w, https:\/\/www.latribunedufaso.net\/wp-content\/uploads\/2025\/08\/IMG-20250805-WA0063-840x560.jpg 840w, https:\/\/www.latribunedufaso.net\/wp-content\/uploads\/2025\/08\/IMG-20250805-WA0063-120x80.jpg 120w, https:\/\/www.latribunedufaso.net\/wp-content\/uploads\/2025\/08\/IMG-20250805-WA0063-360x240.jpg 360w, https:\/\/www.latribunedufaso.net\/wp-content\/uploads\/2025\/08\/IMG-20250805-WA0063-600x400.jpg 600w\" sizes=\"auto, (max-width: 1600px) 100vw, 1600px\" \/><\/a><figcaption id=\"caption-attachment-22439\" class=\"wp-caption-text\">Des sauts parachutistes ont rehauss\u00e9 l\u2019\u00e9clat de la c\u00e9r\u00e9monie &#8211; Ph. DR<\/figcaption><\/figure>\n<p>Pour marquer d\u2019une pierre blanche la r\u00e9ouverture officielle de ce \u00ab<em><strong> symbole de notre unit\u00e9, de notre r\u00e9silience \u00bb<\/strong><\/em>, un match de gala a oppos\u00e9 une \u00e9quipe d\u2019anciens internationaux du football africain et une \u00e9quipe des Forces de d\u00e9fense et s\u00e9curit\u00e9. Ce spectacle s\u2019est sold\u00e9 par un score paritaire d\u2019un but partout.<\/p>\n<blockquote>\n<p>Lire aussi &gt;&gt; <a href=\"https:\/\/www.latribunedufaso.net\/?p=22432\">R\u00e9ouverture stade du 4-Ao\u00fbt : Le Capitaine Ibrahim Traor\u00e9 accueille les anciennes gloires du football africain<\/a><\/p>\n<\/blockquote>\n<p>Le Stade du 4 Ao\u00fbt pr\u00e9sente maintenant un nouveau visage que le public sportif et l\u2019ensemble de la population burkinab\u00e8 sont appel\u00e9s \u00e0 pr\u00e9server. <em><strong>\u00ab Ce qui est construit par l\u2019effort commun doit \u00eatre pr\u00e9serv\u00e9 par la conscience collective \u00bb<\/strong><\/em>, soutient le ministre SOMDA, avant de d\u00e9clarer le stade du 04 ao\u00fbt r\u00e9ouvert <em><strong>\u00ab au nom de Son Excellence le Capitaine Ibrahim TRAOR\u00c9, Pr\u00e9sident du Faso, Chef de l&rsquo;\u00c9tat, premier supporteur des \u00c9talons toutes disciplines confondues \u00bb.<\/strong><\/em><\/p>\n<p><strong>Latribunedufaso.net<\/strong><\/p>\n<p><strong>Source : Direction de la communication de la Pr\u00e9sidence du Faso<\/strong><\/p>\n<p><iframe loading=\"lazy\" width=\"560\" height=\"315\" src=\"https:\/\/www.youtube.com\/embed\/ZTOUdeatX9E?si=-KtJxq1pN0r8Qmvk\" title=\"YouTube video player\" frameborder=\"0\" allow=\"accelerometer; autoplay; clipboard-write; encrypted-media; gyroscope; picture-in-picture; web-share\" referrerpolicy=\"strict-origin-when-cross-origin\" allowfullscreen><\/iframe><\/p>\n","protected":false},"excerpt":{"rendered":"<p>Le Pr\u00e9sident du Faso, Chef de l\u2019\u00c9tat, le Capitaine Ibrahim TRAOR\u00c9 a pr\u00e9sid\u00e9, le 04 ao\u00fbt 2025 \u00e0 Ouagadougou, la c\u00e9r\u00e9monie officielle de r\u00e9ouverture du stade du 4-Ao\u00fbt r\u00e9nov\u00e9.<\/p>\n","protected":false},"author":5,"featured_media":22441,"comment_status":"open","ping_status":"open","sticky":false,"template":"","format":"standard","meta":{"footnotes":""},"categories":[13,1,17],"tags":[139,39,1426,489],"class_list":["post-22437","post","type-post","status-publish","format-standard","has-post-thumbnail","hentry","category-une","category-actu","category-sport","tag-football","tag-latribunedufaso-net","tag-reouverture-du-stade-du-4-aout","tag-sport"],"yoast_head":"<!-- This site is optimized with the Yoast SEO plugin v27.4 - https:\/\/yoast.com\/product\/yoast-seo-wordpress\/ -->\n<title>Football: Le stade du 4-Ao\u00fbt officiellement r\u00e9ouvert - La Tribune du Faso<\/title>\n<meta name=\"robots\" content=\"index, follow, max-snippet:-1, max-image-preview:large, max-video-preview:-1\" \/>\n<link rel=\"canonical\" href=\"https:\/\/www.latribunedufaso.net\/?p=22437\" \/>\n<meta property=\"og:locale\" content=\"fr_FR\" \/>\n<meta property=\"og:type\" content=\"article\" \/>\n<meta property=\"og:title\" content=\"Football: Le stade du 4-Ao\u00fbt officiellement r\u00e9ouvert - La Tribune du Faso\" \/>\n<meta property=\"og:description\" content=\"Le Pr\u00e9sident du Faso, Chef de l\u2019\u00c9tat, le Capitaine Ibrahim TRAOR\u00c9 a pr\u00e9sid\u00e9, le 04 ao\u00fbt 2025 \u00e0 Ouagadougou, la c\u00e9r\u00e9monie officielle de r\u00e9ouverture du stade du 4-Ao\u00fbt r\u00e9nov\u00e9.\" \/>\n<meta property=\"og:url\" content=\"https:\/\/www.latribunedufaso.net\/?p=22437\" \/>\n<meta property=\"og:site_name\" content=\"La Tribune du Faso\" \/>\n<meta property=\"article:publisher\" content=\"https:\/\/www.facebook.com\/LatribuneduFaso\/\" \/>\n<meta property=\"article:published_time\" content=\"2025-08-05T14:06:02+00:00\" \/>\n<meta property=\"article:modified_time\" content=\"2025-09-17T17:32:09+00:00\" \/>\n<meta property=\"og:image\" content=\"https:\/\/www.latribunedufaso.net\/wp-content\/uploads\/2025\/08\/IMG_20250804_152731_734-scaled.jpg\" \/>\n\t<meta property=\"og:image:width\" content=\"2560\" \/>\n\t<meta property=\"og:image:height\" content=\"1920\" \/>\n\t<meta property=\"og:image:type\" content=\"image\/jpeg\" \/>\n<meta name=\"author\" content=\"Issouf Tapsoba\" \/>\n<meta name=\"twitter:label1\" content=\"\u00c9crit par\" \/>\n\t<meta name=\"twitter:data1\" content=\"Issouf Tapsoba\" \/>\n\t<meta name=\"twitter:label2\" content=\"Dur\u00e9e de lecture estim\u00e9e\" \/>\n\t<meta name=\"twitter:data2\" content=\"3 minutes\" \/>\n<script type=\"application\/ld+json\" class=\"yoast-schema-graph\">{\"@context\":\"https:\\\/\\\/schema.org\",\"@graph\":[{\"@type\":\"Article\",\"@id\":\"https:\\\/\\\/www.latribunedufaso.net\\\/?p=22437#article\",\"isPartOf\":{\"@id\":\"https:\\\/\\\/www.latribunedufaso.net\\\/?p=22437\"},\"author\":{\"name\":\"Issouf Tapsoba\",\"@id\":\"https:\\\/\\\/www.latribunedufaso.net\\\/#\\\/schema\\\/person\\\/e54e64c5778a7e72cf80a318b7a622b0\"},\"headline\":\"Football: Le stade du 4-Ao\u00fbt officiellement r\u00e9ouvert\",\"datePublished\":\"2025-08-05T14:06:02+00:00\",\"dateModified\":\"2025-09-17T17:32:09+00:00\",\"mainEntityOfPage\":{\"@id\":\"https:\\\/\\\/www.latribunedufaso.net\\\/?p=22437\"},\"wordCount\":527,\"commentCount\":0,\"publisher\":{\"@id\":\"https:\\\/\\\/www.latribunedufaso.net\\\/#organization\"},\"image\":{\"@id\":\"https:\\\/\\\/www.latribunedufaso.net\\\/?p=22437#primaryimage\"},\"thumbnailUrl\":\"https:\\\/\\\/www.latribunedufaso.net\\\/wp-content\\\/uploads\\\/2025\\\/08\\\/IMG_20250804_152731_734-scaled.jpg\",\"keywords\":[\"Football\",\"latribunedufaso.net\",\"R\u00e9ouverture du stade du 4-ao\u00fbt\",\"sport\"],\"articleSection\":[\"A la une\",\"Actualit\u00e9\",\"Sport\"],\"inLanguage\":\"fr-FR\",\"potentialAction\":[{\"@type\":\"CommentAction\",\"name\":\"Comment\",\"target\":[\"https:\\\/\\\/www.latribunedufaso.net\\\/?p=22437#respond\"]}]},{\"@type\":\"WebPage\",\"@id\":\"https:\\\/\\\/www.latribunedufaso.net\\\/?p=22437\",\"url\":\"https:\\\/\\\/www.latribunedufaso.net\\\/?p=22437\",\"name\":\"Football: Le stade du 4-Ao\u00fbt officiellement r\u00e9ouvert - La Tribune du Faso\",\"isPartOf\":{\"@id\":\"https:\\\/\\\/www.latribunedufaso.net\\\/#website\"},\"primaryImageOfPage\":{\"@id\":\"https:\\\/\\\/www.latribunedufaso.net\\\/?p=22437#primaryimage\"},\"image\":{\"@id\":\"https:\\\/\\\/www.latribunedufaso.net\\\/?p=22437#primaryimage\"},\"thumbnailUrl\":\"https:\\\/\\\/www.latribunedufaso.net\\\/wp-content\\\/uploads\\\/2025\\\/08\\\/IMG_20250804_152731_734-scaled.jpg\",\"datePublished\":\"2025-08-05T14:06:02+00:00\",\"dateModified\":\"2025-09-17T17:32:09+00:00\",\"breadcrumb\":{\"@id\":\"https:\\\/\\\/www.latribunedufaso.net\\\/?p=22437#breadcrumb\"},\"inLanguage\":\"fr-FR\",\"potentialAction\":[{\"@type\":\"ReadAction\",\"target\":[\"https:\\\/\\\/www.latribunedufaso.net\\\/?p=22437\"]}]},{\"@type\":\"ImageObject\",\"inLanguage\":\"fr-FR\",\"@id\":\"https:\\\/\\\/www.latribunedufaso.net\\\/?p=22437#primaryimage\",\"url\":\"https:\\\/\\\/www.latribunedufaso.net\\\/wp-content\\\/uploads\\\/2025\\\/08\\\/IMG_20250804_152731_734-scaled.jpg\",\"contentUrl\":\"https:\\\/\\\/www.latribunedufaso.net\\\/wp-content\\\/uploads\\\/2025\\\/08\\\/IMG_20250804_152731_734-scaled.jpg\",\"width\":2560,\"height\":1920,\"caption\":\"C\u00e9r\u00e9monie de r\u00e9ouverture du stade du 4-ao\u00fbt, 4 ao\u00fbt 2025\"},{\"@type\":\"BreadcrumbList\",\"@id\":\"https:\\\/\\\/www.latribunedufaso.net\\\/?p=22437#breadcrumb\",\"itemListElement\":[{\"@type\":\"ListItem\",\"position\":1,\"name\":\"Accueil\",\"item\":\"https:\\\/\\\/www.latribunedufaso.net\\\/\"},{\"@type\":\"ListItem\",\"position\":2,\"name\":\"Football: Le stade du 4-Ao\u00fbt officiellement r\u00e9ouvert\"}]},{\"@type\":\"WebSite\",\"@id\":\"https:\\\/\\\/www.latribunedufaso.net\\\/#website\",\"url\":\"https:\\\/\\\/www.latribunedufaso.net\\\/\",\"name\":\"La Tribune du Faso\",\"description\":\"L&#039;information du monde rural en un clic\",\"publisher\":{\"@id\":\"https:\\\/\\\/www.latribunedufaso.net\\\/#organization\"},\"potentialAction\":[{\"@type\":\"SearchAction\",\"target\":{\"@type\":\"EntryPoint\",\"urlTemplate\":\"https:\\\/\\\/www.latribunedufaso.net\\\/?s={search_term_string}\"},\"query-input\":{\"@type\":\"PropertyValueSpecification\",\"valueRequired\":true,\"valueName\":\"search_term_string\"}}],\"inLanguage\":\"fr-FR\"},{\"@type\":\"Organization\",\"@id\":\"https:\\\/\\\/www.latribunedufaso.net\\\/#organization\",\"name\":\"La Tribune du Faso\",\"url\":\"https:\\\/\\\/www.latribunedufaso.net\\\/\",\"logo\":{\"@type\":\"ImageObject\",\"inLanguage\":\"fr-FR\",\"@id\":\"https:\\\/\\\/www.latribunedufaso.net\\\/#\\\/schema\\\/logo\\\/image\\\/\",\"url\":\"https:\\\/\\\/www.latribunedufaso.net\\\/wp-content\\\/uploads\\\/2020\\\/08\\\/Logo-Tribune-du-Faso-final-scaled.jpg\",\"contentUrl\":\"https:\\\/\\\/www.latribunedufaso.net\\\/wp-content\\\/uploads\\\/2020\\\/08\\\/Logo-Tribune-du-Faso-final-scaled.jpg\",\"width\":2560,\"height\":1856,\"caption\":\"La Tribune du Faso\"},\"image\":{\"@id\":\"https:\\\/\\\/www.latribunedufaso.net\\\/#\\\/schema\\\/logo\\\/image\\\/\"},\"sameAs\":[\"https:\\\/\\\/www.facebook.com\\\/LatribuneduFaso\\\/\"]},{\"@type\":\"Person\",\"@id\":\"https:\\\/\\\/www.latribunedufaso.net\\\/#\\\/schema\\\/person\\\/e54e64c5778a7e72cf80a318b7a622b0\",\"name\":\"Issouf Tapsoba\",\"image\":{\"@type\":\"ImageObject\",\"inLanguage\":\"fr-FR\",\"@id\":\"https:\\\/\\\/secure.gravatar.com\\\/avatar\\\/5e6c05150ce3230247d167f5b94d678eb05936197436d69b7921e3a95c9107ac?s=96&d=mm&r=g\",\"url\":\"https:\\\/\\\/secure.gravatar.com\\\/avatar\\\/5e6c05150ce3230247d167f5b94d678eb05936197436d69b7921e3a95c9107ac?s=96&d=mm&r=g\",\"contentUrl\":\"https:\\\/\\\/secure.gravatar.com\\\/avatar\\\/5e6c05150ce3230247d167f5b94d678eb05936197436d69b7921e3a95c9107ac?s=96&d=mm&r=g\",\"caption\":\"Issouf Tapsoba\"},\"url\":\"https:\\\/\\\/www.latribunedufaso.net\\\/?author=5\"}]}<\/script>\n<!-- \/ Yoast SEO plugin. -->","yoast_head_json":{"title":"Football: Le stade du 4-Ao\u00fbt officiellement r\u00e9ouvert - La Tribune du Faso","robots":{"index":"index","follow":"follow","max-snippet":"max-snippet:-1","max-image-preview":"max-image-preview:large","max-video-preview":"max-video-preview:-1"},"canonical":"https:\/\/www.latribunedufaso.net\/?p=22437","og_locale":"fr_FR","og_type":"article","og_title":"Football: Le stade du 4-Ao\u00fbt officiellement r\u00e9ouvert - La Tribune du Faso","og_description":"Le Pr\u00e9sident du Faso, Chef de l\u2019\u00c9tat, le Capitaine Ibrahim TRAOR\u00c9 a pr\u00e9sid\u00e9, le 04 ao\u00fbt 2025 \u00e0 Ouagadougou, la c\u00e9r\u00e9monie officielle de r\u00e9ouverture du stade du 4-Ao\u00fbt r\u00e9nov\u00e9.","og_url":"https:\/\/www.latribunedufaso.net\/?p=22437","og_site_name":"La Tribune du Faso","article_publisher":"https:\/\/www.facebook.com\/LatribuneduFaso\/","article_published_time":"2025-08-05T14:06:02+00:00","article_modified_time":"2025-09-17T17:32:09+00:00","og_image":[{"width":2560,"height":1920,"url":"https:\/\/www.latribunedufaso.net\/wp-content\/uploads\/2025\/08\/IMG_20250804_152731_734-scaled.jpg","type":"image\/jpeg"}],"author":"Issouf Tapsoba","twitter_misc":{"\u00c9crit par":"Issouf Tapsoba","Dur\u00e9e de lecture estim\u00e9e":"3 minutes"},"schema":{"@context":"https:\/\/schema.org","@graph":[{"@type":"Article","@id":"https:\/\/www.latribunedufaso.net\/?p=22437#article","isPartOf":{"@id":"https:\/\/www.latribunedufaso.net\/?p=22437"},"author":{"name":"Issouf Tapsoba","@id":"https:\/\/www.latribunedufaso.net\/#\/schema\/person\/e54e64c5778a7e72cf80a318b7a622b0"},"headline":"Football: Le stade du 4-Ao\u00fbt officiellement r\u00e9ouvert","datePublished":"2025-08-05T14:06:02+00:00","dateModified":"2025-09-17T17:32:09+00:00","mainEntityOfPage":{"@id":"https:\/\/www.latribunedufaso.net\/?p=22437"},"wordCount":527,"commentCount":0,"publisher":{"@id":"https:\/\/www.latribunedufaso.net\/#organization"},"image":{"@id":"https:\/\/www.latribunedufaso.net\/?p=22437#primaryimage"},"thumbnailUrl":"https:\/\/www.latribunedufaso.net\/wp-content\/uploads\/2025\/08\/IMG_20250804_152731_734-scaled.jpg","keywords":["Football","latribunedufaso.net","R\u00e9ouverture du stade du 4-ao\u00fbt","sport"],"articleSection":["A la une","Actualit\u00e9","Sport"],"inLanguage":"fr-FR","potentialAction":[{"@type":"CommentAction","name":"Comment","target":["https:\/\/www.latribunedufaso.net\/?p=22437#respond"]}]},{"@type":"WebPage","@id":"https:\/\/www.latribunedufaso.net\/?p=22437","url":"https:\/\/www.latribunedufaso.net\/?p=22437","name":"Football: Le stade du 4-Ao\u00fbt officiellement r\u00e9ouvert - La Tribune du Faso","isPartOf":{"@id":"https:\/\/www.latribunedufaso.net\/#website"},"primaryImageOfPage":{"@id":"https:\/\/www.latribunedufaso.net\/?p=22437#primaryimage"},"image":{"@id":"https:\/\/www.latribunedufaso.net\/?p=22437#primaryimage"},"thumbnailUrl":"https:\/\/www.latribunedufaso.net\/wp-content\/uploads\/2025\/08\/IMG_20250804_152731_734-scaled.jpg","datePublished":"2025-08-05T14:06:02+00:00","dateModified":"2025-09-17T17:32:09+00:00","breadcrumb":{"@id":"https:\/\/www.latribunedufaso.net\/?p=22437#breadcrumb"},"inLanguage":"fr-FR","potentialAction":[{"@type":"ReadAction","target":["https:\/\/www.latribunedufaso.net\/?p=22437"]}]},{"@type":"ImageObject","inLanguage":"fr-FR","@id":"https:\/\/www.latribunedufaso.net\/?p=22437#primaryimage","url":"https:\/\/www.latribunedufaso.net\/wp-content\/uploads\/2025\/08\/IMG_20250804_152731_734-scaled.jpg","contentUrl":"https:\/\/www.latribunedufaso.net\/wp-content\/uploads\/2025\/08\/IMG_20250804_152731_734-scaled.jpg","width":2560,"height":1920,"caption":"C\u00e9r\u00e9monie de r\u00e9ouverture du stade du 4-ao\u00fbt, 4 ao\u00fbt 2025"},{"@type":"BreadcrumbList","@id":"https:\/\/www.latribunedufaso.net\/?p=22437#breadcrumb","itemListElement":[{"@type":"ListItem","position":1,"name":"Accueil","item":"https:\/\/www.latribunedufaso.net\/"},{"@type":"ListItem","position":2,"name":"Football: Le stade du 4-Ao\u00fbt officiellement r\u00e9ouvert"}]},{"@type":"WebSite","@id":"https:\/\/www.latribunedufaso.net\/#website","url":"https:\/\/www.latribunedufaso.net\/","name":"La Tribune du Faso","description":"L&#039;information du monde rural en un clic","publisher":{"@id":"https:\/\/www.latribunedufaso.net\/#organization"},"potentialAction":[{"@type":"SearchAction","target":{"@type":"EntryPoint","urlTemplate":"https:\/\/www.latribunedufaso.net\/?s={search_term_string}"},"query-input":{"@type":"PropertyValueSpecification","valueRequired":true,"valueName":"search_term_string"}}],"inLanguage":"fr-FR"},{"@type":"Organization","@id":"https:\/\/www.latribunedufaso.net\/#organization","name":"La Tribune du Faso","url":"https:\/\/www.latribunedufaso.net\/","logo":{"@type":"ImageObject","inLanguage":"fr-FR","@id":"https:\/\/www.latribunedufaso.net\/#\/schema\/logo\/image\/","url":"https:\/\/www.latribunedufaso.net\/wp-content\/uploads\/2020\/08\/Logo-Tribune-du-Faso-final-scaled.jpg","contentUrl":"https:\/\/www.latribunedufaso.net\/wp-content\/uploads\/2020\/08\/Logo-Tribune-du-Faso-final-scaled.jpg","width":2560,"height":1856,"caption":"La Tribune du Faso"},"image":{"@id":"https:\/\/www.latribunedufaso.net\/#\/schema\/logo\/image\/"},"sameAs":["https:\/\/www.facebook.com\/LatribuneduFaso\/"]},{"@type":"Person","@id":"https:\/\/www.latribunedufaso.net\/#\/schema\/person\/e54e64c5778a7e72cf80a318b7a622b0","name":"Issouf Tapsoba","image":{"@type":"ImageObject","inLanguage":"fr-FR","@id":"https:\/\/secure.gravatar.com\/avatar\/5e6c05150ce3230247d167f5b94d678eb05936197436d69b7921e3a95c9107ac?s=96&d=mm&r=g","url":"https:\/\/secure.gravatar.com\/avatar\/5e6c05150ce3230247d167f5b94d678eb05936197436d69b7921e3a95c9107ac?s=96&d=mm&r=g","contentUrl":"https:\/\/secure.gravatar.com\/avatar\/5e6c05150ce3230247d167f5b94d678eb05936197436d69b7921e3a95c9107ac?s=96&d=mm&r=g","caption":"Issouf Tapsoba"},"url":"https:\/\/www.latribunedufaso.net\/?author=5"}]}},"_links":{"self":[{"href":"https:\/\/www.latribunedufaso.net\/index.php?rest_route=\/wp\/v2\/posts\/22437","targetHints":{"allow":["GET"]}}],"collection":[{"href":"https:\/\/www.latribunedufaso.net\/index.php?rest_route=\/wp\/v2\/posts"}],"about":[{"href":"https:\/\/www.latribunedufaso.net\/index.php?rest_route=\/wp\/v2\/types\/post"}],"author":[{"embeddable":true,"href":"https:\/\/www.latribunedufaso.net\/index.php?rest_route=\/wp\/v2\/users\/5"}],"replies":[{"embeddable":true,"href":"https:\/\/www.latribunedufaso.net\/index.php?rest_route=%2Fwp%2Fv2%2Fcomments&post=22437"}],"version-history":[{"count":2,"href":"https:\/\/www.latribunedufaso.net\/index.php?rest_route=\/wp\/v2\/posts\/22437\/revisions"}],"predecessor-version":[{"id":23604,"href":"https:\/\/www.latribunedufaso.net\/index.php?rest_route=\/wp\/v2\/posts\/22437\/revisions\/23604"}],"wp:featuredmedia":[{"embeddable":true,"href":"https:\/\/www.latribunedufaso.net\/index.php?rest_route=\/wp\/v2\/media\/22441"}],"wp:attachment":[{"href":"https:\/\/www.latribunedufaso.net\/index.php?rest_route=%2Fwp%2Fv2%2Fmedia&parent=22437"}],"wp:term":[{"taxonomy":"category","embeddable":true,"href":"https:\/\/www.latribunedufaso.net\/index.php?rest_route=%2Fwp%2Fv2%2Fcategories&post=22437"},{"taxonomy":"post_tag","embeddable":true,"href":"https:\/\/www.latribunedufaso.net\/index.php?rest_route=%2Fwp%2Fv2%2Ftags&post=22437"}],"curies":[{"name":"wp","href":"https:\/\/api.w.org\/{rel}","templated":true}]}}